{"id":232000,"date":"2023-01-06T13:43:15","date_gmt":"2023-01-06T12:43:15","guid":{"rendered":"https:\/\/pre.efe.com\/?p=232000"},"modified":"2024-06-10T12:07:23","modified_gmt":"2024-06-10T10:07:23","slug":"wave-of-violence-sweeps-northern-mexico-after-el-chapos-son-arrested","status":"publish","type":"post","link":"https:\/\/pre.efe.com\/en\/latest-news\/2023-01-06\/wave-of-violence-sweeps-northern-mexico-after-el-chapos-son-arrested\/","title":{"rendered":"Wave of violence sweeps northern Mexico after El Chapo\u2019s son arrested"},"content":{"rendered":"\n<p>Mexico City, Jan 6 (EFE).- Ovidio Guzm\u00e1n, one of the sons of notorious drug lord Joaquin &#8220;El Chapo&#8221; Guzm\u00e1n, was arrested in Mexico on Thursday, sparking a wave of violence during his dramatic transport to the same jail where his father was incarcerated.<\/p>\n\n\n\n<p>Nicknamed &#8220;El Rat\u00f3n,&#8221; Guzman, who carried a reward of up to $5 million on his head, is wanted by the United States, and his arrest comes days before a visit by President Joe Biden to Mexico next week.<\/p>\n\n\n\n<p>Described by the US State Department as \u201ca high-ranking member of the Sinaloa Cartel,\u201d the drug lord\u2019s arrest followed an intense military operation in the northern Mexican state of Sinaloa.<\/p>\n\n\n\n<p>A heavy security deployment in Culiac\u00e1n city marked the arrest of one of the key figures in the cartel, sparking tension and triggering a wave of violence in Sinaloa, which is home to the powerful drug cartel \u201cEl Chapo\u201d headed before his extradition to the US in 2017.<\/p>\n\n\n<div class=\"wp-block-image\">\n<figure class=\"aligncenter size-full\"><img fetchpriority=\"high\" decoding=\"async\" width=\"900\" height=\"573\" src=\"https:\/\/pre.efe.com\/wp-content\/uploads\/2023\/01\/mco.jpeg\" alt=\"\" class=\"wp-image-232005\" srcset=\"https:\/\/pre.efe.com\/wp-content\/uploads\/2023\/01\/mco.jpeg 900w, https:\/\/pre.efe.com\/wp-content\/uploads\/2023\/01\/mco-300x191.jpeg 300w, https:\/\/pre.efe.com\/wp-content\/uploads\/2023\/01\/mco-768x489.jpeg 768w, https:\/\/pre.efe.com\/wp-content\/uploads\/2023\/01\/mco-430x274.jpeg 430w\" sizes=\"(max-width: 900px) 100vw, 900px\" \/><figcaption class=\"wp-element-caption\"><em>A helicopter of the Attorney General&#8217;s Office (FGR) that is part of the security transfer operation in which the authorities transport Ovidio Guzm\u00e1n, son of &#8216;Chapo&#8217;, arrives at the Altiplano prison in Toluca, State of Mexico, Mexico, 05 January 2023. EFE\/Felipe Guti\u00e9rrez<\/em><\/figcaption><\/figure>\n<\/div>\n\n\n<p>City residents were asked to stay home amid reports of clashes between security forces and cartel members in various parts of tense Culiac\u00e1n city.<\/p>\n\n\n\n<p>Social media videos showed armed groups attacking government facilities in the city and trying to block the drug lord from being transferred to Mexico City.<\/p>\n\n\n\n<p>State governor Ruben Rocha told the newspaper Reforma that one member of the security forces was killed in the violence that resulted in injuries to 28 people, including three civilians.<\/p>\n\n\n\n<p>The government reported incidents of arson, robbery, and looting in the city.<\/p>\n\n\n\n<p>Amid the chaos in the city, the authorities closed the Federal International Airport of Culiac\u00e1n as fierce gun battles occurred in the vicinity of the terminal.<\/p>\n\n\n\n<p>Authorities still managed to fly the cartel leader to the capital in a Mexican Air Force (FAM) aircraft.<\/p>\n\n\n\n<p>To maintain operational secrecy and ensure his safe transfer out of the state, the Mexican authorities first sent a convoy of eight vehicles and then a helicopter.<\/p>\n\n\n\n<p>He was then taken to the Federal Center for Social Readaptation No. 1, La Palma, also known as the Almoloya prison, where his father was detained and escaped from in 2015.<\/p>\n\n\n\n<p>A solid security ring covered the outskirts of the prison, with at least a dozen vehicles from the Mexican army and the National Guard protecting it.<\/p>\n\n\n\n<p>The arrest occurred four days before Biden arrives in Mexico for the Summit of North American Leaders, which will also be attended by Canadian Prime Minister Justin Trudeau.<\/p>\n\n\n\n<p>However, Mexican Foreign Minister Marcelo Ebrard denied any connection between the arrest and the summit or any quid pro quo with the US government.<\/p>\n\n\n\n<p>Ebrard confirmed an extradition request against Guzm\u00e1n issued on September 19, 2019.<\/p>\n\n\n\n<p>He is one of Guzm\u00e1n&#8217;s four sons.<\/p>\n\n\n<div class=\"wp-block-image\">\n<figure class=\"aligncenter size-full\"><img decoding=\"async\" width=\"900\" height=\"600\" src=\"https:\/\/pre.efe.com\/wp-content\/uploads\/2023\/01\/ImagenPorRuta-9.jpeg\" alt=\"\" class=\"wp-image-232009\" srcset=\"https:\/\/pre.efe.com\/wp-content\/uploads\/2023\/01\/ImagenPorRuta-9.jpeg 900w, https:\/\/pre.efe.com\/wp-content\/uploads\/2023\/01\/ImagenPorRuta-9-300x200.jpeg 300w, https:\/\/pre.efe.com\/wp-content\/uploads\/2023\/01\/ImagenPorRuta-9-768x512.jpeg 768w, https:\/\/pre.efe.com\/wp-content\/uploads\/2023\/01\/ImagenPorRuta-9-430x286.jpeg 430w\" sizes=\"(max-width: 900px) 100vw, 900px\" \/><figcaption class=\"wp-element-caption\"><em>National Guard (GN) personnel guard the exterior of the Altiplano prison in Toluca, State of Mexico, Mexico, 05 January 2023. EFE\/Felipe Guti\u00e9rrez<\/em><\/figcaption><\/figure>\n<\/div>\n\n\n<p>The US State Department says Guzm\u00e1n and his brother, Joaqu\u00edn Guzm\u00e1n-L\u00f3pez, have \u201cinherited a great deal of the narcotics proceeds\u201d following the death of another brother, Edgar Guzm\u00e1n-L\u00f3pez.<\/p>\n\n\n\n<p>They are said to be high-ranking cartel members indicted for their involvement in illicit drug trafficking.<\/p>\n\n\n\n<p>\u201cEl Chapo\u201d was convicted in the US in 2019 and sentenced to life in prison plus 30 years and ordered to pay $12.6 billion in forfeiture.<\/p>\n\n\n\n<p>In 2019, the Mexican government arrested Guzman and released him after his supporters sparked violence in the city<\/p>\n\n\n\n<p>Authorities then said they suspended the operation to save lives. EFE<\/p>\n\n\n\n<p>jmrg-ssk<\/p>\n","protected":false},"excerpt":{"rendered":"<p>Mexico City, Jan 6 (EFE).- Ovidio Guzm\u00e1n, one of the sons of notorious drug lord Joaquin &#8220;El Chapo&#8221; Guzm\u00e1n, was arrested in Mexico on Thursday, sparking a wave of violence during his dramatic transport to the same jail where his father was incarcerated. Nicknamed &#8220;El Rat\u00f3n,&#8221; Guzman, who carried a reward of up to $5 &#8230; <a title=\"Wave of violence sweeps northern Mexico after El Chapo\u2019s son arrested\" class=\"read-more\" href=\"https:\/\/pre.efe.com\/en\/latest-news\/2023-01-06\/wave-of-violence-sweeps-northern-mexico-after-el-chapos-son-arrested\/\" aria-label=\"Read more about Wave of violence sweeps northern Mexico after El Chapo\u2019s son arrested\">Read more<\/a><\/p>\n","protected":false},"author":198164105,"featured_media":232001,"comment_status":"closed","ping_status":"closed","sticky":false,"template":"","format":"standard","meta":{"_acf_changed":false,"_jetpack_memberships_contains_paid_content":false,"footnotes":""},"categories":[121845],"tags":[],"class_list":["post-232000","post","type-post","status-publish","format-standard","has-post-thumbnail","hentry","category-uncategorized","generate-columns","tablet-grid-50","mobile-grid-100","grid-parent","grid-50"],"acf":[],"yoast_head":"<!-- This site is optimized with the Yoast SEO Premium plugin v26.0 (Yoast SEO v27.5) - https:\/\/yoast.com\/product\/yoast-seo-premium-wordpress\/ -->\n<title>Wave of violence sweeps northern Mexico after El Chapo\u2019s son arrested - EFE<\/title>\n<meta name=\"robots\" content=\"noindex, follow\" \/>\n<meta property=\"og:locale\" content=\"en_US\" \/>\n<meta property=\"og:type\" content=\"article\" \/>\n<meta property=\"og:title\" content=\"Wave of violence sweeps northern Mexico after El Chapo\u2019s son arrested - EFE\" \/>\n<meta property=\"og:description\" content=\"Mexico City, Jan 6 (EFE).- Ovidio Guzm\u00e1n, one of the sons of notorious drug lord Joaquin &#8220;El Chapo&#8221; Guzm\u00e1n, was arrested in Mexico on Thursday, sparking a wave of violence during his dramatic transport to the same jail where his father was incarcerated. Nicknamed &#8220;El Rat\u00f3n,&#8221; Guzman, who carried a reward of up to $5 ... Read more\" \/>\n<meta property=\"og:url\" content=\"https:\/\/pre.efe.com\/en\/latest-news\/2023-01-06\/wave-of-violence-sweeps-northern-mexico-after-el-chapos-son-arrested\/\" \/>\n<meta property=\"og:site_name\" content=\"EFE Noticias\" \/>\n<meta property=\"article:publisher\" content=\"https:\/\/www.facebook.com\/AgenciaEFEnoticias\/\" \/>\n<meta property=\"article:published_time\" content=\"2023-01-06T12:43:15+00:00\" \/>\n<meta property=\"article:modified_time\" content=\"2024-06-10T10:07:23+00:00\" \/>\n<meta property=\"og:image\" content=\"https:\/\/i0.wp.com\/efe.com\/\/srv\/htdocs\/wp-content\/uploads\/2023\/01\/ImagenPorRuta-8.jpeg?fit=900%2C591&ssl=1\" \/>\n\t<meta property=\"og:image:width\" content=\"900\" \/>\n\t<meta property=\"og:image:height\" content=\"591\" \/>\n\t<meta property=\"og:image:type\" content=\"image\/jpeg\" \/>\n<meta name=\"author\" content=\"jthreadgould\" \/>\n<meta name=\"twitter:card\" content=\"summary_large_image\" \/>\n<meta name=\"twitter:creator\" content=\"@efenoticias\" \/>\n<meta name=\"twitter:site\" content=\"@efenoticias\" \/>\n<script type=\"application\/ld+json\" class=\"yoast-schema-graph\">{\"@context\":\"https:\\\/\\\/schema.org\",\"@graph\":[{\"@type\":\"NewsArticle\",\"@id\":\"https:\\\/\\\/pre.efe.com\\\/en\\\/latest-news\\\/2023-01-06\\\/wave-of-violence-sweeps-northern-mexico-after-el-chapos-son-arrested\\\/#article\",\"isPartOf\":{\"@id\":\"https:\\\/\\\/pre.efe.com\\\/en\\\/latest-news\\\/2023-01-06\\\/wave-of-violence-sweeps-northern-mexico-after-el-chapos-son-arrested\\\/\"},\"author\":{\"name\":\"jthreadgould\",\"@id\":\"https:\\\/\\\/pre.efe.com\\\/en\\\/#\\\/schema\\\/person\\\/9701c62767784935f1d3e3df42636476\"},\"headline\":\"Wave of violence sweeps northern Mexico after El Chapo\u2019s son arrested\",\"datePublished\":\"2023-01-06T12:43:15+00:00\",\"dateModified\":\"2024-06-10T10:07:23+00:00\",\"mainEntityOfPage\":{\"@id\":\"https:\\\/\\\/pre.efe.com\\\/en\\\/latest-news\\\/2023-01-06\\\/wave-of-violence-sweeps-northern-mexico-after-el-chapos-son-arrested\\\/\"},\"wordCount\":632,\"publisher\":{\"@id\":\"https:\\\/\\\/pre.efe.com\\\/en\\\/#organization\"},\"image\":{\"@id\":\"https:\\\/\\\/pre.efe.com\\\/en\\\/latest-news\\\/2023-01-06\\\/wave-of-violence-sweeps-northern-mexico-after-el-chapos-son-arrested\\\/#primaryimage\"},\"thumbnailUrl\":\"https:\\\/\\\/pre.efe.com\\\/wp-content\\\/uploads\\\/2023\\\/01\\\/ImagenPorRuta-8.jpeg\",\"inLanguage\":\"en-US\",\"copyrightYear\":\"2023\",\"copyrightHolder\":{\"@id\":\"https:\\\/\\\/pre.efe.com\\\/#organization\"}},{\"@type\":[\"WebPage\",\"ItemPage\"],\"@id\":\"https:\\\/\\\/pre.efe.com\\\/en\\\/latest-news\\\/2023-01-06\\\/wave-of-violence-sweeps-northern-mexico-after-el-chapos-son-arrested\\\/\",\"url\":\"https:\\\/\\\/pre.efe.com\\\/en\\\/latest-news\\\/2023-01-06\\\/wave-of-violence-sweeps-northern-mexico-after-el-chapos-son-arrested\\\/\",\"name\":\"Wave of violence sweeps northern Mexico after El Chapo\u2019s son arrested - EFE\",\"isPartOf\":{\"@id\":\"https:\\\/\\\/pre.efe.com\\\/en\\\/#website\"},\"primaryImageOfPage\":{\"@id\":\"https:\\\/\\\/pre.efe.com\\\/en\\\/latest-news\\\/2023-01-06\\\/wave-of-violence-sweeps-northern-mexico-after-el-chapos-son-arrested\\\/#primaryimage\"},\"image\":{\"@id\":\"https:\\\/\\\/pre.efe.com\\\/en\\\/latest-news\\\/2023-01-06\\\/wave-of-violence-sweeps-northern-mexico-after-el-chapos-son-arrested\\\/#primaryimage\"},\"thumbnailUrl\":\"https:\\\/\\\/pre.efe.com\\\/wp-content\\\/uploads\\\/2023\\\/01\\\/ImagenPorRuta-8.jpeg\",\"datePublished\":\"2023-01-06T12:43:15+00:00\",\"dateModified\":\"2024-06-10T10:07:23+00:00\",\"breadcrumb\":{\"@id\":\"https:\\\/\\\/pre.efe.com\\\/en\\\/latest-news\\\/2023-01-06\\\/wave-of-violence-sweeps-northern-mexico-after-el-chapos-son-arrested\\\/#breadcrumb\"},\"inLanguage\":\"en-US\",\"potentialAction\":[{\"@type\":\"ReadAction\",\"target\":[\"https:\\\/\\\/pre.efe.com\\\/en\\\/latest-news\\\/2023-01-06\\\/wave-of-violence-sweeps-northern-mexico-after-el-chapos-son-arrested\\\/\"]}]},{\"@type\":\"ImageObject\",\"inLanguage\":\"en-US\",\"@id\":\"https:\\\/\\\/pre.efe.com\\\/en\\\/latest-news\\\/2023-01-06\\\/wave-of-violence-sweeps-northern-mexico-after-el-chapos-son-arrested\\\/#primaryimage\",\"url\":\"https:\\\/\\\/pre.efe.com\\\/wp-content\\\/uploads\\\/2023\\\/01\\\/ImagenPorRuta-8.jpeg\",\"contentUrl\":\"https:\\\/\\\/pre.efe.com\\\/wp-content\\\/uploads\\\/2023\\\/01\\\/ImagenPorRuta-8.jpeg\",\"width\":900,\"height\":591,\"caption\":\"Smoke billows from burning vehicles as a soldier patrols a street in Culiacan, Mexico, on 5 January 2023. EFE\\\/Juan Carlos Cruz\"},{\"@type\":\"BreadcrumbList\",\"@id\":\"https:\\\/\\\/pre.efe.com\\\/en\\\/latest-news\\\/2023-01-06\\\/wave-of-violence-sweeps-northern-mexico-after-el-chapos-son-arrested\\\/#breadcrumb\",\"itemListElement\":[{\"@type\":\"ListItem\",\"position\":1,\"name\":\"Portada\",\"item\":\"https:\\\/\\\/pre.efe.com\\\/en\\\/\"},{\"@type\":\"ListItem\",\"position\":2,\"name\":\"Wave of violence sweeps northern Mexico after El Chapo\u2019s son arrested\"}]},{\"@type\":\"WebSite\",\"@id\":\"https:\\\/\\\/pre.efe.com\\\/en\\\/#website\",\"url\":\"https:\\\/\\\/pre.efe.com\\\/en\\\/\",\"name\":\"EFE Noticias\",\"description\":\"\",\"publisher\":{\"@id\":\"https:\\\/\\\/pre.efe.com\\\/en\\\/#organization\"},\"potentialAction\":[{\"@type\":\"SearchAction\",\"target\":{\"@type\":\"EntryPoint\",\"urlTemplate\":\"https:\\\/\\\/pre.efe.com\\\/en\\\/?s={search_term_string}\"},\"query-input\":{\"@type\":\"PropertyValueSpecification\",\"valueRequired\":true,\"valueName\":\"search_term_string\"}}],\"inLanguage\":\"en-US\"},{\"@type\":\"Organization\",\"@id\":\"https:\\\/\\\/pre.efe.com\\\/en\\\/#organization\",\"name\":\"Agencia EFE\",\"url\":\"https:\\\/\\\/pre.efe.com\\\/en\\\/\",\"logo\":{\"@type\":\"ImageObject\",\"inLanguage\":\"en-US\",\"@id\":\"https:\\\/\\\/pre.efe.com\\\/en\\\/#\\\/schema\\\/logo\\\/image\\\/\",\"url\":\"https:\\\/\\\/pre.efe.com\\\/wp-content\\\/uploads\\\/2023\\\/06\\\/logo-efe-467.png\",\"contentUrl\":\"https:\\\/\\\/pre.efe.com\\\/wp-content\\\/uploads\\\/2023\\\/06\\\/logo-efe-467.png\",\"width\":467,\"height\":467,\"caption\":\"Agencia EFE\"},\"image\":{\"@id\":\"https:\\\/\\\/pre.efe.com\\\/en\\\/#\\\/schema\\\/logo\\\/image\\\/\"},\"sameAs\":[\"https:\\\/\\\/www.facebook.com\\\/AgenciaEFEnoticias\\\/\",\"https:\\\/\\\/x.com\\\/efenoticias\",\"https:\\\/\\\/www.instagram.com\\\/efe_noticias\\\/\",\"http:\\\/\\\/www.youtube.com\\\/efe\"]},{\"@type\":\"Person\",\"@id\":\"https:\\\/\\\/pre.efe.com\\\/en\\\/#\\\/schema\\\/person\\\/9701c62767784935f1d3e3df42636476\",\"name\":\"jthreadgould\",\"image\":{\"@type\":\"ImageObject\",\"inLanguage\":\"en-US\",\"@id\":\"https:\\\/\\\/secure.gravatar.com\\\/avatar\\\/35081ad955647cea3b5b511cba687d4c5e031ea6f23a9c0483b61b0ee727688e?s=96&d=identicon&r=g\",\"url\":\"https:\\\/\\\/secure.gravatar.com\\\/avatar\\\/35081ad955647cea3b5b511cba687d4c5e031ea6f23a9c0483b61b0ee727688e?s=96&d=identicon&r=g\",\"contentUrl\":\"https:\\\/\\\/secure.gravatar.com\\\/avatar\\\/35081ad955647cea3b5b511cba687d4c5e031ea6f23a9c0483b61b0ee727688e?s=96&d=identicon&r=g\",\"caption\":\"jthreadgould\"},\"url\":\"https:\\\/\\\/pre.efe.com\\\/en\\\/autor\\\/jthreadgould\\\/\"}]}<\/script>\n<!-- \/ Yoast SEO Premium plugin. -->","yoast_head_json":{"title":"Wave of violence sweeps northern Mexico after El Chapo\u2019s son arrested - EFE","robots":{"index":"noindex","follow":"follow"},"og_locale":"en_US","og_type":"article","og_title":"Wave of violence sweeps northern Mexico after El Chapo\u2019s son arrested - EFE","og_description":"Mexico City, Jan 6 (EFE).- Ovidio Guzm\u00e1n, one of the sons of notorious drug lord Joaquin &#8220;El Chapo&#8221; Guzm\u00e1n, was arrested in Mexico on Thursday, sparking a wave of violence during his dramatic transport to the same jail where his father was incarcerated. Nicknamed &#8220;El Rat\u00f3n,&#8221; Guzman, who carried a reward of up to $5 ... Read more","og_url":"https:\/\/pre.efe.com\/en\/latest-news\/2023-01-06\/wave-of-violence-sweeps-northern-mexico-after-el-chapos-son-arrested\/","og_site_name":"EFE Noticias","article_publisher":"https:\/\/www.facebook.com\/AgenciaEFEnoticias\/","article_published_time":"2023-01-06T12:43:15+00:00","article_modified_time":"2024-06-10T10:07:23+00:00","og_image":[{"width":900,"height":591,"url":"https:\/\/i0.wp.com\/efe.com\/\/srv\/htdocs\/wp-content\/uploads\/2023\/01\/ImagenPorRuta-8.jpeg?fit=900%2C591&ssl=1","type":"image\/jpeg"}],"author":"jthreadgould","twitter_card":"summary_large_image","twitter_creator":"@efenoticias","twitter_site":"@efenoticias","schema":{"@context":"https:\/\/schema.org","@graph":[{"@type":"NewsArticle","@id":"https:\/\/pre.efe.com\/en\/latest-news\/2023-01-06\/wave-of-violence-sweeps-northern-mexico-after-el-chapos-son-arrested\/#article","isPartOf":{"@id":"https:\/\/pre.efe.com\/en\/latest-news\/2023-01-06\/wave-of-violence-sweeps-northern-mexico-after-el-chapos-son-arrested\/"},"author":{"name":"jthreadgould","@id":"https:\/\/pre.efe.com\/en\/#\/schema\/person\/9701c62767784935f1d3e3df42636476"},"headline":"Wave of violence sweeps northern Mexico after El Chapo\u2019s son arrested","datePublished":"2023-01-06T12:43:15+00:00","dateModified":"2024-06-10T10:07:23+00:00","mainEntityOfPage":{"@id":"https:\/\/pre.efe.com\/en\/latest-news\/2023-01-06\/wave-of-violence-sweeps-northern-mexico-after-el-chapos-son-arrested\/"},"wordCount":632,"publisher":{"@id":"https:\/\/pre.efe.com\/en\/#organization"},"image":{"@id":"https:\/\/pre.efe.com\/en\/latest-news\/2023-01-06\/wave-of-violence-sweeps-northern-mexico-after-el-chapos-son-arrested\/#primaryimage"},"thumbnailUrl":"https:\/\/pre.efe.com\/wp-content\/uploads\/2023\/01\/ImagenPorRuta-8.jpeg","inLanguage":"en-US","copyrightYear":"2023","copyrightHolder":{"@id":"https:\/\/pre.efe.com\/#organization"}},{"@type":["WebPage","ItemPage"],"@id":"https:\/\/pre.efe.com\/en\/latest-news\/2023-01-06\/wave-of-violence-sweeps-northern-mexico-after-el-chapos-son-arrested\/","url":"https:\/\/pre.efe.com\/en\/latest-news\/2023-01-06\/wave-of-violence-sweeps-northern-mexico-after-el-chapos-son-arrested\/","name":"Wave of violence sweeps northern Mexico after El Chapo\u2019s son arrested - EFE","isPartOf":{"@id":"https:\/\/pre.efe.com\/en\/#website"},"primaryImageOfPage":{"@id":"https:\/\/pre.efe.com\/en\/latest-news\/2023-01-06\/wave-of-violence-sweeps-northern-mexico-after-el-chapos-son-arrested\/#primaryimage"},"image":{"@id":"https:\/\/pre.efe.com\/en\/latest-news\/2023-01-06\/wave-of-violence-sweeps-northern-mexico-after-el-chapos-son-arrested\/#primaryimage"},"thumbnailUrl":"https:\/\/pre.efe.com\/wp-content\/uploads\/2023\/01\/ImagenPorRuta-8.jpeg","datePublished":"2023-01-06T12:43:15+00:00","dateModified":"2024-06-10T10:07:23+00:00","breadcrumb":{"@id":"https:\/\/pre.efe.com\/en\/latest-news\/2023-01-06\/wave-of-violence-sweeps-northern-mexico-after-el-chapos-son-arrested\/#breadcrumb"},"inLanguage":"en-US","potentialAction":[{"@type":"ReadAction","target":["https:\/\/pre.efe.com\/en\/latest-news\/2023-01-06\/wave-of-violence-sweeps-northern-mexico-after-el-chapos-son-arrested\/"]}]},{"@type":"ImageObject","inLanguage":"en-US","@id":"https:\/\/pre.efe.com\/en\/latest-news\/2023-01-06\/wave-of-violence-sweeps-northern-mexico-after-el-chapos-son-arrested\/#primaryimage","url":"https:\/\/pre.efe.com\/wp-content\/uploads\/2023\/01\/ImagenPorRuta-8.jpeg","contentUrl":"https:\/\/pre.efe.com\/wp-content\/uploads\/2023\/01\/ImagenPorRuta-8.jpeg","width":900,"height":591,"caption":"Smoke billows from burning vehicles as a soldier patrols a street in Culiacan, Mexico, on 5 January 2023. EFE\/Juan Carlos Cruz"},{"@type":"BreadcrumbList","@id":"https:\/\/pre.efe.com\/en\/latest-news\/2023-01-06\/wave-of-violence-sweeps-northern-mexico-after-el-chapos-son-arrested\/#breadcrumb","itemListElement":[{"@type":"ListItem","position":1,"name":"Portada","item":"https:\/\/pre.efe.com\/en\/"},{"@type":"ListItem","position":2,"name":"Wave of violence sweeps northern Mexico after El Chapo\u2019s son arrested"}]},{"@type":"WebSite","@id":"https:\/\/pre.efe.com\/en\/#website","url":"https:\/\/pre.efe.com\/en\/","name":"EFE Noticias","description":"","publisher":{"@id":"https:\/\/pre.efe.com\/en\/#organization"},"potentialAction":[{"@type":"SearchAction","target":{"@type":"EntryPoint","urlTemplate":"https:\/\/pre.efe.com\/en\/?s={search_term_string}"},"query-input":{"@type":"PropertyValueSpecification","valueRequired":true,"valueName":"search_term_string"}}],"inLanguage":"en-US"},{"@type":"Organization","@id":"https:\/\/pre.efe.com\/en\/#organization","name":"Agencia EFE","url":"https:\/\/pre.efe.com\/en\/","logo":{"@type":"ImageObject","inLanguage":"en-US","@id":"https:\/\/pre.efe.com\/en\/#\/schema\/logo\/image\/","url":"https:\/\/pre.efe.com\/wp-content\/uploads\/2023\/06\/logo-efe-467.png","contentUrl":"https:\/\/pre.efe.com\/wp-content\/uploads\/2023\/06\/logo-efe-467.png","width":467,"height":467,"caption":"Agencia EFE"},"image":{"@id":"https:\/\/pre.efe.com\/en\/#\/schema\/logo\/image\/"},"sameAs":["https:\/\/www.facebook.com\/AgenciaEFEnoticias\/","https:\/\/x.com\/efenoticias","https:\/\/www.instagram.com\/efe_noticias\/","http:\/\/www.youtube.com\/efe"]},{"@type":"Person","@id":"https:\/\/pre.efe.com\/en\/#\/schema\/person\/9701c62767784935f1d3e3df42636476","name":"jthreadgould","image":{"@type":"ImageObject","inLanguage":"en-US","@id":"https:\/\/secure.gravatar.com\/avatar\/35081ad955647cea3b5b511cba687d4c5e031ea6f23a9c0483b61b0ee727688e?s=96&d=identicon&r=g","url":"https:\/\/secure.gravatar.com\/avatar\/35081ad955647cea3b5b511cba687d4c5e031ea6f23a9c0483b61b0ee727688e?s=96&d=identicon&r=g","contentUrl":"https:\/\/secure.gravatar.com\/avatar\/35081ad955647cea3b5b511cba687d4c5e031ea6f23a9c0483b61b0ee727688e?s=96&d=identicon&r=g","caption":"jthreadgould"},"url":"https:\/\/pre.efe.com\/en\/autor\/jthreadgould\/"}]}},"jetpack_featured_media_url":"https:\/\/pre.efe.com\/wp-content\/uploads\/2023\/01\/ImagenPorRuta-8.jpeg","jetpack_shortlink":"https:\/\/wp.me\/peJvHm-YlW","jetpack_sharing_enabled":true,"_links":{"self":[{"href":"https:\/\/pre.efe.com\/en\/wp-json\/wp\/v2\/posts\/232000","targetHints":{"allow":["GET"]}}],"collection":[{"href":"https:\/\/pre.efe.com\/en\/wp-json\/wp\/v2\/posts"}],"about":[{"href":"https:\/\/pre.efe.com\/en\/wp-json\/wp\/v2\/types\/post"}],"author":[{"embeddable":true,"href":"https:\/\/pre.efe.com\/en\/wp-json\/wp\/v2\/users\/198164105"}],"replies":[{"embeddable":true,"href":"https:\/\/pre.efe.com\/en\/wp-json\/wp\/v2\/comments?post=232000"}],"version-history":[{"count":3,"href":"https:\/\/pre.efe.com\/en\/wp-json\/wp\/v2\/posts\/232000\/revisions"}],"predecessor-version":[{"id":232012,"href":"https:\/\/pre.efe.com\/en\/wp-json\/wp\/v2\/posts\/232000\/revisions\/232012"}],"wp:featuredmedia":[{"embeddable":true,"href":"https:\/\/pre.efe.com\/en\/wp-json\/wp\/v2\/media\/232001"}],"wp:attachment":[{"href":"https:\/\/pre.efe.com\/en\/wp-json\/wp\/v2\/media?parent=232000"}],"wp:term":[{"taxonomy":"category","embeddable":true,"href":"https:\/\/pre.efe.com\/en\/wp-json\/wp\/v2\/categories?post=232000"},{"taxonomy":"post_tag","embeddable":true,"href":"https:\/\/pre.efe.com\/en\/wp-json\/wp\/v2\/tags?post=232000"}],"curies":[{"name":"wp","href":"https:\/\/api.w.org\/{rel}","templated":true}]}}