{"id":1022012,"date":"2024-04-09T19:09:00","date_gmt":"2024-04-09T17:09:00","guid":{"rendered":"https:\/\/pre.efe.com\/?p=1022012"},"modified":"2024-04-09T23:17:49","modified_gmt":"2024-04-09T21:17:49","slug":"tribunal-de-estrasburgo-considera-que-a-inacao-climatica-viola-os-direitos-humanos","status":"publish","type":"post","link":"https:\/\/pre.efe.com\/pt-br\/mundo-2\/2024-04-09\/tribunal-de-estrasburgo-considera-que-a-inacao-climatica-viola-os-direitos-humanos\/","title":{"rendered":"Tribunal de Estrasburgo considera que a ina\u00e7\u00e3o clim\u00e1tica viola os direitos humanos"},"content":{"rendered":"\n<p>Estrasburgo (EFE).- O Tribunal de Estrasburgo emitiu, nesta ter\u00e7a-feira, uma decis\u00e3o hist\u00f3rica a favor de uma das tr\u00eas demandas judiciais levantadas pela a\u00e7\u00e3o insuficiente dos Estados para limitar as mudan\u00e7as clim\u00e1ticas e observou que a Su\u00ed\u00e7a violou os direitos humanos de um grupo de mulheres idosas.<\/p>\n\n\n\n<p>No entanto, os ju\u00edzes anularam o processo de grande repercuss\u00e3o que seis jovens portugueses tinham movido contra Portugal, mas tamb\u00e9m contra outros 31 pa\u00edses europeus que pretendiam condenar por pol\u00edticas insuficientes para mitigar as mudan\u00e7as clim\u00e1ticas.<\/p>\n\n\n\n<p>Os ju\u00edzes rejeitaram suas alega\u00e7\u00f5es sem examinarem o m\u00e9rito da quest\u00e3o, em primeiro lugar, porque os seis demandantes desrespeitaram uma regra fundamental do Tribunal Europeu de Direitos Humanos (TEDH), que diz que devem ser esgotados todos os recursos internos do pa\u00eds antes de levar um caso a Estrasburgo.<\/p>\n\n\n\n<p>Os jovens argumentaram que a emerg\u00eancia clim\u00e1tica os isentava dessa regra jur\u00eddica b\u00e1sica, mas o TEDH n\u00e3o aceitou essa tese.<\/p>\n\n\n\n<p>Al\u00e9m disso, os ju\u00edzes europeus tamb\u00e9m destacaram que, para denunciar outros Estados al\u00e9m de Portugal e aplicar um suposto princ\u00edpio de extraterritorialidade porque a sua a\u00e7\u00e3o ou omiss\u00e3o pode ter efeitos para eles, existem outros instrumentos jur\u00eddicos internacionais e o TEDH \u00e9 o \u00f3rg\u00e3o competente para isso.<\/p>\n\n\n\n<p>Tamb\u00e9m destacaram que n\u00e3o pode ser ditada uma pol\u00edtica espec\u00edfica aos Estados sobre o que deveriam fazer devido aos efeitos que isso ter\u00e1 sobre as pessoas fora de seu territ\u00f3rio ou fora da sua autoridade e controle.<\/p>\n\n\n\n<p>Mas para al\u00e9m deste caso, que pela forma como foi abordado j\u00e1 suscitou muitas d\u00favidas sobre a possibilidade de avan\u00e7ar, o movimento contra as mudan\u00e7as clim\u00e1ticas recebeu uma nota de esperan\u00e7a do Tribunal de Estrasburgo, com uma decis\u00e3o condenando a Su\u00ed\u00e7a em uma a\u00e7\u00e3o movida por algumas mulheres idosas naquele pa\u00eds.<\/p>\n\n\n\n<p>A presidente do TEDH, S\u00edofra O&#8217;Leary, destacou que a Su\u00ed\u00e7a violou os direitos destas mulheres, reunidas na associa\u00e7\u00e3o Verein KlimaSeniorinnen, porque foram encontradas &#8220;lacunas cr\u00edticas&#8221; nas pol\u00edticas su\u00ed\u00e7as contra as mudan\u00e7as clim\u00e1ticas.<\/p>\n\n\n\n<p>Especificamente, os ju\u00edzes europeus consideraram que a Su\u00ed\u00e7a n\u00e3o cumpriu as suas obriga\u00e7\u00f5es relativamente aos direitos destas mulheres idosas (mais de metade tem mais de 75 anos) para evitar que sofressem os efeitos do aquecimento global.<\/p>\n\n\n\n<p>Ilustraram isto destacando que tem havido defici\u00eancias na pol\u00edtica su\u00ed\u00e7a para quantificar, atrav\u00e9s da fixa\u00e7\u00e3o de pre\u00e7os do carbono ou de outra forma, a limita\u00e7\u00e3o de suas emiss\u00f5es de gases com efeito de estufa.<\/p>\n\n\n\n<p>Na mesma linha, a Su\u00ed\u00e7a n\u00e3o respeitou no passado os objetivos que estabeleceu para reduzir estas emiss\u00f5es. EFE<\/p>\n","protected":false},"excerpt":{"rendered":"<p>Estrasburgo (EFE).- O Tribunal de Estrasburgo emitiu, nesta ter\u00e7a-feira, uma decis\u00e3o hist\u00f3rica a favor de uma das tr\u00eas demandas judiciais levantadas pela a\u00e7\u00e3o insuficiente dos Estados para limitar as mudan\u00e7as clim\u00e1ticas e observou que a Su\u00ed\u00e7a violou os direitos humanos de um grupo de mulheres idosas. No entanto, os ju\u00edzes anularam o processo de grande &#8230; <a title=\"Tribunal de Estrasburgo considera que a ina\u00e7\u00e3o clim\u00e1tica viola os direitos humanos\" class=\"read-more\" href=\"https:\/\/pre.efe.com\/pt-br\/mundo-2\/2024-04-09\/tribunal-de-estrasburgo-considera-que-a-inacao-climatica-viola-os-direitos-humanos\/\" aria-label=\"Read more about Tribunal de Estrasburgo considera que a ina\u00e7\u00e3o clim\u00e1tica viola os direitos humanos\">Leia mais<\/a><\/p>\n","protected":false},"author":198164106,"featured_media":901276,"comment_status":"closed","ping_status":"closed","sticky":false,"template":"","format":"standard","meta":{"_acf_changed":false,"_jetpack_memberships_contains_paid_content":false,"footnotes":""},"categories":[123208,122141],"tags":[125763,123236,124952],"class_list":["post-1022012","post","type-post","status-publish","format-standard","has-post-thumbnail","hentry","category-mundo-2","category-portada","tag-clima-2","tag-crise-climatica","tag-meio-ambiente","generate-columns","tablet-grid-50","mobile-grid-100","grid-parent","grid-50"],"acf":[],"yoast_head":"<!-- This site is optimized with the Yoast SEO Premium plugin v26.0 (Yoast SEO v27.5) - https:\/\/yoast.com\/product\/yoast-seo-premium-wordpress\/ -->\n<title>Tribunal de Estrasburgo considera que a ina\u00e7\u00e3o clim\u00e1tica viola os direitos humanos - EFE<\/title>\n<meta name=\"robots\" content=\"noindex, follow\" \/>\n<meta property=\"og:locale\" content=\"pt_BR\" \/>\n<meta property=\"og:type\" content=\"article\" \/>\n<meta property=\"og:title\" content=\"Tribunal de Estrasburgo considera que a ina\u00e7\u00e3o clim\u00e1tica viola os direitos humanos - EFE\" \/>\n<meta property=\"og:description\" content=\"Estrasburgo (EFE).- O Tribunal de Estrasburgo emitiu, nesta ter\u00e7a-feira, uma decis\u00e3o hist\u00f3rica a favor de uma das tr\u00eas demandas judiciais levantadas pela a\u00e7\u00e3o insuficiente dos Estados para limitar as mudan\u00e7as clim\u00e1ticas e observou que a Su\u00ed\u00e7a violou os direitos humanos de um grupo de mulheres idosas. No entanto, os ju\u00edzes anularam o processo de grande ... Leia mais\" \/>\n<meta property=\"og:url\" content=\"https:\/\/pre.efe.com\/pt-br\/mundo-2\/2024-04-09\/tribunal-de-estrasburgo-considera-que-a-inacao-climatica-viola-os-direitos-humanos\/\" \/>\n<meta property=\"og:site_name\" content=\"EFE Noticias\" \/>\n<meta property=\"article:publisher\" content=\"https:\/\/www.facebook.com\/AgenciaEFEnoticias\/\" \/>\n<meta property=\"article:published_time\" content=\"2024-04-09T17:09:00+00:00\" \/>\n<meta property=\"article:modified_time\" content=\"2024-04-09T21:17:49+00:00\" \/>\n<meta property=\"og:image\" content=\"https:\/\/i0.wp.com\/efe.com\/\/srv\/htdocs\/wp-content\/uploads\/2024\/02\/estudio-soledad.jpg?fit=900%2C600&ssl=1\" \/>\n\t<meta property=\"og:image:width\" content=\"900\" \/>\n\t<meta property=\"og:image:height\" content=\"600\" \/>\n\t<meta property=\"og:image:type\" content=\"image\/jpeg\" \/>\n<meta name=\"author\" content=\"anachain\" \/>\n<meta name=\"twitter:card\" content=\"summary_large_image\" \/>\n<meta name=\"twitter:creator\" content=\"@efenoticias\" \/>\n<meta name=\"twitter:site\" content=\"@efenoticias\" \/>\n<script type=\"application\/ld+json\" class=\"yoast-schema-graph\">{\"@context\":\"https:\\\/\\\/schema.org\",\"@graph\":[{\"@type\":\"NewsArticle\",\"@id\":\"https:\\\/\\\/pre.efe.com\\\/pt-br\\\/mundo-2\\\/2024-04-09\\\/tribunal-de-estrasburgo-considera-que-a-inacao-climatica-viola-os-direitos-humanos\\\/#article\",\"isPartOf\":{\"@id\":\"https:\\\/\\\/pre.efe.com\\\/pt-br\\\/mundo-2\\\/2024-04-09\\\/tribunal-de-estrasburgo-considera-que-a-inacao-climatica-viola-os-direitos-humanos\\\/\"},\"author\":{\"name\":\"anachain\",\"@id\":\"https:\\\/\\\/pre.efe.com\\\/pt-br\\\/#\\\/schema\\\/person\\\/b19f23f210db552768f68a4b552b004f\"},\"headline\":\"Tribunal de Estrasburgo considera que a ina\u00e7\u00e3o clim\u00e1tica viola os direitos humanos\",\"datePublished\":\"2024-04-09T17:09:00+00:00\",\"dateModified\":\"2024-04-09T21:17:49+00:00\",\"mainEntityOfPage\":{\"@id\":\"https:\\\/\\\/pre.efe.com\\\/pt-br\\\/mundo-2\\\/2024-04-09\\\/tribunal-de-estrasburgo-considera-que-a-inacao-climatica-viola-os-direitos-humanos\\\/\"},\"wordCount\":490,\"publisher\":{\"@id\":\"https:\\\/\\\/pre.efe.com\\\/pt-br\\\/#organization\"},\"image\":{\"@id\":\"https:\\\/\\\/pre.efe.com\\\/pt-br\\\/mundo-2\\\/2024-04-09\\\/tribunal-de-estrasburgo-considera-que-a-inacao-climatica-viola-os-direitos-humanos\\\/#primaryimage\"},\"thumbnailUrl\":\"https:\\\/\\\/pre.efe.com\\\/wp-content\\\/uploads\\\/2024\\\/02\\\/estudio-soledad.jpg\",\"keywords\":[\"Clima\",\"Crise climatica\",\"Meio ambiente\"],\"articleSection\":[\"Mundo\",\"Portada\"],\"inLanguage\":\"pt-BR\",\"copyrightYear\":\"2024\",\"copyrightHolder\":{\"@id\":\"https:\\\/\\\/pre.efe.com\\\/#organization\"}},{\"@type\":[\"WebPage\",\"ItemPage\"],\"@id\":\"https:\\\/\\\/pre.efe.com\\\/pt-br\\\/mundo-2\\\/2024-04-09\\\/tribunal-de-estrasburgo-considera-que-a-inacao-climatica-viola-os-direitos-humanos\\\/\",\"url\":\"https:\\\/\\\/pre.efe.com\\\/pt-br\\\/mundo-2\\\/2024-04-09\\\/tribunal-de-estrasburgo-considera-que-a-inacao-climatica-viola-os-direitos-humanos\\\/\",\"name\":\"Tribunal de Estrasburgo considera que a ina\u00e7\u00e3o clim\u00e1tica viola os direitos humanos - EFE\",\"isPartOf\":{\"@id\":\"https:\\\/\\\/pre.efe.com\\\/pt-br\\\/#website\"},\"primaryImageOfPage\":{\"@id\":\"https:\\\/\\\/pre.efe.com\\\/pt-br\\\/mundo-2\\\/2024-04-09\\\/tribunal-de-estrasburgo-considera-que-a-inacao-climatica-viola-os-direitos-humanos\\\/#primaryimage\"},\"image\":{\"@id\":\"https:\\\/\\\/pre.efe.com\\\/pt-br\\\/mundo-2\\\/2024-04-09\\\/tribunal-de-estrasburgo-considera-que-a-inacao-climatica-viola-os-direitos-humanos\\\/#primaryimage\"},\"thumbnailUrl\":\"https:\\\/\\\/pre.efe.com\\\/wp-content\\\/uploads\\\/2024\\\/02\\\/estudio-soledad.jpg\",\"datePublished\":\"2024-04-09T17:09:00+00:00\",\"dateModified\":\"2024-04-09T21:17:49+00:00\",\"breadcrumb\":{\"@id\":\"https:\\\/\\\/pre.efe.com\\\/pt-br\\\/mundo-2\\\/2024-04-09\\\/tribunal-de-estrasburgo-considera-que-a-inacao-climatica-viola-os-direitos-humanos\\\/#breadcrumb\"},\"inLanguage\":\"pt-BR\",\"potentialAction\":[{\"@type\":\"ReadAction\",\"target\":[\"https:\\\/\\\/pre.efe.com\\\/pt-br\\\/mundo-2\\\/2024-04-09\\\/tribunal-de-estrasburgo-considera-que-a-inacao-climatica-viola-os-direitos-humanos\\\/\"]}]},{\"@type\":\"ImageObject\",\"inLanguage\":\"pt-BR\",\"@id\":\"https:\\\/\\\/pre.efe.com\\\/pt-br\\\/mundo-2\\\/2024-04-09\\\/tribunal-de-estrasburgo-considera-que-a-inacao-climatica-viola-os-direitos-humanos\\\/#primaryimage\",\"url\":\"https:\\\/\\\/pre.efe.com\\\/wp-content\\\/uploads\\\/2024\\\/02\\\/estudio-soledad.jpg\",\"contentUrl\":\"https:\\\/\\\/pre.efe.com\\\/wp-content\\\/uploads\\\/2024\\\/02\\\/estudio-soledad.jpg\",\"width\":900,\"height\":600,\"caption\":\"Uma jovem se refresca durante uma onda de calor na Espnha. EFE\\\/Arquivo\\\/Biel Ali\u00f1o\"},{\"@type\":\"BreadcrumbList\",\"@id\":\"https:\\\/\\\/pre.efe.com\\\/pt-br\\\/mundo-2\\\/2024-04-09\\\/tribunal-de-estrasburgo-considera-que-a-inacao-climatica-viola-os-direitos-humanos\\\/#breadcrumb\",\"itemListElement\":[{\"@type\":\"ListItem\",\"position\":1,\"name\":\"Portada\",\"item\":\"https:\\\/\\\/pre.efe.com\\\/pt-br\\\/\"},{\"@type\":\"ListItem\",\"position\":2,\"name\":\"Tribunal de Estrasburgo considera que a ina\u00e7\u00e3o clim\u00e1tica viola os direitos humanos\"}]},{\"@type\":\"WebSite\",\"@id\":\"https:\\\/\\\/pre.efe.com\\\/pt-br\\\/#website\",\"url\":\"https:\\\/\\\/pre.efe.com\\\/pt-br\\\/\",\"name\":\"EFE Noticias\",\"description\":\"\",\"publisher\":{\"@id\":\"https:\\\/\\\/pre.efe.com\\\/pt-br\\\/#organization\"},\"potentialAction\":[{\"@type\":\"SearchAction\",\"target\":{\"@type\":\"EntryPoint\",\"urlTemplate\":\"https:\\\/\\\/pre.efe.com\\\/pt-br\\\/?s={search_term_string}\"},\"query-input\":{\"@type\":\"PropertyValueSpecification\",\"valueRequired\":true,\"valueName\":\"search_term_string\"}}],\"inLanguage\":\"pt-BR\"},{\"@type\":\"Organization\",\"@id\":\"https:\\\/\\\/pre.efe.com\\\/pt-br\\\/#organization\",\"name\":\"Agencia EFE\",\"url\":\"https:\\\/\\\/pre.efe.com\\\/pt-br\\\/\",\"logo\":{\"@type\":\"ImageObject\",\"inLanguage\":\"pt-BR\",\"@id\":\"https:\\\/\\\/pre.efe.com\\\/pt-br\\\/#\\\/schema\\\/logo\\\/image\\\/\",\"url\":\"https:\\\/\\\/pre.efe.com\\\/wp-content\\\/uploads\\\/2023\\\/06\\\/logo-efe-467.png\",\"contentUrl\":\"https:\\\/\\\/pre.efe.com\\\/wp-content\\\/uploads\\\/2023\\\/06\\\/logo-efe-467.png\",\"width\":467,\"height\":467,\"caption\":\"Agencia EFE\"},\"image\":{\"@id\":\"https:\\\/\\\/pre.efe.com\\\/pt-br\\\/#\\\/schema\\\/logo\\\/image\\\/\"},\"sameAs\":[\"https:\\\/\\\/www.facebook.com\\\/AgenciaEFEnoticias\\\/\",\"https:\\\/\\\/x.com\\\/efenoticias\",\"https:\\\/\\\/www.instagram.com\\\/efe_noticias\\\/\",\"http:\\\/\\\/www.youtube.com\\\/efe\"]},{\"@type\":\"Person\",\"@id\":\"https:\\\/\\\/pre.efe.com\\\/pt-br\\\/#\\\/schema\\\/person\\\/b19f23f210db552768f68a4b552b004f\",\"name\":\"anachain\",\"image\":{\"@type\":\"ImageObject\",\"inLanguage\":\"pt-BR\",\"@id\":\"https:\\\/\\\/secure.gravatar.com\\\/avatar\\\/30b83965911ef1108bb893c00bdd65c885f9890e1265ee04b02c3d5adc785d37?s=96&d=identicon&r=g\",\"url\":\"https:\\\/\\\/secure.gravatar.com\\\/avatar\\\/30b83965911ef1108bb893c00bdd65c885f9890e1265ee04b02c3d5adc785d37?s=96&d=identicon&r=g\",\"contentUrl\":\"https:\\\/\\\/secure.gravatar.com\\\/avatar\\\/30b83965911ef1108bb893c00bdd65c885f9890e1265ee04b02c3d5adc785d37?s=96&d=identicon&r=g\",\"caption\":\"anachain\"},\"url\":\"https:\\\/\\\/pre.efe.com\\\/pt-br\\\/autor\\\/anachain\\\/\"}]}<\/script>\n<!-- \/ Yoast SEO Premium plugin. -->","yoast_head_json":{"title":"Tribunal de Estrasburgo considera que a ina\u00e7\u00e3o clim\u00e1tica viola os direitos humanos - EFE","robots":{"index":"noindex","follow":"follow"},"og_locale":"pt_BR","og_type":"article","og_title":"Tribunal de Estrasburgo considera que a ina\u00e7\u00e3o clim\u00e1tica viola os direitos humanos - EFE","og_description":"Estrasburgo (EFE).- O Tribunal de Estrasburgo emitiu, nesta ter\u00e7a-feira, uma decis\u00e3o hist\u00f3rica a favor de uma das tr\u00eas demandas judiciais levantadas pela a\u00e7\u00e3o insuficiente dos Estados para limitar as mudan\u00e7as clim\u00e1ticas e observou que a Su\u00ed\u00e7a violou os direitos humanos de um grupo de mulheres idosas. No entanto, os ju\u00edzes anularam o processo de grande ... Leia mais","og_url":"https:\/\/pre.efe.com\/pt-br\/mundo-2\/2024-04-09\/tribunal-de-estrasburgo-considera-que-a-inacao-climatica-viola-os-direitos-humanos\/","og_site_name":"EFE Noticias","article_publisher":"https:\/\/www.facebook.com\/AgenciaEFEnoticias\/","article_published_time":"2024-04-09T17:09:00+00:00","article_modified_time":"2024-04-09T21:17:49+00:00","og_image":[{"width":900,"height":600,"url":"https:\/\/i0.wp.com\/efe.com\/\/srv\/htdocs\/wp-content\/uploads\/2024\/02\/estudio-soledad.jpg?fit=900%2C600&ssl=1","type":"image\/jpeg"}],"author":"anachain","twitter_card":"summary_large_image","twitter_creator":"@efenoticias","twitter_site":"@efenoticias","schema":{"@context":"https:\/\/schema.org","@graph":[{"@type":"NewsArticle","@id":"https:\/\/pre.efe.com\/pt-br\/mundo-2\/2024-04-09\/tribunal-de-estrasburgo-considera-que-a-inacao-climatica-viola-os-direitos-humanos\/#article","isPartOf":{"@id":"https:\/\/pre.efe.com\/pt-br\/mundo-2\/2024-04-09\/tribunal-de-estrasburgo-considera-que-a-inacao-climatica-viola-os-direitos-humanos\/"},"author":{"name":"anachain","@id":"https:\/\/pre.efe.com\/pt-br\/#\/schema\/person\/b19f23f210db552768f68a4b552b004f"},"headline":"Tribunal de Estrasburgo considera que a ina\u00e7\u00e3o clim\u00e1tica viola os direitos humanos","datePublished":"2024-04-09T17:09:00+00:00","dateModified":"2024-04-09T21:17:49+00:00","mainEntityOfPage":{"@id":"https:\/\/pre.efe.com\/pt-br\/mundo-2\/2024-04-09\/tribunal-de-estrasburgo-considera-que-a-inacao-climatica-viola-os-direitos-humanos\/"},"wordCount":490,"publisher":{"@id":"https:\/\/pre.efe.com\/pt-br\/#organization"},"image":{"@id":"https:\/\/pre.efe.com\/pt-br\/mundo-2\/2024-04-09\/tribunal-de-estrasburgo-considera-que-a-inacao-climatica-viola-os-direitos-humanos\/#primaryimage"},"thumbnailUrl":"https:\/\/pre.efe.com\/wp-content\/uploads\/2024\/02\/estudio-soledad.jpg","keywords":["Clima","Crise climatica","Meio ambiente"],"articleSection":["Mundo","Portada"],"inLanguage":"pt-BR","copyrightYear":"2024","copyrightHolder":{"@id":"https:\/\/pre.efe.com\/#organization"}},{"@type":["WebPage","ItemPage"],"@id":"https:\/\/pre.efe.com\/pt-br\/mundo-2\/2024-04-09\/tribunal-de-estrasburgo-considera-que-a-inacao-climatica-viola-os-direitos-humanos\/","url":"https:\/\/pre.efe.com\/pt-br\/mundo-2\/2024-04-09\/tribunal-de-estrasburgo-considera-que-a-inacao-climatica-viola-os-direitos-humanos\/","name":"Tribunal de Estrasburgo considera que a ina\u00e7\u00e3o clim\u00e1tica viola os direitos humanos - EFE","isPartOf":{"@id":"https:\/\/pre.efe.com\/pt-br\/#website"},"primaryImageOfPage":{"@id":"https:\/\/pre.efe.com\/pt-br\/mundo-2\/2024-04-09\/tribunal-de-estrasburgo-considera-que-a-inacao-climatica-viola-os-direitos-humanos\/#primaryimage"},"image":{"@id":"https:\/\/pre.efe.com\/pt-br\/mundo-2\/2024-04-09\/tribunal-de-estrasburgo-considera-que-a-inacao-climatica-viola-os-direitos-humanos\/#primaryimage"},"thumbnailUrl":"https:\/\/pre.efe.com\/wp-content\/uploads\/2024\/02\/estudio-soledad.jpg","datePublished":"2024-04-09T17:09:00+00:00","dateModified":"2024-04-09T21:17:49+00:00","breadcrumb":{"@id":"https:\/\/pre.efe.com\/pt-br\/mundo-2\/2024-04-09\/tribunal-de-estrasburgo-considera-que-a-inacao-climatica-viola-os-direitos-humanos\/#breadcrumb"},"inLanguage":"pt-BR","potentialAction":[{"@type":"ReadAction","target":["https:\/\/pre.efe.com\/pt-br\/mundo-2\/2024-04-09\/tribunal-de-estrasburgo-considera-que-a-inacao-climatica-viola-os-direitos-humanos\/"]}]},{"@type":"ImageObject","inLanguage":"pt-BR","@id":"https:\/\/pre.efe.com\/pt-br\/mundo-2\/2024-04-09\/tribunal-de-estrasburgo-considera-que-a-inacao-climatica-viola-os-direitos-humanos\/#primaryimage","url":"https:\/\/pre.efe.com\/wp-content\/uploads\/2024\/02\/estudio-soledad.jpg","contentUrl":"https:\/\/pre.efe.com\/wp-content\/uploads\/2024\/02\/estudio-soledad.jpg","width":900,"height":600,"caption":"Uma jovem se refresca durante uma onda de calor na Espnha. EFE\/Arquivo\/Biel Ali\u00f1o"},{"@type":"BreadcrumbList","@id":"https:\/\/pre.efe.com\/pt-br\/mundo-2\/2024-04-09\/tribunal-de-estrasburgo-considera-que-a-inacao-climatica-viola-os-direitos-humanos\/#breadcrumb","itemListElement":[{"@type":"ListItem","position":1,"name":"Portada","item":"https:\/\/pre.efe.com\/pt-br\/"},{"@type":"ListItem","position":2,"name":"Tribunal de Estrasburgo considera que a ina\u00e7\u00e3o clim\u00e1tica viola os direitos humanos"}]},{"@type":"WebSite","@id":"https:\/\/pre.efe.com\/pt-br\/#website","url":"https:\/\/pre.efe.com\/pt-br\/","name":"EFE Noticias","description":"","publisher":{"@id":"https:\/\/pre.efe.com\/pt-br\/#organization"},"potentialAction":[{"@type":"SearchAction","target":{"@type":"EntryPoint","urlTemplate":"https:\/\/pre.efe.com\/pt-br\/?s={search_term_string}"},"query-input":{"@type":"PropertyValueSpecification","valueRequired":true,"valueName":"search_term_string"}}],"inLanguage":"pt-BR"},{"@type":"Organization","@id":"https:\/\/pre.efe.com\/pt-br\/#organization","name":"Agencia EFE","url":"https:\/\/pre.efe.com\/pt-br\/","logo":{"@type":"ImageObject","inLanguage":"pt-BR","@id":"https:\/\/pre.efe.com\/pt-br\/#\/schema\/logo\/image\/","url":"https:\/\/pre.efe.com\/wp-content\/uploads\/2023\/06\/logo-efe-467.png","contentUrl":"https:\/\/pre.efe.com\/wp-content\/uploads\/2023\/06\/logo-efe-467.png","width":467,"height":467,"caption":"Agencia EFE"},"image":{"@id":"https:\/\/pre.efe.com\/pt-br\/#\/schema\/logo\/image\/"},"sameAs":["https:\/\/www.facebook.com\/AgenciaEFEnoticias\/","https:\/\/x.com\/efenoticias","https:\/\/www.instagram.com\/efe_noticias\/","http:\/\/www.youtube.com\/efe"]},{"@type":"Person","@id":"https:\/\/pre.efe.com\/pt-br\/#\/schema\/person\/b19f23f210db552768f68a4b552b004f","name":"anachain","image":{"@type":"ImageObject","inLanguage":"pt-BR","@id":"https:\/\/secure.gravatar.com\/avatar\/30b83965911ef1108bb893c00bdd65c885f9890e1265ee04b02c3d5adc785d37?s=96&d=identicon&r=g","url":"https:\/\/secure.gravatar.com\/avatar\/30b83965911ef1108bb893c00bdd65c885f9890e1265ee04b02c3d5adc785d37?s=96&d=identicon&r=g","contentUrl":"https:\/\/secure.gravatar.com\/avatar\/30b83965911ef1108bb893c00bdd65c885f9890e1265ee04b02c3d5adc785d37?s=96&d=identicon&r=g","caption":"anachain"},"url":"https:\/\/pre.efe.com\/pt-br\/autor\/anachain\/"}]}},"jetpack_featured_media_url":"https:\/\/pre.efe.com\/wp-content\/uploads\/2024\/02\/estudio-soledad.jpg","jetpack_shortlink":"https:\/\/wp.me\/peJvHm-4hS4","jetpack_sharing_enabled":true,"_links":{"self":[{"href":"https:\/\/pre.efe.com\/pt-br\/wp-json\/wp\/v2\/posts\/1022012","targetHints":{"allow":["GET"]}}],"collection":[{"href":"https:\/\/pre.efe.com\/pt-br\/wp-json\/wp\/v2\/posts"}],"about":[{"href":"https:\/\/pre.efe.com\/pt-br\/wp-json\/wp\/v2\/types\/post"}],"author":[{"embeddable":true,"href":"https:\/\/pre.efe.com\/pt-br\/wp-json\/wp\/v2\/users\/198164106"}],"replies":[{"embeddable":true,"href":"https:\/\/pre.efe.com\/pt-br\/wp-json\/wp\/v2\/comments?post=1022012"}],"version-history":[{"count":2,"href":"https:\/\/pre.efe.com\/pt-br\/wp-json\/wp\/v2\/posts\/1022012\/revisions"}],"predecessor-version":[{"id":1022079,"href":"https:\/\/pre.efe.com\/pt-br\/wp-json\/wp\/v2\/posts\/1022012\/revisions\/1022079"}],"wp:featuredmedia":[{"embeddable":true,"href":"https:\/\/pre.efe.com\/pt-br\/wp-json\/wp\/v2\/media\/901276"}],"wp:attachment":[{"href":"https:\/\/pre.efe.com\/pt-br\/wp-json\/wp\/v2\/media?parent=1022012"}],"wp:term":[{"taxonomy":"category","embeddable":true,"href":"https:\/\/pre.efe.com\/pt-br\/wp-json\/wp\/v2\/categories?post=1022012"},{"taxonomy":"post_tag","embeddable":true,"href":"https:\/\/pre.efe.com\/pt-br\/wp-json\/wp\/v2\/tags?post=1022012"}],"curies":[{"name":"wp","href":"https:\/\/api.w.org\/{rel}","templated":true}]}}