{"id":104398,"date":"2022-10-03T17:01:44","date_gmt":"2022-10-03T15:01:44","guid":{"rendered":"https:\/\/pre.efe.com\/?p=104398"},"modified":"2022-10-03T17:01:46","modified_gmt":"2022-10-03T15:01:46","slug":"brasil-e-argentina-levam-rivalidade-historica-para-a-arena","status":"publish","type":"post","link":"https:\/\/pre.efe.com\/pt-br\/esportes\/2022-10-03\/brasil-e-argentina-levam-rivalidade-historica-para-a-arena\/","title":{"rendered":"Brasil e Argentina levam rivalidade hist\u00f3rica para a arena"},"content":{"rendered":"\n<p>Barcelona (<a href=\"https:\/\/pre.efe.com\/pt-br\/\">EFE<\/a>).- A rivalidade esportiva entre Brasil e Argentina \u00e9 hist\u00f3rica, sobretudo no futebol, mas tamb\u00e9m \u00e9 levada para qualquer outra competi\u00e7\u00f5es, como, por exemplo, a final mundial da Copa das Na\u00e7\u00f5es Longines FEI Jumping, que acontece neste fim de semana em Barcelona, na Espanha.<\/p>\n\n\n\n<p>O Real Club de Polo da capital da Catalunha sediar\u00e1 um dos torneios mais populares do hipismo internacional, onde sele\u00e7\u00f5es de todo o mundo disputam o t\u00edtulo, em que o Brasil tentar\u00e1 superar, entre outras concorrentes, a Argentina, que \u00e9 treinada por um brasileiro.<\/p>\n\n\n\n<p>O mineiro Vitor Alves Teixeira, de 64 anos, participou dos Jogos Ol\u00edmpicos de 1984, 1988 e 1992, de seis edi\u00e7\u00f5es dos Jogos Pan-Americanos, tamb\u00e9m dos Jogos Equestres Mundiais, mas na arena de Barcelona, defender\u00e1 a bandeira argentina.<\/p>\n\n\n\n<p>&#8220;A rivalidade entre Brasil e Argentina \u00e9 muito forte no futebol, em Buenos Aires, a gente se respeita muito e acho que os brasileiros s\u00e3o bem recebidos quando v\u00e3o \u00e0 Argentina, e vice-versa. Mas, a vontade de ganhar est\u00e1 sempre presente&#8221;, afirmou Teixeira, em entrevista \u00e0 Ag\u00eancia Efe.&nbsp;<\/p>\n\n\n\n<p>O t\u00e9cnico, que segue ativo cavaleiro, explicou que os primeiros contatos com a sele\u00e7\u00e3o argentina aconteceram h\u00e1 20 anos, na edi\u00e7\u00e3o dos Jogos Equestres Mundiais realizada em Jerez de la Frontera, na Espanha.<\/p>\n\n\n\n<p>Pouco depois, se tornou o chefe da equipe principal e, segundo ele, &#8220;havia um pouco de receio&#8221; no Brasil pela situa\u00e7\u00e3o, inclusive, depois de ter recebido no passado um contive para treinar a equipe do pa\u00eds de origem.<\/p>\n\n\n\n<p>No entanto, Teixeira garante que, no momento, o objetivo \u00e9 completar &#8220;o compromisso e o contrato&#8221; com a Argentina.<\/p>\n\n\n\n<p>&#8220;N\u00e3o sei o que acontecer\u00e1 no futuro, logicamente, \u00e9 um sonho poder dirigir a equipe do Brasil, que tem bons conjuntos, mas agora devo defender as cores da Argentina. Espero que, no futuro, me caiba assumir essa grande responsabilidade no meu pa\u00eds&#8221;, afirmou o t\u00e9cnico.<\/p>\n\n\n\n<p>Enquanto isso, Teixeira se mostra feliz por classificar a Argentina pela primeira vez \u00e0 final da Copa das Na\u00e7\u00f5es, organizada pela Federa\u00e7\u00e3o Equestre Internacional (FEI), com a chance de ganhar neste s\u00e1bado a Challenge Cup, se conseguir superar o favorito, que \u00e9, justamente, o Brasil. <a href=\"https:\/\/efs.efeservicios.com\/\">EFE<\/a><\/p>\n","protected":false},"excerpt":{"rendered":"<p>Barcelona (EFE).- A rivalidade esportiva entre Brasil e Argentina \u00e9 hist\u00f3rica, sobretudo no futebol, mas tamb\u00e9m \u00e9 levada para qualquer outra competi\u00e7\u00f5es, como, por exemplo, a final mundial da Copa das Na\u00e7\u00f5es Longines FEI Jumping, que acontece neste fim de semana em Barcelona, na Espanha. O Real Club de Polo da capital da Catalunha sediar\u00e1 &#8230; <a title=\"Brasil e Argentina levam rivalidade hist\u00f3rica para a arena\" class=\"read-more\" href=\"https:\/\/pre.efe.com\/pt-br\/esportes\/2022-10-03\/brasil-e-argentina-levam-rivalidade-historica-para-a-arena\/\" aria-label=\"Read more about Brasil e Argentina levam rivalidade hist\u00f3rica para a arena\">Leia mais<\/a><\/p>\n","protected":false},"author":198164106,"featured_media":104425,"comment_status":"closed","ping_status":"closed","sticky":false,"template":"","format":"standard","meta":{"_acf_changed":false,"_jetpack_memberships_contains_paid_content":false,"footnotes":""},"categories":[121968,122144],"tags":[123506,123505],"class_list":["post-104398","post","type-post","status-publish","format-standard","has-post-thumbnail","hentry","category-esportes","category-outras-noticias","tag-barcelona-2","tag-hipismo","generate-columns","tablet-grid-50","mobile-grid-100","grid-parent","grid-50"],"acf":[],"yoast_head":"<!-- This site is optimized with the Yoast SEO Premium plugin v26.0 (Yoast SEO v27.5) - https:\/\/yoast.com\/product\/yoast-seo-premium-wordpress\/ -->\n<title>Brasil e Argentina levam rivalidade hist\u00f3rica para a arena<\/title>\n<meta name=\"description\" content=\"A rivalidade esportiva entre Brasil e Argentina \u00e9 hist\u00f3rica, sobretudo no futebol, mas tamb\u00e9m \u00e9 levada para a final mundial da Copa das Na\u00e7\u00f5es Longines FEI Jumping.\" \/>\n<meta name=\"robots\" content=\"noindex, follow\" \/>\n<meta property=\"og:locale\" content=\"pt_BR\" \/>\n<meta property=\"og:type\" content=\"article\" \/>\n<meta property=\"og:title\" content=\"Brasil e Argentina levam rivalidade hist\u00f3rica para a arena - EFE\" \/>\n<meta property=\"og:description\" content=\"A rivalidade esportiva entre Brasil e Argentina \u00e9 hist\u00f3rica, sobretudo no futebol, mas tamb\u00e9m \u00e9 levada para a final mundial da Copa das Na\u00e7\u00f5es Longines FEI Jumping.\" \/>\n<meta property=\"og:url\" content=\"https:\/\/pre.efe.com\/pt-br\/esportes\/2022-10-03\/brasil-e-argentina-levam-rivalidade-historica-para-a-arena\/\" \/>\n<meta property=\"og:site_name\" content=\"EFE Noticias\" \/>\n<meta property=\"article:publisher\" content=\"https:\/\/www.facebook.com\/AgenciaEFEnoticias\/\" \/>\n<meta property=\"article:published_time\" content=\"2022-10-03T15:01:44+00:00\" \/>\n<meta property=\"article:modified_time\" content=\"2022-10-03T15:01:46+00:00\" \/>\n<meta property=\"og:image\" content=\"https:\/\/i0.wp.com\/efe.com\/\/srv\/htdocs\/wp-content\/uploads\/2022\/10\/PEDRO-VENNIS.jpg?fit=900%2C600&ssl=1\" \/>\n\t<meta property=\"og:image:width\" content=\"900\" \/>\n\t<meta property=\"og:image:height\" content=\"600\" \/>\n\t<meta property=\"og:image:type\" content=\"image\/jpeg\" \/>\n<meta name=\"author\" content=\"anachain\" \/>\n<meta name=\"twitter:card\" content=\"summary_large_image\" \/>\n<meta name=\"twitter:creator\" content=\"@efenoticias\" \/>\n<meta name=\"twitter:site\" content=\"@efenoticias\" \/>\n<script type=\"application\/ld+json\" class=\"yoast-schema-graph\">{\"@context\":\"https:\\\/\\\/schema.org\",\"@graph\":[{\"@type\":\"NewsArticle\",\"@id\":\"https:\\\/\\\/pre.efe.com\\\/pt-br\\\/esportes\\\/2022-10-03\\\/brasil-e-argentina-levam-rivalidade-historica-para-a-arena\\\/#article\",\"isPartOf\":{\"@id\":\"https:\\\/\\\/pre.efe.com\\\/pt-br\\\/esportes\\\/2022-10-03\\\/brasil-e-argentina-levam-rivalidade-historica-para-a-arena\\\/\"},\"author\":{\"name\":\"anachain\",\"@id\":\"https:\\\/\\\/pre.efe.com\\\/pt-br\\\/#\\\/schema\\\/person\\\/b19f23f210db552768f68a4b552b004f\"},\"headline\":\"Brasil e Argentina levam rivalidade hist\u00f3rica para a arena\",\"datePublished\":\"2022-10-03T15:01:44+00:00\",\"dateModified\":\"2022-10-03T15:01:46+00:00\",\"mainEntityOfPage\":{\"@id\":\"https:\\\/\\\/pre.efe.com\\\/pt-br\\\/esportes\\\/2022-10-03\\\/brasil-e-argentina-levam-rivalidade-historica-para-a-arena\\\/\"},\"wordCount\":375,\"publisher\":{\"@id\":\"https:\\\/\\\/pre.efe.com\\\/pt-br\\\/#organization\"},\"image\":{\"@id\":\"https:\\\/\\\/pre.efe.com\\\/pt-br\\\/esportes\\\/2022-10-03\\\/brasil-e-argentina-levam-rivalidade-historica-para-a-arena\\\/#primaryimage\"},\"thumbnailUrl\":\"https:\\\/\\\/pre.efe.com\\\/wp-content\\\/uploads\\\/2022\\\/10\\\/PEDRO-VENNIS.jpg\",\"keywords\":[\"Barcelona\",\"Hipismo\"],\"articleSection\":[\"Esportes\",\"Outras not\u00edcias\"],\"inLanguage\":\"pt-BR\",\"copyrightYear\":\"2022\",\"copyrightHolder\":{\"@id\":\"https:\\\/\\\/pre.efe.com\\\/#organization\"}},{\"@type\":[\"WebPage\",\"ItemPage\"],\"@id\":\"https:\\\/\\\/pre.efe.com\\\/pt-br\\\/esportes\\\/2022-10-03\\\/brasil-e-argentina-levam-rivalidade-historica-para-a-arena\\\/\",\"url\":\"https:\\\/\\\/pre.efe.com\\\/pt-br\\\/esportes\\\/2022-10-03\\\/brasil-e-argentina-levam-rivalidade-historica-para-a-arena\\\/\",\"name\":\"Brasil e Argentina levam rivalidade hist\u00f3rica para a arena\",\"isPartOf\":{\"@id\":\"https:\\\/\\\/pre.efe.com\\\/pt-br\\\/#website\"},\"primaryImageOfPage\":{\"@id\":\"https:\\\/\\\/pre.efe.com\\\/pt-br\\\/esportes\\\/2022-10-03\\\/brasil-e-argentina-levam-rivalidade-historica-para-a-arena\\\/#primaryimage\"},\"image\":{\"@id\":\"https:\\\/\\\/pre.efe.com\\\/pt-br\\\/esportes\\\/2022-10-03\\\/brasil-e-argentina-levam-rivalidade-historica-para-a-arena\\\/#primaryimage\"},\"thumbnailUrl\":\"https:\\\/\\\/pre.efe.com\\\/wp-content\\\/uploads\\\/2022\\\/10\\\/PEDRO-VENNIS.jpg\",\"datePublished\":\"2022-10-03T15:01:44+00:00\",\"dateModified\":\"2022-10-03T15:01:46+00:00\",\"description\":\"A rivalidade esportiva entre Brasil e Argentina \u00e9 hist\u00f3rica, sobretudo no futebol, mas tamb\u00e9m \u00e9 levada para a final mundial da Copa das Na\u00e7\u00f5es Longines FEI Jumping.\",\"breadcrumb\":{\"@id\":\"https:\\\/\\\/pre.efe.com\\\/pt-br\\\/esportes\\\/2022-10-03\\\/brasil-e-argentina-levam-rivalidade-historica-para-a-arena\\\/#breadcrumb\"},\"inLanguage\":\"pt-BR\",\"potentialAction\":[{\"@type\":\"ReadAction\",\"target\":[\"https:\\\/\\\/pre.efe.com\\\/pt-br\\\/esportes\\\/2022-10-03\\\/brasil-e-argentina-levam-rivalidade-historica-para-a-arena\\\/\"]}]},{\"@type\":\"ImageObject\",\"inLanguage\":\"pt-BR\",\"@id\":\"https:\\\/\\\/pre.efe.com\\\/pt-br\\\/esportes\\\/2022-10-03\\\/brasil-e-argentina-levam-rivalidade-historica-para-a-arena\\\/#primaryimage\",\"url\":\"https:\\\/\\\/pre.efe.com\\\/wp-content\\\/uploads\\\/2022\\\/10\\\/PEDRO-VENNIS.jpg\",\"contentUrl\":\"https:\\\/\\\/pre.efe.com\\\/wp-content\\\/uploads\\\/2022\\\/10\\\/PEDRO-VENNIS.jpg\",\"width\":900,\"height\":600,\"caption\":\"O brasileiro Pedro Vennis. EFE\\\/FEI\\\/Richard Juilliart\"},{\"@type\":\"BreadcrumbList\",\"@id\":\"https:\\\/\\\/pre.efe.com\\\/pt-br\\\/esportes\\\/2022-10-03\\\/brasil-e-argentina-levam-rivalidade-historica-para-a-arena\\\/#breadcrumb\",\"itemListElement\":[{\"@type\":\"ListItem\",\"position\":1,\"name\":\"Portada\",\"item\":\"https:\\\/\\\/pre.efe.com\\\/pt-br\\\/\"},{\"@type\":\"ListItem\",\"position\":2,\"name\":\"Brasil e Argentina levam rivalidade hist\u00f3rica para a arena\"}]},{\"@type\":\"WebSite\",\"@id\":\"https:\\\/\\\/pre.efe.com\\\/pt-br\\\/#website\",\"url\":\"https:\\\/\\\/pre.efe.com\\\/pt-br\\\/\",\"name\":\"EFE Noticias\",\"description\":\"\",\"publisher\":{\"@id\":\"https:\\\/\\\/pre.efe.com\\\/pt-br\\\/#organization\"},\"potentialAction\":[{\"@type\":\"SearchAction\",\"target\":{\"@type\":\"EntryPoint\",\"urlTemplate\":\"https:\\\/\\\/pre.efe.com\\\/pt-br\\\/?s={search_term_string}\"},\"query-input\":{\"@type\":\"PropertyValueSpecification\",\"valueRequired\":true,\"valueName\":\"search_term_string\"}}],\"inLanguage\":\"pt-BR\"},{\"@type\":\"Organization\",\"@id\":\"https:\\\/\\\/pre.efe.com\\\/pt-br\\\/#organization\",\"name\":\"Agencia EFE\",\"url\":\"https:\\\/\\\/pre.efe.com\\\/pt-br\\\/\",\"logo\":{\"@type\":\"ImageObject\",\"inLanguage\":\"pt-BR\",\"@id\":\"https:\\\/\\\/pre.efe.com\\\/pt-br\\\/#\\\/schema\\\/logo\\\/image\\\/\",\"url\":\"https:\\\/\\\/pre.efe.com\\\/wp-content\\\/uploads\\\/2023\\\/06\\\/logo-efe-467.png\",\"contentUrl\":\"https:\\\/\\\/pre.efe.com\\\/wp-content\\\/uploads\\\/2023\\\/06\\\/logo-efe-467.png\",\"width\":467,\"height\":467,\"caption\":\"Agencia EFE\"},\"image\":{\"@id\":\"https:\\\/\\\/pre.efe.com\\\/pt-br\\\/#\\\/schema\\\/logo\\\/image\\\/\"},\"sameAs\":[\"https:\\\/\\\/www.facebook.com\\\/AgenciaEFEnoticias\\\/\",\"https:\\\/\\\/x.com\\\/efenoticias\",\"https:\\\/\\\/www.instagram.com\\\/efe_noticias\\\/\",\"http:\\\/\\\/www.youtube.com\\\/efe\"]},{\"@type\":\"Person\",\"@id\":\"https:\\\/\\\/pre.efe.com\\\/pt-br\\\/#\\\/schema\\\/person\\\/b19f23f210db552768f68a4b552b004f\",\"name\":\"anachain\",\"image\":{\"@type\":\"ImageObject\",\"inLanguage\":\"pt-BR\",\"@id\":\"https:\\\/\\\/secure.gravatar.com\\\/avatar\\\/30b83965911ef1108bb893c00bdd65c885f9890e1265ee04b02c3d5adc785d37?s=96&d=identicon&r=g\",\"url\":\"https:\\\/\\\/secure.gravatar.com\\\/avatar\\\/30b83965911ef1108bb893c00bdd65c885f9890e1265ee04b02c3d5adc785d37?s=96&d=identicon&r=g\",\"contentUrl\":\"https:\\\/\\\/secure.gravatar.com\\\/avatar\\\/30b83965911ef1108bb893c00bdd65c885f9890e1265ee04b02c3d5adc785d37?s=96&d=identicon&r=g\",\"caption\":\"anachain\"},\"url\":\"https:\\\/\\\/pre.efe.com\\\/pt-br\\\/autor\\\/anachain\\\/\"}]}<\/script>\n<!-- \/ Yoast SEO Premium plugin. -->","yoast_head_json":{"title":"Brasil e Argentina levam rivalidade hist\u00f3rica para a arena","description":"A rivalidade esportiva entre Brasil e Argentina \u00e9 hist\u00f3rica, sobretudo no futebol, mas tamb\u00e9m \u00e9 levada para a final mundial da Copa das Na\u00e7\u00f5es Longines FEI Jumping.","robots":{"index":"noindex","follow":"follow"},"og_locale":"pt_BR","og_type":"article","og_title":"Brasil e Argentina levam rivalidade hist\u00f3rica para a arena - EFE","og_description":"A rivalidade esportiva entre Brasil e Argentina \u00e9 hist\u00f3rica, sobretudo no futebol, mas tamb\u00e9m \u00e9 levada para a final mundial da Copa das Na\u00e7\u00f5es Longines FEI Jumping.","og_url":"https:\/\/pre.efe.com\/pt-br\/esportes\/2022-10-03\/brasil-e-argentina-levam-rivalidade-historica-para-a-arena\/","og_site_name":"EFE Noticias","article_publisher":"https:\/\/www.facebook.com\/AgenciaEFEnoticias\/","article_published_time":"2022-10-03T15:01:44+00:00","article_modified_time":"2022-10-03T15:01:46+00:00","og_image":[{"width":900,"height":600,"url":"https:\/\/i0.wp.com\/efe.com\/\/srv\/htdocs\/wp-content\/uploads\/2022\/10\/PEDRO-VENNIS.jpg?fit=900%2C600&ssl=1","type":"image\/jpeg"}],"author":"anachain","twitter_card":"summary_large_image","twitter_creator":"@efenoticias","twitter_site":"@efenoticias","schema":{"@context":"https:\/\/schema.org","@graph":[{"@type":"NewsArticle","@id":"https:\/\/pre.efe.com\/pt-br\/esportes\/2022-10-03\/brasil-e-argentina-levam-rivalidade-historica-para-a-arena\/#article","isPartOf":{"@id":"https:\/\/pre.efe.com\/pt-br\/esportes\/2022-10-03\/brasil-e-argentina-levam-rivalidade-historica-para-a-arena\/"},"author":{"name":"anachain","@id":"https:\/\/pre.efe.com\/pt-br\/#\/schema\/person\/b19f23f210db552768f68a4b552b004f"},"headline":"Brasil e Argentina levam rivalidade hist\u00f3rica para a arena","datePublished":"2022-10-03T15:01:44+00:00","dateModified":"2022-10-03T15:01:46+00:00","mainEntityOfPage":{"@id":"https:\/\/pre.efe.com\/pt-br\/esportes\/2022-10-03\/brasil-e-argentina-levam-rivalidade-historica-para-a-arena\/"},"wordCount":375,"publisher":{"@id":"https:\/\/pre.efe.com\/pt-br\/#organization"},"image":{"@id":"https:\/\/pre.efe.com\/pt-br\/esportes\/2022-10-03\/brasil-e-argentina-levam-rivalidade-historica-para-a-arena\/#primaryimage"},"thumbnailUrl":"https:\/\/pre.efe.com\/wp-content\/uploads\/2022\/10\/PEDRO-VENNIS.jpg","keywords":["Barcelona","Hipismo"],"articleSection":["Esportes","Outras not\u00edcias"],"inLanguage":"pt-BR","copyrightYear":"2022","copyrightHolder":{"@id":"https:\/\/pre.efe.com\/#organization"}},{"@type":["WebPage","ItemPage"],"@id":"https:\/\/pre.efe.com\/pt-br\/esportes\/2022-10-03\/brasil-e-argentina-levam-rivalidade-historica-para-a-arena\/","url":"https:\/\/pre.efe.com\/pt-br\/esportes\/2022-10-03\/brasil-e-argentina-levam-rivalidade-historica-para-a-arena\/","name":"Brasil e Argentina levam rivalidade hist\u00f3rica para a arena","isPartOf":{"@id":"https:\/\/pre.efe.com\/pt-br\/#website"},"primaryImageOfPage":{"@id":"https:\/\/pre.efe.com\/pt-br\/esportes\/2022-10-03\/brasil-e-argentina-levam-rivalidade-historica-para-a-arena\/#primaryimage"},"image":{"@id":"https:\/\/pre.efe.com\/pt-br\/esportes\/2022-10-03\/brasil-e-argentina-levam-rivalidade-historica-para-a-arena\/#primaryimage"},"thumbnailUrl":"https:\/\/pre.efe.com\/wp-content\/uploads\/2022\/10\/PEDRO-VENNIS.jpg","datePublished":"2022-10-03T15:01:44+00:00","dateModified":"2022-10-03T15:01:46+00:00","description":"A rivalidade esportiva entre Brasil e Argentina \u00e9 hist\u00f3rica, sobretudo no futebol, mas tamb\u00e9m \u00e9 levada para a final mundial da Copa das Na\u00e7\u00f5es Longines FEI Jumping.","breadcrumb":{"@id":"https:\/\/pre.efe.com\/pt-br\/esportes\/2022-10-03\/brasil-e-argentina-levam-rivalidade-historica-para-a-arena\/#breadcrumb"},"inLanguage":"pt-BR","potentialAction":[{"@type":"ReadAction","target":["https:\/\/pre.efe.com\/pt-br\/esportes\/2022-10-03\/brasil-e-argentina-levam-rivalidade-historica-para-a-arena\/"]}]},{"@type":"ImageObject","inLanguage":"pt-BR","@id":"https:\/\/pre.efe.com\/pt-br\/esportes\/2022-10-03\/brasil-e-argentina-levam-rivalidade-historica-para-a-arena\/#primaryimage","url":"https:\/\/pre.efe.com\/wp-content\/uploads\/2022\/10\/PEDRO-VENNIS.jpg","contentUrl":"https:\/\/pre.efe.com\/wp-content\/uploads\/2022\/10\/PEDRO-VENNIS.jpg","width":900,"height":600,"caption":"O brasileiro Pedro Vennis. EFE\/FEI\/Richard Juilliart"},{"@type":"BreadcrumbList","@id":"https:\/\/pre.efe.com\/pt-br\/esportes\/2022-10-03\/brasil-e-argentina-levam-rivalidade-historica-para-a-arena\/#breadcrumb","itemListElement":[{"@type":"ListItem","position":1,"name":"Portada","item":"https:\/\/pre.efe.com\/pt-br\/"},{"@type":"ListItem","position":2,"name":"Brasil e Argentina levam rivalidade hist\u00f3rica para a arena"}]},{"@type":"WebSite","@id":"https:\/\/pre.efe.com\/pt-br\/#website","url":"https:\/\/pre.efe.com\/pt-br\/","name":"EFE Noticias","description":"","publisher":{"@id":"https:\/\/pre.efe.com\/pt-br\/#organization"},"potentialAction":[{"@type":"SearchAction","target":{"@type":"EntryPoint","urlTemplate":"https:\/\/pre.efe.com\/pt-br\/?s={search_term_string}"},"query-input":{"@type":"PropertyValueSpecification","valueRequired":true,"valueName":"search_term_string"}}],"inLanguage":"pt-BR"},{"@type":"Organization","@id":"https:\/\/pre.efe.com\/pt-br\/#organization","name":"Agencia EFE","url":"https:\/\/pre.efe.com\/pt-br\/","logo":{"@type":"ImageObject","inLanguage":"pt-BR","@id":"https:\/\/pre.efe.com\/pt-br\/#\/schema\/logo\/image\/","url":"https:\/\/pre.efe.com\/wp-content\/uploads\/2023\/06\/logo-efe-467.png","contentUrl":"https:\/\/pre.efe.com\/wp-content\/uploads\/2023\/06\/logo-efe-467.png","width":467,"height":467,"caption":"Agencia EFE"},"image":{"@id":"https:\/\/pre.efe.com\/pt-br\/#\/schema\/logo\/image\/"},"sameAs":["https:\/\/www.facebook.com\/AgenciaEFEnoticias\/","https:\/\/x.com\/efenoticias","https:\/\/www.instagram.com\/efe_noticias\/","http:\/\/www.youtube.com\/efe"]},{"@type":"Person","@id":"https:\/\/pre.efe.com\/pt-br\/#\/schema\/person\/b19f23f210db552768f68a4b552b004f","name":"anachain","image":{"@type":"ImageObject","inLanguage":"pt-BR","@id":"https:\/\/secure.gravatar.com\/avatar\/30b83965911ef1108bb893c00bdd65c885f9890e1265ee04b02c3d5adc785d37?s=96&d=identicon&r=g","url":"https:\/\/secure.gravatar.com\/avatar\/30b83965911ef1108bb893c00bdd65c885f9890e1265ee04b02c3d5adc785d37?s=96&d=identicon&r=g","contentUrl":"https:\/\/secure.gravatar.com\/avatar\/30b83965911ef1108bb893c00bdd65c885f9890e1265ee04b02c3d5adc785d37?s=96&d=identicon&r=g","caption":"anachain"},"url":"https:\/\/pre.efe.com\/pt-br\/autor\/anachain\/"}]}},"jetpack_featured_media_url":"https:\/\/pre.efe.com\/wp-content\/uploads\/2022\/10\/PEDRO-VENNIS.jpg","jetpack_shortlink":"https:\/\/wp.me\/peJvHm-r9Q","jetpack_sharing_enabled":true,"_links":{"self":[{"href":"https:\/\/pre.efe.com\/pt-br\/wp-json\/wp\/v2\/posts\/104398","targetHints":{"allow":["GET"]}}],"collection":[{"href":"https:\/\/pre.efe.com\/pt-br\/wp-json\/wp\/v2\/posts"}],"about":[{"href":"https:\/\/pre.efe.com\/pt-br\/wp-json\/wp\/v2\/types\/post"}],"author":[{"embeddable":true,"href":"https:\/\/pre.efe.com\/pt-br\/wp-json\/wp\/v2\/users\/198164106"}],"replies":[{"embeddable":true,"href":"https:\/\/pre.efe.com\/pt-br\/wp-json\/wp\/v2\/comments?post=104398"}],"version-history":[{"count":2,"href":"https:\/\/pre.efe.com\/pt-br\/wp-json\/wp\/v2\/posts\/104398\/revisions"}],"predecessor-version":[{"id":104429,"href":"https:\/\/pre.efe.com\/pt-br\/wp-json\/wp\/v2\/posts\/104398\/revisions\/104429"}],"wp:featuredmedia":[{"embeddable":true,"href":"https:\/\/pre.efe.com\/pt-br\/wp-json\/wp\/v2\/media\/104425"}],"wp:attachment":[{"href":"https:\/\/pre.efe.com\/pt-br\/wp-json\/wp\/v2\/media?parent=104398"}],"wp:term":[{"taxonomy":"category","embeddable":true,"href":"https:\/\/pre.efe.com\/pt-br\/wp-json\/wp\/v2\/categories?post=104398"},{"taxonomy":"post_tag","embeddable":true,"href":"https:\/\/pre.efe.com\/pt-br\/wp-json\/wp\/v2\/tags?post=104398"}],"curies":[{"name":"wp","href":"https:\/\/api.w.org\/{rel}","templated":true}]}}