{"id":104934,"date":"2022-10-03T23:37:49","date_gmt":"2022-10-03T21:37:49","guid":{"rendered":"https:\/\/pre.efe.com\/?p=104934"},"modified":"2022-10-04T16:52:14","modified_gmt":"2022-10-04T14:52:14","slug":"florida-confirma-58-mortes-causadas-por-furacao-ian","status":"publish","type":"post","link":"https:\/\/pre.efe.com\/pt-br\/mundo-2\/2022-10-03\/florida-confirma-58-mortes-causadas-por-furacao-ian\/","title":{"rendered":"Fl\u00f3rida confirma 58 mortes causadas por furac\u00e3o Ian"},"content":{"rendered":"\n<p>Miami (<a href=\"https:\/\/pre.efe.com\/pt-br\/\">EFE<\/a>).-\u00a0Autoridades da Fl\u00f3rida (EUA) confirmaram nesta segunda-feira que 58 mortes foram causadas pela passagem do furac\u00e3o Ian pelo estado, onde equipes de emerg\u00eancia mant\u00eam opera\u00e7\u00f5es de busca e resgate de sobreviventes.<\/p>\n\n\n\n<p>A maioria dessas mortes foi causada por afogamento ou parada card\u00edaca, e espera-se que o n\u00famero aumente nas pr\u00f3ximas horas e dias, disse em entrevista coletiva o diretor da Divis\u00e3o de Gerenciamento de Emerg\u00eancias da Fl\u00f3rida, Kevin Guthrie.<\/p>\n\n\n\n<p>Desde a semana passada, mais de 1,6 mil pessoas foram resgatadas em todo o estado, particularmente no sudoeste, a regi\u00e3o mais atingida por Ian, e no centro, onde muitas casas foram inundadas.<\/p>\n\n\n\n<p>Cinco dias ap\u00f3s Ian ter tocado solo em Cayo Costa, no sudoeste, com ventos de 240 km\/h, cerca de 600 mil pessoas ainda est\u00e3o sem energia el\u00e9trica, embora Guthrie tenha estimado que no pr\u00f3ximo domingo ela ser\u00e1 quase totalmente restabelecida, com exce\u00e7\u00e3o de casas e edif\u00edcios com &#8220;danos catastr\u00f3ficos&#8221;.<\/p>\n\n\n\n<p>Ele agradeceu aos mais de 43 mil trabalhadores que, logo ap\u00f3s o furac\u00e3o, conseguiram restaurar o servi\u00e7o de energia para mais de 2 milh\u00f5es de pessoas.<\/p>\n\n\n\n<p>O coronel Gene Spaulding, diretor da Patrulha Rodovi\u00e1ria da Fl\u00f3rida e que tamb\u00e9m participou da coletiva, disse que cerca de 1,7 mil integrantes dessa ag\u00eancia est\u00e3o mobilizados e conseguiram desobstruir e tornar operacionais cerca de 8 mil quil\u00f4metros de estradas estaduais.<\/p>\n\n\n\n<blockquote class=\"wp-block-quote is-layout-flow wp-block-quote-is-layout-flow\"><p>&#8220;Continuamos a ver muitas estradas inundadas&#8221;, afirmou ele.<\/p><\/blockquote>\n\n\n\n<h2 class=\"wp-block-heading\">Furac\u00e3o Ian deixa um rastro de destrui\u00e7\u00e3o<\/h2>\n\n\n\n<p>As autoridades do estado e as do condado de Lee trabalham em conjunto para reparar rodovias e restaurar o acesso terrestre a Pine Island, perto de Cayo Costa.<\/p>\n\n\n\n<p>Ray Murphy, o prefeito da vizinha Fort Myers Beach, disse hoje \u00e0 rede de televis\u00e3o &#8220;NBC News&#8221; que as opera\u00e7\u00f5es de busca e resgate continuar\u00e3o na cidade devastada por mais dois dias, durante os quais a ponte que a liga \u00e0 ilha de San Carlos ficar\u00e1 fechada.<\/p>\n\n\n\n<p>De acordo com o Escrit\u00f3rio de Regulamenta\u00e7\u00e3o de Seguros da Fl\u00f3rida, as seguradoras j\u00e1 receberam mais de 62 mil solicita\u00e7\u00f5es para cobrir, no total, US$ 474 milh\u00f5es em danos causados por Ian. A maioria dos pedidos se refere a resid\u00eancias.<\/p>\n\n\n\n<p>Guthrie disse que as autoridades elaboraram um plano para transferir todos aqueles que est\u00e3o em abrigos de emerg\u00eancia para abrigos tempor\u00e1rios.<\/p>\n\n\n\n<p>O presidente dos Estados Unidos, Joe Biden, e a primeira-dama, Jill Biden, t\u00eam previs\u00e3o de visitar a Fl\u00f3rida na quarta-feira. <a href=\"https:\/\/efs.efeservicios.com\/\">EFE<\/a><\/p>\n","protected":false},"excerpt":{"rendered":"<p>Miami (EFE).-\u00a0Autoridades da Fl\u00f3rida (EUA) confirmaram nesta segunda-feira que 58 mortes foram causadas pela passagem do furac\u00e3o Ian pelo estado, onde equipes de emerg\u00eancia mant\u00eam opera\u00e7\u00f5es de busca e resgate de sobreviventes. A maioria dessas mortes foi causada por afogamento ou parada card\u00edaca, e espera-se que o n\u00famero aumente nas pr\u00f3ximas horas e dias, disse &#8230; <a title=\"Fl\u00f3rida confirma 58 mortes causadas por furac\u00e3o Ian\" class=\"read-more\" href=\"https:\/\/pre.efe.com\/pt-br\/mundo-2\/2022-10-03\/florida-confirma-58-mortes-causadas-por-furacao-ian\/\" aria-label=\"Read more about Fl\u00f3rida confirma 58 mortes causadas por furac\u00e3o Ian\">Leia mais<\/a><\/p>\n","protected":false},"author":198164106,"featured_media":104984,"comment_status":"closed","ping_status":"closed","sticky":false,"template":"","format":"standard","meta":{"_acf_changed":false,"_jetpack_memberships_contains_paid_content":false,"footnotes":""},"categories":[123208,122141],"tags":[122371,123112],"class_list":["post-104934","post","type-post","status-publish","format-standard","has-post-thumbnail","hentry","category-mundo-2","category-portada","tag-eua","tag-furacao-2","generate-columns","tablet-grid-50","mobile-grid-100","grid-parent","grid-50"],"acf":[],"yoast_head":"<!-- This site is optimized with the Yoast SEO Premium plugin v26.0 (Yoast SEO v27.5) - https:\/\/yoast.com\/product\/yoast-seo-premium-wordpress\/ -->\n<title>Fl\u00f3rida confirma 58 mortes causadas por furac\u00e3o Ian<\/title>\n<meta name=\"description\" content=\"Autoridades da Fl\u00f3rida confirmaram nesta segunda-feira que 58 mortes foram causadas pela passagem do furac\u00e3o Ian pelo estado.\" \/>\n<meta name=\"robots\" content=\"noindex, follow\" \/>\n<meta property=\"og:locale\" content=\"pt_BR\" \/>\n<meta property=\"og:type\" content=\"article\" \/>\n<meta property=\"og:title\" content=\"Fl\u00f3rida confirma 58 mortes causadas por furac\u00e3o Ian - EFE\" \/>\n<meta property=\"og:description\" content=\"Autoridades da Fl\u00f3rida confirmaram nesta segunda-feira que 58 mortes foram causadas pela passagem do furac\u00e3o Ian pelo estado.\" \/>\n<meta property=\"og:url\" content=\"https:\/\/pre.efe.com\/pt-br\/mundo-2\/2022-10-03\/florida-confirma-58-mortes-causadas-por-furacao-ian\/\" \/>\n<meta property=\"og:site_name\" content=\"EFE Noticias\" \/>\n<meta property=\"article:publisher\" content=\"https:\/\/www.facebook.com\/AgenciaEFEnoticias\/\" \/>\n<meta property=\"article:published_time\" content=\"2022-10-03T21:37:49+00:00\" \/>\n<meta property=\"article:modified_time\" content=\"2022-10-04T14:52:14+00:00\" \/>\n<meta property=\"og:image\" content=\"https:\/\/i0.wp.com\/efe.com\/\/srv\/htdocs\/wp-content\/uploads\/2022\/10\/IAN-FLORIDA.jpg?fit=900%2C582&ssl=1\" \/>\n\t<meta property=\"og:image:width\" content=\"900\" \/>\n\t<meta property=\"og:image:height\" content=\"582\" \/>\n\t<meta property=\"og:image:type\" content=\"image\/jpeg\" \/>\n<meta name=\"author\" content=\"anachain\" \/>\n<meta name=\"twitter:card\" content=\"summary_large_image\" \/>\n<meta name=\"twitter:creator\" content=\"@efenoticias\" \/>\n<meta name=\"twitter:site\" content=\"@efenoticias\" \/>\n<script type=\"application\/ld+json\" class=\"yoast-schema-graph\">{\"@context\":\"https:\\\/\\\/schema.org\",\"@graph\":[{\"@type\":\"NewsArticle\",\"@id\":\"https:\\\/\\\/pre.efe.com\\\/pt-br\\\/mundo-2\\\/2022-10-03\\\/florida-confirma-58-mortes-causadas-por-furacao-ian\\\/#article\",\"isPartOf\":{\"@id\":\"https:\\\/\\\/pre.efe.com\\\/pt-br\\\/mundo-2\\\/2022-10-03\\\/florida-confirma-58-mortes-causadas-por-furacao-ian\\\/\"},\"author\":{\"name\":\"anachain\",\"@id\":\"https:\\\/\\\/pre.efe.com\\\/pt-br\\\/#\\\/schema\\\/person\\\/b19f23f210db552768f68a4b552b004f\"},\"headline\":\"Fl\u00f3rida confirma 58 mortes causadas por furac\u00e3o Ian\",\"datePublished\":\"2022-10-03T21:37:49+00:00\",\"dateModified\":\"2022-10-04T14:52:14+00:00\",\"mainEntityOfPage\":{\"@id\":\"https:\\\/\\\/pre.efe.com\\\/pt-br\\\/mundo-2\\\/2022-10-03\\\/florida-confirma-58-mortes-causadas-por-furacao-ian\\\/\"},\"wordCount\":436,\"publisher\":{\"@id\":\"https:\\\/\\\/pre.efe.com\\\/pt-br\\\/#organization\"},\"image\":{\"@id\":\"https:\\\/\\\/pre.efe.com\\\/pt-br\\\/mundo-2\\\/2022-10-03\\\/florida-confirma-58-mortes-causadas-por-furacao-ian\\\/#primaryimage\"},\"thumbnailUrl\":\"https:\\\/\\\/pre.efe.com\\\/wp-content\\\/uploads\\\/2022\\\/10\\\/IAN-FLORIDA.jpg\",\"keywords\":[\"EUA\",\"Furac\u00e3o\"],\"articleSection\":[\"Mundo\",\"Portada\"],\"inLanguage\":\"pt-BR\",\"copyrightYear\":\"2022\",\"copyrightHolder\":{\"@id\":\"https:\\\/\\\/pre.efe.com\\\/#organization\"}},{\"@type\":[\"WebPage\",\"ItemPage\"],\"@id\":\"https:\\\/\\\/pre.efe.com\\\/pt-br\\\/mundo-2\\\/2022-10-03\\\/florida-confirma-58-mortes-causadas-por-furacao-ian\\\/\",\"url\":\"https:\\\/\\\/pre.efe.com\\\/pt-br\\\/mundo-2\\\/2022-10-03\\\/florida-confirma-58-mortes-causadas-por-furacao-ian\\\/\",\"name\":\"Fl\u00f3rida confirma 58 mortes causadas por furac\u00e3o Ian\",\"isPartOf\":{\"@id\":\"https:\\\/\\\/pre.efe.com\\\/pt-br\\\/#website\"},\"primaryImageOfPage\":{\"@id\":\"https:\\\/\\\/pre.efe.com\\\/pt-br\\\/mundo-2\\\/2022-10-03\\\/florida-confirma-58-mortes-causadas-por-furacao-ian\\\/#primaryimage\"},\"image\":{\"@id\":\"https:\\\/\\\/pre.efe.com\\\/pt-br\\\/mundo-2\\\/2022-10-03\\\/florida-confirma-58-mortes-causadas-por-furacao-ian\\\/#primaryimage\"},\"thumbnailUrl\":\"https:\\\/\\\/pre.efe.com\\\/wp-content\\\/uploads\\\/2022\\\/10\\\/IAN-FLORIDA.jpg\",\"datePublished\":\"2022-10-03T21:37:49+00:00\",\"dateModified\":\"2022-10-04T14:52:14+00:00\",\"description\":\"Autoridades da Fl\u00f3rida confirmaram nesta segunda-feira que 58 mortes foram causadas pela passagem do furac\u00e3o Ian pelo estado.\",\"breadcrumb\":{\"@id\":\"https:\\\/\\\/pre.efe.com\\\/pt-br\\\/mundo-2\\\/2022-10-03\\\/florida-confirma-58-mortes-causadas-por-furacao-ian\\\/#breadcrumb\"},\"inLanguage\":\"pt-BR\",\"potentialAction\":[{\"@type\":\"ReadAction\",\"target\":[\"https:\\\/\\\/pre.efe.com\\\/pt-br\\\/mundo-2\\\/2022-10-03\\\/florida-confirma-58-mortes-causadas-por-furacao-ian\\\/\"]}]},{\"@type\":\"ImageObject\",\"inLanguage\":\"pt-BR\",\"@id\":\"https:\\\/\\\/pre.efe.com\\\/pt-br\\\/mundo-2\\\/2022-10-03\\\/florida-confirma-58-mortes-causadas-por-furacao-ian\\\/#primaryimage\",\"url\":\"https:\\\/\\\/pre.efe.com\\\/wp-content\\\/uploads\\\/2022\\\/10\\\/IAN-FLORIDA.jpg\",\"contentUrl\":\"https:\\\/\\\/pre.efe.com\\\/wp-content\\\/uploads\\\/2022\\\/10\\\/IAN-FLORIDA.jpg\",\"width\":900,\"height\":582,\"caption\":\"A Ilha de San Carlos ap\u00f3s a passagem do furac\u00e3o Iam por Fort Myers Beach. EFE\\\/Crist\u00f3bal Herrera-Ulashkevich\"},{\"@type\":\"BreadcrumbList\",\"@id\":\"https:\\\/\\\/pre.efe.com\\\/pt-br\\\/mundo-2\\\/2022-10-03\\\/florida-confirma-58-mortes-causadas-por-furacao-ian\\\/#breadcrumb\",\"itemListElement\":[{\"@type\":\"ListItem\",\"position\":1,\"name\":\"Portada\",\"item\":\"https:\\\/\\\/pre.efe.com\\\/pt-br\\\/\"},{\"@type\":\"ListItem\",\"position\":2,\"name\":\"Fl\u00f3rida confirma 58 mortes causadas por furac\u00e3o Ian\"}]},{\"@type\":\"WebSite\",\"@id\":\"https:\\\/\\\/pre.efe.com\\\/pt-br\\\/#website\",\"url\":\"https:\\\/\\\/pre.efe.com\\\/pt-br\\\/\",\"name\":\"EFE Noticias\",\"description\":\"\",\"publisher\":{\"@id\":\"https:\\\/\\\/pre.efe.com\\\/pt-br\\\/#organization\"},\"potentialAction\":[{\"@type\":\"SearchAction\",\"target\":{\"@type\":\"EntryPoint\",\"urlTemplate\":\"https:\\\/\\\/pre.efe.com\\\/pt-br\\\/?s={search_term_string}\"},\"query-input\":{\"@type\":\"PropertyValueSpecification\",\"valueRequired\":true,\"valueName\":\"search_term_string\"}}],\"inLanguage\":\"pt-BR\"},{\"@type\":\"Organization\",\"@id\":\"https:\\\/\\\/pre.efe.com\\\/pt-br\\\/#organization\",\"name\":\"Agencia EFE\",\"url\":\"https:\\\/\\\/pre.efe.com\\\/pt-br\\\/\",\"logo\":{\"@type\":\"ImageObject\",\"inLanguage\":\"pt-BR\",\"@id\":\"https:\\\/\\\/pre.efe.com\\\/pt-br\\\/#\\\/schema\\\/logo\\\/image\\\/\",\"url\":\"https:\\\/\\\/pre.efe.com\\\/wp-content\\\/uploads\\\/2023\\\/06\\\/logo-efe-467.png\",\"contentUrl\":\"https:\\\/\\\/pre.efe.com\\\/wp-content\\\/uploads\\\/2023\\\/06\\\/logo-efe-467.png\",\"width\":467,\"height\":467,\"caption\":\"Agencia EFE\"},\"image\":{\"@id\":\"https:\\\/\\\/pre.efe.com\\\/pt-br\\\/#\\\/schema\\\/logo\\\/image\\\/\"},\"sameAs\":[\"https:\\\/\\\/www.facebook.com\\\/AgenciaEFEnoticias\\\/\",\"https:\\\/\\\/x.com\\\/efenoticias\",\"https:\\\/\\\/www.instagram.com\\\/efe_noticias\\\/\",\"http:\\\/\\\/www.youtube.com\\\/efe\"]},{\"@type\":\"Person\",\"@id\":\"https:\\\/\\\/pre.efe.com\\\/pt-br\\\/#\\\/schema\\\/person\\\/b19f23f210db552768f68a4b552b004f\",\"name\":\"anachain\",\"image\":{\"@type\":\"ImageObject\",\"inLanguage\":\"pt-BR\",\"@id\":\"https:\\\/\\\/secure.gravatar.com\\\/avatar\\\/30b83965911ef1108bb893c00bdd65c885f9890e1265ee04b02c3d5adc785d37?s=96&d=identicon&r=g\",\"url\":\"https:\\\/\\\/secure.gravatar.com\\\/avatar\\\/30b83965911ef1108bb893c00bdd65c885f9890e1265ee04b02c3d5adc785d37?s=96&d=identicon&r=g\",\"contentUrl\":\"https:\\\/\\\/secure.gravatar.com\\\/avatar\\\/30b83965911ef1108bb893c00bdd65c885f9890e1265ee04b02c3d5adc785d37?s=96&d=identicon&r=g\",\"caption\":\"anachain\"},\"url\":\"https:\\\/\\\/pre.efe.com\\\/pt-br\\\/autor\\\/anachain\\\/\"}]}<\/script>\n<!-- \/ Yoast SEO Premium plugin. -->","yoast_head_json":{"title":"Fl\u00f3rida confirma 58 mortes causadas por furac\u00e3o Ian","description":"Autoridades da Fl\u00f3rida confirmaram nesta segunda-feira que 58 mortes foram causadas pela passagem do furac\u00e3o Ian pelo estado.","robots":{"index":"noindex","follow":"follow"},"og_locale":"pt_BR","og_type":"article","og_title":"Fl\u00f3rida confirma 58 mortes causadas por furac\u00e3o Ian - EFE","og_description":"Autoridades da Fl\u00f3rida confirmaram nesta segunda-feira que 58 mortes foram causadas pela passagem do furac\u00e3o Ian pelo estado.","og_url":"https:\/\/pre.efe.com\/pt-br\/mundo-2\/2022-10-03\/florida-confirma-58-mortes-causadas-por-furacao-ian\/","og_site_name":"EFE Noticias","article_publisher":"https:\/\/www.facebook.com\/AgenciaEFEnoticias\/","article_published_time":"2022-10-03T21:37:49+00:00","article_modified_time":"2022-10-04T14:52:14+00:00","og_image":[{"width":900,"height":582,"url":"https:\/\/i0.wp.com\/efe.com\/\/srv\/htdocs\/wp-content\/uploads\/2022\/10\/IAN-FLORIDA.jpg?fit=900%2C582&ssl=1","type":"image\/jpeg"}],"author":"anachain","twitter_card":"summary_large_image","twitter_creator":"@efenoticias","twitter_site":"@efenoticias","schema":{"@context":"https:\/\/schema.org","@graph":[{"@type":"NewsArticle","@id":"https:\/\/pre.efe.com\/pt-br\/mundo-2\/2022-10-03\/florida-confirma-58-mortes-causadas-por-furacao-ian\/#article","isPartOf":{"@id":"https:\/\/pre.efe.com\/pt-br\/mundo-2\/2022-10-03\/florida-confirma-58-mortes-causadas-por-furacao-ian\/"},"author":{"name":"anachain","@id":"https:\/\/pre.efe.com\/pt-br\/#\/schema\/person\/b19f23f210db552768f68a4b552b004f"},"headline":"Fl\u00f3rida confirma 58 mortes causadas por furac\u00e3o Ian","datePublished":"2022-10-03T21:37:49+00:00","dateModified":"2022-10-04T14:52:14+00:00","mainEntityOfPage":{"@id":"https:\/\/pre.efe.com\/pt-br\/mundo-2\/2022-10-03\/florida-confirma-58-mortes-causadas-por-furacao-ian\/"},"wordCount":436,"publisher":{"@id":"https:\/\/pre.efe.com\/pt-br\/#organization"},"image":{"@id":"https:\/\/pre.efe.com\/pt-br\/mundo-2\/2022-10-03\/florida-confirma-58-mortes-causadas-por-furacao-ian\/#primaryimage"},"thumbnailUrl":"https:\/\/pre.efe.com\/wp-content\/uploads\/2022\/10\/IAN-FLORIDA.jpg","keywords":["EUA","Furac\u00e3o"],"articleSection":["Mundo","Portada"],"inLanguage":"pt-BR","copyrightYear":"2022","copyrightHolder":{"@id":"https:\/\/pre.efe.com\/#organization"}},{"@type":["WebPage","ItemPage"],"@id":"https:\/\/pre.efe.com\/pt-br\/mundo-2\/2022-10-03\/florida-confirma-58-mortes-causadas-por-furacao-ian\/","url":"https:\/\/pre.efe.com\/pt-br\/mundo-2\/2022-10-03\/florida-confirma-58-mortes-causadas-por-furacao-ian\/","name":"Fl\u00f3rida confirma 58 mortes causadas por furac\u00e3o Ian","isPartOf":{"@id":"https:\/\/pre.efe.com\/pt-br\/#website"},"primaryImageOfPage":{"@id":"https:\/\/pre.efe.com\/pt-br\/mundo-2\/2022-10-03\/florida-confirma-58-mortes-causadas-por-furacao-ian\/#primaryimage"},"image":{"@id":"https:\/\/pre.efe.com\/pt-br\/mundo-2\/2022-10-03\/florida-confirma-58-mortes-causadas-por-furacao-ian\/#primaryimage"},"thumbnailUrl":"https:\/\/pre.efe.com\/wp-content\/uploads\/2022\/10\/IAN-FLORIDA.jpg","datePublished":"2022-10-03T21:37:49+00:00","dateModified":"2022-10-04T14:52:14+00:00","description":"Autoridades da Fl\u00f3rida confirmaram nesta segunda-feira que 58 mortes foram causadas pela passagem do furac\u00e3o Ian pelo estado.","breadcrumb":{"@id":"https:\/\/pre.efe.com\/pt-br\/mundo-2\/2022-10-03\/florida-confirma-58-mortes-causadas-por-furacao-ian\/#breadcrumb"},"inLanguage":"pt-BR","potentialAction":[{"@type":"ReadAction","target":["https:\/\/pre.efe.com\/pt-br\/mundo-2\/2022-10-03\/florida-confirma-58-mortes-causadas-por-furacao-ian\/"]}]},{"@type":"ImageObject","inLanguage":"pt-BR","@id":"https:\/\/pre.efe.com\/pt-br\/mundo-2\/2022-10-03\/florida-confirma-58-mortes-causadas-por-furacao-ian\/#primaryimage","url":"https:\/\/pre.efe.com\/wp-content\/uploads\/2022\/10\/IAN-FLORIDA.jpg","contentUrl":"https:\/\/pre.efe.com\/wp-content\/uploads\/2022\/10\/IAN-FLORIDA.jpg","width":900,"height":582,"caption":"A Ilha de San Carlos ap\u00f3s a passagem do furac\u00e3o Iam por Fort Myers Beach. EFE\/Crist\u00f3bal Herrera-Ulashkevich"},{"@type":"BreadcrumbList","@id":"https:\/\/pre.efe.com\/pt-br\/mundo-2\/2022-10-03\/florida-confirma-58-mortes-causadas-por-furacao-ian\/#breadcrumb","itemListElement":[{"@type":"ListItem","position":1,"name":"Portada","item":"https:\/\/pre.efe.com\/pt-br\/"},{"@type":"ListItem","position":2,"name":"Fl\u00f3rida confirma 58 mortes causadas por furac\u00e3o Ian"}]},{"@type":"WebSite","@id":"https:\/\/pre.efe.com\/pt-br\/#website","url":"https:\/\/pre.efe.com\/pt-br\/","name":"EFE Noticias","description":"","publisher":{"@id":"https:\/\/pre.efe.com\/pt-br\/#organization"},"potentialAction":[{"@type":"SearchAction","target":{"@type":"EntryPoint","urlTemplate":"https:\/\/pre.efe.com\/pt-br\/?s={search_term_string}"},"query-input":{"@type":"PropertyValueSpecification","valueRequired":true,"valueName":"search_term_string"}}],"inLanguage":"pt-BR"},{"@type":"Organization","@id":"https:\/\/pre.efe.com\/pt-br\/#organization","name":"Agencia EFE","url":"https:\/\/pre.efe.com\/pt-br\/","logo":{"@type":"ImageObject","inLanguage":"pt-BR","@id":"https:\/\/pre.efe.com\/pt-br\/#\/schema\/logo\/image\/","url":"https:\/\/pre.efe.com\/wp-content\/uploads\/2023\/06\/logo-efe-467.png","contentUrl":"https:\/\/pre.efe.com\/wp-content\/uploads\/2023\/06\/logo-efe-467.png","width":467,"height":467,"caption":"Agencia EFE"},"image":{"@id":"https:\/\/pre.efe.com\/pt-br\/#\/schema\/logo\/image\/"},"sameAs":["https:\/\/www.facebook.com\/AgenciaEFEnoticias\/","https:\/\/x.com\/efenoticias","https:\/\/www.instagram.com\/efe_noticias\/","http:\/\/www.youtube.com\/efe"]},{"@type":"Person","@id":"https:\/\/pre.efe.com\/pt-br\/#\/schema\/person\/b19f23f210db552768f68a4b552b004f","name":"anachain","image":{"@type":"ImageObject","inLanguage":"pt-BR","@id":"https:\/\/secure.gravatar.com\/avatar\/30b83965911ef1108bb893c00bdd65c885f9890e1265ee04b02c3d5adc785d37?s=96&d=identicon&r=g","url":"https:\/\/secure.gravatar.com\/avatar\/30b83965911ef1108bb893c00bdd65c885f9890e1265ee04b02c3d5adc785d37?s=96&d=identicon&r=g","contentUrl":"https:\/\/secure.gravatar.com\/avatar\/30b83965911ef1108bb893c00bdd65c885f9890e1265ee04b02c3d5adc785d37?s=96&d=identicon&r=g","caption":"anachain"},"url":"https:\/\/pre.efe.com\/pt-br\/autor\/anachain\/"}]}},"jetpack_featured_media_url":"https:\/\/pre.efe.com\/wp-content\/uploads\/2022\/10\/IAN-FLORIDA.jpg","jetpack_shortlink":"https:\/\/wp.me\/peJvHm-riu","jetpack_sharing_enabled":true,"_links":{"self":[{"href":"https:\/\/pre.efe.com\/pt-br\/wp-json\/wp\/v2\/posts\/104934","targetHints":{"allow":["GET"]}}],"collection":[{"href":"https:\/\/pre.efe.com\/pt-br\/wp-json\/wp\/v2\/posts"}],"about":[{"href":"https:\/\/pre.efe.com\/pt-br\/wp-json\/wp\/v2\/types\/post"}],"author":[{"embeddable":true,"href":"https:\/\/pre.efe.com\/pt-br\/wp-json\/wp\/v2\/users\/198164106"}],"replies":[{"embeddable":true,"href":"https:\/\/pre.efe.com\/pt-br\/wp-json\/wp\/v2\/comments?post=104934"}],"version-history":[{"count":2,"href":"https:\/\/pre.efe.com\/pt-br\/wp-json\/wp\/v2\/posts\/104934\/revisions"}],"predecessor-version":[{"id":104992,"href":"https:\/\/pre.efe.com\/pt-br\/wp-json\/wp\/v2\/posts\/104934\/revisions\/104992"}],"wp:featuredmedia":[{"embeddable":true,"href":"https:\/\/pre.efe.com\/pt-br\/wp-json\/wp\/v2\/media\/104984"}],"wp:attachment":[{"href":"https:\/\/pre.efe.com\/pt-br\/wp-json\/wp\/v2\/media?parent=104934"}],"wp:term":[{"taxonomy":"category","embeddable":true,"href":"https:\/\/pre.efe.com\/pt-br\/wp-json\/wp\/v2\/categories?post=104934"},{"taxonomy":"post_tag","embeddable":true,"href":"https:\/\/pre.efe.com\/pt-br\/wp-json\/wp\/v2\/tags?post=104934"}],"curies":[{"name":"wp","href":"https:\/\/api.w.org\/{rel}","templated":true}]}}