{"id":106297,"date":"2022-10-04T17:55:25","date_gmt":"2022-10-04T15:55:25","guid":{"rendered":"https:\/\/pre.efe.com\/?p=106297"},"modified":"2022-10-04T18:04:39","modified_gmt":"2022-10-04T16:04:39","slug":"gazprom-ameaca-cortar-fornecimento-de-gas-para-moldavia","status":"publish","type":"post","link":"https:\/\/pre.efe.com\/pt-br\/mundo-2\/2022-10-04\/gazprom-ameaca-cortar-fornecimento-de-gas-para-moldavia\/","title":{"rendered":"Gazprom amea\u00e7a cortar fornecimento de g\u00e1s para Mold\u00e1via"},"content":{"rendered":"\n<p>Moscou (<a href=\"https:\/\/pre.efe.com\/pt-br\/\">EFE<\/a>).- A companhia russa Gazprom amea\u00e7ou nesta ter\u00e7a-feira a Mold\u00e1via com o corte do fornecimento de g\u00e1s para o pa\u00eds e com a rescis\u00e3o do contrato firmado entre as partes, se as d\u00edvidas existentes n\u00e3o forem pagas antes de 20 de outubro, ap\u00f3s as cr\u00edticas do governo moldavo pela redu\u00e7\u00e3o de 30% do abastecimento.<\/p>\n\n\n\n<p>&#8220;A Gazprom se reserva a todos os seus direitos, incluindo a interrup\u00e7\u00e3o total do fornecimento, caso sejam descumpridos os compromissos de pagamento de g\u00e1s at\u00e9 20 de outubro de 2022, assim como o direito de rescindir o contrato a qualquer momento&#8221;, divulgou a empresa estatal por meio do Telegram.<\/p>\n\n\n\n<p>A companhia russa relacionou a declara\u00e7\u00e3o &#8220;\u00e0s graves viola\u00e7\u00f5es dos prazos da assinatura do acordo para liquidar a d\u00edvida hist\u00f3rica da Moldovagaz&#8221;, em refer\u00eancia ao operador do setor de g\u00e1s da Mold\u00e1via.<\/p>\n\n\n\n<blockquote class=\"wp-block-quote is-layout-flow wp-block-quote-is-layout-flow\"><p>&#8220;A partir de agora, qualquer solicita\u00e7\u00e3o da parte moldava que signifique mudan\u00e7as nas condi\u00e7\u00f5es dos contratos s\u00f3 ser\u00e3o processadas mediante aos correspondentes anexos ao contrato&#8221;, indicou a Gazprom.<\/p><\/blockquote>\n\n\n\n<p>A companhia russa acusou a Moldovagaz de &#8220;violar regularmente as condi\u00e7\u00f5es do contrato para os prazos de pagamento do g\u00e1s fornecido&#8221; em 2022, e indicou que a empresa moldava pediu diversas vezes &#8220;condi\u00e7\u00f5es contratuais menos rigorosas, em termos do volume do abastecimento&#8221;.<\/p>\n\n\n\n<blockquote class=\"wp-block-quote is-layout-flow wp-block-quote-is-layout-flow\"><p>&#8220;A Gazprom sempre foi compreensiva com as solicita\u00e7\u00f5es do lado moldavo, mostrando sua aspira\u00e7\u00e3o de manter uma coopera\u00e7\u00e3o a longo prazo e mutuamente ben\u00e9fica, e regularmente atendeu a essas solicita\u00e7\u00f5es&#8221;, apontou a empresa.<\/p><\/blockquote>\n\n\n\n<p>Na semana passada, o governo da Mold\u00e1via denunciou que a Gazprom diminuiu em 30% o volume de g\u00e1s fornecido ao pa\u00eds, cuja seguran\u00e7a energ\u00e9tica depende por completo da R\u00fassia.<\/p>\n\n\n\n<p>A Gazprom respondeu, lembrando que o operador ucraniano respons\u00e1vel por transportar g\u00e1s \u00e0 Europa &#8220;se nega&#8221; a oferecer o servi\u00e7o na plenitude, o que fez com que o volume para a Mold\u00e1via fosse de 5,7 milh\u00f5es c\u00fabicos de g\u00e1s di\u00e1rios.<\/p>\n\n\n\n<p>A rea\u00e7\u00e3o moldava foi de a de afirmar que a R\u00fassia tomou a decis\u00e3o de diminuir o abastecimento para n\u00e3o aplicar a redu\u00e7\u00e3o de pre\u00e7o que entrou em vigor em 1\u00ba de outubro. <a href=\"https:\/\/efs.efeservicios.com\/\">EFE<\/a><\/p>\n","protected":false},"excerpt":{"rendered":"<p>Moscou (EFE).- A companhia russa Gazprom amea\u00e7ou nesta ter\u00e7a-feira a Mold\u00e1via com o corte do fornecimento de g\u00e1s para o pa\u00eds e com a rescis\u00e3o do contrato firmado entre as partes, se as d\u00edvidas existentes n\u00e3o forem pagas antes de 20 de outubro, ap\u00f3s as cr\u00edticas do governo moldavo pela redu\u00e7\u00e3o de 30% do abastecimento. &#8230; <a title=\"Gazprom amea\u00e7a cortar fornecimento de g\u00e1s para Mold\u00e1via\" class=\"read-more\" href=\"https:\/\/pre.efe.com\/pt-br\/mundo-2\/2022-10-04\/gazprom-ameaca-cortar-fornecimento-de-gas-para-moldavia\/\" aria-label=\"Read more about Gazprom amea\u00e7a cortar fornecimento de g\u00e1s para Mold\u00e1via\">Leia mais<\/a><\/p>\n","protected":false},"author":198164106,"featured_media":106328,"comment_status":"closed","ping_status":"closed","sticky":false,"template":"","format":"standard","meta":{"_acf_changed":false,"_jetpack_memberships_contains_paid_content":false,"footnotes":""},"categories":[123208,122141],"tags":[122958],"class_list":["post-106297","post","type-post","status-publish","format-standard","has-post-thumbnail","hentry","category-mundo-2","category-portada","tag-russia-2","generate-columns","tablet-grid-50","mobile-grid-100","grid-parent","grid-50"],"acf":[],"yoast_head":"<!-- This site is optimized with the Yoast SEO Premium plugin v26.0 (Yoast SEO v27.5) - https:\/\/yoast.com\/product\/yoast-seo-premium-wordpress\/ -->\n<title>Gazprom amea\u00e7a cortar g\u00e1s para Mold\u00e1via<\/title>\n<meta name=\"description\" content=\"A companhia russa Gazprom amea\u00e7ou cortar o g\u00e1s da Mold\u00e1via se as d\u00edvidas existentes n\u00e3o forem pagas antes de 20 de outubro.\" \/>\n<meta name=\"robots\" content=\"noindex, follow\" \/>\n<meta property=\"og:locale\" content=\"pt_BR\" \/>\n<meta property=\"og:type\" content=\"article\" \/>\n<meta property=\"og:title\" content=\"Gazprom amea\u00e7a cortar fornecimento de g\u00e1s para Mold\u00e1via - EFE\" \/>\n<meta property=\"og:description\" content=\"A companhia russa Gazprom amea\u00e7ou cortar o g\u00e1s da Mold\u00e1via se as d\u00edvidas existentes n\u00e3o forem pagas antes de 20 de outubro.\" \/>\n<meta property=\"og:url\" content=\"https:\/\/pre.efe.com\/pt-br\/mundo-2\/2022-10-04\/gazprom-ameaca-cortar-fornecimento-de-gas-para-moldavia\/\" \/>\n<meta property=\"og:site_name\" content=\"EFE Noticias\" \/>\n<meta property=\"article:publisher\" content=\"https:\/\/www.facebook.com\/AgenciaEFEnoticias\/\" \/>\n<meta property=\"article:published_time\" content=\"2022-10-04T15:55:25+00:00\" \/>\n<meta property=\"article:modified_time\" content=\"2022-10-04T16:04:39+00:00\" \/>\n<meta property=\"og:image\" content=\"https:\/\/i0.wp.com\/efe.com\/\/srv\/htdocs\/wp-content\/uploads\/2022\/10\/GAZPROM.jpg?fit=900%2C600&ssl=1\" \/>\n\t<meta property=\"og:image:width\" content=\"900\" \/>\n\t<meta property=\"og:image:height\" content=\"600\" \/>\n\t<meta property=\"og:image:type\" content=\"image\/jpeg\" \/>\n<meta name=\"author\" content=\"anachain\" \/>\n<meta name=\"twitter:card\" content=\"summary_large_image\" \/>\n<meta name=\"twitter:creator\" content=\"@efenoticias\" \/>\n<meta name=\"twitter:site\" content=\"@efenoticias\" \/>\n<script type=\"application\/ld+json\" class=\"yoast-schema-graph\">{\"@context\":\"https:\\\/\\\/schema.org\",\"@graph\":[{\"@type\":\"NewsArticle\",\"@id\":\"https:\\\/\\\/pre.efe.com\\\/pt-br\\\/mundo-2\\\/2022-10-04\\\/gazprom-ameaca-cortar-fornecimento-de-gas-para-moldavia\\\/#article\",\"isPartOf\":{\"@id\":\"https:\\\/\\\/pre.efe.com\\\/pt-br\\\/mundo-2\\\/2022-10-04\\\/gazprom-ameaca-cortar-fornecimento-de-gas-para-moldavia\\\/\"},\"author\":{\"name\":\"anachain\",\"@id\":\"https:\\\/\\\/pre.efe.com\\\/pt-br\\\/#\\\/schema\\\/person\\\/b19f23f210db552768f68a4b552b004f\"},\"headline\":\"Gazprom amea\u00e7a cortar fornecimento de g\u00e1s para Mold\u00e1via\",\"datePublished\":\"2022-10-04T15:55:25+00:00\",\"dateModified\":\"2022-10-04T16:04:39+00:00\",\"mainEntityOfPage\":{\"@id\":\"https:\\\/\\\/pre.efe.com\\\/pt-br\\\/mundo-2\\\/2022-10-04\\\/gazprom-ameaca-cortar-fornecimento-de-gas-para-moldavia\\\/\"},\"wordCount\":397,\"publisher\":{\"@id\":\"https:\\\/\\\/pre.efe.com\\\/pt-br\\\/#organization\"},\"image\":{\"@id\":\"https:\\\/\\\/pre.efe.com\\\/pt-br\\\/mundo-2\\\/2022-10-04\\\/gazprom-ameaca-cortar-fornecimento-de-gas-para-moldavia\\\/#primaryimage\"},\"thumbnailUrl\":\"https:\\\/\\\/pre.efe.com\\\/wp-content\\\/uploads\\\/2022\\\/10\\\/GAZPROM.jpg\",\"keywords\":[\"Russia\"],\"articleSection\":[\"Mundo\",\"Portada\"],\"inLanguage\":\"pt-BR\",\"copyrightYear\":\"2022\",\"copyrightHolder\":{\"@id\":\"https:\\\/\\\/pre.efe.com\\\/#organization\"}},{\"@type\":[\"WebPage\",\"ItemPage\"],\"@id\":\"https:\\\/\\\/pre.efe.com\\\/pt-br\\\/mundo-2\\\/2022-10-04\\\/gazprom-ameaca-cortar-fornecimento-de-gas-para-moldavia\\\/\",\"url\":\"https:\\\/\\\/pre.efe.com\\\/pt-br\\\/mundo-2\\\/2022-10-04\\\/gazprom-ameaca-cortar-fornecimento-de-gas-para-moldavia\\\/\",\"name\":\"Gazprom amea\u00e7a cortar g\u00e1s para Mold\u00e1via\",\"isPartOf\":{\"@id\":\"https:\\\/\\\/pre.efe.com\\\/pt-br\\\/#website\"},\"primaryImageOfPage\":{\"@id\":\"https:\\\/\\\/pre.efe.com\\\/pt-br\\\/mundo-2\\\/2022-10-04\\\/gazprom-ameaca-cortar-fornecimento-de-gas-para-moldavia\\\/#primaryimage\"},\"image\":{\"@id\":\"https:\\\/\\\/pre.efe.com\\\/pt-br\\\/mundo-2\\\/2022-10-04\\\/gazprom-ameaca-cortar-fornecimento-de-gas-para-moldavia\\\/#primaryimage\"},\"thumbnailUrl\":\"https:\\\/\\\/pre.efe.com\\\/wp-content\\\/uploads\\\/2022\\\/10\\\/GAZPROM.jpg\",\"datePublished\":\"2022-10-04T15:55:25+00:00\",\"dateModified\":\"2022-10-04T16:04:39+00:00\",\"description\":\"A companhia russa Gazprom amea\u00e7ou cortar o g\u00e1s da Mold\u00e1via se as d\u00edvidas existentes n\u00e3o forem pagas antes de 20 de outubro.\",\"breadcrumb\":{\"@id\":\"https:\\\/\\\/pre.efe.com\\\/pt-br\\\/mundo-2\\\/2022-10-04\\\/gazprom-ameaca-cortar-fornecimento-de-gas-para-moldavia\\\/#breadcrumb\"},\"inLanguage\":\"pt-BR\",\"potentialAction\":[{\"@type\":\"ReadAction\",\"target\":[\"https:\\\/\\\/pre.efe.com\\\/pt-br\\\/mundo-2\\\/2022-10-04\\\/gazprom-ameaca-cortar-fornecimento-de-gas-para-moldavia\\\/\"]}]},{\"@type\":\"ImageObject\",\"inLanguage\":\"pt-BR\",\"@id\":\"https:\\\/\\\/pre.efe.com\\\/pt-br\\\/mundo-2\\\/2022-10-04\\\/gazprom-ameaca-cortar-fornecimento-de-gas-para-moldavia\\\/#primaryimage\",\"url\":\"https:\\\/\\\/pre.efe.com\\\/wp-content\\\/uploads\\\/2022\\\/10\\\/GAZPROM.jpg\",\"contentUrl\":\"https:\\\/\\\/pre.efe.com\\\/wp-content\\\/uploads\\\/2022\\\/10\\\/GAZPROM.jpg\",\"width\":900,\"height\":600,\"caption\":\"Um edif\u00edcio da Gazprom em S\u00e3o Petesburgo. EFE\\\/Arquivo\\\/Anatoly Maltsev\"},{\"@type\":\"BreadcrumbList\",\"@id\":\"https:\\\/\\\/pre.efe.com\\\/pt-br\\\/mundo-2\\\/2022-10-04\\\/gazprom-ameaca-cortar-fornecimento-de-gas-para-moldavia\\\/#breadcrumb\",\"itemListElement\":[{\"@type\":\"ListItem\",\"position\":1,\"name\":\"Portada\",\"item\":\"https:\\\/\\\/pre.efe.com\\\/pt-br\\\/\"},{\"@type\":\"ListItem\",\"position\":2,\"name\":\"Gazprom amea\u00e7a cortar fornecimento de g\u00e1s para Mold\u00e1via\"}]},{\"@type\":\"WebSite\",\"@id\":\"https:\\\/\\\/pre.efe.com\\\/pt-br\\\/#website\",\"url\":\"https:\\\/\\\/pre.efe.com\\\/pt-br\\\/\",\"name\":\"EFE Noticias\",\"description\":\"\",\"publisher\":{\"@id\":\"https:\\\/\\\/pre.efe.com\\\/pt-br\\\/#organization\"},\"potentialAction\":[{\"@type\":\"SearchAction\",\"target\":{\"@type\":\"EntryPoint\",\"urlTemplate\":\"https:\\\/\\\/pre.efe.com\\\/pt-br\\\/?s={search_term_string}\"},\"query-input\":{\"@type\":\"PropertyValueSpecification\",\"valueRequired\":true,\"valueName\":\"search_term_string\"}}],\"inLanguage\":\"pt-BR\"},{\"@type\":\"Organization\",\"@id\":\"https:\\\/\\\/pre.efe.com\\\/pt-br\\\/#organization\",\"name\":\"Agencia EFE\",\"url\":\"https:\\\/\\\/pre.efe.com\\\/pt-br\\\/\",\"logo\":{\"@type\":\"ImageObject\",\"inLanguage\":\"pt-BR\",\"@id\":\"https:\\\/\\\/pre.efe.com\\\/pt-br\\\/#\\\/schema\\\/logo\\\/image\\\/\",\"url\":\"https:\\\/\\\/pre.efe.com\\\/wp-content\\\/uploads\\\/2023\\\/06\\\/logo-efe-467.png\",\"contentUrl\":\"https:\\\/\\\/pre.efe.com\\\/wp-content\\\/uploads\\\/2023\\\/06\\\/logo-efe-467.png\",\"width\":467,\"height\":467,\"caption\":\"Agencia EFE\"},\"image\":{\"@id\":\"https:\\\/\\\/pre.efe.com\\\/pt-br\\\/#\\\/schema\\\/logo\\\/image\\\/\"},\"sameAs\":[\"https:\\\/\\\/www.facebook.com\\\/AgenciaEFEnoticias\\\/\",\"https:\\\/\\\/x.com\\\/efenoticias\",\"https:\\\/\\\/www.instagram.com\\\/efe_noticias\\\/\",\"http:\\\/\\\/www.youtube.com\\\/efe\"]},{\"@type\":\"Person\",\"@id\":\"https:\\\/\\\/pre.efe.com\\\/pt-br\\\/#\\\/schema\\\/person\\\/b19f23f210db552768f68a4b552b004f\",\"name\":\"anachain\",\"image\":{\"@type\":\"ImageObject\",\"inLanguage\":\"pt-BR\",\"@id\":\"https:\\\/\\\/secure.gravatar.com\\\/avatar\\\/30b83965911ef1108bb893c00bdd65c885f9890e1265ee04b02c3d5adc785d37?s=96&d=identicon&r=g\",\"url\":\"https:\\\/\\\/secure.gravatar.com\\\/avatar\\\/30b83965911ef1108bb893c00bdd65c885f9890e1265ee04b02c3d5adc785d37?s=96&d=identicon&r=g\",\"contentUrl\":\"https:\\\/\\\/secure.gravatar.com\\\/avatar\\\/30b83965911ef1108bb893c00bdd65c885f9890e1265ee04b02c3d5adc785d37?s=96&d=identicon&r=g\",\"caption\":\"anachain\"},\"url\":\"https:\\\/\\\/pre.efe.com\\\/pt-br\\\/autor\\\/anachain\\\/\"}]}<\/script>\n<!-- \/ Yoast SEO Premium plugin. -->","yoast_head_json":{"title":"Gazprom amea\u00e7a cortar g\u00e1s para Mold\u00e1via","description":"A companhia russa Gazprom amea\u00e7ou cortar o g\u00e1s da Mold\u00e1via se as d\u00edvidas existentes n\u00e3o forem pagas antes de 20 de outubro.","robots":{"index":"noindex","follow":"follow"},"og_locale":"pt_BR","og_type":"article","og_title":"Gazprom amea\u00e7a cortar fornecimento de g\u00e1s para Mold\u00e1via - EFE","og_description":"A companhia russa Gazprom amea\u00e7ou cortar o g\u00e1s da Mold\u00e1via se as d\u00edvidas existentes n\u00e3o forem pagas antes de 20 de outubro.","og_url":"https:\/\/pre.efe.com\/pt-br\/mundo-2\/2022-10-04\/gazprom-ameaca-cortar-fornecimento-de-gas-para-moldavia\/","og_site_name":"EFE Noticias","article_publisher":"https:\/\/www.facebook.com\/AgenciaEFEnoticias\/","article_published_time":"2022-10-04T15:55:25+00:00","article_modified_time":"2022-10-04T16:04:39+00:00","og_image":[{"width":900,"height":600,"url":"https:\/\/i0.wp.com\/efe.com\/\/srv\/htdocs\/wp-content\/uploads\/2022\/10\/GAZPROM.jpg?fit=900%2C600&ssl=1","type":"image\/jpeg"}],"author":"anachain","twitter_card":"summary_large_image","twitter_creator":"@efenoticias","twitter_site":"@efenoticias","schema":{"@context":"https:\/\/schema.org","@graph":[{"@type":"NewsArticle","@id":"https:\/\/pre.efe.com\/pt-br\/mundo-2\/2022-10-04\/gazprom-ameaca-cortar-fornecimento-de-gas-para-moldavia\/#article","isPartOf":{"@id":"https:\/\/pre.efe.com\/pt-br\/mundo-2\/2022-10-04\/gazprom-ameaca-cortar-fornecimento-de-gas-para-moldavia\/"},"author":{"name":"anachain","@id":"https:\/\/pre.efe.com\/pt-br\/#\/schema\/person\/b19f23f210db552768f68a4b552b004f"},"headline":"Gazprom amea\u00e7a cortar fornecimento de g\u00e1s para Mold\u00e1via","datePublished":"2022-10-04T15:55:25+00:00","dateModified":"2022-10-04T16:04:39+00:00","mainEntityOfPage":{"@id":"https:\/\/pre.efe.com\/pt-br\/mundo-2\/2022-10-04\/gazprom-ameaca-cortar-fornecimento-de-gas-para-moldavia\/"},"wordCount":397,"publisher":{"@id":"https:\/\/pre.efe.com\/pt-br\/#organization"},"image":{"@id":"https:\/\/pre.efe.com\/pt-br\/mundo-2\/2022-10-04\/gazprom-ameaca-cortar-fornecimento-de-gas-para-moldavia\/#primaryimage"},"thumbnailUrl":"https:\/\/pre.efe.com\/wp-content\/uploads\/2022\/10\/GAZPROM.jpg","keywords":["Russia"],"articleSection":["Mundo","Portada"],"inLanguage":"pt-BR","copyrightYear":"2022","copyrightHolder":{"@id":"https:\/\/pre.efe.com\/#organization"}},{"@type":["WebPage","ItemPage"],"@id":"https:\/\/pre.efe.com\/pt-br\/mundo-2\/2022-10-04\/gazprom-ameaca-cortar-fornecimento-de-gas-para-moldavia\/","url":"https:\/\/pre.efe.com\/pt-br\/mundo-2\/2022-10-04\/gazprom-ameaca-cortar-fornecimento-de-gas-para-moldavia\/","name":"Gazprom amea\u00e7a cortar g\u00e1s para Mold\u00e1via","isPartOf":{"@id":"https:\/\/pre.efe.com\/pt-br\/#website"},"primaryImageOfPage":{"@id":"https:\/\/pre.efe.com\/pt-br\/mundo-2\/2022-10-04\/gazprom-ameaca-cortar-fornecimento-de-gas-para-moldavia\/#primaryimage"},"image":{"@id":"https:\/\/pre.efe.com\/pt-br\/mundo-2\/2022-10-04\/gazprom-ameaca-cortar-fornecimento-de-gas-para-moldavia\/#primaryimage"},"thumbnailUrl":"https:\/\/pre.efe.com\/wp-content\/uploads\/2022\/10\/GAZPROM.jpg","datePublished":"2022-10-04T15:55:25+00:00","dateModified":"2022-10-04T16:04:39+00:00","description":"A companhia russa Gazprom amea\u00e7ou cortar o g\u00e1s da Mold\u00e1via se as d\u00edvidas existentes n\u00e3o forem pagas antes de 20 de outubro.","breadcrumb":{"@id":"https:\/\/pre.efe.com\/pt-br\/mundo-2\/2022-10-04\/gazprom-ameaca-cortar-fornecimento-de-gas-para-moldavia\/#breadcrumb"},"inLanguage":"pt-BR","potentialAction":[{"@type":"ReadAction","target":["https:\/\/pre.efe.com\/pt-br\/mundo-2\/2022-10-04\/gazprom-ameaca-cortar-fornecimento-de-gas-para-moldavia\/"]}]},{"@type":"ImageObject","inLanguage":"pt-BR","@id":"https:\/\/pre.efe.com\/pt-br\/mundo-2\/2022-10-04\/gazprom-ameaca-cortar-fornecimento-de-gas-para-moldavia\/#primaryimage","url":"https:\/\/pre.efe.com\/wp-content\/uploads\/2022\/10\/GAZPROM.jpg","contentUrl":"https:\/\/pre.efe.com\/wp-content\/uploads\/2022\/10\/GAZPROM.jpg","width":900,"height":600,"caption":"Um edif\u00edcio da Gazprom em S\u00e3o Petesburgo. EFE\/Arquivo\/Anatoly Maltsev"},{"@type":"BreadcrumbList","@id":"https:\/\/pre.efe.com\/pt-br\/mundo-2\/2022-10-04\/gazprom-ameaca-cortar-fornecimento-de-gas-para-moldavia\/#breadcrumb","itemListElement":[{"@type":"ListItem","position":1,"name":"Portada","item":"https:\/\/pre.efe.com\/pt-br\/"},{"@type":"ListItem","position":2,"name":"Gazprom amea\u00e7a cortar fornecimento de g\u00e1s para Mold\u00e1via"}]},{"@type":"WebSite","@id":"https:\/\/pre.efe.com\/pt-br\/#website","url":"https:\/\/pre.efe.com\/pt-br\/","name":"EFE Noticias","description":"","publisher":{"@id":"https:\/\/pre.efe.com\/pt-br\/#organization"},"potentialAction":[{"@type":"SearchAction","target":{"@type":"EntryPoint","urlTemplate":"https:\/\/pre.efe.com\/pt-br\/?s={search_term_string}"},"query-input":{"@type":"PropertyValueSpecification","valueRequired":true,"valueName":"search_term_string"}}],"inLanguage":"pt-BR"},{"@type":"Organization","@id":"https:\/\/pre.efe.com\/pt-br\/#organization","name":"Agencia EFE","url":"https:\/\/pre.efe.com\/pt-br\/","logo":{"@type":"ImageObject","inLanguage":"pt-BR","@id":"https:\/\/pre.efe.com\/pt-br\/#\/schema\/logo\/image\/","url":"https:\/\/pre.efe.com\/wp-content\/uploads\/2023\/06\/logo-efe-467.png","contentUrl":"https:\/\/pre.efe.com\/wp-content\/uploads\/2023\/06\/logo-efe-467.png","width":467,"height":467,"caption":"Agencia EFE"},"image":{"@id":"https:\/\/pre.efe.com\/pt-br\/#\/schema\/logo\/image\/"},"sameAs":["https:\/\/www.facebook.com\/AgenciaEFEnoticias\/","https:\/\/x.com\/efenoticias","https:\/\/www.instagram.com\/efe_noticias\/","http:\/\/www.youtube.com\/efe"]},{"@type":"Person","@id":"https:\/\/pre.efe.com\/pt-br\/#\/schema\/person\/b19f23f210db552768f68a4b552b004f","name":"anachain","image":{"@type":"ImageObject","inLanguage":"pt-BR","@id":"https:\/\/secure.gravatar.com\/avatar\/30b83965911ef1108bb893c00bdd65c885f9890e1265ee04b02c3d5adc785d37?s=96&d=identicon&r=g","url":"https:\/\/secure.gravatar.com\/avatar\/30b83965911ef1108bb893c00bdd65c885f9890e1265ee04b02c3d5adc785d37?s=96&d=identicon&r=g","contentUrl":"https:\/\/secure.gravatar.com\/avatar\/30b83965911ef1108bb893c00bdd65c885f9890e1265ee04b02c3d5adc785d37?s=96&d=identicon&r=g","caption":"anachain"},"url":"https:\/\/pre.efe.com\/pt-br\/autor\/anachain\/"}]}},"jetpack_featured_media_url":"https:\/\/pre.efe.com\/wp-content\/uploads\/2022\/10\/GAZPROM.jpg","jetpack_shortlink":"https:\/\/wp.me\/peJvHm-rEt","jetpack_sharing_enabled":true,"_links":{"self":[{"href":"https:\/\/pre.efe.com\/pt-br\/wp-json\/wp\/v2\/posts\/106297","targetHints":{"allow":["GET"]}}],"collection":[{"href":"https:\/\/pre.efe.com\/pt-br\/wp-json\/wp\/v2\/posts"}],"about":[{"href":"https:\/\/pre.efe.com\/pt-br\/wp-json\/wp\/v2\/types\/post"}],"author":[{"embeddable":true,"href":"https:\/\/pre.efe.com\/pt-br\/wp-json\/wp\/v2\/users\/198164106"}],"replies":[{"embeddable":true,"href":"https:\/\/pre.efe.com\/pt-br\/wp-json\/wp\/v2\/comments?post=106297"}],"version-history":[{"count":2,"href":"https:\/\/pre.efe.com\/pt-br\/wp-json\/wp\/v2\/posts\/106297\/revisions"}],"predecessor-version":[{"id":106333,"href":"https:\/\/pre.efe.com\/pt-br\/wp-json\/wp\/v2\/posts\/106297\/revisions\/106333"}],"wp:featuredmedia":[{"embeddable":true,"href":"https:\/\/pre.efe.com\/pt-br\/wp-json\/wp\/v2\/media\/106328"}],"wp:attachment":[{"href":"https:\/\/pre.efe.com\/pt-br\/wp-json\/wp\/v2\/media?parent=106297"}],"wp:term":[{"taxonomy":"category","embeddable":true,"href":"https:\/\/pre.efe.com\/pt-br\/wp-json\/wp\/v2\/categories?post=106297"},{"taxonomy":"post_tag","embeddable":true,"href":"https:\/\/pre.efe.com\/pt-br\/wp-json\/wp\/v2\/tags?post=106297"}],"curies":[{"name":"wp","href":"https:\/\/api.w.org\/{rel}","templated":true}]}}