{"id":1064431,"date":"2024-04-29T14:58:02","date_gmt":"2024-04-29T12:58:02","guid":{"rendered":"https:\/\/pre.efe.com\/?p=1064431"},"modified":"2024-04-29T14:58:09","modified_gmt":"2024-04-29T12:58:09","slug":"pedro-sanchez-anuncia-que-continuara-a-frente-do-governo-da-espanha","status":"publish","type":"post","link":"https:\/\/pre.efe.com\/pt-br\/mundo-2\/2024-04-29\/pedro-sanchez-anuncia-que-continuara-a-frente-do-governo-da-espanha\/","title":{"rendered":"Pedro S\u00e1nchez anuncia que continuar\u00e1 \u00e0 frente do governo da Espanha"},"content":{"rendered":"\n<p>Madri (EFE).- O presidente do governo da Espanha, Pedro S\u00e1nchez, anunciou nesta segunda-feira que decidiu continuar \u00e0 frente do Executivo, \u201ccom ainda mais for\u00e7a se poss\u00edvel\u201d, depois do per\u00edodo de reflex\u00e3o que pediu nos \u00faltimos dias diante do que considerou uma campanha de ass\u00e9dio e destrui\u00e7\u00e3o de reputa\u00e7\u00e3o contra ele e sua esposa.<\/p>\n\n\n\n<p>S\u00e1nchez anunciou a decis\u00e3o em uma declara\u00e7\u00e3o institucional no Pal\u00e1cio de La Moncloa, sede da presid\u00eancia do governo, acabando assim com a inc\u00f3gnita sobre a possibilidade da sua ren\u00fancia.<\/p>\n\n\n\n<p>\u201cDecidi continuar, com ainda mais for\u00e7a se poss\u00edvel, \u00e0 frente da presid\u00eancia do governo da Espanha\u201d, afirmou, destacando seu compromisso de trabalhar \u201csem descanso, com firmeza\u201d pelo avan\u00e7o e consolida\u00e7\u00e3o de direitos e liberdades.<\/p>\n\n\n\n<p>O governante espanhol decidiu refletir durante alguns dias ap\u00f3s ser alvo de den\u00fancias e ataques, tanto da legenda de extrema-direita Vox como do conservador Partido Popular, bem como meios de comunica\u00e7\u00e3o e organiza\u00e7\u00f5es de direita, muitos deles envolvendo diretamente a sua esposa, Bego\u00f1a G\u00f3mez.<\/p>\n\n\n\n<p>Um tribunal de Madri abriu um processo contra G\u00f3mez pela suposta pr\u00e1tica de tr\u00e1fico de influ\u00eancia e corrup\u00e7\u00e3o empresarial, na sequ\u00eancia de uma den\u00fancia do autodenominado sindicato M\u00e3os Limpas, baseada em uma s\u00e9rie de not\u00edcias veiculadas na imprensa, e para a qual o Minist\u00e9rio P\u00fablico j\u00e1 solicitou o arquivamento.<\/p>\n\n\n\n<p>S\u00e1nchez publicou uma carta aos cidad\u00e3os na rede social X na \u00faltima quarta-feira para anunciar que estava cancelando sua agenda por alguns dias para pensar se valia a pena continuar a liderar o governo e que tornaria p\u00fablica a decis\u00e3o nesta segunda-feira.<\/p>\n\n\n\n<p>Segundo disse S\u00e1nchez hoje, s\u00f3 h\u00e1 uma maneira de reverter a situa\u00e7\u00e3o, que \u00e9 a maioria da sociedade &#8220;se mobilizar, como fez nestes cinco dias, em um compromisso determinado com a dignidade e o bom senso, pondo fim \u00e0 pol\u00edtica da vergonha que sofremos h\u00e1 muito tempo&#8221;.<\/p>\n\n\n\n<p>O governante espanhol referiu-se assim ao apoio que recebeu nestes dias de ministros, dirigentes e milhares de militantes e simpatizantes do Partido Socialista para que n\u00e3o abandonasse o Executivo, bem como de outras for\u00e7as pol\u00edticas e de alguns sindicatos, que expressaram satisfa\u00e7\u00e3o com a decis\u00e3o tomada hoje.<\/p>\n\n\n\n<p>S\u00e1nchez comentou que o passo que deu se deveu a motivos pessoais, mas s\u00e3o motivos que todos podem compreender e sentir como seus, porque \u201crespondem aos valores fundamentais de uma sociedade solid\u00e1ria e familiar como a espanhola\u201d.<\/p>\n\n\n\n<p>Nesse sentido, ressaltou que n\u00e3o se trata do destino de um determinado l\u00edder, pois \u00e9 o menos importante, \u201ctrata-se de decidir que tipo de sociedade queremos ser\u201d, pontuou, acrescentando que Espanha precisa de uma \u201creflex\u00e3o coletiva\u201d.<\/p>\n\n\n\n<p>Segundo o presidente do governo, a Espanha tem deixado a lama tomar a vida pol\u00edtica impunemente.<\/p>\n\n\n\n<p>\u201cEu e minha mulher sabemos que esta campanha difamat\u00f3ria n\u00e3o vai parar. H\u00e1 dez anos que sofremos com isso\u201d, disse, antes de insistir na sua determina\u00e7\u00e3o em continuar e agradecer \u201cdo fundo do cora\u00e7\u00e3o\u201d pelas manifesta\u00e7\u00f5es de solidariedade e empatia recebidas.<\/p>\n\n\n\n<p>A den\u00fancia contra Bego\u00f1a G\u00f3mez foi apresentada pelo Coletivo de Funcion\u00e1rios P\u00fablicos M\u00e3os Limpas, um \u201csindicato\u201d de extrema-direita que apresentou todo tipo de den\u00fancias contra o que considera corrup\u00e7\u00e3o pol\u00edtica ou econ\u00f4mica que prejudica o interesse geral.<\/p>\n\n\n\n<p>Esse autodenominado sindicato tamb\u00e9m fez sentar no banco dos r\u00e9us a infanta Cristina, irm\u00e3 do rei Felipe VI, em 2016, no julgamento contra seu ent\u00e3o marido, I\u00f1aki Urdangar\u00edn, por dois crimes contra a Fazenda P\u00fablica dos quais foi absolvida. EFE<\/p>\n","protected":false},"excerpt":{"rendered":"<p>Madri (EFE).- O presidente do governo da Espanha, Pedro S\u00e1nchez, anunciou nesta segunda-feira que decidiu continuar \u00e0 frente do Executivo, \u201ccom ainda mais for\u00e7a se poss\u00edvel\u201d, depois do per\u00edodo de reflex\u00e3o que pediu nos \u00faltimos dias diante do que considerou uma campanha de ass\u00e9dio e destrui\u00e7\u00e3o de reputa\u00e7\u00e3o contra ele e sua esposa. S\u00e1nchez anunciou &#8230; <a title=\"Pedro S\u00e1nchez anuncia que continuar\u00e1 \u00e0 frente do governo da Espanha\" class=\"read-more\" href=\"https:\/\/pre.efe.com\/pt-br\/mundo-2\/2024-04-29\/pedro-sanchez-anuncia-que-continuara-a-frente-do-governo-da-espanha\/\" aria-label=\"Read more about Pedro S\u00e1nchez anuncia que continuar\u00e1 \u00e0 frente do governo da Espanha\">Leia mais<\/a><\/p>\n","protected":false},"author":198164106,"featured_media":1064415,"comment_status":"closed","ping_status":"closed","sticky":false,"template":"","format":"standard","meta":{"_acf_changed":false,"_jetpack_memberships_contains_paid_content":false,"footnotes":""},"categories":[123208,122141],"tags":[124421,124845],"class_list":["post-1064431","post","type-post","status-publish","format-standard","has-post-thumbnail","hentry","category-mundo-2","category-portada","tag-espanha","tag-governo","generate-columns","tablet-grid-50","mobile-grid-100","grid-parent","grid-50"],"acf":[],"yoast_head":"<!-- This site is optimized with the Yoast SEO Premium plugin v26.0 (Yoast SEO v27.5) - https:\/\/yoast.com\/product\/yoast-seo-premium-wordpress\/ -->\n<title>Pedro S\u00e1nchez anuncia que continuar\u00e1 \u00e0 frente do governo da Espanha - EFE<\/title>\n<meta name=\"robots\" content=\"noindex, follow\" \/>\n<meta property=\"og:locale\" content=\"pt_BR\" \/>\n<meta property=\"og:type\" content=\"article\" \/>\n<meta property=\"og:title\" content=\"Pedro S\u00e1nchez anuncia que continuar\u00e1 \u00e0 frente do governo da Espanha - EFE\" \/>\n<meta property=\"og:description\" content=\"Madri (EFE).- O presidente do governo da Espanha, Pedro S\u00e1nchez, anunciou nesta segunda-feira que decidiu continuar \u00e0 frente do Executivo, \u201ccom ainda mais for\u00e7a se poss\u00edvel\u201d, depois do per\u00edodo de reflex\u00e3o que pediu nos \u00faltimos dias diante do que considerou uma campanha de ass\u00e9dio e destrui\u00e7\u00e3o de reputa\u00e7\u00e3o contra ele e sua esposa. S\u00e1nchez anunciou ... Leia mais\" \/>\n<meta property=\"og:url\" content=\"https:\/\/pre.efe.com\/pt-br\/mundo-2\/2024-04-29\/pedro-sanchez-anuncia-que-continuara-a-frente-do-governo-da-espanha\/\" \/>\n<meta property=\"og:site_name\" content=\"EFE Noticias\" \/>\n<meta property=\"article:publisher\" content=\"https:\/\/www.facebook.com\/AgenciaEFEnoticias\/\" \/>\n<meta property=\"article:published_time\" content=\"2024-04-29T12:58:02+00:00\" \/>\n<meta property=\"article:modified_time\" content=\"2024-04-29T12:58:09+00:00\" \/>\n<meta property=\"og:image\" content=\"https:\/\/i0.wp.com\/efe.com\/\/srv\/htdocs\/wp-content\/uploads\/2024\/04\/sanchez-moncloa-1.jpg?fit=599%2C900&ssl=1\" \/>\n\t<meta property=\"og:image:width\" content=\"599\" \/>\n\t<meta property=\"og:image:height\" content=\"900\" \/>\n\t<meta property=\"og:image:type\" content=\"image\/jpeg\" \/>\n<meta name=\"author\" content=\"anachain\" \/>\n<meta name=\"twitter:card\" content=\"summary_large_image\" \/>\n<meta name=\"twitter:creator\" content=\"@efenoticias\" \/>\n<meta name=\"twitter:site\" content=\"@efenoticias\" \/>\n<script type=\"application\/ld+json\" class=\"yoast-schema-graph\">{\"@context\":\"https:\\\/\\\/schema.org\",\"@graph\":[{\"@type\":\"NewsArticle\",\"@id\":\"https:\\\/\\\/pre.efe.com\\\/pt-br\\\/mundo-2\\\/2024-04-29\\\/pedro-sanchez-anuncia-que-continuara-a-frente-do-governo-da-espanha\\\/#article\",\"isPartOf\":{\"@id\":\"https:\\\/\\\/pre.efe.com\\\/pt-br\\\/mundo-2\\\/2024-04-29\\\/pedro-sanchez-anuncia-que-continuara-a-frente-do-governo-da-espanha\\\/\"},\"author\":{\"name\":\"anachain\",\"@id\":\"https:\\\/\\\/pre.efe.com\\\/pt-br\\\/#\\\/schema\\\/person\\\/b19f23f210db552768f68a4b552b004f\"},\"headline\":\"Pedro S\u00e1nchez anuncia que continuar\u00e1 \u00e0 frente do governo da Espanha\",\"datePublished\":\"2024-04-29T12:58:02+00:00\",\"dateModified\":\"2024-04-29T12:58:09+00:00\",\"mainEntityOfPage\":{\"@id\":\"https:\\\/\\\/pre.efe.com\\\/pt-br\\\/mundo-2\\\/2024-04-29\\\/pedro-sanchez-anuncia-que-continuara-a-frente-do-governo-da-espanha\\\/\"},\"wordCount\":636,\"publisher\":{\"@id\":\"https:\\\/\\\/pre.efe.com\\\/pt-br\\\/#organization\"},\"image\":{\"@id\":\"https:\\\/\\\/pre.efe.com\\\/pt-br\\\/mundo-2\\\/2024-04-29\\\/pedro-sanchez-anuncia-que-continuara-a-frente-do-governo-da-espanha\\\/#primaryimage\"},\"thumbnailUrl\":\"https:\\\/\\\/pre.efe.com\\\/wp-content\\\/uploads\\\/2024\\\/04\\\/sanchez-moncloa-1.jpg\",\"keywords\":[\"Espanha\",\"Governo\"],\"articleSection\":[\"Mundo\",\"Portada\"],\"inLanguage\":\"pt-BR\",\"copyrightYear\":\"2024\",\"copyrightHolder\":{\"@id\":\"https:\\\/\\\/pre.efe.com\\\/#organization\"}},{\"@type\":[\"WebPage\",\"ItemPage\"],\"@id\":\"https:\\\/\\\/pre.efe.com\\\/pt-br\\\/mundo-2\\\/2024-04-29\\\/pedro-sanchez-anuncia-que-continuara-a-frente-do-governo-da-espanha\\\/\",\"url\":\"https:\\\/\\\/pre.efe.com\\\/pt-br\\\/mundo-2\\\/2024-04-29\\\/pedro-sanchez-anuncia-que-continuara-a-frente-do-governo-da-espanha\\\/\",\"name\":\"Pedro S\u00e1nchez anuncia que continuar\u00e1 \u00e0 frente do governo da Espanha - EFE\",\"isPartOf\":{\"@id\":\"https:\\\/\\\/pre.efe.com\\\/pt-br\\\/#website\"},\"primaryImageOfPage\":{\"@id\":\"https:\\\/\\\/pre.efe.com\\\/pt-br\\\/mundo-2\\\/2024-04-29\\\/pedro-sanchez-anuncia-que-continuara-a-frente-do-governo-da-espanha\\\/#primaryimage\"},\"image\":{\"@id\":\"https:\\\/\\\/pre.efe.com\\\/pt-br\\\/mundo-2\\\/2024-04-29\\\/pedro-sanchez-anuncia-que-continuara-a-frente-do-governo-da-espanha\\\/#primaryimage\"},\"thumbnailUrl\":\"https:\\\/\\\/pre.efe.com\\\/wp-content\\\/uploads\\\/2024\\\/04\\\/sanchez-moncloa-1.jpg\",\"datePublished\":\"2024-04-29T12:58:02+00:00\",\"dateModified\":\"2024-04-29T12:58:09+00:00\",\"breadcrumb\":{\"@id\":\"https:\\\/\\\/pre.efe.com\\\/pt-br\\\/mundo-2\\\/2024-04-29\\\/pedro-sanchez-anuncia-que-continuara-a-frente-do-governo-da-espanha\\\/#breadcrumb\"},\"inLanguage\":\"pt-BR\",\"potentialAction\":[{\"@type\":\"ReadAction\",\"target\":[\"https:\\\/\\\/pre.efe.com\\\/pt-br\\\/mundo-2\\\/2024-04-29\\\/pedro-sanchez-anuncia-que-continuara-a-frente-do-governo-da-espanha\\\/\"]}]},{\"@type\":\"ImageObject\",\"inLanguage\":\"pt-BR\",\"@id\":\"https:\\\/\\\/pre.efe.com\\\/pt-br\\\/mundo-2\\\/2024-04-29\\\/pedro-sanchez-anuncia-que-continuara-a-frente-do-governo-da-espanha\\\/#primaryimage\",\"url\":\"https:\\\/\\\/pre.efe.com\\\/wp-content\\\/uploads\\\/2024\\\/04\\\/sanchez-moncloa-1.jpg\",\"contentUrl\":\"https:\\\/\\\/pre.efe.com\\\/wp-content\\\/uploads\\\/2024\\\/04\\\/sanchez-moncloa-1.jpg\",\"width\":599,\"height\":900,\"caption\":\"Pedro S\u00e1nchez, durante o an\u00fancio de sua decis\u00e3o de contunuar \u00e0 frente do governo nesta segunda-feira. EFE\\\/Moncloa\\\/Borja Puig de la Bellacasa\"},{\"@type\":\"BreadcrumbList\",\"@id\":\"https:\\\/\\\/pre.efe.com\\\/pt-br\\\/mundo-2\\\/2024-04-29\\\/pedro-sanchez-anuncia-que-continuara-a-frente-do-governo-da-espanha\\\/#breadcrumb\",\"itemListElement\":[{\"@type\":\"ListItem\",\"position\":1,\"name\":\"Portada\",\"item\":\"https:\\\/\\\/pre.efe.com\\\/pt-br\\\/\"},{\"@type\":\"ListItem\",\"position\":2,\"name\":\"Pedro S\u00e1nchez anuncia que continuar\u00e1 \u00e0 frente do governo da Espanha\"}]},{\"@type\":\"WebSite\",\"@id\":\"https:\\\/\\\/pre.efe.com\\\/pt-br\\\/#website\",\"url\":\"https:\\\/\\\/pre.efe.com\\\/pt-br\\\/\",\"name\":\"EFE Noticias\",\"description\":\"\",\"publisher\":{\"@id\":\"https:\\\/\\\/pre.efe.com\\\/pt-br\\\/#organization\"},\"potentialAction\":[{\"@type\":\"SearchAction\",\"target\":{\"@type\":\"EntryPoint\",\"urlTemplate\":\"https:\\\/\\\/pre.efe.com\\\/pt-br\\\/?s={search_term_string}\"},\"query-input\":{\"@type\":\"PropertyValueSpecification\",\"valueRequired\":true,\"valueName\":\"search_term_string\"}}],\"inLanguage\":\"pt-BR\"},{\"@type\":\"Organization\",\"@id\":\"https:\\\/\\\/pre.efe.com\\\/pt-br\\\/#organization\",\"name\":\"Agencia EFE\",\"url\":\"https:\\\/\\\/pre.efe.com\\\/pt-br\\\/\",\"logo\":{\"@type\":\"ImageObject\",\"inLanguage\":\"pt-BR\",\"@id\":\"https:\\\/\\\/pre.efe.com\\\/pt-br\\\/#\\\/schema\\\/logo\\\/image\\\/\",\"url\":\"https:\\\/\\\/pre.efe.com\\\/wp-content\\\/uploads\\\/2023\\\/06\\\/logo-efe-467.png\",\"contentUrl\":\"https:\\\/\\\/pre.efe.com\\\/wp-content\\\/uploads\\\/2023\\\/06\\\/logo-efe-467.png\",\"width\":467,\"height\":467,\"caption\":\"Agencia EFE\"},\"image\":{\"@id\":\"https:\\\/\\\/pre.efe.com\\\/pt-br\\\/#\\\/schema\\\/logo\\\/image\\\/\"},\"sameAs\":[\"https:\\\/\\\/www.facebook.com\\\/AgenciaEFEnoticias\\\/\",\"https:\\\/\\\/x.com\\\/efenoticias\",\"https:\\\/\\\/www.instagram.com\\\/efe_noticias\\\/\",\"http:\\\/\\\/www.youtube.com\\\/efe\"]},{\"@type\":\"Person\",\"@id\":\"https:\\\/\\\/pre.efe.com\\\/pt-br\\\/#\\\/schema\\\/person\\\/b19f23f210db552768f68a4b552b004f\",\"name\":\"anachain\",\"image\":{\"@type\":\"ImageObject\",\"inLanguage\":\"pt-BR\",\"@id\":\"https:\\\/\\\/secure.gravatar.com\\\/avatar\\\/30b83965911ef1108bb893c00bdd65c885f9890e1265ee04b02c3d5adc785d37?s=96&d=identicon&r=g\",\"url\":\"https:\\\/\\\/secure.gravatar.com\\\/avatar\\\/30b83965911ef1108bb893c00bdd65c885f9890e1265ee04b02c3d5adc785d37?s=96&d=identicon&r=g\",\"contentUrl\":\"https:\\\/\\\/secure.gravatar.com\\\/avatar\\\/30b83965911ef1108bb893c00bdd65c885f9890e1265ee04b02c3d5adc785d37?s=96&d=identicon&r=g\",\"caption\":\"anachain\"},\"url\":\"https:\\\/\\\/pre.efe.com\\\/pt-br\\\/autor\\\/anachain\\\/\"}]}<\/script>\n<!-- \/ Yoast SEO Premium plugin. -->","yoast_head_json":{"title":"Pedro S\u00e1nchez anuncia que continuar\u00e1 \u00e0 frente do governo da Espanha - EFE","robots":{"index":"noindex","follow":"follow"},"og_locale":"pt_BR","og_type":"article","og_title":"Pedro S\u00e1nchez anuncia que continuar\u00e1 \u00e0 frente do governo da Espanha - EFE","og_description":"Madri (EFE).- O presidente do governo da Espanha, Pedro S\u00e1nchez, anunciou nesta segunda-feira que decidiu continuar \u00e0 frente do Executivo, \u201ccom ainda mais for\u00e7a se poss\u00edvel\u201d, depois do per\u00edodo de reflex\u00e3o que pediu nos \u00faltimos dias diante do que considerou uma campanha de ass\u00e9dio e destrui\u00e7\u00e3o de reputa\u00e7\u00e3o contra ele e sua esposa. S\u00e1nchez anunciou ... Leia mais","og_url":"https:\/\/pre.efe.com\/pt-br\/mundo-2\/2024-04-29\/pedro-sanchez-anuncia-que-continuara-a-frente-do-governo-da-espanha\/","og_site_name":"EFE Noticias","article_publisher":"https:\/\/www.facebook.com\/AgenciaEFEnoticias\/","article_published_time":"2024-04-29T12:58:02+00:00","article_modified_time":"2024-04-29T12:58:09+00:00","og_image":[{"width":599,"height":900,"url":"https:\/\/i0.wp.com\/efe.com\/\/srv\/htdocs\/wp-content\/uploads\/2024\/04\/sanchez-moncloa-1.jpg?fit=599%2C900&ssl=1","type":"image\/jpeg"}],"author":"anachain","twitter_card":"summary_large_image","twitter_creator":"@efenoticias","twitter_site":"@efenoticias","schema":{"@context":"https:\/\/schema.org","@graph":[{"@type":"NewsArticle","@id":"https:\/\/pre.efe.com\/pt-br\/mundo-2\/2024-04-29\/pedro-sanchez-anuncia-que-continuara-a-frente-do-governo-da-espanha\/#article","isPartOf":{"@id":"https:\/\/pre.efe.com\/pt-br\/mundo-2\/2024-04-29\/pedro-sanchez-anuncia-que-continuara-a-frente-do-governo-da-espanha\/"},"author":{"name":"anachain","@id":"https:\/\/pre.efe.com\/pt-br\/#\/schema\/person\/b19f23f210db552768f68a4b552b004f"},"headline":"Pedro S\u00e1nchez anuncia que continuar\u00e1 \u00e0 frente do governo da Espanha","datePublished":"2024-04-29T12:58:02+00:00","dateModified":"2024-04-29T12:58:09+00:00","mainEntityOfPage":{"@id":"https:\/\/pre.efe.com\/pt-br\/mundo-2\/2024-04-29\/pedro-sanchez-anuncia-que-continuara-a-frente-do-governo-da-espanha\/"},"wordCount":636,"publisher":{"@id":"https:\/\/pre.efe.com\/pt-br\/#organization"},"image":{"@id":"https:\/\/pre.efe.com\/pt-br\/mundo-2\/2024-04-29\/pedro-sanchez-anuncia-que-continuara-a-frente-do-governo-da-espanha\/#primaryimage"},"thumbnailUrl":"https:\/\/pre.efe.com\/wp-content\/uploads\/2024\/04\/sanchez-moncloa-1.jpg","keywords":["Espanha","Governo"],"articleSection":["Mundo","Portada"],"inLanguage":"pt-BR","copyrightYear":"2024","copyrightHolder":{"@id":"https:\/\/pre.efe.com\/#organization"}},{"@type":["WebPage","ItemPage"],"@id":"https:\/\/pre.efe.com\/pt-br\/mundo-2\/2024-04-29\/pedro-sanchez-anuncia-que-continuara-a-frente-do-governo-da-espanha\/","url":"https:\/\/pre.efe.com\/pt-br\/mundo-2\/2024-04-29\/pedro-sanchez-anuncia-que-continuara-a-frente-do-governo-da-espanha\/","name":"Pedro S\u00e1nchez anuncia que continuar\u00e1 \u00e0 frente do governo da Espanha - EFE","isPartOf":{"@id":"https:\/\/pre.efe.com\/pt-br\/#website"},"primaryImageOfPage":{"@id":"https:\/\/pre.efe.com\/pt-br\/mundo-2\/2024-04-29\/pedro-sanchez-anuncia-que-continuara-a-frente-do-governo-da-espanha\/#primaryimage"},"image":{"@id":"https:\/\/pre.efe.com\/pt-br\/mundo-2\/2024-04-29\/pedro-sanchez-anuncia-que-continuara-a-frente-do-governo-da-espanha\/#primaryimage"},"thumbnailUrl":"https:\/\/pre.efe.com\/wp-content\/uploads\/2024\/04\/sanchez-moncloa-1.jpg","datePublished":"2024-04-29T12:58:02+00:00","dateModified":"2024-04-29T12:58:09+00:00","breadcrumb":{"@id":"https:\/\/pre.efe.com\/pt-br\/mundo-2\/2024-04-29\/pedro-sanchez-anuncia-que-continuara-a-frente-do-governo-da-espanha\/#breadcrumb"},"inLanguage":"pt-BR","potentialAction":[{"@type":"ReadAction","target":["https:\/\/pre.efe.com\/pt-br\/mundo-2\/2024-04-29\/pedro-sanchez-anuncia-que-continuara-a-frente-do-governo-da-espanha\/"]}]},{"@type":"ImageObject","inLanguage":"pt-BR","@id":"https:\/\/pre.efe.com\/pt-br\/mundo-2\/2024-04-29\/pedro-sanchez-anuncia-que-continuara-a-frente-do-governo-da-espanha\/#primaryimage","url":"https:\/\/pre.efe.com\/wp-content\/uploads\/2024\/04\/sanchez-moncloa-1.jpg","contentUrl":"https:\/\/pre.efe.com\/wp-content\/uploads\/2024\/04\/sanchez-moncloa-1.jpg","width":599,"height":900,"caption":"Pedro S\u00e1nchez, durante o an\u00fancio de sua decis\u00e3o de contunuar \u00e0 frente do governo nesta segunda-feira. EFE\/Moncloa\/Borja Puig de la Bellacasa"},{"@type":"BreadcrumbList","@id":"https:\/\/pre.efe.com\/pt-br\/mundo-2\/2024-04-29\/pedro-sanchez-anuncia-que-continuara-a-frente-do-governo-da-espanha\/#breadcrumb","itemListElement":[{"@type":"ListItem","position":1,"name":"Portada","item":"https:\/\/pre.efe.com\/pt-br\/"},{"@type":"ListItem","position":2,"name":"Pedro S\u00e1nchez anuncia que continuar\u00e1 \u00e0 frente do governo da Espanha"}]},{"@type":"WebSite","@id":"https:\/\/pre.efe.com\/pt-br\/#website","url":"https:\/\/pre.efe.com\/pt-br\/","name":"EFE Noticias","description":"","publisher":{"@id":"https:\/\/pre.efe.com\/pt-br\/#organization"},"potentialAction":[{"@type":"SearchAction","target":{"@type":"EntryPoint","urlTemplate":"https:\/\/pre.efe.com\/pt-br\/?s={search_term_string}"},"query-input":{"@type":"PropertyValueSpecification","valueRequired":true,"valueName":"search_term_string"}}],"inLanguage":"pt-BR"},{"@type":"Organization","@id":"https:\/\/pre.efe.com\/pt-br\/#organization","name":"Agencia EFE","url":"https:\/\/pre.efe.com\/pt-br\/","logo":{"@type":"ImageObject","inLanguage":"pt-BR","@id":"https:\/\/pre.efe.com\/pt-br\/#\/schema\/logo\/image\/","url":"https:\/\/pre.efe.com\/wp-content\/uploads\/2023\/06\/logo-efe-467.png","contentUrl":"https:\/\/pre.efe.com\/wp-content\/uploads\/2023\/06\/logo-efe-467.png","width":467,"height":467,"caption":"Agencia EFE"},"image":{"@id":"https:\/\/pre.efe.com\/pt-br\/#\/schema\/logo\/image\/"},"sameAs":["https:\/\/www.facebook.com\/AgenciaEFEnoticias\/","https:\/\/x.com\/efenoticias","https:\/\/www.instagram.com\/efe_noticias\/","http:\/\/www.youtube.com\/efe"]},{"@type":"Person","@id":"https:\/\/pre.efe.com\/pt-br\/#\/schema\/person\/b19f23f210db552768f68a4b552b004f","name":"anachain","image":{"@type":"ImageObject","inLanguage":"pt-BR","@id":"https:\/\/secure.gravatar.com\/avatar\/30b83965911ef1108bb893c00bdd65c885f9890e1265ee04b02c3d5adc785d37?s=96&d=identicon&r=g","url":"https:\/\/secure.gravatar.com\/avatar\/30b83965911ef1108bb893c00bdd65c885f9890e1265ee04b02c3d5adc785d37?s=96&d=identicon&r=g","contentUrl":"https:\/\/secure.gravatar.com\/avatar\/30b83965911ef1108bb893c00bdd65c885f9890e1265ee04b02c3d5adc785d37?s=96&d=identicon&r=g","caption":"anachain"},"url":"https:\/\/pre.efe.com\/pt-br\/autor\/anachain\/"}]}},"jetpack_featured_media_url":"https:\/\/pre.efe.com\/wp-content\/uploads\/2024\/04\/sanchez-moncloa-1.jpg","jetpack_shortlink":"https:\/\/wp.me\/peJvHm-4sUf","jetpack_sharing_enabled":true,"_links":{"self":[{"href":"https:\/\/pre.efe.com\/pt-br\/wp-json\/wp\/v2\/posts\/1064431","targetHints":{"allow":["GET"]}}],"collection":[{"href":"https:\/\/pre.efe.com\/pt-br\/wp-json\/wp\/v2\/posts"}],"about":[{"href":"https:\/\/pre.efe.com\/pt-br\/wp-json\/wp\/v2\/types\/post"}],"author":[{"embeddable":true,"href":"https:\/\/pre.efe.com\/pt-br\/wp-json\/wp\/v2\/users\/198164106"}],"replies":[{"embeddable":true,"href":"https:\/\/pre.efe.com\/pt-br\/wp-json\/wp\/v2\/comments?post=1064431"}],"version-history":[{"count":2,"href":"https:\/\/pre.efe.com\/pt-br\/wp-json\/wp\/v2\/posts\/1064431\/revisions"}],"predecessor-version":[{"id":1064485,"href":"https:\/\/pre.efe.com\/pt-br\/wp-json\/wp\/v2\/posts\/1064431\/revisions\/1064485"}],"wp:featuredmedia":[{"embeddable":true,"href":"https:\/\/pre.efe.com\/pt-br\/wp-json\/wp\/v2\/media\/1064415"}],"wp:attachment":[{"href":"https:\/\/pre.efe.com\/pt-br\/wp-json\/wp\/v2\/media?parent=1064431"}],"wp:term":[{"taxonomy":"category","embeddable":true,"href":"https:\/\/pre.efe.com\/pt-br\/wp-json\/wp\/v2\/categories?post=1064431"},{"taxonomy":"post_tag","embeddable":true,"href":"https:\/\/pre.efe.com\/pt-br\/wp-json\/wp\/v2\/tags?post=1064431"}],"curies":[{"name":"wp","href":"https:\/\/api.w.org\/{rel}","templated":true}]}}