{"id":110173,"date":"2022-10-06T21:41:39","date_gmt":"2022-10-06T19:41:39","guid":{"rendered":"https:\/\/pre.efe.com\/?p=110173"},"modified":"2022-10-06T21:41:41","modified_gmt":"2022-10-06T19:41:41","slug":"annie-ernaux-diz-que-nobel-de-literatura-e-uma-responsabilidade","status":"publish","type":"post","link":"https:\/\/pre.efe.com\/pt-br\/cultura-pt\/2022-10-06\/annie-ernaux-diz-que-nobel-de-literatura-e-uma-responsabilidade\/","title":{"rendered":"Annie Ernaux diz que Nobel de Literatura \u00e9 &#8220;uma responsabilidade&#8221;"},"content":{"rendered":"\n<p>Paris (<a href=\"https:\/\/pre.efe.com\/pt-br\/\">EFE<\/a>).-\u00a0A escritora francesa Annie Ernaux disse nesta quinta-feira que o pr\u00eamio Nobel de Literatura &#8220;representa algo imenso&#8221;, considerando suas origens, e o considerou &#8220;uma responsabilidade&#8221;.<\/p>\n\n\n\n<p>Depois de receber a not\u00edcia de que tinha ganhado o Nobel, Ernaux disse que pensa &#8220;nas pessoas sombrias, na minha fam\u00edlia&#8221;.<\/p>\n\n\n\n<blockquote class=\"wp-block-quote is-layout-flow wp-block-quote-is-layout-flow\"><p>&#8220;Escrevi para aqueles que lutaram muito&#8221;, disse a autora em entrevista coletiva em Paris.<\/p><\/blockquote>\n\n\n\n<p>Nascida em uma fam\u00edlia humilde da classe trabalhadora, Ernaux considera a escrita o ato pol\u00edtico mais importante e fez da sua obra um compromisso para defender os direitos dos desfavorecidos e das mulheres.<\/p>\n\n\n\n<p>&#8220;O meu trabalho \u00e9 pol\u00edtico, mesmo que eu n\u00e3o participe em movimentos sociais ou pol\u00edticos&#8221;, explicou Ernaux. A &#8220;responsabilidade&#8221; \u00e0 qual se refere depois de receber o Nobel &#8220;\u00e9 continuar a luta contra todas as injusti\u00e7as, sejam elas quais forem&#8221;.<\/p>\n\n\n\n<h2 class=\"wp-block-heading\">Annie Ernaux destaca seu compromisso com as mulheres<\/h2>\n\n\n\n<p>A escritora, de 82 anos, tamb\u00e9m enfatizou o seu compromisso com as mulheres: &#8220;Para mim, uma mulher livre e com poder, sempre houve dom\u00ednio masculino. Muitas mulheres me leem, e mulheres jovens&#8221;, reconheceu.<\/p>\n\n\n\n<p>Ela sublinhou que o seu livro &#8220;L&#8217;\u00c9v\u00e9nement&#8221; (2000), que narra autobiograficamente a sua luta para fazer um aborto quando era jovem, ganhou nova relev\u00e2ncia com o &#8220;rev\u00e9s&#8221; ao direito de interromper uma gravidez em alguns pa\u00edses.<\/p>\n\n\n\n<p>&#8220;N\u00e3o imaginava que 22 anos mais tarde o direito ao aborto estivesse em quest\u00e3o&#8221;, confessou Ernaux.<\/p>\n\n\n\n<blockquote class=\"wp-block-quote is-layout-flow wp-block-quote-is-layout-flow\"><p>&#8220;As mulheres devem ter o direito de escolher se querem ser m\u00e3es, \u00e9 a principal liberdade das mulheres&#8221;, argumentou, lamentando que isto esteja cada vez mais em quest\u00e3o nas Am\u00e9ricas.<\/p><\/blockquote>\n\n\n\n<p>A escritora reconheceu tamb\u00e9m que est\u00e1 &#8220;muito preocupada&#8221; com a ascens\u00e3o da extrema direita em alguns pa\u00edses.<\/p>\n\n\n\n<p>Ernaux explicou que descobriu que tinha recebido o pr\u00eamio Nobel enquanto &#8220;estava na cozinha, ouvindo r\u00e1dio&#8221;.\u00a0<a href=\"https:\/\/efs.efeservicios.com\/\">EFE<\/a><\/p>\n","protected":false},"excerpt":{"rendered":"<p>Paris (EFE).-\u00a0A escritora francesa Annie Ernaux disse nesta quinta-feira que o pr\u00eamio Nobel de Literatura &#8220;representa algo imenso&#8221;, considerando suas origens, e o considerou &#8220;uma responsabilidade&#8221;. Depois de receber a not\u00edcia de que tinha ganhado o Nobel, Ernaux disse que pensa &#8220;nas pessoas sombrias, na minha fam\u00edlia&#8221;. &#8220;Escrevi para aqueles que lutaram muito&#8221;, disse a &#8230; <a title=\"Annie Ernaux diz que Nobel de Literatura \u00e9 &#8220;uma responsabilidade&#8221;\" class=\"read-more\" href=\"https:\/\/pre.efe.com\/pt-br\/cultura-pt\/2022-10-06\/annie-ernaux-diz-que-nobel-de-literatura-e-uma-responsabilidade\/\" aria-label=\"Read more about Annie Ernaux diz que Nobel de Literatura \u00e9 &#8220;uma responsabilidade&#8221;\">Leia mais<\/a><\/p>\n","protected":false},"author":198164106,"featured_media":110269,"comment_status":"closed","ping_status":"closed","sticky":false,"template":"","format":"standard","meta":{"_acf_changed":false,"_jetpack_memberships_contains_paid_content":false,"footnotes":""},"categories":[121971,122144],"tags":[123880],"class_list":["post-110173","post","type-post","status-publish","format-standard","has-post-thumbnail","hentry","category-cultura-pt","category-outras-noticias","tag-nobel-2","generate-columns","tablet-grid-50","mobile-grid-100","grid-parent","grid-50"],"acf":[],"yoast_head":"<!-- This site is optimized with the Yoast SEO Premium plugin v26.0 (Yoast SEO v27.4) - https:\/\/yoast.com\/product\/yoast-seo-premium-wordpress\/ -->\n<title>Annie Ernaux diz que Nobel de Literatura \u00e9 &quot;uma responsabilidade&quot;<\/title>\n<meta name=\"description\" content=\"\u00a0A escritora francesa Annie Ernaux disse que o pr\u00eamio Nobel de Literatura &quot;representa algo imenso&quot; e &quot;uma responsabilidade&quot;.\" \/>\n<meta name=\"robots\" content=\"noindex, follow\" \/>\n<meta property=\"og:locale\" content=\"pt_BR\" \/>\n<meta property=\"og:type\" content=\"article\" \/>\n<meta property=\"og:title\" content=\"Annie Ernaux diz que Nobel de Literatura \u00e9 &quot;uma responsabilidade&quot; - EFE\" \/>\n<meta property=\"og:description\" content=\"\u00a0A escritora francesa Annie Ernaux disse que o pr\u00eamio Nobel de Literatura &quot;representa algo imenso&quot; e &quot;uma responsabilidade&quot;.\" \/>\n<meta property=\"og:url\" content=\"https:\/\/pre.efe.com\/pt-br\/cultura-pt\/2022-10-06\/annie-ernaux-diz-que-nobel-de-literatura-e-uma-responsabilidade\/\" \/>\n<meta property=\"og:site_name\" content=\"EFE Noticias\" \/>\n<meta property=\"article:publisher\" content=\"https:\/\/www.facebook.com\/AgenciaEFEnoticias\/\" \/>\n<meta property=\"article:published_time\" content=\"2022-10-06T19:41:39+00:00\" \/>\n<meta property=\"article:modified_time\" content=\"2022-10-06T19:41:41+00:00\" \/>\n<meta property=\"og:image\" content=\"https:\/\/i0.wp.com\/efe.com\/\/srv\/htdocs\/wp-content\/uploads\/2022\/10\/ANNIE-ERNAUX.jpg?fit=900%2C599&ssl=1\" \/>\n\t<meta property=\"og:image:width\" content=\"900\" \/>\n\t<meta property=\"og:image:height\" content=\"599\" \/>\n\t<meta property=\"og:image:type\" content=\"image\/jpeg\" \/>\n<meta name=\"author\" content=\"anachain\" \/>\n<meta name=\"twitter:card\" content=\"summary_large_image\" \/>\n<meta name=\"twitter:creator\" content=\"@efenoticias\" \/>\n<meta name=\"twitter:site\" content=\"@efenoticias\" \/>\n<script type=\"application\/ld+json\" class=\"yoast-schema-graph\">{\"@context\":\"https:\\\/\\\/schema.org\",\"@graph\":[{\"@type\":\"NewsArticle\",\"@id\":\"https:\\\/\\\/pre.efe.com\\\/pt-br\\\/cultura-pt\\\/2022-10-06\\\/annie-ernaux-diz-que-nobel-de-literatura-e-uma-responsabilidade\\\/#article\",\"isPartOf\":{\"@id\":\"https:\\\/\\\/pre.efe.com\\\/pt-br\\\/cultura-pt\\\/2022-10-06\\\/annie-ernaux-diz-que-nobel-de-literatura-e-uma-responsabilidade\\\/\"},\"author\":{\"name\":\"anachain\",\"@id\":\"https:\\\/\\\/pre.efe.com\\\/pt-br\\\/#\\\/schema\\\/person\\\/b19f23f210db552768f68a4b552b004f\"},\"headline\":\"Annie Ernaux diz que Nobel de Literatura \u00e9 &#8220;uma responsabilidade&#8221;\",\"datePublished\":\"2022-10-06T19:41:39+00:00\",\"dateModified\":\"2022-10-06T19:41:41+00:00\",\"mainEntityOfPage\":{\"@id\":\"https:\\\/\\\/pre.efe.com\\\/pt-br\\\/cultura-pt\\\/2022-10-06\\\/annie-ernaux-diz-que-nobel-de-literatura-e-uma-responsabilidade\\\/\"},\"wordCount\":321,\"publisher\":{\"@id\":\"https:\\\/\\\/pre.efe.com\\\/pt-br\\\/#organization\"},\"image\":{\"@id\":\"https:\\\/\\\/pre.efe.com\\\/pt-br\\\/cultura-pt\\\/2022-10-06\\\/annie-ernaux-diz-que-nobel-de-literatura-e-uma-responsabilidade\\\/#primaryimage\"},\"thumbnailUrl\":\"https:\\\/\\\/pre.efe.com\\\/wp-content\\\/uploads\\\/2022\\\/10\\\/ANNIE-ERNAUX.jpg\",\"keywords\":[\"Nobel\"],\"articleSection\":[\"Cultura\",\"Outras not\u00edcias\"],\"inLanguage\":\"pt-BR\",\"copyrightYear\":\"2022\",\"copyrightHolder\":{\"@id\":\"https:\\\/\\\/pre.efe.com\\\/#organization\"}},{\"@type\":[\"WebPage\",\"ItemPage\"],\"@id\":\"https:\\\/\\\/pre.efe.com\\\/pt-br\\\/cultura-pt\\\/2022-10-06\\\/annie-ernaux-diz-que-nobel-de-literatura-e-uma-responsabilidade\\\/\",\"url\":\"https:\\\/\\\/pre.efe.com\\\/pt-br\\\/cultura-pt\\\/2022-10-06\\\/annie-ernaux-diz-que-nobel-de-literatura-e-uma-responsabilidade\\\/\",\"name\":\"Annie Ernaux diz que Nobel de Literatura \u00e9 \\\"uma responsabilidade\\\"\",\"isPartOf\":{\"@id\":\"https:\\\/\\\/pre.efe.com\\\/pt-br\\\/#website\"},\"primaryImageOfPage\":{\"@id\":\"https:\\\/\\\/pre.efe.com\\\/pt-br\\\/cultura-pt\\\/2022-10-06\\\/annie-ernaux-diz-que-nobel-de-literatura-e-uma-responsabilidade\\\/#primaryimage\"},\"image\":{\"@id\":\"https:\\\/\\\/pre.efe.com\\\/pt-br\\\/cultura-pt\\\/2022-10-06\\\/annie-ernaux-diz-que-nobel-de-literatura-e-uma-responsabilidade\\\/#primaryimage\"},\"thumbnailUrl\":\"https:\\\/\\\/pre.efe.com\\\/wp-content\\\/uploads\\\/2022\\\/10\\\/ANNIE-ERNAUX.jpg\",\"datePublished\":\"2022-10-06T19:41:39+00:00\",\"dateModified\":\"2022-10-06T19:41:41+00:00\",\"description\":\"\u00a0A escritora francesa Annie Ernaux disse que o pr\u00eamio Nobel de Literatura \\\"representa algo imenso\\\" e \\\"uma responsabilidade\\\".\",\"breadcrumb\":{\"@id\":\"https:\\\/\\\/pre.efe.com\\\/pt-br\\\/cultura-pt\\\/2022-10-06\\\/annie-ernaux-diz-que-nobel-de-literatura-e-uma-responsabilidade\\\/#breadcrumb\"},\"inLanguage\":\"pt-BR\",\"potentialAction\":[{\"@type\":\"ReadAction\",\"target\":[\"https:\\\/\\\/pre.efe.com\\\/pt-br\\\/cultura-pt\\\/2022-10-06\\\/annie-ernaux-diz-que-nobel-de-literatura-e-uma-responsabilidade\\\/\"]}]},{\"@type\":\"ImageObject\",\"inLanguage\":\"pt-BR\",\"@id\":\"https:\\\/\\\/pre.efe.com\\\/pt-br\\\/cultura-pt\\\/2022-10-06\\\/annie-ernaux-diz-que-nobel-de-literatura-e-uma-responsabilidade\\\/#primaryimage\",\"url\":\"https:\\\/\\\/pre.efe.com\\\/wp-content\\\/uploads\\\/2022\\\/10\\\/ANNIE-ERNAUX.jpg\",\"contentUrl\":\"https:\\\/\\\/pre.efe.com\\\/wp-content\\\/uploads\\\/2022\\\/10\\\/ANNIE-ERNAUX.jpg\",\"width\":900,\"height\":599,\"caption\":\"A escritora francesa Annie Ernaux durante uma entrevista coletiva nesta quinta-feira, em Paris. EFE\\\/\"},{\"@type\":\"BreadcrumbList\",\"@id\":\"https:\\\/\\\/pre.efe.com\\\/pt-br\\\/cultura-pt\\\/2022-10-06\\\/annie-ernaux-diz-que-nobel-de-literatura-e-uma-responsabilidade\\\/#breadcrumb\",\"itemListElement\":[{\"@type\":\"ListItem\",\"position\":1,\"name\":\"Portada\",\"item\":\"https:\\\/\\\/pre.efe.com\\\/pt-br\\\/\"},{\"@type\":\"ListItem\",\"position\":2,\"name\":\"Annie Ernaux diz que Nobel de Literatura \u00e9 &#8220;uma responsabilidade&#8221;\"}]},{\"@type\":\"WebSite\",\"@id\":\"https:\\\/\\\/pre.efe.com\\\/pt-br\\\/#website\",\"url\":\"https:\\\/\\\/pre.efe.com\\\/pt-br\\\/\",\"name\":\"EFE Noticias\",\"description\":\"\",\"publisher\":{\"@id\":\"https:\\\/\\\/pre.efe.com\\\/pt-br\\\/#organization\"},\"potentialAction\":[{\"@type\":\"SearchAction\",\"target\":{\"@type\":\"EntryPoint\",\"urlTemplate\":\"https:\\\/\\\/pre.efe.com\\\/pt-br\\\/?s={search_term_string}\"},\"query-input\":{\"@type\":\"PropertyValueSpecification\",\"valueRequired\":true,\"valueName\":\"search_term_string\"}}],\"inLanguage\":\"pt-BR\"},{\"@type\":\"Organization\",\"@id\":\"https:\\\/\\\/pre.efe.com\\\/pt-br\\\/#organization\",\"name\":\"Agencia EFE\",\"url\":\"https:\\\/\\\/pre.efe.com\\\/pt-br\\\/\",\"logo\":{\"@type\":\"ImageObject\",\"inLanguage\":\"pt-BR\",\"@id\":\"https:\\\/\\\/pre.efe.com\\\/pt-br\\\/#\\\/schema\\\/logo\\\/image\\\/\",\"url\":\"https:\\\/\\\/pre.efe.com\\\/wp-content\\\/uploads\\\/2023\\\/06\\\/logo-efe-467.png\",\"contentUrl\":\"https:\\\/\\\/pre.efe.com\\\/wp-content\\\/uploads\\\/2023\\\/06\\\/logo-efe-467.png\",\"width\":467,\"height\":467,\"caption\":\"Agencia EFE\"},\"image\":{\"@id\":\"https:\\\/\\\/pre.efe.com\\\/pt-br\\\/#\\\/schema\\\/logo\\\/image\\\/\"},\"sameAs\":[\"https:\\\/\\\/www.facebook.com\\\/AgenciaEFEnoticias\\\/\",\"https:\\\/\\\/x.com\\\/efenoticias\",\"https:\\\/\\\/www.instagram.com\\\/efe_noticias\\\/\",\"http:\\\/\\\/www.youtube.com\\\/efe\"]},{\"@type\":\"Person\",\"@id\":\"https:\\\/\\\/pre.efe.com\\\/pt-br\\\/#\\\/schema\\\/person\\\/b19f23f210db552768f68a4b552b004f\",\"name\":\"anachain\",\"image\":{\"@type\":\"ImageObject\",\"inLanguage\":\"pt-BR\",\"@id\":\"https:\\\/\\\/secure.gravatar.com\\\/avatar\\\/30b83965911ef1108bb893c00bdd65c885f9890e1265ee04b02c3d5adc785d37?s=96&d=identicon&r=g\",\"url\":\"https:\\\/\\\/secure.gravatar.com\\\/avatar\\\/30b83965911ef1108bb893c00bdd65c885f9890e1265ee04b02c3d5adc785d37?s=96&d=identicon&r=g\",\"contentUrl\":\"https:\\\/\\\/secure.gravatar.com\\\/avatar\\\/30b83965911ef1108bb893c00bdd65c885f9890e1265ee04b02c3d5adc785d37?s=96&d=identicon&r=g\",\"caption\":\"anachain\"},\"url\":\"https:\\\/\\\/pre.efe.com\\\/pt-br\\\/autor\\\/anachain\\\/\"}]}<\/script>\n<!-- \/ Yoast SEO Premium plugin. -->","yoast_head_json":{"title":"Annie Ernaux diz que Nobel de Literatura \u00e9 \"uma responsabilidade\"","description":"\u00a0A escritora francesa Annie Ernaux disse que o pr\u00eamio Nobel de Literatura \"representa algo imenso\" e \"uma responsabilidade\".","robots":{"index":"noindex","follow":"follow"},"og_locale":"pt_BR","og_type":"article","og_title":"Annie Ernaux diz que Nobel de Literatura \u00e9 \"uma responsabilidade\" - EFE","og_description":"\u00a0A escritora francesa Annie Ernaux disse que o pr\u00eamio Nobel de Literatura \"representa algo imenso\" e \"uma responsabilidade\".","og_url":"https:\/\/pre.efe.com\/pt-br\/cultura-pt\/2022-10-06\/annie-ernaux-diz-que-nobel-de-literatura-e-uma-responsabilidade\/","og_site_name":"EFE Noticias","article_publisher":"https:\/\/www.facebook.com\/AgenciaEFEnoticias\/","article_published_time":"2022-10-06T19:41:39+00:00","article_modified_time":"2022-10-06T19:41:41+00:00","og_image":[{"width":900,"height":599,"url":"https:\/\/i0.wp.com\/efe.com\/\/srv\/htdocs\/wp-content\/uploads\/2022\/10\/ANNIE-ERNAUX.jpg?fit=900%2C599&ssl=1","type":"image\/jpeg"}],"author":"anachain","twitter_card":"summary_large_image","twitter_creator":"@efenoticias","twitter_site":"@efenoticias","schema":{"@context":"https:\/\/schema.org","@graph":[{"@type":"NewsArticle","@id":"https:\/\/pre.efe.com\/pt-br\/cultura-pt\/2022-10-06\/annie-ernaux-diz-que-nobel-de-literatura-e-uma-responsabilidade\/#article","isPartOf":{"@id":"https:\/\/pre.efe.com\/pt-br\/cultura-pt\/2022-10-06\/annie-ernaux-diz-que-nobel-de-literatura-e-uma-responsabilidade\/"},"author":{"name":"anachain","@id":"https:\/\/pre.efe.com\/pt-br\/#\/schema\/person\/b19f23f210db552768f68a4b552b004f"},"headline":"Annie Ernaux diz que Nobel de Literatura \u00e9 &#8220;uma responsabilidade&#8221;","datePublished":"2022-10-06T19:41:39+00:00","dateModified":"2022-10-06T19:41:41+00:00","mainEntityOfPage":{"@id":"https:\/\/pre.efe.com\/pt-br\/cultura-pt\/2022-10-06\/annie-ernaux-diz-que-nobel-de-literatura-e-uma-responsabilidade\/"},"wordCount":321,"publisher":{"@id":"https:\/\/pre.efe.com\/pt-br\/#organization"},"image":{"@id":"https:\/\/pre.efe.com\/pt-br\/cultura-pt\/2022-10-06\/annie-ernaux-diz-que-nobel-de-literatura-e-uma-responsabilidade\/#primaryimage"},"thumbnailUrl":"https:\/\/pre.efe.com\/wp-content\/uploads\/2022\/10\/ANNIE-ERNAUX.jpg","keywords":["Nobel"],"articleSection":["Cultura","Outras not\u00edcias"],"inLanguage":"pt-BR","copyrightYear":"2022","copyrightHolder":{"@id":"https:\/\/pre.efe.com\/#organization"}},{"@type":["WebPage","ItemPage"],"@id":"https:\/\/pre.efe.com\/pt-br\/cultura-pt\/2022-10-06\/annie-ernaux-diz-que-nobel-de-literatura-e-uma-responsabilidade\/","url":"https:\/\/pre.efe.com\/pt-br\/cultura-pt\/2022-10-06\/annie-ernaux-diz-que-nobel-de-literatura-e-uma-responsabilidade\/","name":"Annie Ernaux diz que Nobel de Literatura \u00e9 \"uma responsabilidade\"","isPartOf":{"@id":"https:\/\/pre.efe.com\/pt-br\/#website"},"primaryImageOfPage":{"@id":"https:\/\/pre.efe.com\/pt-br\/cultura-pt\/2022-10-06\/annie-ernaux-diz-que-nobel-de-literatura-e-uma-responsabilidade\/#primaryimage"},"image":{"@id":"https:\/\/pre.efe.com\/pt-br\/cultura-pt\/2022-10-06\/annie-ernaux-diz-que-nobel-de-literatura-e-uma-responsabilidade\/#primaryimage"},"thumbnailUrl":"https:\/\/pre.efe.com\/wp-content\/uploads\/2022\/10\/ANNIE-ERNAUX.jpg","datePublished":"2022-10-06T19:41:39+00:00","dateModified":"2022-10-06T19:41:41+00:00","description":"\u00a0A escritora francesa Annie Ernaux disse que o pr\u00eamio Nobel de Literatura \"representa algo imenso\" e \"uma responsabilidade\".","breadcrumb":{"@id":"https:\/\/pre.efe.com\/pt-br\/cultura-pt\/2022-10-06\/annie-ernaux-diz-que-nobel-de-literatura-e-uma-responsabilidade\/#breadcrumb"},"inLanguage":"pt-BR","potentialAction":[{"@type":"ReadAction","target":["https:\/\/pre.efe.com\/pt-br\/cultura-pt\/2022-10-06\/annie-ernaux-diz-que-nobel-de-literatura-e-uma-responsabilidade\/"]}]},{"@type":"ImageObject","inLanguage":"pt-BR","@id":"https:\/\/pre.efe.com\/pt-br\/cultura-pt\/2022-10-06\/annie-ernaux-diz-que-nobel-de-literatura-e-uma-responsabilidade\/#primaryimage","url":"https:\/\/pre.efe.com\/wp-content\/uploads\/2022\/10\/ANNIE-ERNAUX.jpg","contentUrl":"https:\/\/pre.efe.com\/wp-content\/uploads\/2022\/10\/ANNIE-ERNAUX.jpg","width":900,"height":599,"caption":"A escritora francesa Annie Ernaux durante uma entrevista coletiva nesta quinta-feira, em Paris. EFE\/"},{"@type":"BreadcrumbList","@id":"https:\/\/pre.efe.com\/pt-br\/cultura-pt\/2022-10-06\/annie-ernaux-diz-que-nobel-de-literatura-e-uma-responsabilidade\/#breadcrumb","itemListElement":[{"@type":"ListItem","position":1,"name":"Portada","item":"https:\/\/pre.efe.com\/pt-br\/"},{"@type":"ListItem","position":2,"name":"Annie Ernaux diz que Nobel de Literatura \u00e9 &#8220;uma responsabilidade&#8221;"}]},{"@type":"WebSite","@id":"https:\/\/pre.efe.com\/pt-br\/#website","url":"https:\/\/pre.efe.com\/pt-br\/","name":"EFE Noticias","description":"","publisher":{"@id":"https:\/\/pre.efe.com\/pt-br\/#organization"},"potentialAction":[{"@type":"SearchAction","target":{"@type":"EntryPoint","urlTemplate":"https:\/\/pre.efe.com\/pt-br\/?s={search_term_string}"},"query-input":{"@type":"PropertyValueSpecification","valueRequired":true,"valueName":"search_term_string"}}],"inLanguage":"pt-BR"},{"@type":"Organization","@id":"https:\/\/pre.efe.com\/pt-br\/#organization","name":"Agencia EFE","url":"https:\/\/pre.efe.com\/pt-br\/","logo":{"@type":"ImageObject","inLanguage":"pt-BR","@id":"https:\/\/pre.efe.com\/pt-br\/#\/schema\/logo\/image\/","url":"https:\/\/pre.efe.com\/wp-content\/uploads\/2023\/06\/logo-efe-467.png","contentUrl":"https:\/\/pre.efe.com\/wp-content\/uploads\/2023\/06\/logo-efe-467.png","width":467,"height":467,"caption":"Agencia EFE"},"image":{"@id":"https:\/\/pre.efe.com\/pt-br\/#\/schema\/logo\/image\/"},"sameAs":["https:\/\/www.facebook.com\/AgenciaEFEnoticias\/","https:\/\/x.com\/efenoticias","https:\/\/www.instagram.com\/efe_noticias\/","http:\/\/www.youtube.com\/efe"]},{"@type":"Person","@id":"https:\/\/pre.efe.com\/pt-br\/#\/schema\/person\/b19f23f210db552768f68a4b552b004f","name":"anachain","image":{"@type":"ImageObject","inLanguage":"pt-BR","@id":"https:\/\/secure.gravatar.com\/avatar\/30b83965911ef1108bb893c00bdd65c885f9890e1265ee04b02c3d5adc785d37?s=96&d=identicon&r=g","url":"https:\/\/secure.gravatar.com\/avatar\/30b83965911ef1108bb893c00bdd65c885f9890e1265ee04b02c3d5adc785d37?s=96&d=identicon&r=g","contentUrl":"https:\/\/secure.gravatar.com\/avatar\/30b83965911ef1108bb893c00bdd65c885f9890e1265ee04b02c3d5adc785d37?s=96&d=identicon&r=g","caption":"anachain"},"url":"https:\/\/pre.efe.com\/pt-br\/autor\/anachain\/"}]}},"jetpack_featured_media_url":"https:\/\/pre.efe.com\/wp-content\/uploads\/2022\/10\/ANNIE-ERNAUX.jpg","jetpack_shortlink":"https:\/\/wp.me\/peJvHm-sEZ","jetpack_sharing_enabled":true,"_links":{"self":[{"href":"https:\/\/pre.efe.com\/pt-br\/wp-json\/wp\/v2\/posts\/110173","targetHints":{"allow":["GET"]}}],"collection":[{"href":"https:\/\/pre.efe.com\/pt-br\/wp-json\/wp\/v2\/posts"}],"about":[{"href":"https:\/\/pre.efe.com\/pt-br\/wp-json\/wp\/v2\/types\/post"}],"author":[{"embeddable":true,"href":"https:\/\/pre.efe.com\/pt-br\/wp-json\/wp\/v2\/users\/198164106"}],"replies":[{"embeddable":true,"href":"https:\/\/pre.efe.com\/pt-br\/wp-json\/wp\/v2\/comments?post=110173"}],"version-history":[{"count":2,"href":"https:\/\/pre.efe.com\/pt-br\/wp-json\/wp\/v2\/posts\/110173\/revisions"}],"predecessor-version":[{"id":110272,"href":"https:\/\/pre.efe.com\/pt-br\/wp-json\/wp\/v2\/posts\/110173\/revisions\/110272"}],"wp:featuredmedia":[{"embeddable":true,"href":"https:\/\/pre.efe.com\/pt-br\/wp-json\/wp\/v2\/media\/110269"}],"wp:attachment":[{"href":"https:\/\/pre.efe.com\/pt-br\/wp-json\/wp\/v2\/media?parent=110173"}],"wp:term":[{"taxonomy":"category","embeddable":true,"href":"https:\/\/pre.efe.com\/pt-br\/wp-json\/wp\/v2\/categories?post=110173"},{"taxonomy":"post_tag","embeddable":true,"href":"https:\/\/pre.efe.com\/pt-br\/wp-json\/wp\/v2\/tags?post=110173"}],"curies":[{"name":"wp","href":"https:\/\/api.w.org\/{rel}","templated":true}]}}