{"id":112505,"date":"2022-10-08T05:03:13","date_gmt":"2022-10-08T03:03:13","guid":{"rendered":"https:\/\/pre.efe.com\/?p=112505"},"modified":"2022-10-08T05:03:15","modified_gmt":"2022-10-08T03:03:15","slug":"animais-ancestrais-no-qatar-e-onde-encontra-los","status":"publish","type":"post","link":"https:\/\/pre.efe.com\/pt-br\/mundo-2\/2022-10-08\/animais-ancestrais-no-qatar-e-onde-encontra-los\/","title":{"rendered":"Animais ancestrais no Qatar e onde encontr\u00e1-los"},"content":{"rendered":"\n<p>Jos\u00e9 Miguel Pascual Labrador.<\/p>\n\n\n\n<p>Doha (<a href=\"https:\/\/pre.efe.com\/pt-br\/\">EFE<\/a>).- O ant\u00edlope \u00e1rabe, de pelagem branca e chifres longos, \u00e9 considerado o animal nacional do Qatar. Reverenciado pelas origens na Pen\u00ednsula Ar\u00e1bica, a beleza e a capacidade de adapta\u00e7\u00e3o a um clima t\u00e3o hostil como o deserto, este mam\u00edfero divide aten\u00e7\u00f5es com outras esp\u00e9cies que, durante s\u00e9culos, estabeleceram uma rela\u00e7\u00e3o especial com as comunidades locais.<\/p>\n\n\n\n<p>O falc\u00e3o, o cavalo \u00e1rabe e o dromed\u00e1rio s\u00e3o alguns dos animais que acompanharam a sociedade do Qatar em seu desenvolvimento, desempenhando um papel importante no passado como s\u00edmbolos de prosperidade ou meio de transporte, at\u00e9 chegarem ao car\u00e1ter l\u00fadico e de atra\u00e7\u00f5es tur\u00edsticas atuais.<\/p>\n\n\n\n<p>Antes do in\u00edcio da Copa do Mundo do Qatar 2022, s\u00e3o muitos os interessados \u200b\u200bem conhecer as particularidades do pa\u00eds, e eles descobrir\u00e3o que passado e presente n\u00e3o podem ser compreendidos sem a rela\u00e7\u00e3o de sua popula\u00e7\u00e3o com os animais nativos.<\/p>\n\n\n\n<h2 class=\"wp-block-heading\">Viagem pelo deserto do Qatar<\/h2>\n\n\n\n<figure class=\"wp-block-image size-full is-resized\"><img fetchpriority=\"high\" decoding=\"async\" src=\"https:\/\/pre.efe.com\/wp-content\/uploads\/2022\/10\/QATAR-DESERTO.jpg\" alt=\"\" class=\"wp-image-112510\" width=\"977\" height=\"651\" srcset=\"https:\/\/pre.efe.com\/wp-content\/uploads\/2022\/10\/QATAR-DESERTO.jpg 900w, https:\/\/pre.efe.com\/wp-content\/uploads\/2022\/10\/QATAR-DESERTO-300x200.jpg 300w, https:\/\/pre.efe.com\/wp-content\/uploads\/2022\/10\/QATAR-DESERTO-768x512.jpg 768w, https:\/\/pre.efe.com\/wp-content\/uploads\/2022\/10\/QATAR-DESERTO-430x286.jpg 430w\" sizes=\"(max-width: 977px) 100vw, 977px\" \/><figcaption><em>Turistas passeiam em dromed\u00e1rios pelo deserto do Qatar. <strong>EFE\/Alberto Est\u00e9vez<\/strong><\/em><\/figcaption><\/figure>\n\n\n\n<p>Com uma tradi\u00e7\u00e3o milenar nos desertos, os dromed\u00e1rios eram imprescind\u00edveis para a locomo\u00e7\u00e3o nestas terras, dada a sua capacidade de sobreviver v\u00e1rios dias sem comer ou beber e \u00e0 resist\u00eancia de sua pele ao sol.<\/p>\n\n\n\n<p>Apesar de os dromed\u00e1rios terem menor agilidade do que outros quadr\u00fapedes, como os cavalos, esse fato n\u00e3o impediu que fossem usados \u200b\u200bno campo de batalha ou por n\u00f4mades para transportar seus acampamentos, nem impediu que uma das principais atividades de lazer no Qatar hoje seja a corrida de camelos \u00e1rabes.<\/p>\n\n\n\n<h2 class=\"wp-block-heading\">Corridas de dromed\u00e1rio, tradi\u00e7\u00e3o no Qatar desde os anos 70<\/h2>\n\n\n\n<figure class=\"wp-block-image size-full is-resized\"><img decoding=\"async\" src=\"https:\/\/pre.efe.com\/wp-content\/uploads\/2022\/10\/QATAR-ANIMAIS.jpg\" alt=\"\" class=\"wp-image-112522\" width=\"978\" height=\"651\" srcset=\"https:\/\/pre.efe.com\/wp-content\/uploads\/2022\/10\/QATAR-ANIMAIS.jpg 900w, https:\/\/pre.efe.com\/wp-content\/uploads\/2022\/10\/QATAR-ANIMAIS-300x200.jpg 300w, https:\/\/pre.efe.com\/wp-content\/uploads\/2022\/10\/QATAR-ANIMAIS-768x511.jpg 768w, https:\/\/pre.efe.com\/wp-content\/uploads\/2022\/10\/QATAR-ANIMAIS-430x286.jpg 430w\" sizes=\"(max-width: 978px) 100vw, 978px\" \/><figcaption><em>Dromed\u00e1rios participam de uma corrida em Al Shahaniya, no Qatar. <strong>EFE\/Alberto Est\u00e9vez<\/strong><\/em><\/figcaption><\/figure>\n\n\n\n<p>Essas competi\u00e7\u00f5es populares nasceram na d\u00e9cada de 1970, e seu palco principal \u00e9 Al Shahaniya, uma cidade a cerca de 20 quil\u00f4metros de Doha, onde as principais corridas acontecem do final de setembro a abril.<\/p>\n\n\n\n<p>Entre todos os torneios nacionais e internacionais, realizados todas as sextas-feiras, encontra-se a Corrida Principal de Sua Alteza, o Emir, realizada em mar\u00e7o e abril, com o pr\u00f3prio Emir entregando o trof\u00e9u ao vencedor.<\/p>\n\n\n\n<p>No in\u00edcio desta atividade, os camelos eram montados por crian\u00e7as, geralmente de outros pa\u00edses da regi\u00e3o ou da \u00c1frica, mas v\u00e1rias controv\u00e9rsias sobre a obrigatoriedade dos menores n\u00e3o ultrapassarem uma certa altura ou peso fizeram com que no final da d\u00e9cada de 1990 essa pr\u00e1tica fosse proibida.<\/p>\n\n\n\n<p>Hoje, os animais s\u00e3o conduzidos por um operador remoto que, por meio de um sistema tecnol\u00f3gico, controla um rob\u00f4 j\u00f3quei do tamanho de uma crian\u00e7a pequena, que por sua vez aplica uma antena de chicote, controla as r\u00e9deas e estimula o dromed\u00e1rio a atingir velocidades m\u00e1ximas de at\u00e9 65 km\/h no circuito curto e at\u00e9 48 km\/h no percurso de resist\u00eancia.<\/p>\n\n\n\n<p>As provas s\u00e3o abertas ao p\u00fablico, e outra corrida \u00e9 disputada fora da arena do complexo. Uma das maiores divers\u00f5es locais \u00e9 acompanhar as corridas dirigindo seu pr\u00f3prio ve\u00edculo a toda velocidade pela estrada paralela \u00e0 pista.<\/p>\n\n\n\n<p>Tal \u00e9 a admira\u00e7\u00e3o por este animal que a guarda do Emir percorre todos os dias o pal\u00e1cio de trabalho, localizado em Doha entre o Souq Waqif e o Museu de Arte Isl\u00e2mica, montada em camelos \u00e1rabes.<\/p>\n\n\n\n<h2 class=\"wp-block-heading\">Voo do falc\u00e3o pelos c\u00e9us do Qatar<\/h2>\n\n\n\n<figure class=\"wp-block-image size-full is-resized\"><img decoding=\"async\" src=\"https:\/\/pre.efe.com\/wp-content\/uploads\/2022\/10\/QATAR-FALCAO-1.jpg\" alt=\"\" class=\"wp-image-112514\" width=\"980\" height=\"653\" srcset=\"https:\/\/pre.efe.com\/wp-content\/uploads\/2022\/10\/QATAR-FALCAO-1.jpg 900w, https:\/\/pre.efe.com\/wp-content\/uploads\/2022\/10\/QATAR-FALCAO-1-300x200.jpg 300w, https:\/\/pre.efe.com\/wp-content\/uploads\/2022\/10\/QATAR-FALCAO-1-768x512.jpg 768w, https:\/\/pre.efe.com\/wp-content\/uploads\/2022\/10\/QATAR-FALCAO-1-430x286.jpg 430w\" sizes=\"(max-width: 980px) 100vw, 980px\" \/><figcaption><em>Falc\u00f5es em exibi\u00e7\u00e3o na feira de Shail, em Doha. <strong>EFE\/Alberto Est\u00e9vez<\/strong><\/em><\/figcaption><\/figure>\n\n\n\n<p>E de admira\u00e7\u00e3o em admira\u00e7\u00e3o, os qatarianos v\u00e3o da terra ao c\u00e9u, do dromed\u00e1rio ao falc\u00e3o. &#8220;Para n\u00f3s, n\u00e3o \u00e9 um esporte, \u00e9 um modo de vida, porque os n\u00f4mades do deserto usam essas aves para capturar presas&#8221;, explicou \u00e0 Ag\u00eancia EFE o secret\u00e1rio e diretor de comunica\u00e7\u00e3o da Associa\u00e7\u00e3o Al Gannas, Zayide Al-Ali.<\/p>\n\n\n\n<p>Com uma vis\u00e3o quase oito vezes mais agu\u00e7ada que a do ser humano, os falc\u00f5es e seu estilo de ca\u00e7a e efici\u00eancia na captura de presas levaram os bedu\u00ednos a utiliz\u00e1-los para obter alimentos e a introduzir, s\u00e9culos atr\u00e1s, essa tradi\u00e7\u00e3o do Ir\u00e3 a outros pa\u00edses do Oriente M\u00e9dio.<\/p>\n\n\n\n<p>A associa\u00e7\u00e3o Al Gannas dedica-se ao cuidado e reabilita\u00e7\u00e3o de aves, especialmente aves de rapina, para evitar que sejam v\u00edtimas de contrabando ou perigos como eletrochoques e envenenamento.<\/p>\n\n\n\n<p>Doha tamb\u00e9m conta, no tradicional Souq Waqif, com um centro de refer\u00eancia onde os falcoeiros compram comida para suas aves, al\u00e9m de capuzes e outros acess\u00f3rios e, sobretudo, com o Hospital dos Falc\u00f5es, onde s\u00e3o tratados de poss\u00edveis les\u00f5es e onde podem ser feitos exames de rotina.<\/p>\n\n\n\n<h2 class=\"wp-block-heading\">Al Shaqab, a cidade do cavalo<\/h2>\n\n\n\n<figure class=\"wp-block-image size-full is-resized\"><img loading=\"lazy\" decoding=\"async\" src=\"https:\/\/pre.efe.com\/wp-content\/uploads\/2022\/10\/QATAR-CAVALO.jpg\" alt=\"\" class=\"wp-image-112518\" width=\"979\" height=\"653\" srcset=\"https:\/\/pre.efe.com\/wp-content\/uploads\/2022\/10\/QATAR-CAVALO.jpg 900w, https:\/\/pre.efe.com\/wp-content\/uploads\/2022\/10\/QATAR-CAVALO-300x200.jpg 300w, https:\/\/pre.efe.com\/wp-content\/uploads\/2022\/10\/QATAR-CAVALO-768x512.jpg 768w, https:\/\/pre.efe.com\/wp-content\/uploads\/2022\/10\/QATAR-CAVALO-430x286.jpg 430w\" sizes=\"(max-width: 979px) 100vw, 979px\" \/><figcaption><em>Um cavalo se exercita em uma piscina do centro equestre de Al Shaqab. <strong>EFE\/Alberto Est\u00e9vez<\/strong><\/em><\/figcaption><\/figure>\n\n\n\n<p>O centro equestre da Funda\u00e7\u00e3o Qatar, Al Shaqab, fundado em 1992 pelo antigo emir do pa\u00eds, Sheikh Hamad Bin Khalifa Al-Thani, \u00e9 uma refer\u00eancia para o cuidado, treinamento e cria\u00e7\u00e3o de cavalos \u00e1rabes.<\/p>\n\n\n\n<p>Nos 100 hectares de \u00e1rea das instala\u00e7\u00f5es, h\u00e1 um est\u00e1dio de competi\u00e7\u00e3o com capacidade para 6 mil pessoas, est\u00e1bulos dedicados a diferentes disciplinas, pistas de treinamento e um centro veterin\u00e1rio de alto desempenho e tecnologia de ponta para exames.<\/p>\n\n\n\n<p>Cavalos de todo o mundo s\u00e3o levados a este hospital veterin\u00e1rio, pois, al\u00e9m de realizar testes preliminares e opera\u00e7\u00f5es cir\u00fargicas, eles se dedicam \u00e0 recupera\u00e7\u00e3o de qualquer tipo de les\u00e3o.<\/p>\n\n\n\n<p>O diretor de Protocolo e Rela\u00e7\u00f5es Internacionais de Al Shaqab, Abdulrhman Alkaabi, afirmou \u00e0 EFE que o objetivo \u00e9 &#8220;preservar a heran\u00e7a dos cavalos \u00e1rabes&#8221;, para os quais s\u00e3o desenvolvidos diferentes programas que mostram o amor dos qatarianos por esses animais e esportes equestres.<\/p>\n\n\n\n<p>Juntamente com a Qatar Foundation, o local conta com uma escola de equita\u00e7\u00e3o com aulas para pessoas a partir de 3 anos \u201cat\u00e9 os n\u00edveis de competi\u00e7\u00e3o\u201d, incluindo programas para crian\u00e7as com necessidades especiais.\u00a0<a href=\"https:\/\/efs.efeservicios.com\/\">EFE<\/a><\/p>\n","protected":false},"excerpt":{"rendered":"<p>Jos\u00e9 Miguel Pascual Labrador. Doha (EFE).- O ant\u00edlope \u00e1rabe, de pelagem branca e chifres longos, \u00e9 considerado o animal nacional do Qatar. Reverenciado pelas origens na Pen\u00ednsula Ar\u00e1bica, a beleza e a capacidade de adapta\u00e7\u00e3o a um clima t\u00e3o hostil como o deserto, este mam\u00edfero divide aten\u00e7\u00f5es com outras esp\u00e9cies que, durante s\u00e9culos, estabeleceram uma &#8230; <a title=\"Animais ancestrais no Qatar e onde encontr\u00e1-los\" class=\"read-more\" href=\"https:\/\/pre.efe.com\/pt-br\/mundo-2\/2022-10-08\/animais-ancestrais-no-qatar-e-onde-encontra-los\/\" aria-label=\"Read more about Animais ancestrais no Qatar e onde encontr\u00e1-los\">Leia mais<\/a><\/p>\n","protected":false},"author":198164106,"featured_media":112507,"comment_status":"closed","ping_status":"closed","sticky":false,"template":"","format":"standard","meta":{"_acf_changed":false,"_jetpack_memberships_contains_paid_content":false,"footnotes":""},"categories":[123208,122144],"tags":[122921],"class_list":["post-112505","post","type-post","status-publish","format-standard","has-post-thumbnail","hentry","category-mundo-2","category-outras-noticias","tag-qatar","generate-columns","tablet-grid-50","mobile-grid-100","grid-parent","grid-50"],"acf":[],"yoast_head":"<!-- This site is optimized with the Yoast SEO Premium plugin v26.0 (Yoast SEO v27.5) - https:\/\/yoast.com\/product\/yoast-seo-premium-wordpress\/ -->\n<title>Animais ancestrais no Qatar e onde encontr\u00e1-los<\/title>\n<meta name=\"description\" content=\"O ant\u00edlope \u00e1rabe \u00e9 considerado o animal nacional do Qatar, mas divide aten\u00e7\u00f5es com outras esp\u00e9cies vinculadas \u00e0s comunidades locais.\" \/>\n<meta name=\"robots\" content=\"noindex, follow\" \/>\n<meta property=\"og:locale\" content=\"pt_BR\" \/>\n<meta property=\"og:type\" content=\"article\" \/>\n<meta property=\"og:title\" content=\"Animais ancestrais no Qatar e onde encontr\u00e1-los - EFE\" \/>\n<meta property=\"og:description\" content=\"O ant\u00edlope \u00e1rabe \u00e9 considerado o animal nacional do Qatar, mas divide aten\u00e7\u00f5es com outras esp\u00e9cies vinculadas \u00e0s comunidades locais.\" \/>\n<meta property=\"og:url\" content=\"https:\/\/pre.efe.com\/pt-br\/mundo-2\/2022-10-08\/animais-ancestrais-no-qatar-e-onde-encontra-los\/\" \/>\n<meta property=\"og:site_name\" content=\"EFE Noticias\" \/>\n<meta property=\"article:publisher\" content=\"https:\/\/www.facebook.com\/AgenciaEFEnoticias\/\" \/>\n<meta property=\"article:published_time\" content=\"2022-10-08T03:03:13+00:00\" \/>\n<meta property=\"article:modified_time\" content=\"2022-10-08T03:03:15+00:00\" \/>\n<meta property=\"og:image\" content=\"https:\/\/i0.wp.com\/efe.com\/\/srv\/htdocs\/wp-content\/uploads\/2022\/10\/QATAR_ANIMALES.jpg?fit=900%2C599&ssl=1\" \/>\n\t<meta property=\"og:image:width\" content=\"900\" \/>\n\t<meta property=\"og:image:height\" content=\"599\" \/>\n\t<meta property=\"og:image:type\" content=\"image\/jpeg\" \/>\n<meta name=\"author\" content=\"anachain\" \/>\n<meta name=\"twitter:card\" content=\"summary_large_image\" \/>\n<meta name=\"twitter:creator\" content=\"@efenoticias\" \/>\n<meta name=\"twitter:site\" content=\"@efenoticias\" \/>\n<script type=\"application\/ld+json\" class=\"yoast-schema-graph\">{\"@context\":\"https:\\\/\\\/schema.org\",\"@graph\":[{\"@type\":\"NewsArticle\",\"@id\":\"https:\\\/\\\/pre.efe.com\\\/pt-br\\\/mundo-2\\\/2022-10-08\\\/animais-ancestrais-no-qatar-e-onde-encontra-los\\\/#article\",\"isPartOf\":{\"@id\":\"https:\\\/\\\/pre.efe.com\\\/pt-br\\\/mundo-2\\\/2022-10-08\\\/animais-ancestrais-no-qatar-e-onde-encontra-los\\\/\"},\"author\":{\"name\":\"anachain\",\"@id\":\"https:\\\/\\\/pre.efe.com\\\/pt-br\\\/#\\\/schema\\\/person\\\/b19f23f210db552768f68a4b552b004f\"},\"headline\":\"Animais ancestrais no Qatar e onde encontr\u00e1-los\",\"datePublished\":\"2022-10-08T03:03:13+00:00\",\"dateModified\":\"2022-10-08T03:03:15+00:00\",\"mainEntityOfPage\":{\"@id\":\"https:\\\/\\\/pre.efe.com\\\/pt-br\\\/mundo-2\\\/2022-10-08\\\/animais-ancestrais-no-qatar-e-onde-encontra-los\\\/\"},\"wordCount\":1045,\"publisher\":{\"@id\":\"https:\\\/\\\/pre.efe.com\\\/pt-br\\\/#organization\"},\"image\":{\"@id\":\"https:\\\/\\\/pre.efe.com\\\/pt-br\\\/mundo-2\\\/2022-10-08\\\/animais-ancestrais-no-qatar-e-onde-encontra-los\\\/#primaryimage\"},\"thumbnailUrl\":\"https:\\\/\\\/pre.efe.com\\\/wp-content\\\/uploads\\\/2022\\\/10\\\/QATAR_ANIMALES.jpg\",\"keywords\":[\"Qatar\"],\"articleSection\":[\"Mundo\",\"Outras not\u00edcias\"],\"inLanguage\":\"pt-BR\",\"copyrightYear\":\"2022\",\"copyrightHolder\":{\"@id\":\"https:\\\/\\\/pre.efe.com\\\/#organization\"}},{\"@type\":[\"WebPage\",\"ItemPage\"],\"@id\":\"https:\\\/\\\/pre.efe.com\\\/pt-br\\\/mundo-2\\\/2022-10-08\\\/animais-ancestrais-no-qatar-e-onde-encontra-los\\\/\",\"url\":\"https:\\\/\\\/pre.efe.com\\\/pt-br\\\/mundo-2\\\/2022-10-08\\\/animais-ancestrais-no-qatar-e-onde-encontra-los\\\/\",\"name\":\"Animais ancestrais no Qatar e onde encontr\u00e1-los\",\"isPartOf\":{\"@id\":\"https:\\\/\\\/pre.efe.com\\\/pt-br\\\/#website\"},\"primaryImageOfPage\":{\"@id\":\"https:\\\/\\\/pre.efe.com\\\/pt-br\\\/mundo-2\\\/2022-10-08\\\/animais-ancestrais-no-qatar-e-onde-encontra-los\\\/#primaryimage\"},\"image\":{\"@id\":\"https:\\\/\\\/pre.efe.com\\\/pt-br\\\/mundo-2\\\/2022-10-08\\\/animais-ancestrais-no-qatar-e-onde-encontra-los\\\/#primaryimage\"},\"thumbnailUrl\":\"https:\\\/\\\/pre.efe.com\\\/wp-content\\\/uploads\\\/2022\\\/10\\\/QATAR_ANIMALES.jpg\",\"datePublished\":\"2022-10-08T03:03:13+00:00\",\"dateModified\":\"2022-10-08T03:03:15+00:00\",\"description\":\"O ant\u00edlope \u00e1rabe \u00e9 considerado o animal nacional do Qatar, mas divide aten\u00e7\u00f5es com outras esp\u00e9cies vinculadas \u00e0s comunidades locais.\",\"breadcrumb\":{\"@id\":\"https:\\\/\\\/pre.efe.com\\\/pt-br\\\/mundo-2\\\/2022-10-08\\\/animais-ancestrais-no-qatar-e-onde-encontra-los\\\/#breadcrumb\"},\"inLanguage\":\"pt-BR\",\"potentialAction\":[{\"@type\":\"ReadAction\",\"target\":[\"https:\\\/\\\/pre.efe.com\\\/pt-br\\\/mundo-2\\\/2022-10-08\\\/animais-ancestrais-no-qatar-e-onde-encontra-los\\\/\"]}]},{\"@type\":\"ImageObject\",\"inLanguage\":\"pt-BR\",\"@id\":\"https:\\\/\\\/pre.efe.com\\\/pt-br\\\/mundo-2\\\/2022-10-08\\\/animais-ancestrais-no-qatar-e-onde-encontra-los\\\/#primaryimage\",\"url\":\"https:\\\/\\\/pre.efe.com\\\/wp-content\\\/uploads\\\/2022\\\/10\\\/QATAR_ANIMALES.jpg\",\"contentUrl\":\"https:\\\/\\\/pre.efe.com\\\/wp-content\\\/uploads\\\/2022\\\/10\\\/QATAR_ANIMALES.jpg\",\"width\":900,\"height\":599,\"caption\":\"Dromed\u00e1rios participam de uma corrida em Al Shahaniya, no Qatar. EFE\\\/Alberto Estevez\"},{\"@type\":\"BreadcrumbList\",\"@id\":\"https:\\\/\\\/pre.efe.com\\\/pt-br\\\/mundo-2\\\/2022-10-08\\\/animais-ancestrais-no-qatar-e-onde-encontra-los\\\/#breadcrumb\",\"itemListElement\":[{\"@type\":\"ListItem\",\"position\":1,\"name\":\"Portada\",\"item\":\"https:\\\/\\\/pre.efe.com\\\/pt-br\\\/\"},{\"@type\":\"ListItem\",\"position\":2,\"name\":\"Animais ancestrais no Qatar e onde encontr\u00e1-los\"}]},{\"@type\":\"WebSite\",\"@id\":\"https:\\\/\\\/pre.efe.com\\\/pt-br\\\/#website\",\"url\":\"https:\\\/\\\/pre.efe.com\\\/pt-br\\\/\",\"name\":\"EFE Noticias\",\"description\":\"\",\"publisher\":{\"@id\":\"https:\\\/\\\/pre.efe.com\\\/pt-br\\\/#organization\"},\"potentialAction\":[{\"@type\":\"SearchAction\",\"target\":{\"@type\":\"EntryPoint\",\"urlTemplate\":\"https:\\\/\\\/pre.efe.com\\\/pt-br\\\/?s={search_term_string}\"},\"query-input\":{\"@type\":\"PropertyValueSpecification\",\"valueRequired\":true,\"valueName\":\"search_term_string\"}}],\"inLanguage\":\"pt-BR\"},{\"@type\":\"Organization\",\"@id\":\"https:\\\/\\\/pre.efe.com\\\/pt-br\\\/#organization\",\"name\":\"Agencia EFE\",\"url\":\"https:\\\/\\\/pre.efe.com\\\/pt-br\\\/\",\"logo\":{\"@type\":\"ImageObject\",\"inLanguage\":\"pt-BR\",\"@id\":\"https:\\\/\\\/pre.efe.com\\\/pt-br\\\/#\\\/schema\\\/logo\\\/image\\\/\",\"url\":\"https:\\\/\\\/pre.efe.com\\\/wp-content\\\/uploads\\\/2023\\\/06\\\/logo-efe-467.png\",\"contentUrl\":\"https:\\\/\\\/pre.efe.com\\\/wp-content\\\/uploads\\\/2023\\\/06\\\/logo-efe-467.png\",\"width\":467,\"height\":467,\"caption\":\"Agencia EFE\"},\"image\":{\"@id\":\"https:\\\/\\\/pre.efe.com\\\/pt-br\\\/#\\\/schema\\\/logo\\\/image\\\/\"},\"sameAs\":[\"https:\\\/\\\/www.facebook.com\\\/AgenciaEFEnoticias\\\/\",\"https:\\\/\\\/x.com\\\/efenoticias\",\"https:\\\/\\\/www.instagram.com\\\/efe_noticias\\\/\",\"http:\\\/\\\/www.youtube.com\\\/efe\"]},{\"@type\":\"Person\",\"@id\":\"https:\\\/\\\/pre.efe.com\\\/pt-br\\\/#\\\/schema\\\/person\\\/b19f23f210db552768f68a4b552b004f\",\"name\":\"anachain\",\"image\":{\"@type\":\"ImageObject\",\"inLanguage\":\"pt-BR\",\"@id\":\"https:\\\/\\\/secure.gravatar.com\\\/avatar\\\/30b83965911ef1108bb893c00bdd65c885f9890e1265ee04b02c3d5adc785d37?s=96&d=identicon&r=g\",\"url\":\"https:\\\/\\\/secure.gravatar.com\\\/avatar\\\/30b83965911ef1108bb893c00bdd65c885f9890e1265ee04b02c3d5adc785d37?s=96&d=identicon&r=g\",\"contentUrl\":\"https:\\\/\\\/secure.gravatar.com\\\/avatar\\\/30b83965911ef1108bb893c00bdd65c885f9890e1265ee04b02c3d5adc785d37?s=96&d=identicon&r=g\",\"caption\":\"anachain\"},\"url\":\"https:\\\/\\\/pre.efe.com\\\/pt-br\\\/autor\\\/anachain\\\/\"}]}<\/script>\n<!-- \/ Yoast SEO Premium plugin. -->","yoast_head_json":{"title":"Animais ancestrais no Qatar e onde encontr\u00e1-los","description":"O ant\u00edlope \u00e1rabe \u00e9 considerado o animal nacional do Qatar, mas divide aten\u00e7\u00f5es com outras esp\u00e9cies vinculadas \u00e0s comunidades locais.","robots":{"index":"noindex","follow":"follow"},"og_locale":"pt_BR","og_type":"article","og_title":"Animais ancestrais no Qatar e onde encontr\u00e1-los - EFE","og_description":"O ant\u00edlope \u00e1rabe \u00e9 considerado o animal nacional do Qatar, mas divide aten\u00e7\u00f5es com outras esp\u00e9cies vinculadas \u00e0s comunidades locais.","og_url":"https:\/\/pre.efe.com\/pt-br\/mundo-2\/2022-10-08\/animais-ancestrais-no-qatar-e-onde-encontra-los\/","og_site_name":"EFE Noticias","article_publisher":"https:\/\/www.facebook.com\/AgenciaEFEnoticias\/","article_published_time":"2022-10-08T03:03:13+00:00","article_modified_time":"2022-10-08T03:03:15+00:00","og_image":[{"width":900,"height":599,"url":"https:\/\/i0.wp.com\/efe.com\/\/srv\/htdocs\/wp-content\/uploads\/2022\/10\/QATAR_ANIMALES.jpg?fit=900%2C599&ssl=1","type":"image\/jpeg"}],"author":"anachain","twitter_card":"summary_large_image","twitter_creator":"@efenoticias","twitter_site":"@efenoticias","schema":{"@context":"https:\/\/schema.org","@graph":[{"@type":"NewsArticle","@id":"https:\/\/pre.efe.com\/pt-br\/mundo-2\/2022-10-08\/animais-ancestrais-no-qatar-e-onde-encontra-los\/#article","isPartOf":{"@id":"https:\/\/pre.efe.com\/pt-br\/mundo-2\/2022-10-08\/animais-ancestrais-no-qatar-e-onde-encontra-los\/"},"author":{"name":"anachain","@id":"https:\/\/pre.efe.com\/pt-br\/#\/schema\/person\/b19f23f210db552768f68a4b552b004f"},"headline":"Animais ancestrais no Qatar e onde encontr\u00e1-los","datePublished":"2022-10-08T03:03:13+00:00","dateModified":"2022-10-08T03:03:15+00:00","mainEntityOfPage":{"@id":"https:\/\/pre.efe.com\/pt-br\/mundo-2\/2022-10-08\/animais-ancestrais-no-qatar-e-onde-encontra-los\/"},"wordCount":1045,"publisher":{"@id":"https:\/\/pre.efe.com\/pt-br\/#organization"},"image":{"@id":"https:\/\/pre.efe.com\/pt-br\/mundo-2\/2022-10-08\/animais-ancestrais-no-qatar-e-onde-encontra-los\/#primaryimage"},"thumbnailUrl":"https:\/\/pre.efe.com\/wp-content\/uploads\/2022\/10\/QATAR_ANIMALES.jpg","keywords":["Qatar"],"articleSection":["Mundo","Outras not\u00edcias"],"inLanguage":"pt-BR","copyrightYear":"2022","copyrightHolder":{"@id":"https:\/\/pre.efe.com\/#organization"}},{"@type":["WebPage","ItemPage"],"@id":"https:\/\/pre.efe.com\/pt-br\/mundo-2\/2022-10-08\/animais-ancestrais-no-qatar-e-onde-encontra-los\/","url":"https:\/\/pre.efe.com\/pt-br\/mundo-2\/2022-10-08\/animais-ancestrais-no-qatar-e-onde-encontra-los\/","name":"Animais ancestrais no Qatar e onde encontr\u00e1-los","isPartOf":{"@id":"https:\/\/pre.efe.com\/pt-br\/#website"},"primaryImageOfPage":{"@id":"https:\/\/pre.efe.com\/pt-br\/mundo-2\/2022-10-08\/animais-ancestrais-no-qatar-e-onde-encontra-los\/#primaryimage"},"image":{"@id":"https:\/\/pre.efe.com\/pt-br\/mundo-2\/2022-10-08\/animais-ancestrais-no-qatar-e-onde-encontra-los\/#primaryimage"},"thumbnailUrl":"https:\/\/pre.efe.com\/wp-content\/uploads\/2022\/10\/QATAR_ANIMALES.jpg","datePublished":"2022-10-08T03:03:13+00:00","dateModified":"2022-10-08T03:03:15+00:00","description":"O ant\u00edlope \u00e1rabe \u00e9 considerado o animal nacional do Qatar, mas divide aten\u00e7\u00f5es com outras esp\u00e9cies vinculadas \u00e0s comunidades locais.","breadcrumb":{"@id":"https:\/\/pre.efe.com\/pt-br\/mundo-2\/2022-10-08\/animais-ancestrais-no-qatar-e-onde-encontra-los\/#breadcrumb"},"inLanguage":"pt-BR","potentialAction":[{"@type":"ReadAction","target":["https:\/\/pre.efe.com\/pt-br\/mundo-2\/2022-10-08\/animais-ancestrais-no-qatar-e-onde-encontra-los\/"]}]},{"@type":"ImageObject","inLanguage":"pt-BR","@id":"https:\/\/pre.efe.com\/pt-br\/mundo-2\/2022-10-08\/animais-ancestrais-no-qatar-e-onde-encontra-los\/#primaryimage","url":"https:\/\/pre.efe.com\/wp-content\/uploads\/2022\/10\/QATAR_ANIMALES.jpg","contentUrl":"https:\/\/pre.efe.com\/wp-content\/uploads\/2022\/10\/QATAR_ANIMALES.jpg","width":900,"height":599,"caption":"Dromed\u00e1rios participam de uma corrida em Al Shahaniya, no Qatar. EFE\/Alberto Estevez"},{"@type":"BreadcrumbList","@id":"https:\/\/pre.efe.com\/pt-br\/mundo-2\/2022-10-08\/animais-ancestrais-no-qatar-e-onde-encontra-los\/#breadcrumb","itemListElement":[{"@type":"ListItem","position":1,"name":"Portada","item":"https:\/\/pre.efe.com\/pt-br\/"},{"@type":"ListItem","position":2,"name":"Animais ancestrais no Qatar e onde encontr\u00e1-los"}]},{"@type":"WebSite","@id":"https:\/\/pre.efe.com\/pt-br\/#website","url":"https:\/\/pre.efe.com\/pt-br\/","name":"EFE Noticias","description":"","publisher":{"@id":"https:\/\/pre.efe.com\/pt-br\/#organization"},"potentialAction":[{"@type":"SearchAction","target":{"@type":"EntryPoint","urlTemplate":"https:\/\/pre.efe.com\/pt-br\/?s={search_term_string}"},"query-input":{"@type":"PropertyValueSpecification","valueRequired":true,"valueName":"search_term_string"}}],"inLanguage":"pt-BR"},{"@type":"Organization","@id":"https:\/\/pre.efe.com\/pt-br\/#organization","name":"Agencia EFE","url":"https:\/\/pre.efe.com\/pt-br\/","logo":{"@type":"ImageObject","inLanguage":"pt-BR","@id":"https:\/\/pre.efe.com\/pt-br\/#\/schema\/logo\/image\/","url":"https:\/\/pre.efe.com\/wp-content\/uploads\/2023\/06\/logo-efe-467.png","contentUrl":"https:\/\/pre.efe.com\/wp-content\/uploads\/2023\/06\/logo-efe-467.png","width":467,"height":467,"caption":"Agencia EFE"},"image":{"@id":"https:\/\/pre.efe.com\/pt-br\/#\/schema\/logo\/image\/"},"sameAs":["https:\/\/www.facebook.com\/AgenciaEFEnoticias\/","https:\/\/x.com\/efenoticias","https:\/\/www.instagram.com\/efe_noticias\/","http:\/\/www.youtube.com\/efe"]},{"@type":"Person","@id":"https:\/\/pre.efe.com\/pt-br\/#\/schema\/person\/b19f23f210db552768f68a4b552b004f","name":"anachain","image":{"@type":"ImageObject","inLanguage":"pt-BR","@id":"https:\/\/secure.gravatar.com\/avatar\/30b83965911ef1108bb893c00bdd65c885f9890e1265ee04b02c3d5adc785d37?s=96&d=identicon&r=g","url":"https:\/\/secure.gravatar.com\/avatar\/30b83965911ef1108bb893c00bdd65c885f9890e1265ee04b02c3d5adc785d37?s=96&d=identicon&r=g","contentUrl":"https:\/\/secure.gravatar.com\/avatar\/30b83965911ef1108bb893c00bdd65c885f9890e1265ee04b02c3d5adc785d37?s=96&d=identicon&r=g","caption":"anachain"},"url":"https:\/\/pre.efe.com\/pt-br\/autor\/anachain\/"}]}},"jetpack_featured_media_url":"https:\/\/pre.efe.com\/wp-content\/uploads\/2022\/10\/QATAR_ANIMALES.jpg","jetpack_shortlink":"https:\/\/wp.me\/peJvHm-tgB","jetpack_sharing_enabled":true,"_links":{"self":[{"href":"https:\/\/pre.efe.com\/pt-br\/wp-json\/wp\/v2\/posts\/112505","targetHints":{"allow":["GET"]}}],"collection":[{"href":"https:\/\/pre.efe.com\/pt-br\/wp-json\/wp\/v2\/posts"}],"about":[{"href":"https:\/\/pre.efe.com\/pt-br\/wp-json\/wp\/v2\/types\/post"}],"author":[{"embeddable":true,"href":"https:\/\/pre.efe.com\/pt-br\/wp-json\/wp\/v2\/users\/198164106"}],"replies":[{"embeddable":true,"href":"https:\/\/pre.efe.com\/pt-br\/wp-json\/wp\/v2\/comments?post=112505"}],"version-history":[{"count":6,"href":"https:\/\/pre.efe.com\/pt-br\/wp-json\/wp\/v2\/posts\/112505\/revisions"}],"predecessor-version":[{"id":112526,"href":"https:\/\/pre.efe.com\/pt-br\/wp-json\/wp\/v2\/posts\/112505\/revisions\/112526"}],"wp:featuredmedia":[{"embeddable":true,"href":"https:\/\/pre.efe.com\/pt-br\/wp-json\/wp\/v2\/media\/112507"}],"wp:attachment":[{"href":"https:\/\/pre.efe.com\/pt-br\/wp-json\/wp\/v2\/media?parent=112505"}],"wp:term":[{"taxonomy":"category","embeddable":true,"href":"https:\/\/pre.efe.com\/pt-br\/wp-json\/wp\/v2\/categories?post=112505"},{"taxonomy":"post_tag","embeddable":true,"href":"https:\/\/pre.efe.com\/pt-br\/wp-json\/wp\/v2\/tags?post=112505"}],"curies":[{"name":"wp","href":"https:\/\/api.w.org\/{rel}","templated":true}]}}