{"id":118195,"date":"2022-10-12T06:19:28","date_gmt":"2022-10-12T04:19:28","guid":{"rendered":"https:\/\/pre.efe.com\/?p=118195"},"modified":"2022-10-12T06:19:30","modified_gmt":"2022-10-12T04:19:30","slug":"onu-diz-que-bombardeios-de-segunda-feira-na-ucrania-deixaram-12-mortos","status":"publish","type":"post","link":"https:\/\/pre.efe.com\/pt-br\/mundo-2\/2022-10-12\/onu-diz-que-bombardeios-de-segunda-feira-na-ucrania-deixaram-12-mortos\/","title":{"rendered":"ONU diz que bombardeios de segunda-feira na Ucr\u00e2nia deixaram 12 mortos"},"content":{"rendered":"\n<p>Genebra (<a href=\"https:\/\/pre.efe.com\/pt-br\/\">EFE<\/a>).- O Alto Comissariado da ONU para os Direitos Humanos confirmou nesta ter\u00e7a-feira que ao menos 12 pessoas morreram e mais de 100 ficaram feridas nos bombardeios realizados ontem por tropas da R\u00fassia contra cidades ucranianas, e lamentou que muitos ataques foram voltados contra alvos civis.<\/p>\n\n\n\n<blockquote class=\"wp-block-quote is-layout-flow wp-block-quote-is-layout-flow\"><p>&#8220;\u00c9 especialmente estremecedor o momento e os locais escolhidos para os ataques, quando as pessoas se dirigiam ao seu trabalho ou \u00e0s crian\u00e7as iam para a escola&#8221;, afirmou a porta-voz do \u00f3rg\u00e3o das Na\u00e7\u00f5es Unidas, Ravina Shamdasani.<\/p><\/blockquote>\n\n\n\n<p>A fonte tamb\u00e9m indicou que os ataques contra Kiev, Dnipropetrovsk, Zaporizhzhia, Sumy e outras regi\u00f5es, que produziram danos em, pelo menos, 12 infraestruturas energ\u00e9ticas, sendo que algumas ficaram destru\u00eddas.<\/p>\n\n\n\n<p>Isso, de acordo com a ONU, s\u00e3o um ind\u00edcio de que houve ataque deliberado contra alvos civis.&nbsp;<\/p>\n\n\n\n<blockquote class=\"wp-block-quote is-layout-flow wp-block-quote-is-layout-flow\"><p>&#8220;Esses ataques, com o inverno \u00e0s portas, aumentam a preocupa\u00e7\u00e3o sobre a seguran\u00e7a dos civis e de popula\u00e7\u00f5es vulner\u00e1veis&#8221;, disse Shamdasani.<\/p><\/blockquote>\n\n\n\n<p>A porta-voz do Alto Comissariado tamb\u00e9m insistiu em que tornar alvos infraestruturas indispens\u00e1veis para a sobreviv\u00eancia da popula\u00e7\u00e3o &#8220;est\u00e1 proibido pela lei humanit\u00e1ria internacional&#8221;.<\/p>\n\n\n\n<blockquote class=\"wp-block-quote is-layout-flow wp-block-quote-is-layout-flow\"><p>&#8220;Apelamos \u00e0 Federa\u00e7\u00e3o Russa a se abster de uma nova escalada no conflito e pedimos que tome todas as medidas necess\u00e1rias para evitar v\u00edtimas civis e danos a infraestruturas n\u00e3o militares&#8221;, completou Shamdasani.<\/p><\/blockquote>\n\n\n\n<p>De acordo com fontes ucranianas, os ataques desta segunda-feira deixaram 19 mortos e 105 feridos.<\/p>\n\n\n\n<p>Ao todo, 301 assentamentos nas regi\u00f5es de Kiev, Lviv, Sumy, Ternopil e Khmelnytsky seguem sem energia el\u00e9trica, por consequ\u00eancia dos bombardeios.<\/p>\n\n\n\n<p>De acordo com a ONU, desde o in\u00edcio da invas\u00e3o russa \u00e0 Ucr\u00e2nia, em 24 de fevereiro, foram registrados 6.221 \u00f3bitos de civis e 9.371 feridos.<a href=\"https:\/\/efs.efeservicios.com\/\"> EFE<\/a><\/p>\n","protected":false},"excerpt":{"rendered":"<p>Genebra (EFE).- O Alto Comissariado da ONU para os Direitos Humanos confirmou nesta ter\u00e7a-feira que ao menos 12 pessoas morreram e mais de 100 ficaram feridas nos bombardeios realizados ontem por tropas da R\u00fassia contra cidades ucranianas, e lamentou que muitos ataques foram voltados contra alvos civis. &#8220;\u00c9 especialmente estremecedor o momento e os locais &#8230; <a title=\"ONU diz que bombardeios de segunda-feira na Ucr\u00e2nia deixaram 12 mortos\" class=\"read-more\" href=\"https:\/\/pre.efe.com\/pt-br\/mundo-2\/2022-10-12\/onu-diz-que-bombardeios-de-segunda-feira-na-ucrania-deixaram-12-mortos\/\" aria-label=\"Read more about ONU diz que bombardeios de segunda-feira na Ucr\u00e2nia deixaram 12 mortos\">Leia mais<\/a><\/p>\n","protected":false},"author":198164106,"featured_media":118197,"comment_status":"closed","ping_status":"closed","sticky":false,"template":"","format":"standard","meta":{"_acf_changed":false,"_jetpack_memberships_contains_paid_content":false,"footnotes":""},"categories":[123208,122141],"tags":[122791,122958,122792],"class_list":["post-118195","post","type-post","status-publish","format-standard","has-post-thumbnail","hentry","category-mundo-2","category-portada","tag-guerra-2","tag-russia-2","tag-ucrania-2","generate-columns","tablet-grid-50","mobile-grid-100","grid-parent","grid-50"],"acf":[],"yoast_head":"<!-- This site is optimized with the Yoast SEO Premium plugin v26.0 (Yoast SEO v27.5) - https:\/\/yoast.com\/product\/yoast-seo-premium-wordpress\/ -->\n<title>ONU diz que bombardeios na Ucr\u00e2nia deixaram 12 mortos<\/title>\n<meta name=\"description\" content=\"O Alto Comissariado da ONU para os Direitos Humanos confirmou que ao menos 12 pessoas morreram e mais de 100 ficaram feridas nos bombardeios.\" \/>\n<meta name=\"robots\" content=\"noindex, follow\" \/>\n<meta property=\"og:locale\" content=\"pt_BR\" \/>\n<meta property=\"og:type\" content=\"article\" \/>\n<meta property=\"og:title\" content=\"ONU diz que bombardeios de segunda-feira na Ucr\u00e2nia deixaram 12 mortos - EFE\" \/>\n<meta property=\"og:description\" content=\"O Alto Comissariado da ONU para os Direitos Humanos confirmou que ao menos 12 pessoas morreram e mais de 100 ficaram feridas nos bombardeios.\" \/>\n<meta property=\"og:url\" content=\"https:\/\/pre.efe.com\/pt-br\/mundo-2\/2022-10-12\/onu-diz-que-bombardeios-de-segunda-feira-na-ucrania-deixaram-12-mortos\/\" \/>\n<meta property=\"og:site_name\" content=\"EFE Noticias\" \/>\n<meta property=\"article:publisher\" content=\"https:\/\/www.facebook.com\/AgenciaEFEnoticias\/\" \/>\n<meta property=\"article:published_time\" content=\"2022-10-12T04:19:28+00:00\" \/>\n<meta property=\"article:modified_time\" content=\"2022-10-12T04:19:30+00:00\" \/>\n<meta property=\"og:image\" content=\"https:\/\/i0.wp.com\/efe.com\/\/srv\/htdocs\/wp-content\/uploads\/2022\/10\/UCRANIA.jpg?fit=900%2C600&ssl=1\" \/>\n\t<meta property=\"og:image:width\" content=\"900\" \/>\n\t<meta property=\"og:image:height\" content=\"600\" \/>\n\t<meta property=\"og:image:type\" content=\"image\/jpeg\" \/>\n<meta name=\"author\" content=\"anachain\" \/>\n<meta name=\"twitter:card\" content=\"summary_large_image\" \/>\n<meta name=\"twitter:creator\" content=\"@efenoticias\" \/>\n<meta name=\"twitter:site\" content=\"@efenoticias\" \/>\n<script type=\"application\/ld+json\" class=\"yoast-schema-graph\">{\"@context\":\"https:\\\/\\\/schema.org\",\"@graph\":[{\"@type\":\"NewsArticle\",\"@id\":\"https:\\\/\\\/pre.efe.com\\\/pt-br\\\/mundo-2\\\/2022-10-12\\\/onu-diz-que-bombardeios-de-segunda-feira-na-ucrania-deixaram-12-mortos\\\/#article\",\"isPartOf\":{\"@id\":\"https:\\\/\\\/pre.efe.com\\\/pt-br\\\/mundo-2\\\/2022-10-12\\\/onu-diz-que-bombardeios-de-segunda-feira-na-ucrania-deixaram-12-mortos\\\/\"},\"author\":{\"name\":\"anachain\",\"@id\":\"https:\\\/\\\/pre.efe.com\\\/pt-br\\\/#\\\/schema\\\/person\\\/b19f23f210db552768f68a4b552b004f\"},\"headline\":\"ONU diz que bombardeios de segunda-feira na Ucr\u00e2nia deixaram 12 mortos\",\"datePublished\":\"2022-10-12T04:19:28+00:00\",\"dateModified\":\"2022-10-12T04:19:30+00:00\",\"mainEntityOfPage\":{\"@id\":\"https:\\\/\\\/pre.efe.com\\\/pt-br\\\/mundo-2\\\/2022-10-12\\\/onu-diz-que-bombardeios-de-segunda-feira-na-ucrania-deixaram-12-mortos\\\/\"},\"wordCount\":302,\"publisher\":{\"@id\":\"https:\\\/\\\/pre.efe.com\\\/pt-br\\\/#organization\"},\"image\":{\"@id\":\"https:\\\/\\\/pre.efe.com\\\/pt-br\\\/mundo-2\\\/2022-10-12\\\/onu-diz-que-bombardeios-de-segunda-feira-na-ucrania-deixaram-12-mortos\\\/#primaryimage\"},\"thumbnailUrl\":\"https:\\\/\\\/pre.efe.com\\\/wp-content\\\/uploads\\\/2022\\\/10\\\/UCRANIA.jpg\",\"keywords\":[\"Guerra\",\"Russia\",\"Ucrania\"],\"articleSection\":[\"Mundo\",\"Portada\"],\"inLanguage\":\"pt-BR\",\"copyrightYear\":\"2022\",\"copyrightHolder\":{\"@id\":\"https:\\\/\\\/pre.efe.com\\\/#organization\"}},{\"@type\":[\"WebPage\",\"ItemPage\"],\"@id\":\"https:\\\/\\\/pre.efe.com\\\/pt-br\\\/mundo-2\\\/2022-10-12\\\/onu-diz-que-bombardeios-de-segunda-feira-na-ucrania-deixaram-12-mortos\\\/\",\"url\":\"https:\\\/\\\/pre.efe.com\\\/pt-br\\\/mundo-2\\\/2022-10-12\\\/onu-diz-que-bombardeios-de-segunda-feira-na-ucrania-deixaram-12-mortos\\\/\",\"name\":\"ONU diz que bombardeios na Ucr\u00e2nia deixaram 12 mortos\",\"isPartOf\":{\"@id\":\"https:\\\/\\\/pre.efe.com\\\/pt-br\\\/#website\"},\"primaryImageOfPage\":{\"@id\":\"https:\\\/\\\/pre.efe.com\\\/pt-br\\\/mundo-2\\\/2022-10-12\\\/onu-diz-que-bombardeios-de-segunda-feira-na-ucrania-deixaram-12-mortos\\\/#primaryimage\"},\"image\":{\"@id\":\"https:\\\/\\\/pre.efe.com\\\/pt-br\\\/mundo-2\\\/2022-10-12\\\/onu-diz-que-bombardeios-de-segunda-feira-na-ucrania-deixaram-12-mortos\\\/#primaryimage\"},\"thumbnailUrl\":\"https:\\\/\\\/pre.efe.com\\\/wp-content\\\/uploads\\\/2022\\\/10\\\/UCRANIA.jpg\",\"datePublished\":\"2022-10-12T04:19:28+00:00\",\"dateModified\":\"2022-10-12T04:19:30+00:00\",\"description\":\"O Alto Comissariado da ONU para os Direitos Humanos confirmou que ao menos 12 pessoas morreram e mais de 100 ficaram feridas nos bombardeios.\",\"breadcrumb\":{\"@id\":\"https:\\\/\\\/pre.efe.com\\\/pt-br\\\/mundo-2\\\/2022-10-12\\\/onu-diz-que-bombardeios-de-segunda-feira-na-ucrania-deixaram-12-mortos\\\/#breadcrumb\"},\"inLanguage\":\"pt-BR\",\"potentialAction\":[{\"@type\":\"ReadAction\",\"target\":[\"https:\\\/\\\/pre.efe.com\\\/pt-br\\\/mundo-2\\\/2022-10-12\\\/onu-diz-que-bombardeios-de-segunda-feira-na-ucrania-deixaram-12-mortos\\\/\"]}]},{\"@type\":\"ImageObject\",\"inLanguage\":\"pt-BR\",\"@id\":\"https:\\\/\\\/pre.efe.com\\\/pt-br\\\/mundo-2\\\/2022-10-12\\\/onu-diz-que-bombardeios-de-segunda-feira-na-ucrania-deixaram-12-mortos\\\/#primaryimage\",\"url\":\"https:\\\/\\\/pre.efe.com\\\/wp-content\\\/uploads\\\/2022\\\/10\\\/UCRANIA.jpg\",\"contentUrl\":\"https:\\\/\\\/pre.efe.com\\\/wp-content\\\/uploads\\\/2022\\\/10\\\/UCRANIA.jpg\",\"width\":900,\"height\":600,\"caption\":\"Kiev nesta segunda-feira. EFE\\\/Roman Pilipey\"},{\"@type\":\"BreadcrumbList\",\"@id\":\"https:\\\/\\\/pre.efe.com\\\/pt-br\\\/mundo-2\\\/2022-10-12\\\/onu-diz-que-bombardeios-de-segunda-feira-na-ucrania-deixaram-12-mortos\\\/#breadcrumb\",\"itemListElement\":[{\"@type\":\"ListItem\",\"position\":1,\"name\":\"Portada\",\"item\":\"https:\\\/\\\/pre.efe.com\\\/pt-br\\\/\"},{\"@type\":\"ListItem\",\"position\":2,\"name\":\"ONU diz que bombardeios de segunda-feira na Ucr\u00e2nia deixaram 12 mortos\"}]},{\"@type\":\"WebSite\",\"@id\":\"https:\\\/\\\/pre.efe.com\\\/pt-br\\\/#website\",\"url\":\"https:\\\/\\\/pre.efe.com\\\/pt-br\\\/\",\"name\":\"EFE Noticias\",\"description\":\"\",\"publisher\":{\"@id\":\"https:\\\/\\\/pre.efe.com\\\/pt-br\\\/#organization\"},\"potentialAction\":[{\"@type\":\"SearchAction\",\"target\":{\"@type\":\"EntryPoint\",\"urlTemplate\":\"https:\\\/\\\/pre.efe.com\\\/pt-br\\\/?s={search_term_string}\"},\"query-input\":{\"@type\":\"PropertyValueSpecification\",\"valueRequired\":true,\"valueName\":\"search_term_string\"}}],\"inLanguage\":\"pt-BR\"},{\"@type\":\"Organization\",\"@id\":\"https:\\\/\\\/pre.efe.com\\\/pt-br\\\/#organization\",\"name\":\"Agencia EFE\",\"url\":\"https:\\\/\\\/pre.efe.com\\\/pt-br\\\/\",\"logo\":{\"@type\":\"ImageObject\",\"inLanguage\":\"pt-BR\",\"@id\":\"https:\\\/\\\/pre.efe.com\\\/pt-br\\\/#\\\/schema\\\/logo\\\/image\\\/\",\"url\":\"https:\\\/\\\/pre.efe.com\\\/wp-content\\\/uploads\\\/2023\\\/06\\\/logo-efe-467.png\",\"contentUrl\":\"https:\\\/\\\/pre.efe.com\\\/wp-content\\\/uploads\\\/2023\\\/06\\\/logo-efe-467.png\",\"width\":467,\"height\":467,\"caption\":\"Agencia EFE\"},\"image\":{\"@id\":\"https:\\\/\\\/pre.efe.com\\\/pt-br\\\/#\\\/schema\\\/logo\\\/image\\\/\"},\"sameAs\":[\"https:\\\/\\\/www.facebook.com\\\/AgenciaEFEnoticias\\\/\",\"https:\\\/\\\/x.com\\\/efenoticias\",\"https:\\\/\\\/www.instagram.com\\\/efe_noticias\\\/\",\"http:\\\/\\\/www.youtube.com\\\/efe\"]},{\"@type\":\"Person\",\"@id\":\"https:\\\/\\\/pre.efe.com\\\/pt-br\\\/#\\\/schema\\\/person\\\/b19f23f210db552768f68a4b552b004f\",\"name\":\"anachain\",\"image\":{\"@type\":\"ImageObject\",\"inLanguage\":\"pt-BR\",\"@id\":\"https:\\\/\\\/secure.gravatar.com\\\/avatar\\\/30b83965911ef1108bb893c00bdd65c885f9890e1265ee04b02c3d5adc785d37?s=96&d=identicon&r=g\",\"url\":\"https:\\\/\\\/secure.gravatar.com\\\/avatar\\\/30b83965911ef1108bb893c00bdd65c885f9890e1265ee04b02c3d5adc785d37?s=96&d=identicon&r=g\",\"contentUrl\":\"https:\\\/\\\/secure.gravatar.com\\\/avatar\\\/30b83965911ef1108bb893c00bdd65c885f9890e1265ee04b02c3d5adc785d37?s=96&d=identicon&r=g\",\"caption\":\"anachain\"},\"url\":\"https:\\\/\\\/pre.efe.com\\\/pt-br\\\/autor\\\/anachain\\\/\"}]}<\/script>\n<!-- \/ Yoast SEO Premium plugin. -->","yoast_head_json":{"title":"ONU diz que bombardeios na Ucr\u00e2nia deixaram 12 mortos","description":"O Alto Comissariado da ONU para os Direitos Humanos confirmou que ao menos 12 pessoas morreram e mais de 100 ficaram feridas nos bombardeios.","robots":{"index":"noindex","follow":"follow"},"og_locale":"pt_BR","og_type":"article","og_title":"ONU diz que bombardeios de segunda-feira na Ucr\u00e2nia deixaram 12 mortos - EFE","og_description":"O Alto Comissariado da ONU para os Direitos Humanos confirmou que ao menos 12 pessoas morreram e mais de 100 ficaram feridas nos bombardeios.","og_url":"https:\/\/pre.efe.com\/pt-br\/mundo-2\/2022-10-12\/onu-diz-que-bombardeios-de-segunda-feira-na-ucrania-deixaram-12-mortos\/","og_site_name":"EFE Noticias","article_publisher":"https:\/\/www.facebook.com\/AgenciaEFEnoticias\/","article_published_time":"2022-10-12T04:19:28+00:00","article_modified_time":"2022-10-12T04:19:30+00:00","og_image":[{"width":900,"height":600,"url":"https:\/\/i0.wp.com\/efe.com\/\/srv\/htdocs\/wp-content\/uploads\/2022\/10\/UCRANIA.jpg?fit=900%2C600&ssl=1","type":"image\/jpeg"}],"author":"anachain","twitter_card":"summary_large_image","twitter_creator":"@efenoticias","twitter_site":"@efenoticias","schema":{"@context":"https:\/\/schema.org","@graph":[{"@type":"NewsArticle","@id":"https:\/\/pre.efe.com\/pt-br\/mundo-2\/2022-10-12\/onu-diz-que-bombardeios-de-segunda-feira-na-ucrania-deixaram-12-mortos\/#article","isPartOf":{"@id":"https:\/\/pre.efe.com\/pt-br\/mundo-2\/2022-10-12\/onu-diz-que-bombardeios-de-segunda-feira-na-ucrania-deixaram-12-mortos\/"},"author":{"name":"anachain","@id":"https:\/\/pre.efe.com\/pt-br\/#\/schema\/person\/b19f23f210db552768f68a4b552b004f"},"headline":"ONU diz que bombardeios de segunda-feira na Ucr\u00e2nia deixaram 12 mortos","datePublished":"2022-10-12T04:19:28+00:00","dateModified":"2022-10-12T04:19:30+00:00","mainEntityOfPage":{"@id":"https:\/\/pre.efe.com\/pt-br\/mundo-2\/2022-10-12\/onu-diz-que-bombardeios-de-segunda-feira-na-ucrania-deixaram-12-mortos\/"},"wordCount":302,"publisher":{"@id":"https:\/\/pre.efe.com\/pt-br\/#organization"},"image":{"@id":"https:\/\/pre.efe.com\/pt-br\/mundo-2\/2022-10-12\/onu-diz-que-bombardeios-de-segunda-feira-na-ucrania-deixaram-12-mortos\/#primaryimage"},"thumbnailUrl":"https:\/\/pre.efe.com\/wp-content\/uploads\/2022\/10\/UCRANIA.jpg","keywords":["Guerra","Russia","Ucrania"],"articleSection":["Mundo","Portada"],"inLanguage":"pt-BR","copyrightYear":"2022","copyrightHolder":{"@id":"https:\/\/pre.efe.com\/#organization"}},{"@type":["WebPage","ItemPage"],"@id":"https:\/\/pre.efe.com\/pt-br\/mundo-2\/2022-10-12\/onu-diz-que-bombardeios-de-segunda-feira-na-ucrania-deixaram-12-mortos\/","url":"https:\/\/pre.efe.com\/pt-br\/mundo-2\/2022-10-12\/onu-diz-que-bombardeios-de-segunda-feira-na-ucrania-deixaram-12-mortos\/","name":"ONU diz que bombardeios na Ucr\u00e2nia deixaram 12 mortos","isPartOf":{"@id":"https:\/\/pre.efe.com\/pt-br\/#website"},"primaryImageOfPage":{"@id":"https:\/\/pre.efe.com\/pt-br\/mundo-2\/2022-10-12\/onu-diz-que-bombardeios-de-segunda-feira-na-ucrania-deixaram-12-mortos\/#primaryimage"},"image":{"@id":"https:\/\/pre.efe.com\/pt-br\/mundo-2\/2022-10-12\/onu-diz-que-bombardeios-de-segunda-feira-na-ucrania-deixaram-12-mortos\/#primaryimage"},"thumbnailUrl":"https:\/\/pre.efe.com\/wp-content\/uploads\/2022\/10\/UCRANIA.jpg","datePublished":"2022-10-12T04:19:28+00:00","dateModified":"2022-10-12T04:19:30+00:00","description":"O Alto Comissariado da ONU para os Direitos Humanos confirmou que ao menos 12 pessoas morreram e mais de 100 ficaram feridas nos bombardeios.","breadcrumb":{"@id":"https:\/\/pre.efe.com\/pt-br\/mundo-2\/2022-10-12\/onu-diz-que-bombardeios-de-segunda-feira-na-ucrania-deixaram-12-mortos\/#breadcrumb"},"inLanguage":"pt-BR","potentialAction":[{"@type":"ReadAction","target":["https:\/\/pre.efe.com\/pt-br\/mundo-2\/2022-10-12\/onu-diz-que-bombardeios-de-segunda-feira-na-ucrania-deixaram-12-mortos\/"]}]},{"@type":"ImageObject","inLanguage":"pt-BR","@id":"https:\/\/pre.efe.com\/pt-br\/mundo-2\/2022-10-12\/onu-diz-que-bombardeios-de-segunda-feira-na-ucrania-deixaram-12-mortos\/#primaryimage","url":"https:\/\/pre.efe.com\/wp-content\/uploads\/2022\/10\/UCRANIA.jpg","contentUrl":"https:\/\/pre.efe.com\/wp-content\/uploads\/2022\/10\/UCRANIA.jpg","width":900,"height":600,"caption":"Kiev nesta segunda-feira. EFE\/Roman Pilipey"},{"@type":"BreadcrumbList","@id":"https:\/\/pre.efe.com\/pt-br\/mundo-2\/2022-10-12\/onu-diz-que-bombardeios-de-segunda-feira-na-ucrania-deixaram-12-mortos\/#breadcrumb","itemListElement":[{"@type":"ListItem","position":1,"name":"Portada","item":"https:\/\/pre.efe.com\/pt-br\/"},{"@type":"ListItem","position":2,"name":"ONU diz que bombardeios de segunda-feira na Ucr\u00e2nia deixaram 12 mortos"}]},{"@type":"WebSite","@id":"https:\/\/pre.efe.com\/pt-br\/#website","url":"https:\/\/pre.efe.com\/pt-br\/","name":"EFE Noticias","description":"","publisher":{"@id":"https:\/\/pre.efe.com\/pt-br\/#organization"},"potentialAction":[{"@type":"SearchAction","target":{"@type":"EntryPoint","urlTemplate":"https:\/\/pre.efe.com\/pt-br\/?s={search_term_string}"},"query-input":{"@type":"PropertyValueSpecification","valueRequired":true,"valueName":"search_term_string"}}],"inLanguage":"pt-BR"},{"@type":"Organization","@id":"https:\/\/pre.efe.com\/pt-br\/#organization","name":"Agencia EFE","url":"https:\/\/pre.efe.com\/pt-br\/","logo":{"@type":"ImageObject","inLanguage":"pt-BR","@id":"https:\/\/pre.efe.com\/pt-br\/#\/schema\/logo\/image\/","url":"https:\/\/pre.efe.com\/wp-content\/uploads\/2023\/06\/logo-efe-467.png","contentUrl":"https:\/\/pre.efe.com\/wp-content\/uploads\/2023\/06\/logo-efe-467.png","width":467,"height":467,"caption":"Agencia EFE"},"image":{"@id":"https:\/\/pre.efe.com\/pt-br\/#\/schema\/logo\/image\/"},"sameAs":["https:\/\/www.facebook.com\/AgenciaEFEnoticias\/","https:\/\/x.com\/efenoticias","https:\/\/www.instagram.com\/efe_noticias\/","http:\/\/www.youtube.com\/efe"]},{"@type":"Person","@id":"https:\/\/pre.efe.com\/pt-br\/#\/schema\/person\/b19f23f210db552768f68a4b552b004f","name":"anachain","image":{"@type":"ImageObject","inLanguage":"pt-BR","@id":"https:\/\/secure.gravatar.com\/avatar\/30b83965911ef1108bb893c00bdd65c885f9890e1265ee04b02c3d5adc785d37?s=96&d=identicon&r=g","url":"https:\/\/secure.gravatar.com\/avatar\/30b83965911ef1108bb893c00bdd65c885f9890e1265ee04b02c3d5adc785d37?s=96&d=identicon&r=g","contentUrl":"https:\/\/secure.gravatar.com\/avatar\/30b83965911ef1108bb893c00bdd65c885f9890e1265ee04b02c3d5adc785d37?s=96&d=identicon&r=g","caption":"anachain"},"url":"https:\/\/pre.efe.com\/pt-br\/autor\/anachain\/"}]}},"jetpack_featured_media_url":"https:\/\/pre.efe.com\/wp-content\/uploads\/2022\/10\/UCRANIA.jpg","jetpack_shortlink":"https:\/\/wp.me\/peJvHm-uKn","jetpack_sharing_enabled":true,"_links":{"self":[{"href":"https:\/\/pre.efe.com\/pt-br\/wp-json\/wp\/v2\/posts\/118195","targetHints":{"allow":["GET"]}}],"collection":[{"href":"https:\/\/pre.efe.com\/pt-br\/wp-json\/wp\/v2\/posts"}],"about":[{"href":"https:\/\/pre.efe.com\/pt-br\/wp-json\/wp\/v2\/types\/post"}],"author":[{"embeddable":true,"href":"https:\/\/pre.efe.com\/pt-br\/wp-json\/wp\/v2\/users\/198164106"}],"replies":[{"embeddable":true,"href":"https:\/\/pre.efe.com\/pt-br\/wp-json\/wp\/v2\/comments?post=118195"}],"version-history":[{"count":2,"href":"https:\/\/pre.efe.com\/pt-br\/wp-json\/wp\/v2\/posts\/118195\/revisions"}],"predecessor-version":[{"id":118200,"href":"https:\/\/pre.efe.com\/pt-br\/wp-json\/wp\/v2\/posts\/118195\/revisions\/118200"}],"wp:featuredmedia":[{"embeddable":true,"href":"https:\/\/pre.efe.com\/pt-br\/wp-json\/wp\/v2\/media\/118197"}],"wp:attachment":[{"href":"https:\/\/pre.efe.com\/pt-br\/wp-json\/wp\/v2\/media?parent=118195"}],"wp:term":[{"taxonomy":"category","embeddable":true,"href":"https:\/\/pre.efe.com\/pt-br\/wp-json\/wp\/v2\/categories?post=118195"},{"taxonomy":"post_tag","embeddable":true,"href":"https:\/\/pre.efe.com\/pt-br\/wp-json\/wp\/v2\/tags?post=118195"}],"curies":[{"name":"wp","href":"https:\/\/api.w.org\/{rel}","templated":true}]}}