{"id":123058,"date":"2022-10-14T20:00:00","date_gmt":"2022-10-14T18:00:00","guid":{"rendered":"https:\/\/pre.efe.com\/?p=123058"},"modified":"2022-10-14T23:07:23","modified_gmt":"2022-10-14T21:07:23","slug":"scholz-sanchez-e-costa-defendem-diversificar-fontes-de-energia","status":"publish","type":"post","link":"https:\/\/pre.efe.com\/pt-br\/economia-pt\/2022-10-14\/scholz-sanchez-e-costa-defendem-diversificar-fontes-de-energia\/","title":{"rendered":"Scholz, S\u00e1nchez e Costa defendem diversificar fontes de energia"},"content":{"rendered":"\n<p>Berlim (<a href=\"https:\/\/pre.efe.com\/pt-br\/\">EFE<\/a>).-\u00a0O chanceler da Alemanha, Olaf Scholz, recebeu nesta sexta-feira em Berlim o presidente do governo da Espanha, Pedro S\u00e1nchez, e o primeiro-ministro de Portugal, Ant\u00f3nio Costa, em um encontro no qual ressaltaram a import\u00e2ncia da diversifica\u00e7\u00e3o do abastecimento energ\u00e9tico para garantir sua seguran\u00e7a.<\/p>\n\n\n\n<p>Os tr\u00eas l\u00edderes europeus abordaram a necessidade de acelerar a constru\u00e7\u00e3o de interconectores energ\u00e9ticos, segundo destacou um comunicado conjunto divulgado no final da reuni\u00e3o trilateral na capital alem\u00e3.<\/p>\n\n\n\n<p>Embora o documento n\u00e3o mencione explicitamente o gasoduto MidCat, que os tr\u00eas consideram um projeto-chave para a seguran\u00e7a energ\u00e9tica europeia, faz refer\u00eancias a &#8220;corredores de g\u00e1s aptos para transportar hidrog\u00eanio verde&#8221;.<\/p>\n\n\n\n<p>O projeto MidCat, que ligaria a Pen\u00ednsula Ib\u00e9rica ao norte da Europa para transportar g\u00e1s procedente do Magrebe, enfrenta a relut\u00e2ncia do presidente da Fran\u00e7a, Emmanuel Macron, que argumenta que n\u00e3o \u00e9 rent\u00e1vel e que \u00e9 necess\u00e1rio apostar na energia verde.<\/p>\n\n\n\n<p>No entanto, tanto Scholz quanto S\u00e1nchez afirmaram repetidamente que o gasoduto, al\u00e9m de ser de import\u00e2ncia estrat\u00e9gica, permitiria o transporte de hidrog\u00eanio verde no futuro.<\/p>\n\n\n\n<p>Os tr\u00eas l\u00edderes, que devem discutir o assunto no pr\u00f3ximo Conselho Europeu em Bruxelas, nos dias 20 e 21 de outubro, concordaram em realizar um &#8220;acompanhamento conjunto&#8221; desta quest\u00e3o, destacou o comunicado.<\/p>\n\n\n\n<h2 class=\"wp-block-heading\">Europa deve combater altos pre\u00e7os no setor de energia<\/h2>\n\n\n\n<p>Scholz, S\u00e1nchez e Costa tamb\u00e9m concordaram com a necessidade de dar respostas europeias &#8220;comuns e urgentes&#8221; aos desafios ligados aos altos pre\u00e7os da energia.<\/p>\n\n\n\n<p>Os tr\u00eas salientaram que a independ\u00eancia dos combust\u00edveis f\u00f3sseis n\u00e3o s\u00f3 permitir\u00e1 combater as altera\u00e7\u00f5es clim\u00e1ticas e acelerar a transi\u00e7\u00e3o energ\u00e9tica para uma economia livre de emiss\u00f5es, mas tamb\u00e9m contribuir para garantir a seguran\u00e7a da Uni\u00e3o Europeia.<\/p>\n\n\n\n<p>Nesse sentido, apontaram para a import\u00e2ncia do Pacto Verde Europeu, o roteiro para alcan\u00e7ar a neutralidade clim\u00e1tica em 2050.<\/p>\n\n\n\n<p>Os tr\u00eas l\u00edderes tamb\u00e9m falaram sobre a &#8220;guerra de agress\u00e3o&#8221; da R\u00fassia contra a Ucr\u00e2nia, uma quest\u00e3o que tamb\u00e9m ser\u00e1 o foco da pr\u00f3xima reuni\u00e3o do Conselho Europeu, e reafirmaram seu &#8220;apoio inabal\u00e1vel&#8221; a Kiev &#8220;pelo tempo que for necess\u00e1rio&#8221;.<\/p>\n\n\n\n<p>S\u00e1nchez e Costa deslocaram-se a Berlim por ocasi\u00e3o do Congresso do Partido Socialista Europeu, que re\u00fane 33 partidos europeus da fam\u00edlia socialista e social-democrata e que elegeu nesta sexta-feira seu novo presidente, o ex-primeiro-ministro sueco Stefan L\u00f6fven. <a href=\"https:\/\/efs.efeservicios.com\/\">EFE<\/a><\/p>\n","protected":false},"excerpt":{"rendered":"<p>Berlim (EFE).-\u00a0O chanceler da Alemanha, Olaf Scholz, recebeu nesta sexta-feira em Berlim o presidente do governo da Espanha, Pedro S\u00e1nchez, e o primeiro-ministro de Portugal, Ant\u00f3nio Costa, em um encontro no qual ressaltaram a import\u00e2ncia da diversifica\u00e7\u00e3o do abastecimento energ\u00e9tico para garantir sua seguran\u00e7a. Os tr\u00eas l\u00edderes europeus abordaram a necessidade de acelerar a constru\u00e7\u00e3o &#8230; <a title=\"Scholz, S\u00e1nchez e Costa defendem diversificar fontes de energia\" class=\"read-more\" href=\"https:\/\/pre.efe.com\/pt-br\/economia-pt\/2022-10-14\/scholz-sanchez-e-costa-defendem-diversificar-fontes-de-energia\/\" aria-label=\"Read more about Scholz, S\u00e1nchez e Costa defendem diversificar fontes de energia\">Leia mais<\/a><\/p>\n","protected":false},"author":198164106,"featured_media":123060,"comment_status":"closed","ping_status":"closed","sticky":false,"template":"","format":"standard","meta":{"_acf_changed":false,"_jetpack_memberships_contains_paid_content":false,"footnotes":""},"categories":[121967,122141],"tags":[123239,124425,123761],"class_list":["post-123058","post","type-post","status-publish","format-standard","has-post-thumbnail","hentry","category-economia-pt","category-portada","tag-economia-2","tag-energia-3","tag-europa-2","generate-columns","tablet-grid-50","mobile-grid-100","grid-parent","grid-50"],"acf":[],"yoast_head":"<!-- This site is optimized with the Yoast SEO Premium plugin v26.0 (Yoast SEO v27.4) - https:\/\/yoast.com\/product\/yoast-seo-premium-wordpress\/ -->\n<title>Scholz, S\u00e1nchez e Costa defendem diversificar fontes de energia<\/title>\n<meta name=\"description\" content=\"Olaf Scholz, Pedro S\u00e1nchez, e Ant\u00f3nio Costa, ressaltaram a import\u00e2ncia da diversifica\u00e7\u00e3o das fontes de energia nesta sexta-feira em Berlim.\" \/>\n<meta name=\"robots\" content=\"noindex, follow\" \/>\n<meta property=\"og:locale\" content=\"pt_BR\" \/>\n<meta property=\"og:type\" content=\"article\" \/>\n<meta property=\"og:title\" content=\"Scholz, S\u00e1nchez e Costa defendem diversificar fontes de energia - EFE\" \/>\n<meta property=\"og:description\" content=\"Olaf Scholz, Pedro S\u00e1nchez, e Ant\u00f3nio Costa, ressaltaram a import\u00e2ncia da diversifica\u00e7\u00e3o das fontes de energia nesta sexta-feira em Berlim.\" \/>\n<meta property=\"og:url\" content=\"https:\/\/pre.efe.com\/pt-br\/economia-pt\/2022-10-14\/scholz-sanchez-e-costa-defendem-diversificar-fontes-de-energia\/\" \/>\n<meta property=\"og:site_name\" content=\"EFE Noticias\" \/>\n<meta property=\"article:publisher\" content=\"https:\/\/www.facebook.com\/AgenciaEFEnoticias\/\" \/>\n<meta property=\"article:published_time\" content=\"2022-10-14T18:00:00+00:00\" \/>\n<meta property=\"article:modified_time\" content=\"2022-10-14T21:07:23+00:00\" \/>\n<meta property=\"og:image\" content=\"https:\/\/i0.wp.com\/efe.com\/\/srv\/htdocs\/wp-content\/uploads\/2022\/10\/SCHOLZ-SANCHEZ.jpg?fit=900%2C599&ssl=1\" \/>\n\t<meta property=\"og:image:width\" content=\"900\" \/>\n\t<meta property=\"og:image:height\" content=\"599\" \/>\n\t<meta property=\"og:image:type\" content=\"image\/jpeg\" \/>\n<meta name=\"author\" content=\"anachain\" \/>\n<meta name=\"twitter:card\" content=\"summary_large_image\" \/>\n<meta name=\"twitter:creator\" content=\"@efenoticias\" \/>\n<meta name=\"twitter:site\" content=\"@efenoticias\" \/>\n<script type=\"application\/ld+json\" class=\"yoast-schema-graph\">{\"@context\":\"https:\\\/\\\/schema.org\",\"@graph\":[{\"@type\":\"NewsArticle\",\"@id\":\"https:\\\/\\\/pre.efe.com\\\/pt-br\\\/economia-pt\\\/2022-10-14\\\/scholz-sanchez-e-costa-defendem-diversificar-fontes-de-energia\\\/#article\",\"isPartOf\":{\"@id\":\"https:\\\/\\\/pre.efe.com\\\/pt-br\\\/economia-pt\\\/2022-10-14\\\/scholz-sanchez-e-costa-defendem-diversificar-fontes-de-energia\\\/\"},\"author\":{\"name\":\"anachain\",\"@id\":\"https:\\\/\\\/pre.efe.com\\\/pt-br\\\/#\\\/schema\\\/person\\\/b19f23f210db552768f68a4b552b004f\"},\"headline\":\"Scholz, S\u00e1nchez e Costa defendem diversificar fontes de energia\",\"datePublished\":\"2022-10-14T18:00:00+00:00\",\"dateModified\":\"2022-10-14T21:07:23+00:00\",\"mainEntityOfPage\":{\"@id\":\"https:\\\/\\\/pre.efe.com\\\/pt-br\\\/economia-pt\\\/2022-10-14\\\/scholz-sanchez-e-costa-defendem-diversificar-fontes-de-energia\\\/\"},\"wordCount\":446,\"publisher\":{\"@id\":\"https:\\\/\\\/pre.efe.com\\\/pt-br\\\/#organization\"},\"image\":{\"@id\":\"https:\\\/\\\/pre.efe.com\\\/pt-br\\\/economia-pt\\\/2022-10-14\\\/scholz-sanchez-e-costa-defendem-diversificar-fontes-de-energia\\\/#primaryimage\"},\"thumbnailUrl\":\"https:\\\/\\\/pre.efe.com\\\/wp-content\\\/uploads\\\/2022\\\/10\\\/SCHOLZ-SANCHEZ.jpg\",\"keywords\":[\"Economia\",\"Energia\",\"Europa\"],\"articleSection\":[\"Economia\",\"Portada\"],\"inLanguage\":\"pt-BR\",\"copyrightYear\":\"2022\",\"copyrightHolder\":{\"@id\":\"https:\\\/\\\/pre.efe.com\\\/#organization\"}},{\"@type\":[\"WebPage\",\"ItemPage\"],\"@id\":\"https:\\\/\\\/pre.efe.com\\\/pt-br\\\/economia-pt\\\/2022-10-14\\\/scholz-sanchez-e-costa-defendem-diversificar-fontes-de-energia\\\/\",\"url\":\"https:\\\/\\\/pre.efe.com\\\/pt-br\\\/economia-pt\\\/2022-10-14\\\/scholz-sanchez-e-costa-defendem-diversificar-fontes-de-energia\\\/\",\"name\":\"Scholz, S\u00e1nchez e Costa defendem diversificar fontes de energia\",\"isPartOf\":{\"@id\":\"https:\\\/\\\/pre.efe.com\\\/pt-br\\\/#website\"},\"primaryImageOfPage\":{\"@id\":\"https:\\\/\\\/pre.efe.com\\\/pt-br\\\/economia-pt\\\/2022-10-14\\\/scholz-sanchez-e-costa-defendem-diversificar-fontes-de-energia\\\/#primaryimage\"},\"image\":{\"@id\":\"https:\\\/\\\/pre.efe.com\\\/pt-br\\\/economia-pt\\\/2022-10-14\\\/scholz-sanchez-e-costa-defendem-diversificar-fontes-de-energia\\\/#primaryimage\"},\"thumbnailUrl\":\"https:\\\/\\\/pre.efe.com\\\/wp-content\\\/uploads\\\/2022\\\/10\\\/SCHOLZ-SANCHEZ.jpg\",\"datePublished\":\"2022-10-14T18:00:00+00:00\",\"dateModified\":\"2022-10-14T21:07:23+00:00\",\"description\":\"Olaf Scholz, Pedro S\u00e1nchez, e Ant\u00f3nio Costa, ressaltaram a import\u00e2ncia da diversifica\u00e7\u00e3o das fontes de energia nesta sexta-feira em Berlim.\",\"breadcrumb\":{\"@id\":\"https:\\\/\\\/pre.efe.com\\\/pt-br\\\/economia-pt\\\/2022-10-14\\\/scholz-sanchez-e-costa-defendem-diversificar-fontes-de-energia\\\/#breadcrumb\"},\"inLanguage\":\"pt-BR\",\"potentialAction\":[{\"@type\":\"ReadAction\",\"target\":[\"https:\\\/\\\/pre.efe.com\\\/pt-br\\\/economia-pt\\\/2022-10-14\\\/scholz-sanchez-e-costa-defendem-diversificar-fontes-de-energia\\\/\"]}]},{\"@type\":\"ImageObject\",\"inLanguage\":\"pt-BR\",\"@id\":\"https:\\\/\\\/pre.efe.com\\\/pt-br\\\/economia-pt\\\/2022-10-14\\\/scholz-sanchez-e-costa-defendem-diversificar-fontes-de-energia\\\/#primaryimage\",\"url\":\"https:\\\/\\\/pre.efe.com\\\/wp-content\\\/uploads\\\/2022\\\/10\\\/SCHOLZ-SANCHEZ.jpg\",\"contentUrl\":\"https:\\\/\\\/pre.efe.com\\\/wp-content\\\/uploads\\\/2022\\\/10\\\/SCHOLZ-SANCHEZ.jpg\",\"width\":900,\"height\":599,\"caption\":\"Olaf Scholz (e), Pedrp S\u00e1nchez (c) e Ant\u00f3nio Cosra, durante uma reuni\u00e3o em Berlim nesta sexta-feira. EFE\\\/Pool Moncloa\\\/Borja Puig de la Bellacasa\"},{\"@type\":\"BreadcrumbList\",\"@id\":\"https:\\\/\\\/pre.efe.com\\\/pt-br\\\/economia-pt\\\/2022-10-14\\\/scholz-sanchez-e-costa-defendem-diversificar-fontes-de-energia\\\/#breadcrumb\",\"itemListElement\":[{\"@type\":\"ListItem\",\"position\":1,\"name\":\"Portada\",\"item\":\"https:\\\/\\\/pre.efe.com\\\/pt-br\\\/\"},{\"@type\":\"ListItem\",\"position\":2,\"name\":\"Scholz, S\u00e1nchez e Costa defendem diversificar fontes de energia\"}]},{\"@type\":\"WebSite\",\"@id\":\"https:\\\/\\\/pre.efe.com\\\/pt-br\\\/#website\",\"url\":\"https:\\\/\\\/pre.efe.com\\\/pt-br\\\/\",\"name\":\"EFE Noticias\",\"description\":\"\",\"publisher\":{\"@id\":\"https:\\\/\\\/pre.efe.com\\\/pt-br\\\/#organization\"},\"potentialAction\":[{\"@type\":\"SearchAction\",\"target\":{\"@type\":\"EntryPoint\",\"urlTemplate\":\"https:\\\/\\\/pre.efe.com\\\/pt-br\\\/?s={search_term_string}\"},\"query-input\":{\"@type\":\"PropertyValueSpecification\",\"valueRequired\":true,\"valueName\":\"search_term_string\"}}],\"inLanguage\":\"pt-BR\"},{\"@type\":\"Organization\",\"@id\":\"https:\\\/\\\/pre.efe.com\\\/pt-br\\\/#organization\",\"name\":\"Agencia EFE\",\"url\":\"https:\\\/\\\/pre.efe.com\\\/pt-br\\\/\",\"logo\":{\"@type\":\"ImageObject\",\"inLanguage\":\"pt-BR\",\"@id\":\"https:\\\/\\\/pre.efe.com\\\/pt-br\\\/#\\\/schema\\\/logo\\\/image\\\/\",\"url\":\"https:\\\/\\\/pre.efe.com\\\/wp-content\\\/uploads\\\/2023\\\/06\\\/logo-efe-467.png\",\"contentUrl\":\"https:\\\/\\\/pre.efe.com\\\/wp-content\\\/uploads\\\/2023\\\/06\\\/logo-efe-467.png\",\"width\":467,\"height\":467,\"caption\":\"Agencia EFE\"},\"image\":{\"@id\":\"https:\\\/\\\/pre.efe.com\\\/pt-br\\\/#\\\/schema\\\/logo\\\/image\\\/\"},\"sameAs\":[\"https:\\\/\\\/www.facebook.com\\\/AgenciaEFEnoticias\\\/\",\"https:\\\/\\\/x.com\\\/efenoticias\",\"https:\\\/\\\/www.instagram.com\\\/efe_noticias\\\/\",\"http:\\\/\\\/www.youtube.com\\\/efe\"]},{\"@type\":\"Person\",\"@id\":\"https:\\\/\\\/pre.efe.com\\\/pt-br\\\/#\\\/schema\\\/person\\\/b19f23f210db552768f68a4b552b004f\",\"name\":\"anachain\",\"image\":{\"@type\":\"ImageObject\",\"inLanguage\":\"pt-BR\",\"@id\":\"https:\\\/\\\/secure.gravatar.com\\\/avatar\\\/30b83965911ef1108bb893c00bdd65c885f9890e1265ee04b02c3d5adc785d37?s=96&d=identicon&r=g\",\"url\":\"https:\\\/\\\/secure.gravatar.com\\\/avatar\\\/30b83965911ef1108bb893c00bdd65c885f9890e1265ee04b02c3d5adc785d37?s=96&d=identicon&r=g\",\"contentUrl\":\"https:\\\/\\\/secure.gravatar.com\\\/avatar\\\/30b83965911ef1108bb893c00bdd65c885f9890e1265ee04b02c3d5adc785d37?s=96&d=identicon&r=g\",\"caption\":\"anachain\"},\"url\":\"https:\\\/\\\/pre.efe.com\\\/pt-br\\\/autor\\\/anachain\\\/\"}]}<\/script>\n<!-- \/ Yoast SEO Premium plugin. -->","yoast_head_json":{"title":"Scholz, S\u00e1nchez e Costa defendem diversificar fontes de energia","description":"Olaf Scholz, Pedro S\u00e1nchez, e Ant\u00f3nio Costa, ressaltaram a import\u00e2ncia da diversifica\u00e7\u00e3o das fontes de energia nesta sexta-feira em Berlim.","robots":{"index":"noindex","follow":"follow"},"og_locale":"pt_BR","og_type":"article","og_title":"Scholz, S\u00e1nchez e Costa defendem diversificar fontes de energia - EFE","og_description":"Olaf Scholz, Pedro S\u00e1nchez, e Ant\u00f3nio Costa, ressaltaram a import\u00e2ncia da diversifica\u00e7\u00e3o das fontes de energia nesta sexta-feira em Berlim.","og_url":"https:\/\/pre.efe.com\/pt-br\/economia-pt\/2022-10-14\/scholz-sanchez-e-costa-defendem-diversificar-fontes-de-energia\/","og_site_name":"EFE Noticias","article_publisher":"https:\/\/www.facebook.com\/AgenciaEFEnoticias\/","article_published_time":"2022-10-14T18:00:00+00:00","article_modified_time":"2022-10-14T21:07:23+00:00","og_image":[{"width":900,"height":599,"url":"https:\/\/i0.wp.com\/efe.com\/\/srv\/htdocs\/wp-content\/uploads\/2022\/10\/SCHOLZ-SANCHEZ.jpg?fit=900%2C599&ssl=1","type":"image\/jpeg"}],"author":"anachain","twitter_card":"summary_large_image","twitter_creator":"@efenoticias","twitter_site":"@efenoticias","schema":{"@context":"https:\/\/schema.org","@graph":[{"@type":"NewsArticle","@id":"https:\/\/pre.efe.com\/pt-br\/economia-pt\/2022-10-14\/scholz-sanchez-e-costa-defendem-diversificar-fontes-de-energia\/#article","isPartOf":{"@id":"https:\/\/pre.efe.com\/pt-br\/economia-pt\/2022-10-14\/scholz-sanchez-e-costa-defendem-diversificar-fontes-de-energia\/"},"author":{"name":"anachain","@id":"https:\/\/pre.efe.com\/pt-br\/#\/schema\/person\/b19f23f210db552768f68a4b552b004f"},"headline":"Scholz, S\u00e1nchez e Costa defendem diversificar fontes de energia","datePublished":"2022-10-14T18:00:00+00:00","dateModified":"2022-10-14T21:07:23+00:00","mainEntityOfPage":{"@id":"https:\/\/pre.efe.com\/pt-br\/economia-pt\/2022-10-14\/scholz-sanchez-e-costa-defendem-diversificar-fontes-de-energia\/"},"wordCount":446,"publisher":{"@id":"https:\/\/pre.efe.com\/pt-br\/#organization"},"image":{"@id":"https:\/\/pre.efe.com\/pt-br\/economia-pt\/2022-10-14\/scholz-sanchez-e-costa-defendem-diversificar-fontes-de-energia\/#primaryimage"},"thumbnailUrl":"https:\/\/pre.efe.com\/wp-content\/uploads\/2022\/10\/SCHOLZ-SANCHEZ.jpg","keywords":["Economia","Energia","Europa"],"articleSection":["Economia","Portada"],"inLanguage":"pt-BR","copyrightYear":"2022","copyrightHolder":{"@id":"https:\/\/pre.efe.com\/#organization"}},{"@type":["WebPage","ItemPage"],"@id":"https:\/\/pre.efe.com\/pt-br\/economia-pt\/2022-10-14\/scholz-sanchez-e-costa-defendem-diversificar-fontes-de-energia\/","url":"https:\/\/pre.efe.com\/pt-br\/economia-pt\/2022-10-14\/scholz-sanchez-e-costa-defendem-diversificar-fontes-de-energia\/","name":"Scholz, S\u00e1nchez e Costa defendem diversificar fontes de energia","isPartOf":{"@id":"https:\/\/pre.efe.com\/pt-br\/#website"},"primaryImageOfPage":{"@id":"https:\/\/pre.efe.com\/pt-br\/economia-pt\/2022-10-14\/scholz-sanchez-e-costa-defendem-diversificar-fontes-de-energia\/#primaryimage"},"image":{"@id":"https:\/\/pre.efe.com\/pt-br\/economia-pt\/2022-10-14\/scholz-sanchez-e-costa-defendem-diversificar-fontes-de-energia\/#primaryimage"},"thumbnailUrl":"https:\/\/pre.efe.com\/wp-content\/uploads\/2022\/10\/SCHOLZ-SANCHEZ.jpg","datePublished":"2022-10-14T18:00:00+00:00","dateModified":"2022-10-14T21:07:23+00:00","description":"Olaf Scholz, Pedro S\u00e1nchez, e Ant\u00f3nio Costa, ressaltaram a import\u00e2ncia da diversifica\u00e7\u00e3o das fontes de energia nesta sexta-feira em Berlim.","breadcrumb":{"@id":"https:\/\/pre.efe.com\/pt-br\/economia-pt\/2022-10-14\/scholz-sanchez-e-costa-defendem-diversificar-fontes-de-energia\/#breadcrumb"},"inLanguage":"pt-BR","potentialAction":[{"@type":"ReadAction","target":["https:\/\/pre.efe.com\/pt-br\/economia-pt\/2022-10-14\/scholz-sanchez-e-costa-defendem-diversificar-fontes-de-energia\/"]}]},{"@type":"ImageObject","inLanguage":"pt-BR","@id":"https:\/\/pre.efe.com\/pt-br\/economia-pt\/2022-10-14\/scholz-sanchez-e-costa-defendem-diversificar-fontes-de-energia\/#primaryimage","url":"https:\/\/pre.efe.com\/wp-content\/uploads\/2022\/10\/SCHOLZ-SANCHEZ.jpg","contentUrl":"https:\/\/pre.efe.com\/wp-content\/uploads\/2022\/10\/SCHOLZ-SANCHEZ.jpg","width":900,"height":599,"caption":"Olaf Scholz (e), Pedrp S\u00e1nchez (c) e Ant\u00f3nio Cosra, durante uma reuni\u00e3o em Berlim nesta sexta-feira. EFE\/Pool Moncloa\/Borja Puig de la Bellacasa"},{"@type":"BreadcrumbList","@id":"https:\/\/pre.efe.com\/pt-br\/economia-pt\/2022-10-14\/scholz-sanchez-e-costa-defendem-diversificar-fontes-de-energia\/#breadcrumb","itemListElement":[{"@type":"ListItem","position":1,"name":"Portada","item":"https:\/\/pre.efe.com\/pt-br\/"},{"@type":"ListItem","position":2,"name":"Scholz, S\u00e1nchez e Costa defendem diversificar fontes de energia"}]},{"@type":"WebSite","@id":"https:\/\/pre.efe.com\/pt-br\/#website","url":"https:\/\/pre.efe.com\/pt-br\/","name":"EFE Noticias","description":"","publisher":{"@id":"https:\/\/pre.efe.com\/pt-br\/#organization"},"potentialAction":[{"@type":"SearchAction","target":{"@type":"EntryPoint","urlTemplate":"https:\/\/pre.efe.com\/pt-br\/?s={search_term_string}"},"query-input":{"@type":"PropertyValueSpecification","valueRequired":true,"valueName":"search_term_string"}}],"inLanguage":"pt-BR"},{"@type":"Organization","@id":"https:\/\/pre.efe.com\/pt-br\/#organization","name":"Agencia EFE","url":"https:\/\/pre.efe.com\/pt-br\/","logo":{"@type":"ImageObject","inLanguage":"pt-BR","@id":"https:\/\/pre.efe.com\/pt-br\/#\/schema\/logo\/image\/","url":"https:\/\/pre.efe.com\/wp-content\/uploads\/2023\/06\/logo-efe-467.png","contentUrl":"https:\/\/pre.efe.com\/wp-content\/uploads\/2023\/06\/logo-efe-467.png","width":467,"height":467,"caption":"Agencia EFE"},"image":{"@id":"https:\/\/pre.efe.com\/pt-br\/#\/schema\/logo\/image\/"},"sameAs":["https:\/\/www.facebook.com\/AgenciaEFEnoticias\/","https:\/\/x.com\/efenoticias","https:\/\/www.instagram.com\/efe_noticias\/","http:\/\/www.youtube.com\/efe"]},{"@type":"Person","@id":"https:\/\/pre.efe.com\/pt-br\/#\/schema\/person\/b19f23f210db552768f68a4b552b004f","name":"anachain","image":{"@type":"ImageObject","inLanguage":"pt-BR","@id":"https:\/\/secure.gravatar.com\/avatar\/30b83965911ef1108bb893c00bdd65c885f9890e1265ee04b02c3d5adc785d37?s=96&d=identicon&r=g","url":"https:\/\/secure.gravatar.com\/avatar\/30b83965911ef1108bb893c00bdd65c885f9890e1265ee04b02c3d5adc785d37?s=96&d=identicon&r=g","contentUrl":"https:\/\/secure.gravatar.com\/avatar\/30b83965911ef1108bb893c00bdd65c885f9890e1265ee04b02c3d5adc785d37?s=96&d=identicon&r=g","caption":"anachain"},"url":"https:\/\/pre.efe.com\/pt-br\/autor\/anachain\/"}]}},"jetpack_featured_media_url":"https:\/\/pre.efe.com\/wp-content\/uploads\/2022\/10\/SCHOLZ-SANCHEZ.jpg","jetpack_shortlink":"https:\/\/wp.me\/peJvHm-w0O","jetpack_sharing_enabled":true,"_links":{"self":[{"href":"https:\/\/pre.efe.com\/pt-br\/wp-json\/wp\/v2\/posts\/123058","targetHints":{"allow":["GET"]}}],"collection":[{"href":"https:\/\/pre.efe.com\/pt-br\/wp-json\/wp\/v2\/posts"}],"about":[{"href":"https:\/\/pre.efe.com\/pt-br\/wp-json\/wp\/v2\/types\/post"}],"author":[{"embeddable":true,"href":"https:\/\/pre.efe.com\/pt-br\/wp-json\/wp\/v2\/users\/198164106"}],"replies":[{"embeddable":true,"href":"https:\/\/pre.efe.com\/pt-br\/wp-json\/wp\/v2\/comments?post=123058"}],"version-history":[{"count":2,"href":"https:\/\/pre.efe.com\/pt-br\/wp-json\/wp\/v2\/posts\/123058\/revisions"}],"predecessor-version":[{"id":123063,"href":"https:\/\/pre.efe.com\/pt-br\/wp-json\/wp\/v2\/posts\/123058\/revisions\/123063"}],"wp:featuredmedia":[{"embeddable":true,"href":"https:\/\/pre.efe.com\/pt-br\/wp-json\/wp\/v2\/media\/123060"}],"wp:attachment":[{"href":"https:\/\/pre.efe.com\/pt-br\/wp-json\/wp\/v2\/media?parent=123058"}],"wp:term":[{"taxonomy":"category","embeddable":true,"href":"https:\/\/pre.efe.com\/pt-br\/wp-json\/wp\/v2\/categories?post=123058"},{"taxonomy":"post_tag","embeddable":true,"href":"https:\/\/pre.efe.com\/pt-br\/wp-json\/wp\/v2\/tags?post=123058"}],"curies":[{"name":"wp","href":"https:\/\/api.w.org\/{rel}","templated":true}]}}