{"id":1245296,"date":"2024-07-25T20:44:29","date_gmt":"2024-07-25T18:44:29","guid":{"rendered":"https:\/\/pre.efe.com\/?p=1245296"},"modified":"2024-07-25T20:44:36","modified_gmt":"2024-07-25T18:44:36","slug":"andy-murray-desiste-do-torneio-de-simples-dos-jogos-olimpicos-de-paris","status":"publish","type":"post","link":"https:\/\/pre.efe.com\/pt-br\/esportes\/2024-07-25\/andy-murray-desiste-do-torneio-de-simples-dos-jogos-olimpicos-de-paris\/","title":{"rendered":"Andy Murray desiste do torneio de simples dos Jogos Ol\u00edmpicos de Paris"},"content":{"rendered":"\n<p>Paris (EFE).- O brit\u00e2nico Andy Murray anunciou sua retirada do torneio individual dos Jogos Ol\u00edmpicos de Paris 2024 para se concentrar exclusivamente na prova de duplas onde atuar\u00e1 ao lado de Daniel Evans.<\/p>\n\n\n\n<p>Murray, bicampe\u00e3o ol\u00edmpico de simples, em Londres-2012 e Rio-2016, havia anunciado sua aposentadoria do t\u00eanis profissional ap\u00f3s o fim dos Jogos. Inicialmente inscrito em simples e duplas, pressionado por desconfortos f\u00edsicos, preferiu focar nas duplas.<\/p>\n\n\n\n<p>&#8220;Decidi me aposentar das partidas de simples para me concentrar nas duplas com Dan Evans. Estou realmente ansioso para come\u00e7ar e representar a Gr\u00e3-Bretanha mais uma vez&#8221;, disse o jogador.<\/p>\n\n\n\n<p>Murray, de 37 anos e vencedor de tr\u00eas t\u00edtulos de Grand Slam, al\u00e9m de se tornar o n\u00famero um do mundo, deixar\u00e1 de competir ap\u00f3s Paris 2024. Sua desist\u00eancia do torneio de simples se soma \u00e0s recentes do italiano Jannik Sinner, n\u00famero um do mundo, e do dinamarqu}\u00eas Holger Rune. EFE<\/p>\n","protected":false},"excerpt":{"rendered":"<p>Paris (EFE).- O brit\u00e2nico Andy Murray anunciou sua retirada do torneio individual dos Jogos Ol\u00edmpicos de Paris 2024 para se concentrar exclusivamente na prova de duplas onde atuar\u00e1 ao lado de Daniel Evans. Murray, bicampe\u00e3o ol\u00edmpico de simples, em Londres-2012 e Rio-2016, havia anunciado sua aposentadoria do t\u00eanis profissional ap\u00f3s o fim dos Jogos. Inicialmente &#8230; <a title=\"Andy Murray desiste do torneio de simples dos Jogos Ol\u00edmpicos de Paris\" class=\"read-more\" href=\"https:\/\/pre.efe.com\/pt-br\/esportes\/2024-07-25\/andy-murray-desiste-do-torneio-de-simples-dos-jogos-olimpicos-de-paris\/\" aria-label=\"Read more about Andy Murray desiste do torneio de simples dos Jogos Ol\u00edmpicos de Paris\">Leia mais<\/a><\/p>\n","protected":false},"author":198164106,"featured_media":248031,"comment_status":"closed","ping_status":"closed","sticky":false,"template":"","format":"standard","meta":{"_acf_changed":false,"_jetpack_memberships_contains_paid_content":false,"footnotes":""},"categories":[121968,122144],"tags":[124137],"class_list":["post-1245296","post","type-post","status-publish","format-standard","has-post-thumbnail","hentry","category-esportes","category-outras-noticias","tag-franca","generate-columns","tablet-grid-50","mobile-grid-100","grid-parent","grid-50"],"acf":[],"yoast_head":"<!-- This site is optimized with the Yoast SEO Premium plugin v26.0 (Yoast SEO v27.4) - https:\/\/yoast.com\/product\/yoast-seo-premium-wordpress\/ -->\n<title>Andy Murray desiste do torneio de simples dos Jogos Ol\u00edmpicos de Paris - EFE<\/title>\n<meta name=\"robots\" content=\"noindex, follow\" \/>\n<meta property=\"og:locale\" content=\"pt_BR\" \/>\n<meta property=\"og:type\" content=\"article\" \/>\n<meta property=\"og:title\" content=\"Andy Murray desiste do torneio de simples dos Jogos Ol\u00edmpicos de Paris - EFE\" \/>\n<meta property=\"og:description\" content=\"Paris (EFE).- O brit\u00e2nico Andy Murray anunciou sua retirada do torneio individual dos Jogos Ol\u00edmpicos de Paris 2024 para se concentrar exclusivamente na prova de duplas onde atuar\u00e1 ao lado de Daniel Evans. Murray, bicampe\u00e3o ol\u00edmpico de simples, em Londres-2012 e Rio-2016, havia anunciado sua aposentadoria do t\u00eanis profissional ap\u00f3s o fim dos Jogos. Inicialmente ... Leia mais\" \/>\n<meta property=\"og:url\" content=\"https:\/\/pre.efe.com\/pt-br\/esportes\/2024-07-25\/andy-murray-desiste-do-torneio-de-simples-dos-jogos-olimpicos-de-paris\/\" \/>\n<meta property=\"og:site_name\" content=\"EFE Noticias\" \/>\n<meta property=\"article:publisher\" content=\"https:\/\/www.facebook.com\/AgenciaEFEnoticias\/\" \/>\n<meta property=\"article:published_time\" content=\"2024-07-25T18:44:29+00:00\" \/>\n<meta property=\"article:modified_time\" content=\"2024-07-25T18:44:36+00:00\" \/>\n<meta property=\"og:image\" content=\"https:\/\/i0.wp.com\/efe.com\/\/srv\/htdocs\/wp-content\/uploads\/2023\/01\/abierto-de-australia-10.jpg?fit=1920%2C1280&ssl=1\" \/>\n\t<meta property=\"og:image:width\" content=\"1920\" \/>\n\t<meta property=\"og:image:height\" content=\"1280\" \/>\n\t<meta property=\"og:image:type\" content=\"image\/jpeg\" \/>\n<meta name=\"author\" content=\"anachain\" \/>\n<meta name=\"twitter:card\" content=\"summary_large_image\" \/>\n<meta name=\"twitter:creator\" content=\"@efenoticias\" \/>\n<meta name=\"twitter:site\" content=\"@efenoticias\" \/>\n<script type=\"application\/ld+json\" class=\"yoast-schema-graph\">{\"@context\":\"https:\\\/\\\/schema.org\",\"@graph\":[{\"@type\":\"NewsArticle\",\"@id\":\"https:\\\/\\\/pre.efe.com\\\/pt-br\\\/esportes\\\/2024-07-25\\\/andy-murray-desiste-do-torneio-de-simples-dos-jogos-olimpicos-de-paris\\\/#article\",\"isPartOf\":{\"@id\":\"https:\\\/\\\/pre.efe.com\\\/pt-br\\\/esportes\\\/2024-07-25\\\/andy-murray-desiste-do-torneio-de-simples-dos-jogos-olimpicos-de-paris\\\/\"},\"author\":{\"name\":\"anachain\",\"@id\":\"https:\\\/\\\/pre.efe.com\\\/pt-br\\\/#\\\/schema\\\/person\\\/b19f23f210db552768f68a4b552b004f\"},\"headline\":\"Andy Murray desiste do torneio de simples dos Jogos Ol\u00edmpicos de Paris\",\"datePublished\":\"2024-07-25T18:44:29+00:00\",\"dateModified\":\"2024-07-25T18:44:36+00:00\",\"mainEntityOfPage\":{\"@id\":\"https:\\\/\\\/pre.efe.com\\\/pt-br\\\/esportes\\\/2024-07-25\\\/andy-murray-desiste-do-torneio-de-simples-dos-jogos-olimpicos-de-paris\\\/\"},\"wordCount\":177,\"publisher\":{\"@id\":\"https:\\\/\\\/pre.efe.com\\\/pt-br\\\/#organization\"},\"image\":{\"@id\":\"https:\\\/\\\/pre.efe.com\\\/pt-br\\\/esportes\\\/2024-07-25\\\/andy-murray-desiste-do-torneio-de-simples-dos-jogos-olimpicos-de-paris\\\/#primaryimage\"},\"thumbnailUrl\":\"https:\\\/\\\/pre.efe.com\\\/wp-content\\\/uploads\\\/2023\\\/01\\\/abierto-de-australia-10.jpg\",\"keywords\":[\"Fran\u00e7a\"],\"articleSection\":[\"Esportes\",\"Outras not\u00edcias\"],\"inLanguage\":\"pt-BR\",\"copyrightYear\":\"2024\",\"copyrightHolder\":{\"@id\":\"https:\\\/\\\/pre.efe.com\\\/#organization\"}},{\"@type\":[\"WebPage\",\"ItemPage\"],\"@id\":\"https:\\\/\\\/pre.efe.com\\\/pt-br\\\/esportes\\\/2024-07-25\\\/andy-murray-desiste-do-torneio-de-simples-dos-jogos-olimpicos-de-paris\\\/\",\"url\":\"https:\\\/\\\/pre.efe.com\\\/pt-br\\\/esportes\\\/2024-07-25\\\/andy-murray-desiste-do-torneio-de-simples-dos-jogos-olimpicos-de-paris\\\/\",\"name\":\"Andy Murray desiste do torneio de simples dos Jogos Ol\u00edmpicos de Paris - EFE\",\"isPartOf\":{\"@id\":\"https:\\\/\\\/pre.efe.com\\\/pt-br\\\/#website\"},\"primaryImageOfPage\":{\"@id\":\"https:\\\/\\\/pre.efe.com\\\/pt-br\\\/esportes\\\/2024-07-25\\\/andy-murray-desiste-do-torneio-de-simples-dos-jogos-olimpicos-de-paris\\\/#primaryimage\"},\"image\":{\"@id\":\"https:\\\/\\\/pre.efe.com\\\/pt-br\\\/esportes\\\/2024-07-25\\\/andy-murray-desiste-do-torneio-de-simples-dos-jogos-olimpicos-de-paris\\\/#primaryimage\"},\"thumbnailUrl\":\"https:\\\/\\\/pre.efe.com\\\/wp-content\\\/uploads\\\/2023\\\/01\\\/abierto-de-australia-10.jpg\",\"datePublished\":\"2024-07-25T18:44:29+00:00\",\"dateModified\":\"2024-07-25T18:44:36+00:00\",\"breadcrumb\":{\"@id\":\"https:\\\/\\\/pre.efe.com\\\/pt-br\\\/esportes\\\/2024-07-25\\\/andy-murray-desiste-do-torneio-de-simples-dos-jogos-olimpicos-de-paris\\\/#breadcrumb\"},\"inLanguage\":\"pt-BR\",\"potentialAction\":[{\"@type\":\"ReadAction\",\"target\":[\"https:\\\/\\\/pre.efe.com\\\/pt-br\\\/esportes\\\/2024-07-25\\\/andy-murray-desiste-do-torneio-de-simples-dos-jogos-olimpicos-de-paris\\\/\"]}]},{\"@type\":\"ImageObject\",\"inLanguage\":\"pt-BR\",\"@id\":\"https:\\\/\\\/pre.efe.com\\\/pt-br\\\/esportes\\\/2024-07-25\\\/andy-murray-desiste-do-torneio-de-simples-dos-jogos-olimpicos-de-paris\\\/#primaryimage\",\"url\":\"https:\\\/\\\/pre.efe.com\\\/wp-content\\\/uploads\\\/2023\\\/01\\\/abierto-de-australia-10.jpg\",\"contentUrl\":\"https:\\\/\\\/pre.efe.com\\\/wp-content\\\/uploads\\\/2023\\\/01\\\/abierto-de-australia-10.jpg\",\"width\":1920,\"height\":1280,\"caption\":\"Andy Murray. EFE\\\/Arquivo\\\/Lukas Coch\"},{\"@type\":\"BreadcrumbList\",\"@id\":\"https:\\\/\\\/pre.efe.com\\\/pt-br\\\/esportes\\\/2024-07-25\\\/andy-murray-desiste-do-torneio-de-simples-dos-jogos-olimpicos-de-paris\\\/#breadcrumb\",\"itemListElement\":[{\"@type\":\"ListItem\",\"position\":1,\"name\":\"Portada\",\"item\":\"https:\\\/\\\/pre.efe.com\\\/pt-br\\\/\"},{\"@type\":\"ListItem\",\"position\":2,\"name\":\"Andy Murray desiste do torneio de simples dos Jogos Ol\u00edmpicos de Paris\"}]},{\"@type\":\"WebSite\",\"@id\":\"https:\\\/\\\/pre.efe.com\\\/pt-br\\\/#website\",\"url\":\"https:\\\/\\\/pre.efe.com\\\/pt-br\\\/\",\"name\":\"EFE Noticias\",\"description\":\"\",\"publisher\":{\"@id\":\"https:\\\/\\\/pre.efe.com\\\/pt-br\\\/#organization\"},\"potentialAction\":[{\"@type\":\"SearchAction\",\"target\":{\"@type\":\"EntryPoint\",\"urlTemplate\":\"https:\\\/\\\/pre.efe.com\\\/pt-br\\\/?s={search_term_string}\"},\"query-input\":{\"@type\":\"PropertyValueSpecification\",\"valueRequired\":true,\"valueName\":\"search_term_string\"}}],\"inLanguage\":\"pt-BR\"},{\"@type\":\"Organization\",\"@id\":\"https:\\\/\\\/pre.efe.com\\\/pt-br\\\/#organization\",\"name\":\"Agencia EFE\",\"url\":\"https:\\\/\\\/pre.efe.com\\\/pt-br\\\/\",\"logo\":{\"@type\":\"ImageObject\",\"inLanguage\":\"pt-BR\",\"@id\":\"https:\\\/\\\/pre.efe.com\\\/pt-br\\\/#\\\/schema\\\/logo\\\/image\\\/\",\"url\":\"https:\\\/\\\/pre.efe.com\\\/wp-content\\\/uploads\\\/2023\\\/06\\\/logo-efe-467.png\",\"contentUrl\":\"https:\\\/\\\/pre.efe.com\\\/wp-content\\\/uploads\\\/2023\\\/06\\\/logo-efe-467.png\",\"width\":467,\"height\":467,\"caption\":\"Agencia EFE\"},\"image\":{\"@id\":\"https:\\\/\\\/pre.efe.com\\\/pt-br\\\/#\\\/schema\\\/logo\\\/image\\\/\"},\"sameAs\":[\"https:\\\/\\\/www.facebook.com\\\/AgenciaEFEnoticias\\\/\",\"https:\\\/\\\/x.com\\\/efenoticias\",\"https:\\\/\\\/www.instagram.com\\\/efe_noticias\\\/\",\"http:\\\/\\\/www.youtube.com\\\/efe\"]},{\"@type\":\"Person\",\"@id\":\"https:\\\/\\\/pre.efe.com\\\/pt-br\\\/#\\\/schema\\\/person\\\/b19f23f210db552768f68a4b552b004f\",\"name\":\"anachain\",\"image\":{\"@type\":\"ImageObject\",\"inLanguage\":\"pt-BR\",\"@id\":\"https:\\\/\\\/secure.gravatar.com\\\/avatar\\\/30b83965911ef1108bb893c00bdd65c885f9890e1265ee04b02c3d5adc785d37?s=96&d=identicon&r=g\",\"url\":\"https:\\\/\\\/secure.gravatar.com\\\/avatar\\\/30b83965911ef1108bb893c00bdd65c885f9890e1265ee04b02c3d5adc785d37?s=96&d=identicon&r=g\",\"contentUrl\":\"https:\\\/\\\/secure.gravatar.com\\\/avatar\\\/30b83965911ef1108bb893c00bdd65c885f9890e1265ee04b02c3d5adc785d37?s=96&d=identicon&r=g\",\"caption\":\"anachain\"},\"url\":\"https:\\\/\\\/pre.efe.com\\\/pt-br\\\/autor\\\/anachain\\\/\"}]}<\/script>\n<!-- \/ Yoast SEO Premium plugin. -->","yoast_head_json":{"title":"Andy Murray desiste do torneio de simples dos Jogos Ol\u00edmpicos de Paris - EFE","robots":{"index":"noindex","follow":"follow"},"og_locale":"pt_BR","og_type":"article","og_title":"Andy Murray desiste do torneio de simples dos Jogos Ol\u00edmpicos de Paris - EFE","og_description":"Paris (EFE).- O brit\u00e2nico Andy Murray anunciou sua retirada do torneio individual dos Jogos Ol\u00edmpicos de Paris 2024 para se concentrar exclusivamente na prova de duplas onde atuar\u00e1 ao lado de Daniel Evans. Murray, bicampe\u00e3o ol\u00edmpico de simples, em Londres-2012 e Rio-2016, havia anunciado sua aposentadoria do t\u00eanis profissional ap\u00f3s o fim dos Jogos. Inicialmente ... Leia mais","og_url":"https:\/\/pre.efe.com\/pt-br\/esportes\/2024-07-25\/andy-murray-desiste-do-torneio-de-simples-dos-jogos-olimpicos-de-paris\/","og_site_name":"EFE Noticias","article_publisher":"https:\/\/www.facebook.com\/AgenciaEFEnoticias\/","article_published_time":"2024-07-25T18:44:29+00:00","article_modified_time":"2024-07-25T18:44:36+00:00","og_image":[{"width":1920,"height":1280,"url":"https:\/\/i0.wp.com\/efe.com\/\/srv\/htdocs\/wp-content\/uploads\/2023\/01\/abierto-de-australia-10.jpg?fit=1920%2C1280&ssl=1","type":"image\/jpeg"}],"author":"anachain","twitter_card":"summary_large_image","twitter_creator":"@efenoticias","twitter_site":"@efenoticias","schema":{"@context":"https:\/\/schema.org","@graph":[{"@type":"NewsArticle","@id":"https:\/\/pre.efe.com\/pt-br\/esportes\/2024-07-25\/andy-murray-desiste-do-torneio-de-simples-dos-jogos-olimpicos-de-paris\/#article","isPartOf":{"@id":"https:\/\/pre.efe.com\/pt-br\/esportes\/2024-07-25\/andy-murray-desiste-do-torneio-de-simples-dos-jogos-olimpicos-de-paris\/"},"author":{"name":"anachain","@id":"https:\/\/pre.efe.com\/pt-br\/#\/schema\/person\/b19f23f210db552768f68a4b552b004f"},"headline":"Andy Murray desiste do torneio de simples dos Jogos Ol\u00edmpicos de Paris","datePublished":"2024-07-25T18:44:29+00:00","dateModified":"2024-07-25T18:44:36+00:00","mainEntityOfPage":{"@id":"https:\/\/pre.efe.com\/pt-br\/esportes\/2024-07-25\/andy-murray-desiste-do-torneio-de-simples-dos-jogos-olimpicos-de-paris\/"},"wordCount":177,"publisher":{"@id":"https:\/\/pre.efe.com\/pt-br\/#organization"},"image":{"@id":"https:\/\/pre.efe.com\/pt-br\/esportes\/2024-07-25\/andy-murray-desiste-do-torneio-de-simples-dos-jogos-olimpicos-de-paris\/#primaryimage"},"thumbnailUrl":"https:\/\/pre.efe.com\/wp-content\/uploads\/2023\/01\/abierto-de-australia-10.jpg","keywords":["Fran\u00e7a"],"articleSection":["Esportes","Outras not\u00edcias"],"inLanguage":"pt-BR","copyrightYear":"2024","copyrightHolder":{"@id":"https:\/\/pre.efe.com\/#organization"}},{"@type":["WebPage","ItemPage"],"@id":"https:\/\/pre.efe.com\/pt-br\/esportes\/2024-07-25\/andy-murray-desiste-do-torneio-de-simples-dos-jogos-olimpicos-de-paris\/","url":"https:\/\/pre.efe.com\/pt-br\/esportes\/2024-07-25\/andy-murray-desiste-do-torneio-de-simples-dos-jogos-olimpicos-de-paris\/","name":"Andy Murray desiste do torneio de simples dos Jogos Ol\u00edmpicos de Paris - EFE","isPartOf":{"@id":"https:\/\/pre.efe.com\/pt-br\/#website"},"primaryImageOfPage":{"@id":"https:\/\/pre.efe.com\/pt-br\/esportes\/2024-07-25\/andy-murray-desiste-do-torneio-de-simples-dos-jogos-olimpicos-de-paris\/#primaryimage"},"image":{"@id":"https:\/\/pre.efe.com\/pt-br\/esportes\/2024-07-25\/andy-murray-desiste-do-torneio-de-simples-dos-jogos-olimpicos-de-paris\/#primaryimage"},"thumbnailUrl":"https:\/\/pre.efe.com\/wp-content\/uploads\/2023\/01\/abierto-de-australia-10.jpg","datePublished":"2024-07-25T18:44:29+00:00","dateModified":"2024-07-25T18:44:36+00:00","breadcrumb":{"@id":"https:\/\/pre.efe.com\/pt-br\/esportes\/2024-07-25\/andy-murray-desiste-do-torneio-de-simples-dos-jogos-olimpicos-de-paris\/#breadcrumb"},"inLanguage":"pt-BR","potentialAction":[{"@type":"ReadAction","target":["https:\/\/pre.efe.com\/pt-br\/esportes\/2024-07-25\/andy-murray-desiste-do-torneio-de-simples-dos-jogos-olimpicos-de-paris\/"]}]},{"@type":"ImageObject","inLanguage":"pt-BR","@id":"https:\/\/pre.efe.com\/pt-br\/esportes\/2024-07-25\/andy-murray-desiste-do-torneio-de-simples-dos-jogos-olimpicos-de-paris\/#primaryimage","url":"https:\/\/pre.efe.com\/wp-content\/uploads\/2023\/01\/abierto-de-australia-10.jpg","contentUrl":"https:\/\/pre.efe.com\/wp-content\/uploads\/2023\/01\/abierto-de-australia-10.jpg","width":1920,"height":1280,"caption":"Andy Murray. EFE\/Arquivo\/Lukas Coch"},{"@type":"BreadcrumbList","@id":"https:\/\/pre.efe.com\/pt-br\/esportes\/2024-07-25\/andy-murray-desiste-do-torneio-de-simples-dos-jogos-olimpicos-de-paris\/#breadcrumb","itemListElement":[{"@type":"ListItem","position":1,"name":"Portada","item":"https:\/\/pre.efe.com\/pt-br\/"},{"@type":"ListItem","position":2,"name":"Andy Murray desiste do torneio de simples dos Jogos Ol\u00edmpicos de Paris"}]},{"@type":"WebSite","@id":"https:\/\/pre.efe.com\/pt-br\/#website","url":"https:\/\/pre.efe.com\/pt-br\/","name":"EFE Noticias","description":"","publisher":{"@id":"https:\/\/pre.efe.com\/pt-br\/#organization"},"potentialAction":[{"@type":"SearchAction","target":{"@type":"EntryPoint","urlTemplate":"https:\/\/pre.efe.com\/pt-br\/?s={search_term_string}"},"query-input":{"@type":"PropertyValueSpecification","valueRequired":true,"valueName":"search_term_string"}}],"inLanguage":"pt-BR"},{"@type":"Organization","@id":"https:\/\/pre.efe.com\/pt-br\/#organization","name":"Agencia EFE","url":"https:\/\/pre.efe.com\/pt-br\/","logo":{"@type":"ImageObject","inLanguage":"pt-BR","@id":"https:\/\/pre.efe.com\/pt-br\/#\/schema\/logo\/image\/","url":"https:\/\/pre.efe.com\/wp-content\/uploads\/2023\/06\/logo-efe-467.png","contentUrl":"https:\/\/pre.efe.com\/wp-content\/uploads\/2023\/06\/logo-efe-467.png","width":467,"height":467,"caption":"Agencia EFE"},"image":{"@id":"https:\/\/pre.efe.com\/pt-br\/#\/schema\/logo\/image\/"},"sameAs":["https:\/\/www.facebook.com\/AgenciaEFEnoticias\/","https:\/\/x.com\/efenoticias","https:\/\/www.instagram.com\/efe_noticias\/","http:\/\/www.youtube.com\/efe"]},{"@type":"Person","@id":"https:\/\/pre.efe.com\/pt-br\/#\/schema\/person\/b19f23f210db552768f68a4b552b004f","name":"anachain","image":{"@type":"ImageObject","inLanguage":"pt-BR","@id":"https:\/\/secure.gravatar.com\/avatar\/30b83965911ef1108bb893c00bdd65c885f9890e1265ee04b02c3d5adc785d37?s=96&d=identicon&r=g","url":"https:\/\/secure.gravatar.com\/avatar\/30b83965911ef1108bb893c00bdd65c885f9890e1265ee04b02c3d5adc785d37?s=96&d=identicon&r=g","contentUrl":"https:\/\/secure.gravatar.com\/avatar\/30b83965911ef1108bb893c00bdd65c885f9890e1265ee04b02c3d5adc785d37?s=96&d=identicon&r=g","caption":"anachain"},"url":"https:\/\/pre.efe.com\/pt-br\/autor\/anachain\/"}]}},"jetpack_featured_media_url":"https:\/\/pre.efe.com\/wp-content\/uploads\/2023\/01\/abierto-de-australia-10.jpg","jetpack_shortlink":"https:\/\/wp.me\/peJvHm-5dXq","jetpack_sharing_enabled":true,"_links":{"self":[{"href":"https:\/\/pre.efe.com\/pt-br\/wp-json\/wp\/v2\/posts\/1245296","targetHints":{"allow":["GET"]}}],"collection":[{"href":"https:\/\/pre.efe.com\/pt-br\/wp-json\/wp\/v2\/posts"}],"about":[{"href":"https:\/\/pre.efe.com\/pt-br\/wp-json\/wp\/v2\/types\/post"}],"author":[{"embeddable":true,"href":"https:\/\/pre.efe.com\/pt-br\/wp-json\/wp\/v2\/users\/198164106"}],"replies":[{"embeddable":true,"href":"https:\/\/pre.efe.com\/pt-br\/wp-json\/wp\/v2\/comments?post=1245296"}],"version-history":[{"count":2,"href":"https:\/\/pre.efe.com\/pt-br\/wp-json\/wp\/v2\/posts\/1245296\/revisions"}],"predecessor-version":[{"id":1245312,"href":"https:\/\/pre.efe.com\/pt-br\/wp-json\/wp\/v2\/posts\/1245296\/revisions\/1245312"}],"wp:featuredmedia":[{"embeddable":true,"href":"https:\/\/pre.efe.com\/pt-br\/wp-json\/wp\/v2\/media\/248031"}],"wp:attachment":[{"href":"https:\/\/pre.efe.com\/pt-br\/wp-json\/wp\/v2\/media?parent=1245296"}],"wp:term":[{"taxonomy":"category","embeddable":true,"href":"https:\/\/pre.efe.com\/pt-br\/wp-json\/wp\/v2\/categories?post=1245296"},{"taxonomy":"post_tag","embeddable":true,"href":"https:\/\/pre.efe.com\/pt-br\/wp-json\/wp\/v2\/tags?post=1245296"}],"curies":[{"name":"wp","href":"https:\/\/api.w.org\/{rel}","templated":true}]}}