{"id":1277267,"date":"2024-08-09T17:57:00","date_gmt":"2024-08-09T15:57:00","guid":{"rendered":"https:\/\/pre.efe.com\/?p=1277267"},"modified":"2024-10-07T15:06:45","modified_gmt":"2024-10-07T13:06:45","slug":"cristina-kirchner-diz-que-misoginia-e-machismo-nao-tem-bandeira-partidaria","status":"publish","type":"post","link":"https:\/\/pre.efe.com\/pt-br\/mundo-2\/2024-08-09\/cristina-kirchner-diz-que-misoginia-e-machismo-nao-tem-bandeira-partidaria\/","title":{"rendered":"Cristina Kirchner diz que misoginia e machismo n\u00e3o t\u00eam &#8220;bandeira partid\u00e1ria&#8221;"},"content":{"rendered":"\n<p>Buenos Aires (EFE) &#8211; A ex-presidente da Argentina Cristina Kirchner se referiu nesta sexta-feira \u00e0 den\u00fancia de suposta viol\u00eancia de g\u00eanero da ex-primeira-dama Fabiola Y\u00e1\u00f1ez contra o ex-presidente Alberto Fern\u00e1ndez e ressaltou que &#8220;misoginia, machismo e hipocrisia&#8221; n\u00e3o t\u00eam &#8220;bandeira partid\u00e1ria&#8221;.<\/p>\n\n\n\n<p>&#8220;A misoginia, o machismo e a hipocrisia, pilares sobre os quais se baseia a viol\u00eancia verbal ou f\u00edsica contra as mulheres, n\u00e3o t\u00eam bandeira partid\u00e1ria e atravessam a sociedade em todos os n\u00edveis&#8221;, escreveu Cristina na rede social X (ex-Twitter).<\/p>\n\n\n\n<p>A mensagem da ex-vice-presidente de Fern\u00e1ndez questionou duramente seu ex-companheiro de chapa e descreveu as fotos de Y\u00e1\u00f1ez espancada, publicadas nas \u00faltimas horas pela imprensa local, como &#8220;n\u00e3o apenas mostrando o espancamento que ela recebeu, mas tamb\u00e9m revelando os aspectos mais s\u00f3rdidos e sombrios da condi\u00e7\u00e3o humana&#8221;.<\/p>\n\n\n\n<p>A ex-presidente come\u00e7ou sua mensagem dizendo que &#8220;Alberto Fern\u00e1ndez n\u00e3o foi um bom presidente&#8221; e enfatizou que, embora esse tenha sido o caso de muitos chefes de Estado na hist\u00f3ria argentina, as imagens divulgadas na noite passada &#8220;S\u00c3O OUTRA COISA (sic)&#8221;.<\/p>\n\n\n\n<p>Cristina se referiu \u00e0s fotos em que Y\u00e1\u00f1ez pode ser vista com hematomas significativos em v\u00e1rias partes do corpo e que, segundo ela, &#8220;mostram a surra que ela recebeu&#8221;, ao mesmo tempo em que &#8220;nos permitem ver, mais uma vez e de forma dram\u00e1tica, a situa\u00e7\u00e3o das mulheres em qualquer relacionamento, seja ele em um pal\u00e1cio ou em uma tapera&#8221;.<\/p>\n\n\n\n<p>&#8220;Pessoalmente, e como uma mulher que foi submetida (e continua sendo submetida) \u00e0s piores viol\u00eancias verbais e pol\u00edticas, at\u00e9 a experi\u00eancia final da viol\u00eancia f\u00edsica, como a tentativa de assassinato de 1\u00ba de setembro de 2022, expresso minha solidariedade com todas as mulheres v\u00edtimas de qualquer tipo de viol\u00eancia, sem esquecer as palavras que o (papa) Francisco me disse no dia seguinte a esse evento: &#8216;Toda viol\u00eancia f\u00edsica \u00e9 sempre precedida de viol\u00eancia verbal'&#8221;, concluiu a ex-presidente.<\/p>\n\n\n\n<p>As declara\u00e7\u00f5es de Cristina, que n\u00e3o teve um bom relacionamento com Alberto Fern\u00e1ndez durante o per\u00edodo como vice-presidente, foram feitas tr\u00eas dias ap\u00f3s a divulga\u00e7\u00e3o da den\u00fancia de Y\u00e1\u00f1ez, que coincidiu com uma viagem do ex-presidente ao M\u00e9xico.<\/p>\n\n\n\n<p>Y\u00e1\u00f1ez, de 43 anos, atriz e jornalista de profiss\u00e3o, decidiu na \u00faltima ter\u00e7a-feira apresentar uma queixa contra Fern\u00e1ndez por viol\u00eancia de g\u00eanero depois que a Justi\u00e7a, como parte de uma investiga\u00e7\u00e3o sobre poss\u00edvel tr\u00e1fico de influ\u00eancia por parte da ex-presidente, encontrou conversas e imagens que indicam a suposta pr\u00e1tica do crime de les\u00e3o contra a ex-companheira do peronista de 65 anos.<\/p>\n\n\n\n<p>Ap\u00f3s a decis\u00e3o de Y\u00e1\u00f1ez de apresentar a queixa, o juiz federal Juli\u00e1n Ercolini proibiu Fern\u00e1ndez de deixar a Argentina e ordenou que ele n\u00e3o se aproximasse ou entrasse em contato com sua ex-companheira por qualquer meio.<\/p>\n\n\n\n<p>Na ter\u00e7a-feira, em breve comunicado no X, o ex-presidente negou as alega\u00e7\u00f5es de Y\u00e1\u00f1ez. EFE<\/p>\n","protected":false},"excerpt":{"rendered":"<p>Buenos Aires (EFE) &#8211; A ex-presidente da Argentina Cristina Kirchner se referiu nesta sexta-feira \u00e0 den\u00fancia de suposta viol\u00eancia de g\u00eanero da ex-primeira-dama Fabiola Y\u00e1\u00f1ez contra o ex-presidente Alberto Fern\u00e1ndez e ressaltou que &#8220;misoginia, machismo e hipocrisia&#8221; n\u00e3o t\u00eam &#8220;bandeira partid\u00e1ria&#8221;. &#8220;A misoginia, o machismo e a hipocrisia, pilares sobre os quais se baseia a &#8230; <a title=\"Cristina Kirchner diz que misoginia e machismo n\u00e3o t\u00eam &#8220;bandeira partid\u00e1ria&#8221;\" class=\"read-more\" href=\"https:\/\/pre.efe.com\/pt-br\/mundo-2\/2024-08-09\/cristina-kirchner-diz-que-misoginia-e-machismo-nao-tem-bandeira-partidaria\/\" aria-label=\"Read more about Cristina Kirchner diz que misoginia e machismo n\u00e3o t\u00eam &#8220;bandeira partid\u00e1ria&#8221;\">Leia mais<\/a><\/p>\n","protected":false},"author":198164106,"featured_media":1233169,"comment_status":"closed","ping_status":"closed","sticky":false,"template":"","format":"standard","meta":{"_acf_changed":false,"_jetpack_memberships_contains_paid_content":false,"footnotes":""},"categories":[123208],"tags":[122644,124845],"class_list":["post-1277267","post","type-post","status-publish","format-standard","has-post-thumbnail","hentry","category-mundo-2","tag-argentina-2","tag-governo","generate-columns","tablet-grid-50","mobile-grid-100","grid-parent","grid-50"],"acf":[],"yoast_head":"<!-- This site is optimized with the Yoast SEO Premium plugin v26.0 (Yoast SEO v27.4) - https:\/\/yoast.com\/product\/yoast-seo-premium-wordpress\/ -->\n<title>Cristina Kirchner diz que misoginia e machismo n\u00e3o t\u00eam &quot;bandeira partid\u00e1ria&quot; - EFE<\/title>\n<meta name=\"robots\" content=\"noindex, follow\" \/>\n<meta property=\"og:locale\" content=\"pt_BR\" \/>\n<meta property=\"og:type\" content=\"article\" \/>\n<meta property=\"og:title\" content=\"Cristina Kirchner diz que misoginia e machismo n\u00e3o t\u00eam &quot;bandeira partid\u00e1ria&quot; - EFE\" \/>\n<meta property=\"og:description\" content=\"Buenos Aires (EFE) &#8211; A ex-presidente da Argentina Cristina Kirchner se referiu nesta sexta-feira \u00e0 den\u00fancia de suposta viol\u00eancia de g\u00eanero da ex-primeira-dama Fabiola Y\u00e1\u00f1ez contra o ex-presidente Alberto Fern\u00e1ndez e ressaltou que &#8220;misoginia, machismo e hipocrisia&#8221; n\u00e3o t\u00eam &#8220;bandeira partid\u00e1ria&#8221;. &#8220;A misoginia, o machismo e a hipocrisia, pilares sobre os quais se baseia a ... Leia mais\" \/>\n<meta property=\"og:url\" content=\"https:\/\/pre.efe.com\/pt-br\/mundo-2\/2024-08-09\/cristina-kirchner-diz-que-misoginia-e-machismo-nao-tem-bandeira-partidaria\/\" \/>\n<meta property=\"og:site_name\" content=\"EFE Noticias\" \/>\n<meta property=\"article:publisher\" content=\"https:\/\/www.facebook.com\/AgenciaEFEnoticias\/\" \/>\n<meta property=\"article:published_time\" content=\"2024-08-09T15:57:00+00:00\" \/>\n<meta property=\"article:modified_time\" content=\"2024-10-07T13:06:45+00:00\" \/>\n<meta property=\"og:image\" content=\"https:\/\/i0.wp.com\/efe.com\/\/srv\/htdocs\/wp-content\/uploads\/2024\/07\/VAT13-VATICANO-PAPA-ARGENTINA.jpg?fit=3072%2C2014&ssl=1\" \/>\n\t<meta property=\"og:image:width\" content=\"3072\" \/>\n\t<meta property=\"og:image:height\" content=\"2014\" \/>\n\t<meta property=\"og:image:type\" content=\"image\/jpeg\" \/>\n<meta name=\"author\" content=\"anachain\" \/>\n<meta name=\"twitter:card\" content=\"summary_large_image\" \/>\n<meta name=\"twitter:creator\" content=\"@efenoticias\" \/>\n<meta name=\"twitter:site\" content=\"@efenoticias\" \/>\n<script type=\"application\/ld+json\" class=\"yoast-schema-graph\">{\"@context\":\"https:\\\/\\\/schema.org\",\"@graph\":[{\"@type\":\"NewsArticle\",\"@id\":\"https:\\\/\\\/pre.efe.com\\\/pt-br\\\/mundo-2\\\/2024-08-09\\\/cristina-kirchner-diz-que-misoginia-e-machismo-nao-tem-bandeira-partidaria\\\/#article\",\"isPartOf\":{\"@id\":\"https:\\\/\\\/pre.efe.com\\\/pt-br\\\/mundo-2\\\/2024-08-09\\\/cristina-kirchner-diz-que-misoginia-e-machismo-nao-tem-bandeira-partidaria\\\/\"},\"author\":{\"name\":\"anachain\",\"@id\":\"https:\\\/\\\/pre.efe.com\\\/pt-br\\\/#\\\/schema\\\/person\\\/b19f23f210db552768f68a4b552b004f\"},\"headline\":\"Cristina Kirchner diz que misoginia e machismo n\u00e3o t\u00eam &#8220;bandeira partid\u00e1ria&#8221;\",\"datePublished\":\"2024-08-09T15:57:00+00:00\",\"dateModified\":\"2024-10-07T13:06:45+00:00\",\"mainEntityOfPage\":{\"@id\":\"https:\\\/\\\/pre.efe.com\\\/pt-br\\\/mundo-2\\\/2024-08-09\\\/cristina-kirchner-diz-que-misoginia-e-machismo-nao-tem-bandeira-partidaria\\\/\"},\"wordCount\":537,\"publisher\":{\"@id\":\"https:\\\/\\\/pre.efe.com\\\/pt-br\\\/#organization\"},\"image\":{\"@id\":\"https:\\\/\\\/pre.efe.com\\\/pt-br\\\/mundo-2\\\/2024-08-09\\\/cristina-kirchner-diz-que-misoginia-e-machismo-nao-tem-bandeira-partidaria\\\/#primaryimage\"},\"thumbnailUrl\":\"https:\\\/\\\/pre.efe.com\\\/wp-content\\\/uploads\\\/2024\\\/07\\\/VAT13-VATICANO-PAPA-ARGENTINA.jpg\",\"keywords\":[\"Argentina\",\"Governo\"],\"articleSection\":[\"Mundo\"],\"inLanguage\":\"pt-BR\",\"copyrightYear\":\"2024\",\"copyrightHolder\":{\"@id\":\"https:\\\/\\\/pre.efe.com\\\/#organization\"}},{\"@type\":[\"WebPage\",\"ItemPage\"],\"@id\":\"https:\\\/\\\/pre.efe.com\\\/pt-br\\\/mundo-2\\\/2024-08-09\\\/cristina-kirchner-diz-que-misoginia-e-machismo-nao-tem-bandeira-partidaria\\\/\",\"url\":\"https:\\\/\\\/pre.efe.com\\\/pt-br\\\/mundo-2\\\/2024-08-09\\\/cristina-kirchner-diz-que-misoginia-e-machismo-nao-tem-bandeira-partidaria\\\/\",\"name\":\"Cristina Kirchner diz que misoginia e machismo n\u00e3o t\u00eam \\\"bandeira partid\u00e1ria\\\" - EFE\",\"isPartOf\":{\"@id\":\"https:\\\/\\\/pre.efe.com\\\/pt-br\\\/#website\"},\"primaryImageOfPage\":{\"@id\":\"https:\\\/\\\/pre.efe.com\\\/pt-br\\\/mundo-2\\\/2024-08-09\\\/cristina-kirchner-diz-que-misoginia-e-machismo-nao-tem-bandeira-partidaria\\\/#primaryimage\"},\"image\":{\"@id\":\"https:\\\/\\\/pre.efe.com\\\/pt-br\\\/mundo-2\\\/2024-08-09\\\/cristina-kirchner-diz-que-misoginia-e-machismo-nao-tem-bandeira-partidaria\\\/#primaryimage\"},\"thumbnailUrl\":\"https:\\\/\\\/pre.efe.com\\\/wp-content\\\/uploads\\\/2024\\\/07\\\/VAT13-VATICANO-PAPA-ARGENTINA.jpg\",\"datePublished\":\"2024-08-09T15:57:00+00:00\",\"dateModified\":\"2024-10-07T13:06:45+00:00\",\"breadcrumb\":{\"@id\":\"https:\\\/\\\/pre.efe.com\\\/pt-br\\\/mundo-2\\\/2024-08-09\\\/cristina-kirchner-diz-que-misoginia-e-machismo-nao-tem-bandeira-partidaria\\\/#breadcrumb\"},\"inLanguage\":\"pt-BR\",\"potentialAction\":[{\"@type\":\"ReadAction\",\"target\":[\"https:\\\/\\\/pre.efe.com\\\/pt-br\\\/mundo-2\\\/2024-08-09\\\/cristina-kirchner-diz-que-misoginia-e-machismo-nao-tem-bandeira-partidaria\\\/\"]}]},{\"@type\":\"ImageObject\",\"inLanguage\":\"pt-BR\",\"@id\":\"https:\\\/\\\/pre.efe.com\\\/pt-br\\\/mundo-2\\\/2024-08-09\\\/cristina-kirchner-diz-que-misoginia-e-machismo-nao-tem-bandeira-partidaria\\\/#primaryimage\",\"url\":\"https:\\\/\\\/pre.efe.com\\\/wp-content\\\/uploads\\\/2024\\\/07\\\/VAT13-VATICANO-PAPA-ARGENTINA.jpg\",\"contentUrl\":\"https:\\\/\\\/pre.efe.com\\\/wp-content\\\/uploads\\\/2024\\\/07\\\/VAT13-VATICANO-PAPA-ARGENTINA.jpg\",\"width\":3072,\"height\":2014,\"caption\":\"EFE\\\/Arquivo\\\/Ettore Ferrari\"},{\"@type\":\"BreadcrumbList\",\"@id\":\"https:\\\/\\\/pre.efe.com\\\/pt-br\\\/mundo-2\\\/2024-08-09\\\/cristina-kirchner-diz-que-misoginia-e-machismo-nao-tem-bandeira-partidaria\\\/#breadcrumb\",\"itemListElement\":[{\"@type\":\"ListItem\",\"position\":1,\"name\":\"Portada\",\"item\":\"https:\\\/\\\/pre.efe.com\\\/pt-br\\\/\"},{\"@type\":\"ListItem\",\"position\":2,\"name\":\"Cristina Kirchner diz que misoginia e machismo n\u00e3o t\u00eam &#8220;bandeira partid\u00e1ria&#8221;\"}]},{\"@type\":\"WebSite\",\"@id\":\"https:\\\/\\\/pre.efe.com\\\/pt-br\\\/#website\",\"url\":\"https:\\\/\\\/pre.efe.com\\\/pt-br\\\/\",\"name\":\"EFE Noticias\",\"description\":\"\",\"publisher\":{\"@id\":\"https:\\\/\\\/pre.efe.com\\\/pt-br\\\/#organization\"},\"potentialAction\":[{\"@type\":\"SearchAction\",\"target\":{\"@type\":\"EntryPoint\",\"urlTemplate\":\"https:\\\/\\\/pre.efe.com\\\/pt-br\\\/?s={search_term_string}\"},\"query-input\":{\"@type\":\"PropertyValueSpecification\",\"valueRequired\":true,\"valueName\":\"search_term_string\"}}],\"inLanguage\":\"pt-BR\"},{\"@type\":\"Organization\",\"@id\":\"https:\\\/\\\/pre.efe.com\\\/pt-br\\\/#organization\",\"name\":\"Agencia EFE\",\"url\":\"https:\\\/\\\/pre.efe.com\\\/pt-br\\\/\",\"logo\":{\"@type\":\"ImageObject\",\"inLanguage\":\"pt-BR\",\"@id\":\"https:\\\/\\\/pre.efe.com\\\/pt-br\\\/#\\\/schema\\\/logo\\\/image\\\/\",\"url\":\"https:\\\/\\\/pre.efe.com\\\/wp-content\\\/uploads\\\/2023\\\/06\\\/logo-efe-467.png\",\"contentUrl\":\"https:\\\/\\\/pre.efe.com\\\/wp-content\\\/uploads\\\/2023\\\/06\\\/logo-efe-467.png\",\"width\":467,\"height\":467,\"caption\":\"Agencia EFE\"},\"image\":{\"@id\":\"https:\\\/\\\/pre.efe.com\\\/pt-br\\\/#\\\/schema\\\/logo\\\/image\\\/\"},\"sameAs\":[\"https:\\\/\\\/www.facebook.com\\\/AgenciaEFEnoticias\\\/\",\"https:\\\/\\\/x.com\\\/efenoticias\",\"https:\\\/\\\/www.instagram.com\\\/efe_noticias\\\/\",\"http:\\\/\\\/www.youtube.com\\\/efe\"]},{\"@type\":\"Person\",\"@id\":\"https:\\\/\\\/pre.efe.com\\\/pt-br\\\/#\\\/schema\\\/person\\\/b19f23f210db552768f68a4b552b004f\",\"name\":\"anachain\",\"image\":{\"@type\":\"ImageObject\",\"inLanguage\":\"pt-BR\",\"@id\":\"https:\\\/\\\/secure.gravatar.com\\\/avatar\\\/30b83965911ef1108bb893c00bdd65c885f9890e1265ee04b02c3d5adc785d37?s=96&d=identicon&r=g\",\"url\":\"https:\\\/\\\/secure.gravatar.com\\\/avatar\\\/30b83965911ef1108bb893c00bdd65c885f9890e1265ee04b02c3d5adc785d37?s=96&d=identicon&r=g\",\"contentUrl\":\"https:\\\/\\\/secure.gravatar.com\\\/avatar\\\/30b83965911ef1108bb893c00bdd65c885f9890e1265ee04b02c3d5adc785d37?s=96&d=identicon&r=g\",\"caption\":\"anachain\"},\"url\":\"https:\\\/\\\/pre.efe.com\\\/pt-br\\\/autor\\\/anachain\\\/\"}]}<\/script>\n<!-- \/ Yoast SEO Premium plugin. -->","yoast_head_json":{"title":"Cristina Kirchner diz que misoginia e machismo n\u00e3o t\u00eam \"bandeira partid\u00e1ria\" - EFE","robots":{"index":"noindex","follow":"follow"},"og_locale":"pt_BR","og_type":"article","og_title":"Cristina Kirchner diz que misoginia e machismo n\u00e3o t\u00eam \"bandeira partid\u00e1ria\" - EFE","og_description":"Buenos Aires (EFE) &#8211; A ex-presidente da Argentina Cristina Kirchner se referiu nesta sexta-feira \u00e0 den\u00fancia de suposta viol\u00eancia de g\u00eanero da ex-primeira-dama Fabiola Y\u00e1\u00f1ez contra o ex-presidente Alberto Fern\u00e1ndez e ressaltou que &#8220;misoginia, machismo e hipocrisia&#8221; n\u00e3o t\u00eam &#8220;bandeira partid\u00e1ria&#8221;. &#8220;A misoginia, o machismo e a hipocrisia, pilares sobre os quais se baseia a ... Leia mais","og_url":"https:\/\/pre.efe.com\/pt-br\/mundo-2\/2024-08-09\/cristina-kirchner-diz-que-misoginia-e-machismo-nao-tem-bandeira-partidaria\/","og_site_name":"EFE Noticias","article_publisher":"https:\/\/www.facebook.com\/AgenciaEFEnoticias\/","article_published_time":"2024-08-09T15:57:00+00:00","article_modified_time":"2024-10-07T13:06:45+00:00","og_image":[{"width":3072,"height":2014,"url":"https:\/\/i0.wp.com\/efe.com\/\/srv\/htdocs\/wp-content\/uploads\/2024\/07\/VAT13-VATICANO-PAPA-ARGENTINA.jpg?fit=3072%2C2014&ssl=1","type":"image\/jpeg"}],"author":"anachain","twitter_card":"summary_large_image","twitter_creator":"@efenoticias","twitter_site":"@efenoticias","schema":{"@context":"https:\/\/schema.org","@graph":[{"@type":"NewsArticle","@id":"https:\/\/pre.efe.com\/pt-br\/mundo-2\/2024-08-09\/cristina-kirchner-diz-que-misoginia-e-machismo-nao-tem-bandeira-partidaria\/#article","isPartOf":{"@id":"https:\/\/pre.efe.com\/pt-br\/mundo-2\/2024-08-09\/cristina-kirchner-diz-que-misoginia-e-machismo-nao-tem-bandeira-partidaria\/"},"author":{"name":"anachain","@id":"https:\/\/pre.efe.com\/pt-br\/#\/schema\/person\/b19f23f210db552768f68a4b552b004f"},"headline":"Cristina Kirchner diz que misoginia e machismo n\u00e3o t\u00eam &#8220;bandeira partid\u00e1ria&#8221;","datePublished":"2024-08-09T15:57:00+00:00","dateModified":"2024-10-07T13:06:45+00:00","mainEntityOfPage":{"@id":"https:\/\/pre.efe.com\/pt-br\/mundo-2\/2024-08-09\/cristina-kirchner-diz-que-misoginia-e-machismo-nao-tem-bandeira-partidaria\/"},"wordCount":537,"publisher":{"@id":"https:\/\/pre.efe.com\/pt-br\/#organization"},"image":{"@id":"https:\/\/pre.efe.com\/pt-br\/mundo-2\/2024-08-09\/cristina-kirchner-diz-que-misoginia-e-machismo-nao-tem-bandeira-partidaria\/#primaryimage"},"thumbnailUrl":"https:\/\/pre.efe.com\/wp-content\/uploads\/2024\/07\/VAT13-VATICANO-PAPA-ARGENTINA.jpg","keywords":["Argentina","Governo"],"articleSection":["Mundo"],"inLanguage":"pt-BR","copyrightYear":"2024","copyrightHolder":{"@id":"https:\/\/pre.efe.com\/#organization"}},{"@type":["WebPage","ItemPage"],"@id":"https:\/\/pre.efe.com\/pt-br\/mundo-2\/2024-08-09\/cristina-kirchner-diz-que-misoginia-e-machismo-nao-tem-bandeira-partidaria\/","url":"https:\/\/pre.efe.com\/pt-br\/mundo-2\/2024-08-09\/cristina-kirchner-diz-que-misoginia-e-machismo-nao-tem-bandeira-partidaria\/","name":"Cristina Kirchner diz que misoginia e machismo n\u00e3o t\u00eam \"bandeira partid\u00e1ria\" - EFE","isPartOf":{"@id":"https:\/\/pre.efe.com\/pt-br\/#website"},"primaryImageOfPage":{"@id":"https:\/\/pre.efe.com\/pt-br\/mundo-2\/2024-08-09\/cristina-kirchner-diz-que-misoginia-e-machismo-nao-tem-bandeira-partidaria\/#primaryimage"},"image":{"@id":"https:\/\/pre.efe.com\/pt-br\/mundo-2\/2024-08-09\/cristina-kirchner-diz-que-misoginia-e-machismo-nao-tem-bandeira-partidaria\/#primaryimage"},"thumbnailUrl":"https:\/\/pre.efe.com\/wp-content\/uploads\/2024\/07\/VAT13-VATICANO-PAPA-ARGENTINA.jpg","datePublished":"2024-08-09T15:57:00+00:00","dateModified":"2024-10-07T13:06:45+00:00","breadcrumb":{"@id":"https:\/\/pre.efe.com\/pt-br\/mundo-2\/2024-08-09\/cristina-kirchner-diz-que-misoginia-e-machismo-nao-tem-bandeira-partidaria\/#breadcrumb"},"inLanguage":"pt-BR","potentialAction":[{"@type":"ReadAction","target":["https:\/\/pre.efe.com\/pt-br\/mundo-2\/2024-08-09\/cristina-kirchner-diz-que-misoginia-e-machismo-nao-tem-bandeira-partidaria\/"]}]},{"@type":"ImageObject","inLanguage":"pt-BR","@id":"https:\/\/pre.efe.com\/pt-br\/mundo-2\/2024-08-09\/cristina-kirchner-diz-que-misoginia-e-machismo-nao-tem-bandeira-partidaria\/#primaryimage","url":"https:\/\/pre.efe.com\/wp-content\/uploads\/2024\/07\/VAT13-VATICANO-PAPA-ARGENTINA.jpg","contentUrl":"https:\/\/pre.efe.com\/wp-content\/uploads\/2024\/07\/VAT13-VATICANO-PAPA-ARGENTINA.jpg","width":3072,"height":2014,"caption":"EFE\/Arquivo\/Ettore Ferrari"},{"@type":"BreadcrumbList","@id":"https:\/\/pre.efe.com\/pt-br\/mundo-2\/2024-08-09\/cristina-kirchner-diz-que-misoginia-e-machismo-nao-tem-bandeira-partidaria\/#breadcrumb","itemListElement":[{"@type":"ListItem","position":1,"name":"Portada","item":"https:\/\/pre.efe.com\/pt-br\/"},{"@type":"ListItem","position":2,"name":"Cristina Kirchner diz que misoginia e machismo n\u00e3o t\u00eam &#8220;bandeira partid\u00e1ria&#8221;"}]},{"@type":"WebSite","@id":"https:\/\/pre.efe.com\/pt-br\/#website","url":"https:\/\/pre.efe.com\/pt-br\/","name":"EFE Noticias","description":"","publisher":{"@id":"https:\/\/pre.efe.com\/pt-br\/#organization"},"potentialAction":[{"@type":"SearchAction","target":{"@type":"EntryPoint","urlTemplate":"https:\/\/pre.efe.com\/pt-br\/?s={search_term_string}"},"query-input":{"@type":"PropertyValueSpecification","valueRequired":true,"valueName":"search_term_string"}}],"inLanguage":"pt-BR"},{"@type":"Organization","@id":"https:\/\/pre.efe.com\/pt-br\/#organization","name":"Agencia EFE","url":"https:\/\/pre.efe.com\/pt-br\/","logo":{"@type":"ImageObject","inLanguage":"pt-BR","@id":"https:\/\/pre.efe.com\/pt-br\/#\/schema\/logo\/image\/","url":"https:\/\/pre.efe.com\/wp-content\/uploads\/2023\/06\/logo-efe-467.png","contentUrl":"https:\/\/pre.efe.com\/wp-content\/uploads\/2023\/06\/logo-efe-467.png","width":467,"height":467,"caption":"Agencia EFE"},"image":{"@id":"https:\/\/pre.efe.com\/pt-br\/#\/schema\/logo\/image\/"},"sameAs":["https:\/\/www.facebook.com\/AgenciaEFEnoticias\/","https:\/\/x.com\/efenoticias","https:\/\/www.instagram.com\/efe_noticias\/","http:\/\/www.youtube.com\/efe"]},{"@type":"Person","@id":"https:\/\/pre.efe.com\/pt-br\/#\/schema\/person\/b19f23f210db552768f68a4b552b004f","name":"anachain","image":{"@type":"ImageObject","inLanguage":"pt-BR","@id":"https:\/\/secure.gravatar.com\/avatar\/30b83965911ef1108bb893c00bdd65c885f9890e1265ee04b02c3d5adc785d37?s=96&d=identicon&r=g","url":"https:\/\/secure.gravatar.com\/avatar\/30b83965911ef1108bb893c00bdd65c885f9890e1265ee04b02c3d5adc785d37?s=96&d=identicon&r=g","contentUrl":"https:\/\/secure.gravatar.com\/avatar\/30b83965911ef1108bb893c00bdd65c885f9890e1265ee04b02c3d5adc785d37?s=96&d=identicon&r=g","caption":"anachain"},"url":"https:\/\/pre.efe.com\/pt-br\/autor\/anachain\/"}]}},"jetpack_featured_media_url":"https:\/\/pre.efe.com\/wp-content\/uploads\/2024\/07\/VAT13-VATICANO-PAPA-ARGENTINA.jpg","jetpack_shortlink":"https:\/\/wp.me\/peJvHm-5mh5","jetpack_sharing_enabled":true,"_links":{"self":[{"href":"https:\/\/pre.efe.com\/pt-br\/wp-json\/wp\/v2\/posts\/1277267","targetHints":{"allow":["GET"]}}],"collection":[{"href":"https:\/\/pre.efe.com\/pt-br\/wp-json\/wp\/v2\/posts"}],"about":[{"href":"https:\/\/pre.efe.com\/pt-br\/wp-json\/wp\/v2\/types\/post"}],"author":[{"embeddable":true,"href":"https:\/\/pre.efe.com\/pt-br\/wp-json\/wp\/v2\/users\/198164106"}],"replies":[{"embeddable":true,"href":"https:\/\/pre.efe.com\/pt-br\/wp-json\/wp\/v2\/comments?post=1277267"}],"version-history":[{"count":2,"href":"https:\/\/pre.efe.com\/pt-br\/wp-json\/wp\/v2\/posts\/1277267\/revisions"}],"predecessor-version":[{"id":1277269,"href":"https:\/\/pre.efe.com\/pt-br\/wp-json\/wp\/v2\/posts\/1277267\/revisions\/1277269"}],"wp:featuredmedia":[{"embeddable":true,"href":"https:\/\/pre.efe.com\/pt-br\/wp-json\/wp\/v2\/media\/1233169"}],"wp:attachment":[{"href":"https:\/\/pre.efe.com\/pt-br\/wp-json\/wp\/v2\/media?parent=1277267"}],"wp:term":[{"taxonomy":"category","embeddable":true,"href":"https:\/\/pre.efe.com\/pt-br\/wp-json\/wp\/v2\/categories?post=1277267"},{"taxonomy":"post_tag","embeddable":true,"href":"https:\/\/pre.efe.com\/pt-br\/wp-json\/wp\/v2\/tags?post=1277267"}],"curies":[{"name":"wp","href":"https:\/\/api.w.org\/{rel}","templated":true}]}}