{"id":136973,"date":"2022-10-24T15:10:00","date_gmt":"2022-10-24T13:10:00","guid":{"rendered":"https:\/\/pre.efe.com\/?p=136973"},"modified":"2022-10-24T15:10:03","modified_gmt":"2022-10-24T13:10:03","slug":"russia-diz-que-ameaca-de-ucrania-utilizar-bomba-suja-e-real","status":"publish","type":"post","link":"https:\/\/pre.efe.com\/pt-br\/mundo-2\/2022-10-24\/russia-diz-que-ameaca-de-ucrania-utilizar-bomba-suja-e-real\/","title":{"rendered":"R\u00fassia diz que amea\u00e7a de Ucr\u00e2nia utilizar &#8220;bomba suja&#8221; \u00e9 real"},"content":{"rendered":"\n<p>Moscou (<a href=\"https:\/\/pre.efe.com\/pt-br\/\">EFE<\/a>).- A amea\u00e7a do poss\u00edvel uso de uma &#8220;bomba suja&#8221; pela Ucr\u00e2nia foi classificada nesta segunda-feira como &#8220;real&#8221; pelo governo da R\u00fassia, pouco depois do regime de Kiev negar taxativamente os planos.<\/p>\n\n\n\n<p>&#8220;O fato de existir desconfian\u00e7a das informa\u00e7\u00f5es fornecidas pelo lado russo n\u00e3o significa que a amea\u00e7a do uso de uma &#8216;bomba suja&#8217; n\u00e3o exista. A amea\u00e7a \u00e9 real&#8221;, garantiu o porta-voz do Kremlin, Dmitry Peskov.<\/p>\n\n\n\n<p>O representante da presid\u00eancia da R\u00fassia indicou que a informa\u00e7\u00e3o foi repassada pelo ministro da Defesa do pa\u00eds, Serguei Choigu, aos representantes pelos mesmos setores dos Estados Unidos, Reino Unido e Fran\u00e7a.<\/p>\n\n\n\n<p>&#8220;Agora \u00e9 assunto deles, se acreditam ou n\u00e3o&#8221;, disse Peskov.<\/p>\n\n\n\n<p>Al\u00e9m dos titulares da Defesa de EUA, Reino Unido e Fran\u00e7a, Choigu tamb\u00e9m conversou com o ministro da Turquia, para abordar &#8220;as preocupa\u00e7\u00f5es sobre as poss\u00edveis provoca\u00e7\u00f5es ucranianas, como o uso de uma &#8216;bomba suja'&#8221;.<\/p>\n\n\n\n<h2 class=\"wp-block-heading\">Ucr\u00e2nia desmente acusa\u00e7\u00f5es da R\u00fassia<\/h2>\n\n\n\n<p>A Ucr\u00e2nia desmentiu, em conversas com Estados Unidos e Fran\u00e7a, as acusa\u00e7\u00f5es da R\u00fassia de que h\u00e1 prepara\u00e7\u00e3o para utilizar o artefato no pr\u00f3prio territ\u00f3rio e garantiu que todas as instala\u00e7\u00f5es que mant\u00e9m est\u00e3o abertas para inspe\u00e7\u00f5es pertinentes.<\/p>\n\n\n\n<p>Em mensagem no Twitter, o ministro das Rela\u00e7\u00f5es Exteriores ucraniano, Dmytro Kuleba, disse ter conversado como secret\u00e1rio de Estado americano, Anthony Blinken.<\/p>\n\n\n\n<p>O chanceler garantiu que os dois concordaram que &#8220;a campanha de desinforma\u00e7\u00e3o da R\u00fassia sobre a &#8216;bomba suja&#8217; poderia ter como objetivo criar um pretexto para uma oposi\u00e7\u00e3o de falsa bandeira&#8221;.<\/p>\n\n\n\n<p>O ministro da Defesa da Ucr\u00e2nia, Oleksyi Reznikov, postou no Facebook, por sua vez, que &#8220;diferente de Moscou, o pa\u00eds sempre foi extremamente respons\u00e1vel em quest\u00f5es de seguran\u00e7a nuclear&#8221;.<\/p>\n\n\n\n<p>&#8220;Todas as nossas instala\u00e7\u00f5es nucleares est\u00e3o abertas para a OIEA (Ag\u00eancia Internacional de Energia At\u00f4mica). \u00c9 f\u00e1cil confirmar que as declara\u00e7\u00f5es russas s\u00e3o um disparate&#8221;, afirmou o integrante do regime de Kiev. <a href=\"https:\/\/efs.efeservicios.com\/\">EFE<\/a><\/p>\n","protected":false},"excerpt":{"rendered":"<p>Moscou (EFE).- A amea\u00e7a do poss\u00edvel uso de uma &#8220;bomba suja&#8221; pela Ucr\u00e2nia foi classificada nesta segunda-feira como &#8220;real&#8221; pelo governo da R\u00fassia, pouco depois do regime de Kiev negar taxativamente os planos. &#8220;O fato de existir desconfian\u00e7a das informa\u00e7\u00f5es fornecidas pelo lado russo n\u00e3o significa que a amea\u00e7a do uso de uma &#8216;bomba suja&#8217; &#8230; <a title=\"R\u00fassia diz que amea\u00e7a de Ucr\u00e2nia utilizar &#8220;bomba suja&#8221; \u00e9 real\" class=\"read-more\" href=\"https:\/\/pre.efe.com\/pt-br\/mundo-2\/2022-10-24\/russia-diz-que-ameaca-de-ucrania-utilizar-bomba-suja-e-real\/\" aria-label=\"Read more about R\u00fassia diz que amea\u00e7a de Ucr\u00e2nia utilizar &#8220;bomba suja&#8221; \u00e9 real\">Leia mais<\/a><\/p>\n","protected":false},"author":198164106,"featured_media":99450,"comment_status":"closed","ping_status":"closed","sticky":false,"template":"","format":"standard","meta":{"_acf_changed":false,"_jetpack_memberships_contains_paid_content":false,"footnotes":""},"categories":[123208,122141],"tags":[122791,122958,122792],"class_list":["post-136973","post","type-post","status-publish","format-standard","has-post-thumbnail","hentry","category-mundo-2","category-portada","tag-guerra-2","tag-russia-2","tag-ucrania-2","generate-columns","tablet-grid-50","mobile-grid-100","grid-parent","grid-50"],"acf":[],"yoast_head":"<!-- This site is optimized with the Yoast SEO Premium plugin v26.0 (Yoast SEO v27.4) - https:\/\/yoast.com\/product\/yoast-seo-premium-wordpress\/ -->\n<title>R\u00fassia diz que amea\u00e7a de Ucr\u00e2nia utilizar &quot;bomba suja&quot; \u00e9 real<\/title>\n<meta name=\"description\" content=\"A amea\u00e7a do poss\u00edvel uso de uma &quot;bomba suja&quot; pela Ucr\u00e2nia foi classificada como &quot;real&quot; pelo governo da R\u00fassia.\" \/>\n<meta name=\"robots\" content=\"noindex, follow\" \/>\n<meta property=\"og:locale\" content=\"pt_BR\" \/>\n<meta property=\"og:type\" content=\"article\" \/>\n<meta property=\"og:title\" content=\"R\u00fassia diz que amea\u00e7a de Ucr\u00e2nia utilizar &quot;bomba suja&quot; \u00e9 real - EFE\" \/>\n<meta property=\"og:description\" content=\"A amea\u00e7a do poss\u00edvel uso de uma &quot;bomba suja&quot; pela Ucr\u00e2nia foi classificada como &quot;real&quot; pelo governo da R\u00fassia.\" \/>\n<meta property=\"og:url\" content=\"https:\/\/pre.efe.com\/pt-br\/mundo-2\/2022-10-24\/russia-diz-que-ameaca-de-ucrania-utilizar-bomba-suja-e-real\/\" \/>\n<meta property=\"og:site_name\" content=\"EFE Noticias\" \/>\n<meta property=\"article:publisher\" content=\"https:\/\/www.facebook.com\/AgenciaEFEnoticias\/\" \/>\n<meta property=\"article:published_time\" content=\"2022-10-24T13:10:00+00:00\" \/>\n<meta property=\"article:modified_time\" content=\"2022-10-24T13:10:03+00:00\" \/>\n<meta property=\"og:image\" content=\"https:\/\/i0.wp.com\/efe.com\/\/srv\/htdocs\/wp-content\/uploads\/2022\/09\/PESKOV.jpg?fit=900%2C582&ssl=1\" \/>\n\t<meta property=\"og:image:width\" content=\"900\" \/>\n\t<meta property=\"og:image:height\" content=\"582\" \/>\n\t<meta property=\"og:image:type\" content=\"image\/jpeg\" \/>\n<meta name=\"author\" content=\"anachain\" \/>\n<meta name=\"twitter:card\" content=\"summary_large_image\" \/>\n<meta name=\"twitter:creator\" content=\"@efenoticias\" \/>\n<meta name=\"twitter:site\" content=\"@efenoticias\" \/>\n<script type=\"application\/ld+json\" class=\"yoast-schema-graph\">{\"@context\":\"https:\\\/\\\/schema.org\",\"@graph\":[{\"@type\":\"NewsArticle\",\"@id\":\"https:\\\/\\\/pre.efe.com\\\/pt-br\\\/mundo-2\\\/2022-10-24\\\/russia-diz-que-ameaca-de-ucrania-utilizar-bomba-suja-e-real\\\/#article\",\"isPartOf\":{\"@id\":\"https:\\\/\\\/pre.efe.com\\\/pt-br\\\/mundo-2\\\/2022-10-24\\\/russia-diz-que-ameaca-de-ucrania-utilizar-bomba-suja-e-real\\\/\"},\"author\":{\"name\":\"anachain\",\"@id\":\"https:\\\/\\\/pre.efe.com\\\/pt-br\\\/#\\\/schema\\\/person\\\/b19f23f210db552768f68a4b552b004f\"},\"headline\":\"R\u00fassia diz que amea\u00e7a de Ucr\u00e2nia utilizar &#8220;bomba suja&#8221; \u00e9 real\",\"datePublished\":\"2022-10-24T13:10:00+00:00\",\"dateModified\":\"2022-10-24T13:10:03+00:00\",\"mainEntityOfPage\":{\"@id\":\"https:\\\/\\\/pre.efe.com\\\/pt-br\\\/mundo-2\\\/2022-10-24\\\/russia-diz-que-ameaca-de-ucrania-utilizar-bomba-suja-e-real\\\/\"},\"wordCount\":367,\"publisher\":{\"@id\":\"https:\\\/\\\/pre.efe.com\\\/pt-br\\\/#organization\"},\"image\":{\"@id\":\"https:\\\/\\\/pre.efe.com\\\/pt-br\\\/mundo-2\\\/2022-10-24\\\/russia-diz-que-ameaca-de-ucrania-utilizar-bomba-suja-e-real\\\/#primaryimage\"},\"thumbnailUrl\":\"https:\\\/\\\/pre.efe.com\\\/wp-content\\\/uploads\\\/2022\\\/09\\\/PESKOV.jpg\",\"keywords\":[\"Guerra\",\"Russia\",\"Ucrania\"],\"articleSection\":[\"Mundo\",\"Portada\"],\"inLanguage\":\"pt-BR\",\"copyrightYear\":\"2022\",\"copyrightHolder\":{\"@id\":\"https:\\\/\\\/pre.efe.com\\\/#organization\"}},{\"@type\":[\"WebPage\",\"ItemPage\"],\"@id\":\"https:\\\/\\\/pre.efe.com\\\/pt-br\\\/mundo-2\\\/2022-10-24\\\/russia-diz-que-ameaca-de-ucrania-utilizar-bomba-suja-e-real\\\/\",\"url\":\"https:\\\/\\\/pre.efe.com\\\/pt-br\\\/mundo-2\\\/2022-10-24\\\/russia-diz-que-ameaca-de-ucrania-utilizar-bomba-suja-e-real\\\/\",\"name\":\"R\u00fassia diz que amea\u00e7a de Ucr\u00e2nia utilizar \\\"bomba suja\\\" \u00e9 real\",\"isPartOf\":{\"@id\":\"https:\\\/\\\/pre.efe.com\\\/pt-br\\\/#website\"},\"primaryImageOfPage\":{\"@id\":\"https:\\\/\\\/pre.efe.com\\\/pt-br\\\/mundo-2\\\/2022-10-24\\\/russia-diz-que-ameaca-de-ucrania-utilizar-bomba-suja-e-real\\\/#primaryimage\"},\"image\":{\"@id\":\"https:\\\/\\\/pre.efe.com\\\/pt-br\\\/mundo-2\\\/2022-10-24\\\/russia-diz-que-ameaca-de-ucrania-utilizar-bomba-suja-e-real\\\/#primaryimage\"},\"thumbnailUrl\":\"https:\\\/\\\/pre.efe.com\\\/wp-content\\\/uploads\\\/2022\\\/09\\\/PESKOV.jpg\",\"datePublished\":\"2022-10-24T13:10:00+00:00\",\"dateModified\":\"2022-10-24T13:10:03+00:00\",\"description\":\"A amea\u00e7a do poss\u00edvel uso de uma \\\"bomba suja\\\" pela Ucr\u00e2nia foi classificada como \\\"real\\\" pelo governo da R\u00fassia.\",\"breadcrumb\":{\"@id\":\"https:\\\/\\\/pre.efe.com\\\/pt-br\\\/mundo-2\\\/2022-10-24\\\/russia-diz-que-ameaca-de-ucrania-utilizar-bomba-suja-e-real\\\/#breadcrumb\"},\"inLanguage\":\"pt-BR\",\"potentialAction\":[{\"@type\":\"ReadAction\",\"target\":[\"https:\\\/\\\/pre.efe.com\\\/pt-br\\\/mundo-2\\\/2022-10-24\\\/russia-diz-que-ameaca-de-ucrania-utilizar-bomba-suja-e-real\\\/\"]}]},{\"@type\":\"ImageObject\",\"inLanguage\":\"pt-BR\",\"@id\":\"https:\\\/\\\/pre.efe.com\\\/pt-br\\\/mundo-2\\\/2022-10-24\\\/russia-diz-que-ameaca-de-ucrania-utilizar-bomba-suja-e-real\\\/#primaryimage\",\"url\":\"https:\\\/\\\/pre.efe.com\\\/wp-content\\\/uploads\\\/2022\\\/09\\\/PESKOV.jpg\",\"contentUrl\":\"https:\\\/\\\/pre.efe.com\\\/wp-content\\\/uploads\\\/2022\\\/09\\\/PESKOV.jpg\",\"width\":900,\"height\":582,\"caption\":\"O porta-voz da Presid\u00eancia da R\u00fassia, Dmitry Peskov. EFE\\\/Arquivo\"},{\"@type\":\"BreadcrumbList\",\"@id\":\"https:\\\/\\\/pre.efe.com\\\/pt-br\\\/mundo-2\\\/2022-10-24\\\/russia-diz-que-ameaca-de-ucrania-utilizar-bomba-suja-e-real\\\/#breadcrumb\",\"itemListElement\":[{\"@type\":\"ListItem\",\"position\":1,\"name\":\"Portada\",\"item\":\"https:\\\/\\\/pre.efe.com\\\/pt-br\\\/\"},{\"@type\":\"ListItem\",\"position\":2,\"name\":\"R\u00fassia diz que amea\u00e7a de Ucr\u00e2nia utilizar &#8220;bomba suja&#8221; \u00e9 real\"}]},{\"@type\":\"WebSite\",\"@id\":\"https:\\\/\\\/pre.efe.com\\\/pt-br\\\/#website\",\"url\":\"https:\\\/\\\/pre.efe.com\\\/pt-br\\\/\",\"name\":\"EFE Noticias\",\"description\":\"\",\"publisher\":{\"@id\":\"https:\\\/\\\/pre.efe.com\\\/pt-br\\\/#organization\"},\"potentialAction\":[{\"@type\":\"SearchAction\",\"target\":{\"@type\":\"EntryPoint\",\"urlTemplate\":\"https:\\\/\\\/pre.efe.com\\\/pt-br\\\/?s={search_term_string}\"},\"query-input\":{\"@type\":\"PropertyValueSpecification\",\"valueRequired\":true,\"valueName\":\"search_term_string\"}}],\"inLanguage\":\"pt-BR\"},{\"@type\":\"Organization\",\"@id\":\"https:\\\/\\\/pre.efe.com\\\/pt-br\\\/#organization\",\"name\":\"Agencia EFE\",\"url\":\"https:\\\/\\\/pre.efe.com\\\/pt-br\\\/\",\"logo\":{\"@type\":\"ImageObject\",\"inLanguage\":\"pt-BR\",\"@id\":\"https:\\\/\\\/pre.efe.com\\\/pt-br\\\/#\\\/schema\\\/logo\\\/image\\\/\",\"url\":\"https:\\\/\\\/pre.efe.com\\\/wp-content\\\/uploads\\\/2023\\\/06\\\/logo-efe-467.png\",\"contentUrl\":\"https:\\\/\\\/pre.efe.com\\\/wp-content\\\/uploads\\\/2023\\\/06\\\/logo-efe-467.png\",\"width\":467,\"height\":467,\"caption\":\"Agencia EFE\"},\"image\":{\"@id\":\"https:\\\/\\\/pre.efe.com\\\/pt-br\\\/#\\\/schema\\\/logo\\\/image\\\/\"},\"sameAs\":[\"https:\\\/\\\/www.facebook.com\\\/AgenciaEFEnoticias\\\/\",\"https:\\\/\\\/x.com\\\/efenoticias\",\"https:\\\/\\\/www.instagram.com\\\/efe_noticias\\\/\",\"http:\\\/\\\/www.youtube.com\\\/efe\"]},{\"@type\":\"Person\",\"@id\":\"https:\\\/\\\/pre.efe.com\\\/pt-br\\\/#\\\/schema\\\/person\\\/b19f23f210db552768f68a4b552b004f\",\"name\":\"anachain\",\"image\":{\"@type\":\"ImageObject\",\"inLanguage\":\"pt-BR\",\"@id\":\"https:\\\/\\\/secure.gravatar.com\\\/avatar\\\/30b83965911ef1108bb893c00bdd65c885f9890e1265ee04b02c3d5adc785d37?s=96&d=identicon&r=g\",\"url\":\"https:\\\/\\\/secure.gravatar.com\\\/avatar\\\/30b83965911ef1108bb893c00bdd65c885f9890e1265ee04b02c3d5adc785d37?s=96&d=identicon&r=g\",\"contentUrl\":\"https:\\\/\\\/secure.gravatar.com\\\/avatar\\\/30b83965911ef1108bb893c00bdd65c885f9890e1265ee04b02c3d5adc785d37?s=96&d=identicon&r=g\",\"caption\":\"anachain\"},\"url\":\"https:\\\/\\\/pre.efe.com\\\/pt-br\\\/autor\\\/anachain\\\/\"}]}<\/script>\n<!-- \/ Yoast SEO Premium plugin. -->","yoast_head_json":{"title":"R\u00fassia diz que amea\u00e7a de Ucr\u00e2nia utilizar \"bomba suja\" \u00e9 real","description":"A amea\u00e7a do poss\u00edvel uso de uma \"bomba suja\" pela Ucr\u00e2nia foi classificada como \"real\" pelo governo da R\u00fassia.","robots":{"index":"noindex","follow":"follow"},"og_locale":"pt_BR","og_type":"article","og_title":"R\u00fassia diz que amea\u00e7a de Ucr\u00e2nia utilizar \"bomba suja\" \u00e9 real - EFE","og_description":"A amea\u00e7a do poss\u00edvel uso de uma \"bomba suja\" pela Ucr\u00e2nia foi classificada como \"real\" pelo governo da R\u00fassia.","og_url":"https:\/\/pre.efe.com\/pt-br\/mundo-2\/2022-10-24\/russia-diz-que-ameaca-de-ucrania-utilizar-bomba-suja-e-real\/","og_site_name":"EFE Noticias","article_publisher":"https:\/\/www.facebook.com\/AgenciaEFEnoticias\/","article_published_time":"2022-10-24T13:10:00+00:00","article_modified_time":"2022-10-24T13:10:03+00:00","og_image":[{"width":900,"height":582,"url":"https:\/\/i0.wp.com\/efe.com\/\/srv\/htdocs\/wp-content\/uploads\/2022\/09\/PESKOV.jpg?fit=900%2C582&ssl=1","type":"image\/jpeg"}],"author":"anachain","twitter_card":"summary_large_image","twitter_creator":"@efenoticias","twitter_site":"@efenoticias","schema":{"@context":"https:\/\/schema.org","@graph":[{"@type":"NewsArticle","@id":"https:\/\/pre.efe.com\/pt-br\/mundo-2\/2022-10-24\/russia-diz-que-ameaca-de-ucrania-utilizar-bomba-suja-e-real\/#article","isPartOf":{"@id":"https:\/\/pre.efe.com\/pt-br\/mundo-2\/2022-10-24\/russia-diz-que-ameaca-de-ucrania-utilizar-bomba-suja-e-real\/"},"author":{"name":"anachain","@id":"https:\/\/pre.efe.com\/pt-br\/#\/schema\/person\/b19f23f210db552768f68a4b552b004f"},"headline":"R\u00fassia diz que amea\u00e7a de Ucr\u00e2nia utilizar &#8220;bomba suja&#8221; \u00e9 real","datePublished":"2022-10-24T13:10:00+00:00","dateModified":"2022-10-24T13:10:03+00:00","mainEntityOfPage":{"@id":"https:\/\/pre.efe.com\/pt-br\/mundo-2\/2022-10-24\/russia-diz-que-ameaca-de-ucrania-utilizar-bomba-suja-e-real\/"},"wordCount":367,"publisher":{"@id":"https:\/\/pre.efe.com\/pt-br\/#organization"},"image":{"@id":"https:\/\/pre.efe.com\/pt-br\/mundo-2\/2022-10-24\/russia-diz-que-ameaca-de-ucrania-utilizar-bomba-suja-e-real\/#primaryimage"},"thumbnailUrl":"https:\/\/pre.efe.com\/wp-content\/uploads\/2022\/09\/PESKOV.jpg","keywords":["Guerra","Russia","Ucrania"],"articleSection":["Mundo","Portada"],"inLanguage":"pt-BR","copyrightYear":"2022","copyrightHolder":{"@id":"https:\/\/pre.efe.com\/#organization"}},{"@type":["WebPage","ItemPage"],"@id":"https:\/\/pre.efe.com\/pt-br\/mundo-2\/2022-10-24\/russia-diz-que-ameaca-de-ucrania-utilizar-bomba-suja-e-real\/","url":"https:\/\/pre.efe.com\/pt-br\/mundo-2\/2022-10-24\/russia-diz-que-ameaca-de-ucrania-utilizar-bomba-suja-e-real\/","name":"R\u00fassia diz que amea\u00e7a de Ucr\u00e2nia utilizar \"bomba suja\" \u00e9 real","isPartOf":{"@id":"https:\/\/pre.efe.com\/pt-br\/#website"},"primaryImageOfPage":{"@id":"https:\/\/pre.efe.com\/pt-br\/mundo-2\/2022-10-24\/russia-diz-que-ameaca-de-ucrania-utilizar-bomba-suja-e-real\/#primaryimage"},"image":{"@id":"https:\/\/pre.efe.com\/pt-br\/mundo-2\/2022-10-24\/russia-diz-que-ameaca-de-ucrania-utilizar-bomba-suja-e-real\/#primaryimage"},"thumbnailUrl":"https:\/\/pre.efe.com\/wp-content\/uploads\/2022\/09\/PESKOV.jpg","datePublished":"2022-10-24T13:10:00+00:00","dateModified":"2022-10-24T13:10:03+00:00","description":"A amea\u00e7a do poss\u00edvel uso de uma \"bomba suja\" pela Ucr\u00e2nia foi classificada como \"real\" pelo governo da R\u00fassia.","breadcrumb":{"@id":"https:\/\/pre.efe.com\/pt-br\/mundo-2\/2022-10-24\/russia-diz-que-ameaca-de-ucrania-utilizar-bomba-suja-e-real\/#breadcrumb"},"inLanguage":"pt-BR","potentialAction":[{"@type":"ReadAction","target":["https:\/\/pre.efe.com\/pt-br\/mundo-2\/2022-10-24\/russia-diz-que-ameaca-de-ucrania-utilizar-bomba-suja-e-real\/"]}]},{"@type":"ImageObject","inLanguage":"pt-BR","@id":"https:\/\/pre.efe.com\/pt-br\/mundo-2\/2022-10-24\/russia-diz-que-ameaca-de-ucrania-utilizar-bomba-suja-e-real\/#primaryimage","url":"https:\/\/pre.efe.com\/wp-content\/uploads\/2022\/09\/PESKOV.jpg","contentUrl":"https:\/\/pre.efe.com\/wp-content\/uploads\/2022\/09\/PESKOV.jpg","width":900,"height":582,"caption":"O porta-voz da Presid\u00eancia da R\u00fassia, Dmitry Peskov. EFE\/Arquivo"},{"@type":"BreadcrumbList","@id":"https:\/\/pre.efe.com\/pt-br\/mundo-2\/2022-10-24\/russia-diz-que-ameaca-de-ucrania-utilizar-bomba-suja-e-real\/#breadcrumb","itemListElement":[{"@type":"ListItem","position":1,"name":"Portada","item":"https:\/\/pre.efe.com\/pt-br\/"},{"@type":"ListItem","position":2,"name":"R\u00fassia diz que amea\u00e7a de Ucr\u00e2nia utilizar &#8220;bomba suja&#8221; \u00e9 real"}]},{"@type":"WebSite","@id":"https:\/\/pre.efe.com\/pt-br\/#website","url":"https:\/\/pre.efe.com\/pt-br\/","name":"EFE Noticias","description":"","publisher":{"@id":"https:\/\/pre.efe.com\/pt-br\/#organization"},"potentialAction":[{"@type":"SearchAction","target":{"@type":"EntryPoint","urlTemplate":"https:\/\/pre.efe.com\/pt-br\/?s={search_term_string}"},"query-input":{"@type":"PropertyValueSpecification","valueRequired":true,"valueName":"search_term_string"}}],"inLanguage":"pt-BR"},{"@type":"Organization","@id":"https:\/\/pre.efe.com\/pt-br\/#organization","name":"Agencia EFE","url":"https:\/\/pre.efe.com\/pt-br\/","logo":{"@type":"ImageObject","inLanguage":"pt-BR","@id":"https:\/\/pre.efe.com\/pt-br\/#\/schema\/logo\/image\/","url":"https:\/\/pre.efe.com\/wp-content\/uploads\/2023\/06\/logo-efe-467.png","contentUrl":"https:\/\/pre.efe.com\/wp-content\/uploads\/2023\/06\/logo-efe-467.png","width":467,"height":467,"caption":"Agencia EFE"},"image":{"@id":"https:\/\/pre.efe.com\/pt-br\/#\/schema\/logo\/image\/"},"sameAs":["https:\/\/www.facebook.com\/AgenciaEFEnoticias\/","https:\/\/x.com\/efenoticias","https:\/\/www.instagram.com\/efe_noticias\/","http:\/\/www.youtube.com\/efe"]},{"@type":"Person","@id":"https:\/\/pre.efe.com\/pt-br\/#\/schema\/person\/b19f23f210db552768f68a4b552b004f","name":"anachain","image":{"@type":"ImageObject","inLanguage":"pt-BR","@id":"https:\/\/secure.gravatar.com\/avatar\/30b83965911ef1108bb893c00bdd65c885f9890e1265ee04b02c3d5adc785d37?s=96&d=identicon&r=g","url":"https:\/\/secure.gravatar.com\/avatar\/30b83965911ef1108bb893c00bdd65c885f9890e1265ee04b02c3d5adc785d37?s=96&d=identicon&r=g","contentUrl":"https:\/\/secure.gravatar.com\/avatar\/30b83965911ef1108bb893c00bdd65c885f9890e1265ee04b02c3d5adc785d37?s=96&d=identicon&r=g","caption":"anachain"},"url":"https:\/\/pre.efe.com\/pt-br\/autor\/anachain\/"}]}},"jetpack_featured_media_url":"https:\/\/pre.efe.com\/wp-content\/uploads\/2022\/09\/PESKOV.jpg","jetpack_shortlink":"https:\/\/wp.me\/peJvHm-zDf","jetpack_sharing_enabled":true,"_links":{"self":[{"href":"https:\/\/pre.efe.com\/pt-br\/wp-json\/wp\/v2\/posts\/136973","targetHints":{"allow":["GET"]}}],"collection":[{"href":"https:\/\/pre.efe.com\/pt-br\/wp-json\/wp\/v2\/posts"}],"about":[{"href":"https:\/\/pre.efe.com\/pt-br\/wp-json\/wp\/v2\/types\/post"}],"author":[{"embeddable":true,"href":"https:\/\/pre.efe.com\/pt-br\/wp-json\/wp\/v2\/users\/198164106"}],"replies":[{"embeddable":true,"href":"https:\/\/pre.efe.com\/pt-br\/wp-json\/wp\/v2\/comments?post=136973"}],"version-history":[{"count":2,"href":"https:\/\/pre.efe.com\/pt-br\/wp-json\/wp\/v2\/posts\/136973\/revisions"}],"predecessor-version":[{"id":136980,"href":"https:\/\/pre.efe.com\/pt-br\/wp-json\/wp\/v2\/posts\/136973\/revisions\/136980"}],"wp:featuredmedia":[{"embeddable":true,"href":"https:\/\/pre.efe.com\/pt-br\/wp-json\/wp\/v2\/media\/99450"}],"wp:attachment":[{"href":"https:\/\/pre.efe.com\/pt-br\/wp-json\/wp\/v2\/media?parent=136973"}],"wp:term":[{"taxonomy":"category","embeddable":true,"href":"https:\/\/pre.efe.com\/pt-br\/wp-json\/wp\/v2\/categories?post=136973"},{"taxonomy":"post_tag","embeddable":true,"href":"https:\/\/pre.efe.com\/pt-br\/wp-json\/wp\/v2\/tags?post=136973"}],"curies":[{"name":"wp","href":"https:\/\/api.w.org\/{rel}","templated":true}]}}