{"id":1393787,"date":"2024-10-02T18:21:00","date_gmt":"2024-10-02T16:21:00","guid":{"rendered":"https:\/\/pre.efe.com\/?p=1393787"},"modified":"2024-10-09T20:31:11","modified_gmt":"2024-10-09T18:31:11","slug":"favelas-brasileiras-combatem-crise-climatica-com-solucoes-proprias","status":"publish","type":"post","link":"https:\/\/pre.efe.com\/pt-br\/mundo-2\/2024-10-02\/favelas-brasileiras-combatem-crise-climatica-com-solucoes-proprias\/","title":{"rendered":"Favelas brasileiras combatem crise clim\u00e1tica com solu\u00e7\u00f5es pr\u00f3prias"},"content":{"rendered":"\n<p>S\u00e3o Paulo (EFE) &#8211; As favelas do Brasil, onde vivem cerca de 20 milh\u00f5es de pessoas, h\u00e1 anos sentem os efeitos de uma crise clim\u00e1tica que obrigou seus moradores a criar suas pr\u00f3prias iniciativas sustent\u00e1veis diante do descaso do Estado.<\/p>\n\n\n\n<p>\u201cA temperatura nas favelas \u00e9 muito mais alta no ver\u00e3o. Enquanto a cidade est\u00e1 a 30 graus Celsius, em Parais\u00f3polis (segunda maior favela de S\u00e3o Paulo) chega a 39\u201d, afirmou Gilson Rodrigues, presidente da organiza\u00e7\u00e3o G10 Favelas, no 2\u00ba F\u00f3rum Latino-Americano de Economia Verde, organizado pela Ag\u00eancia EFE.<\/p>\n\n\n\n<p>Os tijolos das casas a c\u00e9u aberto, as cal\u00e7adas de cimento e os telhados de metal transformam muitas das favelas em verdadeiras saunas, em um contexto em que as ondas de calor s\u00e3o cada vez mais frequentes no pa\u00eds.<\/p>\n\n\n\n<p>A falta de saneamento tamb\u00e9m faz com que as favelas corram o risco de inunda\u00e7\u00f5es durante a esta\u00e7\u00e3o das chuvas.<\/p>\n\n\n\n<p>\u201cSomos marginalizados pelos servi\u00e7os que n\u00e3o chegam\u201d, criticou Rodrigues, cuja fam\u00edlia vive em Parais\u00f3polis h\u00e1 70 anos, ap\u00f3s fugir da seca no estado da Bahia.<\/p>\n\n\n\n<p>Nesse cen\u00e1rio, o G10 Favelas, uma organiza\u00e7\u00e3o sem fins lucrativos que re\u00fane l\u00edderes e empreendedores dessas favelas extremamente vulner\u00e1veis, tem agido \u00e0 revelia do poder p\u00fablico.<\/p>\n\n\n\n<h2 class=\"wp-block-heading\" id=\"h-um-horta-no-meio-da-favela\">Um horta no meio da favela<\/h2>\n\n\n\n<p>Uma das iniciativas apresentadas por Rodrigues no f\u00f3rum \u00e9 a \u201cAgrofavela-Refazenda\u201d, uma horta de 900 metros quadrados, um o\u00e1sis no meio de Parais\u00f3polis, que tamb\u00e9m capacita \u201cagricultores urbanos\u201d por meio de um curso de treinamento para mulheres, muitas delas v\u00edtimas de viol\u00eancia de g\u00eanero.<\/p>\n\n\n\n<p>Os alimentos produzidos de forma sustent\u00e1vel tamb\u00e9m s\u00e3o utilizados em outro projeto, o \u201cM\u00e3os de Maria\u201d, que por sua vez produz panelas para fam\u00edlias em situa\u00e7\u00e3o de inseguran\u00e7a alimentar.<\/p>\n\n\n\n<p>Outro projeto sugere a inclus\u00e3o de pequenas hortas e lotes individuais em telhados de tijolos e concreto aparente.<\/p>\n\n\n\n<p>\u201cEstamos criando solu\u00e7\u00f5es para podermos dizer que funciona\u201d, disse Rodrigues. Assim, Parais\u00f3polis se tornou um laborat\u00f3rio de ideias do qual surgiram cerca de 50 iniciativas financeiras, de comunica\u00e7\u00e3o, log\u00edstica, agricultura, constru\u00e7\u00e3o e reciclagem.<\/p>\n\n\n\n<p>Nessa \u00faltima, implementaram o programa \u201cCosturando Sonhos\u201d, que capacita mulheres em moda por meio da reciclagem de pe\u00e7as de vestu\u00e1rio, como uniformes de bancos, companhias el\u00e9tricas e companhias a\u00e9reas. Suas cria\u00e7\u00f5es j\u00e1 foram expostas em Mil\u00e3o, por exemplo.<\/p>\n\n\n\n<p>\u201cExiste uma alternativa, elas est\u00e3o fazendo isso e est\u00e3o ganhando dinheiro\u201d, declarou Rodrigues.<\/p>\n\n\n\n<p>Por sua vez, Claudio Providas, representante do Programa das Na\u00e7\u00f5es Unidas para o Desenvolvimento (PNUD) no Brasil, presente no painel, pediu \u00e0s autoridades que \u201celevem o n\u00edvel de ambi\u00e7\u00e3o, acelerem as pol\u00edticas p\u00fablicas\u201d e, assim, transformem realidades como a de Parais\u00f3polis.<\/p>\n\n\n\n<p>\u201cA mudan\u00e7a clim\u00e1tica afeta de forma desigual\u201d e impacta especialmente \u201cos pobres e aqueles com poucos recursos\u201d, afirmou.<\/p>\n\n\n\n<p>O 2\u00ba F\u00f3rum Latino-Americano de Economia Verde reuniu especialistas e l\u00edderes regionais em S\u00e3o Paulo na ter\u00e7a e quarta-feira para discutir pol\u00edticas inovadoras, a urg\u00eancia de reduzir as emiss\u00f5es de carbono e oportunidades de investimento sustent\u00e1vel.<\/p>\n\n\n\n<p>O f\u00f3rum \u00e9 patrocinado pela Ag\u00eancia Brasileira de Promo\u00e7\u00e3o de Exporta\u00e7\u00f5es e Investimentos (ApexBrasil), e pela empresa Norte Energia, e conta com o apoio da Vivo e da C\u00e2mara Espanhola de Com\u00e9rcio no Brasil. EFE<\/p>\n","protected":false},"excerpt":{"rendered":"<p>S\u00e3o Paulo (EFE) &#8211; As favelas do Brasil, onde vivem cerca de 20 milh\u00f5es de pessoas, h\u00e1 anos sentem os efeitos de uma crise clim\u00e1tica que obrigou seus moradores a criar suas pr\u00f3prias iniciativas sustent\u00e1veis diante do descaso do Estado. \u201cA temperatura nas favelas \u00e9 muito mais alta no ver\u00e3o. Enquanto a cidade est\u00e1 a &#8230; <a title=\"Favelas brasileiras combatem crise clim\u00e1tica com solu\u00e7\u00f5es pr\u00f3prias\" class=\"read-more\" href=\"https:\/\/pre.efe.com\/pt-br\/mundo-2\/2024-10-02\/favelas-brasileiras-combatem-crise-climatica-com-solucoes-proprias\/\" aria-label=\"Read more about Favelas brasileiras combatem crise clim\u00e1tica com solu\u00e7\u00f5es pr\u00f3prias\">Leia mais<\/a><\/p>\n","protected":false},"author":198164106,"featured_media":1393793,"comment_status":"closed","ping_status":"closed","sticky":false,"template":"","format":"standard","meta":{"_acf_changed":false,"_jetpack_memberships_contains_paid_content":false,"footnotes":""},"categories":[123208,122144],"tags":[125308],"class_list":["post-1393787","post","type-post","status-publish","format-standard","has-post-thumbnail","hentry","category-mundo-2","category-outras-noticias","tag-sustentabilidade","generate-columns","tablet-grid-50","mobile-grid-100","grid-parent","grid-50"],"acf":[],"yoast_head":"<!-- This site is optimized with the Yoast SEO Premium plugin v26.0 (Yoast SEO v27.5) - https:\/\/yoast.com\/product\/yoast-seo-premium-wordpress\/ -->\n<title>Favelas brasileiras combatem crise clim\u00e1tica com solu\u00e7\u00f5es pr\u00f3prias - EFE<\/title>\n<meta name=\"robots\" content=\"noindex, follow\" \/>\n<meta property=\"og:locale\" content=\"pt_BR\" \/>\n<meta property=\"og:type\" content=\"article\" \/>\n<meta property=\"og:title\" content=\"Favelas brasileiras combatem crise clim\u00e1tica com solu\u00e7\u00f5es pr\u00f3prias - EFE\" \/>\n<meta property=\"og:description\" content=\"S\u00e3o Paulo (EFE) &#8211; As favelas do Brasil, onde vivem cerca de 20 milh\u00f5es de pessoas, h\u00e1 anos sentem os efeitos de uma crise clim\u00e1tica que obrigou seus moradores a criar suas pr\u00f3prias iniciativas sustent\u00e1veis diante do descaso do Estado. \u201cA temperatura nas favelas \u00e9 muito mais alta no ver\u00e3o. Enquanto a cidade est\u00e1 a ... Leia mais\" \/>\n<meta property=\"og:url\" content=\"https:\/\/pre.efe.com\/pt-br\/mundo-2\/2024-10-02\/favelas-brasileiras-combatem-crise-climatica-com-solucoes-proprias\/\" \/>\n<meta property=\"og:site_name\" content=\"EFE Noticias\" \/>\n<meta property=\"article:publisher\" content=\"https:\/\/www.facebook.com\/AgenciaEFEnoticias\/\" \/>\n<meta property=\"article:published_time\" content=\"2024-10-02T16:21:00+00:00\" \/>\n<meta property=\"article:modified_time\" content=\"2024-10-09T18:31:11+00:00\" \/>\n<meta property=\"og:image\" content=\"https:\/\/i0.wp.com\/efe.com\/\/srv\/htdocs\/wp-content\/uploads\/2024\/10\/94f936a2f29947935045639e8a5e3404e029ec7ew.jpg?fit=1920%2C1280&ssl=1\" \/>\n\t<meta property=\"og:image:width\" content=\"1920\" \/>\n\t<meta property=\"og:image:height\" content=\"1280\" \/>\n\t<meta property=\"og:image:type\" content=\"image\/jpeg\" \/>\n<meta name=\"author\" content=\"anachain\" \/>\n<meta name=\"twitter:card\" content=\"summary_large_image\" \/>\n<meta name=\"twitter:creator\" content=\"@efenoticias\" \/>\n<meta name=\"twitter:site\" content=\"@efenoticias\" \/>\n<script type=\"application\/ld+json\" class=\"yoast-schema-graph\">{\"@context\":\"https:\\\/\\\/schema.org\",\"@graph\":[{\"@type\":\"NewsArticle\",\"@id\":\"https:\\\/\\\/pre.efe.com\\\/pt-br\\\/mundo-2\\\/2024-10-02\\\/favelas-brasileiras-combatem-crise-climatica-com-solucoes-proprias\\\/#article\",\"isPartOf\":{\"@id\":\"https:\\\/\\\/pre.efe.com\\\/pt-br\\\/mundo-2\\\/2024-10-02\\\/favelas-brasileiras-combatem-crise-climatica-com-solucoes-proprias\\\/\"},\"author\":{\"name\":\"anachain\",\"@id\":\"https:\\\/\\\/pre.efe.com\\\/pt-br\\\/#\\\/schema\\\/person\\\/b19f23f210db552768f68a4b552b004f\"},\"headline\":\"Favelas brasileiras combatem crise clim\u00e1tica com solu\u00e7\u00f5es pr\u00f3prias\",\"datePublished\":\"2024-10-02T16:21:00+00:00\",\"dateModified\":\"2024-10-09T18:31:11+00:00\",\"mainEntityOfPage\":{\"@id\":\"https:\\\/\\\/pre.efe.com\\\/pt-br\\\/mundo-2\\\/2024-10-02\\\/favelas-brasileiras-combatem-crise-climatica-com-solucoes-proprias\\\/\"},\"wordCount\":588,\"publisher\":{\"@id\":\"https:\\\/\\\/pre.efe.com\\\/pt-br\\\/#organization\"},\"image\":{\"@id\":\"https:\\\/\\\/pre.efe.com\\\/pt-br\\\/mundo-2\\\/2024-10-02\\\/favelas-brasileiras-combatem-crise-climatica-com-solucoes-proprias\\\/#primaryimage\"},\"thumbnailUrl\":\"https:\\\/\\\/pre.efe.com\\\/wp-content\\\/uploads\\\/2024\\\/10\\\/94f936a2f29947935045639e8a5e3404e029ec7ew.jpg\",\"keywords\":[\"Sustentabilidade\"],\"articleSection\":[\"Mundo\",\"Outras not\u00edcias\"],\"inLanguage\":\"pt-BR\",\"copyrightYear\":\"2024\",\"copyrightHolder\":{\"@id\":\"https:\\\/\\\/pre.efe.com\\\/#organization\"}},{\"@type\":[\"WebPage\",\"ItemPage\"],\"@id\":\"https:\\\/\\\/pre.efe.com\\\/pt-br\\\/mundo-2\\\/2024-10-02\\\/favelas-brasileiras-combatem-crise-climatica-com-solucoes-proprias\\\/\",\"url\":\"https:\\\/\\\/pre.efe.com\\\/pt-br\\\/mundo-2\\\/2024-10-02\\\/favelas-brasileiras-combatem-crise-climatica-com-solucoes-proprias\\\/\",\"name\":\"Favelas brasileiras combatem crise clim\u00e1tica com solu\u00e7\u00f5es pr\u00f3prias - EFE\",\"isPartOf\":{\"@id\":\"https:\\\/\\\/pre.efe.com\\\/pt-br\\\/#website\"},\"primaryImageOfPage\":{\"@id\":\"https:\\\/\\\/pre.efe.com\\\/pt-br\\\/mundo-2\\\/2024-10-02\\\/favelas-brasileiras-combatem-crise-climatica-com-solucoes-proprias\\\/#primaryimage\"},\"image\":{\"@id\":\"https:\\\/\\\/pre.efe.com\\\/pt-br\\\/mundo-2\\\/2024-10-02\\\/favelas-brasileiras-combatem-crise-climatica-com-solucoes-proprias\\\/#primaryimage\"},\"thumbnailUrl\":\"https:\\\/\\\/pre.efe.com\\\/wp-content\\\/uploads\\\/2024\\\/10\\\/94f936a2f29947935045639e8a5e3404e029ec7ew.jpg\",\"datePublished\":\"2024-10-02T16:21:00+00:00\",\"dateModified\":\"2024-10-09T18:31:11+00:00\",\"breadcrumb\":{\"@id\":\"https:\\\/\\\/pre.efe.com\\\/pt-br\\\/mundo-2\\\/2024-10-02\\\/favelas-brasileiras-combatem-crise-climatica-com-solucoes-proprias\\\/#breadcrumb\"},\"inLanguage\":\"pt-BR\",\"potentialAction\":[{\"@type\":\"ReadAction\",\"target\":[\"https:\\\/\\\/pre.efe.com\\\/pt-br\\\/mundo-2\\\/2024-10-02\\\/favelas-brasileiras-combatem-crise-climatica-com-solucoes-proprias\\\/\"]}]},{\"@type\":\"ImageObject\",\"inLanguage\":\"pt-BR\",\"@id\":\"https:\\\/\\\/pre.efe.com\\\/pt-br\\\/mundo-2\\\/2024-10-02\\\/favelas-brasileiras-combatem-crise-climatica-com-solucoes-proprias\\\/#primaryimage\",\"url\":\"https:\\\/\\\/pre.efe.com\\\/wp-content\\\/uploads\\\/2024\\\/10\\\/94f936a2f29947935045639e8a5e3404e029ec7ew.jpg\",\"contentUrl\":\"https:\\\/\\\/pre.efe.com\\\/wp-content\\\/uploads\\\/2024\\\/10\\\/94f936a2f29947935045639e8a5e3404e029ec7ew.jpg\",\"width\":1920,\"height\":1280},{\"@type\":\"BreadcrumbList\",\"@id\":\"https:\\\/\\\/pre.efe.com\\\/pt-br\\\/mundo-2\\\/2024-10-02\\\/favelas-brasileiras-combatem-crise-climatica-com-solucoes-proprias\\\/#breadcrumb\",\"itemListElement\":[{\"@type\":\"ListItem\",\"position\":1,\"name\":\"Portada\",\"item\":\"https:\\\/\\\/pre.efe.com\\\/pt-br\\\/\"},{\"@type\":\"ListItem\",\"position\":2,\"name\":\"Favelas brasileiras combatem crise clim\u00e1tica com solu\u00e7\u00f5es pr\u00f3prias\"}]},{\"@type\":\"WebSite\",\"@id\":\"https:\\\/\\\/pre.efe.com\\\/pt-br\\\/#website\",\"url\":\"https:\\\/\\\/pre.efe.com\\\/pt-br\\\/\",\"name\":\"EFE Noticias\",\"description\":\"\",\"publisher\":{\"@id\":\"https:\\\/\\\/pre.efe.com\\\/pt-br\\\/#organization\"},\"potentialAction\":[{\"@type\":\"SearchAction\",\"target\":{\"@type\":\"EntryPoint\",\"urlTemplate\":\"https:\\\/\\\/pre.efe.com\\\/pt-br\\\/?s={search_term_string}\"},\"query-input\":{\"@type\":\"PropertyValueSpecification\",\"valueRequired\":true,\"valueName\":\"search_term_string\"}}],\"inLanguage\":\"pt-BR\"},{\"@type\":\"Organization\",\"@id\":\"https:\\\/\\\/pre.efe.com\\\/pt-br\\\/#organization\",\"name\":\"Agencia EFE\",\"url\":\"https:\\\/\\\/pre.efe.com\\\/pt-br\\\/\",\"logo\":{\"@type\":\"ImageObject\",\"inLanguage\":\"pt-BR\",\"@id\":\"https:\\\/\\\/pre.efe.com\\\/pt-br\\\/#\\\/schema\\\/logo\\\/image\\\/\",\"url\":\"https:\\\/\\\/pre.efe.com\\\/wp-content\\\/uploads\\\/2023\\\/06\\\/logo-efe-467.png\",\"contentUrl\":\"https:\\\/\\\/pre.efe.com\\\/wp-content\\\/uploads\\\/2023\\\/06\\\/logo-efe-467.png\",\"width\":467,\"height\":467,\"caption\":\"Agencia EFE\"},\"image\":{\"@id\":\"https:\\\/\\\/pre.efe.com\\\/pt-br\\\/#\\\/schema\\\/logo\\\/image\\\/\"},\"sameAs\":[\"https:\\\/\\\/www.facebook.com\\\/AgenciaEFEnoticias\\\/\",\"https:\\\/\\\/x.com\\\/efenoticias\",\"https:\\\/\\\/www.instagram.com\\\/efe_noticias\\\/\",\"http:\\\/\\\/www.youtube.com\\\/efe\"]},{\"@type\":\"Person\",\"@id\":\"https:\\\/\\\/pre.efe.com\\\/pt-br\\\/#\\\/schema\\\/person\\\/b19f23f210db552768f68a4b552b004f\",\"name\":\"anachain\",\"image\":{\"@type\":\"ImageObject\",\"inLanguage\":\"pt-BR\",\"@id\":\"https:\\\/\\\/secure.gravatar.com\\\/avatar\\\/30b83965911ef1108bb893c00bdd65c885f9890e1265ee04b02c3d5adc785d37?s=96&d=identicon&r=g\",\"url\":\"https:\\\/\\\/secure.gravatar.com\\\/avatar\\\/30b83965911ef1108bb893c00bdd65c885f9890e1265ee04b02c3d5adc785d37?s=96&d=identicon&r=g\",\"contentUrl\":\"https:\\\/\\\/secure.gravatar.com\\\/avatar\\\/30b83965911ef1108bb893c00bdd65c885f9890e1265ee04b02c3d5adc785d37?s=96&d=identicon&r=g\",\"caption\":\"anachain\"},\"url\":\"https:\\\/\\\/pre.efe.com\\\/pt-br\\\/autor\\\/anachain\\\/\"}]}<\/script>\n<!-- \/ Yoast SEO Premium plugin. -->","yoast_head_json":{"title":"Favelas brasileiras combatem crise clim\u00e1tica com solu\u00e7\u00f5es pr\u00f3prias - EFE","robots":{"index":"noindex","follow":"follow"},"og_locale":"pt_BR","og_type":"article","og_title":"Favelas brasileiras combatem crise clim\u00e1tica com solu\u00e7\u00f5es pr\u00f3prias - EFE","og_description":"S\u00e3o Paulo (EFE) &#8211; As favelas do Brasil, onde vivem cerca de 20 milh\u00f5es de pessoas, h\u00e1 anos sentem os efeitos de uma crise clim\u00e1tica que obrigou seus moradores a criar suas pr\u00f3prias iniciativas sustent\u00e1veis diante do descaso do Estado. \u201cA temperatura nas favelas \u00e9 muito mais alta no ver\u00e3o. Enquanto a cidade est\u00e1 a ... Leia mais","og_url":"https:\/\/pre.efe.com\/pt-br\/mundo-2\/2024-10-02\/favelas-brasileiras-combatem-crise-climatica-com-solucoes-proprias\/","og_site_name":"EFE Noticias","article_publisher":"https:\/\/www.facebook.com\/AgenciaEFEnoticias\/","article_published_time":"2024-10-02T16:21:00+00:00","article_modified_time":"2024-10-09T18:31:11+00:00","og_image":[{"width":1920,"height":1280,"url":"https:\/\/i0.wp.com\/efe.com\/\/srv\/htdocs\/wp-content\/uploads\/2024\/10\/94f936a2f29947935045639e8a5e3404e029ec7ew.jpg?fit=1920%2C1280&ssl=1","type":"image\/jpeg"}],"author":"anachain","twitter_card":"summary_large_image","twitter_creator":"@efenoticias","twitter_site":"@efenoticias","schema":{"@context":"https:\/\/schema.org","@graph":[{"@type":"NewsArticle","@id":"https:\/\/pre.efe.com\/pt-br\/mundo-2\/2024-10-02\/favelas-brasileiras-combatem-crise-climatica-com-solucoes-proprias\/#article","isPartOf":{"@id":"https:\/\/pre.efe.com\/pt-br\/mundo-2\/2024-10-02\/favelas-brasileiras-combatem-crise-climatica-com-solucoes-proprias\/"},"author":{"name":"anachain","@id":"https:\/\/pre.efe.com\/pt-br\/#\/schema\/person\/b19f23f210db552768f68a4b552b004f"},"headline":"Favelas brasileiras combatem crise clim\u00e1tica com solu\u00e7\u00f5es pr\u00f3prias","datePublished":"2024-10-02T16:21:00+00:00","dateModified":"2024-10-09T18:31:11+00:00","mainEntityOfPage":{"@id":"https:\/\/pre.efe.com\/pt-br\/mundo-2\/2024-10-02\/favelas-brasileiras-combatem-crise-climatica-com-solucoes-proprias\/"},"wordCount":588,"publisher":{"@id":"https:\/\/pre.efe.com\/pt-br\/#organization"},"image":{"@id":"https:\/\/pre.efe.com\/pt-br\/mundo-2\/2024-10-02\/favelas-brasileiras-combatem-crise-climatica-com-solucoes-proprias\/#primaryimage"},"thumbnailUrl":"https:\/\/pre.efe.com\/wp-content\/uploads\/2024\/10\/94f936a2f29947935045639e8a5e3404e029ec7ew.jpg","keywords":["Sustentabilidade"],"articleSection":["Mundo","Outras not\u00edcias"],"inLanguage":"pt-BR","copyrightYear":"2024","copyrightHolder":{"@id":"https:\/\/pre.efe.com\/#organization"}},{"@type":["WebPage","ItemPage"],"@id":"https:\/\/pre.efe.com\/pt-br\/mundo-2\/2024-10-02\/favelas-brasileiras-combatem-crise-climatica-com-solucoes-proprias\/","url":"https:\/\/pre.efe.com\/pt-br\/mundo-2\/2024-10-02\/favelas-brasileiras-combatem-crise-climatica-com-solucoes-proprias\/","name":"Favelas brasileiras combatem crise clim\u00e1tica com solu\u00e7\u00f5es pr\u00f3prias - EFE","isPartOf":{"@id":"https:\/\/pre.efe.com\/pt-br\/#website"},"primaryImageOfPage":{"@id":"https:\/\/pre.efe.com\/pt-br\/mundo-2\/2024-10-02\/favelas-brasileiras-combatem-crise-climatica-com-solucoes-proprias\/#primaryimage"},"image":{"@id":"https:\/\/pre.efe.com\/pt-br\/mundo-2\/2024-10-02\/favelas-brasileiras-combatem-crise-climatica-com-solucoes-proprias\/#primaryimage"},"thumbnailUrl":"https:\/\/pre.efe.com\/wp-content\/uploads\/2024\/10\/94f936a2f29947935045639e8a5e3404e029ec7ew.jpg","datePublished":"2024-10-02T16:21:00+00:00","dateModified":"2024-10-09T18:31:11+00:00","breadcrumb":{"@id":"https:\/\/pre.efe.com\/pt-br\/mundo-2\/2024-10-02\/favelas-brasileiras-combatem-crise-climatica-com-solucoes-proprias\/#breadcrumb"},"inLanguage":"pt-BR","potentialAction":[{"@type":"ReadAction","target":["https:\/\/pre.efe.com\/pt-br\/mundo-2\/2024-10-02\/favelas-brasileiras-combatem-crise-climatica-com-solucoes-proprias\/"]}]},{"@type":"ImageObject","inLanguage":"pt-BR","@id":"https:\/\/pre.efe.com\/pt-br\/mundo-2\/2024-10-02\/favelas-brasileiras-combatem-crise-climatica-com-solucoes-proprias\/#primaryimage","url":"https:\/\/pre.efe.com\/wp-content\/uploads\/2024\/10\/94f936a2f29947935045639e8a5e3404e029ec7ew.jpg","contentUrl":"https:\/\/pre.efe.com\/wp-content\/uploads\/2024\/10\/94f936a2f29947935045639e8a5e3404e029ec7ew.jpg","width":1920,"height":1280},{"@type":"BreadcrumbList","@id":"https:\/\/pre.efe.com\/pt-br\/mundo-2\/2024-10-02\/favelas-brasileiras-combatem-crise-climatica-com-solucoes-proprias\/#breadcrumb","itemListElement":[{"@type":"ListItem","position":1,"name":"Portada","item":"https:\/\/pre.efe.com\/pt-br\/"},{"@type":"ListItem","position":2,"name":"Favelas brasileiras combatem crise clim\u00e1tica com solu\u00e7\u00f5es pr\u00f3prias"}]},{"@type":"WebSite","@id":"https:\/\/pre.efe.com\/pt-br\/#website","url":"https:\/\/pre.efe.com\/pt-br\/","name":"EFE Noticias","description":"","publisher":{"@id":"https:\/\/pre.efe.com\/pt-br\/#organization"},"potentialAction":[{"@type":"SearchAction","target":{"@type":"EntryPoint","urlTemplate":"https:\/\/pre.efe.com\/pt-br\/?s={search_term_string}"},"query-input":{"@type":"PropertyValueSpecification","valueRequired":true,"valueName":"search_term_string"}}],"inLanguage":"pt-BR"},{"@type":"Organization","@id":"https:\/\/pre.efe.com\/pt-br\/#organization","name":"Agencia EFE","url":"https:\/\/pre.efe.com\/pt-br\/","logo":{"@type":"ImageObject","inLanguage":"pt-BR","@id":"https:\/\/pre.efe.com\/pt-br\/#\/schema\/logo\/image\/","url":"https:\/\/pre.efe.com\/wp-content\/uploads\/2023\/06\/logo-efe-467.png","contentUrl":"https:\/\/pre.efe.com\/wp-content\/uploads\/2023\/06\/logo-efe-467.png","width":467,"height":467,"caption":"Agencia EFE"},"image":{"@id":"https:\/\/pre.efe.com\/pt-br\/#\/schema\/logo\/image\/"},"sameAs":["https:\/\/www.facebook.com\/AgenciaEFEnoticias\/","https:\/\/x.com\/efenoticias","https:\/\/www.instagram.com\/efe_noticias\/","http:\/\/www.youtube.com\/efe"]},{"@type":"Person","@id":"https:\/\/pre.efe.com\/pt-br\/#\/schema\/person\/b19f23f210db552768f68a4b552b004f","name":"anachain","image":{"@type":"ImageObject","inLanguage":"pt-BR","@id":"https:\/\/secure.gravatar.com\/avatar\/30b83965911ef1108bb893c00bdd65c885f9890e1265ee04b02c3d5adc785d37?s=96&d=identicon&r=g","url":"https:\/\/secure.gravatar.com\/avatar\/30b83965911ef1108bb893c00bdd65c885f9890e1265ee04b02c3d5adc785d37?s=96&d=identicon&r=g","contentUrl":"https:\/\/secure.gravatar.com\/avatar\/30b83965911ef1108bb893c00bdd65c885f9890e1265ee04b02c3d5adc785d37?s=96&d=identicon&r=g","caption":"anachain"},"url":"https:\/\/pre.efe.com\/pt-br\/autor\/anachain\/"}]}},"jetpack_featured_media_url":"https:\/\/pre.efe.com\/wp-content\/uploads\/2024\/10\/94f936a2f29947935045639e8a5e3404e029ec7ew.jpg","jetpack_shortlink":"https:\/\/wp.me\/peJvHm-5QAr","jetpack_sharing_enabled":true,"_links":{"self":[{"href":"https:\/\/pre.efe.com\/pt-br\/wp-json\/wp\/v2\/posts\/1393787","targetHints":{"allow":["GET"]}}],"collection":[{"href":"https:\/\/pre.efe.com\/pt-br\/wp-json\/wp\/v2\/posts"}],"about":[{"href":"https:\/\/pre.efe.com\/pt-br\/wp-json\/wp\/v2\/types\/post"}],"author":[{"embeddable":true,"href":"https:\/\/pre.efe.com\/pt-br\/wp-json\/wp\/v2\/users\/198164106"}],"replies":[{"embeddable":true,"href":"https:\/\/pre.efe.com\/pt-br\/wp-json\/wp\/v2\/comments?post=1393787"}],"version-history":[{"count":2,"href":"https:\/\/pre.efe.com\/pt-br\/wp-json\/wp\/v2\/posts\/1393787\/revisions"}],"predecessor-version":[{"id":1393792,"href":"https:\/\/pre.efe.com\/pt-br\/wp-json\/wp\/v2\/posts\/1393787\/revisions\/1393792"}],"wp:featuredmedia":[{"embeddable":true,"href":"https:\/\/pre.efe.com\/pt-br\/wp-json\/wp\/v2\/media\/1393793"}],"wp:attachment":[{"href":"https:\/\/pre.efe.com\/pt-br\/wp-json\/wp\/v2\/media?parent=1393787"}],"wp:term":[{"taxonomy":"category","embeddable":true,"href":"https:\/\/pre.efe.com\/pt-br\/wp-json\/wp\/v2\/categories?post=1393787"},{"taxonomy":"post_tag","embeddable":true,"href":"https:\/\/pre.efe.com\/pt-br\/wp-json\/wp\/v2\/tags?post=1393787"}],"curies":[{"name":"wp","href":"https:\/\/api.w.org\/{rel}","templated":true}]}}