{"id":1423519,"date":"2024-10-23T15:41:21","date_gmt":"2024-10-23T13:41:21","guid":{"rendered":"https:\/\/pre.efe.com\/?p=1423519"},"modified":"2024-10-23T15:41:24","modified_gmt":"2024-10-23T13:41:24","slug":"maduro-se-reune-com-lideres-de-turquia-belarus-e-palestina-durante-cupula-do-brics","status":"publish","type":"post","link":"https:\/\/pre.efe.com\/pt-br\/mundo-2\/2024-10-23\/maduro-se-reune-com-lideres-de-turquia-belarus-e-palestina-durante-cupula-do-brics\/","title":{"rendered":"Maduro se re\u00fane com l\u00edderes de Turquia, Belarus e Palestina durante c\u00fapula do Brics"},"content":{"rendered":"\n<p>Moscou\/Kazan (EFE).- O presidente da Venezuela, Nicol\u00e1s Maduro, reuniu-se nesta quarta-feira com os presidentes de Belarus, Aleksandr Lukashenko, da Palestina, Mahmud Abbas, e da Turquia, Recep Tayyip Erdogan, \u00e0 margem da c\u00fapula dos Brics, que est\u00e1 sendo realizada na cidade russa de Kazan.<\/p>\n\n\n\n<p>O l\u00edder venezuelano, que chegou ontem \u00e0 noite \u00e0 capital t\u00e1rtara, tamb\u00e9m se reuniu com o primeiro-ministro da Eti\u00f3pia, Abiy Ahmed, segundo informou a ag\u00eancia de not\u00edcias russa \u201cTASS\u201d.<\/p>\n\n\n\n<p>Mais tarde, Maduro planeja reunir-se com o anfitri\u00e3o da c\u00fapula, o presidente russo, Vladimir Putin.<\/p>\n\n\n\n<p>O assessor do Kremlin para Assuntos Internacionais, Yuri Ushakov, declarou horas atr\u00e1s que Putin e Maduro conversar\u00e3o sobre \u201cquest\u00f5es bilaterais e coopera\u00e7\u00e3o no \u00e2mbito dos Brics\u201d.<\/p>\n\n\n\n<p>\u201cH\u00e1 um milh\u00e3o de quest\u00f5es para discutir\u201d, disse Ushakov \u00e0s v\u00e9speras das negocia\u00e7\u00f5es russo-venezuelanas.<\/p>\n\n\n\n<p>Junto com sua esposa, a deputada Cilia Flores, o presidente venezuelano desembarcou ter\u00e7a-feira no aeroporto internacional de Kazan, dias ap\u00f3s a chegada \u00e0 cidade russa de seu ministro das Comunica\u00e7\u00f5es, Freddy \u00d1\u00e1\u00f1ez, da vice-presidente executiva, Delcy Rodr\u00edguez, e do chanceler, Yv\u00e1n Gil.<\/p>\n\n\n\n<p>Em sua opini\u00e3o, o bloco Brics &#8211; fundado por Brasil, R\u00fassia, \u00cdndia, China e \u00c1frica do Sul &#8211; tornou-se &#8220;o epicentro do novo mundo multipolar, da nova geopol\u00edtica, da diplomacia de paz&#8221; e uma &#8220;esperan\u00e7a&#8221; para os pa\u00edses do Sul global.<\/p>\n\n\n\n<p>No \u00faltimo m\u00eas de abril, Maduro havia manifestado o desejo de visitar a R\u00fassia e o Kremlin confirmou o in\u00edcio dos preparativos para essa viagem, que, no entanto, foi adiada sem uma previs\u00e3o de data. EFE<\/p>\n","protected":false},"excerpt":{"rendered":"<p>Moscou\/Kazan (EFE).- O presidente da Venezuela, Nicol\u00e1s Maduro, reuniu-se nesta quarta-feira com os presidentes de Belarus, Aleksandr Lukashenko, da Palestina, Mahmud Abbas, e da Turquia, Recep Tayyip Erdogan, \u00e0 margem da c\u00fapula dos Brics, que est\u00e1 sendo realizada na cidade russa de Kazan. O l\u00edder venezuelano, que chegou ontem \u00e0 noite \u00e0 capital t\u00e1rtara, tamb\u00e9m &#8230; <a title=\"Maduro se re\u00fane com l\u00edderes de Turquia, Belarus e Palestina durante c\u00fapula do Brics\" class=\"read-more\" href=\"https:\/\/pre.efe.com\/pt-br\/mundo-2\/2024-10-23\/maduro-se-reune-com-lideres-de-turquia-belarus-e-palestina-durante-cupula-do-brics\/\" aria-label=\"Read more about Maduro se re\u00fane com l\u00edderes de Turquia, Belarus e Palestina durante c\u00fapula do Brics\">Leia mais<\/a><\/p>\n","protected":false},"author":198164106,"featured_media":1423429,"comment_status":"closed","ping_status":"closed","sticky":false,"template":"","format":"standard","meta":{"_acf_changed":false,"_jetpack_memberships_contains_paid_content":false,"footnotes":""},"categories":[123208,122141],"tags":[124845,124138],"class_list":["post-1423519","post","type-post","status-publish","format-standard","has-post-thumbnail","hentry","category-mundo-2","category-portada","tag-governo","tag-venezuela-2","generate-columns","tablet-grid-50","mobile-grid-100","grid-parent","grid-50"],"acf":[],"yoast_head":"<!-- This site is optimized with the Yoast SEO Premium plugin v26.0 (Yoast SEO v27.5) - https:\/\/yoast.com\/product\/yoast-seo-premium-wordpress\/ -->\n<title>Maduro se re\u00fane com l\u00edderes de Turquia, Belarus e Palestina durante c\u00fapula do Brics - EFE<\/title>\n<meta name=\"robots\" content=\"noindex, follow\" \/>\n<meta property=\"og:locale\" content=\"pt_BR\" \/>\n<meta property=\"og:type\" content=\"article\" \/>\n<meta property=\"og:title\" content=\"Maduro se re\u00fane com l\u00edderes de Turquia, Belarus e Palestina durante c\u00fapula do Brics - EFE\" \/>\n<meta property=\"og:description\" content=\"Moscou\/Kazan (EFE).- O presidente da Venezuela, Nicol\u00e1s Maduro, reuniu-se nesta quarta-feira com os presidentes de Belarus, Aleksandr Lukashenko, da Palestina, Mahmud Abbas, e da Turquia, Recep Tayyip Erdogan, \u00e0 margem da c\u00fapula dos Brics, que est\u00e1 sendo realizada na cidade russa de Kazan. O l\u00edder venezuelano, que chegou ontem \u00e0 noite \u00e0 capital t\u00e1rtara, tamb\u00e9m ... Leia mais\" \/>\n<meta property=\"og:url\" content=\"https:\/\/pre.efe.com\/pt-br\/mundo-2\/2024-10-23\/maduro-se-reune-com-lideres-de-turquia-belarus-e-palestina-durante-cupula-do-brics\/\" \/>\n<meta property=\"og:site_name\" content=\"EFE Noticias\" \/>\n<meta property=\"article:publisher\" content=\"https:\/\/www.facebook.com\/AgenciaEFEnoticias\/\" \/>\n<meta property=\"article:published_time\" content=\"2024-10-23T13:41:21+00:00\" \/>\n<meta property=\"article:modified_time\" content=\"2024-10-23T13:41:24+00:00\" \/>\n<meta property=\"og:image\" content=\"https:\/\/i0.wp.com\/efe.com\/\/srv\/htdocs\/wp-content\/uploads\/2024\/10\/AME9825-RUSIA-BRICS-CUMBRE.jpg?fit=900%2C600&ssl=1\" \/>\n\t<meta property=\"og:image:width\" content=\"900\" \/>\n\t<meta property=\"og:image:height\" content=\"600\" \/>\n\t<meta property=\"og:image:type\" content=\"image\/jpeg\" \/>\n<meta name=\"author\" content=\"anachain\" \/>\n<meta name=\"twitter:card\" content=\"summary_large_image\" \/>\n<meta name=\"twitter:creator\" content=\"@efenoticias\" \/>\n<meta name=\"twitter:site\" content=\"@efenoticias\" \/>\n<script type=\"application\/ld+json\" class=\"yoast-schema-graph\">{\"@context\":\"https:\\\/\\\/schema.org\",\"@graph\":[{\"@type\":\"NewsArticle\",\"@id\":\"https:\\\/\\\/pre.efe.com\\\/pt-br\\\/mundo-2\\\/2024-10-23\\\/maduro-se-reune-com-lideres-de-turquia-belarus-e-palestina-durante-cupula-do-brics\\\/#article\",\"isPartOf\":{\"@id\":\"https:\\\/\\\/pre.efe.com\\\/pt-br\\\/mundo-2\\\/2024-10-23\\\/maduro-se-reune-com-lideres-de-turquia-belarus-e-palestina-durante-cupula-do-brics\\\/\"},\"author\":{\"name\":\"anachain\",\"@id\":\"https:\\\/\\\/pre.efe.com\\\/pt-br\\\/#\\\/schema\\\/person\\\/b19f23f210db552768f68a4b552b004f\"},\"headline\":\"Maduro se re\u00fane com l\u00edderes de Turquia, Belarus e Palestina durante c\u00fapula do Brics\",\"datePublished\":\"2024-10-23T13:41:21+00:00\",\"dateModified\":\"2024-10-23T13:41:24+00:00\",\"mainEntityOfPage\":{\"@id\":\"https:\\\/\\\/pre.efe.com\\\/pt-br\\\/mundo-2\\\/2024-10-23\\\/maduro-se-reune-com-lideres-de-turquia-belarus-e-palestina-durante-cupula-do-brics\\\/\"},\"wordCount\":293,\"publisher\":{\"@id\":\"https:\\\/\\\/pre.efe.com\\\/pt-br\\\/#organization\"},\"image\":{\"@id\":\"https:\\\/\\\/pre.efe.com\\\/pt-br\\\/mundo-2\\\/2024-10-23\\\/maduro-se-reune-com-lideres-de-turquia-belarus-e-palestina-durante-cupula-do-brics\\\/#primaryimage\"},\"thumbnailUrl\":\"https:\\\/\\\/pre.efe.com\\\/wp-content\\\/uploads\\\/2024\\\/10\\\/AME9825-RUSIA-BRICS-CUMBRE.jpg\",\"keywords\":[\"Governo\",\"Venezuela\"],\"articleSection\":[\"Mundo\",\"Portada\"],\"inLanguage\":\"pt-BR\",\"copyrightYear\":\"2024\",\"copyrightHolder\":{\"@id\":\"https:\\\/\\\/pre.efe.com\\\/#organization\"}},{\"@type\":[\"WebPage\",\"ItemPage\"],\"@id\":\"https:\\\/\\\/pre.efe.com\\\/pt-br\\\/mundo-2\\\/2024-10-23\\\/maduro-se-reune-com-lideres-de-turquia-belarus-e-palestina-durante-cupula-do-brics\\\/\",\"url\":\"https:\\\/\\\/pre.efe.com\\\/pt-br\\\/mundo-2\\\/2024-10-23\\\/maduro-se-reune-com-lideres-de-turquia-belarus-e-palestina-durante-cupula-do-brics\\\/\",\"name\":\"Maduro se re\u00fane com l\u00edderes de Turquia, Belarus e Palestina durante c\u00fapula do Brics - EFE\",\"isPartOf\":{\"@id\":\"https:\\\/\\\/pre.efe.com\\\/pt-br\\\/#website\"},\"primaryImageOfPage\":{\"@id\":\"https:\\\/\\\/pre.efe.com\\\/pt-br\\\/mundo-2\\\/2024-10-23\\\/maduro-se-reune-com-lideres-de-turquia-belarus-e-palestina-durante-cupula-do-brics\\\/#primaryimage\"},\"image\":{\"@id\":\"https:\\\/\\\/pre.efe.com\\\/pt-br\\\/mundo-2\\\/2024-10-23\\\/maduro-se-reune-com-lideres-de-turquia-belarus-e-palestina-durante-cupula-do-brics\\\/#primaryimage\"},\"thumbnailUrl\":\"https:\\\/\\\/pre.efe.com\\\/wp-content\\\/uploads\\\/2024\\\/10\\\/AME9825-RUSIA-BRICS-CUMBRE.jpg\",\"datePublished\":\"2024-10-23T13:41:21+00:00\",\"dateModified\":\"2024-10-23T13:41:24+00:00\",\"breadcrumb\":{\"@id\":\"https:\\\/\\\/pre.efe.com\\\/pt-br\\\/mundo-2\\\/2024-10-23\\\/maduro-se-reune-com-lideres-de-turquia-belarus-e-palestina-durante-cupula-do-brics\\\/#breadcrumb\"},\"inLanguage\":\"pt-BR\",\"potentialAction\":[{\"@type\":\"ReadAction\",\"target\":[\"https:\\\/\\\/pre.efe.com\\\/pt-br\\\/mundo-2\\\/2024-10-23\\\/maduro-se-reune-com-lideres-de-turquia-belarus-e-palestina-durante-cupula-do-brics\\\/\"]}]},{\"@type\":\"ImageObject\",\"inLanguage\":\"pt-BR\",\"@id\":\"https:\\\/\\\/pre.efe.com\\\/pt-br\\\/mundo-2\\\/2024-10-23\\\/maduro-se-reune-com-lideres-de-turquia-belarus-e-palestina-durante-cupula-do-brics\\\/#primaryimage\",\"url\":\"https:\\\/\\\/pre.efe.com\\\/wp-content\\\/uploads\\\/2024\\\/10\\\/AME9825-RUSIA-BRICS-CUMBRE.jpg\",\"contentUrl\":\"https:\\\/\\\/pre.efe.com\\\/wp-content\\\/uploads\\\/2024\\\/10\\\/AME9825-RUSIA-BRICS-CUMBRE.jpg\",\"width\":900,\"height\":600,\"caption\":\"Nicol\u00e1s Maduro chega ao aeroporto internacional de Kazan. EFE\\\/PRENSA MIRAFLORES\"},{\"@type\":\"BreadcrumbList\",\"@id\":\"https:\\\/\\\/pre.efe.com\\\/pt-br\\\/mundo-2\\\/2024-10-23\\\/maduro-se-reune-com-lideres-de-turquia-belarus-e-palestina-durante-cupula-do-brics\\\/#breadcrumb\",\"itemListElement\":[{\"@type\":\"ListItem\",\"position\":1,\"name\":\"Portada\",\"item\":\"https:\\\/\\\/pre.efe.com\\\/pt-br\\\/\"},{\"@type\":\"ListItem\",\"position\":2,\"name\":\"Maduro se re\u00fane com l\u00edderes de Turquia, Belarus e Palestina durante c\u00fapula do Brics\"}]},{\"@type\":\"WebSite\",\"@id\":\"https:\\\/\\\/pre.efe.com\\\/pt-br\\\/#website\",\"url\":\"https:\\\/\\\/pre.efe.com\\\/pt-br\\\/\",\"name\":\"EFE Noticias\",\"description\":\"\",\"publisher\":{\"@id\":\"https:\\\/\\\/pre.efe.com\\\/pt-br\\\/#organization\"},\"potentialAction\":[{\"@type\":\"SearchAction\",\"target\":{\"@type\":\"EntryPoint\",\"urlTemplate\":\"https:\\\/\\\/pre.efe.com\\\/pt-br\\\/?s={search_term_string}\"},\"query-input\":{\"@type\":\"PropertyValueSpecification\",\"valueRequired\":true,\"valueName\":\"search_term_string\"}}],\"inLanguage\":\"pt-BR\"},{\"@type\":\"Organization\",\"@id\":\"https:\\\/\\\/pre.efe.com\\\/pt-br\\\/#organization\",\"name\":\"Agencia EFE\",\"url\":\"https:\\\/\\\/pre.efe.com\\\/pt-br\\\/\",\"logo\":{\"@type\":\"ImageObject\",\"inLanguage\":\"pt-BR\",\"@id\":\"https:\\\/\\\/pre.efe.com\\\/pt-br\\\/#\\\/schema\\\/logo\\\/image\\\/\",\"url\":\"https:\\\/\\\/pre.efe.com\\\/wp-content\\\/uploads\\\/2023\\\/06\\\/logo-efe-467.png\",\"contentUrl\":\"https:\\\/\\\/pre.efe.com\\\/wp-content\\\/uploads\\\/2023\\\/06\\\/logo-efe-467.png\",\"width\":467,\"height\":467,\"caption\":\"Agencia EFE\"},\"image\":{\"@id\":\"https:\\\/\\\/pre.efe.com\\\/pt-br\\\/#\\\/schema\\\/logo\\\/image\\\/\"},\"sameAs\":[\"https:\\\/\\\/www.facebook.com\\\/AgenciaEFEnoticias\\\/\",\"https:\\\/\\\/x.com\\\/efenoticias\",\"https:\\\/\\\/www.instagram.com\\\/efe_noticias\\\/\",\"http:\\\/\\\/www.youtube.com\\\/efe\"]},{\"@type\":\"Person\",\"@id\":\"https:\\\/\\\/pre.efe.com\\\/pt-br\\\/#\\\/schema\\\/person\\\/b19f23f210db552768f68a4b552b004f\",\"name\":\"anachain\",\"image\":{\"@type\":\"ImageObject\",\"inLanguage\":\"pt-BR\",\"@id\":\"https:\\\/\\\/secure.gravatar.com\\\/avatar\\\/30b83965911ef1108bb893c00bdd65c885f9890e1265ee04b02c3d5adc785d37?s=96&d=identicon&r=g\",\"url\":\"https:\\\/\\\/secure.gravatar.com\\\/avatar\\\/30b83965911ef1108bb893c00bdd65c885f9890e1265ee04b02c3d5adc785d37?s=96&d=identicon&r=g\",\"contentUrl\":\"https:\\\/\\\/secure.gravatar.com\\\/avatar\\\/30b83965911ef1108bb893c00bdd65c885f9890e1265ee04b02c3d5adc785d37?s=96&d=identicon&r=g\",\"caption\":\"anachain\"},\"url\":\"https:\\\/\\\/pre.efe.com\\\/pt-br\\\/autor\\\/anachain\\\/\"}]}<\/script>\n<!-- \/ Yoast SEO Premium plugin. -->","yoast_head_json":{"title":"Maduro se re\u00fane com l\u00edderes de Turquia, Belarus e Palestina durante c\u00fapula do Brics - EFE","robots":{"index":"noindex","follow":"follow"},"og_locale":"pt_BR","og_type":"article","og_title":"Maduro se re\u00fane com l\u00edderes de Turquia, Belarus e Palestina durante c\u00fapula do Brics - EFE","og_description":"Moscou\/Kazan (EFE).- O presidente da Venezuela, Nicol\u00e1s Maduro, reuniu-se nesta quarta-feira com os presidentes de Belarus, Aleksandr Lukashenko, da Palestina, Mahmud Abbas, e da Turquia, Recep Tayyip Erdogan, \u00e0 margem da c\u00fapula dos Brics, que est\u00e1 sendo realizada na cidade russa de Kazan. O l\u00edder venezuelano, que chegou ontem \u00e0 noite \u00e0 capital t\u00e1rtara, tamb\u00e9m ... Leia mais","og_url":"https:\/\/pre.efe.com\/pt-br\/mundo-2\/2024-10-23\/maduro-se-reune-com-lideres-de-turquia-belarus-e-palestina-durante-cupula-do-brics\/","og_site_name":"EFE Noticias","article_publisher":"https:\/\/www.facebook.com\/AgenciaEFEnoticias\/","article_published_time":"2024-10-23T13:41:21+00:00","article_modified_time":"2024-10-23T13:41:24+00:00","og_image":[{"width":900,"height":600,"url":"https:\/\/i0.wp.com\/efe.com\/\/srv\/htdocs\/wp-content\/uploads\/2024\/10\/AME9825-RUSIA-BRICS-CUMBRE.jpg?fit=900%2C600&ssl=1","type":"image\/jpeg"}],"author":"anachain","twitter_card":"summary_large_image","twitter_creator":"@efenoticias","twitter_site":"@efenoticias","schema":{"@context":"https:\/\/schema.org","@graph":[{"@type":"NewsArticle","@id":"https:\/\/pre.efe.com\/pt-br\/mundo-2\/2024-10-23\/maduro-se-reune-com-lideres-de-turquia-belarus-e-palestina-durante-cupula-do-brics\/#article","isPartOf":{"@id":"https:\/\/pre.efe.com\/pt-br\/mundo-2\/2024-10-23\/maduro-se-reune-com-lideres-de-turquia-belarus-e-palestina-durante-cupula-do-brics\/"},"author":{"name":"anachain","@id":"https:\/\/pre.efe.com\/pt-br\/#\/schema\/person\/b19f23f210db552768f68a4b552b004f"},"headline":"Maduro se re\u00fane com l\u00edderes de Turquia, Belarus e Palestina durante c\u00fapula do Brics","datePublished":"2024-10-23T13:41:21+00:00","dateModified":"2024-10-23T13:41:24+00:00","mainEntityOfPage":{"@id":"https:\/\/pre.efe.com\/pt-br\/mundo-2\/2024-10-23\/maduro-se-reune-com-lideres-de-turquia-belarus-e-palestina-durante-cupula-do-brics\/"},"wordCount":293,"publisher":{"@id":"https:\/\/pre.efe.com\/pt-br\/#organization"},"image":{"@id":"https:\/\/pre.efe.com\/pt-br\/mundo-2\/2024-10-23\/maduro-se-reune-com-lideres-de-turquia-belarus-e-palestina-durante-cupula-do-brics\/#primaryimage"},"thumbnailUrl":"https:\/\/pre.efe.com\/wp-content\/uploads\/2024\/10\/AME9825-RUSIA-BRICS-CUMBRE.jpg","keywords":["Governo","Venezuela"],"articleSection":["Mundo","Portada"],"inLanguage":"pt-BR","copyrightYear":"2024","copyrightHolder":{"@id":"https:\/\/pre.efe.com\/#organization"}},{"@type":["WebPage","ItemPage"],"@id":"https:\/\/pre.efe.com\/pt-br\/mundo-2\/2024-10-23\/maduro-se-reune-com-lideres-de-turquia-belarus-e-palestina-durante-cupula-do-brics\/","url":"https:\/\/pre.efe.com\/pt-br\/mundo-2\/2024-10-23\/maduro-se-reune-com-lideres-de-turquia-belarus-e-palestina-durante-cupula-do-brics\/","name":"Maduro se re\u00fane com l\u00edderes de Turquia, Belarus e Palestina durante c\u00fapula do Brics - EFE","isPartOf":{"@id":"https:\/\/pre.efe.com\/pt-br\/#website"},"primaryImageOfPage":{"@id":"https:\/\/pre.efe.com\/pt-br\/mundo-2\/2024-10-23\/maduro-se-reune-com-lideres-de-turquia-belarus-e-palestina-durante-cupula-do-brics\/#primaryimage"},"image":{"@id":"https:\/\/pre.efe.com\/pt-br\/mundo-2\/2024-10-23\/maduro-se-reune-com-lideres-de-turquia-belarus-e-palestina-durante-cupula-do-brics\/#primaryimage"},"thumbnailUrl":"https:\/\/pre.efe.com\/wp-content\/uploads\/2024\/10\/AME9825-RUSIA-BRICS-CUMBRE.jpg","datePublished":"2024-10-23T13:41:21+00:00","dateModified":"2024-10-23T13:41:24+00:00","breadcrumb":{"@id":"https:\/\/pre.efe.com\/pt-br\/mundo-2\/2024-10-23\/maduro-se-reune-com-lideres-de-turquia-belarus-e-palestina-durante-cupula-do-brics\/#breadcrumb"},"inLanguage":"pt-BR","potentialAction":[{"@type":"ReadAction","target":["https:\/\/pre.efe.com\/pt-br\/mundo-2\/2024-10-23\/maduro-se-reune-com-lideres-de-turquia-belarus-e-palestina-durante-cupula-do-brics\/"]}]},{"@type":"ImageObject","inLanguage":"pt-BR","@id":"https:\/\/pre.efe.com\/pt-br\/mundo-2\/2024-10-23\/maduro-se-reune-com-lideres-de-turquia-belarus-e-palestina-durante-cupula-do-brics\/#primaryimage","url":"https:\/\/pre.efe.com\/wp-content\/uploads\/2024\/10\/AME9825-RUSIA-BRICS-CUMBRE.jpg","contentUrl":"https:\/\/pre.efe.com\/wp-content\/uploads\/2024\/10\/AME9825-RUSIA-BRICS-CUMBRE.jpg","width":900,"height":600,"caption":"Nicol\u00e1s Maduro chega ao aeroporto internacional de Kazan. EFE\/PRENSA MIRAFLORES"},{"@type":"BreadcrumbList","@id":"https:\/\/pre.efe.com\/pt-br\/mundo-2\/2024-10-23\/maduro-se-reune-com-lideres-de-turquia-belarus-e-palestina-durante-cupula-do-brics\/#breadcrumb","itemListElement":[{"@type":"ListItem","position":1,"name":"Portada","item":"https:\/\/pre.efe.com\/pt-br\/"},{"@type":"ListItem","position":2,"name":"Maduro se re\u00fane com l\u00edderes de Turquia, Belarus e Palestina durante c\u00fapula do Brics"}]},{"@type":"WebSite","@id":"https:\/\/pre.efe.com\/pt-br\/#website","url":"https:\/\/pre.efe.com\/pt-br\/","name":"EFE Noticias","description":"","publisher":{"@id":"https:\/\/pre.efe.com\/pt-br\/#organization"},"potentialAction":[{"@type":"SearchAction","target":{"@type":"EntryPoint","urlTemplate":"https:\/\/pre.efe.com\/pt-br\/?s={search_term_string}"},"query-input":{"@type":"PropertyValueSpecification","valueRequired":true,"valueName":"search_term_string"}}],"inLanguage":"pt-BR"},{"@type":"Organization","@id":"https:\/\/pre.efe.com\/pt-br\/#organization","name":"Agencia EFE","url":"https:\/\/pre.efe.com\/pt-br\/","logo":{"@type":"ImageObject","inLanguage":"pt-BR","@id":"https:\/\/pre.efe.com\/pt-br\/#\/schema\/logo\/image\/","url":"https:\/\/pre.efe.com\/wp-content\/uploads\/2023\/06\/logo-efe-467.png","contentUrl":"https:\/\/pre.efe.com\/wp-content\/uploads\/2023\/06\/logo-efe-467.png","width":467,"height":467,"caption":"Agencia EFE"},"image":{"@id":"https:\/\/pre.efe.com\/pt-br\/#\/schema\/logo\/image\/"},"sameAs":["https:\/\/www.facebook.com\/AgenciaEFEnoticias\/","https:\/\/x.com\/efenoticias","https:\/\/www.instagram.com\/efe_noticias\/","http:\/\/www.youtube.com\/efe"]},{"@type":"Person","@id":"https:\/\/pre.efe.com\/pt-br\/#\/schema\/person\/b19f23f210db552768f68a4b552b004f","name":"anachain","image":{"@type":"ImageObject","inLanguage":"pt-BR","@id":"https:\/\/secure.gravatar.com\/avatar\/30b83965911ef1108bb893c00bdd65c885f9890e1265ee04b02c3d5adc785d37?s=96&d=identicon&r=g","url":"https:\/\/secure.gravatar.com\/avatar\/30b83965911ef1108bb893c00bdd65c885f9890e1265ee04b02c3d5adc785d37?s=96&d=identicon&r=g","contentUrl":"https:\/\/secure.gravatar.com\/avatar\/30b83965911ef1108bb893c00bdd65c885f9890e1265ee04b02c3d5adc785d37?s=96&d=identicon&r=g","caption":"anachain"},"url":"https:\/\/pre.efe.com\/pt-br\/autor\/anachain\/"}]}},"jetpack_featured_media_url":"https:\/\/pre.efe.com\/wp-content\/uploads\/2024\/10\/AME9825-RUSIA-BRICS-CUMBRE.jpg","jetpack_shortlink":"https:\/\/wp.me\/peJvHm-5YjZ","jetpack_sharing_enabled":true,"_links":{"self":[{"href":"https:\/\/pre.efe.com\/pt-br\/wp-json\/wp\/v2\/posts\/1423519","targetHints":{"allow":["GET"]}}],"collection":[{"href":"https:\/\/pre.efe.com\/pt-br\/wp-json\/wp\/v2\/posts"}],"about":[{"href":"https:\/\/pre.efe.com\/pt-br\/wp-json\/wp\/v2\/types\/post"}],"author":[{"embeddable":true,"href":"https:\/\/pre.efe.com\/pt-br\/wp-json\/wp\/v2\/users\/198164106"}],"replies":[{"embeddable":true,"href":"https:\/\/pre.efe.com\/pt-br\/wp-json\/wp\/v2\/comments?post=1423519"}],"version-history":[{"count":2,"href":"https:\/\/pre.efe.com\/pt-br\/wp-json\/wp\/v2\/posts\/1423519\/revisions"}],"predecessor-version":[{"id":1423533,"href":"https:\/\/pre.efe.com\/pt-br\/wp-json\/wp\/v2\/posts\/1423519\/revisions\/1423533"}],"wp:featuredmedia":[{"embeddable":true,"href":"https:\/\/pre.efe.com\/pt-br\/wp-json\/wp\/v2\/media\/1423429"}],"wp:attachment":[{"href":"https:\/\/pre.efe.com\/pt-br\/wp-json\/wp\/v2\/media?parent=1423519"}],"wp:term":[{"taxonomy":"category","embeddable":true,"href":"https:\/\/pre.efe.com\/pt-br\/wp-json\/wp\/v2\/categories?post=1423519"},{"taxonomy":"post_tag","embeddable":true,"href":"https:\/\/pre.efe.com\/pt-br\/wp-json\/wp\/v2\/tags?post=1423519"}],"curies":[{"name":"wp","href":"https:\/\/api.w.org\/{rel}","templated":true}]}}