{"id":1423535,"date":"2024-10-23T15:46:11","date_gmt":"2024-10-23T13:46:11","guid":{"rendered":"https:\/\/pre.efe.com\/?p=1423535"},"modified":"2024-10-23T15:46:13","modified_gmt":"2024-10-23T13:46:13","slug":"eua-confirmam-que-coreia-do-norte-enviou-tropas-para-a-russia","status":"publish","type":"post","link":"https:\/\/pre.efe.com\/pt-br\/mundo-2\/2024-10-23\/eua-confirmam-que-coreia-do-norte-enviou-tropas-para-a-russia\/","title":{"rendered":"EUA confirmam que Coreia do Norte enviou tropas para a R\u00fassia"},"content":{"rendered":"\n<p>Washington (EFE).- O secret\u00e1rio de Defesa dos Estados Unidos, Lloyd J. Austin, confirmou que a Coreia do Norte enviou tropas para a R\u00fassia para se juntarem \u00e0s for\u00e7as russas que combatem na guerra com a Ucr\u00e2nia, segundo informaram nesta quarta-feira meios de comunica\u00e7\u00e3o americanos.<\/p>\n\n\n\n<p>Em declara\u00e7\u00f5es feitas durante uma visita a uma base militar na It\u00e1lia, Austin descreveu a presen\u00e7a da Coreia do Norte na R\u00fassia como uma escalada \u201cmuito s\u00e9ria\u201d que teria consequ\u00eancias tanto na Europa como na \u00c1sia.<\/p>\n\n\n\n<blockquote class=\"wp-block-quote is-layout-flow wp-block-quote-is-layout-flow\">\n<p>\u201cO que exatamente est\u00e3o fazendo? Ainda vamos saber\u201d, disse Austin aos rep\u00f3rteres na base militar, sem dar detalhes sobre o n\u00famero de soldados que j\u00e1 est\u00e3o em territ\u00f3rio russo.<\/p>\n<\/blockquote>\n\n\n\n<p>Essas declara\u00e7\u00f5es ocorrem logo depois que autoridades de intelig\u00eancia dos EUA anunciaram que est\u00e3o se preparando para divulgar uma s\u00e9rie de informa\u00e7\u00f5es, incluindo fotografias de sat\u00e9lite, mostrando navios de tropas se deslocando da Coreia do Norte para \u00e1reas de treinamento em Vladivostok, na costa leste da R\u00fassia, e outros territ\u00f3rios russos mais ao norte, segundo lembrou o jornal \u201cThe New York Times\u201d.<\/p>\n\n\n\n<h2 class=\"wp-block-heading\" id=\"h-inteligencia-internacional\">Intelig\u00eancia internacional<\/h2>\n\n\n\n<p>At\u00e9 agora, por\u00e9m, os soldados norte-coreanos n\u00e3o chegaram \u00e0 Ucr\u00e2nia, destacaram as autoridades de intelig\u00eancia.<\/p>\n\n\n\n<p>As declara\u00e7\u00f5es de Austin chegam depois de o Servi\u00e7o Nacional de Intelig\u00eancia (NIS) sul-coreano ter anunciado hoje que Pyongyang j\u00e1 enviou cerca de 3.000 soldados para territ\u00f3rio russo, onde teoricamente se preparam para serem transferidos para a frente de batalha na Ucr\u00e2nia.<\/p>\n\n\n\n<p>A not\u00edcia \u00e9 divulgada depois de o pr\u00f3prio NIS ter afirmado na sexta-feira que previa o envio de cerca de 12.000 soldados (incluindo uma unidade de For\u00e7as Especiais) no total &#8211; um n\u00famero pr\u00f3ximo do que tamb\u00e9m foi levantado por Kiev &#8211; e que cerca de 1.500 soldados j\u00e1 estavam em bases no Extremo Oriente russo, onde recebem instru\u00e7\u00e3o, bem como armas, uniformes e carteiras de identidade russas.<\/p>\n\n\n\n<p>Estas informa\u00e7\u00f5es, que at\u00e9 agora n\u00e3o tinham sido confirmadas por Washington, foram rotuladas como \u201cfarsas\u201d por Moscou, enquanto Pyongyang as tachou como \u201ccoment\u00e1rios absurdos\u201d. EFE<\/p>\n","protected":false},"excerpt":{"rendered":"<p>Washington (EFE).- O secret\u00e1rio de Defesa dos Estados Unidos, Lloyd J. Austin, confirmou que a Coreia do Norte enviou tropas para a R\u00fassia para se juntarem \u00e0s for\u00e7as russas que combatem na guerra com a Ucr\u00e2nia, segundo informaram nesta quarta-feira meios de comunica\u00e7\u00e3o americanos. Em declara\u00e7\u00f5es feitas durante uma visita a uma base militar na &#8230; <a title=\"EUA confirmam que Coreia do Norte enviou tropas para a R\u00fassia\" class=\"read-more\" href=\"https:\/\/pre.efe.com\/pt-br\/mundo-2\/2024-10-23\/eua-confirmam-que-coreia-do-norte-enviou-tropas-para-a-russia\/\" aria-label=\"Read more about EUA confirmam que Coreia do Norte enviou tropas para a R\u00fassia\">Leia mais<\/a><\/p>\n","protected":false},"author":198164106,"featured_media":1374193,"comment_status":"closed","ping_status":"closed","sticky":false,"template":"","format":"standard","meta":{"_acf_changed":false,"_jetpack_memberships_contains_paid_content":false,"footnotes":""},"categories":[123208,122141],"tags":[122371,122791,122958,122792],"class_list":["post-1423535","post","type-post","status-publish","format-standard","has-post-thumbnail","hentry","category-mundo-2","category-portada","tag-eua","tag-guerra-2","tag-russia-2","tag-ucrania-2","generate-columns","tablet-grid-50","mobile-grid-100","grid-parent","grid-50"],"acf":[],"yoast_head":"<!-- This site is optimized with the Yoast SEO Premium plugin v26.0 (Yoast SEO v27.5) - https:\/\/yoast.com\/product\/yoast-seo-premium-wordpress\/ -->\n<title>EUA confirmam que Coreia do Norte enviou tropas para a R\u00fassia - EFE<\/title>\n<meta name=\"robots\" content=\"noindex, follow\" \/>\n<meta property=\"og:locale\" content=\"pt_BR\" \/>\n<meta property=\"og:type\" content=\"article\" \/>\n<meta property=\"og:title\" content=\"EUA confirmam que Coreia do Norte enviou tropas para a R\u00fassia - EFE\" \/>\n<meta property=\"og:description\" content=\"Washington (EFE).- O secret\u00e1rio de Defesa dos Estados Unidos, Lloyd J. Austin, confirmou que a Coreia do Norte enviou tropas para a R\u00fassia para se juntarem \u00e0s for\u00e7as russas que combatem na guerra com a Ucr\u00e2nia, segundo informaram nesta quarta-feira meios de comunica\u00e7\u00e3o americanos. Em declara\u00e7\u00f5es feitas durante uma visita a uma base militar na ... Leia mais\" \/>\n<meta property=\"og:url\" content=\"https:\/\/pre.efe.com\/pt-br\/mundo-2\/2024-10-23\/eua-confirmam-que-coreia-do-norte-enviou-tropas-para-a-russia\/\" \/>\n<meta property=\"og:site_name\" content=\"EFE Noticias\" \/>\n<meta property=\"article:publisher\" content=\"https:\/\/www.facebook.com\/AgenciaEFEnoticias\/\" \/>\n<meta property=\"article:published_time\" content=\"2024-10-23T13:46:11+00:00\" \/>\n<meta property=\"article:modified_time\" content=\"2024-10-23T13:46:13+00:00\" \/>\n<meta property=\"og:image\" content=\"https:\/\/i0.wp.com\/efe.com\/\/srv\/htdocs\/wp-content\/uploads\/2024\/10\/EA5384-EEUU-ISRAEL-LIBANO.jpg?fit=3342%2C2195&ssl=1\" \/>\n\t<meta property=\"og:image:width\" content=\"3342\" \/>\n\t<meta property=\"og:image:height\" content=\"2195\" \/>\n\t<meta property=\"og:image:type\" content=\"image\/jpeg\" \/>\n<meta name=\"author\" content=\"anachain\" \/>\n<meta name=\"twitter:card\" content=\"summary_large_image\" \/>\n<meta name=\"twitter:creator\" content=\"@efenoticias\" \/>\n<meta name=\"twitter:site\" content=\"@efenoticias\" \/>\n<script type=\"application\/ld+json\" class=\"yoast-schema-graph\">{\"@context\":\"https:\\\/\\\/schema.org\",\"@graph\":[{\"@type\":\"NewsArticle\",\"@id\":\"https:\\\/\\\/pre.efe.com\\\/pt-br\\\/mundo-2\\\/2024-10-23\\\/eua-confirmam-que-coreia-do-norte-enviou-tropas-para-a-russia\\\/#article\",\"isPartOf\":{\"@id\":\"https:\\\/\\\/pre.efe.com\\\/pt-br\\\/mundo-2\\\/2024-10-23\\\/eua-confirmam-que-coreia-do-norte-enviou-tropas-para-a-russia\\\/\"},\"author\":{\"name\":\"anachain\",\"@id\":\"https:\\\/\\\/pre.efe.com\\\/pt-br\\\/#\\\/schema\\\/person\\\/b19f23f210db552768f68a4b552b004f\"},\"headline\":\"EUA confirmam que Coreia do Norte enviou tropas para a R\u00fassia\",\"datePublished\":\"2024-10-23T13:46:11+00:00\",\"dateModified\":\"2024-10-23T13:46:13+00:00\",\"mainEntityOfPage\":{\"@id\":\"https:\\\/\\\/pre.efe.com\\\/pt-br\\\/mundo-2\\\/2024-10-23\\\/eua-confirmam-que-coreia-do-norte-enviou-tropas-para-a-russia\\\/\"},\"wordCount\":375,\"publisher\":{\"@id\":\"https:\\\/\\\/pre.efe.com\\\/pt-br\\\/#organization\"},\"image\":{\"@id\":\"https:\\\/\\\/pre.efe.com\\\/pt-br\\\/mundo-2\\\/2024-10-23\\\/eua-confirmam-que-coreia-do-norte-enviou-tropas-para-a-russia\\\/#primaryimage\"},\"thumbnailUrl\":\"https:\\\/\\\/pre.efe.com\\\/wp-content\\\/uploads\\\/2024\\\/10\\\/EA5384-EEUU-ISRAEL-LIBANO.jpg\",\"keywords\":[\"EUA\",\"Guerra\",\"Russia\",\"Ucrania\"],\"articleSection\":[\"Mundo\",\"Portada\"],\"inLanguage\":\"pt-BR\",\"copyrightYear\":\"2024\",\"copyrightHolder\":{\"@id\":\"https:\\\/\\\/pre.efe.com\\\/#organization\"}},{\"@type\":[\"WebPage\",\"ItemPage\"],\"@id\":\"https:\\\/\\\/pre.efe.com\\\/pt-br\\\/mundo-2\\\/2024-10-23\\\/eua-confirmam-que-coreia-do-norte-enviou-tropas-para-a-russia\\\/\",\"url\":\"https:\\\/\\\/pre.efe.com\\\/pt-br\\\/mundo-2\\\/2024-10-23\\\/eua-confirmam-que-coreia-do-norte-enviou-tropas-para-a-russia\\\/\",\"name\":\"EUA confirmam que Coreia do Norte enviou tropas para a R\u00fassia - EFE\",\"isPartOf\":{\"@id\":\"https:\\\/\\\/pre.efe.com\\\/pt-br\\\/#website\"},\"primaryImageOfPage\":{\"@id\":\"https:\\\/\\\/pre.efe.com\\\/pt-br\\\/mundo-2\\\/2024-10-23\\\/eua-confirmam-que-coreia-do-norte-enviou-tropas-para-a-russia\\\/#primaryimage\"},\"image\":{\"@id\":\"https:\\\/\\\/pre.efe.com\\\/pt-br\\\/mundo-2\\\/2024-10-23\\\/eua-confirmam-que-coreia-do-norte-enviou-tropas-para-a-russia\\\/#primaryimage\"},\"thumbnailUrl\":\"https:\\\/\\\/pre.efe.com\\\/wp-content\\\/uploads\\\/2024\\\/10\\\/EA5384-EEUU-ISRAEL-LIBANO.jpg\",\"datePublished\":\"2024-10-23T13:46:11+00:00\",\"dateModified\":\"2024-10-23T13:46:13+00:00\",\"breadcrumb\":{\"@id\":\"https:\\\/\\\/pre.efe.com\\\/pt-br\\\/mundo-2\\\/2024-10-23\\\/eua-confirmam-que-coreia-do-norte-enviou-tropas-para-a-russia\\\/#breadcrumb\"},\"inLanguage\":\"pt-BR\",\"potentialAction\":[{\"@type\":\"ReadAction\",\"target\":[\"https:\\\/\\\/pre.efe.com\\\/pt-br\\\/mundo-2\\\/2024-10-23\\\/eua-confirmam-que-coreia-do-norte-enviou-tropas-para-a-russia\\\/\"]}]},{\"@type\":\"ImageObject\",\"inLanguage\":\"pt-BR\",\"@id\":\"https:\\\/\\\/pre.efe.com\\\/pt-br\\\/mundo-2\\\/2024-10-23\\\/eua-confirmam-que-coreia-do-norte-enviou-tropas-para-a-russia\\\/#primaryimage\",\"url\":\"https:\\\/\\\/pre.efe.com\\\/wp-content\\\/uploads\\\/2024\\\/10\\\/EA5384-EEUU-ISRAEL-LIBANO.jpg\",\"contentUrl\":\"https:\\\/\\\/pre.efe.com\\\/wp-content\\\/uploads\\\/2024\\\/10\\\/EA5384-EEUU-ISRAEL-LIBANO.jpg\",\"width\":3342,\"height\":2195,\"caption\":\"Lloyd J. Austin. EFE\\\/Arquivo\\\/RONALD WITTEK\"},{\"@type\":\"BreadcrumbList\",\"@id\":\"https:\\\/\\\/pre.efe.com\\\/pt-br\\\/mundo-2\\\/2024-10-23\\\/eua-confirmam-que-coreia-do-norte-enviou-tropas-para-a-russia\\\/#breadcrumb\",\"itemListElement\":[{\"@type\":\"ListItem\",\"position\":1,\"name\":\"Portada\",\"item\":\"https:\\\/\\\/pre.efe.com\\\/pt-br\\\/\"},{\"@type\":\"ListItem\",\"position\":2,\"name\":\"EUA confirmam que Coreia do Norte enviou tropas para a R\u00fassia\"}]},{\"@type\":\"WebSite\",\"@id\":\"https:\\\/\\\/pre.efe.com\\\/pt-br\\\/#website\",\"url\":\"https:\\\/\\\/pre.efe.com\\\/pt-br\\\/\",\"name\":\"EFE Noticias\",\"description\":\"\",\"publisher\":{\"@id\":\"https:\\\/\\\/pre.efe.com\\\/pt-br\\\/#organization\"},\"potentialAction\":[{\"@type\":\"SearchAction\",\"target\":{\"@type\":\"EntryPoint\",\"urlTemplate\":\"https:\\\/\\\/pre.efe.com\\\/pt-br\\\/?s={search_term_string}\"},\"query-input\":{\"@type\":\"PropertyValueSpecification\",\"valueRequired\":true,\"valueName\":\"search_term_string\"}}],\"inLanguage\":\"pt-BR\"},{\"@type\":\"Organization\",\"@id\":\"https:\\\/\\\/pre.efe.com\\\/pt-br\\\/#organization\",\"name\":\"Agencia EFE\",\"url\":\"https:\\\/\\\/pre.efe.com\\\/pt-br\\\/\",\"logo\":{\"@type\":\"ImageObject\",\"inLanguage\":\"pt-BR\",\"@id\":\"https:\\\/\\\/pre.efe.com\\\/pt-br\\\/#\\\/schema\\\/logo\\\/image\\\/\",\"url\":\"https:\\\/\\\/pre.efe.com\\\/wp-content\\\/uploads\\\/2023\\\/06\\\/logo-efe-467.png\",\"contentUrl\":\"https:\\\/\\\/pre.efe.com\\\/wp-content\\\/uploads\\\/2023\\\/06\\\/logo-efe-467.png\",\"width\":467,\"height\":467,\"caption\":\"Agencia EFE\"},\"image\":{\"@id\":\"https:\\\/\\\/pre.efe.com\\\/pt-br\\\/#\\\/schema\\\/logo\\\/image\\\/\"},\"sameAs\":[\"https:\\\/\\\/www.facebook.com\\\/AgenciaEFEnoticias\\\/\",\"https:\\\/\\\/x.com\\\/efenoticias\",\"https:\\\/\\\/www.instagram.com\\\/efe_noticias\\\/\",\"http:\\\/\\\/www.youtube.com\\\/efe\"]},{\"@type\":\"Person\",\"@id\":\"https:\\\/\\\/pre.efe.com\\\/pt-br\\\/#\\\/schema\\\/person\\\/b19f23f210db552768f68a4b552b004f\",\"name\":\"anachain\",\"image\":{\"@type\":\"ImageObject\",\"inLanguage\":\"pt-BR\",\"@id\":\"https:\\\/\\\/secure.gravatar.com\\\/avatar\\\/30b83965911ef1108bb893c00bdd65c885f9890e1265ee04b02c3d5adc785d37?s=96&d=identicon&r=g\",\"url\":\"https:\\\/\\\/secure.gravatar.com\\\/avatar\\\/30b83965911ef1108bb893c00bdd65c885f9890e1265ee04b02c3d5adc785d37?s=96&d=identicon&r=g\",\"contentUrl\":\"https:\\\/\\\/secure.gravatar.com\\\/avatar\\\/30b83965911ef1108bb893c00bdd65c885f9890e1265ee04b02c3d5adc785d37?s=96&d=identicon&r=g\",\"caption\":\"anachain\"},\"url\":\"https:\\\/\\\/pre.efe.com\\\/pt-br\\\/autor\\\/anachain\\\/\"}]}<\/script>\n<!-- \/ Yoast SEO Premium plugin. -->","yoast_head_json":{"title":"EUA confirmam que Coreia do Norte enviou tropas para a R\u00fassia - EFE","robots":{"index":"noindex","follow":"follow"},"og_locale":"pt_BR","og_type":"article","og_title":"EUA confirmam que Coreia do Norte enviou tropas para a R\u00fassia - EFE","og_description":"Washington (EFE).- O secret\u00e1rio de Defesa dos Estados Unidos, Lloyd J. Austin, confirmou que a Coreia do Norte enviou tropas para a R\u00fassia para se juntarem \u00e0s for\u00e7as russas que combatem na guerra com a Ucr\u00e2nia, segundo informaram nesta quarta-feira meios de comunica\u00e7\u00e3o americanos. Em declara\u00e7\u00f5es feitas durante uma visita a uma base militar na ... Leia mais","og_url":"https:\/\/pre.efe.com\/pt-br\/mundo-2\/2024-10-23\/eua-confirmam-que-coreia-do-norte-enviou-tropas-para-a-russia\/","og_site_name":"EFE Noticias","article_publisher":"https:\/\/www.facebook.com\/AgenciaEFEnoticias\/","article_published_time":"2024-10-23T13:46:11+00:00","article_modified_time":"2024-10-23T13:46:13+00:00","og_image":[{"width":3342,"height":2195,"url":"https:\/\/i0.wp.com\/efe.com\/\/srv\/htdocs\/wp-content\/uploads\/2024\/10\/EA5384-EEUU-ISRAEL-LIBANO.jpg?fit=3342%2C2195&ssl=1","type":"image\/jpeg"}],"author":"anachain","twitter_card":"summary_large_image","twitter_creator":"@efenoticias","twitter_site":"@efenoticias","schema":{"@context":"https:\/\/schema.org","@graph":[{"@type":"NewsArticle","@id":"https:\/\/pre.efe.com\/pt-br\/mundo-2\/2024-10-23\/eua-confirmam-que-coreia-do-norte-enviou-tropas-para-a-russia\/#article","isPartOf":{"@id":"https:\/\/pre.efe.com\/pt-br\/mundo-2\/2024-10-23\/eua-confirmam-que-coreia-do-norte-enviou-tropas-para-a-russia\/"},"author":{"name":"anachain","@id":"https:\/\/pre.efe.com\/pt-br\/#\/schema\/person\/b19f23f210db552768f68a4b552b004f"},"headline":"EUA confirmam que Coreia do Norte enviou tropas para a R\u00fassia","datePublished":"2024-10-23T13:46:11+00:00","dateModified":"2024-10-23T13:46:13+00:00","mainEntityOfPage":{"@id":"https:\/\/pre.efe.com\/pt-br\/mundo-2\/2024-10-23\/eua-confirmam-que-coreia-do-norte-enviou-tropas-para-a-russia\/"},"wordCount":375,"publisher":{"@id":"https:\/\/pre.efe.com\/pt-br\/#organization"},"image":{"@id":"https:\/\/pre.efe.com\/pt-br\/mundo-2\/2024-10-23\/eua-confirmam-que-coreia-do-norte-enviou-tropas-para-a-russia\/#primaryimage"},"thumbnailUrl":"https:\/\/pre.efe.com\/wp-content\/uploads\/2024\/10\/EA5384-EEUU-ISRAEL-LIBANO.jpg","keywords":["EUA","Guerra","Russia","Ucrania"],"articleSection":["Mundo","Portada"],"inLanguage":"pt-BR","copyrightYear":"2024","copyrightHolder":{"@id":"https:\/\/pre.efe.com\/#organization"}},{"@type":["WebPage","ItemPage"],"@id":"https:\/\/pre.efe.com\/pt-br\/mundo-2\/2024-10-23\/eua-confirmam-que-coreia-do-norte-enviou-tropas-para-a-russia\/","url":"https:\/\/pre.efe.com\/pt-br\/mundo-2\/2024-10-23\/eua-confirmam-que-coreia-do-norte-enviou-tropas-para-a-russia\/","name":"EUA confirmam que Coreia do Norte enviou tropas para a R\u00fassia - EFE","isPartOf":{"@id":"https:\/\/pre.efe.com\/pt-br\/#website"},"primaryImageOfPage":{"@id":"https:\/\/pre.efe.com\/pt-br\/mundo-2\/2024-10-23\/eua-confirmam-que-coreia-do-norte-enviou-tropas-para-a-russia\/#primaryimage"},"image":{"@id":"https:\/\/pre.efe.com\/pt-br\/mundo-2\/2024-10-23\/eua-confirmam-que-coreia-do-norte-enviou-tropas-para-a-russia\/#primaryimage"},"thumbnailUrl":"https:\/\/pre.efe.com\/wp-content\/uploads\/2024\/10\/EA5384-EEUU-ISRAEL-LIBANO.jpg","datePublished":"2024-10-23T13:46:11+00:00","dateModified":"2024-10-23T13:46:13+00:00","breadcrumb":{"@id":"https:\/\/pre.efe.com\/pt-br\/mundo-2\/2024-10-23\/eua-confirmam-que-coreia-do-norte-enviou-tropas-para-a-russia\/#breadcrumb"},"inLanguage":"pt-BR","potentialAction":[{"@type":"ReadAction","target":["https:\/\/pre.efe.com\/pt-br\/mundo-2\/2024-10-23\/eua-confirmam-que-coreia-do-norte-enviou-tropas-para-a-russia\/"]}]},{"@type":"ImageObject","inLanguage":"pt-BR","@id":"https:\/\/pre.efe.com\/pt-br\/mundo-2\/2024-10-23\/eua-confirmam-que-coreia-do-norte-enviou-tropas-para-a-russia\/#primaryimage","url":"https:\/\/pre.efe.com\/wp-content\/uploads\/2024\/10\/EA5384-EEUU-ISRAEL-LIBANO.jpg","contentUrl":"https:\/\/pre.efe.com\/wp-content\/uploads\/2024\/10\/EA5384-EEUU-ISRAEL-LIBANO.jpg","width":3342,"height":2195,"caption":"Lloyd J. Austin. EFE\/Arquivo\/RONALD WITTEK"},{"@type":"BreadcrumbList","@id":"https:\/\/pre.efe.com\/pt-br\/mundo-2\/2024-10-23\/eua-confirmam-que-coreia-do-norte-enviou-tropas-para-a-russia\/#breadcrumb","itemListElement":[{"@type":"ListItem","position":1,"name":"Portada","item":"https:\/\/pre.efe.com\/pt-br\/"},{"@type":"ListItem","position":2,"name":"EUA confirmam que Coreia do Norte enviou tropas para a R\u00fassia"}]},{"@type":"WebSite","@id":"https:\/\/pre.efe.com\/pt-br\/#website","url":"https:\/\/pre.efe.com\/pt-br\/","name":"EFE Noticias","description":"","publisher":{"@id":"https:\/\/pre.efe.com\/pt-br\/#organization"},"potentialAction":[{"@type":"SearchAction","target":{"@type":"EntryPoint","urlTemplate":"https:\/\/pre.efe.com\/pt-br\/?s={search_term_string}"},"query-input":{"@type":"PropertyValueSpecification","valueRequired":true,"valueName":"search_term_string"}}],"inLanguage":"pt-BR"},{"@type":"Organization","@id":"https:\/\/pre.efe.com\/pt-br\/#organization","name":"Agencia EFE","url":"https:\/\/pre.efe.com\/pt-br\/","logo":{"@type":"ImageObject","inLanguage":"pt-BR","@id":"https:\/\/pre.efe.com\/pt-br\/#\/schema\/logo\/image\/","url":"https:\/\/pre.efe.com\/wp-content\/uploads\/2023\/06\/logo-efe-467.png","contentUrl":"https:\/\/pre.efe.com\/wp-content\/uploads\/2023\/06\/logo-efe-467.png","width":467,"height":467,"caption":"Agencia EFE"},"image":{"@id":"https:\/\/pre.efe.com\/pt-br\/#\/schema\/logo\/image\/"},"sameAs":["https:\/\/www.facebook.com\/AgenciaEFEnoticias\/","https:\/\/x.com\/efenoticias","https:\/\/www.instagram.com\/efe_noticias\/","http:\/\/www.youtube.com\/efe"]},{"@type":"Person","@id":"https:\/\/pre.efe.com\/pt-br\/#\/schema\/person\/b19f23f210db552768f68a4b552b004f","name":"anachain","image":{"@type":"ImageObject","inLanguage":"pt-BR","@id":"https:\/\/secure.gravatar.com\/avatar\/30b83965911ef1108bb893c00bdd65c885f9890e1265ee04b02c3d5adc785d37?s=96&d=identicon&r=g","url":"https:\/\/secure.gravatar.com\/avatar\/30b83965911ef1108bb893c00bdd65c885f9890e1265ee04b02c3d5adc785d37?s=96&d=identicon&r=g","contentUrl":"https:\/\/secure.gravatar.com\/avatar\/30b83965911ef1108bb893c00bdd65c885f9890e1265ee04b02c3d5adc785d37?s=96&d=identicon&r=g","caption":"anachain"},"url":"https:\/\/pre.efe.com\/pt-br\/autor\/anachain\/"}]}},"jetpack_featured_media_url":"https:\/\/pre.efe.com\/wp-content\/uploads\/2024\/10\/EA5384-EEUU-ISRAEL-LIBANO.jpg","jetpack_shortlink":"https:\/\/wp.me\/peJvHm-5Ykf","jetpack_sharing_enabled":true,"_links":{"self":[{"href":"https:\/\/pre.efe.com\/pt-br\/wp-json\/wp\/v2\/posts\/1423535","targetHints":{"allow":["GET"]}}],"collection":[{"href":"https:\/\/pre.efe.com\/pt-br\/wp-json\/wp\/v2\/posts"}],"about":[{"href":"https:\/\/pre.efe.com\/pt-br\/wp-json\/wp\/v2\/types\/post"}],"author":[{"embeddable":true,"href":"https:\/\/pre.efe.com\/pt-br\/wp-json\/wp\/v2\/users\/198164106"}],"replies":[{"embeddable":true,"href":"https:\/\/pre.efe.com\/pt-br\/wp-json\/wp\/v2\/comments?post=1423535"}],"version-history":[{"count":2,"href":"https:\/\/pre.efe.com\/pt-br\/wp-json\/wp\/v2\/posts\/1423535\/revisions"}],"predecessor-version":[{"id":1423545,"href":"https:\/\/pre.efe.com\/pt-br\/wp-json\/wp\/v2\/posts\/1423535\/revisions\/1423545"}],"wp:featuredmedia":[{"embeddable":true,"href":"https:\/\/pre.efe.com\/pt-br\/wp-json\/wp\/v2\/media\/1374193"}],"wp:attachment":[{"href":"https:\/\/pre.efe.com\/pt-br\/wp-json\/wp\/v2\/media?parent=1423535"}],"wp:term":[{"taxonomy":"category","embeddable":true,"href":"https:\/\/pre.efe.com\/pt-br\/wp-json\/wp\/v2\/categories?post=1423535"},{"taxonomy":"post_tag","embeddable":true,"href":"https:\/\/pre.efe.com\/pt-br\/wp-json\/wp\/v2\/tags?post=1423535"}],"curies":[{"name":"wp","href":"https:\/\/api.w.org\/{rel}","templated":true}]}}