{"id":1429453,"date":"2024-10-25T16:38:34","date_gmt":"2024-10-25T14:38:34","guid":{"rendered":"https:\/\/pre.efe.com\/?p=1429453"},"modified":"2024-10-25T16:38:38","modified_gmt":"2024-10-25T14:38:38","slug":"psg-e-condenado-a-pagar-55-milhoes-de-euros-a-mbappe","status":"publish","type":"post","link":"https:\/\/pre.efe.com\/pt-br\/esportes\/2024-10-25\/psg-e-condenado-a-pagar-55-milhoes-de-euros-a-mbappe\/","title":{"rendered":"PSG \u00e9 condenado a pagar 55 milh\u00f5es de euros a Mbapp\u00e9"},"content":{"rendered":"\n<p>Paris (EFE).- O atacante franc\u00eas Kylian Mbapp\u00e9 obteve mais uma vit\u00f3ria jur\u00eddica contra o seu ex-clube, o Paris Saint-Germain, que foi condenado pelo comit\u00ea de recursos da Liga Francesa de Futebol Profissional (LFP) a pagar os 55 milh\u00f5es de euros que o agora jogador do Real Madrid reivindica por falta de pagamento na \u00faltima temporada.<\/p>\n\n\n\n<p>Um porta-voz do clube disse \u00e0 Ag\u00eancia EFE que o PSG n\u00e3o tem a inten\u00e7\u00e3o de pagar essa quantia e ir\u00e1 aos tribunais trabalhistas, se necess\u00e1rio, embora rejeite que isso seja uma vit\u00f3ria para Mbapp\u00e9.<\/p>\n\n\n\n<p>Esta \u00e9 a segunda vez que os \u00f3rg\u00e3os esportivos franceses decidem a favor do jogador, depois da comiss\u00e3o jur\u00eddica da LFP, mas o PSG ainda tem outros recursos, o primeiro deles para o Comit\u00ea Superior de Recursos da Federa\u00e7\u00e3o Francesa de Futebol (FFF).<\/p>\n\n\n\n<blockquote class=\"wp-block-quote is-layout-flow wp-block-quote-is-layout-flow\">\n<p>&#8220;Agora que o Comit\u00ea de Apela\u00e7\u00e3o confirmou a opini\u00e3o do Comit\u00ea Jur\u00eddico, o PSG ser\u00e1 for\u00e7ado a levar o caso aos tribunais competentes, enquanto continua, apesar da repetida m\u00e1 f\u00e9, a tentar encontrar uma solu\u00e7\u00e3o amig\u00e1vel com o jogador&#8221;, disse o porta-voz.<\/p>\n<\/blockquote>\n\n\n\n<p>Segundo o representante, essas decis\u00f5es decorrem da recusa do jogador em concordar com um acordo, deixando o caso para a justi\u00e7a tradicional, que pode levar &#8220;meses ou anos&#8221; para chegar a uma decis\u00e3o.<\/p>\n\n\n\n<h2 class=\"wp-block-heading\" id=\"h-acordo-verbal-entre-psg-e-mbappe\">Acordo verbal entre PSG e Mbapp\u00e9<\/h2>\n\n\n\n<p>No centro da disputa est\u00e3o 55 milh\u00f5es de euros, em sal\u00e1rios e b\u00f4nus, que o PSG reteve de Mbapp\u00e9 com base em um acordo verbal entre os dois para desbloquear uma decis\u00e3o dos propriet\u00e1rios do clube franc\u00eas no Catar de retir\u00e1-lo do time titular no in\u00edcio da temporada passada.<\/p>\n\n\n\n<p>Esse acordo, ao qual Mbapp\u00e9 se referiu em algumas ocasi\u00f5es ao falar com a imprensa, \u00e9 ao que o PSG est\u00e1 se agarrando para n\u00e3o pagar essa quantia, mas os advogados do jogador o consideram inv\u00e1lido e desatualizado.<\/p>\n\n\n\n<blockquote class=\"wp-block-quote is-layout-flow wp-block-quote-is-layout-flow\">\n<p>&#8220;De fato e de direito, o jogador assumiu claros e repetidos compromissos p\u00fablicos e privados que o clube est\u00e1 simplesmente pedindo para serem respeitados, j\u00e1 que o clube lhe concedeu benef\u00edcios sem precedentes por sete anos em Paris&#8221;, acrescentou o porta-voz.<\/p>\n<\/blockquote>\n\n\n\n<p>O PSG &#8220;espera que esses compromissos b\u00e1sicos sejam simplesmente respeitados&#8221; e, caso contr\u00e1rio, &#8220;ser\u00e1 for\u00e7ado a fazer com que a m\u00e1-f\u00e9 do jogador seja julgada pelos tribunais competentes&#8221; se Mbapp\u00e9 &#8220;continuar com essa disputa incompreensivelmente prejudicial, para si mesmo e para o futebol franc\u00eas&#8221;.<\/p>\n\n\n\n<h2 class=\"wp-block-heading\" id=\"h-boa-fe-e-honestidade\">&#8220;Boa f\u00e9 e honestidade&#8221;<\/h2>\n\n\n\n<blockquote class=\"wp-block-quote is-layout-flow wp-block-quote-is-layout-flow\">\n<p>&#8220;\u00c9 uma quest\u00e3o de boa-f\u00e9, honestidade, defesa de valores e respeito pela institui\u00e7\u00e3o parisiense e seus torcedores, que \u00e9 mais importante do que qualquer jogador&#8221;, concluiu o porta-voz.<\/p>\n<\/blockquote>\n\n\n\n<p>Esta \u00e9 a culmina\u00e7\u00e3o de um relacionamento que se deteriorou ao longo dos anos e terminou com um falso fim. Mbapp\u00e9 assinou uma extens\u00e3o de contrato de dois anos com o PSG em 2022, mais uma temporada extra. Pouco antes do final da primeira temporada, ele deixou claro que n\u00e3o queria ativar a cl\u00e1usula para um terceiro ano, o que levou o clube a lhe dar um ultimato: renovar ou deixar o clube no ver\u00e3o de 2023.<\/p>\n\n\n\n<p>Como medida de press\u00e3o, o jogador foi afastado do time principal por v\u00e1rias semanas. Para desbloquear a situa\u00e7\u00e3o e permitir que o atacante voltasse ao time principal, tanto o clube quanto o jogador garantiram que haviam chegado a um acordo para que sua sa\u00edda n\u00e3o ocorresse sem deixar dinheiro nos cofres parisienses.<\/p>\n\n\n\n<p>Para o PSG, esse acordo diz respeito aos 55 milh\u00f5es, mas Mbapp\u00e9 argumenta que o pacto estava desatualizado e continha cl\u00e1usulas ocultas. EFE<\/p>\n","protected":false},"excerpt":{"rendered":"<p>Paris (EFE).- O atacante franc\u00eas Kylian Mbapp\u00e9 obteve mais uma vit\u00f3ria jur\u00eddica contra o seu ex-clube, o Paris Saint-Germain, que foi condenado pelo comit\u00ea de recursos da Liga Francesa de Futebol Profissional (LFP) a pagar os 55 milh\u00f5es de euros que o agora jogador do Real Madrid reivindica por falta de pagamento na \u00faltima temporada. &#8230; <a title=\"PSG \u00e9 condenado a pagar 55 milh\u00f5es de euros a Mbapp\u00e9\" class=\"read-more\" href=\"https:\/\/pre.efe.com\/pt-br\/esportes\/2024-10-25\/psg-e-condenado-a-pagar-55-milhoes-de-euros-a-mbappe\/\" aria-label=\"Read more about PSG \u00e9 condenado a pagar 55 milh\u00f5es de euros a Mbapp\u00e9\">Leia mais<\/a><\/p>\n","protected":false},"author":198164106,"featured_media":1410367,"comment_status":"closed","ping_status":"closed","sticky":false,"template":"","format":"standard","meta":{"_acf_changed":false,"_jetpack_memberships_contains_paid_content":false,"footnotes":""},"categories":[121968,122144],"tags":[123239,124421,124137,122364],"class_list":["post-1429453","post","type-post","status-publish","format-standard","has-post-thumbnail","hentry","category-esportes","category-outras-noticias","tag-economia-2","tag-espanha","tag-franca","tag-futebol","generate-columns","tablet-grid-50","mobile-grid-100","grid-parent","grid-50"],"acf":[],"yoast_head":"<!-- This site is optimized with the Yoast SEO Premium plugin v26.0 (Yoast SEO v27.5) - https:\/\/yoast.com\/product\/yoast-seo-premium-wordpress\/ -->\n<title>PSG \u00e9 condenado a pagar 55 milh\u00f5es de euros a Mbapp\u00e9 - EFE<\/title>\n<meta name=\"robots\" content=\"noindex, follow\" \/>\n<meta property=\"og:locale\" content=\"pt_BR\" \/>\n<meta property=\"og:type\" content=\"article\" \/>\n<meta property=\"og:title\" content=\"PSG \u00e9 condenado a pagar 55 milh\u00f5es de euros a Mbapp\u00e9 - EFE\" \/>\n<meta property=\"og:description\" content=\"Paris (EFE).- O atacante franc\u00eas Kylian Mbapp\u00e9 obteve mais uma vit\u00f3ria jur\u00eddica contra o seu ex-clube, o Paris Saint-Germain, que foi condenado pelo comit\u00ea de recursos da Liga Francesa de Futebol Profissional (LFP) a pagar os 55 milh\u00f5es de euros que o agora jogador do Real Madrid reivindica por falta de pagamento na \u00faltima temporada. ... Leia mais\" \/>\n<meta property=\"og:url\" content=\"https:\/\/pre.efe.com\/pt-br\/esportes\/2024-10-25\/psg-e-condenado-a-pagar-55-milhoes-de-euros-a-mbappe\/\" \/>\n<meta property=\"og:site_name\" content=\"EFE Noticias\" \/>\n<meta property=\"article:publisher\" content=\"https:\/\/www.facebook.com\/AgenciaEFEnoticias\/\" \/>\n<meta property=\"article:published_time\" content=\"2024-10-25T14:38:34+00:00\" \/>\n<meta property=\"article:modified_time\" content=\"2024-10-25T14:38:38+00:00\" \/>\n<meta property=\"og:image\" content=\"https:\/\/i0.wp.com\/efe.com\/\/srv\/htdocs\/wp-content\/uploads\/2024\/10\/rss-efe461470bc0d28fc1c441caf20de8f80ffac1afbc2w.jpg?fit=1920%2C1280&ssl=1\" \/>\n\t<meta property=\"og:image:width\" content=\"1920\" \/>\n\t<meta property=\"og:image:height\" content=\"1280\" \/>\n\t<meta property=\"og:image:type\" content=\"image\/jpeg\" \/>\n<meta name=\"author\" content=\"anachain\" \/>\n<meta name=\"twitter:card\" content=\"summary_large_image\" \/>\n<meta name=\"twitter:creator\" content=\"@efenoticias\" \/>\n<meta name=\"twitter:site\" content=\"@efenoticias\" \/>\n<script type=\"application\/ld+json\" class=\"yoast-schema-graph\">{\"@context\":\"https:\\\/\\\/schema.org\",\"@graph\":[{\"@type\":\"NewsArticle\",\"@id\":\"https:\\\/\\\/pre.efe.com\\\/pt-br\\\/esportes\\\/2024-10-25\\\/psg-e-condenado-a-pagar-55-milhoes-de-euros-a-mbappe\\\/#article\",\"isPartOf\":{\"@id\":\"https:\\\/\\\/pre.efe.com\\\/pt-br\\\/esportes\\\/2024-10-25\\\/psg-e-condenado-a-pagar-55-milhoes-de-euros-a-mbappe\\\/\"},\"author\":{\"name\":\"anachain\",\"@id\":\"https:\\\/\\\/pre.efe.com\\\/pt-br\\\/#\\\/schema\\\/person\\\/b19f23f210db552768f68a4b552b004f\"},\"headline\":\"PSG \u00e9 condenado a pagar 55 milh\u00f5es de euros a Mbapp\u00e9\",\"datePublished\":\"2024-10-25T14:38:34+00:00\",\"dateModified\":\"2024-10-25T14:38:38+00:00\",\"mainEntityOfPage\":{\"@id\":\"https:\\\/\\\/pre.efe.com\\\/pt-br\\\/esportes\\\/2024-10-25\\\/psg-e-condenado-a-pagar-55-milhoes-de-euros-a-mbappe\\\/\"},\"wordCount\":625,\"publisher\":{\"@id\":\"https:\\\/\\\/pre.efe.com\\\/pt-br\\\/#organization\"},\"image\":{\"@id\":\"https:\\\/\\\/pre.efe.com\\\/pt-br\\\/esportes\\\/2024-10-25\\\/psg-e-condenado-a-pagar-55-milhoes-de-euros-a-mbappe\\\/#primaryimage\"},\"thumbnailUrl\":\"https:\\\/\\\/pre.efe.com\\\/wp-content\\\/uploads\\\/2024\\\/10\\\/rss-efe461470bc0d28fc1c441caf20de8f80ffac1afbc2w.jpg\",\"keywords\":[\"Economia\",\"Espanha\",\"Fran\u00e7a\",\"Futebol\"],\"articleSection\":[\"Esportes\",\"Outras not\u00edcias\"],\"inLanguage\":\"pt-BR\",\"copyrightYear\":\"2024\",\"copyrightHolder\":{\"@id\":\"https:\\\/\\\/pre.efe.com\\\/#organization\"}},{\"@type\":[\"WebPage\",\"ItemPage\"],\"@id\":\"https:\\\/\\\/pre.efe.com\\\/pt-br\\\/esportes\\\/2024-10-25\\\/psg-e-condenado-a-pagar-55-milhoes-de-euros-a-mbappe\\\/\",\"url\":\"https:\\\/\\\/pre.efe.com\\\/pt-br\\\/esportes\\\/2024-10-25\\\/psg-e-condenado-a-pagar-55-milhoes-de-euros-a-mbappe\\\/\",\"name\":\"PSG \u00e9 condenado a pagar 55 milh\u00f5es de euros a Mbapp\u00e9 - EFE\",\"isPartOf\":{\"@id\":\"https:\\\/\\\/pre.efe.com\\\/pt-br\\\/#website\"},\"primaryImageOfPage\":{\"@id\":\"https:\\\/\\\/pre.efe.com\\\/pt-br\\\/esportes\\\/2024-10-25\\\/psg-e-condenado-a-pagar-55-milhoes-de-euros-a-mbappe\\\/#primaryimage\"},\"image\":{\"@id\":\"https:\\\/\\\/pre.efe.com\\\/pt-br\\\/esportes\\\/2024-10-25\\\/psg-e-condenado-a-pagar-55-milhoes-de-euros-a-mbappe\\\/#primaryimage\"},\"thumbnailUrl\":\"https:\\\/\\\/pre.efe.com\\\/wp-content\\\/uploads\\\/2024\\\/10\\\/rss-efe461470bc0d28fc1c441caf20de8f80ffac1afbc2w.jpg\",\"datePublished\":\"2024-10-25T14:38:34+00:00\",\"dateModified\":\"2024-10-25T14:38:38+00:00\",\"breadcrumb\":{\"@id\":\"https:\\\/\\\/pre.efe.com\\\/pt-br\\\/esportes\\\/2024-10-25\\\/psg-e-condenado-a-pagar-55-milhoes-de-euros-a-mbappe\\\/#breadcrumb\"},\"inLanguage\":\"pt-BR\",\"potentialAction\":[{\"@type\":\"ReadAction\",\"target\":[\"https:\\\/\\\/pre.efe.com\\\/pt-br\\\/esportes\\\/2024-10-25\\\/psg-e-condenado-a-pagar-55-milhoes-de-euros-a-mbappe\\\/\"]}]},{\"@type\":\"ImageObject\",\"inLanguage\":\"pt-BR\",\"@id\":\"https:\\\/\\\/pre.efe.com\\\/pt-br\\\/esportes\\\/2024-10-25\\\/psg-e-condenado-a-pagar-55-milhoes-de-euros-a-mbappe\\\/#primaryimage\",\"url\":\"https:\\\/\\\/pre.efe.com\\\/wp-content\\\/uploads\\\/2024\\\/10\\\/rss-efe461470bc0d28fc1c441caf20de8f80ffac1afbc2w.jpg\",\"contentUrl\":\"https:\\\/\\\/pre.efe.com\\\/wp-content\\\/uploads\\\/2024\\\/10\\\/rss-efe461470bc0d28fc1c441caf20de8f80ffac1afbc2w.jpg\",\"width\":1920,\"height\":1280,\"caption\":\"Kylian Mbapp\u00e9 durante uma partida pelo Real Madrid em setembro de 2024. EFE\\\/Arquivo\\\/Juanjo Martin\"},{\"@type\":\"BreadcrumbList\",\"@id\":\"https:\\\/\\\/pre.efe.com\\\/pt-br\\\/esportes\\\/2024-10-25\\\/psg-e-condenado-a-pagar-55-milhoes-de-euros-a-mbappe\\\/#breadcrumb\",\"itemListElement\":[{\"@type\":\"ListItem\",\"position\":1,\"name\":\"Portada\",\"item\":\"https:\\\/\\\/pre.efe.com\\\/pt-br\\\/\"},{\"@type\":\"ListItem\",\"position\":2,\"name\":\"PSG \u00e9 condenado a pagar 55 milh\u00f5es de euros a Mbapp\u00e9\"}]},{\"@type\":\"WebSite\",\"@id\":\"https:\\\/\\\/pre.efe.com\\\/pt-br\\\/#website\",\"url\":\"https:\\\/\\\/pre.efe.com\\\/pt-br\\\/\",\"name\":\"EFE Noticias\",\"description\":\"\",\"publisher\":{\"@id\":\"https:\\\/\\\/pre.efe.com\\\/pt-br\\\/#organization\"},\"potentialAction\":[{\"@type\":\"SearchAction\",\"target\":{\"@type\":\"EntryPoint\",\"urlTemplate\":\"https:\\\/\\\/pre.efe.com\\\/pt-br\\\/?s={search_term_string}\"},\"query-input\":{\"@type\":\"PropertyValueSpecification\",\"valueRequired\":true,\"valueName\":\"search_term_string\"}}],\"inLanguage\":\"pt-BR\"},{\"@type\":\"Organization\",\"@id\":\"https:\\\/\\\/pre.efe.com\\\/pt-br\\\/#organization\",\"name\":\"Agencia EFE\",\"url\":\"https:\\\/\\\/pre.efe.com\\\/pt-br\\\/\",\"logo\":{\"@type\":\"ImageObject\",\"inLanguage\":\"pt-BR\",\"@id\":\"https:\\\/\\\/pre.efe.com\\\/pt-br\\\/#\\\/schema\\\/logo\\\/image\\\/\",\"url\":\"https:\\\/\\\/pre.efe.com\\\/wp-content\\\/uploads\\\/2023\\\/06\\\/logo-efe-467.png\",\"contentUrl\":\"https:\\\/\\\/pre.efe.com\\\/wp-content\\\/uploads\\\/2023\\\/06\\\/logo-efe-467.png\",\"width\":467,\"height\":467,\"caption\":\"Agencia EFE\"},\"image\":{\"@id\":\"https:\\\/\\\/pre.efe.com\\\/pt-br\\\/#\\\/schema\\\/logo\\\/image\\\/\"},\"sameAs\":[\"https:\\\/\\\/www.facebook.com\\\/AgenciaEFEnoticias\\\/\",\"https:\\\/\\\/x.com\\\/efenoticias\",\"https:\\\/\\\/www.instagram.com\\\/efe_noticias\\\/\",\"http:\\\/\\\/www.youtube.com\\\/efe\"]},{\"@type\":\"Person\",\"@id\":\"https:\\\/\\\/pre.efe.com\\\/pt-br\\\/#\\\/schema\\\/person\\\/b19f23f210db552768f68a4b552b004f\",\"name\":\"anachain\",\"image\":{\"@type\":\"ImageObject\",\"inLanguage\":\"pt-BR\",\"@id\":\"https:\\\/\\\/secure.gravatar.com\\\/avatar\\\/30b83965911ef1108bb893c00bdd65c885f9890e1265ee04b02c3d5adc785d37?s=96&d=identicon&r=g\",\"url\":\"https:\\\/\\\/secure.gravatar.com\\\/avatar\\\/30b83965911ef1108bb893c00bdd65c885f9890e1265ee04b02c3d5adc785d37?s=96&d=identicon&r=g\",\"contentUrl\":\"https:\\\/\\\/secure.gravatar.com\\\/avatar\\\/30b83965911ef1108bb893c00bdd65c885f9890e1265ee04b02c3d5adc785d37?s=96&d=identicon&r=g\",\"caption\":\"anachain\"},\"url\":\"https:\\\/\\\/pre.efe.com\\\/pt-br\\\/autor\\\/anachain\\\/\"}]}<\/script>\n<!-- \/ Yoast SEO Premium plugin. -->","yoast_head_json":{"title":"PSG \u00e9 condenado a pagar 55 milh\u00f5es de euros a Mbapp\u00e9 - EFE","robots":{"index":"noindex","follow":"follow"},"og_locale":"pt_BR","og_type":"article","og_title":"PSG \u00e9 condenado a pagar 55 milh\u00f5es de euros a Mbapp\u00e9 - EFE","og_description":"Paris (EFE).- O atacante franc\u00eas Kylian Mbapp\u00e9 obteve mais uma vit\u00f3ria jur\u00eddica contra o seu ex-clube, o Paris Saint-Germain, que foi condenado pelo comit\u00ea de recursos da Liga Francesa de Futebol Profissional (LFP) a pagar os 55 milh\u00f5es de euros que o agora jogador do Real Madrid reivindica por falta de pagamento na \u00faltima temporada. ... Leia mais","og_url":"https:\/\/pre.efe.com\/pt-br\/esportes\/2024-10-25\/psg-e-condenado-a-pagar-55-milhoes-de-euros-a-mbappe\/","og_site_name":"EFE Noticias","article_publisher":"https:\/\/www.facebook.com\/AgenciaEFEnoticias\/","article_published_time":"2024-10-25T14:38:34+00:00","article_modified_time":"2024-10-25T14:38:38+00:00","og_image":[{"width":1920,"height":1280,"url":"https:\/\/i0.wp.com\/efe.com\/\/srv\/htdocs\/wp-content\/uploads\/2024\/10\/rss-efe461470bc0d28fc1c441caf20de8f80ffac1afbc2w.jpg?fit=1920%2C1280&ssl=1","type":"image\/jpeg"}],"author":"anachain","twitter_card":"summary_large_image","twitter_creator":"@efenoticias","twitter_site":"@efenoticias","schema":{"@context":"https:\/\/schema.org","@graph":[{"@type":"NewsArticle","@id":"https:\/\/pre.efe.com\/pt-br\/esportes\/2024-10-25\/psg-e-condenado-a-pagar-55-milhoes-de-euros-a-mbappe\/#article","isPartOf":{"@id":"https:\/\/pre.efe.com\/pt-br\/esportes\/2024-10-25\/psg-e-condenado-a-pagar-55-milhoes-de-euros-a-mbappe\/"},"author":{"name":"anachain","@id":"https:\/\/pre.efe.com\/pt-br\/#\/schema\/person\/b19f23f210db552768f68a4b552b004f"},"headline":"PSG \u00e9 condenado a pagar 55 milh\u00f5es de euros a Mbapp\u00e9","datePublished":"2024-10-25T14:38:34+00:00","dateModified":"2024-10-25T14:38:38+00:00","mainEntityOfPage":{"@id":"https:\/\/pre.efe.com\/pt-br\/esportes\/2024-10-25\/psg-e-condenado-a-pagar-55-milhoes-de-euros-a-mbappe\/"},"wordCount":625,"publisher":{"@id":"https:\/\/pre.efe.com\/pt-br\/#organization"},"image":{"@id":"https:\/\/pre.efe.com\/pt-br\/esportes\/2024-10-25\/psg-e-condenado-a-pagar-55-milhoes-de-euros-a-mbappe\/#primaryimage"},"thumbnailUrl":"https:\/\/pre.efe.com\/wp-content\/uploads\/2024\/10\/rss-efe461470bc0d28fc1c441caf20de8f80ffac1afbc2w.jpg","keywords":["Economia","Espanha","Fran\u00e7a","Futebol"],"articleSection":["Esportes","Outras not\u00edcias"],"inLanguage":"pt-BR","copyrightYear":"2024","copyrightHolder":{"@id":"https:\/\/pre.efe.com\/#organization"}},{"@type":["WebPage","ItemPage"],"@id":"https:\/\/pre.efe.com\/pt-br\/esportes\/2024-10-25\/psg-e-condenado-a-pagar-55-milhoes-de-euros-a-mbappe\/","url":"https:\/\/pre.efe.com\/pt-br\/esportes\/2024-10-25\/psg-e-condenado-a-pagar-55-milhoes-de-euros-a-mbappe\/","name":"PSG \u00e9 condenado a pagar 55 milh\u00f5es de euros a Mbapp\u00e9 - EFE","isPartOf":{"@id":"https:\/\/pre.efe.com\/pt-br\/#website"},"primaryImageOfPage":{"@id":"https:\/\/pre.efe.com\/pt-br\/esportes\/2024-10-25\/psg-e-condenado-a-pagar-55-milhoes-de-euros-a-mbappe\/#primaryimage"},"image":{"@id":"https:\/\/pre.efe.com\/pt-br\/esportes\/2024-10-25\/psg-e-condenado-a-pagar-55-milhoes-de-euros-a-mbappe\/#primaryimage"},"thumbnailUrl":"https:\/\/pre.efe.com\/wp-content\/uploads\/2024\/10\/rss-efe461470bc0d28fc1c441caf20de8f80ffac1afbc2w.jpg","datePublished":"2024-10-25T14:38:34+00:00","dateModified":"2024-10-25T14:38:38+00:00","breadcrumb":{"@id":"https:\/\/pre.efe.com\/pt-br\/esportes\/2024-10-25\/psg-e-condenado-a-pagar-55-milhoes-de-euros-a-mbappe\/#breadcrumb"},"inLanguage":"pt-BR","potentialAction":[{"@type":"ReadAction","target":["https:\/\/pre.efe.com\/pt-br\/esportes\/2024-10-25\/psg-e-condenado-a-pagar-55-milhoes-de-euros-a-mbappe\/"]}]},{"@type":"ImageObject","inLanguage":"pt-BR","@id":"https:\/\/pre.efe.com\/pt-br\/esportes\/2024-10-25\/psg-e-condenado-a-pagar-55-milhoes-de-euros-a-mbappe\/#primaryimage","url":"https:\/\/pre.efe.com\/wp-content\/uploads\/2024\/10\/rss-efe461470bc0d28fc1c441caf20de8f80ffac1afbc2w.jpg","contentUrl":"https:\/\/pre.efe.com\/wp-content\/uploads\/2024\/10\/rss-efe461470bc0d28fc1c441caf20de8f80ffac1afbc2w.jpg","width":1920,"height":1280,"caption":"Kylian Mbapp\u00e9 durante uma partida pelo Real Madrid em setembro de 2024. EFE\/Arquivo\/Juanjo Martin"},{"@type":"BreadcrumbList","@id":"https:\/\/pre.efe.com\/pt-br\/esportes\/2024-10-25\/psg-e-condenado-a-pagar-55-milhoes-de-euros-a-mbappe\/#breadcrumb","itemListElement":[{"@type":"ListItem","position":1,"name":"Portada","item":"https:\/\/pre.efe.com\/pt-br\/"},{"@type":"ListItem","position":2,"name":"PSG \u00e9 condenado a pagar 55 milh\u00f5es de euros a Mbapp\u00e9"}]},{"@type":"WebSite","@id":"https:\/\/pre.efe.com\/pt-br\/#website","url":"https:\/\/pre.efe.com\/pt-br\/","name":"EFE Noticias","description":"","publisher":{"@id":"https:\/\/pre.efe.com\/pt-br\/#organization"},"potentialAction":[{"@type":"SearchAction","target":{"@type":"EntryPoint","urlTemplate":"https:\/\/pre.efe.com\/pt-br\/?s={search_term_string}"},"query-input":{"@type":"PropertyValueSpecification","valueRequired":true,"valueName":"search_term_string"}}],"inLanguage":"pt-BR"},{"@type":"Organization","@id":"https:\/\/pre.efe.com\/pt-br\/#organization","name":"Agencia EFE","url":"https:\/\/pre.efe.com\/pt-br\/","logo":{"@type":"ImageObject","inLanguage":"pt-BR","@id":"https:\/\/pre.efe.com\/pt-br\/#\/schema\/logo\/image\/","url":"https:\/\/pre.efe.com\/wp-content\/uploads\/2023\/06\/logo-efe-467.png","contentUrl":"https:\/\/pre.efe.com\/wp-content\/uploads\/2023\/06\/logo-efe-467.png","width":467,"height":467,"caption":"Agencia EFE"},"image":{"@id":"https:\/\/pre.efe.com\/pt-br\/#\/schema\/logo\/image\/"},"sameAs":["https:\/\/www.facebook.com\/AgenciaEFEnoticias\/","https:\/\/x.com\/efenoticias","https:\/\/www.instagram.com\/efe_noticias\/","http:\/\/www.youtube.com\/efe"]},{"@type":"Person","@id":"https:\/\/pre.efe.com\/pt-br\/#\/schema\/person\/b19f23f210db552768f68a4b552b004f","name":"anachain","image":{"@type":"ImageObject","inLanguage":"pt-BR","@id":"https:\/\/secure.gravatar.com\/avatar\/30b83965911ef1108bb893c00bdd65c885f9890e1265ee04b02c3d5adc785d37?s=96&d=identicon&r=g","url":"https:\/\/secure.gravatar.com\/avatar\/30b83965911ef1108bb893c00bdd65c885f9890e1265ee04b02c3d5adc785d37?s=96&d=identicon&r=g","contentUrl":"https:\/\/secure.gravatar.com\/avatar\/30b83965911ef1108bb893c00bdd65c885f9890e1265ee04b02c3d5adc785d37?s=96&d=identicon&r=g","caption":"anachain"},"url":"https:\/\/pre.efe.com\/pt-br\/autor\/anachain\/"}]}},"jetpack_featured_media_url":"https:\/\/pre.efe.com\/wp-content\/uploads\/2024\/10\/rss-efe461470bc0d28fc1c441caf20de8f80ffac1afbc2w.jpg","jetpack_shortlink":"https:\/\/wp.me\/peJvHm-5ZRH","jetpack_sharing_enabled":true,"_links":{"self":[{"href":"https:\/\/pre.efe.com\/pt-br\/wp-json\/wp\/v2\/posts\/1429453","targetHints":{"allow":["GET"]}}],"collection":[{"href":"https:\/\/pre.efe.com\/pt-br\/wp-json\/wp\/v2\/posts"}],"about":[{"href":"https:\/\/pre.efe.com\/pt-br\/wp-json\/wp\/v2\/types\/post"}],"author":[{"embeddable":true,"href":"https:\/\/pre.efe.com\/pt-br\/wp-json\/wp\/v2\/users\/198164106"}],"replies":[{"embeddable":true,"href":"https:\/\/pre.efe.com\/pt-br\/wp-json\/wp\/v2\/comments?post=1429453"}],"version-history":[{"count":3,"href":"https:\/\/pre.efe.com\/pt-br\/wp-json\/wp\/v2\/posts\/1429453\/revisions"}],"predecessor-version":[{"id":1429464,"href":"https:\/\/pre.efe.com\/pt-br\/wp-json\/wp\/v2\/posts\/1429453\/revisions\/1429464"}],"wp:featuredmedia":[{"embeddable":true,"href":"https:\/\/pre.efe.com\/pt-br\/wp-json\/wp\/v2\/media\/1410367"}],"wp:attachment":[{"href":"https:\/\/pre.efe.com\/pt-br\/wp-json\/wp\/v2\/media?parent=1429453"}],"wp:term":[{"taxonomy":"category","embeddable":true,"href":"https:\/\/pre.efe.com\/pt-br\/wp-json\/wp\/v2\/categories?post=1429453"},{"taxonomy":"post_tag","embeddable":true,"href":"https:\/\/pre.efe.com\/pt-br\/wp-json\/wp\/v2\/tags?post=1429453"}],"curies":[{"name":"wp","href":"https:\/\/api.w.org\/{rel}","templated":true}]}}