{"id":144393,"date":"2022-10-25T23:48:00","date_gmt":"2022-10-25T21:48:00","guid":{"rendered":"https:\/\/pre.efe.com\/?p=144393"},"modified":"2022-10-26T18:24:49","modified_gmt":"2022-10-26T16:24:49","slug":"g7-e-comissao-europeia-promovem-plano-marshall-para-a-ucrania","status":"publish","type":"post","link":"https:\/\/pre.efe.com\/pt-br\/mundo-2\/2022-10-25\/g7-e-comissao-europeia-promovem-plano-marshall-para-a-ucrania\/","title":{"rendered":"G7 e Comiss\u00e3o Europeia promovem &#8220;Plano Marshall&#8221; para a Ucr\u00e2nia"},"content":{"rendered":"\n<p>Berlim (<a href=\"https:\/\/pre.efe.com\/pt-br\/\">EFE<\/a>).-&nbsp;O G7, representado pela presid\u00eancia rotativa da Alemanha, e a Comiss\u00e3o Europeia promoveram nesta ter\u00e7a-feira em Berlim uma esp\u00e9cie de \u201cPlano Marshall\u201d para a Ucr\u00e2nia, que n\u00e3o esperar\u00e1 pelo fim da guerra e estar\u00e1 sujeito a que Kiev articule de forma imediata algumas &#8220;reformas verific\u00e1veis&#8221;.<\/p>\n\n\n\n<p>&#8220;Nunca \u00e9 cedo demais para iniciar a tarefa de reconstru\u00e7\u00e3o&#8221;, disse o chanceler alem\u00e3o Olaf Scholz na abertura da Confer\u00eancia Internacional de Especialistas para a Reconstru\u00e7\u00e3o e Moderniza\u00e7\u00e3o da Ucr\u00e2nia, continua\u00e7\u00e3o da realizada em julho em Lugano (Su\u00ed\u00e7a).<\/p>\n\n\n\n<p>Scholz, anfitri\u00e3o do encontro junto com a presidente da Comiss\u00e3o, Ursula von der Leyen, salientou que n\u00e3o se trata de uma confer\u00eancia de &#8220;doadores&#8221;, mas de um evento que visa dar uma estrutura s\u00f3lida e duradoura \u00e0 ajuda internacional de que a Ucr\u00e2nia necessita em curto, m\u00e9dio e longo prazo.<\/p>\n\n\n\n<p>Bruxelas, assim como Berlim, estima em cerca de 3 bilh\u00f5es de euros &#8211; ou at\u00e9 5 bilh\u00f5es &#8211; o d\u00e9ficit financeiro mensal que a Ucr\u00e2nia est\u00e1 arrastando como resultado da guerra. A Uni\u00e3o Europeia (UE) est\u00e1 disposta a assumir um ter\u00e7o desse custo, que representar\u00e1 cerca de 18 bilh\u00f5es para todo o ano de 2023.<\/p>\n\n\n\n<blockquote class=\"wp-block-quote is-layout-flow wp-block-quote-is-layout-flow\"><p>&#8220;A reconstru\u00e7\u00e3o da Ucr\u00e2nia n\u00e3o pode esperar pelo fim da guerra. A Ucr\u00e2nia precisa aqui e agora de apoios para pagar os sal\u00e1rios dos seus professores, dos seus soldados, dos seus policiais e as pens\u00f5es&#8221;, afirmou a presidente da Comiss\u00e3o Europeia.<\/p><\/blockquote>\n\n\n\n<p>Esse rombo pode aumentar para 5 bilh\u00f5es de euros por m\u00eas se a R\u00fassia intensificar seus ataques \u00e0 infraestrutura, especialmente energ\u00e9tica, segundo alertou a diretora-gerente do Fundo Monet\u00e1rio Internacional (FMI), Kristalina Georgieva.<\/p>\n\n\n\n<p>O FMI, bem como a Comiss\u00e3o e o Banco Europeu de Investimento (BEI), j\u00e1 est\u00e3o trabalhando em um programa geral para regular o apoio que, segundo enfatizou Georgieva, estar\u00e1 sujeito a uma supervis\u00e3o estrita.<\/p>\n\n\n\n<p>&#8220;A Ucr\u00e2nia deu uma li\u00e7\u00e3o de coragem ao resistir \u00e0 R\u00fassia. O FMI ap\u00f3ia e continuar\u00e1 apoiando o pa\u00eds (&#8230;) mas esse apoio requer ser capaz de acompanhar para onde vai cada euro alocado&#8221;, destacou a diretora-gerente do Fundo.<\/p>\n\n\n\n<blockquote class=\"wp-block-quote is-layout-flow wp-block-quote-is-layout-flow\"><p>&#8220;Mostramos nossa capacidade de resist\u00eancia, o Parlamento e a administra\u00e7\u00e3o continuam funcionando, apesar dos estragos da guerra. Estamos em condi\u00e7\u00f5es de, ao mesmo tempo, realizar a moderniza\u00e7\u00e3o e as reformas que os investidores privados e as institui\u00e7\u00f5es internacionais exigem&#8221;, declarou o ministro do Desenvolvimento Territorial e Local ucraniano, Oleksii Chernishov<\/p><\/blockquote>\n\n\n\n<p>Georgieva e Chernishov falaram antes da sess\u00e3o plen\u00e1ria com o presidente do BEI, Werner Hoyer, que abordou a necessidade de regularizar um mecanismo de apoio para que a Ucr\u00e2nia possa enfrentar esse rombo or\u00e7ament\u00e1rio mensal gerado pela guerra.<\/p>\n\n\n\n<p>O BEI rompeu sua colabora\u00e7\u00e3o com a R\u00fassia em consequ\u00eancia da anexa\u00e7\u00e3o da Crimeia, lembrou Hoyer, e agora concentra seus esfor\u00e7os em buscar apoio para a Ucr\u00e2nia no setor privado, algo que, segundo advertiu, n\u00e3o pode funcionar sem a devida seguran\u00e7a jur\u00eddica para esses investidores.<\/p>\n\n\n\n<p>A necessidade de a Ucr\u00e2nia realizar reformas &#8220;verific\u00e1veis&#8221; pairou sobre a confer\u00eancia desde sua abertura, tanto por representantes da Ucr\u00e2nia quanto por organiza\u00e7\u00f5es internacionais.<\/p>\n\n\n\n<p>O primeiro-ministro ucraniano, Denys Shmygal, ratificou o compromisso de realizar as reformas exigidas pela UE, incluindo as garantias de transpar\u00eancia e o combate \u00e0 corrup\u00e7\u00e3o.<\/p>\n\n\n\n<p>At\u00e9 o final deste ano, a Ucr\u00e2nia quer concluir o processo de ades\u00e3o \u00e0 UE, o pr\u00f3ximo passo ap\u00f3s sua formaliza\u00e7\u00e3o como candidata \u00e0 entrada no bloco comunit\u00e1rio alcan\u00e7ada no \u00faltimo m\u00eas de junho, lembrou Shmygal.<\/p>\n\n\n\n<p>Kiev est\u00e1 comprometida com uma &#8220;r\u00e1pida implementa\u00e7\u00e3o das reformas em andamento&#8221;, disse Shmygal, que abriu e encerrou a confer\u00eancia junto com Scholz e Von der Leyen.<\/p>\n\n\n\n<p>Entre essas reformas est\u00e3o aquelas destinadas a fornecer aos investidores internacionais seguran\u00e7a jur\u00eddica &#8220;sob os padr\u00f5es da UE&#8221;, afirmou Shmygal, bem como uma reforma da legisla\u00e7\u00e3o alfandeg\u00e1ria e trabalhista.<\/p>\n\n\n\n<blockquote class=\"wp-block-quote is-layout-flow wp-block-quote-is-layout-flow\"><p>&#8220;A comunidade internacional e suas institui\u00e7\u00f5es devem contribuir para a reconstru\u00e7\u00e3o da Ucr\u00e2nia. E isso deve ocorrer em condi\u00e7\u00f5es de transpar\u00eancia de acordo com os padr\u00f5es internacionais&#8221;, opinou o primeiro-ministro japon\u00eas, Fumio Kishida, em um discurso virtual no encerramento da confer\u00eancia.<\/p><\/blockquote>\n\n\n\n<p>O Jap\u00e3o assumir\u00e1 em 2023 a presid\u00eancia rotativa do G7 \u2013 grupo formado por Estados Unidos, Canad\u00e1, Reino Unido, It\u00e1lia e Fran\u00e7a, junto com Jap\u00e3o e Alemanha.&nbsp;<\/p>\n\n\n\n<p>Seu discurso foi seguido, tamb\u00e9m em formato virtual, pelo de Joko Widodo, presidente da Indon\u00e9sia, pa\u00eds que preside o G20, grupo de pot\u00eancias industriais e emergentes, do qual a R\u00fassia ainda \u00e9 membro.<\/p>\n\n\n\n<p>&#8220;A paz \u00e9 o elemento priorit\u00e1rio para que se possa cogitar uma reconstru\u00e7\u00e3o, que tamb\u00e9m deve ser bem definido&#8221;, declarou o l\u00edder indon\u00e9sio, um m\u00eas antes da c\u00fapula de Bali. <a href=\"https:\/\/efs.efeservicios.com\/\">EFE<\/a><\/p>\n","protected":false},"excerpt":{"rendered":"<p>Berlim (EFE).-&nbsp;O G7, representado pela presid\u00eancia rotativa da Alemanha, e a Comiss\u00e3o Europeia promoveram nesta ter\u00e7a-feira em Berlim uma esp\u00e9cie de \u201cPlano Marshall\u201d para a Ucr\u00e2nia, que n\u00e3o esperar\u00e1 pelo fim da guerra e estar\u00e1 sujeito a que Kiev articule de forma imediata algumas &#8220;reformas verific\u00e1veis&#8221;. &#8220;Nunca \u00e9 cedo demais para iniciar a tarefa de &#8230; <a title=\"G7 e Comiss\u00e3o Europeia promovem &#8220;Plano Marshall&#8221; para a Ucr\u00e2nia\" class=\"read-more\" href=\"https:\/\/pre.efe.com\/pt-br\/mundo-2\/2022-10-25\/g7-e-comissao-europeia-promovem-plano-marshall-para-a-ucrania\/\" aria-label=\"Read more about G7 e Comiss\u00e3o Europeia promovem &#8220;Plano Marshall&#8221; para a Ucr\u00e2nia\">Leia mais<\/a><\/p>\n","protected":false},"author":198164106,"featured_media":145740,"comment_status":"closed","ping_status":"closed","sticky":false,"template":"","format":"standard","meta":{"_acf_changed":false,"_jetpack_memberships_contains_paid_content":false,"footnotes":""},"categories":[123208,122141],"tags":[122791,122958,122792],"class_list":["post-144393","post","type-post","status-publish","format-standard","has-post-thumbnail","hentry","category-mundo-2","category-portada","tag-guerra-2","tag-russia-2","tag-ucrania-2","generate-columns","tablet-grid-50","mobile-grid-100","grid-parent","grid-50"],"acf":[],"yoast_head":"<!-- This site is optimized with the Yoast SEO Premium plugin v26.0 (Yoast SEO v27.5) - https:\/\/yoast.com\/product\/yoast-seo-premium-wordpress\/ -->\n<title>G7 e Comiss\u00e3o Europeia promovem &quot;Plano Marshall&quot; para a Ucr\u00e2nia<\/title>\n<meta name=\"description\" content=\"O G7 e a Comiss\u00e3o Europeia promoveram em Berlim uma esp\u00e9cie de \u201cPlano Marshall\u201d para a Ucr\u00e2nia, que n\u00e3o esperar\u00e1 pelo fim da guerra.\" \/>\n<meta name=\"robots\" content=\"noindex, follow\" \/>\n<meta property=\"og:locale\" content=\"pt_BR\" \/>\n<meta property=\"og:type\" content=\"article\" \/>\n<meta property=\"og:title\" content=\"G7 e Comiss\u00e3o Europeia promovem &quot;Plano Marshall&quot; para a Ucr\u00e2nia - EFE\" \/>\n<meta property=\"og:description\" content=\"O G7 e a Comiss\u00e3o Europeia promoveram em Berlim uma esp\u00e9cie de \u201cPlano Marshall\u201d para a Ucr\u00e2nia, que n\u00e3o esperar\u00e1 pelo fim da guerra.\" \/>\n<meta property=\"og:url\" content=\"https:\/\/pre.efe.com\/pt-br\/mundo-2\/2022-10-25\/g7-e-comissao-europeia-promovem-plano-marshall-para-a-ucrania\/\" \/>\n<meta property=\"og:site_name\" content=\"EFE Noticias\" \/>\n<meta property=\"article:publisher\" content=\"https:\/\/www.facebook.com\/AgenciaEFEnoticias\/\" \/>\n<meta property=\"article:published_time\" content=\"2022-10-25T21:48:00+00:00\" \/>\n<meta property=\"article:modified_time\" content=\"2022-10-26T16:24:49+00:00\" \/>\n<meta property=\"og:image\" content=\"https:\/\/i0.wp.com\/efe.com\/\/srv\/htdocs\/wp-content\/uploads\/2022\/10\/UCRANIA-MARSHALL.jpg?fit=900%2C600&ssl=1\" \/>\n\t<meta property=\"og:image:width\" content=\"900\" \/>\n\t<meta property=\"og:image:height\" content=\"600\" \/>\n\t<meta property=\"og:image:type\" content=\"image\/jpeg\" \/>\n<meta name=\"author\" content=\"anachain\" \/>\n<meta name=\"twitter:card\" content=\"summary_large_image\" \/>\n<meta name=\"twitter:creator\" content=\"@efenoticias\" \/>\n<meta name=\"twitter:site\" content=\"@efenoticias\" \/>\n<script type=\"application\/ld+json\" class=\"yoast-schema-graph\">{\"@context\":\"https:\\\/\\\/schema.org\",\"@graph\":[{\"@type\":\"NewsArticle\",\"@id\":\"https:\\\/\\\/pre.efe.com\\\/pt-br\\\/mundo-2\\\/2022-10-25\\\/g7-e-comissao-europeia-promovem-plano-marshall-para-a-ucrania\\\/#article\",\"isPartOf\":{\"@id\":\"https:\\\/\\\/pre.efe.com\\\/pt-br\\\/mundo-2\\\/2022-10-25\\\/g7-e-comissao-europeia-promovem-plano-marshall-para-a-ucrania\\\/\"},\"author\":{\"name\":\"anachain\",\"@id\":\"https:\\\/\\\/pre.efe.com\\\/pt-br\\\/#\\\/schema\\\/person\\\/b19f23f210db552768f68a4b552b004f\"},\"headline\":\"G7 e Comiss\u00e3o Europeia promovem &#8220;Plano Marshall&#8221; para a Ucr\u00e2nia\",\"datePublished\":\"2022-10-25T21:48:00+00:00\",\"dateModified\":\"2022-10-26T16:24:49+00:00\",\"mainEntityOfPage\":{\"@id\":\"https:\\\/\\\/pre.efe.com\\\/pt-br\\\/mundo-2\\\/2022-10-25\\\/g7-e-comissao-europeia-promovem-plano-marshall-para-a-ucrania\\\/\"},\"wordCount\":856,\"publisher\":{\"@id\":\"https:\\\/\\\/pre.efe.com\\\/pt-br\\\/#organization\"},\"image\":{\"@id\":\"https:\\\/\\\/pre.efe.com\\\/pt-br\\\/mundo-2\\\/2022-10-25\\\/g7-e-comissao-europeia-promovem-plano-marshall-para-a-ucrania\\\/#primaryimage\"},\"thumbnailUrl\":\"https:\\\/\\\/pre.efe.com\\\/wp-content\\\/uploads\\\/2022\\\/10\\\/UCRANIA-MARSHALL.jpg\",\"keywords\":[\"Guerra\",\"Russia\",\"Ucrania\"],\"articleSection\":[\"Mundo\",\"Portada\"],\"inLanguage\":\"pt-BR\",\"copyrightYear\":\"2022\",\"copyrightHolder\":{\"@id\":\"https:\\\/\\\/pre.efe.com\\\/#organization\"}},{\"@type\":[\"WebPage\",\"ItemPage\"],\"@id\":\"https:\\\/\\\/pre.efe.com\\\/pt-br\\\/mundo-2\\\/2022-10-25\\\/g7-e-comissao-europeia-promovem-plano-marshall-para-a-ucrania\\\/\",\"url\":\"https:\\\/\\\/pre.efe.com\\\/pt-br\\\/mundo-2\\\/2022-10-25\\\/g7-e-comissao-europeia-promovem-plano-marshall-para-a-ucrania\\\/\",\"name\":\"G7 e Comiss\u00e3o Europeia promovem \\\"Plano Marshall\\\" para a Ucr\u00e2nia\",\"isPartOf\":{\"@id\":\"https:\\\/\\\/pre.efe.com\\\/pt-br\\\/#website\"},\"primaryImageOfPage\":{\"@id\":\"https:\\\/\\\/pre.efe.com\\\/pt-br\\\/mundo-2\\\/2022-10-25\\\/g7-e-comissao-europeia-promovem-plano-marshall-para-a-ucrania\\\/#primaryimage\"},\"image\":{\"@id\":\"https:\\\/\\\/pre.efe.com\\\/pt-br\\\/mundo-2\\\/2022-10-25\\\/g7-e-comissao-europeia-promovem-plano-marshall-para-a-ucrania\\\/#primaryimage\"},\"thumbnailUrl\":\"https:\\\/\\\/pre.efe.com\\\/wp-content\\\/uploads\\\/2022\\\/10\\\/UCRANIA-MARSHALL.jpg\",\"datePublished\":\"2022-10-25T21:48:00+00:00\",\"dateModified\":\"2022-10-26T16:24:49+00:00\",\"description\":\"O G7 e a Comiss\u00e3o Europeia promoveram em Berlim uma esp\u00e9cie de \u201cPlano Marshall\u201d para a Ucr\u00e2nia, que n\u00e3o esperar\u00e1 pelo fim da guerra.\",\"breadcrumb\":{\"@id\":\"https:\\\/\\\/pre.efe.com\\\/pt-br\\\/mundo-2\\\/2022-10-25\\\/g7-e-comissao-europeia-promovem-plano-marshall-para-a-ucrania\\\/#breadcrumb\"},\"inLanguage\":\"pt-BR\",\"potentialAction\":[{\"@type\":\"ReadAction\",\"target\":[\"https:\\\/\\\/pre.efe.com\\\/pt-br\\\/mundo-2\\\/2022-10-25\\\/g7-e-comissao-europeia-promovem-plano-marshall-para-a-ucrania\\\/\"]}]},{\"@type\":\"ImageObject\",\"inLanguage\":\"pt-BR\",\"@id\":\"https:\\\/\\\/pre.efe.com\\\/pt-br\\\/mundo-2\\\/2022-10-25\\\/g7-e-comissao-europeia-promovem-plano-marshall-para-a-ucrania\\\/#primaryimage\",\"url\":\"https:\\\/\\\/pre.efe.com\\\/wp-content\\\/uploads\\\/2022\\\/10\\\/UCRANIA-MARSHALL.jpg\",\"contentUrl\":\"https:\\\/\\\/pre.efe.com\\\/wp-content\\\/uploads\\\/2022\\\/10\\\/UCRANIA-MARSHALL.jpg\",\"width\":900,\"height\":600,\"caption\":\"Ursula von der Leyen, Denys Schmyhal (C) e Olaf Scholz. EFE\\\/Clemens Bilan\"},{\"@type\":\"BreadcrumbList\",\"@id\":\"https:\\\/\\\/pre.efe.com\\\/pt-br\\\/mundo-2\\\/2022-10-25\\\/g7-e-comissao-europeia-promovem-plano-marshall-para-a-ucrania\\\/#breadcrumb\",\"itemListElement\":[{\"@type\":\"ListItem\",\"position\":1,\"name\":\"Portada\",\"item\":\"https:\\\/\\\/pre.efe.com\\\/pt-br\\\/\"},{\"@type\":\"ListItem\",\"position\":2,\"name\":\"G7 e Comiss\u00e3o Europeia promovem &#8220;Plano Marshall&#8221; para a Ucr\u00e2nia\"}]},{\"@type\":\"WebSite\",\"@id\":\"https:\\\/\\\/pre.efe.com\\\/pt-br\\\/#website\",\"url\":\"https:\\\/\\\/pre.efe.com\\\/pt-br\\\/\",\"name\":\"EFE Noticias\",\"description\":\"\",\"publisher\":{\"@id\":\"https:\\\/\\\/pre.efe.com\\\/pt-br\\\/#organization\"},\"potentialAction\":[{\"@type\":\"SearchAction\",\"target\":{\"@type\":\"EntryPoint\",\"urlTemplate\":\"https:\\\/\\\/pre.efe.com\\\/pt-br\\\/?s={search_term_string}\"},\"query-input\":{\"@type\":\"PropertyValueSpecification\",\"valueRequired\":true,\"valueName\":\"search_term_string\"}}],\"inLanguage\":\"pt-BR\"},{\"@type\":\"Organization\",\"@id\":\"https:\\\/\\\/pre.efe.com\\\/pt-br\\\/#organization\",\"name\":\"Agencia EFE\",\"url\":\"https:\\\/\\\/pre.efe.com\\\/pt-br\\\/\",\"logo\":{\"@type\":\"ImageObject\",\"inLanguage\":\"pt-BR\",\"@id\":\"https:\\\/\\\/pre.efe.com\\\/pt-br\\\/#\\\/schema\\\/logo\\\/image\\\/\",\"url\":\"https:\\\/\\\/pre.efe.com\\\/wp-content\\\/uploads\\\/2023\\\/06\\\/logo-efe-467.png\",\"contentUrl\":\"https:\\\/\\\/pre.efe.com\\\/wp-content\\\/uploads\\\/2023\\\/06\\\/logo-efe-467.png\",\"width\":467,\"height\":467,\"caption\":\"Agencia EFE\"},\"image\":{\"@id\":\"https:\\\/\\\/pre.efe.com\\\/pt-br\\\/#\\\/schema\\\/logo\\\/image\\\/\"},\"sameAs\":[\"https:\\\/\\\/www.facebook.com\\\/AgenciaEFEnoticias\\\/\",\"https:\\\/\\\/x.com\\\/efenoticias\",\"https:\\\/\\\/www.instagram.com\\\/efe_noticias\\\/\",\"http:\\\/\\\/www.youtube.com\\\/efe\"]},{\"@type\":\"Person\",\"@id\":\"https:\\\/\\\/pre.efe.com\\\/pt-br\\\/#\\\/schema\\\/person\\\/b19f23f210db552768f68a4b552b004f\",\"name\":\"anachain\",\"image\":{\"@type\":\"ImageObject\",\"inLanguage\":\"pt-BR\",\"@id\":\"https:\\\/\\\/secure.gravatar.com\\\/avatar\\\/30b83965911ef1108bb893c00bdd65c885f9890e1265ee04b02c3d5adc785d37?s=96&d=identicon&r=g\",\"url\":\"https:\\\/\\\/secure.gravatar.com\\\/avatar\\\/30b83965911ef1108bb893c00bdd65c885f9890e1265ee04b02c3d5adc785d37?s=96&d=identicon&r=g\",\"contentUrl\":\"https:\\\/\\\/secure.gravatar.com\\\/avatar\\\/30b83965911ef1108bb893c00bdd65c885f9890e1265ee04b02c3d5adc785d37?s=96&d=identicon&r=g\",\"caption\":\"anachain\"},\"url\":\"https:\\\/\\\/pre.efe.com\\\/pt-br\\\/autor\\\/anachain\\\/\"}]}<\/script>\n<!-- \/ Yoast SEO Premium plugin. -->","yoast_head_json":{"title":"G7 e Comiss\u00e3o Europeia promovem \"Plano Marshall\" para a Ucr\u00e2nia","description":"O G7 e a Comiss\u00e3o Europeia promoveram em Berlim uma esp\u00e9cie de \u201cPlano Marshall\u201d para a Ucr\u00e2nia, que n\u00e3o esperar\u00e1 pelo fim da guerra.","robots":{"index":"noindex","follow":"follow"},"og_locale":"pt_BR","og_type":"article","og_title":"G7 e Comiss\u00e3o Europeia promovem \"Plano Marshall\" para a Ucr\u00e2nia - EFE","og_description":"O G7 e a Comiss\u00e3o Europeia promoveram em Berlim uma esp\u00e9cie de \u201cPlano Marshall\u201d para a Ucr\u00e2nia, que n\u00e3o esperar\u00e1 pelo fim da guerra.","og_url":"https:\/\/pre.efe.com\/pt-br\/mundo-2\/2022-10-25\/g7-e-comissao-europeia-promovem-plano-marshall-para-a-ucrania\/","og_site_name":"EFE Noticias","article_publisher":"https:\/\/www.facebook.com\/AgenciaEFEnoticias\/","article_published_time":"2022-10-25T21:48:00+00:00","article_modified_time":"2022-10-26T16:24:49+00:00","og_image":[{"width":900,"height":600,"url":"https:\/\/i0.wp.com\/efe.com\/\/srv\/htdocs\/wp-content\/uploads\/2022\/10\/UCRANIA-MARSHALL.jpg?fit=900%2C600&ssl=1","type":"image\/jpeg"}],"author":"anachain","twitter_card":"summary_large_image","twitter_creator":"@efenoticias","twitter_site":"@efenoticias","schema":{"@context":"https:\/\/schema.org","@graph":[{"@type":"NewsArticle","@id":"https:\/\/pre.efe.com\/pt-br\/mundo-2\/2022-10-25\/g7-e-comissao-europeia-promovem-plano-marshall-para-a-ucrania\/#article","isPartOf":{"@id":"https:\/\/pre.efe.com\/pt-br\/mundo-2\/2022-10-25\/g7-e-comissao-europeia-promovem-plano-marshall-para-a-ucrania\/"},"author":{"name":"anachain","@id":"https:\/\/pre.efe.com\/pt-br\/#\/schema\/person\/b19f23f210db552768f68a4b552b004f"},"headline":"G7 e Comiss\u00e3o Europeia promovem &#8220;Plano Marshall&#8221; para a Ucr\u00e2nia","datePublished":"2022-10-25T21:48:00+00:00","dateModified":"2022-10-26T16:24:49+00:00","mainEntityOfPage":{"@id":"https:\/\/pre.efe.com\/pt-br\/mundo-2\/2022-10-25\/g7-e-comissao-europeia-promovem-plano-marshall-para-a-ucrania\/"},"wordCount":856,"publisher":{"@id":"https:\/\/pre.efe.com\/pt-br\/#organization"},"image":{"@id":"https:\/\/pre.efe.com\/pt-br\/mundo-2\/2022-10-25\/g7-e-comissao-europeia-promovem-plano-marshall-para-a-ucrania\/#primaryimage"},"thumbnailUrl":"https:\/\/pre.efe.com\/wp-content\/uploads\/2022\/10\/UCRANIA-MARSHALL.jpg","keywords":["Guerra","Russia","Ucrania"],"articleSection":["Mundo","Portada"],"inLanguage":"pt-BR","copyrightYear":"2022","copyrightHolder":{"@id":"https:\/\/pre.efe.com\/#organization"}},{"@type":["WebPage","ItemPage"],"@id":"https:\/\/pre.efe.com\/pt-br\/mundo-2\/2022-10-25\/g7-e-comissao-europeia-promovem-plano-marshall-para-a-ucrania\/","url":"https:\/\/pre.efe.com\/pt-br\/mundo-2\/2022-10-25\/g7-e-comissao-europeia-promovem-plano-marshall-para-a-ucrania\/","name":"G7 e Comiss\u00e3o Europeia promovem \"Plano Marshall\" para a Ucr\u00e2nia","isPartOf":{"@id":"https:\/\/pre.efe.com\/pt-br\/#website"},"primaryImageOfPage":{"@id":"https:\/\/pre.efe.com\/pt-br\/mundo-2\/2022-10-25\/g7-e-comissao-europeia-promovem-plano-marshall-para-a-ucrania\/#primaryimage"},"image":{"@id":"https:\/\/pre.efe.com\/pt-br\/mundo-2\/2022-10-25\/g7-e-comissao-europeia-promovem-plano-marshall-para-a-ucrania\/#primaryimage"},"thumbnailUrl":"https:\/\/pre.efe.com\/wp-content\/uploads\/2022\/10\/UCRANIA-MARSHALL.jpg","datePublished":"2022-10-25T21:48:00+00:00","dateModified":"2022-10-26T16:24:49+00:00","description":"O G7 e a Comiss\u00e3o Europeia promoveram em Berlim uma esp\u00e9cie de \u201cPlano Marshall\u201d para a Ucr\u00e2nia, que n\u00e3o esperar\u00e1 pelo fim da guerra.","breadcrumb":{"@id":"https:\/\/pre.efe.com\/pt-br\/mundo-2\/2022-10-25\/g7-e-comissao-europeia-promovem-plano-marshall-para-a-ucrania\/#breadcrumb"},"inLanguage":"pt-BR","potentialAction":[{"@type":"ReadAction","target":["https:\/\/pre.efe.com\/pt-br\/mundo-2\/2022-10-25\/g7-e-comissao-europeia-promovem-plano-marshall-para-a-ucrania\/"]}]},{"@type":"ImageObject","inLanguage":"pt-BR","@id":"https:\/\/pre.efe.com\/pt-br\/mundo-2\/2022-10-25\/g7-e-comissao-europeia-promovem-plano-marshall-para-a-ucrania\/#primaryimage","url":"https:\/\/pre.efe.com\/wp-content\/uploads\/2022\/10\/UCRANIA-MARSHALL.jpg","contentUrl":"https:\/\/pre.efe.com\/wp-content\/uploads\/2022\/10\/UCRANIA-MARSHALL.jpg","width":900,"height":600,"caption":"Ursula von der Leyen, Denys Schmyhal (C) e Olaf Scholz. EFE\/Clemens Bilan"},{"@type":"BreadcrumbList","@id":"https:\/\/pre.efe.com\/pt-br\/mundo-2\/2022-10-25\/g7-e-comissao-europeia-promovem-plano-marshall-para-a-ucrania\/#breadcrumb","itemListElement":[{"@type":"ListItem","position":1,"name":"Portada","item":"https:\/\/pre.efe.com\/pt-br\/"},{"@type":"ListItem","position":2,"name":"G7 e Comiss\u00e3o Europeia promovem &#8220;Plano Marshall&#8221; para a Ucr\u00e2nia"}]},{"@type":"WebSite","@id":"https:\/\/pre.efe.com\/pt-br\/#website","url":"https:\/\/pre.efe.com\/pt-br\/","name":"EFE Noticias","description":"","publisher":{"@id":"https:\/\/pre.efe.com\/pt-br\/#organization"},"potentialAction":[{"@type":"SearchAction","target":{"@type":"EntryPoint","urlTemplate":"https:\/\/pre.efe.com\/pt-br\/?s={search_term_string}"},"query-input":{"@type":"PropertyValueSpecification","valueRequired":true,"valueName":"search_term_string"}}],"inLanguage":"pt-BR"},{"@type":"Organization","@id":"https:\/\/pre.efe.com\/pt-br\/#organization","name":"Agencia EFE","url":"https:\/\/pre.efe.com\/pt-br\/","logo":{"@type":"ImageObject","inLanguage":"pt-BR","@id":"https:\/\/pre.efe.com\/pt-br\/#\/schema\/logo\/image\/","url":"https:\/\/pre.efe.com\/wp-content\/uploads\/2023\/06\/logo-efe-467.png","contentUrl":"https:\/\/pre.efe.com\/wp-content\/uploads\/2023\/06\/logo-efe-467.png","width":467,"height":467,"caption":"Agencia EFE"},"image":{"@id":"https:\/\/pre.efe.com\/pt-br\/#\/schema\/logo\/image\/"},"sameAs":["https:\/\/www.facebook.com\/AgenciaEFEnoticias\/","https:\/\/x.com\/efenoticias","https:\/\/www.instagram.com\/efe_noticias\/","http:\/\/www.youtube.com\/efe"]},{"@type":"Person","@id":"https:\/\/pre.efe.com\/pt-br\/#\/schema\/person\/b19f23f210db552768f68a4b552b004f","name":"anachain","image":{"@type":"ImageObject","inLanguage":"pt-BR","@id":"https:\/\/secure.gravatar.com\/avatar\/30b83965911ef1108bb893c00bdd65c885f9890e1265ee04b02c3d5adc785d37?s=96&d=identicon&r=g","url":"https:\/\/secure.gravatar.com\/avatar\/30b83965911ef1108bb893c00bdd65c885f9890e1265ee04b02c3d5adc785d37?s=96&d=identicon&r=g","contentUrl":"https:\/\/secure.gravatar.com\/avatar\/30b83965911ef1108bb893c00bdd65c885f9890e1265ee04b02c3d5adc785d37?s=96&d=identicon&r=g","caption":"anachain"},"url":"https:\/\/pre.efe.com\/pt-br\/autor\/anachain\/"}]}},"jetpack_featured_media_url":"https:\/\/pre.efe.com\/wp-content\/uploads\/2022\/10\/UCRANIA-MARSHALL.jpg","jetpack_shortlink":"https:\/\/wp.me\/peJvHm-ByV","jetpack_sharing_enabled":true,"_links":{"self":[{"href":"https:\/\/pre.efe.com\/pt-br\/wp-json\/wp\/v2\/posts\/144393","targetHints":{"allow":["GET"]}}],"collection":[{"href":"https:\/\/pre.efe.com\/pt-br\/wp-json\/wp\/v2\/posts"}],"about":[{"href":"https:\/\/pre.efe.com\/pt-br\/wp-json\/wp\/v2\/types\/post"}],"author":[{"embeddable":true,"href":"https:\/\/pre.efe.com\/pt-br\/wp-json\/wp\/v2\/users\/198164106"}],"replies":[{"embeddable":true,"href":"https:\/\/pre.efe.com\/pt-br\/wp-json\/wp\/v2\/comments?post=144393"}],"version-history":[{"count":4,"href":"https:\/\/pre.efe.com\/pt-br\/wp-json\/wp\/v2\/posts\/144393\/revisions"}],"predecessor-version":[{"id":145846,"href":"https:\/\/pre.efe.com\/pt-br\/wp-json\/wp\/v2\/posts\/144393\/revisions\/145846"}],"wp:featuredmedia":[{"embeddable":true,"href":"https:\/\/pre.efe.com\/pt-br\/wp-json\/wp\/v2\/media\/145740"}],"wp:attachment":[{"href":"https:\/\/pre.efe.com\/pt-br\/wp-json\/wp\/v2\/media?parent=144393"}],"wp:term":[{"taxonomy":"category","embeddable":true,"href":"https:\/\/pre.efe.com\/pt-br\/wp-json\/wp\/v2\/categories?post=144393"},{"taxonomy":"post_tag","embeddable":true,"href":"https:\/\/pre.efe.com\/pt-br\/wp-json\/wp\/v2\/tags?post=144393"}],"curies":[{"name":"wp","href":"https:\/\/api.w.org\/{rel}","templated":true}]}}