{"id":146154,"date":"2022-10-27T00:43:31","date_gmt":"2022-10-26T22:43:31","guid":{"rendered":"https:\/\/pre.efe.com\/?p=146154"},"modified":"2022-10-27T00:43:33","modified_gmt":"2022-10-26T22:43:33","slug":"putin-reitera-que-ucrania-tem-planos-de-usar-uma-bomba-suja","status":"publish","type":"post","link":"https:\/\/pre.efe.com\/pt-br\/mundo-2\/2022-10-27\/putin-reitera-que-ucrania-tem-planos-de-usar-uma-bomba-suja\/","title":{"rendered":"Putin reitera que Ucr\u00e2nia tem planos de usar uma &#8220;bomba suja&#8221;"},"content":{"rendered":"\n<p>Moscou (<a href=\"https:\/\/pre.efe.com\/pt-br\/\">EFE<\/a>).- O presidente da R\u00fassia, Vladimir Putin, reiterou nesta quarta-feira aos servi\u00e7os de seguran\u00e7a de alguns pa\u00edses aliados que a Ucr\u00e2nia tem planos de usar uma &#8220;bomba suja&#8221; com elementos radioativos e adquirir armas nucleares.<\/p>\n\n\n\n<p>Segundo Putin, o Ocidente continua fornecendo armas \u00e0 Ucr\u00e2nia e &#8220;ignora as declara\u00e7\u00f5es de Kiev sobre a inten\u00e7\u00e3o de adquirir uma arma nuclear&#8221;.<\/p>\n\n\n\n<p>&#8220;Os planos (da Ucr\u00e2nia) de usar a chamada &#8216;bomba suja&#8217; para uma provoca\u00e7\u00e3o tamb\u00e9m s\u00e3o conhecidos&#8221;, disse o chefe do Kremlin ao presidir uma reuni\u00e3o por videoconfer\u00eancia dos l\u00edderes dos \u00f3rg\u00e3os de seguran\u00e7a da Comunidade de Estados Independentes (CEI), formada por algumas ex-rep\u00fablicas sovi\u00e9ticas.<\/p>\n\n\n\n<p>Estas foram as primeiras declara\u00e7\u00f5es do presidente russo sobre o caso poucos dias depois de a R\u00fassia ter acusado a Ucr\u00e2nia de realizar preparativos para usar uma &#8216;bomba suja&#8221;, algo que foi categoricamente negado por Kiev.<\/p>\n\n\n\n<p>De acordo com o presidente russo, a Ucr\u00e2nia &#8220;perdeu de fato sua soberania&#8221; e &#8220;\u00e9 governada diretamente pelos Estados Unidos&#8221;, que a usa como &#8220;um ar\u00edete contra a R\u00fassia&#8221;.<\/p>\n\n\n\n<p>Al\u00e9m disso, na opini\u00e3o do chefe do Kremlin, Washington transformou o territ\u00f3rio ucraniano em um &#8220;pol\u00edgono de experimentos biol\u00f3gicos e militares&#8221;.<\/p>\n\n\n\n<p>O Kremlin afirmou hoje que continuar\u00e1 seus esfor\u00e7os diplom\u00e1ticos para advertir a comunidade internacional sobre o poss\u00edvel uso de uma &#8220;bomba suja&#8221; por parte da Ucr\u00e2nia, alegando que essa amea\u00e7a ainda persiste.<\/p>\n\n\n\n<p>&#8220;Temos informa\u00e7\u00f5es que provam que h\u00e1 uma amea\u00e7a de uso de uma bomba suja pela Ucr\u00e2nia. Temos informa\u00e7\u00f5es de que a Ucr\u00e2nia est\u00e1 se preparando para essa sabotagem terrorista&#8221;, disse o porta-voz da Presid\u00eancia russa, Dmitry Peskov.<\/p>\n\n\n\n<p>Ontem, Moscou levou ao Conselho de Seguran\u00e7a da ONU suas acusa\u00e7\u00f5es sobre os supostos preparativos da Ucr\u00e2nia para usar uma bomba suja em seu pr\u00f3prio territ\u00f3rio, uma quest\u00e3o que as pot\u00eancias ocidentais veem como uma tentativa de Moscou de semear a desinforma\u00e7\u00e3o.<\/p>\n\n\n\n<p>Kiev negou repetidamente as acusa\u00e7\u00f5es russas e solicitou a visita de especialistas da Ag\u00eancia Internacional de Energia At\u00f4mica para dissipar quaisquer d\u00favidas.<\/p>\n\n\n\n<p>Na \u00faltima segunda-feira, a ag\u00eancia nuclear da ONU confirmou que enviaria uma miss\u00e3o de inspetores a duas instala\u00e7\u00f5es nucleares na Ucr\u00e2nia diante das acusa\u00e7\u00f5es russas, sem saber, no momento, a data de sua chegada ao pa\u00eds. <a href=\"https:\/\/efs.efeservicios.com\/\">EFE<\/a><\/p>\n","protected":false},"excerpt":{"rendered":"<p>Moscou (EFE).- O presidente da R\u00fassia, Vladimir Putin, reiterou nesta quarta-feira aos servi\u00e7os de seguran\u00e7a de alguns pa\u00edses aliados que a Ucr\u00e2nia tem planos de usar uma &#8220;bomba suja&#8221; com elementos radioativos e adquirir armas nucleares. Segundo Putin, o Ocidente continua fornecendo armas \u00e0 Ucr\u00e2nia e &#8220;ignora as declara\u00e7\u00f5es de Kiev sobre a inten\u00e7\u00e3o de &#8230; <a title=\"Putin reitera que Ucr\u00e2nia tem planos de usar uma &#8220;bomba suja&#8221;\" class=\"read-more\" href=\"https:\/\/pre.efe.com\/pt-br\/mundo-2\/2022-10-27\/putin-reitera-que-ucrania-tem-planos-de-usar-uma-bomba-suja\/\" aria-label=\"Read more about Putin reitera que Ucr\u00e2nia tem planos de usar uma &#8220;bomba suja&#8221;\">Leia mais<\/a><\/p>\n","protected":false},"author":198164106,"featured_media":146156,"comment_status":"closed","ping_status":"closed","sticky":false,"template":"","format":"standard","meta":{"_acf_changed":false,"_jetpack_memberships_contains_paid_content":false,"footnotes":""},"categories":[123208,122141],"tags":[122791,122790,122958,122792],"class_list":["post-146154","post","type-post","status-publish","format-standard","has-post-thumbnail","hentry","category-mundo-2","category-portada","tag-guerra-2","tag-putin-2","tag-russia-2","tag-ucrania-2","generate-columns","tablet-grid-50","mobile-grid-100","grid-parent","grid-50"],"acf":[],"yoast_head":"<!-- This site is optimized with the Yoast SEO Premium plugin v26.0 (Yoast SEO v27.5) - https:\/\/yoast.com\/product\/yoast-seo-premium-wordpress\/ -->\n<title>Putin reitera que Ucr\u00e2nia tem planos de usar uma &quot;bomba suja&quot;<\/title>\n<meta name=\"description\" content=\"O presidente da R\u00fassia, Vladimir Putin, disse aos servi\u00e7os de seguran\u00e7a de pa\u00edses aliados que a Ucr\u00e2nia tem planos de usar uma &quot;bomba suja&quot;.\" \/>\n<meta name=\"robots\" content=\"noindex, follow\" \/>\n<meta property=\"og:locale\" content=\"pt_BR\" \/>\n<meta property=\"og:type\" content=\"article\" \/>\n<meta property=\"og:title\" content=\"Putin reitera que Ucr\u00e2nia tem planos de usar uma &quot;bomba suja&quot; - EFE\" \/>\n<meta property=\"og:description\" content=\"O presidente da R\u00fassia, Vladimir Putin, disse aos servi\u00e7os de seguran\u00e7a de pa\u00edses aliados que a Ucr\u00e2nia tem planos de usar uma &quot;bomba suja&quot;.\" \/>\n<meta property=\"og:url\" content=\"https:\/\/pre.efe.com\/pt-br\/mundo-2\/2022-10-27\/putin-reitera-que-ucrania-tem-planos-de-usar-uma-bomba-suja\/\" \/>\n<meta property=\"og:site_name\" content=\"EFE Noticias\" \/>\n<meta property=\"article:publisher\" content=\"https:\/\/www.facebook.com\/AgenciaEFEnoticias\/\" \/>\n<meta property=\"article:published_time\" content=\"2022-10-26T22:43:31+00:00\" \/>\n<meta property=\"article:modified_time\" content=\"2022-10-26T22:43:33+00:00\" \/>\n<meta property=\"og:image\" content=\"https:\/\/i0.wp.com\/efe.com\/\/srv\/htdocs\/wp-content\/uploads\/2022\/10\/PUTIN_.jpg?fit=900%2C622&ssl=1\" \/>\n\t<meta property=\"og:image:width\" content=\"900\" \/>\n\t<meta property=\"og:image:height\" content=\"622\" \/>\n\t<meta property=\"og:image:type\" content=\"image\/jpeg\" \/>\n<meta name=\"author\" content=\"anachain\" \/>\n<meta name=\"twitter:card\" content=\"summary_large_image\" \/>\n<meta name=\"twitter:creator\" content=\"@efenoticias\" \/>\n<meta name=\"twitter:site\" content=\"@efenoticias\" \/>\n<script type=\"application\/ld+json\" class=\"yoast-schema-graph\">{\"@context\":\"https:\\\/\\\/schema.org\",\"@graph\":[{\"@type\":\"NewsArticle\",\"@id\":\"https:\\\/\\\/pre.efe.com\\\/pt-br\\\/mundo-2\\\/2022-10-27\\\/putin-reitera-que-ucrania-tem-planos-de-usar-uma-bomba-suja\\\/#article\",\"isPartOf\":{\"@id\":\"https:\\\/\\\/pre.efe.com\\\/pt-br\\\/mundo-2\\\/2022-10-27\\\/putin-reitera-que-ucrania-tem-planos-de-usar-uma-bomba-suja\\\/\"},\"author\":{\"name\":\"anachain\",\"@id\":\"https:\\\/\\\/pre.efe.com\\\/pt-br\\\/#\\\/schema\\\/person\\\/b19f23f210db552768f68a4b552b004f\"},\"headline\":\"Putin reitera que Ucr\u00e2nia tem planos de usar uma &#8220;bomba suja&#8221;\",\"datePublished\":\"2022-10-26T22:43:31+00:00\",\"dateModified\":\"2022-10-26T22:43:33+00:00\",\"mainEntityOfPage\":{\"@id\":\"https:\\\/\\\/pre.efe.com\\\/pt-br\\\/mundo-2\\\/2022-10-27\\\/putin-reitera-que-ucrania-tem-planos-de-usar-uma-bomba-suja\\\/\"},\"wordCount\":429,\"publisher\":{\"@id\":\"https:\\\/\\\/pre.efe.com\\\/pt-br\\\/#organization\"},\"image\":{\"@id\":\"https:\\\/\\\/pre.efe.com\\\/pt-br\\\/mundo-2\\\/2022-10-27\\\/putin-reitera-que-ucrania-tem-planos-de-usar-uma-bomba-suja\\\/#primaryimage\"},\"thumbnailUrl\":\"https:\\\/\\\/pre.efe.com\\\/wp-content\\\/uploads\\\/2022\\\/10\\\/PUTIN_.jpg\",\"keywords\":[\"Guerra\",\"Putin\",\"Russia\",\"Ucrania\"],\"articleSection\":[\"Mundo\",\"Portada\"],\"inLanguage\":\"pt-BR\",\"copyrightYear\":\"2022\",\"copyrightHolder\":{\"@id\":\"https:\\\/\\\/pre.efe.com\\\/#organization\"}},{\"@type\":[\"WebPage\",\"ItemPage\"],\"@id\":\"https:\\\/\\\/pre.efe.com\\\/pt-br\\\/mundo-2\\\/2022-10-27\\\/putin-reitera-que-ucrania-tem-planos-de-usar-uma-bomba-suja\\\/\",\"url\":\"https:\\\/\\\/pre.efe.com\\\/pt-br\\\/mundo-2\\\/2022-10-27\\\/putin-reitera-que-ucrania-tem-planos-de-usar-uma-bomba-suja\\\/\",\"name\":\"Putin reitera que Ucr\u00e2nia tem planos de usar uma \\\"bomba suja\\\"\",\"isPartOf\":{\"@id\":\"https:\\\/\\\/pre.efe.com\\\/pt-br\\\/#website\"},\"primaryImageOfPage\":{\"@id\":\"https:\\\/\\\/pre.efe.com\\\/pt-br\\\/mundo-2\\\/2022-10-27\\\/putin-reitera-que-ucrania-tem-planos-de-usar-uma-bomba-suja\\\/#primaryimage\"},\"image\":{\"@id\":\"https:\\\/\\\/pre.efe.com\\\/pt-br\\\/mundo-2\\\/2022-10-27\\\/putin-reitera-que-ucrania-tem-planos-de-usar-uma-bomba-suja\\\/#primaryimage\"},\"thumbnailUrl\":\"https:\\\/\\\/pre.efe.com\\\/wp-content\\\/uploads\\\/2022\\\/10\\\/PUTIN_.jpg\",\"datePublished\":\"2022-10-26T22:43:31+00:00\",\"dateModified\":\"2022-10-26T22:43:33+00:00\",\"description\":\"O presidente da R\u00fassia, Vladimir Putin, disse aos servi\u00e7os de seguran\u00e7a de pa\u00edses aliados que a Ucr\u00e2nia tem planos de usar uma \\\"bomba suja\\\".\",\"breadcrumb\":{\"@id\":\"https:\\\/\\\/pre.efe.com\\\/pt-br\\\/mundo-2\\\/2022-10-27\\\/putin-reitera-que-ucrania-tem-planos-de-usar-uma-bomba-suja\\\/#breadcrumb\"},\"inLanguage\":\"pt-BR\",\"potentialAction\":[{\"@type\":\"ReadAction\",\"target\":[\"https:\\\/\\\/pre.efe.com\\\/pt-br\\\/mundo-2\\\/2022-10-27\\\/putin-reitera-que-ucrania-tem-planos-de-usar-uma-bomba-suja\\\/\"]}]},{\"@type\":\"ImageObject\",\"inLanguage\":\"pt-BR\",\"@id\":\"https:\\\/\\\/pre.efe.com\\\/pt-br\\\/mundo-2\\\/2022-10-27\\\/putin-reitera-que-ucrania-tem-planos-de-usar-uma-bomba-suja\\\/#primaryimage\",\"url\":\"https:\\\/\\\/pre.efe.com\\\/wp-content\\\/uploads\\\/2022\\\/10\\\/PUTIN_.jpg\",\"contentUrl\":\"https:\\\/\\\/pre.efe.com\\\/wp-content\\\/uploads\\\/2022\\\/10\\\/PUTIN_.jpg\",\"width\":900,\"height\":622,\"caption\":\"O presidente da R\u00fassia, Vladimir Putin. EFE\\\/Kremlin Pool\"},{\"@type\":\"BreadcrumbList\",\"@id\":\"https:\\\/\\\/pre.efe.com\\\/pt-br\\\/mundo-2\\\/2022-10-27\\\/putin-reitera-que-ucrania-tem-planos-de-usar-uma-bomba-suja\\\/#breadcrumb\",\"itemListElement\":[{\"@type\":\"ListItem\",\"position\":1,\"name\":\"Portada\",\"item\":\"https:\\\/\\\/pre.efe.com\\\/pt-br\\\/\"},{\"@type\":\"ListItem\",\"position\":2,\"name\":\"Putin reitera que Ucr\u00e2nia tem planos de usar uma &#8220;bomba suja&#8221;\"}]},{\"@type\":\"WebSite\",\"@id\":\"https:\\\/\\\/pre.efe.com\\\/pt-br\\\/#website\",\"url\":\"https:\\\/\\\/pre.efe.com\\\/pt-br\\\/\",\"name\":\"EFE Noticias\",\"description\":\"\",\"publisher\":{\"@id\":\"https:\\\/\\\/pre.efe.com\\\/pt-br\\\/#organization\"},\"potentialAction\":[{\"@type\":\"SearchAction\",\"target\":{\"@type\":\"EntryPoint\",\"urlTemplate\":\"https:\\\/\\\/pre.efe.com\\\/pt-br\\\/?s={search_term_string}\"},\"query-input\":{\"@type\":\"PropertyValueSpecification\",\"valueRequired\":true,\"valueName\":\"search_term_string\"}}],\"inLanguage\":\"pt-BR\"},{\"@type\":\"Organization\",\"@id\":\"https:\\\/\\\/pre.efe.com\\\/pt-br\\\/#organization\",\"name\":\"Agencia EFE\",\"url\":\"https:\\\/\\\/pre.efe.com\\\/pt-br\\\/\",\"logo\":{\"@type\":\"ImageObject\",\"inLanguage\":\"pt-BR\",\"@id\":\"https:\\\/\\\/pre.efe.com\\\/pt-br\\\/#\\\/schema\\\/logo\\\/image\\\/\",\"url\":\"https:\\\/\\\/pre.efe.com\\\/wp-content\\\/uploads\\\/2023\\\/06\\\/logo-efe-467.png\",\"contentUrl\":\"https:\\\/\\\/pre.efe.com\\\/wp-content\\\/uploads\\\/2023\\\/06\\\/logo-efe-467.png\",\"width\":467,\"height\":467,\"caption\":\"Agencia EFE\"},\"image\":{\"@id\":\"https:\\\/\\\/pre.efe.com\\\/pt-br\\\/#\\\/schema\\\/logo\\\/image\\\/\"},\"sameAs\":[\"https:\\\/\\\/www.facebook.com\\\/AgenciaEFEnoticias\\\/\",\"https:\\\/\\\/x.com\\\/efenoticias\",\"https:\\\/\\\/www.instagram.com\\\/efe_noticias\\\/\",\"http:\\\/\\\/www.youtube.com\\\/efe\"]},{\"@type\":\"Person\",\"@id\":\"https:\\\/\\\/pre.efe.com\\\/pt-br\\\/#\\\/schema\\\/person\\\/b19f23f210db552768f68a4b552b004f\",\"name\":\"anachain\",\"image\":{\"@type\":\"ImageObject\",\"inLanguage\":\"pt-BR\",\"@id\":\"https:\\\/\\\/secure.gravatar.com\\\/avatar\\\/30b83965911ef1108bb893c00bdd65c885f9890e1265ee04b02c3d5adc785d37?s=96&d=identicon&r=g\",\"url\":\"https:\\\/\\\/secure.gravatar.com\\\/avatar\\\/30b83965911ef1108bb893c00bdd65c885f9890e1265ee04b02c3d5adc785d37?s=96&d=identicon&r=g\",\"contentUrl\":\"https:\\\/\\\/secure.gravatar.com\\\/avatar\\\/30b83965911ef1108bb893c00bdd65c885f9890e1265ee04b02c3d5adc785d37?s=96&d=identicon&r=g\",\"caption\":\"anachain\"},\"url\":\"https:\\\/\\\/pre.efe.com\\\/pt-br\\\/autor\\\/anachain\\\/\"}]}<\/script>\n<!-- \/ Yoast SEO Premium plugin. -->","yoast_head_json":{"title":"Putin reitera que Ucr\u00e2nia tem planos de usar uma \"bomba suja\"","description":"O presidente da R\u00fassia, Vladimir Putin, disse aos servi\u00e7os de seguran\u00e7a de pa\u00edses aliados que a Ucr\u00e2nia tem planos de usar uma \"bomba suja\".","robots":{"index":"noindex","follow":"follow"},"og_locale":"pt_BR","og_type":"article","og_title":"Putin reitera que Ucr\u00e2nia tem planos de usar uma \"bomba suja\" - EFE","og_description":"O presidente da R\u00fassia, Vladimir Putin, disse aos servi\u00e7os de seguran\u00e7a de pa\u00edses aliados que a Ucr\u00e2nia tem planos de usar uma \"bomba suja\".","og_url":"https:\/\/pre.efe.com\/pt-br\/mundo-2\/2022-10-27\/putin-reitera-que-ucrania-tem-planos-de-usar-uma-bomba-suja\/","og_site_name":"EFE Noticias","article_publisher":"https:\/\/www.facebook.com\/AgenciaEFEnoticias\/","article_published_time":"2022-10-26T22:43:31+00:00","article_modified_time":"2022-10-26T22:43:33+00:00","og_image":[{"width":900,"height":622,"url":"https:\/\/i0.wp.com\/efe.com\/\/srv\/htdocs\/wp-content\/uploads\/2022\/10\/PUTIN_.jpg?fit=900%2C622&ssl=1","type":"image\/jpeg"}],"author":"anachain","twitter_card":"summary_large_image","twitter_creator":"@efenoticias","twitter_site":"@efenoticias","schema":{"@context":"https:\/\/schema.org","@graph":[{"@type":"NewsArticle","@id":"https:\/\/pre.efe.com\/pt-br\/mundo-2\/2022-10-27\/putin-reitera-que-ucrania-tem-planos-de-usar-uma-bomba-suja\/#article","isPartOf":{"@id":"https:\/\/pre.efe.com\/pt-br\/mundo-2\/2022-10-27\/putin-reitera-que-ucrania-tem-planos-de-usar-uma-bomba-suja\/"},"author":{"name":"anachain","@id":"https:\/\/pre.efe.com\/pt-br\/#\/schema\/person\/b19f23f210db552768f68a4b552b004f"},"headline":"Putin reitera que Ucr\u00e2nia tem planos de usar uma &#8220;bomba suja&#8221;","datePublished":"2022-10-26T22:43:31+00:00","dateModified":"2022-10-26T22:43:33+00:00","mainEntityOfPage":{"@id":"https:\/\/pre.efe.com\/pt-br\/mundo-2\/2022-10-27\/putin-reitera-que-ucrania-tem-planos-de-usar-uma-bomba-suja\/"},"wordCount":429,"publisher":{"@id":"https:\/\/pre.efe.com\/pt-br\/#organization"},"image":{"@id":"https:\/\/pre.efe.com\/pt-br\/mundo-2\/2022-10-27\/putin-reitera-que-ucrania-tem-planos-de-usar-uma-bomba-suja\/#primaryimage"},"thumbnailUrl":"https:\/\/pre.efe.com\/wp-content\/uploads\/2022\/10\/PUTIN_.jpg","keywords":["Guerra","Putin","Russia","Ucrania"],"articleSection":["Mundo","Portada"],"inLanguage":"pt-BR","copyrightYear":"2022","copyrightHolder":{"@id":"https:\/\/pre.efe.com\/#organization"}},{"@type":["WebPage","ItemPage"],"@id":"https:\/\/pre.efe.com\/pt-br\/mundo-2\/2022-10-27\/putin-reitera-que-ucrania-tem-planos-de-usar-uma-bomba-suja\/","url":"https:\/\/pre.efe.com\/pt-br\/mundo-2\/2022-10-27\/putin-reitera-que-ucrania-tem-planos-de-usar-uma-bomba-suja\/","name":"Putin reitera que Ucr\u00e2nia tem planos de usar uma \"bomba suja\"","isPartOf":{"@id":"https:\/\/pre.efe.com\/pt-br\/#website"},"primaryImageOfPage":{"@id":"https:\/\/pre.efe.com\/pt-br\/mundo-2\/2022-10-27\/putin-reitera-que-ucrania-tem-planos-de-usar-uma-bomba-suja\/#primaryimage"},"image":{"@id":"https:\/\/pre.efe.com\/pt-br\/mundo-2\/2022-10-27\/putin-reitera-que-ucrania-tem-planos-de-usar-uma-bomba-suja\/#primaryimage"},"thumbnailUrl":"https:\/\/pre.efe.com\/wp-content\/uploads\/2022\/10\/PUTIN_.jpg","datePublished":"2022-10-26T22:43:31+00:00","dateModified":"2022-10-26T22:43:33+00:00","description":"O presidente da R\u00fassia, Vladimir Putin, disse aos servi\u00e7os de seguran\u00e7a de pa\u00edses aliados que a Ucr\u00e2nia tem planos de usar uma \"bomba suja\".","breadcrumb":{"@id":"https:\/\/pre.efe.com\/pt-br\/mundo-2\/2022-10-27\/putin-reitera-que-ucrania-tem-planos-de-usar-uma-bomba-suja\/#breadcrumb"},"inLanguage":"pt-BR","potentialAction":[{"@type":"ReadAction","target":["https:\/\/pre.efe.com\/pt-br\/mundo-2\/2022-10-27\/putin-reitera-que-ucrania-tem-planos-de-usar-uma-bomba-suja\/"]}]},{"@type":"ImageObject","inLanguage":"pt-BR","@id":"https:\/\/pre.efe.com\/pt-br\/mundo-2\/2022-10-27\/putin-reitera-que-ucrania-tem-planos-de-usar-uma-bomba-suja\/#primaryimage","url":"https:\/\/pre.efe.com\/wp-content\/uploads\/2022\/10\/PUTIN_.jpg","contentUrl":"https:\/\/pre.efe.com\/wp-content\/uploads\/2022\/10\/PUTIN_.jpg","width":900,"height":622,"caption":"O presidente da R\u00fassia, Vladimir Putin. EFE\/Kremlin Pool"},{"@type":"BreadcrumbList","@id":"https:\/\/pre.efe.com\/pt-br\/mundo-2\/2022-10-27\/putin-reitera-que-ucrania-tem-planos-de-usar-uma-bomba-suja\/#breadcrumb","itemListElement":[{"@type":"ListItem","position":1,"name":"Portada","item":"https:\/\/pre.efe.com\/pt-br\/"},{"@type":"ListItem","position":2,"name":"Putin reitera que Ucr\u00e2nia tem planos de usar uma &#8220;bomba suja&#8221;"}]},{"@type":"WebSite","@id":"https:\/\/pre.efe.com\/pt-br\/#website","url":"https:\/\/pre.efe.com\/pt-br\/","name":"EFE Noticias","description":"","publisher":{"@id":"https:\/\/pre.efe.com\/pt-br\/#organization"},"potentialAction":[{"@type":"SearchAction","target":{"@type":"EntryPoint","urlTemplate":"https:\/\/pre.efe.com\/pt-br\/?s={search_term_string}"},"query-input":{"@type":"PropertyValueSpecification","valueRequired":true,"valueName":"search_term_string"}}],"inLanguage":"pt-BR"},{"@type":"Organization","@id":"https:\/\/pre.efe.com\/pt-br\/#organization","name":"Agencia EFE","url":"https:\/\/pre.efe.com\/pt-br\/","logo":{"@type":"ImageObject","inLanguage":"pt-BR","@id":"https:\/\/pre.efe.com\/pt-br\/#\/schema\/logo\/image\/","url":"https:\/\/pre.efe.com\/wp-content\/uploads\/2023\/06\/logo-efe-467.png","contentUrl":"https:\/\/pre.efe.com\/wp-content\/uploads\/2023\/06\/logo-efe-467.png","width":467,"height":467,"caption":"Agencia EFE"},"image":{"@id":"https:\/\/pre.efe.com\/pt-br\/#\/schema\/logo\/image\/"},"sameAs":["https:\/\/www.facebook.com\/AgenciaEFEnoticias\/","https:\/\/x.com\/efenoticias","https:\/\/www.instagram.com\/efe_noticias\/","http:\/\/www.youtube.com\/efe"]},{"@type":"Person","@id":"https:\/\/pre.efe.com\/pt-br\/#\/schema\/person\/b19f23f210db552768f68a4b552b004f","name":"anachain","image":{"@type":"ImageObject","inLanguage":"pt-BR","@id":"https:\/\/secure.gravatar.com\/avatar\/30b83965911ef1108bb893c00bdd65c885f9890e1265ee04b02c3d5adc785d37?s=96&d=identicon&r=g","url":"https:\/\/secure.gravatar.com\/avatar\/30b83965911ef1108bb893c00bdd65c885f9890e1265ee04b02c3d5adc785d37?s=96&d=identicon&r=g","contentUrl":"https:\/\/secure.gravatar.com\/avatar\/30b83965911ef1108bb893c00bdd65c885f9890e1265ee04b02c3d5adc785d37?s=96&d=identicon&r=g","caption":"anachain"},"url":"https:\/\/pre.efe.com\/pt-br\/autor\/anachain\/"}]}},"jetpack_featured_media_url":"https:\/\/pre.efe.com\/wp-content\/uploads\/2022\/10\/PUTIN_.jpg","jetpack_shortlink":"https:\/\/wp.me\/peJvHm-C1k","jetpack_sharing_enabled":true,"_links":{"self":[{"href":"https:\/\/pre.efe.com\/pt-br\/wp-json\/wp\/v2\/posts\/146154","targetHints":{"allow":["GET"]}}],"collection":[{"href":"https:\/\/pre.efe.com\/pt-br\/wp-json\/wp\/v2\/posts"}],"about":[{"href":"https:\/\/pre.efe.com\/pt-br\/wp-json\/wp\/v2\/types\/post"}],"author":[{"embeddable":true,"href":"https:\/\/pre.efe.com\/pt-br\/wp-json\/wp\/v2\/users\/198164106"}],"replies":[{"embeddable":true,"href":"https:\/\/pre.efe.com\/pt-br\/wp-json\/wp\/v2\/comments?post=146154"}],"version-history":[{"count":2,"href":"https:\/\/pre.efe.com\/pt-br\/wp-json\/wp\/v2\/posts\/146154\/revisions"}],"predecessor-version":[{"id":146159,"href":"https:\/\/pre.efe.com\/pt-br\/wp-json\/wp\/v2\/posts\/146154\/revisions\/146159"}],"wp:featuredmedia":[{"embeddable":true,"href":"https:\/\/pre.efe.com\/pt-br\/wp-json\/wp\/v2\/media\/146156"}],"wp:attachment":[{"href":"https:\/\/pre.efe.com\/pt-br\/wp-json\/wp\/v2\/media?parent=146154"}],"wp:term":[{"taxonomy":"category","embeddable":true,"href":"https:\/\/pre.efe.com\/pt-br\/wp-json\/wp\/v2\/categories?post=146154"},{"taxonomy":"post_tag","embeddable":true,"href":"https:\/\/pre.efe.com\/pt-br\/wp-json\/wp\/v2\/tags?post=146154"}],"curies":[{"name":"wp","href":"https:\/\/api.w.org\/{rel}","templated":true}]}}