{"id":1466059,"date":"2024-11-08T15:19:25","date_gmt":"2024-11-08T14:19:25","guid":{"rendered":"https:\/\/pre.efe.com\/?p=1466059"},"modified":"2024-11-08T15:19:27","modified_gmt":"2024-11-08T14:19:27","slug":"ancelotti-diz-que-nao-se-arrepende-de-ter-recusado-selecao-brasileira","status":"publish","type":"post","link":"https:\/\/pre.efe.com\/pt-br\/esportes\/2024-11-08\/ancelotti-diz-que-nao-se-arrepende-de-ter-recusado-selecao-brasileira\/","title":{"rendered":"Ancelotti diz que n\u00e3o se arrepende de ter recusado sele\u00e7\u00e3o brasileira"},"content":{"rendered":"\n<p>Madri (EFE).- O italiano Carlo Ancelotti, que vive um momento conturbado no comando do Real Madrid, afirmou nesta sexta-feira que n\u00e3o se arrepende de ter recusado\u00a0a oferta para treinar a sele\u00e7\u00e3o brasileira.<\/p>\n\n\n\n<p>Perguntado em entrevista coletiva sobre a exist\u00eancia de qualquer arrependimento com rela\u00e7\u00e3o \u00e0 decis\u00e3o de permanecer no clube espanhol, ele riu e afirmou que, apesar das cr\u00edticas recebidas ap\u00f3s as \u00faltimas derrotas, em casa para Barcelona (4 a 0) e Milan (3 a 1), ainda acredita que fez a escolha correta.<\/p>\n\n\n\n<blockquote class=\"wp-block-quote is-layout-flow wp-block-quote-is-layout-flow\">\n<p>\u201cIsso me faz rir. Obrigado por me dar a oportunidade de rir, mas n\u00e3o \u00e9 hora de rir porque \u00e9 um momento delicado e temos que seguir em frente. \u00c9 hora de pensar e agir. N\u00e3o me arrependo de nada. Procuro aproveitar e continuo aproveitando cada dia que passo aqui em Valdebebas e farei isso at\u00e9 o \u00faltimo dia.  \u00c9 um momento dif\u00edcil mas estou feliz por pass\u00e1-lo aqui, neste clube que \u00e9 o melhor do mundo\u201d, respondeu.<\/p>\n<\/blockquote>\n\n\n\n<p>Ancelotti  afirmou que ele e sua equipe \u201cencontraram a solu\u00e7\u00e3o\u201d para os problemas do time ap\u00f3s as duas derrotas consecutivas, e colocou  press\u00e3o em seus jogadores ao afirmar que devem \u201cagir amanh\u00e3\u201d em campo.<\/p>\n\n\n\n<h2 class=\"wp-block-heading\" id=\"h-possivel-solucao\">Poss\u00edvel solu\u00e7\u00e3o<\/h2>\n\n\n\n<p>\u201cAchamos que encontramos a solu\u00e7\u00e3o, mas \u00e9 tudo te\u00f3rico. Este n\u00e3o \u00e9 o melhor lugar para falar dos problemas que tivemos porque todos t\u00eam uma opini\u00e3o. Temos que encarar a realidade. Perdemos os \u00faltimos jogos e temos que fazer diferente. Achamos que detectamos isso e veremos amanh\u00e3 se isso \u00e9 realidade\u201d, explicou durante a coletiva.<\/p>\n\n\n\n<p>Ancelotti tamb\u00e9m insistiu em que a equipe precisa \u201creagir&#8221; e recuperar a solidez coletiva.<\/p>\n\n\n\n<p>\u201cEstou convencido de que vamos dar seguimento ao que falamos, mas tenho d\u00favidas de que isso aconte\u00e7a amanh\u00e3. Acho que o problema foi detectado e est\u00e1 muito claro, mas quero ver uma rea\u00e7\u00e3o nesse sentido amanh\u00e3\u201d, afirmou.<\/p>\n\n\n\n<p>Al\u00e9m disso, Carlo Ancelotti afirmou que se sente \u201cforte\u201d diante do mau momento que sua equipe atravessa e que, mesmo assim, gosta de estar no Real Madrid.<\/p>\n\n\n\n<blockquote class=\"wp-block-quote is-layout-flow wp-block-quote-is-layout-flow\">\n<p>\u201cTodos vivemos um momento dif\u00edcil, n\u00e3o s\u00f3 eu, mas tamb\u00e9m o clube e todos n\u00f3s. Continuamos sendo uma fam\u00edlia muito unida, com uma ideia muito clara, ajudando-nos mutuamente e tenho muita confian\u00e7a nos jogadores, que est\u00e3o conscientes das dificuldades. S\u00e3o momentos no futebol que sempre acontecem. \u00c9 uma oportunidade de avan\u00e7ar e ser mais forte no futuro\u201d, comentou.<\/p>\n<\/blockquote>\n\n\n\n<p>Um futuro que se prev\u00ea como de sucesso apesar das dificuldades iniciais.<\/p>\n\n\n\n<p>\u201cVejo que, com esse problema que estamos tendo, pode ser uma temporada de sucesso, brigando por todos os t\u00edtulos em todas as competi\u00e7\u00f5es. \u00c9 assim que vejo o futuro e ser\u00e1 assim. Em um m\u00eas temos a possibilidade de ganhar um Mundial. Vamos competir na Liga e na Champions. Como sempre aconteceu&#8221;, disse. EFE<\/p>\n","protected":false},"excerpt":{"rendered":"<p>Madri (EFE).- O italiano Carlo Ancelotti, que vive um momento conturbado no comando do Real Madrid, afirmou nesta sexta-feira que n\u00e3o se arrepende de ter recusado\u00a0a oferta para treinar a sele\u00e7\u00e3o brasileira. Perguntado em entrevista coletiva sobre a exist\u00eancia de qualquer arrependimento com rela\u00e7\u00e3o \u00e0 decis\u00e3o de permanecer no clube espanhol, ele riu e afirmou &#8230; <a title=\"Ancelotti diz que n\u00e3o se arrepende de ter recusado sele\u00e7\u00e3o brasileira\" class=\"read-more\" href=\"https:\/\/pre.efe.com\/pt-br\/esportes\/2024-11-08\/ancelotti-diz-que-nao-se-arrepende-de-ter-recusado-selecao-brasileira\/\" aria-label=\"Read more about Ancelotti diz que n\u00e3o se arrepende de ter recusado sele\u00e7\u00e3o brasileira\">Leia mais<\/a><\/p>\n","protected":false},"author":198164106,"featured_media":1465573,"comment_status":"closed","ping_status":"closed","sticky":false,"template":"","format":"standard","meta":{"_acf_changed":false,"_jetpack_memberships_contains_paid_content":false,"footnotes":""},"categories":[121968,122144],"tags":[125591,122364],"class_list":["post-1466059","post","type-post","status-publish","format-standard","has-post-thumbnail","hentry","category-esportes","category-outras-noticias","tag-brasil-2","tag-futebol","generate-columns","tablet-grid-50","mobile-grid-100","grid-parent","grid-50"],"acf":[],"yoast_head":"<!-- This site is optimized with the Yoast SEO Premium plugin v26.0 (Yoast SEO v27.5) - https:\/\/yoast.com\/product\/yoast-seo-premium-wordpress\/ -->\n<title>Ancelotti diz que n\u00e3o se arrepende de ter recusado sele\u00e7\u00e3o brasileira - EFE<\/title>\n<meta name=\"robots\" content=\"noindex, follow\" \/>\n<meta property=\"og:locale\" content=\"pt_BR\" \/>\n<meta property=\"og:type\" content=\"article\" \/>\n<meta property=\"og:title\" content=\"Ancelotti diz que n\u00e3o se arrepende de ter recusado sele\u00e7\u00e3o brasileira - EFE\" \/>\n<meta property=\"og:description\" content=\"Madri (EFE).- O italiano Carlo Ancelotti, que vive um momento conturbado no comando do Real Madrid, afirmou nesta sexta-feira que n\u00e3o se arrepende de ter recusado\u00a0a oferta para treinar a sele\u00e7\u00e3o brasileira. Perguntado em entrevista coletiva sobre a exist\u00eancia de qualquer arrependimento com rela\u00e7\u00e3o \u00e0 decis\u00e3o de permanecer no clube espanhol, ele riu e afirmou ... Leia mais\" \/>\n<meta property=\"og:url\" content=\"https:\/\/pre.efe.com\/pt-br\/esportes\/2024-11-08\/ancelotti-diz-que-nao-se-arrepende-de-ter-recusado-selecao-brasileira\/\" \/>\n<meta property=\"og:site_name\" content=\"EFE Noticias\" \/>\n<meta property=\"article:publisher\" content=\"https:\/\/www.facebook.com\/AgenciaEFEnoticias\/\" \/>\n<meta property=\"article:published_time\" content=\"2024-11-08T14:19:25+00:00\" \/>\n<meta property=\"article:modified_time\" content=\"2024-11-08T14:19:27+00:00\" \/>\n<meta property=\"og:image\" content=\"https:\/\/i0.wp.com\/efe.com\/\/srv\/htdocs\/wp-content\/uploads\/2024\/11\/rss-efe54ce0ea297c881a2ac029b5895d05a79a847bd80w.jpg?fit=1920%2C1280&ssl=1\" \/>\n\t<meta property=\"og:image:width\" content=\"1920\" \/>\n\t<meta property=\"og:image:height\" content=\"1280\" \/>\n\t<meta property=\"og:image:type\" content=\"image\/jpeg\" \/>\n<meta name=\"author\" content=\"anachain\" \/>\n<meta name=\"twitter:card\" content=\"summary_large_image\" \/>\n<meta name=\"twitter:creator\" content=\"@efenoticias\" \/>\n<meta name=\"twitter:site\" content=\"@efenoticias\" \/>\n<script type=\"application\/ld+json\" class=\"yoast-schema-graph\">{\"@context\":\"https:\\\/\\\/schema.org\",\"@graph\":[{\"@type\":\"NewsArticle\",\"@id\":\"https:\\\/\\\/pre.efe.com\\\/pt-br\\\/esportes\\\/2024-11-08\\\/ancelotti-diz-que-nao-se-arrepende-de-ter-recusado-selecao-brasileira\\\/#article\",\"isPartOf\":{\"@id\":\"https:\\\/\\\/pre.efe.com\\\/pt-br\\\/esportes\\\/2024-11-08\\\/ancelotti-diz-que-nao-se-arrepende-de-ter-recusado-selecao-brasileira\\\/\"},\"author\":{\"name\":\"anachain\",\"@id\":\"https:\\\/\\\/pre.efe.com\\\/pt-br\\\/#\\\/schema\\\/person\\\/b19f23f210db552768f68a4b552b004f\"},\"headline\":\"Ancelotti diz que n\u00e3o se arrepende de ter recusado sele\u00e7\u00e3o brasileira\",\"datePublished\":\"2024-11-08T14:19:25+00:00\",\"dateModified\":\"2024-11-08T14:19:27+00:00\",\"mainEntityOfPage\":{\"@id\":\"https:\\\/\\\/pre.efe.com\\\/pt-br\\\/esportes\\\/2024-11-08\\\/ancelotti-diz-que-nao-se-arrepende-de-ter-recusado-selecao-brasileira\\\/\"},\"wordCount\":492,\"publisher\":{\"@id\":\"https:\\\/\\\/pre.efe.com\\\/pt-br\\\/#organization\"},\"image\":{\"@id\":\"https:\\\/\\\/pre.efe.com\\\/pt-br\\\/esportes\\\/2024-11-08\\\/ancelotti-diz-que-nao-se-arrepende-de-ter-recusado-selecao-brasileira\\\/#primaryimage\"},\"thumbnailUrl\":\"https:\\\/\\\/pre.efe.com\\\/wp-content\\\/uploads\\\/2024\\\/11\\\/rss-efe54ce0ea297c881a2ac029b5895d05a79a847bd80w.jpg\",\"keywords\":[\"Brasil\",\"Futebol\"],\"articleSection\":[\"Esportes\",\"Outras not\u00edcias\"],\"inLanguage\":\"pt-BR\",\"copyrightYear\":\"2024\",\"copyrightHolder\":{\"@id\":\"https:\\\/\\\/pre.efe.com\\\/#organization\"}},{\"@type\":[\"WebPage\",\"ItemPage\"],\"@id\":\"https:\\\/\\\/pre.efe.com\\\/pt-br\\\/esportes\\\/2024-11-08\\\/ancelotti-diz-que-nao-se-arrepende-de-ter-recusado-selecao-brasileira\\\/\",\"url\":\"https:\\\/\\\/pre.efe.com\\\/pt-br\\\/esportes\\\/2024-11-08\\\/ancelotti-diz-que-nao-se-arrepende-de-ter-recusado-selecao-brasileira\\\/\",\"name\":\"Ancelotti diz que n\u00e3o se arrepende de ter recusado sele\u00e7\u00e3o brasileira - EFE\",\"isPartOf\":{\"@id\":\"https:\\\/\\\/pre.efe.com\\\/pt-br\\\/#website\"},\"primaryImageOfPage\":{\"@id\":\"https:\\\/\\\/pre.efe.com\\\/pt-br\\\/esportes\\\/2024-11-08\\\/ancelotti-diz-que-nao-se-arrepende-de-ter-recusado-selecao-brasileira\\\/#primaryimage\"},\"image\":{\"@id\":\"https:\\\/\\\/pre.efe.com\\\/pt-br\\\/esportes\\\/2024-11-08\\\/ancelotti-diz-que-nao-se-arrepende-de-ter-recusado-selecao-brasileira\\\/#primaryimage\"},\"thumbnailUrl\":\"https:\\\/\\\/pre.efe.com\\\/wp-content\\\/uploads\\\/2024\\\/11\\\/rss-efe54ce0ea297c881a2ac029b5895d05a79a847bd80w.jpg\",\"datePublished\":\"2024-11-08T14:19:25+00:00\",\"dateModified\":\"2024-11-08T14:19:27+00:00\",\"breadcrumb\":{\"@id\":\"https:\\\/\\\/pre.efe.com\\\/pt-br\\\/esportes\\\/2024-11-08\\\/ancelotti-diz-que-nao-se-arrepende-de-ter-recusado-selecao-brasileira\\\/#breadcrumb\"},\"inLanguage\":\"pt-BR\",\"potentialAction\":[{\"@type\":\"ReadAction\",\"target\":[\"https:\\\/\\\/pre.efe.com\\\/pt-br\\\/esportes\\\/2024-11-08\\\/ancelotti-diz-que-nao-se-arrepende-de-ter-recusado-selecao-brasileira\\\/\"]}]},{\"@type\":\"ImageObject\",\"inLanguage\":\"pt-BR\",\"@id\":\"https:\\\/\\\/pre.efe.com\\\/pt-br\\\/esportes\\\/2024-11-08\\\/ancelotti-diz-que-nao-se-arrepende-de-ter-recusado-selecao-brasileira\\\/#primaryimage\",\"url\":\"https:\\\/\\\/pre.efe.com\\\/wp-content\\\/uploads\\\/2024\\\/11\\\/rss-efe54ce0ea297c881a2ac029b5895d05a79a847bd80w.jpg\",\"contentUrl\":\"https:\\\/\\\/pre.efe.com\\\/wp-content\\\/uploads\\\/2024\\\/11\\\/rss-efe54ce0ea297c881a2ac029b5895d05a79a847bd80w.jpg\",\"width\":1920,\"height\":1280,\"caption\":\"O t\u00e9cnico do Real Madrid Carlo Ancelotti, este viernes durante la rueda de prensa tras el entrenamiento en la Ciudad Deportiva de Valdebebas.-EFE\\\/ Mariscal\"},{\"@type\":\"BreadcrumbList\",\"@id\":\"https:\\\/\\\/pre.efe.com\\\/pt-br\\\/esportes\\\/2024-11-08\\\/ancelotti-diz-que-nao-se-arrepende-de-ter-recusado-selecao-brasileira\\\/#breadcrumb\",\"itemListElement\":[{\"@type\":\"ListItem\",\"position\":1,\"name\":\"Portada\",\"item\":\"https:\\\/\\\/pre.efe.com\\\/pt-br\\\/\"},{\"@type\":\"ListItem\",\"position\":2,\"name\":\"Ancelotti diz que n\u00e3o se arrepende de ter recusado sele\u00e7\u00e3o brasileira\"}]},{\"@type\":\"WebSite\",\"@id\":\"https:\\\/\\\/pre.efe.com\\\/pt-br\\\/#website\",\"url\":\"https:\\\/\\\/pre.efe.com\\\/pt-br\\\/\",\"name\":\"EFE Noticias\",\"description\":\"\",\"publisher\":{\"@id\":\"https:\\\/\\\/pre.efe.com\\\/pt-br\\\/#organization\"},\"potentialAction\":[{\"@type\":\"SearchAction\",\"target\":{\"@type\":\"EntryPoint\",\"urlTemplate\":\"https:\\\/\\\/pre.efe.com\\\/pt-br\\\/?s={search_term_string}\"},\"query-input\":{\"@type\":\"PropertyValueSpecification\",\"valueRequired\":true,\"valueName\":\"search_term_string\"}}],\"inLanguage\":\"pt-BR\"},{\"@type\":\"Organization\",\"@id\":\"https:\\\/\\\/pre.efe.com\\\/pt-br\\\/#organization\",\"name\":\"Agencia EFE\",\"url\":\"https:\\\/\\\/pre.efe.com\\\/pt-br\\\/\",\"logo\":{\"@type\":\"ImageObject\",\"inLanguage\":\"pt-BR\",\"@id\":\"https:\\\/\\\/pre.efe.com\\\/pt-br\\\/#\\\/schema\\\/logo\\\/image\\\/\",\"url\":\"https:\\\/\\\/pre.efe.com\\\/wp-content\\\/uploads\\\/2023\\\/06\\\/logo-efe-467.png\",\"contentUrl\":\"https:\\\/\\\/pre.efe.com\\\/wp-content\\\/uploads\\\/2023\\\/06\\\/logo-efe-467.png\",\"width\":467,\"height\":467,\"caption\":\"Agencia EFE\"},\"image\":{\"@id\":\"https:\\\/\\\/pre.efe.com\\\/pt-br\\\/#\\\/schema\\\/logo\\\/image\\\/\"},\"sameAs\":[\"https:\\\/\\\/www.facebook.com\\\/AgenciaEFEnoticias\\\/\",\"https:\\\/\\\/x.com\\\/efenoticias\",\"https:\\\/\\\/www.instagram.com\\\/efe_noticias\\\/\",\"http:\\\/\\\/www.youtube.com\\\/efe\"]},{\"@type\":\"Person\",\"@id\":\"https:\\\/\\\/pre.efe.com\\\/pt-br\\\/#\\\/schema\\\/person\\\/b19f23f210db552768f68a4b552b004f\",\"name\":\"anachain\",\"image\":{\"@type\":\"ImageObject\",\"inLanguage\":\"pt-BR\",\"@id\":\"https:\\\/\\\/secure.gravatar.com\\\/avatar\\\/30b83965911ef1108bb893c00bdd65c885f9890e1265ee04b02c3d5adc785d37?s=96&d=identicon&r=g\",\"url\":\"https:\\\/\\\/secure.gravatar.com\\\/avatar\\\/30b83965911ef1108bb893c00bdd65c885f9890e1265ee04b02c3d5adc785d37?s=96&d=identicon&r=g\",\"contentUrl\":\"https:\\\/\\\/secure.gravatar.com\\\/avatar\\\/30b83965911ef1108bb893c00bdd65c885f9890e1265ee04b02c3d5adc785d37?s=96&d=identicon&r=g\",\"caption\":\"anachain\"},\"url\":\"https:\\\/\\\/pre.efe.com\\\/pt-br\\\/autor\\\/anachain\\\/\"}]}<\/script>\n<!-- \/ Yoast SEO Premium plugin. -->","yoast_head_json":{"title":"Ancelotti diz que n\u00e3o se arrepende de ter recusado sele\u00e7\u00e3o brasileira - EFE","robots":{"index":"noindex","follow":"follow"},"og_locale":"pt_BR","og_type":"article","og_title":"Ancelotti diz que n\u00e3o se arrepende de ter recusado sele\u00e7\u00e3o brasileira - EFE","og_description":"Madri (EFE).- O italiano Carlo Ancelotti, que vive um momento conturbado no comando do Real Madrid, afirmou nesta sexta-feira que n\u00e3o se arrepende de ter recusado\u00a0a oferta para treinar a sele\u00e7\u00e3o brasileira. Perguntado em entrevista coletiva sobre a exist\u00eancia de qualquer arrependimento com rela\u00e7\u00e3o \u00e0 decis\u00e3o de permanecer no clube espanhol, ele riu e afirmou ... Leia mais","og_url":"https:\/\/pre.efe.com\/pt-br\/esportes\/2024-11-08\/ancelotti-diz-que-nao-se-arrepende-de-ter-recusado-selecao-brasileira\/","og_site_name":"EFE Noticias","article_publisher":"https:\/\/www.facebook.com\/AgenciaEFEnoticias\/","article_published_time":"2024-11-08T14:19:25+00:00","article_modified_time":"2024-11-08T14:19:27+00:00","og_image":[{"width":1920,"height":1280,"url":"https:\/\/i0.wp.com\/efe.com\/\/srv\/htdocs\/wp-content\/uploads\/2024\/11\/rss-efe54ce0ea297c881a2ac029b5895d05a79a847bd80w.jpg?fit=1920%2C1280&ssl=1","type":"image\/jpeg"}],"author":"anachain","twitter_card":"summary_large_image","twitter_creator":"@efenoticias","twitter_site":"@efenoticias","schema":{"@context":"https:\/\/schema.org","@graph":[{"@type":"NewsArticle","@id":"https:\/\/pre.efe.com\/pt-br\/esportes\/2024-11-08\/ancelotti-diz-que-nao-se-arrepende-de-ter-recusado-selecao-brasileira\/#article","isPartOf":{"@id":"https:\/\/pre.efe.com\/pt-br\/esportes\/2024-11-08\/ancelotti-diz-que-nao-se-arrepende-de-ter-recusado-selecao-brasileira\/"},"author":{"name":"anachain","@id":"https:\/\/pre.efe.com\/pt-br\/#\/schema\/person\/b19f23f210db552768f68a4b552b004f"},"headline":"Ancelotti diz que n\u00e3o se arrepende de ter recusado sele\u00e7\u00e3o brasileira","datePublished":"2024-11-08T14:19:25+00:00","dateModified":"2024-11-08T14:19:27+00:00","mainEntityOfPage":{"@id":"https:\/\/pre.efe.com\/pt-br\/esportes\/2024-11-08\/ancelotti-diz-que-nao-se-arrepende-de-ter-recusado-selecao-brasileira\/"},"wordCount":492,"publisher":{"@id":"https:\/\/pre.efe.com\/pt-br\/#organization"},"image":{"@id":"https:\/\/pre.efe.com\/pt-br\/esportes\/2024-11-08\/ancelotti-diz-que-nao-se-arrepende-de-ter-recusado-selecao-brasileira\/#primaryimage"},"thumbnailUrl":"https:\/\/pre.efe.com\/wp-content\/uploads\/2024\/11\/rss-efe54ce0ea297c881a2ac029b5895d05a79a847bd80w.jpg","keywords":["Brasil","Futebol"],"articleSection":["Esportes","Outras not\u00edcias"],"inLanguage":"pt-BR","copyrightYear":"2024","copyrightHolder":{"@id":"https:\/\/pre.efe.com\/#organization"}},{"@type":["WebPage","ItemPage"],"@id":"https:\/\/pre.efe.com\/pt-br\/esportes\/2024-11-08\/ancelotti-diz-que-nao-se-arrepende-de-ter-recusado-selecao-brasileira\/","url":"https:\/\/pre.efe.com\/pt-br\/esportes\/2024-11-08\/ancelotti-diz-que-nao-se-arrepende-de-ter-recusado-selecao-brasileira\/","name":"Ancelotti diz que n\u00e3o se arrepende de ter recusado sele\u00e7\u00e3o brasileira - EFE","isPartOf":{"@id":"https:\/\/pre.efe.com\/pt-br\/#website"},"primaryImageOfPage":{"@id":"https:\/\/pre.efe.com\/pt-br\/esportes\/2024-11-08\/ancelotti-diz-que-nao-se-arrepende-de-ter-recusado-selecao-brasileira\/#primaryimage"},"image":{"@id":"https:\/\/pre.efe.com\/pt-br\/esportes\/2024-11-08\/ancelotti-diz-que-nao-se-arrepende-de-ter-recusado-selecao-brasileira\/#primaryimage"},"thumbnailUrl":"https:\/\/pre.efe.com\/wp-content\/uploads\/2024\/11\/rss-efe54ce0ea297c881a2ac029b5895d05a79a847bd80w.jpg","datePublished":"2024-11-08T14:19:25+00:00","dateModified":"2024-11-08T14:19:27+00:00","breadcrumb":{"@id":"https:\/\/pre.efe.com\/pt-br\/esportes\/2024-11-08\/ancelotti-diz-que-nao-se-arrepende-de-ter-recusado-selecao-brasileira\/#breadcrumb"},"inLanguage":"pt-BR","potentialAction":[{"@type":"ReadAction","target":["https:\/\/pre.efe.com\/pt-br\/esportes\/2024-11-08\/ancelotti-diz-que-nao-se-arrepende-de-ter-recusado-selecao-brasileira\/"]}]},{"@type":"ImageObject","inLanguage":"pt-BR","@id":"https:\/\/pre.efe.com\/pt-br\/esportes\/2024-11-08\/ancelotti-diz-que-nao-se-arrepende-de-ter-recusado-selecao-brasileira\/#primaryimage","url":"https:\/\/pre.efe.com\/wp-content\/uploads\/2024\/11\/rss-efe54ce0ea297c881a2ac029b5895d05a79a847bd80w.jpg","contentUrl":"https:\/\/pre.efe.com\/wp-content\/uploads\/2024\/11\/rss-efe54ce0ea297c881a2ac029b5895d05a79a847bd80w.jpg","width":1920,"height":1280,"caption":"O t\u00e9cnico do Real Madrid Carlo Ancelotti, este viernes durante la rueda de prensa tras el entrenamiento en la Ciudad Deportiva de Valdebebas.-EFE\/ Mariscal"},{"@type":"BreadcrumbList","@id":"https:\/\/pre.efe.com\/pt-br\/esportes\/2024-11-08\/ancelotti-diz-que-nao-se-arrepende-de-ter-recusado-selecao-brasileira\/#breadcrumb","itemListElement":[{"@type":"ListItem","position":1,"name":"Portada","item":"https:\/\/pre.efe.com\/pt-br\/"},{"@type":"ListItem","position":2,"name":"Ancelotti diz que n\u00e3o se arrepende de ter recusado sele\u00e7\u00e3o brasileira"}]},{"@type":"WebSite","@id":"https:\/\/pre.efe.com\/pt-br\/#website","url":"https:\/\/pre.efe.com\/pt-br\/","name":"EFE Noticias","description":"","publisher":{"@id":"https:\/\/pre.efe.com\/pt-br\/#organization"},"potentialAction":[{"@type":"SearchAction","target":{"@type":"EntryPoint","urlTemplate":"https:\/\/pre.efe.com\/pt-br\/?s={search_term_string}"},"query-input":{"@type":"PropertyValueSpecification","valueRequired":true,"valueName":"search_term_string"}}],"inLanguage":"pt-BR"},{"@type":"Organization","@id":"https:\/\/pre.efe.com\/pt-br\/#organization","name":"Agencia EFE","url":"https:\/\/pre.efe.com\/pt-br\/","logo":{"@type":"ImageObject","inLanguage":"pt-BR","@id":"https:\/\/pre.efe.com\/pt-br\/#\/schema\/logo\/image\/","url":"https:\/\/pre.efe.com\/wp-content\/uploads\/2023\/06\/logo-efe-467.png","contentUrl":"https:\/\/pre.efe.com\/wp-content\/uploads\/2023\/06\/logo-efe-467.png","width":467,"height":467,"caption":"Agencia EFE"},"image":{"@id":"https:\/\/pre.efe.com\/pt-br\/#\/schema\/logo\/image\/"},"sameAs":["https:\/\/www.facebook.com\/AgenciaEFEnoticias\/","https:\/\/x.com\/efenoticias","https:\/\/www.instagram.com\/efe_noticias\/","http:\/\/www.youtube.com\/efe"]},{"@type":"Person","@id":"https:\/\/pre.efe.com\/pt-br\/#\/schema\/person\/b19f23f210db552768f68a4b552b004f","name":"anachain","image":{"@type":"ImageObject","inLanguage":"pt-BR","@id":"https:\/\/secure.gravatar.com\/avatar\/30b83965911ef1108bb893c00bdd65c885f9890e1265ee04b02c3d5adc785d37?s=96&d=identicon&r=g","url":"https:\/\/secure.gravatar.com\/avatar\/30b83965911ef1108bb893c00bdd65c885f9890e1265ee04b02c3d5adc785d37?s=96&d=identicon&r=g","contentUrl":"https:\/\/secure.gravatar.com\/avatar\/30b83965911ef1108bb893c00bdd65c885f9890e1265ee04b02c3d5adc785d37?s=96&d=identicon&r=g","caption":"anachain"},"url":"https:\/\/pre.efe.com\/pt-br\/autor\/anachain\/"}]}},"jetpack_featured_media_url":"https:\/\/pre.efe.com\/wp-content\/uploads\/2024\/11\/rss-efe54ce0ea297c881a2ac029b5895d05a79a847bd80w.jpg","jetpack_shortlink":"https:\/\/wp.me\/peJvHm-69o7","jetpack_sharing_enabled":true,"_links":{"self":[{"href":"https:\/\/pre.efe.com\/pt-br\/wp-json\/wp\/v2\/posts\/1466059","targetHints":{"allow":["GET"]}}],"collection":[{"href":"https:\/\/pre.efe.com\/pt-br\/wp-json\/wp\/v2\/posts"}],"about":[{"href":"https:\/\/pre.efe.com\/pt-br\/wp-json\/wp\/v2\/types\/post"}],"author":[{"embeddable":true,"href":"https:\/\/pre.efe.com\/pt-br\/wp-json\/wp\/v2\/users\/198164106"}],"replies":[{"embeddable":true,"href":"https:\/\/pre.efe.com\/pt-br\/wp-json\/wp\/v2\/comments?post=1466059"}],"version-history":[{"count":3,"href":"https:\/\/pre.efe.com\/pt-br\/wp-json\/wp\/v2\/posts\/1466059\/revisions"}],"predecessor-version":[{"id":1466133,"href":"https:\/\/pre.efe.com\/pt-br\/wp-json\/wp\/v2\/posts\/1466059\/revisions\/1466133"}],"wp:featuredmedia":[{"embeddable":true,"href":"https:\/\/pre.efe.com\/pt-br\/wp-json\/wp\/v2\/media\/1465573"}],"wp:attachment":[{"href":"https:\/\/pre.efe.com\/pt-br\/wp-json\/wp\/v2\/media?parent=1466059"}],"wp:term":[{"taxonomy":"category","embeddable":true,"href":"https:\/\/pre.efe.com\/pt-br\/wp-json\/wp\/v2\/categories?post=1466059"},{"taxonomy":"post_tag","embeddable":true,"href":"https:\/\/pre.efe.com\/pt-br\/wp-json\/wp\/v2\/tags?post=1466059"}],"curies":[{"name":"wp","href":"https:\/\/api.w.org\/{rel}","templated":true}]}}