{"id":1475352,"date":"2024-11-12T17:55:38","date_gmt":"2024-11-12T16:55:38","guid":{"rendered":"https:\/\/pre.efe.com\/?p=1475352"},"modified":"2024-11-12T17:55:41","modified_gmt":"2024-11-12T16:55:41","slug":"espanha-pede-ambicao-contra-mudanca-climatica-na-cop29","status":"publish","type":"post","link":"https:\/\/pre.efe.com\/pt-br\/mundo-2\/2024-11-12\/espanha-pede-ambicao-contra-mudanca-climatica-na-cop29\/","title":{"rendered":"Espanha pede ambi\u00e7\u00e3o contra mudan\u00e7a clim\u00e1tica  na COP29"},"content":{"rendered":"\n<p>Baku (EFE).- Ao discursar nesta ter\u00e7a-feira em um f\u00f3rum da 29\u00aa C\u00fapula do Clima (COP29) organizada pelas Na\u00e7\u00f5es Unidas, o presidente do governo da Espanha, Pedro S\u00e1nchez, pediu que a comunidade internacional demonstre ambi\u00e7\u00e3o e n\u00e3o vire o rosto para o combate \u00e0 mudan\u00e7a clim\u00e1tica, \u201cque est\u00e1 matando pessoas\u201d, e citou como exemplo a tempestade que devastou parte da Comunidade Valenciana, no leste da Espanha.<\/p>\n\n\n\n<p>S\u00e1nchez fez esse apelo durante discurso em um evento sobre financiamento clim\u00e1tico organizado por ocasi\u00e3o da COP29 que est\u00e1 sendo realizada em Baku, capital do Azerbaij\u00e3o.<\/p>\n\n\n\n<p>O presidente do governo espanhol come\u00e7ou seu discurso alertando que a mudan\u00e7a clim\u00e1tica mata pessoas e que um de seus objetivos ao participar da c\u00fapula de Baku \u00e9 contribuir para evitar que isso continue acontecendo.<\/p>\n\n\n\n<p>S\u00e1nchez lembrou que a Espanha acaba de passar por um dos maiores desastres clim\u00e1ticos de sua hist\u00f3ria e que mais de 200 pessoas perderam a vida em decorr\u00eancia dessa tempestade.<\/p>\n\n\n\n<blockquote class=\"wp-block-quote is-layout-flow wp-block-quote-is-layout-flow\">\n<p>\u201cS\u00e3o elas que me levam a dizer hoje, em alto e bom som, que a mudan\u00e7a clim\u00e1tica mata\u201d, enfatizou S\u00e1nchez, antes de expressar sua convic\u00e7\u00e3o de que \u00e9 preciso ambi\u00e7\u00e3o para evitar o pior impacto do problema.<\/p>\n<\/blockquote>\n\n\n\n<p>O governante destacou que o que aconteceu no pa\u00eds n\u00e3o \u00e9 um caso isolado, mas que est\u00e1 ocorrendo dia ap\u00f3s dia em todos os cantos do planeta.<\/p>\n\n\n\n<h2 class=\"wp-block-heading\" id=\"h-financiamento-climatico\">Financiamento clim\u00e1tico<\/h2>\n\n\n\n<p>Por esse motivo, argumentou que a c\u00fapula de Baku deve ser lembrada como o momento em que as palavras foram transformadas em n\u00fameros.<\/p>\n\n\n\n<blockquote class=\"wp-block-quote is-layout-flow wp-block-quote-is-layout-flow\">\n<p>\u201cA meta internacional de financiamento clim\u00e1tico medir\u00e1 nosso compromisso com as gera\u00e7\u00f5es futuras, e todos n\u00f3s estamos cientes de que precisamos ser muito mais ambiciosos se quisermos atingir os objetivos tanto de mitiga\u00e7\u00e3o quanto de adapta\u00e7\u00e3o\u201d, acrescentou S\u00e1nchez.<\/p>\n<\/blockquote>\n\n\n\n<p>O governante tamb\u00e9m defendeu a continuidade do aumento dos gastos com financiamento clim\u00e1tico e uma arquitetura financeira internacional capaz de fornecer mais financiamento e em melhores condi\u00e7\u00f5es.<\/p>\n\n\n\n<blockquote class=\"wp-block-quote is-layout-flow wp-block-quote-is-layout-flow\">\n<p>\u201cO desenvolvimento sustent\u00e1vel e a luta contra a mudan\u00e7a clim\u00e1tica s\u00e3o duas faces da mesma moeda\u201d, afirmou S\u00e1nchez, para quem a COP29 deve servir de plataforma para \u201cas mudan\u00e7as ambiciosas\u201d que se espera sejam pactuadas no pr\u00f3ximo ano em Sevilha, na IV Confer\u00eancia Internacional sobre Financiamento para o Desenvolvimento.<\/p>\n<\/blockquote>\n\n\n\n<p>A confer\u00eancia est\u00e1 programada para ocorrer entre 30 de junho e 3 de julho de 2025.<\/p>\n\n\n\n<h2 class=\"wp-block-heading\" id=\"h-setor-privado\">Setor privado<\/h2>\n\n\n\n<p>S\u00e1nchez disse acreditar que a nova arquitetura financeira deve refletir a realidade atual, pois o financiamento mobilizado nos pa\u00edses desenvolvidos, tanto p\u00fablico quanto privado, n\u00e3o \u00e9 suficiente.<\/p>\n\n\n\n<blockquote class=\"wp-block-quote is-layout-flow wp-block-quote-is-layout-flow\">\n<p>\u201cDevemos ser capazes de inovar em nosso mecanismo de financiamento, incorporando mais e melhor o setor privado, mobilizando fontes alternativas, como grandes fortunas, e trabalhando em igualdade de condi\u00e7\u00f5es com os pa\u00edses emergentes para aumentar os volumes de financiamento, dado o esfor\u00e7o crescente que eles est\u00e3o fazendo\u201d, explicou S\u00e1nchez.<\/p>\n<\/blockquote>\n\n\n\n<p>Segundo o presidente do governo espanhol, o objetivo \u00e9 refletir a nova realidade de um mundo que mudou, promover novos instrumentos e novas ideias, al\u00e9m de se ter ousadia e ambi\u00e7\u00e3o. EFE<\/p>\n\n\n\n<p><\/p>\n","protected":false},"excerpt":{"rendered":"<p>Baku (EFE).- Ao discursar nesta ter\u00e7a-feira em um f\u00f3rum da 29\u00aa C\u00fapula do Clima (COP29) organizada pelas Na\u00e7\u00f5es Unidas, o presidente do governo da Espanha, Pedro S\u00e1nchez, pediu que a comunidade internacional demonstre ambi\u00e7\u00e3o e n\u00e3o vire o rosto para o combate \u00e0 mudan\u00e7a clim\u00e1tica, \u201cque est\u00e1 matando pessoas\u201d, e citou como exemplo a tempestade &#8230; <a title=\"Espanha pede ambi\u00e7\u00e3o contra mudan\u00e7a clim\u00e1tica  na COP29\" class=\"read-more\" href=\"https:\/\/pre.efe.com\/pt-br\/mundo-2\/2024-11-12\/espanha-pede-ambicao-contra-mudanca-climatica-na-cop29\/\" aria-label=\"Read more about Espanha pede ambi\u00e7\u00e3o contra mudan\u00e7a clim\u00e1tica  na COP29\">Leia mais<\/a><\/p>\n","protected":false},"author":198164106,"featured_media":1475223,"comment_status":"closed","ping_status":"closed","sticky":false,"template":"","format":"standard","meta":{"_acf_changed":false,"_jetpack_memberships_contains_paid_content":false,"footnotes":""},"categories":[123208,122141],"tags":[123236,124421,124845],"class_list":["post-1475352","post","type-post","status-publish","format-standard","has-post-thumbnail","hentry","category-mundo-2","category-portada","tag-crise-climatica","tag-espanha","tag-governo","generate-columns","tablet-grid-50","mobile-grid-100","grid-parent","grid-50"],"acf":[],"yoast_head":"<!-- This site is optimized with the Yoast SEO Premium plugin v26.0 (Yoast SEO v27.4) - https:\/\/yoast.com\/product\/yoast-seo-premium-wordpress\/ -->\n<title>Espanha pede ambi\u00e7\u00e3o contra mudan\u00e7a clim\u00e1tica na COP29 - EFE<\/title>\n<meta name=\"robots\" content=\"noindex, follow\" \/>\n<meta property=\"og:locale\" content=\"pt_BR\" \/>\n<meta property=\"og:type\" content=\"article\" \/>\n<meta property=\"og:title\" content=\"Espanha pede ambi\u00e7\u00e3o contra mudan\u00e7a clim\u00e1tica na COP29 - EFE\" \/>\n<meta property=\"og:description\" content=\"Baku (EFE).- Ao discursar nesta ter\u00e7a-feira em um f\u00f3rum da 29\u00aa C\u00fapula do Clima (COP29) organizada pelas Na\u00e7\u00f5es Unidas, o presidente do governo da Espanha, Pedro S\u00e1nchez, pediu que a comunidade internacional demonstre ambi\u00e7\u00e3o e n\u00e3o vire o rosto para o combate \u00e0 mudan\u00e7a clim\u00e1tica, \u201cque est\u00e1 matando pessoas\u201d, e citou como exemplo a tempestade ... Leia mais\" \/>\n<meta property=\"og:url\" content=\"https:\/\/pre.efe.com\/pt-br\/mundo-2\/2024-11-12\/espanha-pede-ambicao-contra-mudanca-climatica-na-cop29\/\" \/>\n<meta property=\"og:site_name\" content=\"EFE Noticias\" \/>\n<meta property=\"article:publisher\" content=\"https:\/\/www.facebook.com\/AgenciaEFEnoticias\/\" \/>\n<meta property=\"article:published_time\" content=\"2024-11-12T16:55:38+00:00\" \/>\n<meta property=\"article:modified_time\" content=\"2024-11-12T16:55:41+00:00\" \/>\n<meta property=\"og:image\" content=\"https:\/\/i0.wp.com\/efe.com\/\/srv\/htdocs\/wp-content\/uploads\/2024\/11\/rss-efe17cd8c356bd60f6f624b96b651d345101cf1656cw.jpg?fit=1920%2C1309&ssl=1\" \/>\n\t<meta property=\"og:image:width\" content=\"1920\" \/>\n\t<meta property=\"og:image:height\" content=\"1309\" \/>\n\t<meta property=\"og:image:type\" content=\"image\/jpeg\" \/>\n<meta name=\"author\" content=\"anachain\" \/>\n<meta name=\"twitter:card\" content=\"summary_large_image\" \/>\n<meta name=\"twitter:creator\" content=\"@efenoticias\" \/>\n<meta name=\"twitter:site\" content=\"@efenoticias\" \/>\n<script type=\"application\/ld+json\" class=\"yoast-schema-graph\">{\"@context\":\"https:\\\/\\\/schema.org\",\"@graph\":[{\"@type\":\"NewsArticle\",\"@id\":\"https:\\\/\\\/pre.efe.com\\\/pt-br\\\/mundo-2\\\/2024-11-12\\\/espanha-pede-ambicao-contra-mudanca-climatica-na-cop29\\\/#article\",\"isPartOf\":{\"@id\":\"https:\\\/\\\/pre.efe.com\\\/pt-br\\\/mundo-2\\\/2024-11-12\\\/espanha-pede-ambicao-contra-mudanca-climatica-na-cop29\\\/\"},\"author\":{\"name\":\"anachain\",\"@id\":\"https:\\\/\\\/pre.efe.com\\\/pt-br\\\/#\\\/schema\\\/person\\\/b19f23f210db552768f68a4b552b004f\"},\"headline\":\"Espanha pede ambi\u00e7\u00e3o contra mudan\u00e7a clim\u00e1tica na COP29\",\"datePublished\":\"2024-11-12T16:55:38+00:00\",\"dateModified\":\"2024-11-12T16:55:41+00:00\",\"mainEntityOfPage\":{\"@id\":\"https:\\\/\\\/pre.efe.com\\\/pt-br\\\/mundo-2\\\/2024-11-12\\\/espanha-pede-ambicao-contra-mudanca-climatica-na-cop29\\\/\"},\"wordCount\":548,\"publisher\":{\"@id\":\"https:\\\/\\\/pre.efe.com\\\/pt-br\\\/#organization\"},\"image\":{\"@id\":\"https:\\\/\\\/pre.efe.com\\\/pt-br\\\/mundo-2\\\/2024-11-12\\\/espanha-pede-ambicao-contra-mudanca-climatica-na-cop29\\\/#primaryimage\"},\"thumbnailUrl\":\"https:\\\/\\\/pre.efe.com\\\/wp-content\\\/uploads\\\/2024\\\/11\\\/rss-efe17cd8c356bd60f6f624b96b651d345101cf1656cw.jpg\",\"keywords\":[\"Crise climatica\",\"Espanha\",\"Governo\"],\"articleSection\":[\"Mundo\",\"Portada\"],\"inLanguage\":\"pt-BR\",\"copyrightYear\":\"2024\",\"copyrightHolder\":{\"@id\":\"https:\\\/\\\/pre.efe.com\\\/#organization\"}},{\"@type\":[\"WebPage\",\"ItemPage\"],\"@id\":\"https:\\\/\\\/pre.efe.com\\\/pt-br\\\/mundo-2\\\/2024-11-12\\\/espanha-pede-ambicao-contra-mudanca-climatica-na-cop29\\\/\",\"url\":\"https:\\\/\\\/pre.efe.com\\\/pt-br\\\/mundo-2\\\/2024-11-12\\\/espanha-pede-ambicao-contra-mudanca-climatica-na-cop29\\\/\",\"name\":\"Espanha pede ambi\u00e7\u00e3o contra mudan\u00e7a clim\u00e1tica na COP29 - EFE\",\"isPartOf\":{\"@id\":\"https:\\\/\\\/pre.efe.com\\\/pt-br\\\/#website\"},\"primaryImageOfPage\":{\"@id\":\"https:\\\/\\\/pre.efe.com\\\/pt-br\\\/mundo-2\\\/2024-11-12\\\/espanha-pede-ambicao-contra-mudanca-climatica-na-cop29\\\/#primaryimage\"},\"image\":{\"@id\":\"https:\\\/\\\/pre.efe.com\\\/pt-br\\\/mundo-2\\\/2024-11-12\\\/espanha-pede-ambicao-contra-mudanca-climatica-na-cop29\\\/#primaryimage\"},\"thumbnailUrl\":\"https:\\\/\\\/pre.efe.com\\\/wp-content\\\/uploads\\\/2024\\\/11\\\/rss-efe17cd8c356bd60f6f624b96b651d345101cf1656cw.jpg\",\"datePublished\":\"2024-11-12T16:55:38+00:00\",\"dateModified\":\"2024-11-12T16:55:41+00:00\",\"breadcrumb\":{\"@id\":\"https:\\\/\\\/pre.efe.com\\\/pt-br\\\/mundo-2\\\/2024-11-12\\\/espanha-pede-ambicao-contra-mudanca-climatica-na-cop29\\\/#breadcrumb\"},\"inLanguage\":\"pt-BR\",\"potentialAction\":[{\"@type\":\"ReadAction\",\"target\":[\"https:\\\/\\\/pre.efe.com\\\/pt-br\\\/mundo-2\\\/2024-11-12\\\/espanha-pede-ambicao-contra-mudanca-climatica-na-cop29\\\/\"]}]},{\"@type\":\"ImageObject\",\"inLanguage\":\"pt-BR\",\"@id\":\"https:\\\/\\\/pre.efe.com\\\/pt-br\\\/mundo-2\\\/2024-11-12\\\/espanha-pede-ambicao-contra-mudanca-climatica-na-cop29\\\/#primaryimage\",\"url\":\"https:\\\/\\\/pre.efe.com\\\/wp-content\\\/uploads\\\/2024\\\/11\\\/rss-efe17cd8c356bd60f6f624b96b651d345101cf1656cw.jpg\",\"contentUrl\":\"https:\\\/\\\/pre.efe.com\\\/wp-content\\\/uploads\\\/2024\\\/11\\\/rss-efe17cd8c356bd60f6f624b96b651d345101cf1656cw.jpg\",\"width\":1920,\"height\":1309,\"caption\":\"Pedro S\u00e1nchez durante seu discurso nesta ter\u00e7a-feira na COP29, em Baku. EFE\\\/ANATOLY MALTSEV\"},{\"@type\":\"BreadcrumbList\",\"@id\":\"https:\\\/\\\/pre.efe.com\\\/pt-br\\\/mundo-2\\\/2024-11-12\\\/espanha-pede-ambicao-contra-mudanca-climatica-na-cop29\\\/#breadcrumb\",\"itemListElement\":[{\"@type\":\"ListItem\",\"position\":1,\"name\":\"Portada\",\"item\":\"https:\\\/\\\/pre.efe.com\\\/pt-br\\\/\"},{\"@type\":\"ListItem\",\"position\":2,\"name\":\"Espanha pede ambi\u00e7\u00e3o contra mudan\u00e7a clim\u00e1tica na COP29\"}]},{\"@type\":\"WebSite\",\"@id\":\"https:\\\/\\\/pre.efe.com\\\/pt-br\\\/#website\",\"url\":\"https:\\\/\\\/pre.efe.com\\\/pt-br\\\/\",\"name\":\"EFE Noticias\",\"description\":\"\",\"publisher\":{\"@id\":\"https:\\\/\\\/pre.efe.com\\\/pt-br\\\/#organization\"},\"potentialAction\":[{\"@type\":\"SearchAction\",\"target\":{\"@type\":\"EntryPoint\",\"urlTemplate\":\"https:\\\/\\\/pre.efe.com\\\/pt-br\\\/?s={search_term_string}\"},\"query-input\":{\"@type\":\"PropertyValueSpecification\",\"valueRequired\":true,\"valueName\":\"search_term_string\"}}],\"inLanguage\":\"pt-BR\"},{\"@type\":\"Organization\",\"@id\":\"https:\\\/\\\/pre.efe.com\\\/pt-br\\\/#organization\",\"name\":\"Agencia EFE\",\"url\":\"https:\\\/\\\/pre.efe.com\\\/pt-br\\\/\",\"logo\":{\"@type\":\"ImageObject\",\"inLanguage\":\"pt-BR\",\"@id\":\"https:\\\/\\\/pre.efe.com\\\/pt-br\\\/#\\\/schema\\\/logo\\\/image\\\/\",\"url\":\"https:\\\/\\\/pre.efe.com\\\/wp-content\\\/uploads\\\/2023\\\/06\\\/logo-efe-467.png\",\"contentUrl\":\"https:\\\/\\\/pre.efe.com\\\/wp-content\\\/uploads\\\/2023\\\/06\\\/logo-efe-467.png\",\"width\":467,\"height\":467,\"caption\":\"Agencia EFE\"},\"image\":{\"@id\":\"https:\\\/\\\/pre.efe.com\\\/pt-br\\\/#\\\/schema\\\/logo\\\/image\\\/\"},\"sameAs\":[\"https:\\\/\\\/www.facebook.com\\\/AgenciaEFEnoticias\\\/\",\"https:\\\/\\\/x.com\\\/efenoticias\",\"https:\\\/\\\/www.instagram.com\\\/efe_noticias\\\/\",\"http:\\\/\\\/www.youtube.com\\\/efe\"]},{\"@type\":\"Person\",\"@id\":\"https:\\\/\\\/pre.efe.com\\\/pt-br\\\/#\\\/schema\\\/person\\\/b19f23f210db552768f68a4b552b004f\",\"name\":\"anachain\",\"image\":{\"@type\":\"ImageObject\",\"inLanguage\":\"pt-BR\",\"@id\":\"https:\\\/\\\/secure.gravatar.com\\\/avatar\\\/30b83965911ef1108bb893c00bdd65c885f9890e1265ee04b02c3d5adc785d37?s=96&d=identicon&r=g\",\"url\":\"https:\\\/\\\/secure.gravatar.com\\\/avatar\\\/30b83965911ef1108bb893c00bdd65c885f9890e1265ee04b02c3d5adc785d37?s=96&d=identicon&r=g\",\"contentUrl\":\"https:\\\/\\\/secure.gravatar.com\\\/avatar\\\/30b83965911ef1108bb893c00bdd65c885f9890e1265ee04b02c3d5adc785d37?s=96&d=identicon&r=g\",\"caption\":\"anachain\"},\"url\":\"https:\\\/\\\/pre.efe.com\\\/pt-br\\\/autor\\\/anachain\\\/\"}]}<\/script>\n<!-- \/ Yoast SEO Premium plugin. -->","yoast_head_json":{"title":"Espanha pede ambi\u00e7\u00e3o contra mudan\u00e7a clim\u00e1tica na COP29 - EFE","robots":{"index":"noindex","follow":"follow"},"og_locale":"pt_BR","og_type":"article","og_title":"Espanha pede ambi\u00e7\u00e3o contra mudan\u00e7a clim\u00e1tica na COP29 - EFE","og_description":"Baku (EFE).- Ao discursar nesta ter\u00e7a-feira em um f\u00f3rum da 29\u00aa C\u00fapula do Clima (COP29) organizada pelas Na\u00e7\u00f5es Unidas, o presidente do governo da Espanha, Pedro S\u00e1nchez, pediu que a comunidade internacional demonstre ambi\u00e7\u00e3o e n\u00e3o vire o rosto para o combate \u00e0 mudan\u00e7a clim\u00e1tica, \u201cque est\u00e1 matando pessoas\u201d, e citou como exemplo a tempestade ... Leia mais","og_url":"https:\/\/pre.efe.com\/pt-br\/mundo-2\/2024-11-12\/espanha-pede-ambicao-contra-mudanca-climatica-na-cop29\/","og_site_name":"EFE Noticias","article_publisher":"https:\/\/www.facebook.com\/AgenciaEFEnoticias\/","article_published_time":"2024-11-12T16:55:38+00:00","article_modified_time":"2024-11-12T16:55:41+00:00","og_image":[{"width":1920,"height":1309,"url":"https:\/\/i0.wp.com\/efe.com\/\/srv\/htdocs\/wp-content\/uploads\/2024\/11\/rss-efe17cd8c356bd60f6f624b96b651d345101cf1656cw.jpg?fit=1920%2C1309&ssl=1","type":"image\/jpeg"}],"author":"anachain","twitter_card":"summary_large_image","twitter_creator":"@efenoticias","twitter_site":"@efenoticias","schema":{"@context":"https:\/\/schema.org","@graph":[{"@type":"NewsArticle","@id":"https:\/\/pre.efe.com\/pt-br\/mundo-2\/2024-11-12\/espanha-pede-ambicao-contra-mudanca-climatica-na-cop29\/#article","isPartOf":{"@id":"https:\/\/pre.efe.com\/pt-br\/mundo-2\/2024-11-12\/espanha-pede-ambicao-contra-mudanca-climatica-na-cop29\/"},"author":{"name":"anachain","@id":"https:\/\/pre.efe.com\/pt-br\/#\/schema\/person\/b19f23f210db552768f68a4b552b004f"},"headline":"Espanha pede ambi\u00e7\u00e3o contra mudan\u00e7a clim\u00e1tica na COP29","datePublished":"2024-11-12T16:55:38+00:00","dateModified":"2024-11-12T16:55:41+00:00","mainEntityOfPage":{"@id":"https:\/\/pre.efe.com\/pt-br\/mundo-2\/2024-11-12\/espanha-pede-ambicao-contra-mudanca-climatica-na-cop29\/"},"wordCount":548,"publisher":{"@id":"https:\/\/pre.efe.com\/pt-br\/#organization"},"image":{"@id":"https:\/\/pre.efe.com\/pt-br\/mundo-2\/2024-11-12\/espanha-pede-ambicao-contra-mudanca-climatica-na-cop29\/#primaryimage"},"thumbnailUrl":"https:\/\/pre.efe.com\/wp-content\/uploads\/2024\/11\/rss-efe17cd8c356bd60f6f624b96b651d345101cf1656cw.jpg","keywords":["Crise climatica","Espanha","Governo"],"articleSection":["Mundo","Portada"],"inLanguage":"pt-BR","copyrightYear":"2024","copyrightHolder":{"@id":"https:\/\/pre.efe.com\/#organization"}},{"@type":["WebPage","ItemPage"],"@id":"https:\/\/pre.efe.com\/pt-br\/mundo-2\/2024-11-12\/espanha-pede-ambicao-contra-mudanca-climatica-na-cop29\/","url":"https:\/\/pre.efe.com\/pt-br\/mundo-2\/2024-11-12\/espanha-pede-ambicao-contra-mudanca-climatica-na-cop29\/","name":"Espanha pede ambi\u00e7\u00e3o contra mudan\u00e7a clim\u00e1tica na COP29 - EFE","isPartOf":{"@id":"https:\/\/pre.efe.com\/pt-br\/#website"},"primaryImageOfPage":{"@id":"https:\/\/pre.efe.com\/pt-br\/mundo-2\/2024-11-12\/espanha-pede-ambicao-contra-mudanca-climatica-na-cop29\/#primaryimage"},"image":{"@id":"https:\/\/pre.efe.com\/pt-br\/mundo-2\/2024-11-12\/espanha-pede-ambicao-contra-mudanca-climatica-na-cop29\/#primaryimage"},"thumbnailUrl":"https:\/\/pre.efe.com\/wp-content\/uploads\/2024\/11\/rss-efe17cd8c356bd60f6f624b96b651d345101cf1656cw.jpg","datePublished":"2024-11-12T16:55:38+00:00","dateModified":"2024-11-12T16:55:41+00:00","breadcrumb":{"@id":"https:\/\/pre.efe.com\/pt-br\/mundo-2\/2024-11-12\/espanha-pede-ambicao-contra-mudanca-climatica-na-cop29\/#breadcrumb"},"inLanguage":"pt-BR","potentialAction":[{"@type":"ReadAction","target":["https:\/\/pre.efe.com\/pt-br\/mundo-2\/2024-11-12\/espanha-pede-ambicao-contra-mudanca-climatica-na-cop29\/"]}]},{"@type":"ImageObject","inLanguage":"pt-BR","@id":"https:\/\/pre.efe.com\/pt-br\/mundo-2\/2024-11-12\/espanha-pede-ambicao-contra-mudanca-climatica-na-cop29\/#primaryimage","url":"https:\/\/pre.efe.com\/wp-content\/uploads\/2024\/11\/rss-efe17cd8c356bd60f6f624b96b651d345101cf1656cw.jpg","contentUrl":"https:\/\/pre.efe.com\/wp-content\/uploads\/2024\/11\/rss-efe17cd8c356bd60f6f624b96b651d345101cf1656cw.jpg","width":1920,"height":1309,"caption":"Pedro S\u00e1nchez durante seu discurso nesta ter\u00e7a-feira na COP29, em Baku. EFE\/ANATOLY MALTSEV"},{"@type":"BreadcrumbList","@id":"https:\/\/pre.efe.com\/pt-br\/mundo-2\/2024-11-12\/espanha-pede-ambicao-contra-mudanca-climatica-na-cop29\/#breadcrumb","itemListElement":[{"@type":"ListItem","position":1,"name":"Portada","item":"https:\/\/pre.efe.com\/pt-br\/"},{"@type":"ListItem","position":2,"name":"Espanha pede ambi\u00e7\u00e3o contra mudan\u00e7a clim\u00e1tica na COP29"}]},{"@type":"WebSite","@id":"https:\/\/pre.efe.com\/pt-br\/#website","url":"https:\/\/pre.efe.com\/pt-br\/","name":"EFE Noticias","description":"","publisher":{"@id":"https:\/\/pre.efe.com\/pt-br\/#organization"},"potentialAction":[{"@type":"SearchAction","target":{"@type":"EntryPoint","urlTemplate":"https:\/\/pre.efe.com\/pt-br\/?s={search_term_string}"},"query-input":{"@type":"PropertyValueSpecification","valueRequired":true,"valueName":"search_term_string"}}],"inLanguage":"pt-BR"},{"@type":"Organization","@id":"https:\/\/pre.efe.com\/pt-br\/#organization","name":"Agencia EFE","url":"https:\/\/pre.efe.com\/pt-br\/","logo":{"@type":"ImageObject","inLanguage":"pt-BR","@id":"https:\/\/pre.efe.com\/pt-br\/#\/schema\/logo\/image\/","url":"https:\/\/pre.efe.com\/wp-content\/uploads\/2023\/06\/logo-efe-467.png","contentUrl":"https:\/\/pre.efe.com\/wp-content\/uploads\/2023\/06\/logo-efe-467.png","width":467,"height":467,"caption":"Agencia EFE"},"image":{"@id":"https:\/\/pre.efe.com\/pt-br\/#\/schema\/logo\/image\/"},"sameAs":["https:\/\/www.facebook.com\/AgenciaEFEnoticias\/","https:\/\/x.com\/efenoticias","https:\/\/www.instagram.com\/efe_noticias\/","http:\/\/www.youtube.com\/efe"]},{"@type":"Person","@id":"https:\/\/pre.efe.com\/pt-br\/#\/schema\/person\/b19f23f210db552768f68a4b552b004f","name":"anachain","image":{"@type":"ImageObject","inLanguage":"pt-BR","@id":"https:\/\/secure.gravatar.com\/avatar\/30b83965911ef1108bb893c00bdd65c885f9890e1265ee04b02c3d5adc785d37?s=96&d=identicon&r=g","url":"https:\/\/secure.gravatar.com\/avatar\/30b83965911ef1108bb893c00bdd65c885f9890e1265ee04b02c3d5adc785d37?s=96&d=identicon&r=g","contentUrl":"https:\/\/secure.gravatar.com\/avatar\/30b83965911ef1108bb893c00bdd65c885f9890e1265ee04b02c3d5adc785d37?s=96&d=identicon&r=g","caption":"anachain"},"url":"https:\/\/pre.efe.com\/pt-br\/autor\/anachain\/"}]}},"jetpack_featured_media_url":"https:\/\/pre.efe.com\/wp-content\/uploads\/2024\/11\/rss-efe17cd8c356bd60f6f624b96b651d345101cf1656cw.jpg","jetpack_shortlink":"https:\/\/wp.me\/peJvHm-6bO0","jetpack_sharing_enabled":true,"_links":{"self":[{"href":"https:\/\/pre.efe.com\/pt-br\/wp-json\/wp\/v2\/posts\/1475352","targetHints":{"allow":["GET"]}}],"collection":[{"href":"https:\/\/pre.efe.com\/pt-br\/wp-json\/wp\/v2\/posts"}],"about":[{"href":"https:\/\/pre.efe.com\/pt-br\/wp-json\/wp\/v2\/types\/post"}],"author":[{"embeddable":true,"href":"https:\/\/pre.efe.com\/pt-br\/wp-json\/wp\/v2\/users\/198164106"}],"replies":[{"embeddable":true,"href":"https:\/\/pre.efe.com\/pt-br\/wp-json\/wp\/v2\/comments?post=1475352"}],"version-history":[{"count":2,"href":"https:\/\/pre.efe.com\/pt-br\/wp-json\/wp\/v2\/posts\/1475352\/revisions"}],"predecessor-version":[{"id":1475364,"href":"https:\/\/pre.efe.com\/pt-br\/wp-json\/wp\/v2\/posts\/1475352\/revisions\/1475364"}],"wp:featuredmedia":[{"embeddable":true,"href":"https:\/\/pre.efe.com\/pt-br\/wp-json\/wp\/v2\/media\/1475223"}],"wp:attachment":[{"href":"https:\/\/pre.efe.com\/pt-br\/wp-json\/wp\/v2\/media?parent=1475352"}],"wp:term":[{"taxonomy":"category","embeddable":true,"href":"https:\/\/pre.efe.com\/pt-br\/wp-json\/wp\/v2\/categories?post=1475352"},{"taxonomy":"post_tag","embeddable":true,"href":"https:\/\/pre.efe.com\/pt-br\/wp-json\/wp\/v2\/tags?post=1475352"}],"curies":[{"name":"wp","href":"https:\/\/api.w.org\/{rel}","templated":true}]}}