{"id":1481140,"date":"2024-11-14T14:38:00","date_gmt":"2024-11-14T13:38:00","guid":{"rendered":"https:\/\/pre.efe.com\/?p=1481140"},"modified":"2024-11-14T17:01:40","modified_gmt":"2024-11-14T16:01:40","slug":"governo-milei-retira-pensao-da-ex-presidente-cristina-kirchner","status":"publish","type":"post","link":"https:\/\/pre.efe.com\/pt-br\/mundo-2\/2024-11-14\/governo-milei-retira-pensao-da-ex-presidente-cristina-kirchner\/","title":{"rendered":"Governo Milei retira pens\u00e3o da ex-presidente Cristina Kirchner"},"content":{"rendered":"\n<p>Buenos Aires (EFE).- O governo de Javier Milei anunciou nesta quinta-feira que vai retirar a pens\u00e3o que a ex-presidente Cristina Kirchner (2007-2015) recebe por ter ocupado o cargo de chefe de Estado, depois de a Justi\u00e7a ter confirmado em segunda inst\u00e2ncia sua condena\u00e7\u00e3o por corrup\u00e7\u00e3o.<\/p>\n\n\n\n<p>Al\u00e9m disso, tamb\u00e9m ser\u00e1 retirada a pens\u00e3o que Cristina recebe por ser vi\u00fava do ex-presidente N\u00e9stor Kirchner (2003-2007), informou o porta-voz presidencial, Manuel Adorni, em sua habitual coletiva de imprensa na sede do Executivo.<\/p>\n\n\n\n<p>Adorni declarou que ambas as pens\u00f5es, tanto de aposentadoria como de viuvez, representam um custo de 21,8 milh\u00f5es de pesos (cerca de R$ 125,9 mil).<\/p>\n\n\n\n<p>Esse subs\u00eddio tem um car\u00e1ter n\u00e3o contributivo pela Lei 24.018 para ex-presidentes e ex-vice-presidentes e \u00e9 concedido \u201cem car\u00e1ter excepcional e extraordin\u00e1rio como remunera\u00e7\u00e3o por honra, m\u00e9rito e bom desempenho no cargo\u201d, explicou Adorni.<\/p>\n\n\n\n<blockquote class=\"wp-block-quote is-layout-flow wp-block-quote-is-layout-flow\">\n<p>\u201c(Cristina) foi condenada pela C\u00e2mara de Cassa\u00e7\u00e3o Penal por ser autora do crime de administra\u00e7\u00e3o fraudulenta, o que representa o oposto da honra, do m\u00e9rito e do bom desempenho\u201d, justificou o porta-voz ao anunciar a decis\u00e3o tomada pelo governo.<\/p>\n<\/blockquote>\n\n\n\n<p>A C\u00e2mara Federal de Cassa\u00e7\u00e3o Penal da Argentina ratificou, em segunda inst\u00e2ncia, a pena de seis anos de pris\u00e3o e inabilita\u00e7\u00e3o perp\u00e9tua para o exerc\u00edcio de cargos p\u00fablicos proferida em 2022 contra Cristina pelo Tribunal Oral Federal 2.<\/p>\n\n\n\n<p>Essa decis\u00e3o considerou que foi cometido um crime de administra\u00e7\u00e3o fraudulenta na concess\u00e3o de obras p\u00fablicas na prov\u00edncia de Santa Cruz durante os governos de N\u00e9stor Kirchner (2003-2007) e Cristina (2007-2015).<\/p>\n\n\n\n<blockquote class=\"wp-block-quote is-layout-flow wp-block-quote-is-layout-flow\">\n<p>\u201cA pens\u00e3o por aposentadoria de um l\u00edder n\u00e3o deveria existir na Argentina, ainda mais se quem a recebe for condenado por burlar desde as mais altas esferas do poder os argentinos que viram suas esperan\u00e7as desaparecerem nas m\u00e3os da pol\u00edtica\u201d, afirmou Adorni.<\/p>\n<\/blockquote>\n\n\n\n<p>O porta-voz presidencial fez este an\u00fancio em meio ao processo judicial, uma vez que a ex-presidente ainda pode recorrer da decis\u00e3o no Supremo Tribunal de Justi\u00e7a, raz\u00e3o pela qual a senten\u00e7a n\u00e3o ter\u00e1 efeito at\u00e9 que haja um veredito final.<\/p>\n\n\n\n<p>Adorni reconheceu que existe \u201cuma certa possibilidade\u201d de Cristina recorrer a um tribunal para denunciar a situa\u00e7\u00e3o e assegurou que a ex-presidente poder\u00e1 continuar a receber a pens\u00e3o de acordo com as contribui\u00e7\u00f5es feitas para o sistema de seguridade social, mas \u201cn\u00e3o este adicional por privil\u00e9gios&#8221;, em alus\u00e3o ao valor correspondente por ser ex-presidente e vi\u00fava de um ex-presidente.<\/p>\n\n\n\n<p>Al\u00e9m disso, frisou que o governo Milei \u201cn\u00e3o vai destinar fundos a nenhuma pessoa que seja condenada por corrup\u00e7\u00e3o e que tenha manchado a honra e a dignidade dos argentinos\u201d. EFE<\/p>\n","protected":false},"excerpt":{"rendered":"<p>Buenos Aires (EFE).- O governo de Javier Milei anunciou nesta quinta-feira que vai retirar a pens\u00e3o que a ex-presidente Cristina Kirchner (2007-2015) recebe por ter ocupado o cargo de chefe de Estado, depois de a Justi\u00e7a ter confirmado em segunda inst\u00e2ncia sua condena\u00e7\u00e3o por corrup\u00e7\u00e3o. Al\u00e9m disso, tamb\u00e9m ser\u00e1 retirada a pens\u00e3o que Cristina recebe &#8230; <a title=\"Governo Milei retira pens\u00e3o da ex-presidente Cristina Kirchner\" class=\"read-more\" href=\"https:\/\/pre.efe.com\/pt-br\/mundo-2\/2024-11-14\/governo-milei-retira-pensao-da-ex-presidente-cristina-kirchner\/\" aria-label=\"Read more about Governo Milei retira pens\u00e3o da ex-presidente Cristina Kirchner\">Leia mais<\/a><\/p>\n","protected":false},"author":198164106,"featured_media":1478670,"comment_status":"closed","ping_status":"closed","sticky":false,"template":"","format":"standard","meta":{"_acf_changed":false,"_jetpack_memberships_contains_paid_content":false,"footnotes":""},"categories":[123208,122141],"tags":[122644,124845,122630],"class_list":["post-1481140","post","type-post","status-publish","format-standard","has-post-thumbnail","hentry","category-mundo-2","category-portada","tag-argentina-2","tag-governo","tag-justica","generate-columns","tablet-grid-50","mobile-grid-100","grid-parent","grid-50"],"acf":[],"yoast_head":"<!-- This site is optimized with the Yoast SEO Premium plugin v26.0 (Yoast SEO v27.5) - https:\/\/yoast.com\/product\/yoast-seo-premium-wordpress\/ -->\n<title>Governo Milei retira pens\u00e3o da ex-presidente Cristina Kirchner - EFE<\/title>\n<meta name=\"robots\" content=\"noindex, follow\" \/>\n<meta property=\"og:locale\" content=\"pt_BR\" \/>\n<meta property=\"og:type\" content=\"article\" \/>\n<meta property=\"og:title\" content=\"Governo Milei retira pens\u00e3o da ex-presidente Cristina Kirchner - EFE\" \/>\n<meta property=\"og:description\" content=\"Buenos Aires (EFE).- O governo de Javier Milei anunciou nesta quinta-feira que vai retirar a pens\u00e3o que a ex-presidente Cristina Kirchner (2007-2015) recebe por ter ocupado o cargo de chefe de Estado, depois de a Justi\u00e7a ter confirmado em segunda inst\u00e2ncia sua condena\u00e7\u00e3o por corrup\u00e7\u00e3o. Al\u00e9m disso, tamb\u00e9m ser\u00e1 retirada a pens\u00e3o que Cristina recebe ... Leia mais\" \/>\n<meta property=\"og:url\" content=\"https:\/\/pre.efe.com\/pt-br\/mundo-2\/2024-11-14\/governo-milei-retira-pensao-da-ex-presidente-cristina-kirchner\/\" \/>\n<meta property=\"og:site_name\" content=\"EFE Noticias\" \/>\n<meta property=\"article:publisher\" content=\"https:\/\/www.facebook.com\/AgenciaEFEnoticias\/\" \/>\n<meta property=\"article:published_time\" content=\"2024-11-14T13:38:00+00:00\" \/>\n<meta property=\"article:modified_time\" content=\"2024-11-14T16:01:40+00:00\" \/>\n<meta property=\"og:image\" content=\"https:\/\/i0.wp.com\/efe.com\/\/srv\/htdocs\/wp-content\/uploads\/2024\/11\/rss-efed63e2e588f5a0911a9bbf613e9b520a80fb0b3eew.jpg?fit=1920%2C1280&ssl=1\" \/>\n\t<meta property=\"og:image:width\" content=\"1920\" \/>\n\t<meta property=\"og:image:height\" content=\"1280\" \/>\n\t<meta property=\"og:image:type\" content=\"image\/jpeg\" \/>\n<meta name=\"author\" content=\"anachain\" \/>\n<meta name=\"twitter:card\" content=\"summary_large_image\" \/>\n<meta name=\"twitter:creator\" content=\"@efenoticias\" \/>\n<meta name=\"twitter:site\" content=\"@efenoticias\" \/>\n<script type=\"application\/ld+json\" class=\"yoast-schema-graph\">{\"@context\":\"https:\\\/\\\/schema.org\",\"@graph\":[{\"@type\":\"NewsArticle\",\"@id\":\"https:\\\/\\\/pre.efe.com\\\/pt-br\\\/mundo-2\\\/2024-11-14\\\/governo-milei-retira-pensao-da-ex-presidente-cristina-kirchner\\\/#article\",\"isPartOf\":{\"@id\":\"https:\\\/\\\/pre.efe.com\\\/pt-br\\\/mundo-2\\\/2024-11-14\\\/governo-milei-retira-pensao-da-ex-presidente-cristina-kirchner\\\/\"},\"author\":{\"name\":\"anachain\",\"@id\":\"https:\\\/\\\/pre.efe.com\\\/pt-br\\\/#\\\/schema\\\/person\\\/b19f23f210db552768f68a4b552b004f\"},\"headline\":\"Governo Milei retira pens\u00e3o da ex-presidente Cristina Kirchner\",\"datePublished\":\"2024-11-14T13:38:00+00:00\",\"dateModified\":\"2024-11-14T16:01:40+00:00\",\"mainEntityOfPage\":{\"@id\":\"https:\\\/\\\/pre.efe.com\\\/pt-br\\\/mundo-2\\\/2024-11-14\\\/governo-milei-retira-pensao-da-ex-presidente-cristina-kirchner\\\/\"},\"wordCount\":482,\"publisher\":{\"@id\":\"https:\\\/\\\/pre.efe.com\\\/pt-br\\\/#organization\"},\"image\":{\"@id\":\"https:\\\/\\\/pre.efe.com\\\/pt-br\\\/mundo-2\\\/2024-11-14\\\/governo-milei-retira-pensao-da-ex-presidente-cristina-kirchner\\\/#primaryimage\"},\"thumbnailUrl\":\"https:\\\/\\\/pre.efe.com\\\/wp-content\\\/uploads\\\/2024\\\/11\\\/rss-efed63e2e588f5a0911a9bbf613e9b520a80fb0b3eew.jpg\",\"keywords\":[\"Argentina\",\"Governo\",\"Justi\u00e7a\"],\"articleSection\":[\"Mundo\",\"Portada\"],\"inLanguage\":\"pt-BR\",\"copyrightYear\":\"2024\",\"copyrightHolder\":{\"@id\":\"https:\\\/\\\/pre.efe.com\\\/#organization\"}},{\"@type\":[\"WebPage\",\"ItemPage\"],\"@id\":\"https:\\\/\\\/pre.efe.com\\\/pt-br\\\/mundo-2\\\/2024-11-14\\\/governo-milei-retira-pensao-da-ex-presidente-cristina-kirchner\\\/\",\"url\":\"https:\\\/\\\/pre.efe.com\\\/pt-br\\\/mundo-2\\\/2024-11-14\\\/governo-milei-retira-pensao-da-ex-presidente-cristina-kirchner\\\/\",\"name\":\"Governo Milei retira pens\u00e3o da ex-presidente Cristina Kirchner - EFE\",\"isPartOf\":{\"@id\":\"https:\\\/\\\/pre.efe.com\\\/pt-br\\\/#website\"},\"primaryImageOfPage\":{\"@id\":\"https:\\\/\\\/pre.efe.com\\\/pt-br\\\/mundo-2\\\/2024-11-14\\\/governo-milei-retira-pensao-da-ex-presidente-cristina-kirchner\\\/#primaryimage\"},\"image\":{\"@id\":\"https:\\\/\\\/pre.efe.com\\\/pt-br\\\/mundo-2\\\/2024-11-14\\\/governo-milei-retira-pensao-da-ex-presidente-cristina-kirchner\\\/#primaryimage\"},\"thumbnailUrl\":\"https:\\\/\\\/pre.efe.com\\\/wp-content\\\/uploads\\\/2024\\\/11\\\/rss-efed63e2e588f5a0911a9bbf613e9b520a80fb0b3eew.jpg\",\"datePublished\":\"2024-11-14T13:38:00+00:00\",\"dateModified\":\"2024-11-14T16:01:40+00:00\",\"breadcrumb\":{\"@id\":\"https:\\\/\\\/pre.efe.com\\\/pt-br\\\/mundo-2\\\/2024-11-14\\\/governo-milei-retira-pensao-da-ex-presidente-cristina-kirchner\\\/#breadcrumb\"},\"inLanguage\":\"pt-BR\",\"potentialAction\":[{\"@type\":\"ReadAction\",\"target\":[\"https:\\\/\\\/pre.efe.com\\\/pt-br\\\/mundo-2\\\/2024-11-14\\\/governo-milei-retira-pensao-da-ex-presidente-cristina-kirchner\\\/\"]}]},{\"@type\":\"ImageObject\",\"inLanguage\":\"pt-BR\",\"@id\":\"https:\\\/\\\/pre.efe.com\\\/pt-br\\\/mundo-2\\\/2024-11-14\\\/governo-milei-retira-pensao-da-ex-presidente-cristina-kirchner\\\/#primaryimage\",\"url\":\"https:\\\/\\\/pre.efe.com\\\/wp-content\\\/uploads\\\/2024\\\/11\\\/rss-efed63e2e588f5a0911a9bbf613e9b520a80fb0b3eew.jpg\",\"contentUrl\":\"https:\\\/\\\/pre.efe.com\\\/wp-content\\\/uploads\\\/2024\\\/11\\\/rss-efed63e2e588f5a0911a9bbf613e9b520a80fb0b3eew.jpg\",\"width\":1920,\"height\":1280,\"caption\":\"Cristina Kirchner. EFE\\\/Arquivo\\\/Juan Igancio Roncoroni\"},{\"@type\":\"BreadcrumbList\",\"@id\":\"https:\\\/\\\/pre.efe.com\\\/pt-br\\\/mundo-2\\\/2024-11-14\\\/governo-milei-retira-pensao-da-ex-presidente-cristina-kirchner\\\/#breadcrumb\",\"itemListElement\":[{\"@type\":\"ListItem\",\"position\":1,\"name\":\"Portada\",\"item\":\"https:\\\/\\\/pre.efe.com\\\/pt-br\\\/\"},{\"@type\":\"ListItem\",\"position\":2,\"name\":\"Governo Milei retira pens\u00e3o da ex-presidente Cristina Kirchner\"}]},{\"@type\":\"WebSite\",\"@id\":\"https:\\\/\\\/pre.efe.com\\\/pt-br\\\/#website\",\"url\":\"https:\\\/\\\/pre.efe.com\\\/pt-br\\\/\",\"name\":\"EFE Noticias\",\"description\":\"\",\"publisher\":{\"@id\":\"https:\\\/\\\/pre.efe.com\\\/pt-br\\\/#organization\"},\"potentialAction\":[{\"@type\":\"SearchAction\",\"target\":{\"@type\":\"EntryPoint\",\"urlTemplate\":\"https:\\\/\\\/pre.efe.com\\\/pt-br\\\/?s={search_term_string}\"},\"query-input\":{\"@type\":\"PropertyValueSpecification\",\"valueRequired\":true,\"valueName\":\"search_term_string\"}}],\"inLanguage\":\"pt-BR\"},{\"@type\":\"Organization\",\"@id\":\"https:\\\/\\\/pre.efe.com\\\/pt-br\\\/#organization\",\"name\":\"Agencia EFE\",\"url\":\"https:\\\/\\\/pre.efe.com\\\/pt-br\\\/\",\"logo\":{\"@type\":\"ImageObject\",\"inLanguage\":\"pt-BR\",\"@id\":\"https:\\\/\\\/pre.efe.com\\\/pt-br\\\/#\\\/schema\\\/logo\\\/image\\\/\",\"url\":\"https:\\\/\\\/pre.efe.com\\\/wp-content\\\/uploads\\\/2023\\\/06\\\/logo-efe-467.png\",\"contentUrl\":\"https:\\\/\\\/pre.efe.com\\\/wp-content\\\/uploads\\\/2023\\\/06\\\/logo-efe-467.png\",\"width\":467,\"height\":467,\"caption\":\"Agencia EFE\"},\"image\":{\"@id\":\"https:\\\/\\\/pre.efe.com\\\/pt-br\\\/#\\\/schema\\\/logo\\\/image\\\/\"},\"sameAs\":[\"https:\\\/\\\/www.facebook.com\\\/AgenciaEFEnoticias\\\/\",\"https:\\\/\\\/x.com\\\/efenoticias\",\"https:\\\/\\\/www.instagram.com\\\/efe_noticias\\\/\",\"http:\\\/\\\/www.youtube.com\\\/efe\"]},{\"@type\":\"Person\",\"@id\":\"https:\\\/\\\/pre.efe.com\\\/pt-br\\\/#\\\/schema\\\/person\\\/b19f23f210db552768f68a4b552b004f\",\"name\":\"anachain\",\"image\":{\"@type\":\"ImageObject\",\"inLanguage\":\"pt-BR\",\"@id\":\"https:\\\/\\\/secure.gravatar.com\\\/avatar\\\/30b83965911ef1108bb893c00bdd65c885f9890e1265ee04b02c3d5adc785d37?s=96&d=identicon&r=g\",\"url\":\"https:\\\/\\\/secure.gravatar.com\\\/avatar\\\/30b83965911ef1108bb893c00bdd65c885f9890e1265ee04b02c3d5adc785d37?s=96&d=identicon&r=g\",\"contentUrl\":\"https:\\\/\\\/secure.gravatar.com\\\/avatar\\\/30b83965911ef1108bb893c00bdd65c885f9890e1265ee04b02c3d5adc785d37?s=96&d=identicon&r=g\",\"caption\":\"anachain\"},\"url\":\"https:\\\/\\\/pre.efe.com\\\/pt-br\\\/autor\\\/anachain\\\/\"}]}<\/script>\n<!-- \/ Yoast SEO Premium plugin. -->","yoast_head_json":{"title":"Governo Milei retira pens\u00e3o da ex-presidente Cristina Kirchner - EFE","robots":{"index":"noindex","follow":"follow"},"og_locale":"pt_BR","og_type":"article","og_title":"Governo Milei retira pens\u00e3o da ex-presidente Cristina Kirchner - EFE","og_description":"Buenos Aires (EFE).- O governo de Javier Milei anunciou nesta quinta-feira que vai retirar a pens\u00e3o que a ex-presidente Cristina Kirchner (2007-2015) recebe por ter ocupado o cargo de chefe de Estado, depois de a Justi\u00e7a ter confirmado em segunda inst\u00e2ncia sua condena\u00e7\u00e3o por corrup\u00e7\u00e3o. Al\u00e9m disso, tamb\u00e9m ser\u00e1 retirada a pens\u00e3o que Cristina recebe ... Leia mais","og_url":"https:\/\/pre.efe.com\/pt-br\/mundo-2\/2024-11-14\/governo-milei-retira-pensao-da-ex-presidente-cristina-kirchner\/","og_site_name":"EFE Noticias","article_publisher":"https:\/\/www.facebook.com\/AgenciaEFEnoticias\/","article_published_time":"2024-11-14T13:38:00+00:00","article_modified_time":"2024-11-14T16:01:40+00:00","og_image":[{"width":1920,"height":1280,"url":"https:\/\/i0.wp.com\/efe.com\/\/srv\/htdocs\/wp-content\/uploads\/2024\/11\/rss-efed63e2e588f5a0911a9bbf613e9b520a80fb0b3eew.jpg?fit=1920%2C1280&ssl=1","type":"image\/jpeg"}],"author":"anachain","twitter_card":"summary_large_image","twitter_creator":"@efenoticias","twitter_site":"@efenoticias","schema":{"@context":"https:\/\/schema.org","@graph":[{"@type":"NewsArticle","@id":"https:\/\/pre.efe.com\/pt-br\/mundo-2\/2024-11-14\/governo-milei-retira-pensao-da-ex-presidente-cristina-kirchner\/#article","isPartOf":{"@id":"https:\/\/pre.efe.com\/pt-br\/mundo-2\/2024-11-14\/governo-milei-retira-pensao-da-ex-presidente-cristina-kirchner\/"},"author":{"name":"anachain","@id":"https:\/\/pre.efe.com\/pt-br\/#\/schema\/person\/b19f23f210db552768f68a4b552b004f"},"headline":"Governo Milei retira pens\u00e3o da ex-presidente Cristina Kirchner","datePublished":"2024-11-14T13:38:00+00:00","dateModified":"2024-11-14T16:01:40+00:00","mainEntityOfPage":{"@id":"https:\/\/pre.efe.com\/pt-br\/mundo-2\/2024-11-14\/governo-milei-retira-pensao-da-ex-presidente-cristina-kirchner\/"},"wordCount":482,"publisher":{"@id":"https:\/\/pre.efe.com\/pt-br\/#organization"},"image":{"@id":"https:\/\/pre.efe.com\/pt-br\/mundo-2\/2024-11-14\/governo-milei-retira-pensao-da-ex-presidente-cristina-kirchner\/#primaryimage"},"thumbnailUrl":"https:\/\/pre.efe.com\/wp-content\/uploads\/2024\/11\/rss-efed63e2e588f5a0911a9bbf613e9b520a80fb0b3eew.jpg","keywords":["Argentina","Governo","Justi\u00e7a"],"articleSection":["Mundo","Portada"],"inLanguage":"pt-BR","copyrightYear":"2024","copyrightHolder":{"@id":"https:\/\/pre.efe.com\/#organization"}},{"@type":["WebPage","ItemPage"],"@id":"https:\/\/pre.efe.com\/pt-br\/mundo-2\/2024-11-14\/governo-milei-retira-pensao-da-ex-presidente-cristina-kirchner\/","url":"https:\/\/pre.efe.com\/pt-br\/mundo-2\/2024-11-14\/governo-milei-retira-pensao-da-ex-presidente-cristina-kirchner\/","name":"Governo Milei retira pens\u00e3o da ex-presidente Cristina Kirchner - EFE","isPartOf":{"@id":"https:\/\/pre.efe.com\/pt-br\/#website"},"primaryImageOfPage":{"@id":"https:\/\/pre.efe.com\/pt-br\/mundo-2\/2024-11-14\/governo-milei-retira-pensao-da-ex-presidente-cristina-kirchner\/#primaryimage"},"image":{"@id":"https:\/\/pre.efe.com\/pt-br\/mundo-2\/2024-11-14\/governo-milei-retira-pensao-da-ex-presidente-cristina-kirchner\/#primaryimage"},"thumbnailUrl":"https:\/\/pre.efe.com\/wp-content\/uploads\/2024\/11\/rss-efed63e2e588f5a0911a9bbf613e9b520a80fb0b3eew.jpg","datePublished":"2024-11-14T13:38:00+00:00","dateModified":"2024-11-14T16:01:40+00:00","breadcrumb":{"@id":"https:\/\/pre.efe.com\/pt-br\/mundo-2\/2024-11-14\/governo-milei-retira-pensao-da-ex-presidente-cristina-kirchner\/#breadcrumb"},"inLanguage":"pt-BR","potentialAction":[{"@type":"ReadAction","target":["https:\/\/pre.efe.com\/pt-br\/mundo-2\/2024-11-14\/governo-milei-retira-pensao-da-ex-presidente-cristina-kirchner\/"]}]},{"@type":"ImageObject","inLanguage":"pt-BR","@id":"https:\/\/pre.efe.com\/pt-br\/mundo-2\/2024-11-14\/governo-milei-retira-pensao-da-ex-presidente-cristina-kirchner\/#primaryimage","url":"https:\/\/pre.efe.com\/wp-content\/uploads\/2024\/11\/rss-efed63e2e588f5a0911a9bbf613e9b520a80fb0b3eew.jpg","contentUrl":"https:\/\/pre.efe.com\/wp-content\/uploads\/2024\/11\/rss-efed63e2e588f5a0911a9bbf613e9b520a80fb0b3eew.jpg","width":1920,"height":1280,"caption":"Cristina Kirchner. EFE\/Arquivo\/Juan Igancio Roncoroni"},{"@type":"BreadcrumbList","@id":"https:\/\/pre.efe.com\/pt-br\/mundo-2\/2024-11-14\/governo-milei-retira-pensao-da-ex-presidente-cristina-kirchner\/#breadcrumb","itemListElement":[{"@type":"ListItem","position":1,"name":"Portada","item":"https:\/\/pre.efe.com\/pt-br\/"},{"@type":"ListItem","position":2,"name":"Governo Milei retira pens\u00e3o da ex-presidente Cristina Kirchner"}]},{"@type":"WebSite","@id":"https:\/\/pre.efe.com\/pt-br\/#website","url":"https:\/\/pre.efe.com\/pt-br\/","name":"EFE Noticias","description":"","publisher":{"@id":"https:\/\/pre.efe.com\/pt-br\/#organization"},"potentialAction":[{"@type":"SearchAction","target":{"@type":"EntryPoint","urlTemplate":"https:\/\/pre.efe.com\/pt-br\/?s={search_term_string}"},"query-input":{"@type":"PropertyValueSpecification","valueRequired":true,"valueName":"search_term_string"}}],"inLanguage":"pt-BR"},{"@type":"Organization","@id":"https:\/\/pre.efe.com\/pt-br\/#organization","name":"Agencia EFE","url":"https:\/\/pre.efe.com\/pt-br\/","logo":{"@type":"ImageObject","inLanguage":"pt-BR","@id":"https:\/\/pre.efe.com\/pt-br\/#\/schema\/logo\/image\/","url":"https:\/\/pre.efe.com\/wp-content\/uploads\/2023\/06\/logo-efe-467.png","contentUrl":"https:\/\/pre.efe.com\/wp-content\/uploads\/2023\/06\/logo-efe-467.png","width":467,"height":467,"caption":"Agencia EFE"},"image":{"@id":"https:\/\/pre.efe.com\/pt-br\/#\/schema\/logo\/image\/"},"sameAs":["https:\/\/www.facebook.com\/AgenciaEFEnoticias\/","https:\/\/x.com\/efenoticias","https:\/\/www.instagram.com\/efe_noticias\/","http:\/\/www.youtube.com\/efe"]},{"@type":"Person","@id":"https:\/\/pre.efe.com\/pt-br\/#\/schema\/person\/b19f23f210db552768f68a4b552b004f","name":"anachain","image":{"@type":"ImageObject","inLanguage":"pt-BR","@id":"https:\/\/secure.gravatar.com\/avatar\/30b83965911ef1108bb893c00bdd65c885f9890e1265ee04b02c3d5adc785d37?s=96&d=identicon&r=g","url":"https:\/\/secure.gravatar.com\/avatar\/30b83965911ef1108bb893c00bdd65c885f9890e1265ee04b02c3d5adc785d37?s=96&d=identicon&r=g","contentUrl":"https:\/\/secure.gravatar.com\/avatar\/30b83965911ef1108bb893c00bdd65c885f9890e1265ee04b02c3d5adc785d37?s=96&d=identicon&r=g","caption":"anachain"},"url":"https:\/\/pre.efe.com\/pt-br\/autor\/anachain\/"}]}},"jetpack_featured_media_url":"https:\/\/pre.efe.com\/wp-content\/uploads\/2024\/11\/rss-efed63e2e588f5a0911a9bbf613e9b520a80fb0b3eew.jpg","jetpack_shortlink":"https:\/\/wp.me\/peJvHm-6djm","jetpack_sharing_enabled":true,"_links":{"self":[{"href":"https:\/\/pre.efe.com\/pt-br\/wp-json\/wp\/v2\/posts\/1481140","targetHints":{"allow":["GET"]}}],"collection":[{"href":"https:\/\/pre.efe.com\/pt-br\/wp-json\/wp\/v2\/posts"}],"about":[{"href":"https:\/\/pre.efe.com\/pt-br\/wp-json\/wp\/v2\/types\/post"}],"author":[{"embeddable":true,"href":"https:\/\/pre.efe.com\/pt-br\/wp-json\/wp\/v2\/users\/198164106"}],"replies":[{"embeddable":true,"href":"https:\/\/pre.efe.com\/pt-br\/wp-json\/wp\/v2\/comments?post=1481140"}],"version-history":[{"count":2,"href":"https:\/\/pre.efe.com\/pt-br\/wp-json\/wp\/v2\/posts\/1481140\/revisions"}],"predecessor-version":[{"id":1481179,"href":"https:\/\/pre.efe.com\/pt-br\/wp-json\/wp\/v2\/posts\/1481140\/revisions\/1481179"}],"wp:featuredmedia":[{"embeddable":true,"href":"https:\/\/pre.efe.com\/pt-br\/wp-json\/wp\/v2\/media\/1478670"}],"wp:attachment":[{"href":"https:\/\/pre.efe.com\/pt-br\/wp-json\/wp\/v2\/media?parent=1481140"}],"wp:term":[{"taxonomy":"category","embeddable":true,"href":"https:\/\/pre.efe.com\/pt-br\/wp-json\/wp\/v2\/categories?post=1481140"},{"taxonomy":"post_tag","embeddable":true,"href":"https:\/\/pre.efe.com\/pt-br\/wp-json\/wp\/v2\/tags?post=1481140"}],"curies":[{"name":"wp","href":"https:\/\/api.w.org\/{rel}","templated":true}]}}