{"id":149575,"date":"2022-10-29T00:25:00","date_gmt":"2022-10-28T22:25:00","guid":{"rendered":"https:\/\/pre.efe.com\/?p=149575"},"modified":"2022-10-29T06:05:10","modified_gmt":"2022-10-29T04:05:10","slug":"ministro-espanhol-defende-apoio-de-pedro-sanchez-a-lula-jogo-democratico","status":"publish","type":"post","link":"https:\/\/pre.efe.com\/pt-br\/mundo-2\/2022-10-29\/ministro-espanhol-defende-apoio-de-pedro-sanchez-a-lula-jogo-democratico\/","title":{"rendered":"Ministro espanhol defende apoio de Pedro S\u00e1nchez a Lula: \u201cJogo democr\u00e1tico\u201d"},"content":{"rendered":"\n<p>Buenos Aires (<a href=\"https:\/\/pre.efe.com\/pt-br\/\">EFE<\/a>).-&nbsp;O ministro das Rela\u00e7\u00f5es Exteriores da Espanha, Jos\u00e9 Manuel Albares, defendeu nesta quinta-feira a atitude do presidente do governo, Pedro S\u00e1nchez, de expressar em v\u00eddeo o seu apoio ao ex-presidente Luiz In\u00e1cio Lula da Silva antes do segundo turno das elei\u00e7\u00f5es no domingo.<\/p>\n\n\n\n<blockquote class=\"wp-block-quote is-layout-flow wp-block-quote-is-layout-flow\"><p>&#8220;Est\u00e1 dentro do jogo democr\u00e1tico e claro que no pr\u00f3ximo domingo os brasileiros votar\u00e3o em total liberdade (&#8230;) e o resultado ser\u00e1 o que eles decidirem&#8221;, disse Albares em entrevista coletiva ap\u00f3s participar de uma reuni\u00e3o de ministros de Exteriores da Uni\u00e3o Europeia e de pa\u00edses latino-americanos em Buenos Aires.<\/p><\/blockquote>\n\n\n\n<p>S\u00e1nchez expressou seu apoio a Lula em um v\u00eddeo postado ontem nas redes sociais do ex-presidente brasileiro: &#8220;O Brasil merece esse horizonte de progresso, o Brasil merece Lula. Sua vit\u00f3ria, caro amigo, ser\u00e1 a dos progressistas do mundo&#8221;, afirmou Sanchez.<\/p>\n\n\n\n<p>&#8220;O presidente deixa muito claro: ele se expressa como secret\u00e1rio-geral do PSOE e voc\u00ea sabe perfeitamente que na Europa \u00e9 muito normal que os l\u00edderes pol\u00edticos de uma fam\u00edlia pol\u00edtica ajudem com v\u00eddeos ou com palavras de apoio ou manifestos de apoio os l\u00edderes de sua fam\u00edlia pol\u00edtica&#8221;, acrescentou Albares.<\/p>\n\n\n\n<p>O diplomata lembrou que, no \u00faltimo congresso do Partido Socialista Oper\u00e1rio Espanhol (PSOE), Lula tamb\u00e9m enviou um v\u00eddeo de apoio a S\u00e1nchez.<\/p>\n\n\n\n<blockquote class=\"wp-block-quote is-layout-flow wp-block-quote-is-layout-flow\"><p>&#8220;Lula e suas propostas eleitorais coincidem em muitas quest\u00f5es com as propostas dos social-democratas europeus e do PSOE&#8221;, destacou.<\/p><\/blockquote>\n\n\n\n<p>O ministro respondeu assim ao questionamento de um jornalista que lhe perguntou se via algum perigo nesse posicionamento, em detrimento do atual presidente e candidato \u00e0 reelei\u00e7\u00e3o, Jair Bolsonaro.<\/p>\n\n\n\n<p>&nbsp;&#8220;N\u00e3o vejo nenhum perigo&#8221;, sentenciou o ministro espanhol. <a href=\"https:\/\/efs.efeservicios.com\/\">EFE<\/a><\/p>\n","protected":false},"excerpt":{"rendered":"<p>Buenos Aires (EFE).-&nbsp;O ministro das Rela\u00e7\u00f5es Exteriores da Espanha, Jos\u00e9 Manuel Albares, defendeu nesta quinta-feira a atitude do presidente do governo, Pedro S\u00e1nchez, de expressar em v\u00eddeo o seu apoio ao ex-presidente Luiz In\u00e1cio Lula da Silva antes do segundo turno das elei\u00e7\u00f5es no domingo. &#8220;Est\u00e1 dentro do jogo democr\u00e1tico e claro que no pr\u00f3ximo &#8230; <a title=\"Ministro espanhol defende apoio de Pedro S\u00e1nchez a Lula: \u201cJogo democr\u00e1tico\u201d\" class=\"read-more\" href=\"https:\/\/pre.efe.com\/pt-br\/mundo-2\/2022-10-29\/ministro-espanhol-defende-apoio-de-pedro-sanchez-a-lula-jogo-democratico\/\" aria-label=\"Read more about Ministro espanhol defende apoio de Pedro S\u00e1nchez a Lula: \u201cJogo democr\u00e1tico\u201d\">Leia mais<\/a><\/p>\n","protected":false},"author":198164106,"featured_media":149609,"comment_status":"closed","ping_status":"closed","sticky":false,"template":"","format":"standard","meta":{"_acf_changed":false,"_jetpack_memberships_contains_paid_content":false,"footnotes":""},"categories":[123513,123208,122141],"tags":[124845,122326],"class_list":["post-149575","post","type-post","status-publish","format-standard","has-post-thumbnail","hentry","category-brasil","category-mundo-2","category-portada","tag-governo","tag-lula","generate-columns","tablet-grid-50","mobile-grid-100","grid-parent","grid-50"],"acf":[],"yoast_head":"<!-- This site is optimized with the Yoast SEO Premium plugin v26.0 (Yoast SEO v27.5) - https:\/\/yoast.com\/product\/yoast-seo-premium-wordpress\/ -->\n<title>Ministro espanhol defende apoio de Pedro S\u00e1nchez a Lula<\/title>\n<meta name=\"description\" content=\"O ministro das Rela\u00e7\u00f5es Exteriores da Espanha, Jos\u00e9 Manuel Albares, defendeu a atitude de Pedro S\u00e1nchez, de expressar seu apoio a Lula.\" \/>\n<meta name=\"robots\" content=\"noindex, follow\" \/>\n<meta property=\"og:locale\" content=\"pt_BR\" \/>\n<meta property=\"og:type\" content=\"article\" \/>\n<meta property=\"og:title\" content=\"Ministro espanhol defende apoio de Pedro S\u00e1nchez a Lula: \u201cJogo democr\u00e1tico\u201d - EFE\" \/>\n<meta property=\"og:description\" content=\"O ministro das Rela\u00e7\u00f5es Exteriores da Espanha, Jos\u00e9 Manuel Albares, defendeu a atitude de Pedro S\u00e1nchez, de expressar seu apoio a Lula.\" \/>\n<meta property=\"og:url\" content=\"https:\/\/pre.efe.com\/pt-br\/mundo-2\/2022-10-29\/ministro-espanhol-defende-apoio-de-pedro-sanchez-a-lula-jogo-democratico\/\" \/>\n<meta property=\"og:site_name\" content=\"EFE Noticias\" \/>\n<meta property=\"article:publisher\" content=\"https:\/\/www.facebook.com\/AgenciaEFEnoticias\/\" \/>\n<meta property=\"article:published_time\" content=\"2022-10-28T22:25:00+00:00\" \/>\n<meta property=\"article:modified_time\" content=\"2022-10-29T04:05:10+00:00\" \/>\n<meta property=\"og:image\" content=\"https:\/\/i0.wp.com\/efe.com\/\/srv\/htdocs\/wp-content\/uploads\/2022\/10\/LULA-SANCHEZ.jpg?fit=900%2C599&ssl=1\" \/>\n\t<meta property=\"og:image:width\" content=\"900\" \/>\n\t<meta property=\"og:image:height\" content=\"599\" \/>\n\t<meta property=\"og:image:type\" content=\"image\/jpeg\" \/>\n<meta name=\"author\" content=\"anachain\" \/>\n<meta name=\"twitter:card\" content=\"summary_large_image\" \/>\n<meta name=\"twitter:creator\" content=\"@efenoticias\" \/>\n<meta name=\"twitter:site\" content=\"@efenoticias\" \/>\n<script type=\"application\/ld+json\" class=\"yoast-schema-graph\">{\"@context\":\"https:\\\/\\\/schema.org\",\"@graph\":[{\"@type\":\"NewsArticle\",\"@id\":\"https:\\\/\\\/pre.efe.com\\\/pt-br\\\/mundo-2\\\/2022-10-29\\\/ministro-espanhol-defende-apoio-de-pedro-sanchez-a-lula-jogo-democratico\\\/#article\",\"isPartOf\":{\"@id\":\"https:\\\/\\\/pre.efe.com\\\/pt-br\\\/mundo-2\\\/2022-10-29\\\/ministro-espanhol-defende-apoio-de-pedro-sanchez-a-lula-jogo-democratico\\\/\"},\"author\":{\"name\":\"anachain\",\"@id\":\"https:\\\/\\\/pre.efe.com\\\/pt-br\\\/#\\\/schema\\\/person\\\/b19f23f210db552768f68a4b552b004f\"},\"headline\":\"Ministro espanhol defende apoio de Pedro S\u00e1nchez a Lula: \u201cJogo democr\u00e1tico\u201d\",\"datePublished\":\"2022-10-28T22:25:00+00:00\",\"dateModified\":\"2022-10-29T04:05:10+00:00\",\"mainEntityOfPage\":{\"@id\":\"https:\\\/\\\/pre.efe.com\\\/pt-br\\\/mundo-2\\\/2022-10-29\\\/ministro-espanhol-defende-apoio-de-pedro-sanchez-a-lula-jogo-democratico\\\/\"},\"wordCount\":309,\"publisher\":{\"@id\":\"https:\\\/\\\/pre.efe.com\\\/pt-br\\\/#organization\"},\"image\":{\"@id\":\"https:\\\/\\\/pre.efe.com\\\/pt-br\\\/mundo-2\\\/2022-10-29\\\/ministro-espanhol-defende-apoio-de-pedro-sanchez-a-lula-jogo-democratico\\\/#primaryimage\"},\"thumbnailUrl\":\"https:\\\/\\\/pre.efe.com\\\/wp-content\\\/uploads\\\/2022\\\/10\\\/LULA-SANCHEZ.jpg\",\"keywords\":[\"Governo\",\"Lula\"],\"articleSection\":[\"Brasil\",\"Mundo\",\"Portada\"],\"inLanguage\":\"pt-BR\",\"copyrightYear\":\"2022\",\"copyrightHolder\":{\"@id\":\"https:\\\/\\\/pre.efe.com\\\/#organization\"}},{\"@type\":[\"WebPage\",\"ItemPage\"],\"@id\":\"https:\\\/\\\/pre.efe.com\\\/pt-br\\\/mundo-2\\\/2022-10-29\\\/ministro-espanhol-defende-apoio-de-pedro-sanchez-a-lula-jogo-democratico\\\/\",\"url\":\"https:\\\/\\\/pre.efe.com\\\/pt-br\\\/mundo-2\\\/2022-10-29\\\/ministro-espanhol-defende-apoio-de-pedro-sanchez-a-lula-jogo-democratico\\\/\",\"name\":\"Ministro espanhol defende apoio de Pedro S\u00e1nchez a Lula\",\"isPartOf\":{\"@id\":\"https:\\\/\\\/pre.efe.com\\\/pt-br\\\/#website\"},\"primaryImageOfPage\":{\"@id\":\"https:\\\/\\\/pre.efe.com\\\/pt-br\\\/mundo-2\\\/2022-10-29\\\/ministro-espanhol-defende-apoio-de-pedro-sanchez-a-lula-jogo-democratico\\\/#primaryimage\"},\"image\":{\"@id\":\"https:\\\/\\\/pre.efe.com\\\/pt-br\\\/mundo-2\\\/2022-10-29\\\/ministro-espanhol-defende-apoio-de-pedro-sanchez-a-lula-jogo-democratico\\\/#primaryimage\"},\"thumbnailUrl\":\"https:\\\/\\\/pre.efe.com\\\/wp-content\\\/uploads\\\/2022\\\/10\\\/LULA-SANCHEZ.jpg\",\"datePublished\":\"2022-10-28T22:25:00+00:00\",\"dateModified\":\"2022-10-29T04:05:10+00:00\",\"description\":\"O ministro das Rela\u00e7\u00f5es Exteriores da Espanha, Jos\u00e9 Manuel Albares, defendeu a atitude de Pedro S\u00e1nchez, de expressar seu apoio a Lula.\",\"breadcrumb\":{\"@id\":\"https:\\\/\\\/pre.efe.com\\\/pt-br\\\/mundo-2\\\/2022-10-29\\\/ministro-espanhol-defende-apoio-de-pedro-sanchez-a-lula-jogo-democratico\\\/#breadcrumb\"},\"inLanguage\":\"pt-BR\",\"potentialAction\":[{\"@type\":\"ReadAction\",\"target\":[\"https:\\\/\\\/pre.efe.com\\\/pt-br\\\/mundo-2\\\/2022-10-29\\\/ministro-espanhol-defende-apoio-de-pedro-sanchez-a-lula-jogo-democratico\\\/\"]}]},{\"@type\":\"ImageObject\",\"inLanguage\":\"pt-BR\",\"@id\":\"https:\\\/\\\/pre.efe.com\\\/pt-br\\\/mundo-2\\\/2022-10-29\\\/ministro-espanhol-defende-apoio-de-pedro-sanchez-a-lula-jogo-democratico\\\/#primaryimage\",\"url\":\"https:\\\/\\\/pre.efe.com\\\/wp-content\\\/uploads\\\/2022\\\/10\\\/LULA-SANCHEZ.jpg\",\"contentUrl\":\"https:\\\/\\\/pre.efe.com\\\/wp-content\\\/uploads\\\/2022\\\/10\\\/LULA-SANCHEZ.jpg\",\"width\":900,\"height\":599,\"caption\":\"O ministro das Rela\u00e7\u00f5es Exteriores da Espanha, Jos\u00e9 Manuel Albares. EFE\\\/Juan Ignacio Roncoroni\"},{\"@type\":\"BreadcrumbList\",\"@id\":\"https:\\\/\\\/pre.efe.com\\\/pt-br\\\/mundo-2\\\/2022-10-29\\\/ministro-espanhol-defende-apoio-de-pedro-sanchez-a-lula-jogo-democratico\\\/#breadcrumb\",\"itemListElement\":[{\"@type\":\"ListItem\",\"position\":1,\"name\":\"Portada\",\"item\":\"https:\\\/\\\/pre.efe.com\\\/pt-br\\\/\"},{\"@type\":\"ListItem\",\"position\":2,\"name\":\"Ministro espanhol defende apoio de Pedro S\u00e1nchez a Lula: \u201cJogo democr\u00e1tico\u201d\"}]},{\"@type\":\"WebSite\",\"@id\":\"https:\\\/\\\/pre.efe.com\\\/pt-br\\\/#website\",\"url\":\"https:\\\/\\\/pre.efe.com\\\/pt-br\\\/\",\"name\":\"EFE Noticias\",\"description\":\"\",\"publisher\":{\"@id\":\"https:\\\/\\\/pre.efe.com\\\/pt-br\\\/#organization\"},\"potentialAction\":[{\"@type\":\"SearchAction\",\"target\":{\"@type\":\"EntryPoint\",\"urlTemplate\":\"https:\\\/\\\/pre.efe.com\\\/pt-br\\\/?s={search_term_string}\"},\"query-input\":{\"@type\":\"PropertyValueSpecification\",\"valueRequired\":true,\"valueName\":\"search_term_string\"}}],\"inLanguage\":\"pt-BR\"},{\"@type\":\"Organization\",\"@id\":\"https:\\\/\\\/pre.efe.com\\\/pt-br\\\/#organization\",\"name\":\"Agencia EFE\",\"url\":\"https:\\\/\\\/pre.efe.com\\\/pt-br\\\/\",\"logo\":{\"@type\":\"ImageObject\",\"inLanguage\":\"pt-BR\",\"@id\":\"https:\\\/\\\/pre.efe.com\\\/pt-br\\\/#\\\/schema\\\/logo\\\/image\\\/\",\"url\":\"https:\\\/\\\/pre.efe.com\\\/wp-content\\\/uploads\\\/2023\\\/06\\\/logo-efe-467.png\",\"contentUrl\":\"https:\\\/\\\/pre.efe.com\\\/wp-content\\\/uploads\\\/2023\\\/06\\\/logo-efe-467.png\",\"width\":467,\"height\":467,\"caption\":\"Agencia EFE\"},\"image\":{\"@id\":\"https:\\\/\\\/pre.efe.com\\\/pt-br\\\/#\\\/schema\\\/logo\\\/image\\\/\"},\"sameAs\":[\"https:\\\/\\\/www.facebook.com\\\/AgenciaEFEnoticias\\\/\",\"https:\\\/\\\/x.com\\\/efenoticias\",\"https:\\\/\\\/www.instagram.com\\\/efe_noticias\\\/\",\"http:\\\/\\\/www.youtube.com\\\/efe\"]},{\"@type\":\"Person\",\"@id\":\"https:\\\/\\\/pre.efe.com\\\/pt-br\\\/#\\\/schema\\\/person\\\/b19f23f210db552768f68a4b552b004f\",\"name\":\"anachain\",\"image\":{\"@type\":\"ImageObject\",\"inLanguage\":\"pt-BR\",\"@id\":\"https:\\\/\\\/secure.gravatar.com\\\/avatar\\\/30b83965911ef1108bb893c00bdd65c885f9890e1265ee04b02c3d5adc785d37?s=96&d=identicon&r=g\",\"url\":\"https:\\\/\\\/secure.gravatar.com\\\/avatar\\\/30b83965911ef1108bb893c00bdd65c885f9890e1265ee04b02c3d5adc785d37?s=96&d=identicon&r=g\",\"contentUrl\":\"https:\\\/\\\/secure.gravatar.com\\\/avatar\\\/30b83965911ef1108bb893c00bdd65c885f9890e1265ee04b02c3d5adc785d37?s=96&d=identicon&r=g\",\"caption\":\"anachain\"},\"url\":\"https:\\\/\\\/pre.efe.com\\\/pt-br\\\/autor\\\/anachain\\\/\"}]}<\/script>\n<!-- \/ Yoast SEO Premium plugin. -->","yoast_head_json":{"title":"Ministro espanhol defende apoio de Pedro S\u00e1nchez a Lula","description":"O ministro das Rela\u00e7\u00f5es Exteriores da Espanha, Jos\u00e9 Manuel Albares, defendeu a atitude de Pedro S\u00e1nchez, de expressar seu apoio a Lula.","robots":{"index":"noindex","follow":"follow"},"og_locale":"pt_BR","og_type":"article","og_title":"Ministro espanhol defende apoio de Pedro S\u00e1nchez a Lula: \u201cJogo democr\u00e1tico\u201d - EFE","og_description":"O ministro das Rela\u00e7\u00f5es Exteriores da Espanha, Jos\u00e9 Manuel Albares, defendeu a atitude de Pedro S\u00e1nchez, de expressar seu apoio a Lula.","og_url":"https:\/\/pre.efe.com\/pt-br\/mundo-2\/2022-10-29\/ministro-espanhol-defende-apoio-de-pedro-sanchez-a-lula-jogo-democratico\/","og_site_name":"EFE Noticias","article_publisher":"https:\/\/www.facebook.com\/AgenciaEFEnoticias\/","article_published_time":"2022-10-28T22:25:00+00:00","article_modified_time":"2022-10-29T04:05:10+00:00","og_image":[{"width":900,"height":599,"url":"https:\/\/i0.wp.com\/efe.com\/\/srv\/htdocs\/wp-content\/uploads\/2022\/10\/LULA-SANCHEZ.jpg?fit=900%2C599&ssl=1","type":"image\/jpeg"}],"author":"anachain","twitter_card":"summary_large_image","twitter_creator":"@efenoticias","twitter_site":"@efenoticias","schema":{"@context":"https:\/\/schema.org","@graph":[{"@type":"NewsArticle","@id":"https:\/\/pre.efe.com\/pt-br\/mundo-2\/2022-10-29\/ministro-espanhol-defende-apoio-de-pedro-sanchez-a-lula-jogo-democratico\/#article","isPartOf":{"@id":"https:\/\/pre.efe.com\/pt-br\/mundo-2\/2022-10-29\/ministro-espanhol-defende-apoio-de-pedro-sanchez-a-lula-jogo-democratico\/"},"author":{"name":"anachain","@id":"https:\/\/pre.efe.com\/pt-br\/#\/schema\/person\/b19f23f210db552768f68a4b552b004f"},"headline":"Ministro espanhol defende apoio de Pedro S\u00e1nchez a Lula: \u201cJogo democr\u00e1tico\u201d","datePublished":"2022-10-28T22:25:00+00:00","dateModified":"2022-10-29T04:05:10+00:00","mainEntityOfPage":{"@id":"https:\/\/pre.efe.com\/pt-br\/mundo-2\/2022-10-29\/ministro-espanhol-defende-apoio-de-pedro-sanchez-a-lula-jogo-democratico\/"},"wordCount":309,"publisher":{"@id":"https:\/\/pre.efe.com\/pt-br\/#organization"},"image":{"@id":"https:\/\/pre.efe.com\/pt-br\/mundo-2\/2022-10-29\/ministro-espanhol-defende-apoio-de-pedro-sanchez-a-lula-jogo-democratico\/#primaryimage"},"thumbnailUrl":"https:\/\/pre.efe.com\/wp-content\/uploads\/2022\/10\/LULA-SANCHEZ.jpg","keywords":["Governo","Lula"],"articleSection":["Brasil","Mundo","Portada"],"inLanguage":"pt-BR","copyrightYear":"2022","copyrightHolder":{"@id":"https:\/\/pre.efe.com\/#organization"}},{"@type":["WebPage","ItemPage"],"@id":"https:\/\/pre.efe.com\/pt-br\/mundo-2\/2022-10-29\/ministro-espanhol-defende-apoio-de-pedro-sanchez-a-lula-jogo-democratico\/","url":"https:\/\/pre.efe.com\/pt-br\/mundo-2\/2022-10-29\/ministro-espanhol-defende-apoio-de-pedro-sanchez-a-lula-jogo-democratico\/","name":"Ministro espanhol defende apoio de Pedro S\u00e1nchez a Lula","isPartOf":{"@id":"https:\/\/pre.efe.com\/pt-br\/#website"},"primaryImageOfPage":{"@id":"https:\/\/pre.efe.com\/pt-br\/mundo-2\/2022-10-29\/ministro-espanhol-defende-apoio-de-pedro-sanchez-a-lula-jogo-democratico\/#primaryimage"},"image":{"@id":"https:\/\/pre.efe.com\/pt-br\/mundo-2\/2022-10-29\/ministro-espanhol-defende-apoio-de-pedro-sanchez-a-lula-jogo-democratico\/#primaryimage"},"thumbnailUrl":"https:\/\/pre.efe.com\/wp-content\/uploads\/2022\/10\/LULA-SANCHEZ.jpg","datePublished":"2022-10-28T22:25:00+00:00","dateModified":"2022-10-29T04:05:10+00:00","description":"O ministro das Rela\u00e7\u00f5es Exteriores da Espanha, Jos\u00e9 Manuel Albares, defendeu a atitude de Pedro S\u00e1nchez, de expressar seu apoio a Lula.","breadcrumb":{"@id":"https:\/\/pre.efe.com\/pt-br\/mundo-2\/2022-10-29\/ministro-espanhol-defende-apoio-de-pedro-sanchez-a-lula-jogo-democratico\/#breadcrumb"},"inLanguage":"pt-BR","potentialAction":[{"@type":"ReadAction","target":["https:\/\/pre.efe.com\/pt-br\/mundo-2\/2022-10-29\/ministro-espanhol-defende-apoio-de-pedro-sanchez-a-lula-jogo-democratico\/"]}]},{"@type":"ImageObject","inLanguage":"pt-BR","@id":"https:\/\/pre.efe.com\/pt-br\/mundo-2\/2022-10-29\/ministro-espanhol-defende-apoio-de-pedro-sanchez-a-lula-jogo-democratico\/#primaryimage","url":"https:\/\/pre.efe.com\/wp-content\/uploads\/2022\/10\/LULA-SANCHEZ.jpg","contentUrl":"https:\/\/pre.efe.com\/wp-content\/uploads\/2022\/10\/LULA-SANCHEZ.jpg","width":900,"height":599,"caption":"O ministro das Rela\u00e7\u00f5es Exteriores da Espanha, Jos\u00e9 Manuel Albares. EFE\/Juan Ignacio Roncoroni"},{"@type":"BreadcrumbList","@id":"https:\/\/pre.efe.com\/pt-br\/mundo-2\/2022-10-29\/ministro-espanhol-defende-apoio-de-pedro-sanchez-a-lula-jogo-democratico\/#breadcrumb","itemListElement":[{"@type":"ListItem","position":1,"name":"Portada","item":"https:\/\/pre.efe.com\/pt-br\/"},{"@type":"ListItem","position":2,"name":"Ministro espanhol defende apoio de Pedro S\u00e1nchez a Lula: \u201cJogo democr\u00e1tico\u201d"}]},{"@type":"WebSite","@id":"https:\/\/pre.efe.com\/pt-br\/#website","url":"https:\/\/pre.efe.com\/pt-br\/","name":"EFE Noticias","description":"","publisher":{"@id":"https:\/\/pre.efe.com\/pt-br\/#organization"},"potentialAction":[{"@type":"SearchAction","target":{"@type":"EntryPoint","urlTemplate":"https:\/\/pre.efe.com\/pt-br\/?s={search_term_string}"},"query-input":{"@type":"PropertyValueSpecification","valueRequired":true,"valueName":"search_term_string"}}],"inLanguage":"pt-BR"},{"@type":"Organization","@id":"https:\/\/pre.efe.com\/pt-br\/#organization","name":"Agencia EFE","url":"https:\/\/pre.efe.com\/pt-br\/","logo":{"@type":"ImageObject","inLanguage":"pt-BR","@id":"https:\/\/pre.efe.com\/pt-br\/#\/schema\/logo\/image\/","url":"https:\/\/pre.efe.com\/wp-content\/uploads\/2023\/06\/logo-efe-467.png","contentUrl":"https:\/\/pre.efe.com\/wp-content\/uploads\/2023\/06\/logo-efe-467.png","width":467,"height":467,"caption":"Agencia EFE"},"image":{"@id":"https:\/\/pre.efe.com\/pt-br\/#\/schema\/logo\/image\/"},"sameAs":["https:\/\/www.facebook.com\/AgenciaEFEnoticias\/","https:\/\/x.com\/efenoticias","https:\/\/www.instagram.com\/efe_noticias\/","http:\/\/www.youtube.com\/efe"]},{"@type":"Person","@id":"https:\/\/pre.efe.com\/pt-br\/#\/schema\/person\/b19f23f210db552768f68a4b552b004f","name":"anachain","image":{"@type":"ImageObject","inLanguage":"pt-BR","@id":"https:\/\/secure.gravatar.com\/avatar\/30b83965911ef1108bb893c00bdd65c885f9890e1265ee04b02c3d5adc785d37?s=96&d=identicon&r=g","url":"https:\/\/secure.gravatar.com\/avatar\/30b83965911ef1108bb893c00bdd65c885f9890e1265ee04b02c3d5adc785d37?s=96&d=identicon&r=g","contentUrl":"https:\/\/secure.gravatar.com\/avatar\/30b83965911ef1108bb893c00bdd65c885f9890e1265ee04b02c3d5adc785d37?s=96&d=identicon&r=g","caption":"anachain"},"url":"https:\/\/pre.efe.com\/pt-br\/autor\/anachain\/"}]}},"jetpack_featured_media_url":"https:\/\/pre.efe.com\/wp-content\/uploads\/2022\/10\/LULA-SANCHEZ.jpg","jetpack_shortlink":"https:\/\/wp.me\/peJvHm-CUv","jetpack_sharing_enabled":true,"_links":{"self":[{"href":"https:\/\/pre.efe.com\/pt-br\/wp-json\/wp\/v2\/posts\/149575","targetHints":{"allow":["GET"]}}],"collection":[{"href":"https:\/\/pre.efe.com\/pt-br\/wp-json\/wp\/v2\/posts"}],"about":[{"href":"https:\/\/pre.efe.com\/pt-br\/wp-json\/wp\/v2\/types\/post"}],"author":[{"embeddable":true,"href":"https:\/\/pre.efe.com\/pt-br\/wp-json\/wp\/v2\/users\/198164106"}],"replies":[{"embeddable":true,"href":"https:\/\/pre.efe.com\/pt-br\/wp-json\/wp\/v2\/comments?post=149575"}],"version-history":[{"count":3,"href":"https:\/\/pre.efe.com\/pt-br\/wp-json\/wp\/v2\/posts\/149575\/revisions"}],"predecessor-version":[{"id":149644,"href":"https:\/\/pre.efe.com\/pt-br\/wp-json\/wp\/v2\/posts\/149575\/revisions\/149644"}],"wp:featuredmedia":[{"embeddable":true,"href":"https:\/\/pre.efe.com\/pt-br\/wp-json\/wp\/v2\/media\/149609"}],"wp:attachment":[{"href":"https:\/\/pre.efe.com\/pt-br\/wp-json\/wp\/v2\/media?parent=149575"}],"wp:term":[{"taxonomy":"category","embeddable":true,"href":"https:\/\/pre.efe.com\/pt-br\/wp-json\/wp\/v2\/categories?post=149575"},{"taxonomy":"post_tag","embeddable":true,"href":"https:\/\/pre.efe.com\/pt-br\/wp-json\/wp\/v2\/tags?post=149575"}],"curies":[{"name":"wp","href":"https:\/\/api.w.org\/{rel}","templated":true}]}}