{"id":149641,"date":"2022-10-29T02:00:00","date_gmt":"2022-10-29T00:00:00","guid":{"rendered":"https:\/\/pre.efe.com\/?p=149641"},"modified":"2022-10-29T06:28:53","modified_gmt":"2022-10-29T04:28:53","slug":"copa-do-mundo-do-qatar-sera-a-mais-sustentavel-da-historia","status":"publish","type":"post","link":"https:\/\/pre.efe.com\/pt-br\/esportes\/2022-10-29\/copa-do-mundo-do-qatar-sera-a-mais-sustentavel-da-historia\/","title":{"rendered":"Copa do Mundo do Qatar ser\u00e1 a mais sustent\u00e1vel da hist\u00f3ria"},"content":{"rendered":"\n<p>Javier Picazo Feli\u00fa.<\/p>\n\n\n\n<p>Doha (<a href=\"https:\/\/pre.efe.com\/pt-br\/\">EFE<\/a>).- Em um pa\u00eds cercado de deserto e comprometido com a gest\u00e3o eficiente de recursos, a sustentabilidade se tornou uma necessidade. Um desafio que, na Copa do Mundo de 2022, no Qatar, foi marcado na constru\u00e7\u00e3o dos est\u00e1dios que receber\u00e3o jogos e que fazem o torneio ser o mais &#8220;verde&#8221; da hist\u00f3ria.<\/p>\n\n\n\n<p>A gest\u00e3o de res\u00edduos, o uso de dessalinizadores de \u00e1gua do mar, a energia solar, a efici\u00eancia dos pr\u00f3prios est\u00e1dios e o legado s\u00e3o pautas que regem a constru\u00e7\u00e3o das sedes do torneio, com o Est\u00e1dio 974 sendo o maior expoente.<\/p>\n\n\n\n<p>Erguido para receber 40 mil espectadores, o palco \u00e9 a grande aposta da Copa e criou um &#8220;antes e depois&#8221; no que se refere a inova\u00e7\u00e3o, design e sustentabilidade. \u00c9 o primeiro est\u00e1dio coberto desmont\u00e1vel e reutiliz\u00e1vel por completo, por ter sido integralmente constru\u00eddo com cont\u00eaineres de transporte e a\u00e7o modular.<\/p>\n\n\n\n<p>O prod\u00edgio arquitet\u00f4nico foi projeto pelo escrit\u00f3rio Fenwick Iribarren e est\u00e1 localizado na regi\u00e3o portu\u00e1ria de Doha, muito perto do mercado Souq Waqif e do centro da capital, sendo uma homenagem \u00e0 tradi\u00e7\u00e3o comercial e de navega\u00e7\u00e3o qatariana.<\/p>\n\n\n\n<p>O nome do est\u00e1dio, 974, n\u00e3o \u00e9 apenas o c\u00f3digo internacional telef\u00f4nico do pa\u00eds, mas tamb\u00e9m o n\u00famero exato de cont\u00eaineres mar\u00edtimos utilizados na constru\u00e7\u00e3o. \u00c9 como se fosse um jogo de blocos de montar para crian\u00e7as.<\/p>\n\n\n\n<blockquote class=\"wp-block-quote is-layout-flow wp-block-quote-is-layout-flow\"><p>&#8220;Decidimos fazer um est\u00e1dio que desapare\u00e7a depois do Mundial, que possa ser transportado, que possa ser desmontado e montado na Copa seguinte. Obviamente, a pe\u00e7a de transporte mundial \u00e9 o cont\u00eainer mar\u00edtimo, que \u00e9 como um Lego&#8221;, afirma Mark Fenwick, cofundador do est\u00fadio Iribarren Architects (FIA).<\/p><\/blockquote>\n\n\n\n<p>O escrit\u00f3rio, que projetou tr\u00eas dos oito est\u00e1dios da Copa do Qatar &#8211; os outros s\u00e3o o Education City e o Al Thumama &#8211; disse \u00e0 Ag\u00eancia EFE que o &#8220;desafio claro&#8221; para o 974 era ser o mais sustent\u00e1vel j\u00e1 feito&#8221;, gra\u00e7as ao uso de computadores e simuladores, sobretudo, para o controle da temperatura.<\/p>\n\n\n\n<h2 class=\"wp-block-heading\">Legado dos est\u00e1dios da Copa para o Qatar<\/h2>\n\n\n\n<p>Para o arquiteto, a ideia de poder dar uma segunda vida aos est\u00e1dios que ser\u00e3o utilizados no torneio \u00e9 uma das partes essenciais do projeto.<\/p>\n\n\n\n<blockquote class=\"wp-block-quote is-layout-flow wp-block-quote-is-layout-flow\"><p>&#8220;Obviamente, a grande vantagem \u00e9 a possibilidade de reutiliz\u00e1-lo. Eu posso desmont\u00e1-lo e posso mont\u00e1-lo novamente e fazer outro est\u00e1dio, ou posso fazer dez ou vinte edif\u00edcios menores diferentes&#8221;, afirmou Fenwick.<\/p><\/blockquote>\n\n\n\n<p>Depois do torneio, a ideia \u00e9 transformar os cont\u00eaineres e a superestrutura para criar uma urbaniza\u00e7\u00e3o de frente para o mar e um centro de neg\u00f3cios.<\/p>\n\n\n\n<p>O design e os materiais, contudo, n\u00e3o s\u00e3o os \u00fanicos pontos sustent\u00e1veis, mas sim a pr\u00f3pria localiza\u00e7\u00e3o do est\u00e1dio.<\/p>\n\n\n\n<p>&#8220;Essa \u00e1rea era uma antiga zona industrial. Portanto, tamb\u00e9m fizemos um grande trabalho de recupera\u00e7\u00e3o e limpeza local&#8221;, declarou Orjan Lundberg, um dos diretores de sustentabilidade da organiza\u00e7\u00e3o local da Copa do Mundo do Qatar.<\/p>\n\n\n\n<blockquote class=\"wp-block-quote is-layout-flow wp-block-quote-is-layout-flow\"><p>&#8220;No 974, estamos construindo um est\u00e1dio de n\u00edvel mundial, que cumpre todos os requisitos da Fifa, a partir de um design puramente modular. Agora, temos est\u00e1dios que contam com grandes e belos parques com instala\u00e7\u00f5es esportivas, \u00e1reas de brincadeira para crian\u00e7as, pequenos restaurantes, caf\u00e9s, muito concorridos \u00e0 noite. S\u00e3o instala\u00e7\u00f5es que n\u00e3o existiam. Pensamos faz dez anos nestas \u00e1reas em particular. Esse legado j\u00e1 existe e seguir\u00e1 existindo durante muito tempo&#8221;, completou.<\/p><\/blockquote>\n\n\n\n<p>A reutiliza\u00e7\u00e3o dos est\u00e1dios nas \u00e1reas propostas envolveu a participa\u00e7\u00e3o ativa das comunidades locais, que expressaram as necessidades de seus bairros para a organiza\u00e7\u00e3o do Comit\u00ea Supremo da Copa do Mundo.<\/p>\n\n\n\n<p>&#8220;H\u00e1 muito legado ao redor do est\u00e1dio, tanto dentro dos est\u00e1dios quanto na \u00e1rea do entorno&#8221;, explica Lundberg.<\/p>\n\n\n\n<h2 class=\"wp-block-heading\">Economia circular e sustentabilidade no Qatar durante a Copa<\/h2>\n\n\n\n<p>Os est\u00e1dios s\u00e3o projetados para serem sustent\u00e1veis em todas as \u00e1reas: energia, legado, gest\u00e3o de res\u00edduos e economia circular.<\/p>\n\n\n\n<blockquote class=\"wp-block-quote is-layout-flow wp-block-quote-is-layout-flow\"><p>&#8220;O que n\u00f3s fizemos \u00e9, obviamente, um design espetacular, de acordo com o pa\u00eds. Mas, tamb\u00e9m h\u00e1 um certo projeto no custo. O 974 tamb\u00e9m pode ser dos est\u00e1dios mais baratos da Copa. Mas, acho que a funcionalidade do pa\u00eds est\u00e1 focada mais na sustentabilidade e tamb\u00e9m no cuidado. Uma das evolu\u00e7\u00f5es que h\u00e1 nesta Copa foi que eles querem torn\u00e1-la mais humana, muito mais acess\u00edvel para as pessoas&#8221;, afirma Fenwick.<\/p><\/blockquote>\n\n\n\n<p>No Mundial do Qatar, os 64 jogos acontecer\u00e3o em oito est\u00e1dios que s\u00e3o separados por apenas 55 quil\u00f4metros, o que permitir\u00e1 com que torcedores se hospedem em um mesmo local e possam ir \u00e0s partidas que desejarem utilizando transporte p\u00fablico, apenas.<\/p>\n\n\n\n<p>&#8220;O fato de que se possa ir de um est\u00e1dio a outro usando metr\u00f4 e ver todos os jogos de um dia \u00e9 algo \u00fanico. Acho que isso \u00e9 uma comodidade para as pessoas que visitam, ser\u00e1 algo \u00fanico. Nunca antes houve essa proximidade&#8221;, disse Fenwick.<\/p>\n\n\n\n<p>Para erguer os est\u00e1dios, foi pensado cada detalhe, conforte destacou Lundberg.<\/p>\n\n\n\n<blockquote class=\"wp-block-quote is-layout-flow wp-block-quote-is-layout-flow\"><p>&#8220;Introduzimos algumas novidades no Qatar 2022, por exemplo, fomos a primeira Copa do Mundo a obter a certifica\u00e7\u00e3o de sustentabilidade ISO 20121. Tamb\u00e9m fomos capazes de conseguir que seja totalmente neutra quanto a emiss\u00f5es de carbono, o que tamb\u00e9m \u00e9 uma premissa&#8221;, detalhou o dirigente.<\/p><\/blockquote>\n\n\n\n<p>O respons\u00e1vel pela \u00e1rea de sustentabilidade da organiza\u00e7\u00e3o local destaca que o processo come\u00e7ou &#8220;com o design dos est\u00e1dios. Primeiro, uma solu\u00e7\u00e3o \u00f3tima para situ\u00e1-los e orient\u00e1-los de maneira que possam ter fluxos de vento e sombra adequados. Depois, nos atentamos \u00e0 estrutura, para garantir que tivessem um bom isolamento. \u00c9 como tentar manter o ar quente fora, e o frio dentro. \u00c9 preciso ter um bom isolamento&#8221;.<\/p>\n\n\n\n<p>Al\u00e9m disso, em um pa\u00eds onde a \u00e1gua \u00e9 um bem precioso, foi poss\u00edvel otimizar o processo de filtragem da \u00e1gua salgada.<\/p>\n\n\n\n<p>&#8220;A \u00e1gua doce \u00e9 proveniente da dessaliniza\u00e7\u00e3o. H\u00e1 um pouco de \u00e1gua doce, um pouco de dessaliniza\u00e7\u00e3o, mas a \u00e1gua que \u00e9 utilizada para irriga\u00e7\u00e3o, no geral, \u00e9 reutilizada. A \u00e1gua dos chuveiros vem a dessaliniza\u00e7\u00e3o. As \u00e1guas residuais v\u00e3o para as esta\u00e7\u00f5es municipais de tratamento de \u00e1gua e a \u00e1gua volta a ser utilizada para irriga\u00e7\u00e3o&#8221;, detalhou Lundberg.<\/p>\n\n\n\n<h2 class=\"wp-block-heading\">Ar-condicionado e energia verde <\/h2>\n\n\n\n<p>O est\u00e1dio Al Janoub, na cidade de Al Wakrah, que tem capacidade para 40 mil pessoas e foi projetado por Zaha Hadid, \u00e9 outra das refer\u00eancias da Copa do Mundo.<\/p>\n\n\n\n<blockquote class=\"wp-block-quote is-layout-flow wp-block-quote-is-layout-flow\"><p>&#8220;Todos os elementos levados em conta no design foram feitos de forma que n\u00e3o seja um &#8220;elefante branco&#8221;. Outro elemento, sem d\u00favida, indiscut\u00edvel \u00e9 o sistema de refrigera\u00e7\u00e3o, necess\u00e1rio, j\u00e1 que queremos jogar tamb\u00e9m no ver\u00e3o &#8211; a Copa ser\u00e1 no inverno do Qatar&#8221;, segundo afirmou \u00e0 Ag\u00eancia EFE William Morales, gerente de opera\u00e7\u00f5es do Al Janoub.<\/p><\/blockquote>\n\n\n\n<p>Gra\u00e7as \u00e0 tecnologia de refrigera\u00e7\u00e3o inteligente e da ajuda do teto retr\u00e1til, o est\u00e1dio \u00e9 capaz de manter temperaturas est\u00e1veis para torcedores e jogadores, impedindo que o calor aumente.<\/p>\n\n\n\n<blockquote class=\"wp-block-quote is-layout-flow wp-block-quote-is-layout-flow\"><p>&#8220;N\u00e3o se refrigera todo o volume, apenas os torcedores, a mais de dois metros, \u00e9 necess\u00e1rio resfriar. O ar circula e chega um momento dessa circula\u00e7\u00e3o que n\u00e3o \u00e9 necess\u00e1rio resfriamento extra. Existe uma fazenda de pain\u00e9is solares que fornece a energia e em momentos de pico de consumo de energia ou quando esta energia n\u00e3o est\u00e1 sendo utilizada \u00e9 distribu\u00edda para a rede da cidade. O ar frio \u00e9 para baixo, o ar quente sobe&#8221;, detalha Morales.<\/p><\/blockquote>\n\n\n\n<p>Projetos cuidadosos, pensados nos torcedores, reutiliza\u00e7\u00e3o do legado para a comunidade e uma minuciosa an\u00e1lise da pegada energ\u00e9tica fazem da Copa do Mundo no Qatar a mais sustent\u00e1vel e respons\u00e1vel da hist\u00f3ria.\u00a0<a href=\"https:\/\/efs.efeservicios.com\/\">EFE<\/a><\/p>\n","protected":false},"excerpt":{"rendered":"<p>Javier Picazo Feli\u00fa. Doha (EFE).- Em um pa\u00eds cercado de deserto e comprometido com a gest\u00e3o eficiente de recursos, a sustentabilidade se tornou uma necessidade. Um desafio que, na Copa do Mundo de 2022, no Qatar, foi marcado na constru\u00e7\u00e3o dos est\u00e1dios que receber\u00e3o jogos e que fazem o torneio ser o mais &#8220;verde&#8221; da &#8230; <a title=\"Copa do Mundo do Qatar ser\u00e1 a mais sustent\u00e1vel da hist\u00f3ria\" class=\"read-more\" href=\"https:\/\/pre.efe.com\/pt-br\/esportes\/2022-10-29\/copa-do-mundo-do-qatar-sera-a-mais-sustentavel-da-historia\/\" aria-label=\"Read more about Copa do Mundo do Qatar ser\u00e1 a mais sustent\u00e1vel da hist\u00f3ria\">Leia mais<\/a><\/p>\n","protected":false},"author":198164106,"featured_media":149650,"comment_status":"closed","ping_status":"closed","sticky":false,"template":"","format":"standard","meta":{"_acf_changed":false,"_jetpack_memberships_contains_paid_content":false,"footnotes":""},"categories":[121968,122144],"tags":[122363,122921,125308],"class_list":["post-149641","post","type-post","status-publish","format-standard","has-post-thumbnail","hentry","category-esportes","category-outras-noticias","tag-copa-do-mundo","tag-qatar","tag-sustentabilidade","generate-columns","tablet-grid-50","mobile-grid-100","grid-parent","grid-50"],"acf":[],"yoast_head":"<!-- This site is optimized with the Yoast SEO Premium plugin v26.0 (Yoast SEO v27.5) - https:\/\/yoast.com\/product\/yoast-seo-premium-wordpress\/ -->\n<title>Copa do Mundo do Qatar ser\u00e1 a mais sustent\u00e1vel da hist\u00f3ria<\/title>\n<meta name=\"description\" content=\"A Copa do Mundo de 2022, no Qatar, ser\u00e1 o torneio ser o mais &quot;verde&quot; da hist\u00f3ria devido \u00e0 constru\u00e7\u00e3o de est\u00e1dios sustent\u00e1veis.\" \/>\n<meta name=\"robots\" content=\"noindex, follow\" \/>\n<meta property=\"og:locale\" content=\"pt_BR\" \/>\n<meta property=\"og:type\" content=\"article\" \/>\n<meta property=\"og:title\" content=\"Copa do Mundo do Qatar ser\u00e1 a mais sustent\u00e1vel da hist\u00f3ria - EFE\" \/>\n<meta property=\"og:description\" content=\"A Copa do Mundo de 2022, no Qatar, ser\u00e1 o torneio ser o mais &quot;verde&quot; da hist\u00f3ria devido \u00e0 constru\u00e7\u00e3o de est\u00e1dios sustent\u00e1veis.\" \/>\n<meta property=\"og:url\" content=\"https:\/\/pre.efe.com\/pt-br\/esportes\/2022-10-29\/copa-do-mundo-do-qatar-sera-a-mais-sustentavel-da-historia\/\" \/>\n<meta property=\"og:site_name\" content=\"EFE Noticias\" \/>\n<meta property=\"article:publisher\" content=\"https:\/\/www.facebook.com\/AgenciaEFEnoticias\/\" \/>\n<meta property=\"article:published_time\" content=\"2022-10-29T00:00:00+00:00\" \/>\n<meta property=\"article:modified_time\" content=\"2022-10-29T04:28:53+00:00\" \/>\n<meta property=\"og:image\" content=\"https:\/\/i0.wp.com\/efe.com\/\/srv\/htdocs\/wp-content\/uploads\/2022\/10\/COPA-QATAR.jpg?fit=900%2C600&ssl=1\" \/>\n\t<meta property=\"og:image:width\" content=\"900\" \/>\n\t<meta property=\"og:image:height\" content=\"600\" \/>\n\t<meta property=\"og:image:type\" content=\"image\/jpeg\" \/>\n<meta name=\"author\" content=\"anachain\" \/>\n<meta name=\"twitter:card\" content=\"summary_large_image\" \/>\n<meta name=\"twitter:creator\" content=\"@efenoticias\" \/>\n<meta name=\"twitter:site\" content=\"@efenoticias\" \/>\n<script type=\"application\/ld+json\" class=\"yoast-schema-graph\">{\"@context\":\"https:\\\/\\\/schema.org\",\"@graph\":[{\"@type\":\"NewsArticle\",\"@id\":\"https:\\\/\\\/pre.efe.com\\\/pt-br\\\/esportes\\\/2022-10-29\\\/copa-do-mundo-do-qatar-sera-a-mais-sustentavel-da-historia\\\/#article\",\"isPartOf\":{\"@id\":\"https:\\\/\\\/pre.efe.com\\\/pt-br\\\/esportes\\\/2022-10-29\\\/copa-do-mundo-do-qatar-sera-a-mais-sustentavel-da-historia\\\/\"},\"author\":{\"name\":\"anachain\",\"@id\":\"https:\\\/\\\/pre.efe.com\\\/pt-br\\\/#\\\/schema\\\/person\\\/b19f23f210db552768f68a4b552b004f\"},\"headline\":\"Copa do Mundo do Qatar ser\u00e1 a mais sustent\u00e1vel da hist\u00f3ria\",\"datePublished\":\"2022-10-29T00:00:00+00:00\",\"dateModified\":\"2022-10-29T04:28:53+00:00\",\"mainEntityOfPage\":{\"@id\":\"https:\\\/\\\/pre.efe.com\\\/pt-br\\\/esportes\\\/2022-10-29\\\/copa-do-mundo-do-qatar-sera-a-mais-sustentavel-da-historia\\\/\"},\"wordCount\":1341,\"publisher\":{\"@id\":\"https:\\\/\\\/pre.efe.com\\\/pt-br\\\/#organization\"},\"image\":{\"@id\":\"https:\\\/\\\/pre.efe.com\\\/pt-br\\\/esportes\\\/2022-10-29\\\/copa-do-mundo-do-qatar-sera-a-mais-sustentavel-da-historia\\\/#primaryimage\"},\"thumbnailUrl\":\"https:\\\/\\\/pre.efe.com\\\/wp-content\\\/uploads\\\/2022\\\/10\\\/COPA-QATAR.jpg\",\"keywords\":[\"Copa do Mundo\",\"Qatar\",\"Sustentabilidade\"],\"articleSection\":[\"Esportes\",\"Outras not\u00edcias\"],\"inLanguage\":\"pt-BR\",\"copyrightYear\":\"2022\",\"copyrightHolder\":{\"@id\":\"https:\\\/\\\/pre.efe.com\\\/#organization\"}},{\"@type\":[\"WebPage\",\"ItemPage\"],\"@id\":\"https:\\\/\\\/pre.efe.com\\\/pt-br\\\/esportes\\\/2022-10-29\\\/copa-do-mundo-do-qatar-sera-a-mais-sustentavel-da-historia\\\/\",\"url\":\"https:\\\/\\\/pre.efe.com\\\/pt-br\\\/esportes\\\/2022-10-29\\\/copa-do-mundo-do-qatar-sera-a-mais-sustentavel-da-historia\\\/\",\"name\":\"Copa do Mundo do Qatar ser\u00e1 a mais sustent\u00e1vel da hist\u00f3ria\",\"isPartOf\":{\"@id\":\"https:\\\/\\\/pre.efe.com\\\/pt-br\\\/#website\"},\"primaryImageOfPage\":{\"@id\":\"https:\\\/\\\/pre.efe.com\\\/pt-br\\\/esportes\\\/2022-10-29\\\/copa-do-mundo-do-qatar-sera-a-mais-sustentavel-da-historia\\\/#primaryimage\"},\"image\":{\"@id\":\"https:\\\/\\\/pre.efe.com\\\/pt-br\\\/esportes\\\/2022-10-29\\\/copa-do-mundo-do-qatar-sera-a-mais-sustentavel-da-historia\\\/#primaryimage\"},\"thumbnailUrl\":\"https:\\\/\\\/pre.efe.com\\\/wp-content\\\/uploads\\\/2022\\\/10\\\/COPA-QATAR.jpg\",\"datePublished\":\"2022-10-29T00:00:00+00:00\",\"dateModified\":\"2022-10-29T04:28:53+00:00\",\"description\":\"A Copa do Mundo de 2022, no Qatar, ser\u00e1 o torneio ser o mais \\\"verde\\\" da hist\u00f3ria devido \u00e0 constru\u00e7\u00e3o de est\u00e1dios sustent\u00e1veis.\",\"breadcrumb\":{\"@id\":\"https:\\\/\\\/pre.efe.com\\\/pt-br\\\/esportes\\\/2022-10-29\\\/copa-do-mundo-do-qatar-sera-a-mais-sustentavel-da-historia\\\/#breadcrumb\"},\"inLanguage\":\"pt-BR\",\"potentialAction\":[{\"@type\":\"ReadAction\",\"target\":[\"https:\\\/\\\/pre.efe.com\\\/pt-br\\\/esportes\\\/2022-10-29\\\/copa-do-mundo-do-qatar-sera-a-mais-sustentavel-da-historia\\\/\"]}]},{\"@type\":\"ImageObject\",\"inLanguage\":\"pt-BR\",\"@id\":\"https:\\\/\\\/pre.efe.com\\\/pt-br\\\/esportes\\\/2022-10-29\\\/copa-do-mundo-do-qatar-sera-a-mais-sustentavel-da-historia\\\/#primaryimage\",\"url\":\"https:\\\/\\\/pre.efe.com\\\/wp-content\\\/uploads\\\/2022\\\/10\\\/COPA-QATAR.jpg\",\"contentUrl\":\"https:\\\/\\\/pre.efe.com\\\/wp-content\\\/uploads\\\/2022\\\/10\\\/COPA-QATAR.jpg\",\"width\":900,\"height\":600,\"caption\":\"O est\u00e1dio 974. EFE\\\/Alberto Est\u00e9vez\"},{\"@type\":\"BreadcrumbList\",\"@id\":\"https:\\\/\\\/pre.efe.com\\\/pt-br\\\/esportes\\\/2022-10-29\\\/copa-do-mundo-do-qatar-sera-a-mais-sustentavel-da-historia\\\/#breadcrumb\",\"itemListElement\":[{\"@type\":\"ListItem\",\"position\":1,\"name\":\"Portada\",\"item\":\"https:\\\/\\\/pre.efe.com\\\/pt-br\\\/\"},{\"@type\":\"ListItem\",\"position\":2,\"name\":\"Copa do Mundo do Qatar ser\u00e1 a mais sustent\u00e1vel da hist\u00f3ria\"}]},{\"@type\":\"WebSite\",\"@id\":\"https:\\\/\\\/pre.efe.com\\\/pt-br\\\/#website\",\"url\":\"https:\\\/\\\/pre.efe.com\\\/pt-br\\\/\",\"name\":\"EFE Noticias\",\"description\":\"\",\"publisher\":{\"@id\":\"https:\\\/\\\/pre.efe.com\\\/pt-br\\\/#organization\"},\"potentialAction\":[{\"@type\":\"SearchAction\",\"target\":{\"@type\":\"EntryPoint\",\"urlTemplate\":\"https:\\\/\\\/pre.efe.com\\\/pt-br\\\/?s={search_term_string}\"},\"query-input\":{\"@type\":\"PropertyValueSpecification\",\"valueRequired\":true,\"valueName\":\"search_term_string\"}}],\"inLanguage\":\"pt-BR\"},{\"@type\":\"Organization\",\"@id\":\"https:\\\/\\\/pre.efe.com\\\/pt-br\\\/#organization\",\"name\":\"Agencia EFE\",\"url\":\"https:\\\/\\\/pre.efe.com\\\/pt-br\\\/\",\"logo\":{\"@type\":\"ImageObject\",\"inLanguage\":\"pt-BR\",\"@id\":\"https:\\\/\\\/pre.efe.com\\\/pt-br\\\/#\\\/schema\\\/logo\\\/image\\\/\",\"url\":\"https:\\\/\\\/pre.efe.com\\\/wp-content\\\/uploads\\\/2023\\\/06\\\/logo-efe-467.png\",\"contentUrl\":\"https:\\\/\\\/pre.efe.com\\\/wp-content\\\/uploads\\\/2023\\\/06\\\/logo-efe-467.png\",\"width\":467,\"height\":467,\"caption\":\"Agencia EFE\"},\"image\":{\"@id\":\"https:\\\/\\\/pre.efe.com\\\/pt-br\\\/#\\\/schema\\\/logo\\\/image\\\/\"},\"sameAs\":[\"https:\\\/\\\/www.facebook.com\\\/AgenciaEFEnoticias\\\/\",\"https:\\\/\\\/x.com\\\/efenoticias\",\"https:\\\/\\\/www.instagram.com\\\/efe_noticias\\\/\",\"http:\\\/\\\/www.youtube.com\\\/efe\"]},{\"@type\":\"Person\",\"@id\":\"https:\\\/\\\/pre.efe.com\\\/pt-br\\\/#\\\/schema\\\/person\\\/b19f23f210db552768f68a4b552b004f\",\"name\":\"anachain\",\"image\":{\"@type\":\"ImageObject\",\"inLanguage\":\"pt-BR\",\"@id\":\"https:\\\/\\\/secure.gravatar.com\\\/avatar\\\/30b83965911ef1108bb893c00bdd65c885f9890e1265ee04b02c3d5adc785d37?s=96&d=identicon&r=g\",\"url\":\"https:\\\/\\\/secure.gravatar.com\\\/avatar\\\/30b83965911ef1108bb893c00bdd65c885f9890e1265ee04b02c3d5adc785d37?s=96&d=identicon&r=g\",\"contentUrl\":\"https:\\\/\\\/secure.gravatar.com\\\/avatar\\\/30b83965911ef1108bb893c00bdd65c885f9890e1265ee04b02c3d5adc785d37?s=96&d=identicon&r=g\",\"caption\":\"anachain\"},\"url\":\"https:\\\/\\\/pre.efe.com\\\/pt-br\\\/autor\\\/anachain\\\/\"}]}<\/script>\n<!-- \/ Yoast SEO Premium plugin. -->","yoast_head_json":{"title":"Copa do Mundo do Qatar ser\u00e1 a mais sustent\u00e1vel da hist\u00f3ria","description":"A Copa do Mundo de 2022, no Qatar, ser\u00e1 o torneio ser o mais \"verde\" da hist\u00f3ria devido \u00e0 constru\u00e7\u00e3o de est\u00e1dios sustent\u00e1veis.","robots":{"index":"noindex","follow":"follow"},"og_locale":"pt_BR","og_type":"article","og_title":"Copa do Mundo do Qatar ser\u00e1 a mais sustent\u00e1vel da hist\u00f3ria - EFE","og_description":"A Copa do Mundo de 2022, no Qatar, ser\u00e1 o torneio ser o mais \"verde\" da hist\u00f3ria devido \u00e0 constru\u00e7\u00e3o de est\u00e1dios sustent\u00e1veis.","og_url":"https:\/\/pre.efe.com\/pt-br\/esportes\/2022-10-29\/copa-do-mundo-do-qatar-sera-a-mais-sustentavel-da-historia\/","og_site_name":"EFE Noticias","article_publisher":"https:\/\/www.facebook.com\/AgenciaEFEnoticias\/","article_published_time":"2022-10-29T00:00:00+00:00","article_modified_time":"2022-10-29T04:28:53+00:00","og_image":[{"width":900,"height":600,"url":"https:\/\/i0.wp.com\/efe.com\/\/srv\/htdocs\/wp-content\/uploads\/2022\/10\/COPA-QATAR.jpg?fit=900%2C600&ssl=1","type":"image\/jpeg"}],"author":"anachain","twitter_card":"summary_large_image","twitter_creator":"@efenoticias","twitter_site":"@efenoticias","schema":{"@context":"https:\/\/schema.org","@graph":[{"@type":"NewsArticle","@id":"https:\/\/pre.efe.com\/pt-br\/esportes\/2022-10-29\/copa-do-mundo-do-qatar-sera-a-mais-sustentavel-da-historia\/#article","isPartOf":{"@id":"https:\/\/pre.efe.com\/pt-br\/esportes\/2022-10-29\/copa-do-mundo-do-qatar-sera-a-mais-sustentavel-da-historia\/"},"author":{"name":"anachain","@id":"https:\/\/pre.efe.com\/pt-br\/#\/schema\/person\/b19f23f210db552768f68a4b552b004f"},"headline":"Copa do Mundo do Qatar ser\u00e1 a mais sustent\u00e1vel da hist\u00f3ria","datePublished":"2022-10-29T00:00:00+00:00","dateModified":"2022-10-29T04:28:53+00:00","mainEntityOfPage":{"@id":"https:\/\/pre.efe.com\/pt-br\/esportes\/2022-10-29\/copa-do-mundo-do-qatar-sera-a-mais-sustentavel-da-historia\/"},"wordCount":1341,"publisher":{"@id":"https:\/\/pre.efe.com\/pt-br\/#organization"},"image":{"@id":"https:\/\/pre.efe.com\/pt-br\/esportes\/2022-10-29\/copa-do-mundo-do-qatar-sera-a-mais-sustentavel-da-historia\/#primaryimage"},"thumbnailUrl":"https:\/\/pre.efe.com\/wp-content\/uploads\/2022\/10\/COPA-QATAR.jpg","keywords":["Copa do Mundo","Qatar","Sustentabilidade"],"articleSection":["Esportes","Outras not\u00edcias"],"inLanguage":"pt-BR","copyrightYear":"2022","copyrightHolder":{"@id":"https:\/\/pre.efe.com\/#organization"}},{"@type":["WebPage","ItemPage"],"@id":"https:\/\/pre.efe.com\/pt-br\/esportes\/2022-10-29\/copa-do-mundo-do-qatar-sera-a-mais-sustentavel-da-historia\/","url":"https:\/\/pre.efe.com\/pt-br\/esportes\/2022-10-29\/copa-do-mundo-do-qatar-sera-a-mais-sustentavel-da-historia\/","name":"Copa do Mundo do Qatar ser\u00e1 a mais sustent\u00e1vel da hist\u00f3ria","isPartOf":{"@id":"https:\/\/pre.efe.com\/pt-br\/#website"},"primaryImageOfPage":{"@id":"https:\/\/pre.efe.com\/pt-br\/esportes\/2022-10-29\/copa-do-mundo-do-qatar-sera-a-mais-sustentavel-da-historia\/#primaryimage"},"image":{"@id":"https:\/\/pre.efe.com\/pt-br\/esportes\/2022-10-29\/copa-do-mundo-do-qatar-sera-a-mais-sustentavel-da-historia\/#primaryimage"},"thumbnailUrl":"https:\/\/pre.efe.com\/wp-content\/uploads\/2022\/10\/COPA-QATAR.jpg","datePublished":"2022-10-29T00:00:00+00:00","dateModified":"2022-10-29T04:28:53+00:00","description":"A Copa do Mundo de 2022, no Qatar, ser\u00e1 o torneio ser o mais \"verde\" da hist\u00f3ria devido \u00e0 constru\u00e7\u00e3o de est\u00e1dios sustent\u00e1veis.","breadcrumb":{"@id":"https:\/\/pre.efe.com\/pt-br\/esportes\/2022-10-29\/copa-do-mundo-do-qatar-sera-a-mais-sustentavel-da-historia\/#breadcrumb"},"inLanguage":"pt-BR","potentialAction":[{"@type":"ReadAction","target":["https:\/\/pre.efe.com\/pt-br\/esportes\/2022-10-29\/copa-do-mundo-do-qatar-sera-a-mais-sustentavel-da-historia\/"]}]},{"@type":"ImageObject","inLanguage":"pt-BR","@id":"https:\/\/pre.efe.com\/pt-br\/esportes\/2022-10-29\/copa-do-mundo-do-qatar-sera-a-mais-sustentavel-da-historia\/#primaryimage","url":"https:\/\/pre.efe.com\/wp-content\/uploads\/2022\/10\/COPA-QATAR.jpg","contentUrl":"https:\/\/pre.efe.com\/wp-content\/uploads\/2022\/10\/COPA-QATAR.jpg","width":900,"height":600,"caption":"O est\u00e1dio 974. EFE\/Alberto Est\u00e9vez"},{"@type":"BreadcrumbList","@id":"https:\/\/pre.efe.com\/pt-br\/esportes\/2022-10-29\/copa-do-mundo-do-qatar-sera-a-mais-sustentavel-da-historia\/#breadcrumb","itemListElement":[{"@type":"ListItem","position":1,"name":"Portada","item":"https:\/\/pre.efe.com\/pt-br\/"},{"@type":"ListItem","position":2,"name":"Copa do Mundo do Qatar ser\u00e1 a mais sustent\u00e1vel da hist\u00f3ria"}]},{"@type":"WebSite","@id":"https:\/\/pre.efe.com\/pt-br\/#website","url":"https:\/\/pre.efe.com\/pt-br\/","name":"EFE Noticias","description":"","publisher":{"@id":"https:\/\/pre.efe.com\/pt-br\/#organization"},"potentialAction":[{"@type":"SearchAction","target":{"@type":"EntryPoint","urlTemplate":"https:\/\/pre.efe.com\/pt-br\/?s={search_term_string}"},"query-input":{"@type":"PropertyValueSpecification","valueRequired":true,"valueName":"search_term_string"}}],"inLanguage":"pt-BR"},{"@type":"Organization","@id":"https:\/\/pre.efe.com\/pt-br\/#organization","name":"Agencia EFE","url":"https:\/\/pre.efe.com\/pt-br\/","logo":{"@type":"ImageObject","inLanguage":"pt-BR","@id":"https:\/\/pre.efe.com\/pt-br\/#\/schema\/logo\/image\/","url":"https:\/\/pre.efe.com\/wp-content\/uploads\/2023\/06\/logo-efe-467.png","contentUrl":"https:\/\/pre.efe.com\/wp-content\/uploads\/2023\/06\/logo-efe-467.png","width":467,"height":467,"caption":"Agencia EFE"},"image":{"@id":"https:\/\/pre.efe.com\/pt-br\/#\/schema\/logo\/image\/"},"sameAs":["https:\/\/www.facebook.com\/AgenciaEFEnoticias\/","https:\/\/x.com\/efenoticias","https:\/\/www.instagram.com\/efe_noticias\/","http:\/\/www.youtube.com\/efe"]},{"@type":"Person","@id":"https:\/\/pre.efe.com\/pt-br\/#\/schema\/person\/b19f23f210db552768f68a4b552b004f","name":"anachain","image":{"@type":"ImageObject","inLanguage":"pt-BR","@id":"https:\/\/secure.gravatar.com\/avatar\/30b83965911ef1108bb893c00bdd65c885f9890e1265ee04b02c3d5adc785d37?s=96&d=identicon&r=g","url":"https:\/\/secure.gravatar.com\/avatar\/30b83965911ef1108bb893c00bdd65c885f9890e1265ee04b02c3d5adc785d37?s=96&d=identicon&r=g","contentUrl":"https:\/\/secure.gravatar.com\/avatar\/30b83965911ef1108bb893c00bdd65c885f9890e1265ee04b02c3d5adc785d37?s=96&d=identicon&r=g","caption":"anachain"},"url":"https:\/\/pre.efe.com\/pt-br\/autor\/anachain\/"}]}},"jetpack_featured_media_url":"https:\/\/pre.efe.com\/wp-content\/uploads\/2022\/10\/COPA-QATAR.jpg","jetpack_shortlink":"https:\/\/wp.me\/peJvHm-CVz","jetpack_sharing_enabled":true,"_links":{"self":[{"href":"https:\/\/pre.efe.com\/pt-br\/wp-json\/wp\/v2\/posts\/149641","targetHints":{"allow":["GET"]}}],"collection":[{"href":"https:\/\/pre.efe.com\/pt-br\/wp-json\/wp\/v2\/posts"}],"about":[{"href":"https:\/\/pre.efe.com\/pt-br\/wp-json\/wp\/v2\/types\/post"}],"author":[{"embeddable":true,"href":"https:\/\/pre.efe.com\/pt-br\/wp-json\/wp\/v2\/users\/198164106"}],"replies":[{"embeddable":true,"href":"https:\/\/pre.efe.com\/pt-br\/wp-json\/wp\/v2\/comments?post=149641"}],"version-history":[{"count":2,"href":"https:\/\/pre.efe.com\/pt-br\/wp-json\/wp\/v2\/posts\/149641\/revisions"}],"predecessor-version":[{"id":149653,"href":"https:\/\/pre.efe.com\/pt-br\/wp-json\/wp\/v2\/posts\/149641\/revisions\/149653"}],"wp:featuredmedia":[{"embeddable":true,"href":"https:\/\/pre.efe.com\/pt-br\/wp-json\/wp\/v2\/media\/149650"}],"wp:attachment":[{"href":"https:\/\/pre.efe.com\/pt-br\/wp-json\/wp\/v2\/media?parent=149641"}],"wp:term":[{"taxonomy":"category","embeddable":true,"href":"https:\/\/pre.efe.com\/pt-br\/wp-json\/wp\/v2\/categories?post=149641"},{"taxonomy":"post_tag","embeddable":true,"href":"https:\/\/pre.efe.com\/pt-br\/wp-json\/wp\/v2\/tags?post=149641"}],"curies":[{"name":"wp","href":"https:\/\/api.w.org\/{rel}","templated":true}]}}