{"id":1506263,"date":"2024-11-25T17:31:21","date_gmt":"2024-11-25T16:31:21","guid":{"rendered":"https:\/\/pre.efe.com\/?p=1506263"},"modified":"2024-11-25T17:31:24","modified_gmt":"2024-11-25T16:31:24","slug":"total-de-mortos-em-gaza-chega-a-44-235","status":"publish","type":"post","link":"https:\/\/pre.efe.com\/pt-br\/mundo-2\/2024-11-25\/total-de-mortos-em-gaza-chega-a-44-235\/","title":{"rendered":"Total de mortos em Gaza chega a 44.235"},"content":{"rendered":"\n<p>Jerusal\u00e9m (EFE).- Pelo menos 24 palestinos morreram e outros 71 ficaram feridos na Faixa de Gaza ap\u00f3s os \u00faltimos ataques lan\u00e7ados por Israel, elevando o total de v\u00edtimas desde o in\u00edcio da guerra para 44.235 mortos e 104.638 feridos, segundo informou nesta segunda-feira o Minist\u00e9rio da Sa\u00fade do enclave.<\/p>\n\n\n\n<blockquote class=\"wp-block-quote is-layout-flow wp-block-quote-is-layout-flow\">\n<p>\u201cA ocupa\u00e7\u00e3o israelense cometeu dois massacres contra fam\u00edlias na Faixa de Gaza, com 24 m\u00e1rtires e 71 feridos nas \u00faltimas 24 horas\u201d, detalhou o comunicado emitido pela pasta de Sa\u00fade de Gaza.<\/p>\n<\/blockquote>\n\n\n\n<p>Al\u00e9m disso, 11 mil v\u00edtimas dos ataques israelenses permanecem sob os escombros ou nas estradas, uma vez que as equipes de resgate, desmanteladas ap\u00f3s mais de um ano de guerra, n\u00e3o conseguem chegar at\u00e9 elas.<\/p>\n\n\n\n<p>A ag\u00eancia de not\u00edcias palestina \u201cWafa\u201d relatou que os recentes ataques deixaram mais sete v\u00edtimas mortais, que n\u00e3o est\u00e3o inclu\u00eddas no \u00faltimo balan\u00e7o de dados, cinco delas na \u00e1rea de Jabalia, no norte do enclave.<\/p>\n\n\n\n<p>As outras duas pessoas, segundo fontes m\u00e9dicas citadas pela mesma ag\u00eancia, morreram em um bombardeio israelense perto da porta principal do Hospital Indon\u00e9sio em Beit Lahia, tamb\u00e9m no norte de Gaza.<\/p>\n\n\n\n<p>O norte do enclave permanece sob cerco israelense desde 6 de outubro, e desde ent\u00e3o mais de 2.500 pessoas morreram e 6.000 delas ficaram feridas, segundo dados da Defesa Civil palestina.<\/p>\n\n\n\n<h2 class=\"wp-block-heading\" id=\"h-crise-alimentar\">Crise alimentar<\/h2>\n\n\n\n<p>Um grupo de especialistas em crises alimentares das Na\u00e7\u00f5es Unidas alertou no \u00faltimo dia 11 de novembro que j\u00e1 poderia estar ocorrendo uma crise de fome no norte de Gaza.<\/p>\n\n\n\n<p>Segundo dados da ONU, Israel negou a entrada de 85% das miss\u00f5es humanit\u00e1rias destinadas \u00e0quela zona do enclave durante o m\u00eas de outubro, e detalhou que de 98 carregamentos, apenas nove conseguiram entrar.<\/p>\n\n\n\n<p>O governo de Israel alega que o cerco militar no norte de Gaza apenas visa impedir que a mil\u00edcia isl\u00e2mica do Hamas se reagrupe nesta \u00e1rea.<\/p>\n\n\n\n<p>No entanto, um oficial do Ex\u00e9rcito disse que os habitantes de Gaza evacuados n\u00e3o poder\u00e3o mais regressar quando os combates terminarem, enquanto alguns dos ministros mais radicais do governo defendem a reocupa\u00e7\u00e3o do norte de Gaza. EFE<\/p>\n","protected":false},"excerpt":{"rendered":"<p>Jerusal\u00e9m (EFE).- Pelo menos 24 palestinos morreram e outros 71 ficaram feridos na Faixa de Gaza ap\u00f3s os \u00faltimos ataques lan\u00e7ados por Israel, elevando o total de v\u00edtimas desde o in\u00edcio da guerra para 44.235 mortos e 104.638 feridos, segundo informou nesta segunda-feira o Minist\u00e9rio da Sa\u00fade do enclave. \u201cA ocupa\u00e7\u00e3o israelense cometeu dois massacres &#8230; <a title=\"Total de mortos em Gaza chega a 44.235\" class=\"read-more\" href=\"https:\/\/pre.efe.com\/pt-br\/mundo-2\/2024-11-25\/total-de-mortos-em-gaza-chega-a-44-235\/\" aria-label=\"Read more about Total de mortos em Gaza chega a 44.235\">Leia mais<\/a><\/p>\n","protected":false},"author":198164106,"featured_media":1501264,"comment_status":"closed","ping_status":"closed","sticky":false,"template":"","format":"standard","meta":{"_acf_changed":false,"_jetpack_memberships_contains_paid_content":false,"footnotes":""},"categories":[123208,122141],"tags":[122791,125226,128097],"class_list":["post-1506263","post","type-post","status-publish","format-standard","has-post-thumbnail","hentry","category-mundo-2","category-portada","tag-guerra-2","tag-israel","tag-palestina","generate-columns","tablet-grid-50","mobile-grid-100","grid-parent","grid-50"],"acf":[],"yoast_head":"<!-- This site is optimized with the Yoast SEO Premium plugin v26.0 (Yoast SEO v27.5) - https:\/\/yoast.com\/product\/yoast-seo-premium-wordpress\/ -->\n<title>Total de mortos em Gaza chega a 44.235 - EFE<\/title>\n<meta name=\"robots\" content=\"noindex, follow\" \/>\n<meta property=\"og:locale\" content=\"pt_BR\" \/>\n<meta property=\"og:type\" content=\"article\" \/>\n<meta property=\"og:title\" content=\"Total de mortos em Gaza chega a 44.235 - EFE\" \/>\n<meta property=\"og:description\" content=\"Jerusal\u00e9m (EFE).- Pelo menos 24 palestinos morreram e outros 71 ficaram feridos na Faixa de Gaza ap\u00f3s os \u00faltimos ataques lan\u00e7ados por Israel, elevando o total de v\u00edtimas desde o in\u00edcio da guerra para 44.235 mortos e 104.638 feridos, segundo informou nesta segunda-feira o Minist\u00e9rio da Sa\u00fade do enclave. \u201cA ocupa\u00e7\u00e3o israelense cometeu dois massacres ... Leia mais\" \/>\n<meta property=\"og:url\" content=\"https:\/\/pre.efe.com\/pt-br\/mundo-2\/2024-11-25\/total-de-mortos-em-gaza-chega-a-44-235\/\" \/>\n<meta property=\"og:site_name\" content=\"EFE Noticias\" \/>\n<meta property=\"article:publisher\" content=\"https:\/\/www.facebook.com\/AgenciaEFEnoticias\/\" \/>\n<meta property=\"article:published_time\" content=\"2024-11-25T16:31:21+00:00\" \/>\n<meta property=\"article:modified_time\" content=\"2024-11-25T16:31:24+00:00\" \/>\n<meta property=\"og:image\" content=\"https:\/\/i0.wp.com\/efe.com\/\/srv\/htdocs\/wp-content\/uploads\/2024\/11\/israel-gaza-2.jpg?fit=900%2C599&ssl=1\" \/>\n\t<meta property=\"og:image:width\" content=\"900\" \/>\n\t<meta property=\"og:image:height\" content=\"599\" \/>\n\t<meta property=\"og:image:type\" content=\"image\/jpeg\" \/>\n<meta name=\"author\" content=\"anachain\" \/>\n<meta name=\"twitter:card\" content=\"summary_large_image\" \/>\n<meta name=\"twitter:creator\" content=\"@efenoticias\" \/>\n<meta name=\"twitter:site\" content=\"@efenoticias\" \/>\n<script type=\"application\/ld+json\" class=\"yoast-schema-graph\">{\"@context\":\"https:\\\/\\\/schema.org\",\"@graph\":[{\"@type\":\"NewsArticle\",\"@id\":\"https:\\\/\\\/pre.efe.com\\\/pt-br\\\/mundo-2\\\/2024-11-25\\\/total-de-mortos-em-gaza-chega-a-44-235\\\/#article\",\"isPartOf\":{\"@id\":\"https:\\\/\\\/pre.efe.com\\\/pt-br\\\/mundo-2\\\/2024-11-25\\\/total-de-mortos-em-gaza-chega-a-44-235\\\/\"},\"author\":{\"name\":\"anachain\",\"@id\":\"https:\\\/\\\/pre.efe.com\\\/pt-br\\\/#\\\/schema\\\/person\\\/b19f23f210db552768f68a4b552b004f\"},\"headline\":\"Total de mortos em Gaza chega a 44.235\",\"datePublished\":\"2024-11-25T16:31:21+00:00\",\"dateModified\":\"2024-11-25T16:31:24+00:00\",\"mainEntityOfPage\":{\"@id\":\"https:\\\/\\\/pre.efe.com\\\/pt-br\\\/mundo-2\\\/2024-11-25\\\/total-de-mortos-em-gaza-chega-a-44-235\\\/\"},\"wordCount\":372,\"publisher\":{\"@id\":\"https:\\\/\\\/pre.efe.com\\\/pt-br\\\/#organization\"},\"image\":{\"@id\":\"https:\\\/\\\/pre.efe.com\\\/pt-br\\\/mundo-2\\\/2024-11-25\\\/total-de-mortos-em-gaza-chega-a-44-235\\\/#primaryimage\"},\"thumbnailUrl\":\"https:\\\/\\\/pre.efe.com\\\/wp-content\\\/uploads\\\/2024\\\/11\\\/israel-gaza-2.jpg\",\"keywords\":[\"Guerra\",\"Israel\",\"Palestina\"],\"articleSection\":[\"Mundo\",\"Portada\"],\"inLanguage\":\"pt-BR\",\"copyrightYear\":\"2024\",\"copyrightHolder\":{\"@id\":\"https:\\\/\\\/pre.efe.com\\\/#organization\"}},{\"@type\":[\"WebPage\",\"ItemPage\"],\"@id\":\"https:\\\/\\\/pre.efe.com\\\/pt-br\\\/mundo-2\\\/2024-11-25\\\/total-de-mortos-em-gaza-chega-a-44-235\\\/\",\"url\":\"https:\\\/\\\/pre.efe.com\\\/pt-br\\\/mundo-2\\\/2024-11-25\\\/total-de-mortos-em-gaza-chega-a-44-235\\\/\",\"name\":\"Total de mortos em Gaza chega a 44.235 - EFE\",\"isPartOf\":{\"@id\":\"https:\\\/\\\/pre.efe.com\\\/pt-br\\\/#website\"},\"primaryImageOfPage\":{\"@id\":\"https:\\\/\\\/pre.efe.com\\\/pt-br\\\/mundo-2\\\/2024-11-25\\\/total-de-mortos-em-gaza-chega-a-44-235\\\/#primaryimage\"},\"image\":{\"@id\":\"https:\\\/\\\/pre.efe.com\\\/pt-br\\\/mundo-2\\\/2024-11-25\\\/total-de-mortos-em-gaza-chega-a-44-235\\\/#primaryimage\"},\"thumbnailUrl\":\"https:\\\/\\\/pre.efe.com\\\/wp-content\\\/uploads\\\/2024\\\/11\\\/israel-gaza-2.jpg\",\"datePublished\":\"2024-11-25T16:31:21+00:00\",\"dateModified\":\"2024-11-25T16:31:24+00:00\",\"breadcrumb\":{\"@id\":\"https:\\\/\\\/pre.efe.com\\\/pt-br\\\/mundo-2\\\/2024-11-25\\\/total-de-mortos-em-gaza-chega-a-44-235\\\/#breadcrumb\"},\"inLanguage\":\"pt-BR\",\"potentialAction\":[{\"@type\":\"ReadAction\",\"target\":[\"https:\\\/\\\/pre.efe.com\\\/pt-br\\\/mundo-2\\\/2024-11-25\\\/total-de-mortos-em-gaza-chega-a-44-235\\\/\"]}]},{\"@type\":\"ImageObject\",\"inLanguage\":\"pt-BR\",\"@id\":\"https:\\\/\\\/pre.efe.com\\\/pt-br\\\/mundo-2\\\/2024-11-25\\\/total-de-mortos-em-gaza-chega-a-44-235\\\/#primaryimage\",\"url\":\"https:\\\/\\\/pre.efe.com\\\/wp-content\\\/uploads\\\/2024\\\/11\\\/israel-gaza-2.jpg\",\"contentUrl\":\"https:\\\/\\\/pre.efe.com\\\/wp-content\\\/uploads\\\/2024\\\/11\\\/israel-gaza-2.jpg\",\"width\":900,\"height\":599,\"caption\":\"Khan Yunis. EFE\\\/Arquivo\\\/HAITHAM IMAD\"},{\"@type\":\"BreadcrumbList\",\"@id\":\"https:\\\/\\\/pre.efe.com\\\/pt-br\\\/mundo-2\\\/2024-11-25\\\/total-de-mortos-em-gaza-chega-a-44-235\\\/#breadcrumb\",\"itemListElement\":[{\"@type\":\"ListItem\",\"position\":1,\"name\":\"Portada\",\"item\":\"https:\\\/\\\/pre.efe.com\\\/pt-br\\\/\"},{\"@type\":\"ListItem\",\"position\":2,\"name\":\"Total de mortos em Gaza chega a 44.235\"}]},{\"@type\":\"WebSite\",\"@id\":\"https:\\\/\\\/pre.efe.com\\\/pt-br\\\/#website\",\"url\":\"https:\\\/\\\/pre.efe.com\\\/pt-br\\\/\",\"name\":\"EFE Noticias\",\"description\":\"\",\"publisher\":{\"@id\":\"https:\\\/\\\/pre.efe.com\\\/pt-br\\\/#organization\"},\"potentialAction\":[{\"@type\":\"SearchAction\",\"target\":{\"@type\":\"EntryPoint\",\"urlTemplate\":\"https:\\\/\\\/pre.efe.com\\\/pt-br\\\/?s={search_term_string}\"},\"query-input\":{\"@type\":\"PropertyValueSpecification\",\"valueRequired\":true,\"valueName\":\"search_term_string\"}}],\"inLanguage\":\"pt-BR\"},{\"@type\":\"Organization\",\"@id\":\"https:\\\/\\\/pre.efe.com\\\/pt-br\\\/#organization\",\"name\":\"Agencia EFE\",\"url\":\"https:\\\/\\\/pre.efe.com\\\/pt-br\\\/\",\"logo\":{\"@type\":\"ImageObject\",\"inLanguage\":\"pt-BR\",\"@id\":\"https:\\\/\\\/pre.efe.com\\\/pt-br\\\/#\\\/schema\\\/logo\\\/image\\\/\",\"url\":\"https:\\\/\\\/pre.efe.com\\\/wp-content\\\/uploads\\\/2023\\\/06\\\/logo-efe-467.png\",\"contentUrl\":\"https:\\\/\\\/pre.efe.com\\\/wp-content\\\/uploads\\\/2023\\\/06\\\/logo-efe-467.png\",\"width\":467,\"height\":467,\"caption\":\"Agencia EFE\"},\"image\":{\"@id\":\"https:\\\/\\\/pre.efe.com\\\/pt-br\\\/#\\\/schema\\\/logo\\\/image\\\/\"},\"sameAs\":[\"https:\\\/\\\/www.facebook.com\\\/AgenciaEFEnoticias\\\/\",\"https:\\\/\\\/x.com\\\/efenoticias\",\"https:\\\/\\\/www.instagram.com\\\/efe_noticias\\\/\",\"http:\\\/\\\/www.youtube.com\\\/efe\"]},{\"@type\":\"Person\",\"@id\":\"https:\\\/\\\/pre.efe.com\\\/pt-br\\\/#\\\/schema\\\/person\\\/b19f23f210db552768f68a4b552b004f\",\"name\":\"anachain\",\"image\":{\"@type\":\"ImageObject\",\"inLanguage\":\"pt-BR\",\"@id\":\"https:\\\/\\\/secure.gravatar.com\\\/avatar\\\/30b83965911ef1108bb893c00bdd65c885f9890e1265ee04b02c3d5adc785d37?s=96&d=identicon&r=g\",\"url\":\"https:\\\/\\\/secure.gravatar.com\\\/avatar\\\/30b83965911ef1108bb893c00bdd65c885f9890e1265ee04b02c3d5adc785d37?s=96&d=identicon&r=g\",\"contentUrl\":\"https:\\\/\\\/secure.gravatar.com\\\/avatar\\\/30b83965911ef1108bb893c00bdd65c885f9890e1265ee04b02c3d5adc785d37?s=96&d=identicon&r=g\",\"caption\":\"anachain\"},\"url\":\"https:\\\/\\\/pre.efe.com\\\/pt-br\\\/autor\\\/anachain\\\/\"}]}<\/script>\n<!-- \/ Yoast SEO Premium plugin. -->","yoast_head_json":{"title":"Total de mortos em Gaza chega a 44.235 - EFE","robots":{"index":"noindex","follow":"follow"},"og_locale":"pt_BR","og_type":"article","og_title":"Total de mortos em Gaza chega a 44.235 - EFE","og_description":"Jerusal\u00e9m (EFE).- Pelo menos 24 palestinos morreram e outros 71 ficaram feridos na Faixa de Gaza ap\u00f3s os \u00faltimos ataques lan\u00e7ados por Israel, elevando o total de v\u00edtimas desde o in\u00edcio da guerra para 44.235 mortos e 104.638 feridos, segundo informou nesta segunda-feira o Minist\u00e9rio da Sa\u00fade do enclave. \u201cA ocupa\u00e7\u00e3o israelense cometeu dois massacres ... Leia mais","og_url":"https:\/\/pre.efe.com\/pt-br\/mundo-2\/2024-11-25\/total-de-mortos-em-gaza-chega-a-44-235\/","og_site_name":"EFE Noticias","article_publisher":"https:\/\/www.facebook.com\/AgenciaEFEnoticias\/","article_published_time":"2024-11-25T16:31:21+00:00","article_modified_time":"2024-11-25T16:31:24+00:00","og_image":[{"width":900,"height":599,"url":"https:\/\/i0.wp.com\/efe.com\/\/srv\/htdocs\/wp-content\/uploads\/2024\/11\/israel-gaza-2.jpg?fit=900%2C599&ssl=1","type":"image\/jpeg"}],"author":"anachain","twitter_card":"summary_large_image","twitter_creator":"@efenoticias","twitter_site":"@efenoticias","schema":{"@context":"https:\/\/schema.org","@graph":[{"@type":"NewsArticle","@id":"https:\/\/pre.efe.com\/pt-br\/mundo-2\/2024-11-25\/total-de-mortos-em-gaza-chega-a-44-235\/#article","isPartOf":{"@id":"https:\/\/pre.efe.com\/pt-br\/mundo-2\/2024-11-25\/total-de-mortos-em-gaza-chega-a-44-235\/"},"author":{"name":"anachain","@id":"https:\/\/pre.efe.com\/pt-br\/#\/schema\/person\/b19f23f210db552768f68a4b552b004f"},"headline":"Total de mortos em Gaza chega a 44.235","datePublished":"2024-11-25T16:31:21+00:00","dateModified":"2024-11-25T16:31:24+00:00","mainEntityOfPage":{"@id":"https:\/\/pre.efe.com\/pt-br\/mundo-2\/2024-11-25\/total-de-mortos-em-gaza-chega-a-44-235\/"},"wordCount":372,"publisher":{"@id":"https:\/\/pre.efe.com\/pt-br\/#organization"},"image":{"@id":"https:\/\/pre.efe.com\/pt-br\/mundo-2\/2024-11-25\/total-de-mortos-em-gaza-chega-a-44-235\/#primaryimage"},"thumbnailUrl":"https:\/\/pre.efe.com\/wp-content\/uploads\/2024\/11\/israel-gaza-2.jpg","keywords":["Guerra","Israel","Palestina"],"articleSection":["Mundo","Portada"],"inLanguage":"pt-BR","copyrightYear":"2024","copyrightHolder":{"@id":"https:\/\/pre.efe.com\/#organization"}},{"@type":["WebPage","ItemPage"],"@id":"https:\/\/pre.efe.com\/pt-br\/mundo-2\/2024-11-25\/total-de-mortos-em-gaza-chega-a-44-235\/","url":"https:\/\/pre.efe.com\/pt-br\/mundo-2\/2024-11-25\/total-de-mortos-em-gaza-chega-a-44-235\/","name":"Total de mortos em Gaza chega a 44.235 - EFE","isPartOf":{"@id":"https:\/\/pre.efe.com\/pt-br\/#website"},"primaryImageOfPage":{"@id":"https:\/\/pre.efe.com\/pt-br\/mundo-2\/2024-11-25\/total-de-mortos-em-gaza-chega-a-44-235\/#primaryimage"},"image":{"@id":"https:\/\/pre.efe.com\/pt-br\/mundo-2\/2024-11-25\/total-de-mortos-em-gaza-chega-a-44-235\/#primaryimage"},"thumbnailUrl":"https:\/\/pre.efe.com\/wp-content\/uploads\/2024\/11\/israel-gaza-2.jpg","datePublished":"2024-11-25T16:31:21+00:00","dateModified":"2024-11-25T16:31:24+00:00","breadcrumb":{"@id":"https:\/\/pre.efe.com\/pt-br\/mundo-2\/2024-11-25\/total-de-mortos-em-gaza-chega-a-44-235\/#breadcrumb"},"inLanguage":"pt-BR","potentialAction":[{"@type":"ReadAction","target":["https:\/\/pre.efe.com\/pt-br\/mundo-2\/2024-11-25\/total-de-mortos-em-gaza-chega-a-44-235\/"]}]},{"@type":"ImageObject","inLanguage":"pt-BR","@id":"https:\/\/pre.efe.com\/pt-br\/mundo-2\/2024-11-25\/total-de-mortos-em-gaza-chega-a-44-235\/#primaryimage","url":"https:\/\/pre.efe.com\/wp-content\/uploads\/2024\/11\/israel-gaza-2.jpg","contentUrl":"https:\/\/pre.efe.com\/wp-content\/uploads\/2024\/11\/israel-gaza-2.jpg","width":900,"height":599,"caption":"Khan Yunis. EFE\/Arquivo\/HAITHAM IMAD"},{"@type":"BreadcrumbList","@id":"https:\/\/pre.efe.com\/pt-br\/mundo-2\/2024-11-25\/total-de-mortos-em-gaza-chega-a-44-235\/#breadcrumb","itemListElement":[{"@type":"ListItem","position":1,"name":"Portada","item":"https:\/\/pre.efe.com\/pt-br\/"},{"@type":"ListItem","position":2,"name":"Total de mortos em Gaza chega a 44.235"}]},{"@type":"WebSite","@id":"https:\/\/pre.efe.com\/pt-br\/#website","url":"https:\/\/pre.efe.com\/pt-br\/","name":"EFE Noticias","description":"","publisher":{"@id":"https:\/\/pre.efe.com\/pt-br\/#organization"},"potentialAction":[{"@type":"SearchAction","target":{"@type":"EntryPoint","urlTemplate":"https:\/\/pre.efe.com\/pt-br\/?s={search_term_string}"},"query-input":{"@type":"PropertyValueSpecification","valueRequired":true,"valueName":"search_term_string"}}],"inLanguage":"pt-BR"},{"@type":"Organization","@id":"https:\/\/pre.efe.com\/pt-br\/#organization","name":"Agencia EFE","url":"https:\/\/pre.efe.com\/pt-br\/","logo":{"@type":"ImageObject","inLanguage":"pt-BR","@id":"https:\/\/pre.efe.com\/pt-br\/#\/schema\/logo\/image\/","url":"https:\/\/pre.efe.com\/wp-content\/uploads\/2023\/06\/logo-efe-467.png","contentUrl":"https:\/\/pre.efe.com\/wp-content\/uploads\/2023\/06\/logo-efe-467.png","width":467,"height":467,"caption":"Agencia EFE"},"image":{"@id":"https:\/\/pre.efe.com\/pt-br\/#\/schema\/logo\/image\/"},"sameAs":["https:\/\/www.facebook.com\/AgenciaEFEnoticias\/","https:\/\/x.com\/efenoticias","https:\/\/www.instagram.com\/efe_noticias\/","http:\/\/www.youtube.com\/efe"]},{"@type":"Person","@id":"https:\/\/pre.efe.com\/pt-br\/#\/schema\/person\/b19f23f210db552768f68a4b552b004f","name":"anachain","image":{"@type":"ImageObject","inLanguage":"pt-BR","@id":"https:\/\/secure.gravatar.com\/avatar\/30b83965911ef1108bb893c00bdd65c885f9890e1265ee04b02c3d5adc785d37?s=96&d=identicon&r=g","url":"https:\/\/secure.gravatar.com\/avatar\/30b83965911ef1108bb893c00bdd65c885f9890e1265ee04b02c3d5adc785d37?s=96&d=identicon&r=g","contentUrl":"https:\/\/secure.gravatar.com\/avatar\/30b83965911ef1108bb893c00bdd65c885f9890e1265ee04b02c3d5adc785d37?s=96&d=identicon&r=g","caption":"anachain"},"url":"https:\/\/pre.efe.com\/pt-br\/autor\/anachain\/"}]}},"jetpack_featured_media_url":"https:\/\/pre.efe.com\/wp-content\/uploads\/2024\/11\/israel-gaza-2.jpg","jetpack_shortlink":"https:\/\/wp.me\/peJvHm-6jQz","jetpack_sharing_enabled":true,"_links":{"self":[{"href":"https:\/\/pre.efe.com\/pt-br\/wp-json\/wp\/v2\/posts\/1506263","targetHints":{"allow":["GET"]}}],"collection":[{"href":"https:\/\/pre.efe.com\/pt-br\/wp-json\/wp\/v2\/posts"}],"about":[{"href":"https:\/\/pre.efe.com\/pt-br\/wp-json\/wp\/v2\/types\/post"}],"author":[{"embeddable":true,"href":"https:\/\/pre.efe.com\/pt-br\/wp-json\/wp\/v2\/users\/198164106"}],"replies":[{"embeddable":true,"href":"https:\/\/pre.efe.com\/pt-br\/wp-json\/wp\/v2\/comments?post=1506263"}],"version-history":[{"count":2,"href":"https:\/\/pre.efe.com\/pt-br\/wp-json\/wp\/v2\/posts\/1506263\/revisions"}],"predecessor-version":[{"id":1506265,"href":"https:\/\/pre.efe.com\/pt-br\/wp-json\/wp\/v2\/posts\/1506263\/revisions\/1506265"}],"wp:featuredmedia":[{"embeddable":true,"href":"https:\/\/pre.efe.com\/pt-br\/wp-json\/wp\/v2\/media\/1501264"}],"wp:attachment":[{"href":"https:\/\/pre.efe.com\/pt-br\/wp-json\/wp\/v2\/media?parent=1506263"}],"wp:term":[{"taxonomy":"category","embeddable":true,"href":"https:\/\/pre.efe.com\/pt-br\/wp-json\/wp\/v2\/categories?post=1506263"},{"taxonomy":"post_tag","embeddable":true,"href":"https:\/\/pre.efe.com\/pt-br\/wp-json\/wp\/v2\/tags?post=1506263"}],"curies":[{"name":"wp","href":"https:\/\/api.w.org\/{rel}","templated":true}]}}