{"id":156070,"date":"2022-11-03T14:00:00","date_gmt":"2022-11-03T13:00:00","guid":{"rendered":"https:\/\/pre.efe.com\/?p=156070"},"modified":"2022-11-03T21:11:18","modified_gmt":"2022-11-03T20:11:18","slug":"zelensky-so-participara-da-cupula-do-g20-se-putin-se-ausentar","status":"publish","type":"post","link":"https:\/\/pre.efe.com\/pt-br\/mundo-2\/2022-11-03\/zelensky-so-participara-da-cupula-do-g20-se-putin-se-ausentar\/","title":{"rendered":"Zelensky s\u00f3 participar\u00e1 da c\u00fapula do G20 se Putin se ausentar"},"content":{"rendered":"\n<p>Lviv (<a href=\"https:\/\/pre.efe.com\/pt-br\/\">EFE<\/a>).- O presidente da Ucr\u00e2nia, Volodymyr Zelensky, afirmou nesta quinta-feira que n\u00e3o participar\u00e1 da pr\u00f3xima c\u00fapula do G20, na Indon\u00e9sia, caso esteja presente o presidente da R\u00fassia, Vladimir Putin.<\/p>\n\n\n\n<p>A afirma\u00e7\u00e3o do chefe de Estado foi feita em uma entrevista coletiva concedida em Kiev, concedida junto com a presidente da Gr\u00e9cia, Katerina Sakellaropoulou.<\/p>\n\n\n\n<p>De acordo com a ag\u00eancia ucraniana de not\u00edcias &#8220;Ukrinform&#8221;, Zelensky garantiu que hoje debateu os preparativos para a c\u00fapula com o presidente da Indon\u00e9sia, Joko Widodo, que refor\u00e7ou o convite para estar presente no encontro de l\u00edderes.<\/p>\n\n\n\n<p>No entanto, ao ser questionado por jornalistas, deixou no ar se participar\u00e1 de forma virtual da reuni\u00e3o, que ocorrer\u00e1 em Bali nos pr\u00f3ximos dias 15 e 16 de novembro, visto que, segundo afirmou, ser\u00e1 guiado pelo que fizerem outros chefes de Estado e governo.<\/p>\n\n\n\n<p>&#8220;Minha posi\u00e7\u00e3o pessoal e a da Ucr\u00e2nia \u00e9 que se o l\u00edder da Federa\u00e7\u00e3o Russa participar, ent\u00e3o, a Ucr\u00e2nia n\u00e3o o far\u00e1. Veremos o que acontecer\u00e1&#8221;, indicou.<\/p>\n\n\n\n<p>Kiev cobrou diversas vezes a exclus\u00e3o de Putin, que foi convidado para a c\u00fapula, mas n\u00e3o confirmou presen\u00e7a at\u00e9 o momento.<\/p>\n\n\n\n<p>O presidente da Indon\u00e9sia indicou ontem que apenas tr\u00eas representantes de pa\u00edses do G20 n\u00e3o confirmaram presen\u00e7a, no entanto, n\u00e3o especificou quais.<\/p>\n\n\n\n<p>O grupo \u00e9 composto por \u00c1frica do Sul, Alemanha, Ar\u00e1bia Saudita, Argentina, Austr\u00e1lia, Brasil, Canad\u00e1, China, Coreia do Sul, Estados Unidos, Fran\u00e7a, \u00cdndia, Indon\u00e9sia, It\u00e1lia, Jap\u00e3o, M\u00e9xico, R\u00fassia, Reino Unido, Turquia e Uni\u00e3o Europeia. <a href=\"https:\/\/efs.efeservicios.com\/\">EFE<\/a><\/p>\n","protected":false},"excerpt":{"rendered":"<p>Lviv (EFE).- O presidente da Ucr\u00e2nia, Volodymyr Zelensky, afirmou nesta quinta-feira que n\u00e3o participar\u00e1 da pr\u00f3xima c\u00fapula do G20, na Indon\u00e9sia, caso esteja presente o presidente da R\u00fassia, Vladimir Putin. A afirma\u00e7\u00e3o do chefe de Estado foi feita em uma entrevista coletiva concedida em Kiev, concedida junto com a presidente da Gr\u00e9cia, Katerina Sakellaropoulou. De &#8230; <a title=\"Zelensky s\u00f3 participar\u00e1 da c\u00fapula do G20 se Putin se ausentar\" class=\"read-more\" href=\"https:\/\/pre.efe.com\/pt-br\/mundo-2\/2022-11-03\/zelensky-so-participara-da-cupula-do-g20-se-putin-se-ausentar\/\" aria-label=\"Read more about Zelensky s\u00f3 participar\u00e1 da c\u00fapula do G20 se Putin se ausentar\">Leia mais<\/a><\/p>\n","protected":false},"author":198164106,"featured_media":94842,"comment_status":"closed","ping_status":"closed","sticky":false,"template":"","format":"standard","meta":{"_acf_changed":false,"_jetpack_memberships_contains_paid_content":false,"footnotes":""},"categories":[123208,122141],"tags":[125587,122791,122958,122792,125449],"class_list":["post-156070","post","type-post","status-publish","format-standard","has-post-thumbnail","hentry","category-mundo-2","category-portada","tag-g20","tag-guerra-2","tag-russia-2","tag-ucrania-2","tag-zelensky","generate-columns","tablet-grid-50","mobile-grid-100","grid-parent","grid-50"],"acf":[],"yoast_head":"<!-- This site is optimized with the Yoast SEO Premium plugin v26.0 (Yoast SEO v27.5) - https:\/\/yoast.com\/product\/yoast-seo-premium-wordpress\/ -->\n<title>Zelensky s\u00f3 participar\u00e1 da c\u00fapula do G20 se Putin se ausentar<\/title>\n<meta name=\"description\" content=\"O presidente da Ucr\u00e2nia, Volodymyr Zelensky, disse que n\u00e3o participar\u00e1 da c\u00fapula do G20 na Indon\u00e9sia se Vladimir Putin estiver presente.\" \/>\n<meta name=\"robots\" content=\"noindex, follow\" \/>\n<meta property=\"og:locale\" content=\"pt_BR\" \/>\n<meta property=\"og:type\" content=\"article\" \/>\n<meta property=\"og:title\" content=\"Zelensky s\u00f3 participar\u00e1 da c\u00fapula do G20 se Putin se ausentar - EFE\" \/>\n<meta property=\"og:description\" content=\"O presidente da Ucr\u00e2nia, Volodymyr Zelensky, disse que n\u00e3o participar\u00e1 da c\u00fapula do G20 na Indon\u00e9sia se Vladimir Putin estiver presente.\" \/>\n<meta property=\"og:url\" content=\"https:\/\/pre.efe.com\/pt-br\/mundo-2\/2022-11-03\/zelensky-so-participara-da-cupula-do-g20-se-putin-se-ausentar\/\" \/>\n<meta property=\"og:site_name\" content=\"EFE Noticias\" \/>\n<meta property=\"article:publisher\" content=\"https:\/\/www.facebook.com\/AgenciaEFEnoticias\/\" \/>\n<meta property=\"article:published_time\" content=\"2022-11-03T13:00:00+00:00\" \/>\n<meta property=\"article:modified_time\" content=\"2022-11-03T20:11:18+00:00\" \/>\n<meta property=\"og:image\" content=\"https:\/\/i0.wp.com\/efe.com\/\/srv\/htdocs\/wp-content\/uploads\/2022\/09\/ZELENSKY.jpg?fit=900%2C647&ssl=1\" \/>\n\t<meta property=\"og:image:width\" content=\"900\" \/>\n\t<meta property=\"og:image:height\" content=\"647\" \/>\n\t<meta property=\"og:image:type\" content=\"image\/jpeg\" \/>\n<meta name=\"author\" content=\"anachain\" \/>\n<meta name=\"twitter:card\" content=\"summary_large_image\" \/>\n<meta name=\"twitter:creator\" content=\"@efenoticias\" \/>\n<meta name=\"twitter:site\" content=\"@efenoticias\" \/>\n<script type=\"application\/ld+json\" class=\"yoast-schema-graph\">{\"@context\":\"https:\\\/\\\/schema.org\",\"@graph\":[{\"@type\":\"NewsArticle\",\"@id\":\"https:\\\/\\\/pre.efe.com\\\/pt-br\\\/mundo-2\\\/2022-11-03\\\/zelensky-so-participara-da-cupula-do-g20-se-putin-se-ausentar\\\/#article\",\"isPartOf\":{\"@id\":\"https:\\\/\\\/pre.efe.com\\\/pt-br\\\/mundo-2\\\/2022-11-03\\\/zelensky-so-participara-da-cupula-do-g20-se-putin-se-ausentar\\\/\"},\"author\":{\"name\":\"anachain\",\"@id\":\"https:\\\/\\\/pre.efe.com\\\/pt-br\\\/#\\\/schema\\\/person\\\/b19f23f210db552768f68a4b552b004f\"},\"headline\":\"Zelensky s\u00f3 participar\u00e1 da c\u00fapula do G20 se Putin se ausentar\",\"datePublished\":\"2022-11-03T13:00:00+00:00\",\"dateModified\":\"2022-11-03T20:11:18+00:00\",\"mainEntityOfPage\":{\"@id\":\"https:\\\/\\\/pre.efe.com\\\/pt-br\\\/mundo-2\\\/2022-11-03\\\/zelensky-so-participara-da-cupula-do-g20-se-putin-se-ausentar\\\/\"},\"wordCount\":291,\"publisher\":{\"@id\":\"https:\\\/\\\/pre.efe.com\\\/pt-br\\\/#organization\"},\"image\":{\"@id\":\"https:\\\/\\\/pre.efe.com\\\/pt-br\\\/mundo-2\\\/2022-11-03\\\/zelensky-so-participara-da-cupula-do-g20-se-putin-se-ausentar\\\/#primaryimage\"},\"thumbnailUrl\":\"https:\\\/\\\/pre.efe.com\\\/wp-content\\\/uploads\\\/2022\\\/09\\\/ZELENSKY.jpg\",\"keywords\":[\"G20\",\"Guerra\",\"Russia\",\"Ucrania\",\"Zelensky\"],\"articleSection\":[\"Mundo\",\"Portada\"],\"inLanguage\":\"pt-BR\",\"copyrightYear\":\"2022\",\"copyrightHolder\":{\"@id\":\"https:\\\/\\\/pre.efe.com\\\/#organization\"}},{\"@type\":[\"WebPage\",\"ItemPage\"],\"@id\":\"https:\\\/\\\/pre.efe.com\\\/pt-br\\\/mundo-2\\\/2022-11-03\\\/zelensky-so-participara-da-cupula-do-g20-se-putin-se-ausentar\\\/\",\"url\":\"https:\\\/\\\/pre.efe.com\\\/pt-br\\\/mundo-2\\\/2022-11-03\\\/zelensky-so-participara-da-cupula-do-g20-se-putin-se-ausentar\\\/\",\"name\":\"Zelensky s\u00f3 participar\u00e1 da c\u00fapula do G20 se Putin se ausentar\",\"isPartOf\":{\"@id\":\"https:\\\/\\\/pre.efe.com\\\/pt-br\\\/#website\"},\"primaryImageOfPage\":{\"@id\":\"https:\\\/\\\/pre.efe.com\\\/pt-br\\\/mundo-2\\\/2022-11-03\\\/zelensky-so-participara-da-cupula-do-g20-se-putin-se-ausentar\\\/#primaryimage\"},\"image\":{\"@id\":\"https:\\\/\\\/pre.efe.com\\\/pt-br\\\/mundo-2\\\/2022-11-03\\\/zelensky-so-participara-da-cupula-do-g20-se-putin-se-ausentar\\\/#primaryimage\"},\"thumbnailUrl\":\"https:\\\/\\\/pre.efe.com\\\/wp-content\\\/uploads\\\/2022\\\/09\\\/ZELENSKY.jpg\",\"datePublished\":\"2022-11-03T13:00:00+00:00\",\"dateModified\":\"2022-11-03T20:11:18+00:00\",\"description\":\"O presidente da Ucr\u00e2nia, Volodymyr Zelensky, disse que n\u00e3o participar\u00e1 da c\u00fapula do G20 na Indon\u00e9sia se Vladimir Putin estiver presente.\",\"breadcrumb\":{\"@id\":\"https:\\\/\\\/pre.efe.com\\\/pt-br\\\/mundo-2\\\/2022-11-03\\\/zelensky-so-participara-da-cupula-do-g20-se-putin-se-ausentar\\\/#breadcrumb\"},\"inLanguage\":\"pt-BR\",\"potentialAction\":[{\"@type\":\"ReadAction\",\"target\":[\"https:\\\/\\\/pre.efe.com\\\/pt-br\\\/mundo-2\\\/2022-11-03\\\/zelensky-so-participara-da-cupula-do-g20-se-putin-se-ausentar\\\/\"]}]},{\"@type\":\"ImageObject\",\"inLanguage\":\"pt-BR\",\"@id\":\"https:\\\/\\\/pre.efe.com\\\/pt-br\\\/mundo-2\\\/2022-11-03\\\/zelensky-so-participara-da-cupula-do-g20-se-putin-se-ausentar\\\/#primaryimage\",\"url\":\"https:\\\/\\\/pre.efe.com\\\/wp-content\\\/uploads\\\/2022\\\/09\\\/ZELENSKY.jpg\",\"contentUrl\":\"https:\\\/\\\/pre.efe.com\\\/wp-content\\\/uploads\\\/2022\\\/09\\\/ZELENSKY.jpg\",\"width\":900,\"height\":647,\"caption\":\"O presidente da Ucr\u00e2nia, Volodymyr Zelensky. EFE\\\/Arquivo\\\/Sergey Dolzhenko\"},{\"@type\":\"BreadcrumbList\",\"@id\":\"https:\\\/\\\/pre.efe.com\\\/pt-br\\\/mundo-2\\\/2022-11-03\\\/zelensky-so-participara-da-cupula-do-g20-se-putin-se-ausentar\\\/#breadcrumb\",\"itemListElement\":[{\"@type\":\"ListItem\",\"position\":1,\"name\":\"Portada\",\"item\":\"https:\\\/\\\/pre.efe.com\\\/pt-br\\\/\"},{\"@type\":\"ListItem\",\"position\":2,\"name\":\"Zelensky s\u00f3 participar\u00e1 da c\u00fapula do G20 se Putin se ausentar\"}]},{\"@type\":\"WebSite\",\"@id\":\"https:\\\/\\\/pre.efe.com\\\/pt-br\\\/#website\",\"url\":\"https:\\\/\\\/pre.efe.com\\\/pt-br\\\/\",\"name\":\"EFE Noticias\",\"description\":\"\",\"publisher\":{\"@id\":\"https:\\\/\\\/pre.efe.com\\\/pt-br\\\/#organization\"},\"potentialAction\":[{\"@type\":\"SearchAction\",\"target\":{\"@type\":\"EntryPoint\",\"urlTemplate\":\"https:\\\/\\\/pre.efe.com\\\/pt-br\\\/?s={search_term_string}\"},\"query-input\":{\"@type\":\"PropertyValueSpecification\",\"valueRequired\":true,\"valueName\":\"search_term_string\"}}],\"inLanguage\":\"pt-BR\"},{\"@type\":\"Organization\",\"@id\":\"https:\\\/\\\/pre.efe.com\\\/pt-br\\\/#organization\",\"name\":\"Agencia EFE\",\"url\":\"https:\\\/\\\/pre.efe.com\\\/pt-br\\\/\",\"logo\":{\"@type\":\"ImageObject\",\"inLanguage\":\"pt-BR\",\"@id\":\"https:\\\/\\\/pre.efe.com\\\/pt-br\\\/#\\\/schema\\\/logo\\\/image\\\/\",\"url\":\"https:\\\/\\\/pre.efe.com\\\/wp-content\\\/uploads\\\/2023\\\/06\\\/logo-efe-467.png\",\"contentUrl\":\"https:\\\/\\\/pre.efe.com\\\/wp-content\\\/uploads\\\/2023\\\/06\\\/logo-efe-467.png\",\"width\":467,\"height\":467,\"caption\":\"Agencia EFE\"},\"image\":{\"@id\":\"https:\\\/\\\/pre.efe.com\\\/pt-br\\\/#\\\/schema\\\/logo\\\/image\\\/\"},\"sameAs\":[\"https:\\\/\\\/www.facebook.com\\\/AgenciaEFEnoticias\\\/\",\"https:\\\/\\\/x.com\\\/efenoticias\",\"https:\\\/\\\/www.instagram.com\\\/efe_noticias\\\/\",\"http:\\\/\\\/www.youtube.com\\\/efe\"]},{\"@type\":\"Person\",\"@id\":\"https:\\\/\\\/pre.efe.com\\\/pt-br\\\/#\\\/schema\\\/person\\\/b19f23f210db552768f68a4b552b004f\",\"name\":\"anachain\",\"image\":{\"@type\":\"ImageObject\",\"inLanguage\":\"pt-BR\",\"@id\":\"https:\\\/\\\/secure.gravatar.com\\\/avatar\\\/30b83965911ef1108bb893c00bdd65c885f9890e1265ee04b02c3d5adc785d37?s=96&d=identicon&r=g\",\"url\":\"https:\\\/\\\/secure.gravatar.com\\\/avatar\\\/30b83965911ef1108bb893c00bdd65c885f9890e1265ee04b02c3d5adc785d37?s=96&d=identicon&r=g\",\"contentUrl\":\"https:\\\/\\\/secure.gravatar.com\\\/avatar\\\/30b83965911ef1108bb893c00bdd65c885f9890e1265ee04b02c3d5adc785d37?s=96&d=identicon&r=g\",\"caption\":\"anachain\"},\"url\":\"https:\\\/\\\/pre.efe.com\\\/pt-br\\\/autor\\\/anachain\\\/\"}]}<\/script>\n<!-- \/ Yoast SEO Premium plugin. -->","yoast_head_json":{"title":"Zelensky s\u00f3 participar\u00e1 da c\u00fapula do G20 se Putin se ausentar","description":"O presidente da Ucr\u00e2nia, Volodymyr Zelensky, disse que n\u00e3o participar\u00e1 da c\u00fapula do G20 na Indon\u00e9sia se Vladimir Putin estiver presente.","robots":{"index":"noindex","follow":"follow"},"og_locale":"pt_BR","og_type":"article","og_title":"Zelensky s\u00f3 participar\u00e1 da c\u00fapula do G20 se Putin se ausentar - EFE","og_description":"O presidente da Ucr\u00e2nia, Volodymyr Zelensky, disse que n\u00e3o participar\u00e1 da c\u00fapula do G20 na Indon\u00e9sia se Vladimir Putin estiver presente.","og_url":"https:\/\/pre.efe.com\/pt-br\/mundo-2\/2022-11-03\/zelensky-so-participara-da-cupula-do-g20-se-putin-se-ausentar\/","og_site_name":"EFE Noticias","article_publisher":"https:\/\/www.facebook.com\/AgenciaEFEnoticias\/","article_published_time":"2022-11-03T13:00:00+00:00","article_modified_time":"2022-11-03T20:11:18+00:00","og_image":[{"width":900,"height":647,"url":"https:\/\/i0.wp.com\/efe.com\/\/srv\/htdocs\/wp-content\/uploads\/2022\/09\/ZELENSKY.jpg?fit=900%2C647&ssl=1","type":"image\/jpeg"}],"author":"anachain","twitter_card":"summary_large_image","twitter_creator":"@efenoticias","twitter_site":"@efenoticias","schema":{"@context":"https:\/\/schema.org","@graph":[{"@type":"NewsArticle","@id":"https:\/\/pre.efe.com\/pt-br\/mundo-2\/2022-11-03\/zelensky-so-participara-da-cupula-do-g20-se-putin-se-ausentar\/#article","isPartOf":{"@id":"https:\/\/pre.efe.com\/pt-br\/mundo-2\/2022-11-03\/zelensky-so-participara-da-cupula-do-g20-se-putin-se-ausentar\/"},"author":{"name":"anachain","@id":"https:\/\/pre.efe.com\/pt-br\/#\/schema\/person\/b19f23f210db552768f68a4b552b004f"},"headline":"Zelensky s\u00f3 participar\u00e1 da c\u00fapula do G20 se Putin se ausentar","datePublished":"2022-11-03T13:00:00+00:00","dateModified":"2022-11-03T20:11:18+00:00","mainEntityOfPage":{"@id":"https:\/\/pre.efe.com\/pt-br\/mundo-2\/2022-11-03\/zelensky-so-participara-da-cupula-do-g20-se-putin-se-ausentar\/"},"wordCount":291,"publisher":{"@id":"https:\/\/pre.efe.com\/pt-br\/#organization"},"image":{"@id":"https:\/\/pre.efe.com\/pt-br\/mundo-2\/2022-11-03\/zelensky-so-participara-da-cupula-do-g20-se-putin-se-ausentar\/#primaryimage"},"thumbnailUrl":"https:\/\/pre.efe.com\/wp-content\/uploads\/2022\/09\/ZELENSKY.jpg","keywords":["G20","Guerra","Russia","Ucrania","Zelensky"],"articleSection":["Mundo","Portada"],"inLanguage":"pt-BR","copyrightYear":"2022","copyrightHolder":{"@id":"https:\/\/pre.efe.com\/#organization"}},{"@type":["WebPage","ItemPage"],"@id":"https:\/\/pre.efe.com\/pt-br\/mundo-2\/2022-11-03\/zelensky-so-participara-da-cupula-do-g20-se-putin-se-ausentar\/","url":"https:\/\/pre.efe.com\/pt-br\/mundo-2\/2022-11-03\/zelensky-so-participara-da-cupula-do-g20-se-putin-se-ausentar\/","name":"Zelensky s\u00f3 participar\u00e1 da c\u00fapula do G20 se Putin se ausentar","isPartOf":{"@id":"https:\/\/pre.efe.com\/pt-br\/#website"},"primaryImageOfPage":{"@id":"https:\/\/pre.efe.com\/pt-br\/mundo-2\/2022-11-03\/zelensky-so-participara-da-cupula-do-g20-se-putin-se-ausentar\/#primaryimage"},"image":{"@id":"https:\/\/pre.efe.com\/pt-br\/mundo-2\/2022-11-03\/zelensky-so-participara-da-cupula-do-g20-se-putin-se-ausentar\/#primaryimage"},"thumbnailUrl":"https:\/\/pre.efe.com\/wp-content\/uploads\/2022\/09\/ZELENSKY.jpg","datePublished":"2022-11-03T13:00:00+00:00","dateModified":"2022-11-03T20:11:18+00:00","description":"O presidente da Ucr\u00e2nia, Volodymyr Zelensky, disse que n\u00e3o participar\u00e1 da c\u00fapula do G20 na Indon\u00e9sia se Vladimir Putin estiver presente.","breadcrumb":{"@id":"https:\/\/pre.efe.com\/pt-br\/mundo-2\/2022-11-03\/zelensky-so-participara-da-cupula-do-g20-se-putin-se-ausentar\/#breadcrumb"},"inLanguage":"pt-BR","potentialAction":[{"@type":"ReadAction","target":["https:\/\/pre.efe.com\/pt-br\/mundo-2\/2022-11-03\/zelensky-so-participara-da-cupula-do-g20-se-putin-se-ausentar\/"]}]},{"@type":"ImageObject","inLanguage":"pt-BR","@id":"https:\/\/pre.efe.com\/pt-br\/mundo-2\/2022-11-03\/zelensky-so-participara-da-cupula-do-g20-se-putin-se-ausentar\/#primaryimage","url":"https:\/\/pre.efe.com\/wp-content\/uploads\/2022\/09\/ZELENSKY.jpg","contentUrl":"https:\/\/pre.efe.com\/wp-content\/uploads\/2022\/09\/ZELENSKY.jpg","width":900,"height":647,"caption":"O presidente da Ucr\u00e2nia, Volodymyr Zelensky. EFE\/Arquivo\/Sergey Dolzhenko"},{"@type":"BreadcrumbList","@id":"https:\/\/pre.efe.com\/pt-br\/mundo-2\/2022-11-03\/zelensky-so-participara-da-cupula-do-g20-se-putin-se-ausentar\/#breadcrumb","itemListElement":[{"@type":"ListItem","position":1,"name":"Portada","item":"https:\/\/pre.efe.com\/pt-br\/"},{"@type":"ListItem","position":2,"name":"Zelensky s\u00f3 participar\u00e1 da c\u00fapula do G20 se Putin se ausentar"}]},{"@type":"WebSite","@id":"https:\/\/pre.efe.com\/pt-br\/#website","url":"https:\/\/pre.efe.com\/pt-br\/","name":"EFE Noticias","description":"","publisher":{"@id":"https:\/\/pre.efe.com\/pt-br\/#organization"},"potentialAction":[{"@type":"SearchAction","target":{"@type":"EntryPoint","urlTemplate":"https:\/\/pre.efe.com\/pt-br\/?s={search_term_string}"},"query-input":{"@type":"PropertyValueSpecification","valueRequired":true,"valueName":"search_term_string"}}],"inLanguage":"pt-BR"},{"@type":"Organization","@id":"https:\/\/pre.efe.com\/pt-br\/#organization","name":"Agencia EFE","url":"https:\/\/pre.efe.com\/pt-br\/","logo":{"@type":"ImageObject","inLanguage":"pt-BR","@id":"https:\/\/pre.efe.com\/pt-br\/#\/schema\/logo\/image\/","url":"https:\/\/pre.efe.com\/wp-content\/uploads\/2023\/06\/logo-efe-467.png","contentUrl":"https:\/\/pre.efe.com\/wp-content\/uploads\/2023\/06\/logo-efe-467.png","width":467,"height":467,"caption":"Agencia EFE"},"image":{"@id":"https:\/\/pre.efe.com\/pt-br\/#\/schema\/logo\/image\/"},"sameAs":["https:\/\/www.facebook.com\/AgenciaEFEnoticias\/","https:\/\/x.com\/efenoticias","https:\/\/www.instagram.com\/efe_noticias\/","http:\/\/www.youtube.com\/efe"]},{"@type":"Person","@id":"https:\/\/pre.efe.com\/pt-br\/#\/schema\/person\/b19f23f210db552768f68a4b552b004f","name":"anachain","image":{"@type":"ImageObject","inLanguage":"pt-BR","@id":"https:\/\/secure.gravatar.com\/avatar\/30b83965911ef1108bb893c00bdd65c885f9890e1265ee04b02c3d5adc785d37?s=96&d=identicon&r=g","url":"https:\/\/secure.gravatar.com\/avatar\/30b83965911ef1108bb893c00bdd65c885f9890e1265ee04b02c3d5adc785d37?s=96&d=identicon&r=g","contentUrl":"https:\/\/secure.gravatar.com\/avatar\/30b83965911ef1108bb893c00bdd65c885f9890e1265ee04b02c3d5adc785d37?s=96&d=identicon&r=g","caption":"anachain"},"url":"https:\/\/pre.efe.com\/pt-br\/autor\/anachain\/"}]}},"jetpack_featured_media_url":"https:\/\/pre.efe.com\/wp-content\/uploads\/2022\/09\/ZELENSKY.jpg","jetpack_shortlink":"https:\/\/wp.me\/peJvHm-EBg","jetpack_sharing_enabled":true,"_links":{"self":[{"href":"https:\/\/pre.efe.com\/pt-br\/wp-json\/wp\/v2\/posts\/156070","targetHints":{"allow":["GET"]}}],"collection":[{"href":"https:\/\/pre.efe.com\/pt-br\/wp-json\/wp\/v2\/posts"}],"about":[{"href":"https:\/\/pre.efe.com\/pt-br\/wp-json\/wp\/v2\/types\/post"}],"author":[{"embeddable":true,"href":"https:\/\/pre.efe.com\/pt-br\/wp-json\/wp\/v2\/users\/198164106"}],"replies":[{"embeddable":true,"href":"https:\/\/pre.efe.com\/pt-br\/wp-json\/wp\/v2\/comments?post=156070"}],"version-history":[{"count":4,"href":"https:\/\/pre.efe.com\/pt-br\/wp-json\/wp\/v2\/posts\/156070\/revisions"}],"predecessor-version":[{"id":156096,"href":"https:\/\/pre.efe.com\/pt-br\/wp-json\/wp\/v2\/posts\/156070\/revisions\/156096"}],"wp:featuredmedia":[{"embeddable":true,"href":"https:\/\/pre.efe.com\/pt-br\/wp-json\/wp\/v2\/media\/94842"}],"wp:attachment":[{"href":"https:\/\/pre.efe.com\/pt-br\/wp-json\/wp\/v2\/media?parent=156070"}],"wp:term":[{"taxonomy":"category","embeddable":true,"href":"https:\/\/pre.efe.com\/pt-br\/wp-json\/wp\/v2\/categories?post=156070"},{"taxonomy":"post_tag","embeddable":true,"href":"https:\/\/pre.efe.com\/pt-br\/wp-json\/wp\/v2\/tags?post=156070"}],"curies":[{"name":"wp","href":"https:\/\/api.w.org\/{rel}","templated":true}]}}