{"id":160548,"date":"2022-11-08T00:26:35","date_gmt":"2022-11-07T23:26:35","guid":{"rendered":"https:\/\/pre.efe.com\/?p=160548"},"modified":"2022-11-08T00:26:36","modified_gmt":"2022-11-07T23:26:36","slug":"boric-usa-bicicleta-para-ir-ao-palacio-de-la-moneda","status":"publish","type":"post","link":"https:\/\/pre.efe.com\/pt-br\/mundo-2\/2022-11-08\/boric-usa-bicicleta-para-ir-ao-palacio-de-la-moneda\/","title":{"rendered":"Boric usa bicicleta para ir ao Pal\u00e1cio de La Moneda"},"content":{"rendered":"\n<p>Santiago (<a href=\"https:\/\/pre.efe.com\/pt-br\/\">EFE<\/a>).-\u00a0O presidente do Chile, Gabriel Boric, est\u00e1 h\u00e1 mais de uma semana usando uma bicicleta para chegar at\u00e9 o Pal\u00e1cio de La Moneda pela manh\u00e3, um h\u00e1bito que decidiu adotar para &#8220;melhorar sua sa\u00fade&#8221; e lutar contra &#8220;um pouco de sobrepeso&#8221;.<\/p>\n\n\n\n<p>&#8220;Fiz um teste de triglicer\u00eddeos h\u00e1 um tempo e eles estavam muito altos. Portanto, tenho que me cuidar. Tenho 36 anos, sou jovem, estou em um momento de reverter essa curva&#8221;, declarou Boric nesta segunda-feira em entrevista \u00e0 Televis\u00e3o Nacional do Chile (\u201cTVN\u201d).<\/p>\n\n\n\n<p>O presidente, que chegou ao poder no \u00faltimo m\u00eas de mar\u00e7o, tamb\u00e9m reconheceu na mesma entrevista que est\u00e1 &#8220;um pouco acima do peso, como muitos chilenos&#8221; e que est\u00e1 tentando combater o sedentarismo.<\/p>\n\n\n\n<p>&#8220;Mentalizei a meta de tentar correr 10 quil\u00f4metros por dia. \u00c9 cansativo, mas me motiva muito e tamb\u00e9m clareia a cabe\u00e7a, ajuda a pensar. Aproveito, quando a intensidade da corrida diminui, para responder mensagens e trabalhar&#8221;, explicou Boric, que disse ter uma esteira tanto no escrit\u00f3rio quanto em casa.<\/p>\n\n\n\n<p>Desde a semana passada, \u00e9 comum ver Boric chegar de manh\u00e3 cedo ao La Moneda, no centro de Santiago, com uma bicicleta laranja, capacete e vestido de camisa e terno.<\/p>\n\n\n\n<p>Em uma mensagem carinhosa no Twitter, a embaixada da Holanda no Chile disse na semana passada que &#8220;o presidente est\u00e1 pronto para uma visita \u00e0 Holanda&#8221;, onde o primeiro-ministro Mark Rutte tamb\u00e9m vai pedalando para o trabalho.<\/p>\n\n\n\n<p>Nascido em 1986 em Punta Arenas, no extremo sul do Chile, Boric se tornou o presidente mais jovem da hist\u00f3ria chilena em mar\u00e7o e faz parte de um pequeno grupo de l\u00edderes mundiais &#8220;millenials&#8221;, como os de Nova Zel\u00e2ndia, Finl\u00e2ndia e El Salvador.<\/p>\n\n\n\n<p>Sua chegada ao poder representou uma importante mudan\u00e7a geracional, j\u00e1 que grande parte de seu gabinete \u00e9 formado por ex-colegas de universidade, como Camila Vallejo e Giorgio Jackson, porta-voz e ministro do Desenvolvimento Social, respectivamente.<\/p>\n\n\n\n<p>Boric tamb\u00e9m encarna uma nova forma de lidar com o poder: ele nunca usa gravata, nem mesmo durante sua posse, e tamb\u00e9m \u00e9 o primeiro presidente da democracia chilena que n\u00e3o mora na \u00e1rea abastada da capital e escolheu como resid\u00eancia oficial uma mans\u00e3o hist\u00f3rica localizada no bairro de Yungay, a poucos quarteir\u00f5es de La Moneda. <a href=\"https:\/\/efs.efeservicios.com\/\">EFE<\/a><\/p>\n","protected":false},"excerpt":{"rendered":"<p>Santiago (EFE).-\u00a0O presidente do Chile, Gabriel Boric, est\u00e1 h\u00e1 mais de uma semana usando uma bicicleta para chegar at\u00e9 o Pal\u00e1cio de La Moneda pela manh\u00e3, um h\u00e1bito que decidiu adotar para &#8220;melhorar sua sa\u00fade&#8221; e lutar contra &#8220;um pouco de sobrepeso&#8221;. &#8220;Fiz um teste de triglicer\u00eddeos h\u00e1 um tempo e eles estavam muito altos. &#8230; <a title=\"Boric usa bicicleta para ir ao Pal\u00e1cio de La Moneda\" class=\"read-more\" href=\"https:\/\/pre.efe.com\/pt-br\/mundo-2\/2022-11-08\/boric-usa-bicicleta-para-ir-ao-palacio-de-la-moneda\/\" aria-label=\"Read more about Boric usa bicicleta para ir ao Pal\u00e1cio de La Moneda\">Leia mais<\/a><\/p>\n","protected":false},"author":198164106,"featured_media":160550,"comment_status":"closed","ping_status":"closed","sticky":false,"template":"","format":"standard","meta":{"_acf_changed":false,"_jetpack_memberships_contains_paid_content":false,"footnotes":""},"categories":[123208,122144],"tags":[123757],"class_list":["post-160548","post","type-post","status-publish","format-standard","has-post-thumbnail","hentry","category-mundo-2","category-outras-noticias","tag-chile-2","generate-columns","tablet-grid-50","mobile-grid-100","grid-parent","grid-50"],"acf":[],"yoast_head":"<!-- This site is optimized with the Yoast SEO Premium plugin v26.0 (Yoast SEO v27.4) - https:\/\/yoast.com\/product\/yoast-seo-premium-wordpress\/ -->\n<title>Boric usa bicicleta para ir ao Pal\u00e1cio de La Moneda<\/title>\n<meta name=\"description\" content=\"O presidente do Chile, Gabriel Boric, est\u00e1 h\u00e1 mais de uma semana usando uma bicicleta para chegar at\u00e9 o Pal\u00e1cio de La Moneda.\" \/>\n<meta name=\"robots\" content=\"noindex, follow\" \/>\n<meta property=\"og:locale\" content=\"pt_BR\" \/>\n<meta property=\"og:type\" content=\"article\" \/>\n<meta property=\"og:title\" content=\"Boric usa bicicleta para ir ao Pal\u00e1cio de La Moneda - EFE\" \/>\n<meta property=\"og:description\" content=\"O presidente do Chile, Gabriel Boric, est\u00e1 h\u00e1 mais de uma semana usando uma bicicleta para chegar at\u00e9 o Pal\u00e1cio de La Moneda.\" \/>\n<meta property=\"og:url\" content=\"https:\/\/pre.efe.com\/pt-br\/mundo-2\/2022-11-08\/boric-usa-bicicleta-para-ir-ao-palacio-de-la-moneda\/\" \/>\n<meta property=\"og:site_name\" content=\"EFE Noticias\" \/>\n<meta property=\"article:publisher\" content=\"https:\/\/www.facebook.com\/AgenciaEFEnoticias\/\" \/>\n<meta property=\"article:published_time\" content=\"2022-11-07T23:26:35+00:00\" \/>\n<meta property=\"article:modified_time\" content=\"2022-11-07T23:26:36+00:00\" \/>\n<meta property=\"og:image\" content=\"https:\/\/i0.wp.com\/efe.com\/\/srv\/htdocs\/wp-content\/uploads\/2022\/11\/BORIC-BICICLETA.jpg?fit=900%2C626&ssl=1\" \/>\n\t<meta property=\"og:image:width\" content=\"900\" \/>\n\t<meta property=\"og:image:height\" content=\"626\" \/>\n\t<meta property=\"og:image:type\" content=\"image\/jpeg\" \/>\n<meta name=\"author\" content=\"anachain\" \/>\n<meta name=\"twitter:card\" content=\"summary_large_image\" \/>\n<meta name=\"twitter:creator\" content=\"@efenoticias\" \/>\n<meta name=\"twitter:site\" content=\"@efenoticias\" \/>\n<script type=\"application\/ld+json\" class=\"yoast-schema-graph\">{\"@context\":\"https:\\\/\\\/schema.org\",\"@graph\":[{\"@type\":\"NewsArticle\",\"@id\":\"https:\\\/\\\/pre.efe.com\\\/pt-br\\\/mundo-2\\\/2022-11-08\\\/boric-usa-bicicleta-para-ir-ao-palacio-de-la-moneda\\\/#article\",\"isPartOf\":{\"@id\":\"https:\\\/\\\/pre.efe.com\\\/pt-br\\\/mundo-2\\\/2022-11-08\\\/boric-usa-bicicleta-para-ir-ao-palacio-de-la-moneda\\\/\"},\"author\":{\"name\":\"anachain\",\"@id\":\"https:\\\/\\\/pre.efe.com\\\/pt-br\\\/#\\\/schema\\\/person\\\/b19f23f210db552768f68a4b552b004f\"},\"headline\":\"Boric usa bicicleta para ir ao Pal\u00e1cio de La Moneda\",\"datePublished\":\"2022-11-07T23:26:35+00:00\",\"dateModified\":\"2022-11-07T23:26:36+00:00\",\"mainEntityOfPage\":{\"@id\":\"https:\\\/\\\/pre.efe.com\\\/pt-br\\\/mundo-2\\\/2022-11-08\\\/boric-usa-bicicleta-para-ir-ao-palacio-de-la-moneda\\\/\"},\"wordCount\":399,\"publisher\":{\"@id\":\"https:\\\/\\\/pre.efe.com\\\/pt-br\\\/#organization\"},\"image\":{\"@id\":\"https:\\\/\\\/pre.efe.com\\\/pt-br\\\/mundo-2\\\/2022-11-08\\\/boric-usa-bicicleta-para-ir-ao-palacio-de-la-moneda\\\/#primaryimage\"},\"thumbnailUrl\":\"https:\\\/\\\/pre.efe.com\\\/wp-content\\\/uploads\\\/2022\\\/11\\\/BORIC-BICICLETA.jpg\",\"keywords\":[\"Chile\"],\"articleSection\":[\"Mundo\",\"Outras not\u00edcias\"],\"inLanguage\":\"pt-BR\",\"copyrightYear\":\"2022\",\"copyrightHolder\":{\"@id\":\"https:\\\/\\\/pre.efe.com\\\/#organization\"}},{\"@type\":[\"WebPage\",\"ItemPage\"],\"@id\":\"https:\\\/\\\/pre.efe.com\\\/pt-br\\\/mundo-2\\\/2022-11-08\\\/boric-usa-bicicleta-para-ir-ao-palacio-de-la-moneda\\\/\",\"url\":\"https:\\\/\\\/pre.efe.com\\\/pt-br\\\/mundo-2\\\/2022-11-08\\\/boric-usa-bicicleta-para-ir-ao-palacio-de-la-moneda\\\/\",\"name\":\"Boric usa bicicleta para ir ao Pal\u00e1cio de La Moneda\",\"isPartOf\":{\"@id\":\"https:\\\/\\\/pre.efe.com\\\/pt-br\\\/#website\"},\"primaryImageOfPage\":{\"@id\":\"https:\\\/\\\/pre.efe.com\\\/pt-br\\\/mundo-2\\\/2022-11-08\\\/boric-usa-bicicleta-para-ir-ao-palacio-de-la-moneda\\\/#primaryimage\"},\"image\":{\"@id\":\"https:\\\/\\\/pre.efe.com\\\/pt-br\\\/mundo-2\\\/2022-11-08\\\/boric-usa-bicicleta-para-ir-ao-palacio-de-la-moneda\\\/#primaryimage\"},\"thumbnailUrl\":\"https:\\\/\\\/pre.efe.com\\\/wp-content\\\/uploads\\\/2022\\\/11\\\/BORIC-BICICLETA.jpg\",\"datePublished\":\"2022-11-07T23:26:35+00:00\",\"dateModified\":\"2022-11-07T23:26:36+00:00\",\"description\":\"O presidente do Chile, Gabriel Boric, est\u00e1 h\u00e1 mais de uma semana usando uma bicicleta para chegar at\u00e9 o Pal\u00e1cio de La Moneda.\",\"breadcrumb\":{\"@id\":\"https:\\\/\\\/pre.efe.com\\\/pt-br\\\/mundo-2\\\/2022-11-08\\\/boric-usa-bicicleta-para-ir-ao-palacio-de-la-moneda\\\/#breadcrumb\"},\"inLanguage\":\"pt-BR\",\"potentialAction\":[{\"@type\":\"ReadAction\",\"target\":[\"https:\\\/\\\/pre.efe.com\\\/pt-br\\\/mundo-2\\\/2022-11-08\\\/boric-usa-bicicleta-para-ir-ao-palacio-de-la-moneda\\\/\"]}]},{\"@type\":\"ImageObject\",\"inLanguage\":\"pt-BR\",\"@id\":\"https:\\\/\\\/pre.efe.com\\\/pt-br\\\/mundo-2\\\/2022-11-08\\\/boric-usa-bicicleta-para-ir-ao-palacio-de-la-moneda\\\/#primaryimage\",\"url\":\"https:\\\/\\\/pre.efe.com\\\/wp-content\\\/uploads\\\/2022\\\/11\\\/BORIC-BICICLETA.jpg\",\"contentUrl\":\"https:\\\/\\\/pre.efe.com\\\/wp-content\\\/uploads\\\/2022\\\/11\\\/BORIC-BICICLETA.jpg\",\"width\":900,\"height\":626,\"caption\":\"O presidente do Chile, Gabriel Boric. EFE\\\/Aton Chile\"},{\"@type\":\"BreadcrumbList\",\"@id\":\"https:\\\/\\\/pre.efe.com\\\/pt-br\\\/mundo-2\\\/2022-11-08\\\/boric-usa-bicicleta-para-ir-ao-palacio-de-la-moneda\\\/#breadcrumb\",\"itemListElement\":[{\"@type\":\"ListItem\",\"position\":1,\"name\":\"Portada\",\"item\":\"https:\\\/\\\/pre.efe.com\\\/pt-br\\\/\"},{\"@type\":\"ListItem\",\"position\":2,\"name\":\"Boric usa bicicleta para ir ao Pal\u00e1cio de La Moneda\"}]},{\"@type\":\"WebSite\",\"@id\":\"https:\\\/\\\/pre.efe.com\\\/pt-br\\\/#website\",\"url\":\"https:\\\/\\\/pre.efe.com\\\/pt-br\\\/\",\"name\":\"EFE Noticias\",\"description\":\"\",\"publisher\":{\"@id\":\"https:\\\/\\\/pre.efe.com\\\/pt-br\\\/#organization\"},\"potentialAction\":[{\"@type\":\"SearchAction\",\"target\":{\"@type\":\"EntryPoint\",\"urlTemplate\":\"https:\\\/\\\/pre.efe.com\\\/pt-br\\\/?s={search_term_string}\"},\"query-input\":{\"@type\":\"PropertyValueSpecification\",\"valueRequired\":true,\"valueName\":\"search_term_string\"}}],\"inLanguage\":\"pt-BR\"},{\"@type\":\"Organization\",\"@id\":\"https:\\\/\\\/pre.efe.com\\\/pt-br\\\/#organization\",\"name\":\"Agencia EFE\",\"url\":\"https:\\\/\\\/pre.efe.com\\\/pt-br\\\/\",\"logo\":{\"@type\":\"ImageObject\",\"inLanguage\":\"pt-BR\",\"@id\":\"https:\\\/\\\/pre.efe.com\\\/pt-br\\\/#\\\/schema\\\/logo\\\/image\\\/\",\"url\":\"https:\\\/\\\/pre.efe.com\\\/wp-content\\\/uploads\\\/2023\\\/06\\\/logo-efe-467.png\",\"contentUrl\":\"https:\\\/\\\/pre.efe.com\\\/wp-content\\\/uploads\\\/2023\\\/06\\\/logo-efe-467.png\",\"width\":467,\"height\":467,\"caption\":\"Agencia EFE\"},\"image\":{\"@id\":\"https:\\\/\\\/pre.efe.com\\\/pt-br\\\/#\\\/schema\\\/logo\\\/image\\\/\"},\"sameAs\":[\"https:\\\/\\\/www.facebook.com\\\/AgenciaEFEnoticias\\\/\",\"https:\\\/\\\/x.com\\\/efenoticias\",\"https:\\\/\\\/www.instagram.com\\\/efe_noticias\\\/\",\"http:\\\/\\\/www.youtube.com\\\/efe\"]},{\"@type\":\"Person\",\"@id\":\"https:\\\/\\\/pre.efe.com\\\/pt-br\\\/#\\\/schema\\\/person\\\/b19f23f210db552768f68a4b552b004f\",\"name\":\"anachain\",\"image\":{\"@type\":\"ImageObject\",\"inLanguage\":\"pt-BR\",\"@id\":\"https:\\\/\\\/secure.gravatar.com\\\/avatar\\\/30b83965911ef1108bb893c00bdd65c885f9890e1265ee04b02c3d5adc785d37?s=96&d=identicon&r=g\",\"url\":\"https:\\\/\\\/secure.gravatar.com\\\/avatar\\\/30b83965911ef1108bb893c00bdd65c885f9890e1265ee04b02c3d5adc785d37?s=96&d=identicon&r=g\",\"contentUrl\":\"https:\\\/\\\/secure.gravatar.com\\\/avatar\\\/30b83965911ef1108bb893c00bdd65c885f9890e1265ee04b02c3d5adc785d37?s=96&d=identicon&r=g\",\"caption\":\"anachain\"},\"url\":\"https:\\\/\\\/pre.efe.com\\\/pt-br\\\/autor\\\/anachain\\\/\"}]}<\/script>\n<!-- \/ Yoast SEO Premium plugin. -->","yoast_head_json":{"title":"Boric usa bicicleta para ir ao Pal\u00e1cio de La Moneda","description":"O presidente do Chile, Gabriel Boric, est\u00e1 h\u00e1 mais de uma semana usando uma bicicleta para chegar at\u00e9 o Pal\u00e1cio de La Moneda.","robots":{"index":"noindex","follow":"follow"},"og_locale":"pt_BR","og_type":"article","og_title":"Boric usa bicicleta para ir ao Pal\u00e1cio de La Moneda - EFE","og_description":"O presidente do Chile, Gabriel Boric, est\u00e1 h\u00e1 mais de uma semana usando uma bicicleta para chegar at\u00e9 o Pal\u00e1cio de La Moneda.","og_url":"https:\/\/pre.efe.com\/pt-br\/mundo-2\/2022-11-08\/boric-usa-bicicleta-para-ir-ao-palacio-de-la-moneda\/","og_site_name":"EFE Noticias","article_publisher":"https:\/\/www.facebook.com\/AgenciaEFEnoticias\/","article_published_time":"2022-11-07T23:26:35+00:00","article_modified_time":"2022-11-07T23:26:36+00:00","og_image":[{"width":900,"height":626,"url":"https:\/\/i0.wp.com\/efe.com\/\/srv\/htdocs\/wp-content\/uploads\/2022\/11\/BORIC-BICICLETA.jpg?fit=900%2C626&ssl=1","type":"image\/jpeg"}],"author":"anachain","twitter_card":"summary_large_image","twitter_creator":"@efenoticias","twitter_site":"@efenoticias","schema":{"@context":"https:\/\/schema.org","@graph":[{"@type":"NewsArticle","@id":"https:\/\/pre.efe.com\/pt-br\/mundo-2\/2022-11-08\/boric-usa-bicicleta-para-ir-ao-palacio-de-la-moneda\/#article","isPartOf":{"@id":"https:\/\/pre.efe.com\/pt-br\/mundo-2\/2022-11-08\/boric-usa-bicicleta-para-ir-ao-palacio-de-la-moneda\/"},"author":{"name":"anachain","@id":"https:\/\/pre.efe.com\/pt-br\/#\/schema\/person\/b19f23f210db552768f68a4b552b004f"},"headline":"Boric usa bicicleta para ir ao Pal\u00e1cio de La Moneda","datePublished":"2022-11-07T23:26:35+00:00","dateModified":"2022-11-07T23:26:36+00:00","mainEntityOfPage":{"@id":"https:\/\/pre.efe.com\/pt-br\/mundo-2\/2022-11-08\/boric-usa-bicicleta-para-ir-ao-palacio-de-la-moneda\/"},"wordCount":399,"publisher":{"@id":"https:\/\/pre.efe.com\/pt-br\/#organization"},"image":{"@id":"https:\/\/pre.efe.com\/pt-br\/mundo-2\/2022-11-08\/boric-usa-bicicleta-para-ir-ao-palacio-de-la-moneda\/#primaryimage"},"thumbnailUrl":"https:\/\/pre.efe.com\/wp-content\/uploads\/2022\/11\/BORIC-BICICLETA.jpg","keywords":["Chile"],"articleSection":["Mundo","Outras not\u00edcias"],"inLanguage":"pt-BR","copyrightYear":"2022","copyrightHolder":{"@id":"https:\/\/pre.efe.com\/#organization"}},{"@type":["WebPage","ItemPage"],"@id":"https:\/\/pre.efe.com\/pt-br\/mundo-2\/2022-11-08\/boric-usa-bicicleta-para-ir-ao-palacio-de-la-moneda\/","url":"https:\/\/pre.efe.com\/pt-br\/mundo-2\/2022-11-08\/boric-usa-bicicleta-para-ir-ao-palacio-de-la-moneda\/","name":"Boric usa bicicleta para ir ao Pal\u00e1cio de La Moneda","isPartOf":{"@id":"https:\/\/pre.efe.com\/pt-br\/#website"},"primaryImageOfPage":{"@id":"https:\/\/pre.efe.com\/pt-br\/mundo-2\/2022-11-08\/boric-usa-bicicleta-para-ir-ao-palacio-de-la-moneda\/#primaryimage"},"image":{"@id":"https:\/\/pre.efe.com\/pt-br\/mundo-2\/2022-11-08\/boric-usa-bicicleta-para-ir-ao-palacio-de-la-moneda\/#primaryimage"},"thumbnailUrl":"https:\/\/pre.efe.com\/wp-content\/uploads\/2022\/11\/BORIC-BICICLETA.jpg","datePublished":"2022-11-07T23:26:35+00:00","dateModified":"2022-11-07T23:26:36+00:00","description":"O presidente do Chile, Gabriel Boric, est\u00e1 h\u00e1 mais de uma semana usando uma bicicleta para chegar at\u00e9 o Pal\u00e1cio de La Moneda.","breadcrumb":{"@id":"https:\/\/pre.efe.com\/pt-br\/mundo-2\/2022-11-08\/boric-usa-bicicleta-para-ir-ao-palacio-de-la-moneda\/#breadcrumb"},"inLanguage":"pt-BR","potentialAction":[{"@type":"ReadAction","target":["https:\/\/pre.efe.com\/pt-br\/mundo-2\/2022-11-08\/boric-usa-bicicleta-para-ir-ao-palacio-de-la-moneda\/"]}]},{"@type":"ImageObject","inLanguage":"pt-BR","@id":"https:\/\/pre.efe.com\/pt-br\/mundo-2\/2022-11-08\/boric-usa-bicicleta-para-ir-ao-palacio-de-la-moneda\/#primaryimage","url":"https:\/\/pre.efe.com\/wp-content\/uploads\/2022\/11\/BORIC-BICICLETA.jpg","contentUrl":"https:\/\/pre.efe.com\/wp-content\/uploads\/2022\/11\/BORIC-BICICLETA.jpg","width":900,"height":626,"caption":"O presidente do Chile, Gabriel Boric. EFE\/Aton Chile"},{"@type":"BreadcrumbList","@id":"https:\/\/pre.efe.com\/pt-br\/mundo-2\/2022-11-08\/boric-usa-bicicleta-para-ir-ao-palacio-de-la-moneda\/#breadcrumb","itemListElement":[{"@type":"ListItem","position":1,"name":"Portada","item":"https:\/\/pre.efe.com\/pt-br\/"},{"@type":"ListItem","position":2,"name":"Boric usa bicicleta para ir ao Pal\u00e1cio de La Moneda"}]},{"@type":"WebSite","@id":"https:\/\/pre.efe.com\/pt-br\/#website","url":"https:\/\/pre.efe.com\/pt-br\/","name":"EFE Noticias","description":"","publisher":{"@id":"https:\/\/pre.efe.com\/pt-br\/#organization"},"potentialAction":[{"@type":"SearchAction","target":{"@type":"EntryPoint","urlTemplate":"https:\/\/pre.efe.com\/pt-br\/?s={search_term_string}"},"query-input":{"@type":"PropertyValueSpecification","valueRequired":true,"valueName":"search_term_string"}}],"inLanguage":"pt-BR"},{"@type":"Organization","@id":"https:\/\/pre.efe.com\/pt-br\/#organization","name":"Agencia EFE","url":"https:\/\/pre.efe.com\/pt-br\/","logo":{"@type":"ImageObject","inLanguage":"pt-BR","@id":"https:\/\/pre.efe.com\/pt-br\/#\/schema\/logo\/image\/","url":"https:\/\/pre.efe.com\/wp-content\/uploads\/2023\/06\/logo-efe-467.png","contentUrl":"https:\/\/pre.efe.com\/wp-content\/uploads\/2023\/06\/logo-efe-467.png","width":467,"height":467,"caption":"Agencia EFE"},"image":{"@id":"https:\/\/pre.efe.com\/pt-br\/#\/schema\/logo\/image\/"},"sameAs":["https:\/\/www.facebook.com\/AgenciaEFEnoticias\/","https:\/\/x.com\/efenoticias","https:\/\/www.instagram.com\/efe_noticias\/","http:\/\/www.youtube.com\/efe"]},{"@type":"Person","@id":"https:\/\/pre.efe.com\/pt-br\/#\/schema\/person\/b19f23f210db552768f68a4b552b004f","name":"anachain","image":{"@type":"ImageObject","inLanguage":"pt-BR","@id":"https:\/\/secure.gravatar.com\/avatar\/30b83965911ef1108bb893c00bdd65c885f9890e1265ee04b02c3d5adc785d37?s=96&d=identicon&r=g","url":"https:\/\/secure.gravatar.com\/avatar\/30b83965911ef1108bb893c00bdd65c885f9890e1265ee04b02c3d5adc785d37?s=96&d=identicon&r=g","contentUrl":"https:\/\/secure.gravatar.com\/avatar\/30b83965911ef1108bb893c00bdd65c885f9890e1265ee04b02c3d5adc785d37?s=96&d=identicon&r=g","caption":"anachain"},"url":"https:\/\/pre.efe.com\/pt-br\/autor\/anachain\/"}]}},"jetpack_featured_media_url":"https:\/\/pre.efe.com\/wp-content\/uploads\/2022\/11\/BORIC-BICICLETA.jpg","jetpack_shortlink":"https:\/\/wp.me\/peJvHm-FLu","jetpack_sharing_enabled":true,"_links":{"self":[{"href":"https:\/\/pre.efe.com\/pt-br\/wp-json\/wp\/v2\/posts\/160548","targetHints":{"allow":["GET"]}}],"collection":[{"href":"https:\/\/pre.efe.com\/pt-br\/wp-json\/wp\/v2\/posts"}],"about":[{"href":"https:\/\/pre.efe.com\/pt-br\/wp-json\/wp\/v2\/types\/post"}],"author":[{"embeddable":true,"href":"https:\/\/pre.efe.com\/pt-br\/wp-json\/wp\/v2\/users\/198164106"}],"replies":[{"embeddable":true,"href":"https:\/\/pre.efe.com\/pt-br\/wp-json\/wp\/v2\/comments?post=160548"}],"version-history":[{"count":2,"href":"https:\/\/pre.efe.com\/pt-br\/wp-json\/wp\/v2\/posts\/160548\/revisions"}],"predecessor-version":[{"id":160553,"href":"https:\/\/pre.efe.com\/pt-br\/wp-json\/wp\/v2\/posts\/160548\/revisions\/160553"}],"wp:featuredmedia":[{"embeddable":true,"href":"https:\/\/pre.efe.com\/pt-br\/wp-json\/wp\/v2\/media\/160550"}],"wp:attachment":[{"href":"https:\/\/pre.efe.com\/pt-br\/wp-json\/wp\/v2\/media?parent=160548"}],"wp:term":[{"taxonomy":"category","embeddable":true,"href":"https:\/\/pre.efe.com\/pt-br\/wp-json\/wp\/v2\/categories?post=160548"},{"taxonomy":"post_tag","embeddable":true,"href":"https:\/\/pre.efe.com\/pt-br\/wp-json\/wp\/v2\/tags?post=160548"}],"curies":[{"name":"wp","href":"https:\/\/api.w.org\/{rel}","templated":true}]}}