{"id":160563,"date":"2022-11-08T01:29:57","date_gmt":"2022-11-08T00:29:57","guid":{"rendered":"https:\/\/pre.efe.com\/?p=160563"},"modified":"2022-11-08T01:32:33","modified_gmt":"2022-11-08T00:32:33","slug":"macron-pede-choque-financeiro-para-ajudar-paises-vulneraveis-ao-clima","status":"publish","type":"post","link":"https:\/\/pre.efe.com\/pt-br\/mundo-2\/2022-11-08\/macron-pede-choque-financeiro-para-ajudar-paises-vulneraveis-ao-clima\/","title":{"rendered":"Macron pede &#8220;choque&#8221; financeiro para ajudar pa\u00edses vulner\u00e1veis \u200b\u200bao clima"},"content":{"rendered":"\n<p>Sharm el Sheikh (<a href=\"https:\/\/pre.efe.com\/pt-br\/\">EFE<\/a>).-\u00a0O presidente da Fran\u00e7a, Emmanuel Macron, pediu nesta segunda-feira um &#8220;choque&#8221; financeiro para ajudar a combater as mudan\u00e7as clim\u00e1ticas nos pa\u00edses pobres e emergentes &#8211; que geralmente s\u00e3o os mais vulner\u00e1veis \u200b\u200ba seus efeitos &#8211; e exigiu que todas as na\u00e7\u00f5es ricas cumpram suas promessas de assist\u00eancia.<\/p>\n\n\n\n<p>Durante seu discurso na assembleia de l\u00edderes da C\u00fapula do Clima COP27, realizada no Egito, Macron fez um apelo por justi\u00e7a clim\u00e1tica e defendeu que o combate ao aquecimento global n\u00e3o pode ser uma vari\u00e1vel que dependa da guerra na Ucr\u00e2nia ou de outras circunst\u00e2ncias porque \u00e9 uma prioridade imediata.<\/p>\n\n\n\n<blockquote class=\"wp-block-quote is-layout-flow wp-block-quote-is-layout-flow\"><p>&#8220;A urg\u00eancia clim\u00e1tica est\u00e1 aqui, n\u00e3o \u00e9 para amanh\u00e3 (&#8230;) N\u00e3o vamos sacrificar nossos compromissos clim\u00e1ticos pelas amea\u00e7as energ\u00e9ticas da R\u00fassia&#8221;, enfatizou Macron.<\/p><\/blockquote>\n\n\n\n<p>Nesse contexto, ratificou os objetivos da Fran\u00e7a e da Uni\u00e3o Europeia (UE) para a transi\u00e7\u00e3o energ\u00e9tica e a descarboniza\u00e7\u00e3o. Mas, acima de tudo, chamou a aten\u00e7\u00e3o para a necessidade de redobrar os esfor\u00e7os para ajudar os pa\u00edses de baixa e m\u00e9dia renda a combater os efeitos das mudan\u00e7as clim\u00e1ticas.<\/p>\n\n\n\n<p>Segundo o chefe de Estado franc\u00eas, a situa\u00e7\u00e3o atual exige mobilizar n\u00edveis de financiamento p\u00fablico e privado \u201cexcepcionais&#8221;, mas tamb\u00e9m a mudan\u00e7a das &#8220;regras&#8221; com que as economias dessas na\u00e7\u00f5es acessam a liquidez.<\/p>\n\n\n\n<h2 class=\"wp-block-heading\">Ir al\u00e9m do Acordo de Paris<\/h2>\n\n\n\n<p>Trata-se de ir al\u00e9m dos US$ 100 bilh\u00f5es anuais estipulados nos Acordos de Paris de 2015 em ajudas a favor dos pa\u00edses em desenvolvimento para financiar sua a\u00e7\u00e3o contra as mudan\u00e7as clim\u00e1ticas.<\/p>\n\n\n\n<p>O presidente franc\u00eas anunciou que, juntamente com a primeira-ministra de Barbados, Mia Mottley, seu governo est\u00e1 trabalhando na elabora\u00e7\u00e3o de uma bateria de recomenda\u00e7\u00f5es para que grandes organismos internacionais (como o Fundo Monet\u00e1rio Internacional, o Banco Mundial e a Organiza\u00e7\u00e3o para a Coopera\u00e7\u00e3o e Desenvolvimento Econ\u00f4mico) levem em conta as vulnerabilidades clim\u00e1ticas.<\/p>\n\n\n\n<p>A l\u00f3gica por tr\u00e1s dessa proposta \u00e9 que a crise clim\u00e1tica \u00e9 uma situa\u00e7\u00e3o &#8220;excepcional&#8221; para muitos Estados e Macron deu como exemplo que os pa\u00edses ricos reagiram \u00e0 pandemia de covid-19 tomando medidas igualmente excepcionais.<\/p>\n\n\n\n<p>Nesse sentido, elogiou a &#8220;coragem&#8221; de muitos l\u00edderes africanos, caribenhos, latino-americanos e do Pac\u00edfico, que h\u00e1 anos protestam contra a injusti\u00e7a clim\u00e1tica.<\/p>\n\n\n\n<p>Dirigentes que, segundo destacou, reclamam que seus pa\u00edses emitiram menos gases de efeito estufa no passado, que tiveram obst\u00e1culos para se desenvolver como queriam e que ser\u00e3o afetados mais rapidamente pelas consequ\u00eancias do aquecimento global.&nbsp;<\/p>\n\n\n\n<blockquote class=\"wp-block-quote is-layout-flow wp-block-quote-is-layout-flow\"><p>&#8220;Eles est\u00e3o certos&#8221;, admitiu o presidente franc\u00eas.<\/p><\/blockquote>\n\n\n\n<h2 class=\"wp-block-heading\">Mudan\u00e7as e promessas<\/h2>\n\n\n\n<p>Na opini\u00e3o de Macron, depender\u00e1 dessa mudan\u00e7a nas regras, e se as promessas de assist\u00eancia ser\u00e3o cumpridas ou n\u00e3o, se a confian\u00e7a do Sul no Norte n\u00e3o &#8220;se extinguir\u00e1&#8221;.<\/p>\n\n\n\n<p>Na manh\u00e3 desta segunda-feira, durante um ato com os jovens, o presidente franc\u00eas j\u00e1 tinha criticado o fato de as grandes pot\u00eancias n\u00e3o europeias, em particular a China e os Estados Unidos (que s\u00e3o os dois maiores emissores de gases de efeito estufa), n\u00e3o estarem cumprindo seus compromissos nesta mat\u00e9ria.<\/p>\n\n\n\n<p>A prote\u00e7\u00e3o da biodiversidade, dos oceanos e das chamadas grandes reservas vitais de carbono (espa\u00e7os como florestas prim\u00e1rias e selvas que, se desaparecessem, liberariam uma quantidade de carbono que causaria danos irrepar\u00e1veis) foram outros eixos que Macron destacou em seu discurso antes da COP27. <a href=\"https:\/\/efs.efeservicios.com\/\">EFE<\/a><\/p>\n","protected":false},"excerpt":{"rendered":"<p>Sharm el Sheikh (EFE).-\u00a0O presidente da Fran\u00e7a, Emmanuel Macron, pediu nesta segunda-feira um &#8220;choque&#8221; financeiro para ajudar a combater as mudan\u00e7as clim\u00e1ticas nos pa\u00edses pobres e emergentes &#8211; que geralmente s\u00e3o os mais vulner\u00e1veis \u200b\u200ba seus efeitos &#8211; e exigiu que todas as na\u00e7\u00f5es ricas cumpram suas promessas de assist\u00eancia. Durante seu discurso na assembleia &#8230; <a title=\"Macron pede &#8220;choque&#8221; financeiro para ajudar pa\u00edses vulner\u00e1veis \u200b\u200bao clima\" class=\"read-more\" href=\"https:\/\/pre.efe.com\/pt-br\/mundo-2\/2022-11-08\/macron-pede-choque-financeiro-para-ajudar-paises-vulneraveis-ao-clima\/\" aria-label=\"Read more about Macron pede &#8220;choque&#8221; financeiro para ajudar pa\u00edses vulner\u00e1veis \u200b\u200bao clima\">Leia mais<\/a><\/p>\n","protected":false},"author":198164106,"featured_media":160566,"comment_status":"closed","ping_status":"closed","sticky":false,"template":"","format":"standard","meta":{"_acf_changed":false,"_jetpack_memberships_contains_paid_content":false,"footnotes":""},"categories":[123208,122141],"tags":[125763,125765,125764],"class_list":["post-160563","post","type-post","status-publish","format-standard","has-post-thumbnail","hentry","category-mundo-2","category-portada","tag-clima-2","tag-cop27-2","tag-mudanca-climatica","generate-columns","tablet-grid-50","mobile-grid-100","grid-parent","grid-50"],"acf":[],"yoast_head":"<!-- This site is optimized with the Yoast SEO Premium plugin v26.0 (Yoast SEO v27.5) - https:\/\/yoast.com\/product\/yoast-seo-premium-wordpress\/ -->\n<title>Macron pede choque financeiro para pa\u00edses vulner\u00e1veis \u200b\u200bao clima<\/title>\n<meta name=\"description\" content=\"O presidente da Fran\u00e7a, Emmanuel Macron, pediu um &quot;choque&quot; financeiro para ajudar a combater as mudan\u00e7as clim\u00e1ticas nos pa\u00edses vulner\u00e1veis.\" \/>\n<meta name=\"robots\" content=\"noindex, follow\" \/>\n<meta property=\"og:locale\" content=\"pt_BR\" \/>\n<meta property=\"og:type\" content=\"article\" \/>\n<meta property=\"og:title\" content=\"Macron pede &quot;choque&quot; financeiro para ajudar pa\u00edses vulner\u00e1veis \u200b\u200bao clima - EFE\" \/>\n<meta property=\"og:description\" content=\"O presidente da Fran\u00e7a, Emmanuel Macron, pediu um &quot;choque&quot; financeiro para ajudar a combater as mudan\u00e7as clim\u00e1ticas nos pa\u00edses vulner\u00e1veis.\" \/>\n<meta property=\"og:url\" content=\"https:\/\/pre.efe.com\/pt-br\/mundo-2\/2022-11-08\/macron-pede-choque-financeiro-para-ajudar-paises-vulneraveis-ao-clima\/\" \/>\n<meta property=\"og:site_name\" content=\"EFE Noticias\" \/>\n<meta property=\"article:publisher\" content=\"https:\/\/www.facebook.com\/AgenciaEFEnoticias\/\" \/>\n<meta property=\"article:published_time\" content=\"2022-11-08T00:29:57+00:00\" \/>\n<meta property=\"article:modified_time\" content=\"2022-11-08T00:32:33+00:00\" \/>\n<meta property=\"og:image\" content=\"https:\/\/i0.wp.com\/efe.com\/\/srv\/htdocs\/wp-content\/uploads\/2022\/11\/MACRON-CLIMA.jpg?fit=900%2C567&ssl=1\" \/>\n\t<meta property=\"og:image:width\" content=\"900\" \/>\n\t<meta property=\"og:image:height\" content=\"567\" \/>\n\t<meta property=\"og:image:type\" content=\"image\/jpeg\" \/>\n<meta name=\"author\" content=\"anachain\" \/>\n<meta name=\"twitter:card\" content=\"summary_large_image\" \/>\n<meta name=\"twitter:creator\" content=\"@efenoticias\" \/>\n<meta name=\"twitter:site\" content=\"@efenoticias\" \/>\n<script type=\"application\/ld+json\" class=\"yoast-schema-graph\">{\"@context\":\"https:\\\/\\\/schema.org\",\"@graph\":[{\"@type\":\"NewsArticle\",\"@id\":\"https:\\\/\\\/pre.efe.com\\\/pt-br\\\/mundo-2\\\/2022-11-08\\\/macron-pede-choque-financeiro-para-ajudar-paises-vulneraveis-ao-clima\\\/#article\",\"isPartOf\":{\"@id\":\"https:\\\/\\\/pre.efe.com\\\/pt-br\\\/mundo-2\\\/2022-11-08\\\/macron-pede-choque-financeiro-para-ajudar-paises-vulneraveis-ao-clima\\\/\"},\"author\":{\"name\":\"anachain\",\"@id\":\"https:\\\/\\\/pre.efe.com\\\/pt-br\\\/#\\\/schema\\\/person\\\/b19f23f210db552768f68a4b552b004f\"},\"headline\":\"Macron pede &#8220;choque&#8221; financeiro para ajudar pa\u00edses vulner\u00e1veis \u200b\u200bao clima\",\"datePublished\":\"2022-11-08T00:29:57+00:00\",\"dateModified\":\"2022-11-08T00:32:33+00:00\",\"mainEntityOfPage\":{\"@id\":\"https:\\\/\\\/pre.efe.com\\\/pt-br\\\/mundo-2\\\/2022-11-08\\\/macron-pede-choque-financeiro-para-ajudar-paises-vulneraveis-ao-clima\\\/\"},\"wordCount\":619,\"publisher\":{\"@id\":\"https:\\\/\\\/pre.efe.com\\\/pt-br\\\/#organization\"},\"image\":{\"@id\":\"https:\\\/\\\/pre.efe.com\\\/pt-br\\\/mundo-2\\\/2022-11-08\\\/macron-pede-choque-financeiro-para-ajudar-paises-vulneraveis-ao-clima\\\/#primaryimage\"},\"thumbnailUrl\":\"https:\\\/\\\/pre.efe.com\\\/wp-content\\\/uploads\\\/2022\\\/11\\\/MACRON-CLIMA.jpg\",\"keywords\":[\"Clima\",\"Cop27\",\"Mudan\u00e7a clim\u00e1tica\"],\"articleSection\":[\"Mundo\",\"Portada\"],\"inLanguage\":\"pt-BR\",\"copyrightYear\":\"2022\",\"copyrightHolder\":{\"@id\":\"https:\\\/\\\/pre.efe.com\\\/#organization\"}},{\"@type\":[\"WebPage\",\"ItemPage\"],\"@id\":\"https:\\\/\\\/pre.efe.com\\\/pt-br\\\/mundo-2\\\/2022-11-08\\\/macron-pede-choque-financeiro-para-ajudar-paises-vulneraveis-ao-clima\\\/\",\"url\":\"https:\\\/\\\/pre.efe.com\\\/pt-br\\\/mundo-2\\\/2022-11-08\\\/macron-pede-choque-financeiro-para-ajudar-paises-vulneraveis-ao-clima\\\/\",\"name\":\"Macron pede choque financeiro para pa\u00edses vulner\u00e1veis \u200b\u200bao clima\",\"isPartOf\":{\"@id\":\"https:\\\/\\\/pre.efe.com\\\/pt-br\\\/#website\"},\"primaryImageOfPage\":{\"@id\":\"https:\\\/\\\/pre.efe.com\\\/pt-br\\\/mundo-2\\\/2022-11-08\\\/macron-pede-choque-financeiro-para-ajudar-paises-vulneraveis-ao-clima\\\/#primaryimage\"},\"image\":{\"@id\":\"https:\\\/\\\/pre.efe.com\\\/pt-br\\\/mundo-2\\\/2022-11-08\\\/macron-pede-choque-financeiro-para-ajudar-paises-vulneraveis-ao-clima\\\/#primaryimage\"},\"thumbnailUrl\":\"https:\\\/\\\/pre.efe.com\\\/wp-content\\\/uploads\\\/2022\\\/11\\\/MACRON-CLIMA.jpg\",\"datePublished\":\"2022-11-08T00:29:57+00:00\",\"dateModified\":\"2022-11-08T00:32:33+00:00\",\"description\":\"O presidente da Fran\u00e7a, Emmanuel Macron, pediu um \\\"choque\\\" financeiro para ajudar a combater as mudan\u00e7as clim\u00e1ticas nos pa\u00edses vulner\u00e1veis.\",\"breadcrumb\":{\"@id\":\"https:\\\/\\\/pre.efe.com\\\/pt-br\\\/mundo-2\\\/2022-11-08\\\/macron-pede-choque-financeiro-para-ajudar-paises-vulneraveis-ao-clima\\\/#breadcrumb\"},\"inLanguage\":\"pt-BR\",\"potentialAction\":[{\"@type\":\"ReadAction\",\"target\":[\"https:\\\/\\\/pre.efe.com\\\/pt-br\\\/mundo-2\\\/2022-11-08\\\/macron-pede-choque-financeiro-para-ajudar-paises-vulneraveis-ao-clima\\\/\"]}]},{\"@type\":\"ImageObject\",\"inLanguage\":\"pt-BR\",\"@id\":\"https:\\\/\\\/pre.efe.com\\\/pt-br\\\/mundo-2\\\/2022-11-08\\\/macron-pede-choque-financeiro-para-ajudar-paises-vulneraveis-ao-clima\\\/#primaryimage\",\"url\":\"https:\\\/\\\/pre.efe.com\\\/wp-content\\\/uploads\\\/2022\\\/11\\\/MACRON-CLIMA.jpg\",\"contentUrl\":\"https:\\\/\\\/pre.efe.com\\\/wp-content\\\/uploads\\\/2022\\\/11\\\/MACRON-CLIMA.jpg\",\"width\":900,\"height\":567,\"caption\":\"O presidente da Fran\u00e7a, Emmanuel Macron. EFE\\\/KHALED ELFIQI\"},{\"@type\":\"BreadcrumbList\",\"@id\":\"https:\\\/\\\/pre.efe.com\\\/pt-br\\\/mundo-2\\\/2022-11-08\\\/macron-pede-choque-financeiro-para-ajudar-paises-vulneraveis-ao-clima\\\/#breadcrumb\",\"itemListElement\":[{\"@type\":\"ListItem\",\"position\":1,\"name\":\"Portada\",\"item\":\"https:\\\/\\\/pre.efe.com\\\/pt-br\\\/\"},{\"@type\":\"ListItem\",\"position\":2,\"name\":\"Macron pede \u00abchoque\u00bb financeiro para ajudar pa\u00edses vulner\u00e1veis \u200b\u200bao clima\"}]},{\"@type\":\"WebSite\",\"@id\":\"https:\\\/\\\/pre.efe.com\\\/pt-br\\\/#website\",\"url\":\"https:\\\/\\\/pre.efe.com\\\/pt-br\\\/\",\"name\":\"EFE Noticias\",\"description\":\"\",\"publisher\":{\"@id\":\"https:\\\/\\\/pre.efe.com\\\/pt-br\\\/#organization\"},\"potentialAction\":[{\"@type\":\"SearchAction\",\"target\":{\"@type\":\"EntryPoint\",\"urlTemplate\":\"https:\\\/\\\/pre.efe.com\\\/pt-br\\\/?s={search_term_string}\"},\"query-input\":{\"@type\":\"PropertyValueSpecification\",\"valueRequired\":true,\"valueName\":\"search_term_string\"}}],\"inLanguage\":\"pt-BR\"},{\"@type\":\"Organization\",\"@id\":\"https:\\\/\\\/pre.efe.com\\\/pt-br\\\/#organization\",\"name\":\"Agencia EFE\",\"url\":\"https:\\\/\\\/pre.efe.com\\\/pt-br\\\/\",\"logo\":{\"@type\":\"ImageObject\",\"inLanguage\":\"pt-BR\",\"@id\":\"https:\\\/\\\/pre.efe.com\\\/pt-br\\\/#\\\/schema\\\/logo\\\/image\\\/\",\"url\":\"https:\\\/\\\/pre.efe.com\\\/wp-content\\\/uploads\\\/2023\\\/06\\\/logo-efe-467.png\",\"contentUrl\":\"https:\\\/\\\/pre.efe.com\\\/wp-content\\\/uploads\\\/2023\\\/06\\\/logo-efe-467.png\",\"width\":467,\"height\":467,\"caption\":\"Agencia EFE\"},\"image\":{\"@id\":\"https:\\\/\\\/pre.efe.com\\\/pt-br\\\/#\\\/schema\\\/logo\\\/image\\\/\"},\"sameAs\":[\"https:\\\/\\\/www.facebook.com\\\/AgenciaEFEnoticias\\\/\",\"https:\\\/\\\/x.com\\\/efenoticias\",\"https:\\\/\\\/www.instagram.com\\\/efe_noticias\\\/\",\"http:\\\/\\\/www.youtube.com\\\/efe\"]},{\"@type\":\"Person\",\"@id\":\"https:\\\/\\\/pre.efe.com\\\/pt-br\\\/#\\\/schema\\\/person\\\/b19f23f210db552768f68a4b552b004f\",\"name\":\"anachain\",\"image\":{\"@type\":\"ImageObject\",\"inLanguage\":\"pt-BR\",\"@id\":\"https:\\\/\\\/secure.gravatar.com\\\/avatar\\\/30b83965911ef1108bb893c00bdd65c885f9890e1265ee04b02c3d5adc785d37?s=96&d=identicon&r=g\",\"url\":\"https:\\\/\\\/secure.gravatar.com\\\/avatar\\\/30b83965911ef1108bb893c00bdd65c885f9890e1265ee04b02c3d5adc785d37?s=96&d=identicon&r=g\",\"contentUrl\":\"https:\\\/\\\/secure.gravatar.com\\\/avatar\\\/30b83965911ef1108bb893c00bdd65c885f9890e1265ee04b02c3d5adc785d37?s=96&d=identicon&r=g\",\"caption\":\"anachain\"},\"url\":\"https:\\\/\\\/pre.efe.com\\\/pt-br\\\/autor\\\/anachain\\\/\"}]}<\/script>\n<!-- \/ Yoast SEO Premium plugin. -->","yoast_head_json":{"title":"Macron pede choque financeiro para pa\u00edses vulner\u00e1veis \u200b\u200bao clima","description":"O presidente da Fran\u00e7a, Emmanuel Macron, pediu um \"choque\" financeiro para ajudar a combater as mudan\u00e7as clim\u00e1ticas nos pa\u00edses vulner\u00e1veis.","robots":{"index":"noindex","follow":"follow"},"og_locale":"pt_BR","og_type":"article","og_title":"Macron pede \"choque\" financeiro para ajudar pa\u00edses vulner\u00e1veis \u200b\u200bao clima - EFE","og_description":"O presidente da Fran\u00e7a, Emmanuel Macron, pediu um \"choque\" financeiro para ajudar a combater as mudan\u00e7as clim\u00e1ticas nos pa\u00edses vulner\u00e1veis.","og_url":"https:\/\/pre.efe.com\/pt-br\/mundo-2\/2022-11-08\/macron-pede-choque-financeiro-para-ajudar-paises-vulneraveis-ao-clima\/","og_site_name":"EFE Noticias","article_publisher":"https:\/\/www.facebook.com\/AgenciaEFEnoticias\/","article_published_time":"2022-11-08T00:29:57+00:00","article_modified_time":"2022-11-08T00:32:33+00:00","og_image":[{"width":900,"height":567,"url":"https:\/\/i0.wp.com\/efe.com\/\/srv\/htdocs\/wp-content\/uploads\/2022\/11\/MACRON-CLIMA.jpg?fit=900%2C567&ssl=1","type":"image\/jpeg"}],"author":"anachain","twitter_card":"summary_large_image","twitter_creator":"@efenoticias","twitter_site":"@efenoticias","schema":{"@context":"https:\/\/schema.org","@graph":[{"@type":"NewsArticle","@id":"https:\/\/pre.efe.com\/pt-br\/mundo-2\/2022-11-08\/macron-pede-choque-financeiro-para-ajudar-paises-vulneraveis-ao-clima\/#article","isPartOf":{"@id":"https:\/\/pre.efe.com\/pt-br\/mundo-2\/2022-11-08\/macron-pede-choque-financeiro-para-ajudar-paises-vulneraveis-ao-clima\/"},"author":{"name":"anachain","@id":"https:\/\/pre.efe.com\/pt-br\/#\/schema\/person\/b19f23f210db552768f68a4b552b004f"},"headline":"Macron pede &#8220;choque&#8221; financeiro para ajudar pa\u00edses vulner\u00e1veis \u200b\u200bao clima","datePublished":"2022-11-08T00:29:57+00:00","dateModified":"2022-11-08T00:32:33+00:00","mainEntityOfPage":{"@id":"https:\/\/pre.efe.com\/pt-br\/mundo-2\/2022-11-08\/macron-pede-choque-financeiro-para-ajudar-paises-vulneraveis-ao-clima\/"},"wordCount":619,"publisher":{"@id":"https:\/\/pre.efe.com\/pt-br\/#organization"},"image":{"@id":"https:\/\/pre.efe.com\/pt-br\/mundo-2\/2022-11-08\/macron-pede-choque-financeiro-para-ajudar-paises-vulneraveis-ao-clima\/#primaryimage"},"thumbnailUrl":"https:\/\/pre.efe.com\/wp-content\/uploads\/2022\/11\/MACRON-CLIMA.jpg","keywords":["Clima","Cop27","Mudan\u00e7a clim\u00e1tica"],"articleSection":["Mundo","Portada"],"inLanguage":"pt-BR","copyrightYear":"2022","copyrightHolder":{"@id":"https:\/\/pre.efe.com\/#organization"}},{"@type":["WebPage","ItemPage"],"@id":"https:\/\/pre.efe.com\/pt-br\/mundo-2\/2022-11-08\/macron-pede-choque-financeiro-para-ajudar-paises-vulneraveis-ao-clima\/","url":"https:\/\/pre.efe.com\/pt-br\/mundo-2\/2022-11-08\/macron-pede-choque-financeiro-para-ajudar-paises-vulneraveis-ao-clima\/","name":"Macron pede choque financeiro para pa\u00edses vulner\u00e1veis \u200b\u200bao clima","isPartOf":{"@id":"https:\/\/pre.efe.com\/pt-br\/#website"},"primaryImageOfPage":{"@id":"https:\/\/pre.efe.com\/pt-br\/mundo-2\/2022-11-08\/macron-pede-choque-financeiro-para-ajudar-paises-vulneraveis-ao-clima\/#primaryimage"},"image":{"@id":"https:\/\/pre.efe.com\/pt-br\/mundo-2\/2022-11-08\/macron-pede-choque-financeiro-para-ajudar-paises-vulneraveis-ao-clima\/#primaryimage"},"thumbnailUrl":"https:\/\/pre.efe.com\/wp-content\/uploads\/2022\/11\/MACRON-CLIMA.jpg","datePublished":"2022-11-08T00:29:57+00:00","dateModified":"2022-11-08T00:32:33+00:00","description":"O presidente da Fran\u00e7a, Emmanuel Macron, pediu um \"choque\" financeiro para ajudar a combater as mudan\u00e7as clim\u00e1ticas nos pa\u00edses vulner\u00e1veis.","breadcrumb":{"@id":"https:\/\/pre.efe.com\/pt-br\/mundo-2\/2022-11-08\/macron-pede-choque-financeiro-para-ajudar-paises-vulneraveis-ao-clima\/#breadcrumb"},"inLanguage":"pt-BR","potentialAction":[{"@type":"ReadAction","target":["https:\/\/pre.efe.com\/pt-br\/mundo-2\/2022-11-08\/macron-pede-choque-financeiro-para-ajudar-paises-vulneraveis-ao-clima\/"]}]},{"@type":"ImageObject","inLanguage":"pt-BR","@id":"https:\/\/pre.efe.com\/pt-br\/mundo-2\/2022-11-08\/macron-pede-choque-financeiro-para-ajudar-paises-vulneraveis-ao-clima\/#primaryimage","url":"https:\/\/pre.efe.com\/wp-content\/uploads\/2022\/11\/MACRON-CLIMA.jpg","contentUrl":"https:\/\/pre.efe.com\/wp-content\/uploads\/2022\/11\/MACRON-CLIMA.jpg","width":900,"height":567,"caption":"O presidente da Fran\u00e7a, Emmanuel Macron. EFE\/KHALED ELFIQI"},{"@type":"BreadcrumbList","@id":"https:\/\/pre.efe.com\/pt-br\/mundo-2\/2022-11-08\/macron-pede-choque-financeiro-para-ajudar-paises-vulneraveis-ao-clima\/#breadcrumb","itemListElement":[{"@type":"ListItem","position":1,"name":"Portada","item":"https:\/\/pre.efe.com\/pt-br\/"},{"@type":"ListItem","position":2,"name":"Macron pede \u00abchoque\u00bb financeiro para ajudar pa\u00edses vulner\u00e1veis \u200b\u200bao clima"}]},{"@type":"WebSite","@id":"https:\/\/pre.efe.com\/pt-br\/#website","url":"https:\/\/pre.efe.com\/pt-br\/","name":"EFE Noticias","description":"","publisher":{"@id":"https:\/\/pre.efe.com\/pt-br\/#organization"},"potentialAction":[{"@type":"SearchAction","target":{"@type":"EntryPoint","urlTemplate":"https:\/\/pre.efe.com\/pt-br\/?s={search_term_string}"},"query-input":{"@type":"PropertyValueSpecification","valueRequired":true,"valueName":"search_term_string"}}],"inLanguage":"pt-BR"},{"@type":"Organization","@id":"https:\/\/pre.efe.com\/pt-br\/#organization","name":"Agencia EFE","url":"https:\/\/pre.efe.com\/pt-br\/","logo":{"@type":"ImageObject","inLanguage":"pt-BR","@id":"https:\/\/pre.efe.com\/pt-br\/#\/schema\/logo\/image\/","url":"https:\/\/pre.efe.com\/wp-content\/uploads\/2023\/06\/logo-efe-467.png","contentUrl":"https:\/\/pre.efe.com\/wp-content\/uploads\/2023\/06\/logo-efe-467.png","width":467,"height":467,"caption":"Agencia EFE"},"image":{"@id":"https:\/\/pre.efe.com\/pt-br\/#\/schema\/logo\/image\/"},"sameAs":["https:\/\/www.facebook.com\/AgenciaEFEnoticias\/","https:\/\/x.com\/efenoticias","https:\/\/www.instagram.com\/efe_noticias\/","http:\/\/www.youtube.com\/efe"]},{"@type":"Person","@id":"https:\/\/pre.efe.com\/pt-br\/#\/schema\/person\/b19f23f210db552768f68a4b552b004f","name":"anachain","image":{"@type":"ImageObject","inLanguage":"pt-BR","@id":"https:\/\/secure.gravatar.com\/avatar\/30b83965911ef1108bb893c00bdd65c885f9890e1265ee04b02c3d5adc785d37?s=96&d=identicon&r=g","url":"https:\/\/secure.gravatar.com\/avatar\/30b83965911ef1108bb893c00bdd65c885f9890e1265ee04b02c3d5adc785d37?s=96&d=identicon&r=g","contentUrl":"https:\/\/secure.gravatar.com\/avatar\/30b83965911ef1108bb893c00bdd65c885f9890e1265ee04b02c3d5adc785d37?s=96&d=identicon&r=g","caption":"anachain"},"url":"https:\/\/pre.efe.com\/pt-br\/autor\/anachain\/"}]}},"jetpack_featured_media_url":"https:\/\/pre.efe.com\/wp-content\/uploads\/2022\/11\/MACRON-CLIMA.jpg","jetpack_shortlink":"https:\/\/wp.me\/peJvHm-FLJ","jetpack_sharing_enabled":true,"_links":{"self":[{"href":"https:\/\/pre.efe.com\/pt-br\/wp-json\/wp\/v2\/posts\/160563","targetHints":{"allow":["GET"]}}],"collection":[{"href":"https:\/\/pre.efe.com\/pt-br\/wp-json\/wp\/v2\/posts"}],"about":[{"href":"https:\/\/pre.efe.com\/pt-br\/wp-json\/wp\/v2\/types\/post"}],"author":[{"embeddable":true,"href":"https:\/\/pre.efe.com\/pt-br\/wp-json\/wp\/v2\/users\/198164106"}],"replies":[{"embeddable":true,"href":"https:\/\/pre.efe.com\/pt-br\/wp-json\/wp\/v2\/comments?post=160563"}],"version-history":[{"count":2,"href":"https:\/\/pre.efe.com\/pt-br\/wp-json\/wp\/v2\/posts\/160563\/revisions"}],"predecessor-version":[{"id":160565,"href":"https:\/\/pre.efe.com\/pt-br\/wp-json\/wp\/v2\/posts\/160563\/revisions\/160565"}],"wp:featuredmedia":[{"embeddable":true,"href":"https:\/\/pre.efe.com\/pt-br\/wp-json\/wp\/v2\/media\/160566"}],"wp:attachment":[{"href":"https:\/\/pre.efe.com\/pt-br\/wp-json\/wp\/v2\/media?parent=160563"}],"wp:term":[{"taxonomy":"category","embeddable":true,"href":"https:\/\/pre.efe.com\/pt-br\/wp-json\/wp\/v2\/categories?post=160563"},{"taxonomy":"post_tag","embeddable":true,"href":"https:\/\/pre.efe.com\/pt-br\/wp-json\/wp\/v2\/tags?post=160563"}],"curies":[{"name":"wp","href":"https:\/\/api.w.org\/{rel}","templated":true}]}}