{"id":161876,"date":"2022-11-08T18:53:42","date_gmt":"2022-11-08T17:53:42","guid":{"rendered":"https:\/\/pre.efe.com\/?p=161876"},"modified":"2022-11-08T18:53:45","modified_gmt":"2022-11-08T17:53:45","slug":"zelensky-participara-da-cupula-do-g20-de-maneira-virtual-diz-porta-voz","status":"publish","type":"post","link":"https:\/\/pre.efe.com\/pt-br\/mundo-2\/2022-11-08\/zelensky-participara-da-cupula-do-g20-de-maneira-virtual-diz-porta-voz\/","title":{"rendered":"Zelensky participar\u00e1 da c\u00fapula do G20 de maneira virtual, diz porta-voz"},"content":{"rendered":"\n<p>Lviv (<a href=\"https:\/\/pre.efe.com\/pt-br\/\">EFE<\/a>).- O presidente da Ucr\u00e2nia, Volodymyr Zelensky, participar\u00e1 do encontro de c\u00fapula do G20, na Indon\u00e9sia, segundo informa\u00e7\u00f5es veiculadas nesta ter\u00e7a-feira pela imprensa local, que cita o porta-voz da chefia do Executivo, Serhii Nikiforov.<\/p>\n\n\n\n<p>De acordo com a fonte do governo, &#8220;o mais prov\u00e1vel&#8221; \u00e9 que o presidente se pronuncie de maneira virtual.<\/p>\n\n\n\n<p>&#8220;De alguma forma, com certeza, Volodymyr Zelensky participar\u00e1 da c\u00fapula do G20. N\u00e3o posso dizer mais&#8221;, indicou Nikiforov.<\/p>\n\n\n\n<p>A confirma\u00e7\u00e3o da participa\u00e7\u00e3o do presidente da Ucr\u00e2nia no G20 &#8211; que acontecer\u00e1 em Bali entre 15 e 16 de novembro -, foi feita dias depois de Zelensky ter dito que n\u00e3o participaria da reuni\u00e3o se estivesse presente o presidente da R\u00fassia, Vladimir Putin.<\/p>\n\n\n\n<p>O chefe de Estado russo foi convidado pessoalmente pelo presidente da Indon\u00e9sia, Joko Widodo, que tamb\u00e9m chegou a ir para a Ucr\u00e2nia, em tentativa malsucedida de mediar o conflito no Leste Europeu.<\/p>\n\n\n\n<p>Ontem, o Kremlin divulgou que Putin n\u00e3o participar\u00e1 da c\u00fapula dos l\u00edderes do F\u00f3rum de Coopera\u00e7\u00e3o Econ\u00f4mica \u00c1sia-Pac\u00edfico (APEC), entre 18 e 19 de novembro.<\/p>\n\n\n\n<p>O porta-voz da presid\u00eancia russa, Dmitry Peskov, informou que, durante esta semana, seria informado se Putin iria participar da C\u00fapula do G20.\u00a0 <a href=\"https:\/\/efs.efeservicios.com\/\">EFE<\/a><\/p>\n","protected":false},"excerpt":{"rendered":"<p>Lviv (EFE).- O presidente da Ucr\u00e2nia, Volodymyr Zelensky, participar\u00e1 do encontro de c\u00fapula do G20, na Indon\u00e9sia, segundo informa\u00e7\u00f5es veiculadas nesta ter\u00e7a-feira pela imprensa local, que cita o porta-voz da chefia do Executivo, Serhii Nikiforov. De acordo com a fonte do governo, &#8220;o mais prov\u00e1vel&#8221; \u00e9 que o presidente se pronuncie de maneira virtual. &#8220;De &#8230; <a title=\"Zelensky participar\u00e1 da c\u00fapula do G20 de maneira virtual, diz porta-voz\" class=\"read-more\" href=\"https:\/\/pre.efe.com\/pt-br\/mundo-2\/2022-11-08\/zelensky-participara-da-cupula-do-g20-de-maneira-virtual-diz-porta-voz\/\" aria-label=\"Read more about Zelensky participar\u00e1 da c\u00fapula do G20 de maneira virtual, diz porta-voz\">Leia mais<\/a><\/p>\n","protected":false},"author":198164106,"featured_media":85971,"comment_status":"closed","ping_status":"closed","sticky":false,"template":"","format":"standard","meta":{"_acf_changed":false,"_jetpack_memberships_contains_paid_content":false,"footnotes":""},"categories":[123208,122141],"tags":[123239,125587,122791,122958,122792],"class_list":["post-161876","post","type-post","status-publish","format-standard","has-post-thumbnail","hentry","category-mundo-2","category-portada","tag-economia-2","tag-g20","tag-guerra-2","tag-russia-2","tag-ucrania-2","generate-columns","tablet-grid-50","mobile-grid-100","grid-parent","grid-50"],"acf":[],"yoast_head":"<!-- This site is optimized with the Yoast SEO Premium plugin v26.0 (Yoast SEO v27.5) - https:\/\/yoast.com\/product\/yoast-seo-premium-wordpress\/ -->\n<title>Zelensky participar\u00e1 da c\u00fapula do G20 de maneira virtual<\/title>\n<meta name=\"description\" content=\"O presidente da Ucr\u00e2nia, Volodymyr Zelensky, participar\u00e1 do encontro de c\u00fapula do G20, na Indon\u00e9sia, de maneira virtual.\" \/>\n<meta name=\"robots\" content=\"noindex, follow\" \/>\n<meta property=\"og:locale\" content=\"pt_BR\" \/>\n<meta property=\"og:type\" content=\"article\" \/>\n<meta property=\"og:title\" content=\"Zelensky participar\u00e1 da c\u00fapula do G20 de maneira virtual, diz porta-voz - EFE\" \/>\n<meta property=\"og:description\" content=\"O presidente da Ucr\u00e2nia, Volodymyr Zelensky, participar\u00e1 do encontro de c\u00fapula do G20, na Indon\u00e9sia, de maneira virtual.\" \/>\n<meta property=\"og:url\" content=\"https:\/\/pre.efe.com\/pt-br\/mundo-2\/2022-11-08\/zelensky-participara-da-cupula-do-g20-de-maneira-virtual-diz-porta-voz\/\" \/>\n<meta property=\"og:site_name\" content=\"EFE Noticias\" \/>\n<meta property=\"article:publisher\" content=\"https:\/\/www.facebook.com\/AgenciaEFEnoticias\/\" \/>\n<meta property=\"article:published_time\" content=\"2022-11-08T17:53:42+00:00\" \/>\n<meta property=\"article:modified_time\" content=\"2022-11-08T17:53:45+00:00\" \/>\n<meta property=\"og:image\" content=\"https:\/\/i0.wp.com\/efe.com\/\/srv\/htdocs\/wp-content\/uploads\/2022\/09\/zelenskyy.jpeg?fit=900%2C633&ssl=1\" \/>\n\t<meta property=\"og:image:width\" content=\"900\" \/>\n\t<meta property=\"og:image:height\" content=\"633\" \/>\n\t<meta property=\"og:image:type\" content=\"image\/jpeg\" \/>\n<meta name=\"author\" content=\"anachain\" \/>\n<meta name=\"twitter:card\" content=\"summary_large_image\" \/>\n<meta name=\"twitter:creator\" content=\"@efenoticias\" \/>\n<meta name=\"twitter:site\" content=\"@efenoticias\" \/>\n<script type=\"application\/ld+json\" class=\"yoast-schema-graph\">{\"@context\":\"https:\\\/\\\/schema.org\",\"@graph\":[{\"@type\":\"NewsArticle\",\"@id\":\"https:\\\/\\\/pre.efe.com\\\/pt-br\\\/mundo-2\\\/2022-11-08\\\/zelensky-participara-da-cupula-do-g20-de-maneira-virtual-diz-porta-voz\\\/#article\",\"isPartOf\":{\"@id\":\"https:\\\/\\\/pre.efe.com\\\/pt-br\\\/mundo-2\\\/2022-11-08\\\/zelensky-participara-da-cupula-do-g20-de-maneira-virtual-diz-porta-voz\\\/\"},\"author\":{\"name\":\"anachain\",\"@id\":\"https:\\\/\\\/pre.efe.com\\\/pt-br\\\/#\\\/schema\\\/person\\\/b19f23f210db552768f68a4b552b004f\"},\"headline\":\"Zelensky participar\u00e1 da c\u00fapula do G20 de maneira virtual, diz porta-voz\",\"datePublished\":\"2022-11-08T17:53:42+00:00\",\"dateModified\":\"2022-11-08T17:53:45+00:00\",\"mainEntityOfPage\":{\"@id\":\"https:\\\/\\\/pre.efe.com\\\/pt-br\\\/mundo-2\\\/2022-11-08\\\/zelensky-participara-da-cupula-do-g20-de-maneira-virtual-diz-porta-voz\\\/\"},\"wordCount\":230,\"publisher\":{\"@id\":\"https:\\\/\\\/pre.efe.com\\\/pt-br\\\/#organization\"},\"image\":{\"@id\":\"https:\\\/\\\/pre.efe.com\\\/pt-br\\\/mundo-2\\\/2022-11-08\\\/zelensky-participara-da-cupula-do-g20-de-maneira-virtual-diz-porta-voz\\\/#primaryimage\"},\"thumbnailUrl\":\"https:\\\/\\\/pre.efe.com\\\/wp-content\\\/uploads\\\/2022\\\/09\\\/zelenskyy.jpeg\",\"keywords\":[\"Economia\",\"G20\",\"Guerra\",\"Russia\",\"Ucrania\"],\"articleSection\":[\"Mundo\",\"Portada\"],\"inLanguage\":\"pt-BR\",\"copyrightYear\":\"2022\",\"copyrightHolder\":{\"@id\":\"https:\\\/\\\/pre.efe.com\\\/#organization\"}},{\"@type\":[\"WebPage\",\"ItemPage\"],\"@id\":\"https:\\\/\\\/pre.efe.com\\\/pt-br\\\/mundo-2\\\/2022-11-08\\\/zelensky-participara-da-cupula-do-g20-de-maneira-virtual-diz-porta-voz\\\/\",\"url\":\"https:\\\/\\\/pre.efe.com\\\/pt-br\\\/mundo-2\\\/2022-11-08\\\/zelensky-participara-da-cupula-do-g20-de-maneira-virtual-diz-porta-voz\\\/\",\"name\":\"Zelensky participar\u00e1 da c\u00fapula do G20 de maneira virtual\",\"isPartOf\":{\"@id\":\"https:\\\/\\\/pre.efe.com\\\/pt-br\\\/#website\"},\"primaryImageOfPage\":{\"@id\":\"https:\\\/\\\/pre.efe.com\\\/pt-br\\\/mundo-2\\\/2022-11-08\\\/zelensky-participara-da-cupula-do-g20-de-maneira-virtual-diz-porta-voz\\\/#primaryimage\"},\"image\":{\"@id\":\"https:\\\/\\\/pre.efe.com\\\/pt-br\\\/mundo-2\\\/2022-11-08\\\/zelensky-participara-da-cupula-do-g20-de-maneira-virtual-diz-porta-voz\\\/#primaryimage\"},\"thumbnailUrl\":\"https:\\\/\\\/pre.efe.com\\\/wp-content\\\/uploads\\\/2022\\\/09\\\/zelenskyy.jpeg\",\"datePublished\":\"2022-11-08T17:53:42+00:00\",\"dateModified\":\"2022-11-08T17:53:45+00:00\",\"description\":\"O presidente da Ucr\u00e2nia, Volodymyr Zelensky, participar\u00e1 do encontro de c\u00fapula do G20, na Indon\u00e9sia, de maneira virtual.\",\"breadcrumb\":{\"@id\":\"https:\\\/\\\/pre.efe.com\\\/pt-br\\\/mundo-2\\\/2022-11-08\\\/zelensky-participara-da-cupula-do-g20-de-maneira-virtual-diz-porta-voz\\\/#breadcrumb\"},\"inLanguage\":\"pt-BR\",\"potentialAction\":[{\"@type\":\"ReadAction\",\"target\":[\"https:\\\/\\\/pre.efe.com\\\/pt-br\\\/mundo-2\\\/2022-11-08\\\/zelensky-participara-da-cupula-do-g20-de-maneira-virtual-diz-porta-voz\\\/\"]}]},{\"@type\":\"ImageObject\",\"inLanguage\":\"pt-BR\",\"@id\":\"https:\\\/\\\/pre.efe.com\\\/pt-br\\\/mundo-2\\\/2022-11-08\\\/zelensky-participara-da-cupula-do-g20-de-maneira-virtual-diz-porta-voz\\\/#primaryimage\",\"url\":\"https:\\\/\\\/pre.efe.com\\\/wp-content\\\/uploads\\\/2022\\\/09\\\/zelenskyy.jpeg\",\"contentUrl\":\"https:\\\/\\\/pre.efe.com\\\/wp-content\\\/uploads\\\/2022\\\/09\\\/zelenskyy.jpeg\",\"width\":900,\"height\":633,\"caption\":\"O presidente da Ucr\u00e2nia, Volodymyr Zelensky. EFE\\\/Arquivo\\\/Peter Foley\"},{\"@type\":\"BreadcrumbList\",\"@id\":\"https:\\\/\\\/pre.efe.com\\\/pt-br\\\/mundo-2\\\/2022-11-08\\\/zelensky-participara-da-cupula-do-g20-de-maneira-virtual-diz-porta-voz\\\/#breadcrumb\",\"itemListElement\":[{\"@type\":\"ListItem\",\"position\":1,\"name\":\"Portada\",\"item\":\"https:\\\/\\\/pre.efe.com\\\/pt-br\\\/\"},{\"@type\":\"ListItem\",\"position\":2,\"name\":\"Zelensky participar\u00e1 da c\u00fapula do G20 de maneira virtual, diz porta-voz\"}]},{\"@type\":\"WebSite\",\"@id\":\"https:\\\/\\\/pre.efe.com\\\/pt-br\\\/#website\",\"url\":\"https:\\\/\\\/pre.efe.com\\\/pt-br\\\/\",\"name\":\"EFE Noticias\",\"description\":\"\",\"publisher\":{\"@id\":\"https:\\\/\\\/pre.efe.com\\\/pt-br\\\/#organization\"},\"potentialAction\":[{\"@type\":\"SearchAction\",\"target\":{\"@type\":\"EntryPoint\",\"urlTemplate\":\"https:\\\/\\\/pre.efe.com\\\/pt-br\\\/?s={search_term_string}\"},\"query-input\":{\"@type\":\"PropertyValueSpecification\",\"valueRequired\":true,\"valueName\":\"search_term_string\"}}],\"inLanguage\":\"pt-BR\"},{\"@type\":\"Organization\",\"@id\":\"https:\\\/\\\/pre.efe.com\\\/pt-br\\\/#organization\",\"name\":\"Agencia EFE\",\"url\":\"https:\\\/\\\/pre.efe.com\\\/pt-br\\\/\",\"logo\":{\"@type\":\"ImageObject\",\"inLanguage\":\"pt-BR\",\"@id\":\"https:\\\/\\\/pre.efe.com\\\/pt-br\\\/#\\\/schema\\\/logo\\\/image\\\/\",\"url\":\"https:\\\/\\\/pre.efe.com\\\/wp-content\\\/uploads\\\/2023\\\/06\\\/logo-efe-467.png\",\"contentUrl\":\"https:\\\/\\\/pre.efe.com\\\/wp-content\\\/uploads\\\/2023\\\/06\\\/logo-efe-467.png\",\"width\":467,\"height\":467,\"caption\":\"Agencia EFE\"},\"image\":{\"@id\":\"https:\\\/\\\/pre.efe.com\\\/pt-br\\\/#\\\/schema\\\/logo\\\/image\\\/\"},\"sameAs\":[\"https:\\\/\\\/www.facebook.com\\\/AgenciaEFEnoticias\\\/\",\"https:\\\/\\\/x.com\\\/efenoticias\",\"https:\\\/\\\/www.instagram.com\\\/efe_noticias\\\/\",\"http:\\\/\\\/www.youtube.com\\\/efe\"]},{\"@type\":\"Person\",\"@id\":\"https:\\\/\\\/pre.efe.com\\\/pt-br\\\/#\\\/schema\\\/person\\\/b19f23f210db552768f68a4b552b004f\",\"name\":\"anachain\",\"image\":{\"@type\":\"ImageObject\",\"inLanguage\":\"pt-BR\",\"@id\":\"https:\\\/\\\/secure.gravatar.com\\\/avatar\\\/30b83965911ef1108bb893c00bdd65c885f9890e1265ee04b02c3d5adc785d37?s=96&d=identicon&r=g\",\"url\":\"https:\\\/\\\/secure.gravatar.com\\\/avatar\\\/30b83965911ef1108bb893c00bdd65c885f9890e1265ee04b02c3d5adc785d37?s=96&d=identicon&r=g\",\"contentUrl\":\"https:\\\/\\\/secure.gravatar.com\\\/avatar\\\/30b83965911ef1108bb893c00bdd65c885f9890e1265ee04b02c3d5adc785d37?s=96&d=identicon&r=g\",\"caption\":\"anachain\"},\"url\":\"https:\\\/\\\/pre.efe.com\\\/pt-br\\\/autor\\\/anachain\\\/\"}]}<\/script>\n<!-- \/ Yoast SEO Premium plugin. -->","yoast_head_json":{"title":"Zelensky participar\u00e1 da c\u00fapula do G20 de maneira virtual","description":"O presidente da Ucr\u00e2nia, Volodymyr Zelensky, participar\u00e1 do encontro de c\u00fapula do G20, na Indon\u00e9sia, de maneira virtual.","robots":{"index":"noindex","follow":"follow"},"og_locale":"pt_BR","og_type":"article","og_title":"Zelensky participar\u00e1 da c\u00fapula do G20 de maneira virtual, diz porta-voz - EFE","og_description":"O presidente da Ucr\u00e2nia, Volodymyr Zelensky, participar\u00e1 do encontro de c\u00fapula do G20, na Indon\u00e9sia, de maneira virtual.","og_url":"https:\/\/pre.efe.com\/pt-br\/mundo-2\/2022-11-08\/zelensky-participara-da-cupula-do-g20-de-maneira-virtual-diz-porta-voz\/","og_site_name":"EFE Noticias","article_publisher":"https:\/\/www.facebook.com\/AgenciaEFEnoticias\/","article_published_time":"2022-11-08T17:53:42+00:00","article_modified_time":"2022-11-08T17:53:45+00:00","og_image":[{"width":900,"height":633,"url":"https:\/\/i0.wp.com\/efe.com\/\/srv\/htdocs\/wp-content\/uploads\/2022\/09\/zelenskyy.jpeg?fit=900%2C633&ssl=1","type":"image\/jpeg"}],"author":"anachain","twitter_card":"summary_large_image","twitter_creator":"@efenoticias","twitter_site":"@efenoticias","schema":{"@context":"https:\/\/schema.org","@graph":[{"@type":"NewsArticle","@id":"https:\/\/pre.efe.com\/pt-br\/mundo-2\/2022-11-08\/zelensky-participara-da-cupula-do-g20-de-maneira-virtual-diz-porta-voz\/#article","isPartOf":{"@id":"https:\/\/pre.efe.com\/pt-br\/mundo-2\/2022-11-08\/zelensky-participara-da-cupula-do-g20-de-maneira-virtual-diz-porta-voz\/"},"author":{"name":"anachain","@id":"https:\/\/pre.efe.com\/pt-br\/#\/schema\/person\/b19f23f210db552768f68a4b552b004f"},"headline":"Zelensky participar\u00e1 da c\u00fapula do G20 de maneira virtual, diz porta-voz","datePublished":"2022-11-08T17:53:42+00:00","dateModified":"2022-11-08T17:53:45+00:00","mainEntityOfPage":{"@id":"https:\/\/pre.efe.com\/pt-br\/mundo-2\/2022-11-08\/zelensky-participara-da-cupula-do-g20-de-maneira-virtual-diz-porta-voz\/"},"wordCount":230,"publisher":{"@id":"https:\/\/pre.efe.com\/pt-br\/#organization"},"image":{"@id":"https:\/\/pre.efe.com\/pt-br\/mundo-2\/2022-11-08\/zelensky-participara-da-cupula-do-g20-de-maneira-virtual-diz-porta-voz\/#primaryimage"},"thumbnailUrl":"https:\/\/pre.efe.com\/wp-content\/uploads\/2022\/09\/zelenskyy.jpeg","keywords":["Economia","G20","Guerra","Russia","Ucrania"],"articleSection":["Mundo","Portada"],"inLanguage":"pt-BR","copyrightYear":"2022","copyrightHolder":{"@id":"https:\/\/pre.efe.com\/#organization"}},{"@type":["WebPage","ItemPage"],"@id":"https:\/\/pre.efe.com\/pt-br\/mundo-2\/2022-11-08\/zelensky-participara-da-cupula-do-g20-de-maneira-virtual-diz-porta-voz\/","url":"https:\/\/pre.efe.com\/pt-br\/mundo-2\/2022-11-08\/zelensky-participara-da-cupula-do-g20-de-maneira-virtual-diz-porta-voz\/","name":"Zelensky participar\u00e1 da c\u00fapula do G20 de maneira virtual","isPartOf":{"@id":"https:\/\/pre.efe.com\/pt-br\/#website"},"primaryImageOfPage":{"@id":"https:\/\/pre.efe.com\/pt-br\/mundo-2\/2022-11-08\/zelensky-participara-da-cupula-do-g20-de-maneira-virtual-diz-porta-voz\/#primaryimage"},"image":{"@id":"https:\/\/pre.efe.com\/pt-br\/mundo-2\/2022-11-08\/zelensky-participara-da-cupula-do-g20-de-maneira-virtual-diz-porta-voz\/#primaryimage"},"thumbnailUrl":"https:\/\/pre.efe.com\/wp-content\/uploads\/2022\/09\/zelenskyy.jpeg","datePublished":"2022-11-08T17:53:42+00:00","dateModified":"2022-11-08T17:53:45+00:00","description":"O presidente da Ucr\u00e2nia, Volodymyr Zelensky, participar\u00e1 do encontro de c\u00fapula do G20, na Indon\u00e9sia, de maneira virtual.","breadcrumb":{"@id":"https:\/\/pre.efe.com\/pt-br\/mundo-2\/2022-11-08\/zelensky-participara-da-cupula-do-g20-de-maneira-virtual-diz-porta-voz\/#breadcrumb"},"inLanguage":"pt-BR","potentialAction":[{"@type":"ReadAction","target":["https:\/\/pre.efe.com\/pt-br\/mundo-2\/2022-11-08\/zelensky-participara-da-cupula-do-g20-de-maneira-virtual-diz-porta-voz\/"]}]},{"@type":"ImageObject","inLanguage":"pt-BR","@id":"https:\/\/pre.efe.com\/pt-br\/mundo-2\/2022-11-08\/zelensky-participara-da-cupula-do-g20-de-maneira-virtual-diz-porta-voz\/#primaryimage","url":"https:\/\/pre.efe.com\/wp-content\/uploads\/2022\/09\/zelenskyy.jpeg","contentUrl":"https:\/\/pre.efe.com\/wp-content\/uploads\/2022\/09\/zelenskyy.jpeg","width":900,"height":633,"caption":"O presidente da Ucr\u00e2nia, Volodymyr Zelensky. EFE\/Arquivo\/Peter Foley"},{"@type":"BreadcrumbList","@id":"https:\/\/pre.efe.com\/pt-br\/mundo-2\/2022-11-08\/zelensky-participara-da-cupula-do-g20-de-maneira-virtual-diz-porta-voz\/#breadcrumb","itemListElement":[{"@type":"ListItem","position":1,"name":"Portada","item":"https:\/\/pre.efe.com\/pt-br\/"},{"@type":"ListItem","position":2,"name":"Zelensky participar\u00e1 da c\u00fapula do G20 de maneira virtual, diz porta-voz"}]},{"@type":"WebSite","@id":"https:\/\/pre.efe.com\/pt-br\/#website","url":"https:\/\/pre.efe.com\/pt-br\/","name":"EFE Noticias","description":"","publisher":{"@id":"https:\/\/pre.efe.com\/pt-br\/#organization"},"potentialAction":[{"@type":"SearchAction","target":{"@type":"EntryPoint","urlTemplate":"https:\/\/pre.efe.com\/pt-br\/?s={search_term_string}"},"query-input":{"@type":"PropertyValueSpecification","valueRequired":true,"valueName":"search_term_string"}}],"inLanguage":"pt-BR"},{"@type":"Organization","@id":"https:\/\/pre.efe.com\/pt-br\/#organization","name":"Agencia EFE","url":"https:\/\/pre.efe.com\/pt-br\/","logo":{"@type":"ImageObject","inLanguage":"pt-BR","@id":"https:\/\/pre.efe.com\/pt-br\/#\/schema\/logo\/image\/","url":"https:\/\/pre.efe.com\/wp-content\/uploads\/2023\/06\/logo-efe-467.png","contentUrl":"https:\/\/pre.efe.com\/wp-content\/uploads\/2023\/06\/logo-efe-467.png","width":467,"height":467,"caption":"Agencia EFE"},"image":{"@id":"https:\/\/pre.efe.com\/pt-br\/#\/schema\/logo\/image\/"},"sameAs":["https:\/\/www.facebook.com\/AgenciaEFEnoticias\/","https:\/\/x.com\/efenoticias","https:\/\/www.instagram.com\/efe_noticias\/","http:\/\/www.youtube.com\/efe"]},{"@type":"Person","@id":"https:\/\/pre.efe.com\/pt-br\/#\/schema\/person\/b19f23f210db552768f68a4b552b004f","name":"anachain","image":{"@type":"ImageObject","inLanguage":"pt-BR","@id":"https:\/\/secure.gravatar.com\/avatar\/30b83965911ef1108bb893c00bdd65c885f9890e1265ee04b02c3d5adc785d37?s=96&d=identicon&r=g","url":"https:\/\/secure.gravatar.com\/avatar\/30b83965911ef1108bb893c00bdd65c885f9890e1265ee04b02c3d5adc785d37?s=96&d=identicon&r=g","contentUrl":"https:\/\/secure.gravatar.com\/avatar\/30b83965911ef1108bb893c00bdd65c885f9890e1265ee04b02c3d5adc785d37?s=96&d=identicon&r=g","caption":"anachain"},"url":"https:\/\/pre.efe.com\/pt-br\/autor\/anachain\/"}]}},"jetpack_featured_media_url":"https:\/\/pre.efe.com\/wp-content\/uploads\/2022\/09\/zelenskyy.jpeg","jetpack_shortlink":"https:\/\/wp.me\/peJvHm-G6U","jetpack_sharing_enabled":true,"_links":{"self":[{"href":"https:\/\/pre.efe.com\/pt-br\/wp-json\/wp\/v2\/posts\/161876","targetHints":{"allow":["GET"]}}],"collection":[{"href":"https:\/\/pre.efe.com\/pt-br\/wp-json\/wp\/v2\/posts"}],"about":[{"href":"https:\/\/pre.efe.com\/pt-br\/wp-json\/wp\/v2\/types\/post"}],"author":[{"embeddable":true,"href":"https:\/\/pre.efe.com\/pt-br\/wp-json\/wp\/v2\/users\/198164106"}],"replies":[{"embeddable":true,"href":"https:\/\/pre.efe.com\/pt-br\/wp-json\/wp\/v2\/comments?post=161876"}],"version-history":[{"count":2,"href":"https:\/\/pre.efe.com\/pt-br\/wp-json\/wp\/v2\/posts\/161876\/revisions"}],"predecessor-version":[{"id":161878,"href":"https:\/\/pre.efe.com\/pt-br\/wp-json\/wp\/v2\/posts\/161876\/revisions\/161878"}],"wp:featuredmedia":[{"embeddable":true,"href":"https:\/\/pre.efe.com\/pt-br\/wp-json\/wp\/v2\/media\/85971"}],"wp:attachment":[{"href":"https:\/\/pre.efe.com\/pt-br\/wp-json\/wp\/v2\/media?parent=161876"}],"wp:term":[{"taxonomy":"category","embeddable":true,"href":"https:\/\/pre.efe.com\/pt-br\/wp-json\/wp\/v2\/categories?post=161876"},{"taxonomy":"post_tag","embeddable":true,"href":"https:\/\/pre.efe.com\/pt-br\/wp-json\/wp\/v2\/tags?post=161876"}],"curies":[{"name":"wp","href":"https:\/\/api.w.org\/{rel}","templated":true}]}}