{"id":1622404,"date":"2025-01-23T20:00:10","date_gmt":"2025-01-23T19:00:10","guid":{"rendered":"https:\/\/pre.efe.com\/?p=1622404"},"modified":"2025-01-23T20:00:13","modified_gmt":"2025-01-23T19:00:13","slug":"fernanda-torres-e-indicada-ao-oscar-de-melhor-atriz","status":"publish","type":"post","link":"https:\/\/pre.efe.com\/pt-br\/brasil\/fernanda-torres-e-indicada-ao-oscar-de-melhor-atriz\/","title":{"rendered":"Fernanda Torres \u00e9 indicada ao Oscar de Melhor Atriz"},"content":{"rendered":"\n<p>Los Angeles (EFE).- Fernanda Torres foi indicada ao Oscar de Melhor Atriz por sua atua\u00e7\u00e3o no filme \u201cAinda Estou Aqui\u201d, segundo anunciou nesta quinta-feira a Academia de Cinema de Hollywood.<\/p>\n\n\n\n<p>A brasileira disputar\u00e1 a estatueta com Demi Moore, Mikey Madison, Cynthia Erivo e a espanhola Karla Sofia Gasc\u00f3n, a primeira atriz trans da hist\u00f3ria a receber uma indica\u00e7\u00e3o ao Oscar.<\/p>\n\n\n\n<p>A indica\u00e7\u00e3o de Fernanda j\u00e1 era esperada e foi impulsionada pela vit\u00f3ria no Globo de Ouro 2025 na categoria de Melhor Atriz de Drama.<\/p>\n\n\n\n<p>No filme dirigido por Walter Salles, Fernanda Torres protagoniza a hist\u00f3ria de Eunice Paiva, uma m\u00e3e for\u00e7ada a se reinventar quando a vida de sua fam\u00edlia \u00e9 destru\u00edda por um ato de viol\u00eancia arbitr\u00e1ria da ditadura militar na d\u00e9cada de 1970.<\/p>\n\n\n\n<p>A atriz \u00e9 a segunda a concorrer nessa categoria por um filme em l\u00edngua portuguesa. A primeira foi justamente sua m\u00e3e, Fernanda Montenegro, em 1999, por &#8220;Central do Brasil&#8221;, tamb\u00e9m dirigido por Salles.<\/p>\n\n\n\n<p>A cerim\u00f4nia do Oscar est\u00e1 marcada para o dia 2 de mar\u00e7o e ser\u00e1 exibida no Brasil a partir das 21h (hor\u00e1rio de Bras\u00edlia). EFE<\/p>\n","protected":false},"excerpt":{"rendered":"<p>Los Angeles (EFE).- Fernanda Torres foi indicada ao Oscar de Melhor Atriz por sua atua\u00e7\u00e3o no filme \u201cAinda Estou Aqui\u201d, segundo anunciou nesta quinta-feira a Academia de Cinema de Hollywood. A brasileira disputar\u00e1 a estatueta com Demi Moore, Mikey Madison, Cynthia Erivo e a espanhola Karla Sofia Gasc\u00f3n, a primeira atriz trans da hist\u00f3ria a &#8230; <a title=\"Fernanda Torres \u00e9 indicada ao Oscar de Melhor Atriz\" class=\"read-more\" href=\"https:\/\/pre.efe.com\/pt-br\/brasil\/fernanda-torres-e-indicada-ao-oscar-de-melhor-atriz\/\" aria-label=\"Read more about Fernanda Torres \u00e9 indicada ao Oscar de Melhor Atriz\">Leia mais<\/a><\/p>\n","protected":false},"author":198164106,"featured_media":1621780,"comment_status":"closed","ping_status":"closed","sticky":false,"template":"","format":"standard","meta":{"_acf_changed":false,"_jetpack_memberships_contains_paid_content":false,"footnotes":""},"categories":[123513,121971,122141],"tags":[125591,123764],"class_list":["post-1622404","post","type-post","status-publish","format-standard","has-post-thumbnail","hentry","category-brasil","category-cultura-pt","category-portada","tag-brasil-2","tag-cinema","generate-columns","tablet-grid-50","mobile-grid-100","grid-parent","grid-50"],"acf":[],"yoast_head":"<!-- This site is optimized with the Yoast SEO Premium plugin v26.0 (Yoast SEO v27.5) - https:\/\/yoast.com\/product\/yoast-seo-premium-wordpress\/ -->\n<title>Fernanda Torres \u00e9 indicada ao Oscar de Melhor Atriz - EFE<\/title>\n<meta name=\"robots\" content=\"noindex, follow\" \/>\n<meta property=\"og:locale\" content=\"pt_BR\" \/>\n<meta property=\"og:type\" content=\"article\" \/>\n<meta property=\"og:title\" content=\"Fernanda Torres \u00e9 indicada ao Oscar de Melhor Atriz - EFE\" \/>\n<meta property=\"og:description\" content=\"Los Angeles (EFE).- Fernanda Torres foi indicada ao Oscar de Melhor Atriz por sua atua\u00e7\u00e3o no filme \u201cAinda Estou Aqui\u201d, segundo anunciou nesta quinta-feira a Academia de Cinema de Hollywood. A brasileira disputar\u00e1 a estatueta com Demi Moore, Mikey Madison, Cynthia Erivo e a espanhola Karla Sofia Gasc\u00f3n, a primeira atriz trans da hist\u00f3ria a ... Leia mais\" \/>\n<meta property=\"og:url\" content=\"https:\/\/pre.efe.com\/pt-br\/brasil\/fernanda-torres-e-indicada-ao-oscar-de-melhor-atriz\/\" \/>\n<meta property=\"og:site_name\" content=\"EFE Noticias\" \/>\n<meta property=\"article:publisher\" content=\"https:\/\/www.facebook.com\/AgenciaEFEnoticias\/\" \/>\n<meta property=\"article:published_time\" content=\"2025-01-23T19:00:10+00:00\" \/>\n<meta property=\"article:modified_time\" content=\"2025-01-23T19:00:13+00:00\" \/>\n<meta property=\"og:image\" content=\"https:\/\/i0.wp.com\/efe.com\/\/srv\/htdocs\/wp-content\/uploads\/2025\/01\/fernanda-oscar-brasil.jpg?fit=900%2C599&ssl=1\" \/>\n\t<meta property=\"og:image:width\" content=\"900\" \/>\n\t<meta property=\"og:image:height\" content=\"599\" \/>\n\t<meta property=\"og:image:type\" content=\"image\/jpeg\" \/>\n<meta name=\"author\" content=\"anachain\" \/>\n<meta name=\"twitter:card\" content=\"summary_large_image\" \/>\n<meta name=\"twitter:creator\" content=\"@efenoticias\" \/>\n<meta name=\"twitter:site\" content=\"@efenoticias\" \/>\n<script type=\"application\/ld+json\" class=\"yoast-schema-graph\">{\"@context\":\"https:\\\/\\\/schema.org\",\"@graph\":[{\"@type\":\"NewsArticle\",\"@id\":\"https:\\\/\\\/pre.efe.com\\\/pt-br\\\/brasil\\\/fernanda-torres-e-indicada-ao-oscar-de-melhor-atriz\\\/#article\",\"isPartOf\":{\"@id\":\"https:\\\/\\\/pre.efe.com\\\/pt-br\\\/brasil\\\/fernanda-torres-e-indicada-ao-oscar-de-melhor-atriz\\\/\"},\"author\":{\"name\":\"anachain\",\"@id\":\"https:\\\/\\\/pre.efe.com\\\/pt-br\\\/#\\\/schema\\\/person\\\/b19f23f210db552768f68a4b552b004f\"},\"headline\":\"Fernanda Torres \u00e9 indicada ao Oscar de Melhor Atriz\",\"datePublished\":\"2025-01-23T19:00:10+00:00\",\"dateModified\":\"2025-01-23T19:00:13+00:00\",\"mainEntityOfPage\":{\"@id\":\"https:\\\/\\\/pre.efe.com\\\/pt-br\\\/brasil\\\/fernanda-torres-e-indicada-ao-oscar-de-melhor-atriz\\\/\"},\"wordCount\":207,\"publisher\":{\"@id\":\"https:\\\/\\\/pre.efe.com\\\/pt-br\\\/#organization\"},\"image\":{\"@id\":\"https:\\\/\\\/pre.efe.com\\\/pt-br\\\/brasil\\\/fernanda-torres-e-indicada-ao-oscar-de-melhor-atriz\\\/#primaryimage\"},\"thumbnailUrl\":\"https:\\\/\\\/pre.efe.com\\\/wp-content\\\/uploads\\\/2025\\\/01\\\/fernanda-oscar-brasil.jpg\",\"keywords\":[\"Brasil\",\"Cinema\"],\"articleSection\":[\"Brasil\",\"Cultura\",\"Portada\"],\"inLanguage\":\"pt-BR\",\"copyrightYear\":\"2025\",\"copyrightHolder\":{\"@id\":\"https:\\\/\\\/pre.efe.com\\\/#organization\"}},{\"@type\":[\"WebPage\",\"ItemPage\"],\"@id\":\"https:\\\/\\\/pre.efe.com\\\/pt-br\\\/brasil\\\/fernanda-torres-e-indicada-ao-oscar-de-melhor-atriz\\\/\",\"url\":\"https:\\\/\\\/pre.efe.com\\\/pt-br\\\/brasil\\\/fernanda-torres-e-indicada-ao-oscar-de-melhor-atriz\\\/\",\"name\":\"Fernanda Torres \u00e9 indicada ao Oscar de Melhor Atriz - EFE\",\"isPartOf\":{\"@id\":\"https:\\\/\\\/pre.efe.com\\\/pt-br\\\/#website\"},\"primaryImageOfPage\":{\"@id\":\"https:\\\/\\\/pre.efe.com\\\/pt-br\\\/brasil\\\/fernanda-torres-e-indicada-ao-oscar-de-melhor-atriz\\\/#primaryimage\"},\"image\":{\"@id\":\"https:\\\/\\\/pre.efe.com\\\/pt-br\\\/brasil\\\/fernanda-torres-e-indicada-ao-oscar-de-melhor-atriz\\\/#primaryimage\"},\"thumbnailUrl\":\"https:\\\/\\\/pre.efe.com\\\/wp-content\\\/uploads\\\/2025\\\/01\\\/fernanda-oscar-brasil.jpg\",\"datePublished\":\"2025-01-23T19:00:10+00:00\",\"dateModified\":\"2025-01-23T19:00:13+00:00\",\"breadcrumb\":{\"@id\":\"https:\\\/\\\/pre.efe.com\\\/pt-br\\\/brasil\\\/fernanda-torres-e-indicada-ao-oscar-de-melhor-atriz\\\/#breadcrumb\"},\"inLanguage\":\"pt-BR\",\"potentialAction\":[{\"@type\":\"ReadAction\",\"target\":[\"https:\\\/\\\/pre.efe.com\\\/pt-br\\\/brasil\\\/fernanda-torres-e-indicada-ao-oscar-de-melhor-atriz\\\/\"]}]},{\"@type\":\"ImageObject\",\"inLanguage\":\"pt-BR\",\"@id\":\"https:\\\/\\\/pre.efe.com\\\/pt-br\\\/brasil\\\/fernanda-torres-e-indicada-ao-oscar-de-melhor-atriz\\\/#primaryimage\",\"url\":\"https:\\\/\\\/pre.efe.com\\\/wp-content\\\/uploads\\\/2025\\\/01\\\/fernanda-oscar-brasil.jpg\",\"contentUrl\":\"https:\\\/\\\/pre.efe.com\\\/wp-content\\\/uploads\\\/2025\\\/01\\\/fernanda-oscar-brasil.jpg\",\"width\":900,\"height\":599,\"caption\":\"EFE\\\/Arquivo\\\/CAROLINE BREHMAN\"},{\"@type\":\"BreadcrumbList\",\"@id\":\"https:\\\/\\\/pre.efe.com\\\/pt-br\\\/brasil\\\/fernanda-torres-e-indicada-ao-oscar-de-melhor-atriz\\\/#breadcrumb\",\"itemListElement\":[{\"@type\":\"ListItem\",\"position\":1,\"name\":\"Portada\",\"item\":\"https:\\\/\\\/pre.efe.com\\\/pt-br\\\/\"},{\"@type\":\"ListItem\",\"position\":2,\"name\":\"Fernanda Torres \u00e9 indicada ao Oscar de Melhor Atriz\"}]},{\"@type\":\"WebSite\",\"@id\":\"https:\\\/\\\/pre.efe.com\\\/pt-br\\\/#website\",\"url\":\"https:\\\/\\\/pre.efe.com\\\/pt-br\\\/\",\"name\":\"EFE Noticias\",\"description\":\"\",\"publisher\":{\"@id\":\"https:\\\/\\\/pre.efe.com\\\/pt-br\\\/#organization\"},\"potentialAction\":[{\"@type\":\"SearchAction\",\"target\":{\"@type\":\"EntryPoint\",\"urlTemplate\":\"https:\\\/\\\/pre.efe.com\\\/pt-br\\\/?s={search_term_string}\"},\"query-input\":{\"@type\":\"PropertyValueSpecification\",\"valueRequired\":true,\"valueName\":\"search_term_string\"}}],\"inLanguage\":\"pt-BR\"},{\"@type\":\"Organization\",\"@id\":\"https:\\\/\\\/pre.efe.com\\\/pt-br\\\/#organization\",\"name\":\"Agencia EFE\",\"url\":\"https:\\\/\\\/pre.efe.com\\\/pt-br\\\/\",\"logo\":{\"@type\":\"ImageObject\",\"inLanguage\":\"pt-BR\",\"@id\":\"https:\\\/\\\/pre.efe.com\\\/pt-br\\\/#\\\/schema\\\/logo\\\/image\\\/\",\"url\":\"https:\\\/\\\/pre.efe.com\\\/wp-content\\\/uploads\\\/2023\\\/06\\\/logo-efe-467.png\",\"contentUrl\":\"https:\\\/\\\/pre.efe.com\\\/wp-content\\\/uploads\\\/2023\\\/06\\\/logo-efe-467.png\",\"width\":467,\"height\":467,\"caption\":\"Agencia EFE\"},\"image\":{\"@id\":\"https:\\\/\\\/pre.efe.com\\\/pt-br\\\/#\\\/schema\\\/logo\\\/image\\\/\"},\"sameAs\":[\"https:\\\/\\\/www.facebook.com\\\/AgenciaEFEnoticias\\\/\",\"https:\\\/\\\/x.com\\\/efenoticias\",\"https:\\\/\\\/www.instagram.com\\\/efe_noticias\\\/\",\"http:\\\/\\\/www.youtube.com\\\/efe\"]},{\"@type\":\"Person\",\"@id\":\"https:\\\/\\\/pre.efe.com\\\/pt-br\\\/#\\\/schema\\\/person\\\/b19f23f210db552768f68a4b552b004f\",\"name\":\"anachain\",\"image\":{\"@type\":\"ImageObject\",\"inLanguage\":\"pt-BR\",\"@id\":\"https:\\\/\\\/secure.gravatar.com\\\/avatar\\\/30b83965911ef1108bb893c00bdd65c885f9890e1265ee04b02c3d5adc785d37?s=96&d=identicon&r=g\",\"url\":\"https:\\\/\\\/secure.gravatar.com\\\/avatar\\\/30b83965911ef1108bb893c00bdd65c885f9890e1265ee04b02c3d5adc785d37?s=96&d=identicon&r=g\",\"contentUrl\":\"https:\\\/\\\/secure.gravatar.com\\\/avatar\\\/30b83965911ef1108bb893c00bdd65c885f9890e1265ee04b02c3d5adc785d37?s=96&d=identicon&r=g\",\"caption\":\"anachain\"},\"url\":\"https:\\\/\\\/pre.efe.com\\\/pt-br\\\/autor\\\/anachain\\\/\"}]}<\/script>\n<!-- \/ Yoast SEO Premium plugin. -->","yoast_head_json":{"title":"Fernanda Torres \u00e9 indicada ao Oscar de Melhor Atriz - EFE","robots":{"index":"noindex","follow":"follow"},"og_locale":"pt_BR","og_type":"article","og_title":"Fernanda Torres \u00e9 indicada ao Oscar de Melhor Atriz - EFE","og_description":"Los Angeles (EFE).- Fernanda Torres foi indicada ao Oscar de Melhor Atriz por sua atua\u00e7\u00e3o no filme \u201cAinda Estou Aqui\u201d, segundo anunciou nesta quinta-feira a Academia de Cinema de Hollywood. A brasileira disputar\u00e1 a estatueta com Demi Moore, Mikey Madison, Cynthia Erivo e a espanhola Karla Sofia Gasc\u00f3n, a primeira atriz trans da hist\u00f3ria a ... Leia mais","og_url":"https:\/\/pre.efe.com\/pt-br\/brasil\/fernanda-torres-e-indicada-ao-oscar-de-melhor-atriz\/","og_site_name":"EFE Noticias","article_publisher":"https:\/\/www.facebook.com\/AgenciaEFEnoticias\/","article_published_time":"2025-01-23T19:00:10+00:00","article_modified_time":"2025-01-23T19:00:13+00:00","og_image":[{"width":900,"height":599,"url":"https:\/\/i0.wp.com\/efe.com\/\/srv\/htdocs\/wp-content\/uploads\/2025\/01\/fernanda-oscar-brasil.jpg?fit=900%2C599&ssl=1","type":"image\/jpeg"}],"author":"anachain","twitter_card":"summary_large_image","twitter_creator":"@efenoticias","twitter_site":"@efenoticias","schema":{"@context":"https:\/\/schema.org","@graph":[{"@type":"NewsArticle","@id":"https:\/\/pre.efe.com\/pt-br\/brasil\/fernanda-torres-e-indicada-ao-oscar-de-melhor-atriz\/#article","isPartOf":{"@id":"https:\/\/pre.efe.com\/pt-br\/brasil\/fernanda-torres-e-indicada-ao-oscar-de-melhor-atriz\/"},"author":{"name":"anachain","@id":"https:\/\/pre.efe.com\/pt-br\/#\/schema\/person\/b19f23f210db552768f68a4b552b004f"},"headline":"Fernanda Torres \u00e9 indicada ao Oscar de Melhor Atriz","datePublished":"2025-01-23T19:00:10+00:00","dateModified":"2025-01-23T19:00:13+00:00","mainEntityOfPage":{"@id":"https:\/\/pre.efe.com\/pt-br\/brasil\/fernanda-torres-e-indicada-ao-oscar-de-melhor-atriz\/"},"wordCount":207,"publisher":{"@id":"https:\/\/pre.efe.com\/pt-br\/#organization"},"image":{"@id":"https:\/\/pre.efe.com\/pt-br\/brasil\/fernanda-torres-e-indicada-ao-oscar-de-melhor-atriz\/#primaryimage"},"thumbnailUrl":"https:\/\/pre.efe.com\/wp-content\/uploads\/2025\/01\/fernanda-oscar-brasil.jpg","keywords":["Brasil","Cinema"],"articleSection":["Brasil","Cultura","Portada"],"inLanguage":"pt-BR","copyrightYear":"2025","copyrightHolder":{"@id":"https:\/\/pre.efe.com\/#organization"}},{"@type":["WebPage","ItemPage"],"@id":"https:\/\/pre.efe.com\/pt-br\/brasil\/fernanda-torres-e-indicada-ao-oscar-de-melhor-atriz\/","url":"https:\/\/pre.efe.com\/pt-br\/brasil\/fernanda-torres-e-indicada-ao-oscar-de-melhor-atriz\/","name":"Fernanda Torres \u00e9 indicada ao Oscar de Melhor Atriz - EFE","isPartOf":{"@id":"https:\/\/pre.efe.com\/pt-br\/#website"},"primaryImageOfPage":{"@id":"https:\/\/pre.efe.com\/pt-br\/brasil\/fernanda-torres-e-indicada-ao-oscar-de-melhor-atriz\/#primaryimage"},"image":{"@id":"https:\/\/pre.efe.com\/pt-br\/brasil\/fernanda-torres-e-indicada-ao-oscar-de-melhor-atriz\/#primaryimage"},"thumbnailUrl":"https:\/\/pre.efe.com\/wp-content\/uploads\/2025\/01\/fernanda-oscar-brasil.jpg","datePublished":"2025-01-23T19:00:10+00:00","dateModified":"2025-01-23T19:00:13+00:00","breadcrumb":{"@id":"https:\/\/pre.efe.com\/pt-br\/brasil\/fernanda-torres-e-indicada-ao-oscar-de-melhor-atriz\/#breadcrumb"},"inLanguage":"pt-BR","potentialAction":[{"@type":"ReadAction","target":["https:\/\/pre.efe.com\/pt-br\/brasil\/fernanda-torres-e-indicada-ao-oscar-de-melhor-atriz\/"]}]},{"@type":"ImageObject","inLanguage":"pt-BR","@id":"https:\/\/pre.efe.com\/pt-br\/brasil\/fernanda-torres-e-indicada-ao-oscar-de-melhor-atriz\/#primaryimage","url":"https:\/\/pre.efe.com\/wp-content\/uploads\/2025\/01\/fernanda-oscar-brasil.jpg","contentUrl":"https:\/\/pre.efe.com\/wp-content\/uploads\/2025\/01\/fernanda-oscar-brasil.jpg","width":900,"height":599,"caption":"EFE\/Arquivo\/CAROLINE BREHMAN"},{"@type":"BreadcrumbList","@id":"https:\/\/pre.efe.com\/pt-br\/brasil\/fernanda-torres-e-indicada-ao-oscar-de-melhor-atriz\/#breadcrumb","itemListElement":[{"@type":"ListItem","position":1,"name":"Portada","item":"https:\/\/pre.efe.com\/pt-br\/"},{"@type":"ListItem","position":2,"name":"Fernanda Torres \u00e9 indicada ao Oscar de Melhor Atriz"}]},{"@type":"WebSite","@id":"https:\/\/pre.efe.com\/pt-br\/#website","url":"https:\/\/pre.efe.com\/pt-br\/","name":"EFE Noticias","description":"","publisher":{"@id":"https:\/\/pre.efe.com\/pt-br\/#organization"},"potentialAction":[{"@type":"SearchAction","target":{"@type":"EntryPoint","urlTemplate":"https:\/\/pre.efe.com\/pt-br\/?s={search_term_string}"},"query-input":{"@type":"PropertyValueSpecification","valueRequired":true,"valueName":"search_term_string"}}],"inLanguage":"pt-BR"},{"@type":"Organization","@id":"https:\/\/pre.efe.com\/pt-br\/#organization","name":"Agencia EFE","url":"https:\/\/pre.efe.com\/pt-br\/","logo":{"@type":"ImageObject","inLanguage":"pt-BR","@id":"https:\/\/pre.efe.com\/pt-br\/#\/schema\/logo\/image\/","url":"https:\/\/pre.efe.com\/wp-content\/uploads\/2023\/06\/logo-efe-467.png","contentUrl":"https:\/\/pre.efe.com\/wp-content\/uploads\/2023\/06\/logo-efe-467.png","width":467,"height":467,"caption":"Agencia EFE"},"image":{"@id":"https:\/\/pre.efe.com\/pt-br\/#\/schema\/logo\/image\/"},"sameAs":["https:\/\/www.facebook.com\/AgenciaEFEnoticias\/","https:\/\/x.com\/efenoticias","https:\/\/www.instagram.com\/efe_noticias\/","http:\/\/www.youtube.com\/efe"]},{"@type":"Person","@id":"https:\/\/pre.efe.com\/pt-br\/#\/schema\/person\/b19f23f210db552768f68a4b552b004f","name":"anachain","image":{"@type":"ImageObject","inLanguage":"pt-BR","@id":"https:\/\/secure.gravatar.com\/avatar\/30b83965911ef1108bb893c00bdd65c885f9890e1265ee04b02c3d5adc785d37?s=96&d=identicon&r=g","url":"https:\/\/secure.gravatar.com\/avatar\/30b83965911ef1108bb893c00bdd65c885f9890e1265ee04b02c3d5adc785d37?s=96&d=identicon&r=g","contentUrl":"https:\/\/secure.gravatar.com\/avatar\/30b83965911ef1108bb893c00bdd65c885f9890e1265ee04b02c3d5adc785d37?s=96&d=identicon&r=g","caption":"anachain"},"url":"https:\/\/pre.efe.com\/pt-br\/autor\/anachain\/"}]}},"jetpack_featured_media_url":"https:\/\/pre.efe.com\/wp-content\/uploads\/2025\/01\/fernanda-oscar-brasil.jpg","jetpack_shortlink":"https:\/\/wp.me\/peJvHm-6O3O","jetpack_sharing_enabled":true,"_links":{"self":[{"href":"https:\/\/pre.efe.com\/pt-br\/wp-json\/wp\/v2\/posts\/1622404","targetHints":{"allow":["GET"]}}],"collection":[{"href":"https:\/\/pre.efe.com\/pt-br\/wp-json\/wp\/v2\/posts"}],"about":[{"href":"https:\/\/pre.efe.com\/pt-br\/wp-json\/wp\/v2\/types\/post"}],"author":[{"embeddable":true,"href":"https:\/\/pre.efe.com\/pt-br\/wp-json\/wp\/v2\/users\/198164106"}],"replies":[{"embeddable":true,"href":"https:\/\/pre.efe.com\/pt-br\/wp-json\/wp\/v2\/comments?post=1622404"}],"version-history":[{"count":2,"href":"https:\/\/pre.efe.com\/pt-br\/wp-json\/wp\/v2\/posts\/1622404\/revisions"}],"predecessor-version":[{"id":1622406,"href":"https:\/\/pre.efe.com\/pt-br\/wp-json\/wp\/v2\/posts\/1622404\/revisions\/1622406"}],"wp:featuredmedia":[{"embeddable":true,"href":"https:\/\/pre.efe.com\/pt-br\/wp-json\/wp\/v2\/media\/1621780"}],"wp:attachment":[{"href":"https:\/\/pre.efe.com\/pt-br\/wp-json\/wp\/v2\/media?parent=1622404"}],"wp:term":[{"taxonomy":"category","embeddable":true,"href":"https:\/\/pre.efe.com\/pt-br\/wp-json\/wp\/v2\/categories?post=1622404"},{"taxonomy":"post_tag","embeddable":true,"href":"https:\/\/pre.efe.com\/pt-br\/wp-json\/wp\/v2\/tags?post=1622404"}],"curies":[{"name":"wp","href":"https:\/\/api.w.org\/{rel}","templated":true}]}}