{"id":163537,"date":"2022-11-09T17:00:00","date_gmt":"2022-11-09T16:00:00","guid":{"rendered":"https:\/\/pre.efe.com\/?p=163537"},"modified":"2022-11-10T03:47:53","modified_gmt":"2022-11-10T02:47:53","slug":"maxwell-frost-e-1o-membro-da-geracao-z-no-congresso-dos-eua","status":"publish","type":"post","link":"https:\/\/pre.efe.com\/pt-br\/mundo-2\/2022-11-09\/maxwell-frost-e-1o-membro-da-geracao-z-no-congresso-dos-eua\/","title":{"rendered":"Maxwell Frost \u00e9 1\u00ba membro da Gera\u00e7\u00e3o Z no congresso dos EUA"},"content":{"rendered":"\n<p>Miami (<a href=\"https:\/\/pre.efe.com\/pt-br\/\">EFE<\/a>).- O jovem candidato democrata Maxwell Frost, de 25 anos, tornou-se o primeiro membro da &#8220;Gera\u00e7\u00e3o Z&#8221; a chegar ao Congresso em Washington, depois de derrotar seu oponente nas elei\u00e7\u00f5es de meio de mandato, o republicano Calvin Wimbish.<\/p>\n\n\n\n<p>Frost disputava a vaga no 10\u00ba distrito da Fl\u00f3rida, que abriga a cidade de Orlando, no centro da Fl\u00f3rida, e foi desocupado por Val Demings para concorrer com o republicano Marco Rubio pela vaga no Senado, na qual foi reeleito na ter\u00e7a-feira.<\/p>\n\n\n\n<p>De acordo com a proje\u00e7\u00e3o da emissora de TV americana &#8220;MSNBC&#8221;, Frost superou Wimbish com uma vantagem de 10 pontos percentuais, o que garante sua chegada ao Congresso.<\/p>\n\n\n\n<p>Ele ser\u00e1 o primeiro membro da gera\u00e7\u00e3o Z, ou seja, os nascidos entre 1990 e o in\u00edcio de 2010, com um assento na C\u00e2mara dos Representantes em Washington.<\/p>\n\n\n\n<p>Filho de m\u00e3e porto-riquenha e pai haitiano, e posteriormente adotado por um cubano que emigrou para os Estados Unidos, Maxwell Frost foi o organizador nacional da &#8220;Marcha por Nossas Vidas&#8221; para pedir mais controle na venda de armas de fogo.<\/p>\n\n\n\n<p>A marcha foi realizada em Washington ap\u00f3s o tiroteio na Parkland Marjory Stoneman Douglas High School, em 2018.<\/p>\n\n\n\n<p>Durante a campanha eleitoral de meio de mandato, ele tamb\u00e9m foi contra a restri\u00e7\u00e3o ao aborto, que foi um dos argumentos de seu partido neste ciclo eleitoral.<\/p>\n\n\n\n<p>Seu oponente, Calvin Wimbish, \u00e9 um ex-Boina Verde de 72 anos que se autodenomina &#8220;crist\u00e3o, conservador e constitucionalista&#8221;.<\/p>\n\n\n\n<p>A vit\u00f3ria de Frost foi uma das poucas dos democratas na Fl\u00f3rida, onde os republicanos venceram categoricamente nas duas corridas mais importantes, como governador e uma das duas cadeiras que correspondem \u00e0 Fl\u00f3rida no Senado, em Washington.<\/p>\n\n\n\n<p>Ron DeSantis e Marco Rubio, ambos republicanos, alcan\u00e7aram a meta de serem reeleitos governador e senador, respectivamente, como previam as pesquisas.<\/p>\n\n\n\n<p>DeSantis obteve 59% dos votos em sua disputa com o democrata Charlie Crist (40%) e Rubio 58% a 41% para seu advers\u00e1rio, Val Demings, com 99% dos votos apurados. <a href=\"https:\/\/efs.efeservicios.com\/\">EFE<\/a><\/p>\n","protected":false},"excerpt":{"rendered":"<p>Miami (EFE).- O jovem candidato democrata Maxwell Frost, de 25 anos, tornou-se o primeiro membro da &#8220;Gera\u00e7\u00e3o Z&#8221; a chegar ao Congresso em Washington, depois de derrotar seu oponente nas elei\u00e7\u00f5es de meio de mandato, o republicano Calvin Wimbish. Frost disputava a vaga no 10\u00ba distrito da Fl\u00f3rida, que abriga a cidade de Orlando, no &#8230; <a title=\"Maxwell Frost \u00e9 1\u00ba membro da Gera\u00e7\u00e3o Z no congresso dos EUA\" class=\"read-more\" href=\"https:\/\/pre.efe.com\/pt-br\/mundo-2\/2022-11-09\/maxwell-frost-e-1o-membro-da-geracao-z-no-congresso-dos-eua\/\" aria-label=\"Read more about Maxwell Frost \u00e9 1\u00ba membro da Gera\u00e7\u00e3o Z no congresso dos EUA\">Leia mais<\/a><\/p>\n","protected":false},"author":198164106,"featured_media":163539,"comment_status":"closed","ping_status":"closed","sticky":false,"template":"","format":"standard","meta":{"_acf_changed":false,"_jetpack_memberships_contains_paid_content":false,"footnotes":""},"categories":[123208,122144],"tags":[122332,122371,125887],"class_list":["post-163537","post","type-post","status-publish","format-standard","has-post-thumbnail","hentry","category-mundo-2","category-outras-noticias","tag-eleicoes","tag-eua","tag-politica-2","generate-columns","tablet-grid-50","mobile-grid-100","grid-parent","grid-50"],"acf":[],"yoast_head":"<!-- This site is optimized with the Yoast SEO Premium plugin v26.0 (Yoast SEO v27.5) - https:\/\/yoast.com\/product\/yoast-seo-premium-wordpress\/ -->\n<title>Maxwell Frost \u00e9 1\u00ba membro da Gera\u00e7\u00e3o Z no congresso dos EUA<\/title>\n<meta name=\"description\" content=\"O democrata Maxwell Frost, de 25 anos, tornou-se o primeiro membro da &quot;Gera\u00e7\u00e3o Z&quot; a chegar ao Congresso em Washington.\" \/>\n<meta name=\"robots\" content=\"noindex, follow\" \/>\n<meta property=\"og:locale\" content=\"pt_BR\" \/>\n<meta property=\"og:type\" content=\"article\" \/>\n<meta property=\"og:title\" content=\"Maxwell Frost \u00e9 1\u00ba membro da Gera\u00e7\u00e3o Z no congresso dos EUA - EFE\" \/>\n<meta property=\"og:description\" content=\"O democrata Maxwell Frost, de 25 anos, tornou-se o primeiro membro da &quot;Gera\u00e7\u00e3o Z&quot; a chegar ao Congresso em Washington.\" \/>\n<meta property=\"og:url\" content=\"https:\/\/pre.efe.com\/pt-br\/mundo-2\/2022-11-09\/maxwell-frost-e-1o-membro-da-geracao-z-no-congresso-dos-eua\/\" \/>\n<meta property=\"og:site_name\" content=\"EFE Noticias\" \/>\n<meta property=\"article:publisher\" content=\"https:\/\/www.facebook.com\/AgenciaEFEnoticias\/\" \/>\n<meta property=\"article:published_time\" content=\"2022-11-09T16:00:00+00:00\" \/>\n<meta property=\"article:modified_time\" content=\"2022-11-10T02:47:53+00:00\" \/>\n<meta property=\"og:image\" content=\"https:\/\/i0.wp.com\/efe.com\/\/srv\/htdocs\/wp-content\/uploads\/2022\/11\/Maxwell-Frost.jpg?fit=900%2C626&ssl=1\" \/>\n\t<meta property=\"og:image:width\" content=\"900\" \/>\n\t<meta property=\"og:image:height\" content=\"626\" \/>\n\t<meta property=\"og:image:type\" content=\"image\/jpeg\" \/>\n<meta name=\"author\" content=\"anachain\" \/>\n<meta name=\"twitter:card\" content=\"summary_large_image\" \/>\n<meta name=\"twitter:creator\" content=\"@efenoticias\" \/>\n<meta name=\"twitter:site\" content=\"@efenoticias\" \/>\n<script type=\"application\/ld+json\" class=\"yoast-schema-graph\">{\"@context\":\"https:\\\/\\\/schema.org\",\"@graph\":[{\"@type\":\"NewsArticle\",\"@id\":\"https:\\\/\\\/pre.efe.com\\\/pt-br\\\/mundo-2\\\/2022-11-09\\\/maxwell-frost-e-1o-membro-da-geracao-z-no-congresso-dos-eua\\\/#article\",\"isPartOf\":{\"@id\":\"https:\\\/\\\/pre.efe.com\\\/pt-br\\\/mundo-2\\\/2022-11-09\\\/maxwell-frost-e-1o-membro-da-geracao-z-no-congresso-dos-eua\\\/\"},\"author\":{\"name\":\"anachain\",\"@id\":\"https:\\\/\\\/pre.efe.com\\\/pt-br\\\/#\\\/schema\\\/person\\\/b19f23f210db552768f68a4b552b004f\"},\"headline\":\"Maxwell Frost \u00e9 1\u00ba membro da Gera\u00e7\u00e3o Z no congresso dos EUA\",\"datePublished\":\"2022-11-09T16:00:00+00:00\",\"dateModified\":\"2022-11-10T02:47:53+00:00\",\"mainEntityOfPage\":{\"@id\":\"https:\\\/\\\/pre.efe.com\\\/pt-br\\\/mundo-2\\\/2022-11-09\\\/maxwell-frost-e-1o-membro-da-geracao-z-no-congresso-dos-eua\\\/\"},\"wordCount\":345,\"publisher\":{\"@id\":\"https:\\\/\\\/pre.efe.com\\\/pt-br\\\/#organization\"},\"image\":{\"@id\":\"https:\\\/\\\/pre.efe.com\\\/pt-br\\\/mundo-2\\\/2022-11-09\\\/maxwell-frost-e-1o-membro-da-geracao-z-no-congresso-dos-eua\\\/#primaryimage\"},\"thumbnailUrl\":\"https:\\\/\\\/pre.efe.com\\\/wp-content\\\/uploads\\\/2022\\\/11\\\/Maxwell-Frost.jpg\",\"keywords\":[\"Elei\u00e7\u00f5es\",\"EUA\",\"Politica\"],\"articleSection\":[\"Mundo\",\"Outras not\u00edcias\"],\"inLanguage\":\"pt-BR\",\"copyrightYear\":\"2022\",\"copyrightHolder\":{\"@id\":\"https:\\\/\\\/pre.efe.com\\\/#organization\"}},{\"@type\":[\"WebPage\",\"ItemPage\"],\"@id\":\"https:\\\/\\\/pre.efe.com\\\/pt-br\\\/mundo-2\\\/2022-11-09\\\/maxwell-frost-e-1o-membro-da-geracao-z-no-congresso-dos-eua\\\/\",\"url\":\"https:\\\/\\\/pre.efe.com\\\/pt-br\\\/mundo-2\\\/2022-11-09\\\/maxwell-frost-e-1o-membro-da-geracao-z-no-congresso-dos-eua\\\/\",\"name\":\"Maxwell Frost \u00e9 1\u00ba membro da Gera\u00e7\u00e3o Z no congresso dos EUA\",\"isPartOf\":{\"@id\":\"https:\\\/\\\/pre.efe.com\\\/pt-br\\\/#website\"},\"primaryImageOfPage\":{\"@id\":\"https:\\\/\\\/pre.efe.com\\\/pt-br\\\/mundo-2\\\/2022-11-09\\\/maxwell-frost-e-1o-membro-da-geracao-z-no-congresso-dos-eua\\\/#primaryimage\"},\"image\":{\"@id\":\"https:\\\/\\\/pre.efe.com\\\/pt-br\\\/mundo-2\\\/2022-11-09\\\/maxwell-frost-e-1o-membro-da-geracao-z-no-congresso-dos-eua\\\/#primaryimage\"},\"thumbnailUrl\":\"https:\\\/\\\/pre.efe.com\\\/wp-content\\\/uploads\\\/2022\\\/11\\\/Maxwell-Frost.jpg\",\"datePublished\":\"2022-11-09T16:00:00+00:00\",\"dateModified\":\"2022-11-10T02:47:53+00:00\",\"description\":\"O democrata Maxwell Frost, de 25 anos, tornou-se o primeiro membro da \\\"Gera\u00e7\u00e3o Z\\\" a chegar ao Congresso em Washington.\",\"breadcrumb\":{\"@id\":\"https:\\\/\\\/pre.efe.com\\\/pt-br\\\/mundo-2\\\/2022-11-09\\\/maxwell-frost-e-1o-membro-da-geracao-z-no-congresso-dos-eua\\\/#breadcrumb\"},\"inLanguage\":\"pt-BR\",\"potentialAction\":[{\"@type\":\"ReadAction\",\"target\":[\"https:\\\/\\\/pre.efe.com\\\/pt-br\\\/mundo-2\\\/2022-11-09\\\/maxwell-frost-e-1o-membro-da-geracao-z-no-congresso-dos-eua\\\/\"]}]},{\"@type\":\"ImageObject\",\"inLanguage\":\"pt-BR\",\"@id\":\"https:\\\/\\\/pre.efe.com\\\/pt-br\\\/mundo-2\\\/2022-11-09\\\/maxwell-frost-e-1o-membro-da-geracao-z-no-congresso-dos-eua\\\/#primaryimage\",\"url\":\"https:\\\/\\\/pre.efe.com\\\/wp-content\\\/uploads\\\/2022\\\/11\\\/Maxwell-Frost.jpg\",\"contentUrl\":\"https:\\\/\\\/pre.efe.com\\\/wp-content\\\/uploads\\\/2022\\\/11\\\/Maxwell-Frost.jpg\",\"width\":900,\"height\":626,\"caption\":\"O democrata Maxwell Frost, de 25 anos. EFE\\\/Arquivo\\\/Octavio Guzm\u00e1n\"},{\"@type\":\"BreadcrumbList\",\"@id\":\"https:\\\/\\\/pre.efe.com\\\/pt-br\\\/mundo-2\\\/2022-11-09\\\/maxwell-frost-e-1o-membro-da-geracao-z-no-congresso-dos-eua\\\/#breadcrumb\",\"itemListElement\":[{\"@type\":\"ListItem\",\"position\":1,\"name\":\"Portada\",\"item\":\"https:\\\/\\\/pre.efe.com\\\/pt-br\\\/\"},{\"@type\":\"ListItem\",\"position\":2,\"name\":\"Maxwell Frost \u00e9 1\u00ba membro da Gera\u00e7\u00e3o Z no congresso dos EUA\"}]},{\"@type\":\"WebSite\",\"@id\":\"https:\\\/\\\/pre.efe.com\\\/pt-br\\\/#website\",\"url\":\"https:\\\/\\\/pre.efe.com\\\/pt-br\\\/\",\"name\":\"EFE Noticias\",\"description\":\"\",\"publisher\":{\"@id\":\"https:\\\/\\\/pre.efe.com\\\/pt-br\\\/#organization\"},\"potentialAction\":[{\"@type\":\"SearchAction\",\"target\":{\"@type\":\"EntryPoint\",\"urlTemplate\":\"https:\\\/\\\/pre.efe.com\\\/pt-br\\\/?s={search_term_string}\"},\"query-input\":{\"@type\":\"PropertyValueSpecification\",\"valueRequired\":true,\"valueName\":\"search_term_string\"}}],\"inLanguage\":\"pt-BR\"},{\"@type\":\"Organization\",\"@id\":\"https:\\\/\\\/pre.efe.com\\\/pt-br\\\/#organization\",\"name\":\"Agencia EFE\",\"url\":\"https:\\\/\\\/pre.efe.com\\\/pt-br\\\/\",\"logo\":{\"@type\":\"ImageObject\",\"inLanguage\":\"pt-BR\",\"@id\":\"https:\\\/\\\/pre.efe.com\\\/pt-br\\\/#\\\/schema\\\/logo\\\/image\\\/\",\"url\":\"https:\\\/\\\/pre.efe.com\\\/wp-content\\\/uploads\\\/2023\\\/06\\\/logo-efe-467.png\",\"contentUrl\":\"https:\\\/\\\/pre.efe.com\\\/wp-content\\\/uploads\\\/2023\\\/06\\\/logo-efe-467.png\",\"width\":467,\"height\":467,\"caption\":\"Agencia EFE\"},\"image\":{\"@id\":\"https:\\\/\\\/pre.efe.com\\\/pt-br\\\/#\\\/schema\\\/logo\\\/image\\\/\"},\"sameAs\":[\"https:\\\/\\\/www.facebook.com\\\/AgenciaEFEnoticias\\\/\",\"https:\\\/\\\/x.com\\\/efenoticias\",\"https:\\\/\\\/www.instagram.com\\\/efe_noticias\\\/\",\"http:\\\/\\\/www.youtube.com\\\/efe\"]},{\"@type\":\"Person\",\"@id\":\"https:\\\/\\\/pre.efe.com\\\/pt-br\\\/#\\\/schema\\\/person\\\/b19f23f210db552768f68a4b552b004f\",\"name\":\"anachain\",\"image\":{\"@type\":\"ImageObject\",\"inLanguage\":\"pt-BR\",\"@id\":\"https:\\\/\\\/secure.gravatar.com\\\/avatar\\\/30b83965911ef1108bb893c00bdd65c885f9890e1265ee04b02c3d5adc785d37?s=96&d=identicon&r=g\",\"url\":\"https:\\\/\\\/secure.gravatar.com\\\/avatar\\\/30b83965911ef1108bb893c00bdd65c885f9890e1265ee04b02c3d5adc785d37?s=96&d=identicon&r=g\",\"contentUrl\":\"https:\\\/\\\/secure.gravatar.com\\\/avatar\\\/30b83965911ef1108bb893c00bdd65c885f9890e1265ee04b02c3d5adc785d37?s=96&d=identicon&r=g\",\"caption\":\"anachain\"},\"url\":\"https:\\\/\\\/pre.efe.com\\\/pt-br\\\/autor\\\/anachain\\\/\"}]}<\/script>\n<!-- \/ Yoast SEO Premium plugin. -->","yoast_head_json":{"title":"Maxwell Frost \u00e9 1\u00ba membro da Gera\u00e7\u00e3o Z no congresso dos EUA","description":"O democrata Maxwell Frost, de 25 anos, tornou-se o primeiro membro da \"Gera\u00e7\u00e3o Z\" a chegar ao Congresso em Washington.","robots":{"index":"noindex","follow":"follow"},"og_locale":"pt_BR","og_type":"article","og_title":"Maxwell Frost \u00e9 1\u00ba membro da Gera\u00e7\u00e3o Z no congresso dos EUA - EFE","og_description":"O democrata Maxwell Frost, de 25 anos, tornou-se o primeiro membro da \"Gera\u00e7\u00e3o Z\" a chegar ao Congresso em Washington.","og_url":"https:\/\/pre.efe.com\/pt-br\/mundo-2\/2022-11-09\/maxwell-frost-e-1o-membro-da-geracao-z-no-congresso-dos-eua\/","og_site_name":"EFE Noticias","article_publisher":"https:\/\/www.facebook.com\/AgenciaEFEnoticias\/","article_published_time":"2022-11-09T16:00:00+00:00","article_modified_time":"2022-11-10T02:47:53+00:00","og_image":[{"width":900,"height":626,"url":"https:\/\/i0.wp.com\/efe.com\/\/srv\/htdocs\/wp-content\/uploads\/2022\/11\/Maxwell-Frost.jpg?fit=900%2C626&ssl=1","type":"image\/jpeg"}],"author":"anachain","twitter_card":"summary_large_image","twitter_creator":"@efenoticias","twitter_site":"@efenoticias","schema":{"@context":"https:\/\/schema.org","@graph":[{"@type":"NewsArticle","@id":"https:\/\/pre.efe.com\/pt-br\/mundo-2\/2022-11-09\/maxwell-frost-e-1o-membro-da-geracao-z-no-congresso-dos-eua\/#article","isPartOf":{"@id":"https:\/\/pre.efe.com\/pt-br\/mundo-2\/2022-11-09\/maxwell-frost-e-1o-membro-da-geracao-z-no-congresso-dos-eua\/"},"author":{"name":"anachain","@id":"https:\/\/pre.efe.com\/pt-br\/#\/schema\/person\/b19f23f210db552768f68a4b552b004f"},"headline":"Maxwell Frost \u00e9 1\u00ba membro da Gera\u00e7\u00e3o Z no congresso dos EUA","datePublished":"2022-11-09T16:00:00+00:00","dateModified":"2022-11-10T02:47:53+00:00","mainEntityOfPage":{"@id":"https:\/\/pre.efe.com\/pt-br\/mundo-2\/2022-11-09\/maxwell-frost-e-1o-membro-da-geracao-z-no-congresso-dos-eua\/"},"wordCount":345,"publisher":{"@id":"https:\/\/pre.efe.com\/pt-br\/#organization"},"image":{"@id":"https:\/\/pre.efe.com\/pt-br\/mundo-2\/2022-11-09\/maxwell-frost-e-1o-membro-da-geracao-z-no-congresso-dos-eua\/#primaryimage"},"thumbnailUrl":"https:\/\/pre.efe.com\/wp-content\/uploads\/2022\/11\/Maxwell-Frost.jpg","keywords":["Elei\u00e7\u00f5es","EUA","Politica"],"articleSection":["Mundo","Outras not\u00edcias"],"inLanguage":"pt-BR","copyrightYear":"2022","copyrightHolder":{"@id":"https:\/\/pre.efe.com\/#organization"}},{"@type":["WebPage","ItemPage"],"@id":"https:\/\/pre.efe.com\/pt-br\/mundo-2\/2022-11-09\/maxwell-frost-e-1o-membro-da-geracao-z-no-congresso-dos-eua\/","url":"https:\/\/pre.efe.com\/pt-br\/mundo-2\/2022-11-09\/maxwell-frost-e-1o-membro-da-geracao-z-no-congresso-dos-eua\/","name":"Maxwell Frost \u00e9 1\u00ba membro da Gera\u00e7\u00e3o Z no congresso dos EUA","isPartOf":{"@id":"https:\/\/pre.efe.com\/pt-br\/#website"},"primaryImageOfPage":{"@id":"https:\/\/pre.efe.com\/pt-br\/mundo-2\/2022-11-09\/maxwell-frost-e-1o-membro-da-geracao-z-no-congresso-dos-eua\/#primaryimage"},"image":{"@id":"https:\/\/pre.efe.com\/pt-br\/mundo-2\/2022-11-09\/maxwell-frost-e-1o-membro-da-geracao-z-no-congresso-dos-eua\/#primaryimage"},"thumbnailUrl":"https:\/\/pre.efe.com\/wp-content\/uploads\/2022\/11\/Maxwell-Frost.jpg","datePublished":"2022-11-09T16:00:00+00:00","dateModified":"2022-11-10T02:47:53+00:00","description":"O democrata Maxwell Frost, de 25 anos, tornou-se o primeiro membro da \"Gera\u00e7\u00e3o Z\" a chegar ao Congresso em Washington.","breadcrumb":{"@id":"https:\/\/pre.efe.com\/pt-br\/mundo-2\/2022-11-09\/maxwell-frost-e-1o-membro-da-geracao-z-no-congresso-dos-eua\/#breadcrumb"},"inLanguage":"pt-BR","potentialAction":[{"@type":"ReadAction","target":["https:\/\/pre.efe.com\/pt-br\/mundo-2\/2022-11-09\/maxwell-frost-e-1o-membro-da-geracao-z-no-congresso-dos-eua\/"]}]},{"@type":"ImageObject","inLanguage":"pt-BR","@id":"https:\/\/pre.efe.com\/pt-br\/mundo-2\/2022-11-09\/maxwell-frost-e-1o-membro-da-geracao-z-no-congresso-dos-eua\/#primaryimage","url":"https:\/\/pre.efe.com\/wp-content\/uploads\/2022\/11\/Maxwell-Frost.jpg","contentUrl":"https:\/\/pre.efe.com\/wp-content\/uploads\/2022\/11\/Maxwell-Frost.jpg","width":900,"height":626,"caption":"O democrata Maxwell Frost, de 25 anos. EFE\/Arquivo\/Octavio Guzm\u00e1n"},{"@type":"BreadcrumbList","@id":"https:\/\/pre.efe.com\/pt-br\/mundo-2\/2022-11-09\/maxwell-frost-e-1o-membro-da-geracao-z-no-congresso-dos-eua\/#breadcrumb","itemListElement":[{"@type":"ListItem","position":1,"name":"Portada","item":"https:\/\/pre.efe.com\/pt-br\/"},{"@type":"ListItem","position":2,"name":"Maxwell Frost \u00e9 1\u00ba membro da Gera\u00e7\u00e3o Z no congresso dos EUA"}]},{"@type":"WebSite","@id":"https:\/\/pre.efe.com\/pt-br\/#website","url":"https:\/\/pre.efe.com\/pt-br\/","name":"EFE Noticias","description":"","publisher":{"@id":"https:\/\/pre.efe.com\/pt-br\/#organization"},"potentialAction":[{"@type":"SearchAction","target":{"@type":"EntryPoint","urlTemplate":"https:\/\/pre.efe.com\/pt-br\/?s={search_term_string}"},"query-input":{"@type":"PropertyValueSpecification","valueRequired":true,"valueName":"search_term_string"}}],"inLanguage":"pt-BR"},{"@type":"Organization","@id":"https:\/\/pre.efe.com\/pt-br\/#organization","name":"Agencia EFE","url":"https:\/\/pre.efe.com\/pt-br\/","logo":{"@type":"ImageObject","inLanguage":"pt-BR","@id":"https:\/\/pre.efe.com\/pt-br\/#\/schema\/logo\/image\/","url":"https:\/\/pre.efe.com\/wp-content\/uploads\/2023\/06\/logo-efe-467.png","contentUrl":"https:\/\/pre.efe.com\/wp-content\/uploads\/2023\/06\/logo-efe-467.png","width":467,"height":467,"caption":"Agencia EFE"},"image":{"@id":"https:\/\/pre.efe.com\/pt-br\/#\/schema\/logo\/image\/"},"sameAs":["https:\/\/www.facebook.com\/AgenciaEFEnoticias\/","https:\/\/x.com\/efenoticias","https:\/\/www.instagram.com\/efe_noticias\/","http:\/\/www.youtube.com\/efe"]},{"@type":"Person","@id":"https:\/\/pre.efe.com\/pt-br\/#\/schema\/person\/b19f23f210db552768f68a4b552b004f","name":"anachain","image":{"@type":"ImageObject","inLanguage":"pt-BR","@id":"https:\/\/secure.gravatar.com\/avatar\/30b83965911ef1108bb893c00bdd65c885f9890e1265ee04b02c3d5adc785d37?s=96&d=identicon&r=g","url":"https:\/\/secure.gravatar.com\/avatar\/30b83965911ef1108bb893c00bdd65c885f9890e1265ee04b02c3d5adc785d37?s=96&d=identicon&r=g","contentUrl":"https:\/\/secure.gravatar.com\/avatar\/30b83965911ef1108bb893c00bdd65c885f9890e1265ee04b02c3d5adc785d37?s=96&d=identicon&r=g","caption":"anachain"},"url":"https:\/\/pre.efe.com\/pt-br\/autor\/anachain\/"}]}},"jetpack_featured_media_url":"https:\/\/pre.efe.com\/wp-content\/uploads\/2022\/11\/Maxwell-Frost.jpg","jetpack_shortlink":"https:\/\/wp.me\/peJvHm-GxH","jetpack_sharing_enabled":true,"_links":{"self":[{"href":"https:\/\/pre.efe.com\/pt-br\/wp-json\/wp\/v2\/posts\/163537","targetHints":{"allow":["GET"]}}],"collection":[{"href":"https:\/\/pre.efe.com\/pt-br\/wp-json\/wp\/v2\/posts"}],"about":[{"href":"https:\/\/pre.efe.com\/pt-br\/wp-json\/wp\/v2\/types\/post"}],"author":[{"embeddable":true,"href":"https:\/\/pre.efe.com\/pt-br\/wp-json\/wp\/v2\/users\/198164106"}],"replies":[{"embeddable":true,"href":"https:\/\/pre.efe.com\/pt-br\/wp-json\/wp\/v2\/comments?post=163537"}],"version-history":[{"count":2,"href":"https:\/\/pre.efe.com\/pt-br\/wp-json\/wp\/v2\/posts\/163537\/revisions"}],"predecessor-version":[{"id":163542,"href":"https:\/\/pre.efe.com\/pt-br\/wp-json\/wp\/v2\/posts\/163537\/revisions\/163542"}],"wp:featuredmedia":[{"embeddable":true,"href":"https:\/\/pre.efe.com\/pt-br\/wp-json\/wp\/v2\/media\/163539"}],"wp:attachment":[{"href":"https:\/\/pre.efe.com\/pt-br\/wp-json\/wp\/v2\/media?parent=163537"}],"wp:term":[{"taxonomy":"category","embeddable":true,"href":"https:\/\/pre.efe.com\/pt-br\/wp-json\/wp\/v2\/categories?post=163537"},{"taxonomy":"post_tag","embeddable":true,"href":"https:\/\/pre.efe.com\/pt-br\/wp-json\/wp\/v2\/tags?post=163537"}],"curies":[{"name":"wp","href":"https:\/\/api.w.org\/{rel}","templated":true}]}}