{"id":1673604,"date":"2025-02-14T17:24:12","date_gmt":"2025-02-14T16:24:12","guid":{"rendered":"https:\/\/pre.efe.com\/?p=1673604"},"modified":"2025-02-14T17:24:15","modified_gmt":"2025-02-14T16:24:15","slug":"passageiro-e-detido-na-espanha-com-20-mil-comprimidos-de-viagra-na-mala","status":"publish","type":"post","link":"https:\/\/pre.efe.com\/pt-br\/mundo-2\/2025-02-14\/passageiro-e-detido-na-espanha-com-20-mil-comprimidos-de-viagra-na-mala\/","title":{"rendered":"Passageiro \u00e9 detido na Espanha com 20 mil comprimidos de Viagra na mala"},"content":{"rendered":"\n<p>Barcelona (EFE).- Um passageiro de um voo procedente de Santo Domingo foi preso no aeroporto de Barcelona com mais de 20.000 comprimidos de Viagra na mala, informou a Guarda Civil espanhola nesta sexta-feira.<\/p>\n\n\n\n<p>O homem, de 22 anos, foi detido por membros da Guardia Civil e da Ag\u00eancia Tribut\u00e1ria da Espanha.<\/p>\n\n\n\n<p>Com valor estimado em quase 100.000 euros, os medicamentos estavam na mala despachada e o passageiro n\u00e3o conseguiu justificar sua origem, motivo pelo qual foi acusado de crime contra a sa\u00fade p\u00fablica pela introdu\u00e7\u00e3o ilegal do f\u00e1rmaco na Espanha, de acordo com a fonte.<\/p>\n\n\n\n<p>O sildenafil, mais conhecido por seu princ\u00edpio ativo Viagra, \u00e9 usado principalmente para disfun\u00e7\u00e3o er\u00e9til e hipertens\u00e3o arterial pulmonar.<\/p>\n\n\n\n<p>O medicamento exige receita m\u00e9dica e seu consumo sem supervis\u00e3o m\u00e9dica ou sua compra por canais n\u00e3o autorizados pode representar s\u00e9rios riscos \u00e0 sa\u00fade. EFE<\/p>\n","protected":false},"excerpt":{"rendered":"<p>Barcelona (EFE).- Um passageiro de um voo procedente de Santo Domingo foi preso no aeroporto de Barcelona com mais de 20.000 comprimidos de Viagra na mala, informou a Guarda Civil espanhola nesta sexta-feira. O homem, de 22 anos, foi detido por membros da Guardia Civil e da Ag\u00eancia Tribut\u00e1ria da Espanha. Com valor estimado em &#8230; <a title=\"Passageiro \u00e9 detido na Espanha com 20 mil comprimidos de Viagra na mala\" class=\"read-more\" href=\"https:\/\/pre.efe.com\/pt-br\/mundo-2\/2025-02-14\/passageiro-e-detido-na-espanha-com-20-mil-comprimidos-de-viagra-na-mala\/\" aria-label=\"Read more about Passageiro \u00e9 detido na Espanha com 20 mil comprimidos de Viagra na mala\">Leia mais<\/a><\/p>\n","protected":false},"author":198164106,"featured_media":1673622,"comment_status":"closed","ping_status":"closed","sticky":false,"template":"","format":"standard","meta":{"_acf_changed":false,"_jetpack_memberships_contains_paid_content":false,"footnotes":""},"categories":[123208,122144],"tags":[124421,122630],"class_list":["post-1673604","post","type-post","status-publish","format-standard","has-post-thumbnail","hentry","category-mundo-2","category-outras-noticias","tag-espanha","tag-justica","generate-columns","tablet-grid-50","mobile-grid-100","grid-parent","grid-50"],"acf":[],"yoast_head":"<!-- This site is optimized with the Yoast SEO Premium plugin v26.0 (Yoast SEO v27.4) - https:\/\/yoast.com\/product\/yoast-seo-premium-wordpress\/ -->\n<title>Passageiro \u00e9 detido na Espanha com 20 mil comprimidos de Viagra na mala - EFE<\/title>\n<meta name=\"robots\" content=\"noindex, follow\" \/>\n<meta property=\"og:locale\" content=\"pt_BR\" \/>\n<meta property=\"og:type\" content=\"article\" \/>\n<meta property=\"og:title\" content=\"Passageiro \u00e9 detido na Espanha com 20 mil comprimidos de Viagra na mala - EFE\" \/>\n<meta property=\"og:description\" content=\"Barcelona (EFE).- Um passageiro de um voo procedente de Santo Domingo foi preso no aeroporto de Barcelona com mais de 20.000 comprimidos de Viagra na mala, informou a Guarda Civil espanhola nesta sexta-feira. O homem, de 22 anos, foi detido por membros da Guardia Civil e da Ag\u00eancia Tribut\u00e1ria da Espanha. Com valor estimado em ... Leia mais\" \/>\n<meta property=\"og:url\" content=\"https:\/\/pre.efe.com\/pt-br\/mundo-2\/2025-02-14\/passageiro-e-detido-na-espanha-com-20-mil-comprimidos-de-viagra-na-mala\/\" \/>\n<meta property=\"og:site_name\" content=\"EFE Noticias\" \/>\n<meta property=\"article:publisher\" content=\"https:\/\/www.facebook.com\/AgenciaEFEnoticias\/\" \/>\n<meta property=\"article:published_time\" content=\"2025-02-14T16:24:12+00:00\" \/>\n<meta property=\"article:modified_time\" content=\"2025-02-14T16:24:15+00:00\" \/>\n<meta property=\"og:image\" content=\"https:\/\/i0.wp.com\/efe.com\/\/srv\/htdocs\/wp-content\/uploads\/2025\/02\/imagem-viagra.jpg?fit=1727%2C932&ssl=1\" \/>\n\t<meta property=\"og:image:width\" content=\"1727\" \/>\n\t<meta property=\"og:image:height\" content=\"932\" \/>\n\t<meta property=\"og:image:type\" content=\"image\/jpeg\" \/>\n<meta name=\"author\" content=\"anachain\" \/>\n<meta name=\"twitter:card\" content=\"summary_large_image\" \/>\n<meta name=\"twitter:creator\" content=\"@efenoticias\" \/>\n<meta name=\"twitter:site\" content=\"@efenoticias\" \/>\n<script type=\"application\/ld+json\" class=\"yoast-schema-graph\">{\"@context\":\"https:\\\/\\\/schema.org\",\"@graph\":[{\"@type\":\"NewsArticle\",\"@id\":\"https:\\\/\\\/pre.efe.com\\\/pt-br\\\/mundo-2\\\/2025-02-14\\\/passageiro-e-detido-na-espanha-com-20-mil-comprimidos-de-viagra-na-mala\\\/#article\",\"isPartOf\":{\"@id\":\"https:\\\/\\\/pre.efe.com\\\/pt-br\\\/mundo-2\\\/2025-02-14\\\/passageiro-e-detido-na-espanha-com-20-mil-comprimidos-de-viagra-na-mala\\\/\"},\"author\":{\"name\":\"anachain\",\"@id\":\"https:\\\/\\\/pre.efe.com\\\/pt-br\\\/#\\\/schema\\\/person\\\/b19f23f210db552768f68a4b552b004f\"},\"headline\":\"Passageiro \u00e9 detido na Espanha com 20 mil comprimidos de Viagra na mala\",\"datePublished\":\"2025-02-14T16:24:12+00:00\",\"dateModified\":\"2025-02-14T16:24:15+00:00\",\"mainEntityOfPage\":{\"@id\":\"https:\\\/\\\/pre.efe.com\\\/pt-br\\\/mundo-2\\\/2025-02-14\\\/passageiro-e-detido-na-espanha-com-20-mil-comprimidos-de-viagra-na-mala\\\/\"},\"wordCount\":163,\"publisher\":{\"@id\":\"https:\\\/\\\/pre.efe.com\\\/pt-br\\\/#organization\"},\"image\":{\"@id\":\"https:\\\/\\\/pre.efe.com\\\/pt-br\\\/mundo-2\\\/2025-02-14\\\/passageiro-e-detido-na-espanha-com-20-mil-comprimidos-de-viagra-na-mala\\\/#primaryimage\"},\"thumbnailUrl\":\"https:\\\/\\\/pre.efe.com\\\/wp-content\\\/uploads\\\/2025\\\/02\\\/imagem-viagra.jpg\",\"keywords\":[\"Espanha\",\"Justi\u00e7a\"],\"articleSection\":[\"Mundo\",\"Outras not\u00edcias\"],\"inLanguage\":\"pt-BR\",\"copyrightYear\":\"2025\",\"copyrightHolder\":{\"@id\":\"https:\\\/\\\/pre.efe.com\\\/#organization\"}},{\"@type\":[\"WebPage\",\"ItemPage\"],\"@id\":\"https:\\\/\\\/pre.efe.com\\\/pt-br\\\/mundo-2\\\/2025-02-14\\\/passageiro-e-detido-na-espanha-com-20-mil-comprimidos-de-viagra-na-mala\\\/\",\"url\":\"https:\\\/\\\/pre.efe.com\\\/pt-br\\\/mundo-2\\\/2025-02-14\\\/passageiro-e-detido-na-espanha-com-20-mil-comprimidos-de-viagra-na-mala\\\/\",\"name\":\"Passageiro \u00e9 detido na Espanha com 20 mil comprimidos de Viagra na mala - EFE\",\"isPartOf\":{\"@id\":\"https:\\\/\\\/pre.efe.com\\\/pt-br\\\/#website\"},\"primaryImageOfPage\":{\"@id\":\"https:\\\/\\\/pre.efe.com\\\/pt-br\\\/mundo-2\\\/2025-02-14\\\/passageiro-e-detido-na-espanha-com-20-mil-comprimidos-de-viagra-na-mala\\\/#primaryimage\"},\"image\":{\"@id\":\"https:\\\/\\\/pre.efe.com\\\/pt-br\\\/mundo-2\\\/2025-02-14\\\/passageiro-e-detido-na-espanha-com-20-mil-comprimidos-de-viagra-na-mala\\\/#primaryimage\"},\"thumbnailUrl\":\"https:\\\/\\\/pre.efe.com\\\/wp-content\\\/uploads\\\/2025\\\/02\\\/imagem-viagra.jpg\",\"datePublished\":\"2025-02-14T16:24:12+00:00\",\"dateModified\":\"2025-02-14T16:24:15+00:00\",\"breadcrumb\":{\"@id\":\"https:\\\/\\\/pre.efe.com\\\/pt-br\\\/mundo-2\\\/2025-02-14\\\/passageiro-e-detido-na-espanha-com-20-mil-comprimidos-de-viagra-na-mala\\\/#breadcrumb\"},\"inLanguage\":\"pt-BR\",\"potentialAction\":[{\"@type\":\"ReadAction\",\"target\":[\"https:\\\/\\\/pre.efe.com\\\/pt-br\\\/mundo-2\\\/2025-02-14\\\/passageiro-e-detido-na-espanha-com-20-mil-comprimidos-de-viagra-na-mala\\\/\"]}]},{\"@type\":\"ImageObject\",\"inLanguage\":\"pt-BR\",\"@id\":\"https:\\\/\\\/pre.efe.com\\\/pt-br\\\/mundo-2\\\/2025-02-14\\\/passageiro-e-detido-na-espanha-com-20-mil-comprimidos-de-viagra-na-mala\\\/#primaryimage\",\"url\":\"https:\\\/\\\/pre.efe.com\\\/wp-content\\\/uploads\\\/2025\\\/02\\\/imagem-viagra.jpg\",\"contentUrl\":\"https:\\\/\\\/pre.efe.com\\\/wp-content\\\/uploads\\\/2025\\\/02\\\/imagem-viagra.jpg\",\"width\":1727,\"height\":932,\"caption\":\"Captura de tela do v\u00eddeo da apreens\u00e3o realizada cedido pela Guarda Civil espanhola e pela Ag\u00eancia Tributaria, respons\u00e1veis pela opera\u00e7\u00e3o que deteve um passageiro no aeroporto de Barcelona. EFE\\\/Guarda Civil\\\/Agencia Tributaria\"},{\"@type\":\"BreadcrumbList\",\"@id\":\"https:\\\/\\\/pre.efe.com\\\/pt-br\\\/mundo-2\\\/2025-02-14\\\/passageiro-e-detido-na-espanha-com-20-mil-comprimidos-de-viagra-na-mala\\\/#breadcrumb\",\"itemListElement\":[{\"@type\":\"ListItem\",\"position\":1,\"name\":\"Portada\",\"item\":\"https:\\\/\\\/pre.efe.com\\\/pt-br\\\/\"},{\"@type\":\"ListItem\",\"position\":2,\"name\":\"Passageiro \u00e9 detido na Espanha com 20 mil comprimidos de Viagra na mala\"}]},{\"@type\":\"WebSite\",\"@id\":\"https:\\\/\\\/pre.efe.com\\\/pt-br\\\/#website\",\"url\":\"https:\\\/\\\/pre.efe.com\\\/pt-br\\\/\",\"name\":\"EFE Noticias\",\"description\":\"\",\"publisher\":{\"@id\":\"https:\\\/\\\/pre.efe.com\\\/pt-br\\\/#organization\"},\"potentialAction\":[{\"@type\":\"SearchAction\",\"target\":{\"@type\":\"EntryPoint\",\"urlTemplate\":\"https:\\\/\\\/pre.efe.com\\\/pt-br\\\/?s={search_term_string}\"},\"query-input\":{\"@type\":\"PropertyValueSpecification\",\"valueRequired\":true,\"valueName\":\"search_term_string\"}}],\"inLanguage\":\"pt-BR\"},{\"@type\":\"Organization\",\"@id\":\"https:\\\/\\\/pre.efe.com\\\/pt-br\\\/#organization\",\"name\":\"Agencia EFE\",\"url\":\"https:\\\/\\\/pre.efe.com\\\/pt-br\\\/\",\"logo\":{\"@type\":\"ImageObject\",\"inLanguage\":\"pt-BR\",\"@id\":\"https:\\\/\\\/pre.efe.com\\\/pt-br\\\/#\\\/schema\\\/logo\\\/image\\\/\",\"url\":\"https:\\\/\\\/pre.efe.com\\\/wp-content\\\/uploads\\\/2023\\\/06\\\/logo-efe-467.png\",\"contentUrl\":\"https:\\\/\\\/pre.efe.com\\\/wp-content\\\/uploads\\\/2023\\\/06\\\/logo-efe-467.png\",\"width\":467,\"height\":467,\"caption\":\"Agencia EFE\"},\"image\":{\"@id\":\"https:\\\/\\\/pre.efe.com\\\/pt-br\\\/#\\\/schema\\\/logo\\\/image\\\/\"},\"sameAs\":[\"https:\\\/\\\/www.facebook.com\\\/AgenciaEFEnoticias\\\/\",\"https:\\\/\\\/x.com\\\/efenoticias\",\"https:\\\/\\\/www.instagram.com\\\/efe_noticias\\\/\",\"http:\\\/\\\/www.youtube.com\\\/efe\"]},{\"@type\":\"Person\",\"@id\":\"https:\\\/\\\/pre.efe.com\\\/pt-br\\\/#\\\/schema\\\/person\\\/b19f23f210db552768f68a4b552b004f\",\"name\":\"anachain\",\"image\":{\"@type\":\"ImageObject\",\"inLanguage\":\"pt-BR\",\"@id\":\"https:\\\/\\\/secure.gravatar.com\\\/avatar\\\/30b83965911ef1108bb893c00bdd65c885f9890e1265ee04b02c3d5adc785d37?s=96&d=identicon&r=g\",\"url\":\"https:\\\/\\\/secure.gravatar.com\\\/avatar\\\/30b83965911ef1108bb893c00bdd65c885f9890e1265ee04b02c3d5adc785d37?s=96&d=identicon&r=g\",\"contentUrl\":\"https:\\\/\\\/secure.gravatar.com\\\/avatar\\\/30b83965911ef1108bb893c00bdd65c885f9890e1265ee04b02c3d5adc785d37?s=96&d=identicon&r=g\",\"caption\":\"anachain\"},\"url\":\"https:\\\/\\\/pre.efe.com\\\/pt-br\\\/autor\\\/anachain\\\/\"}]}<\/script>\n<!-- \/ Yoast SEO Premium plugin. -->","yoast_head_json":{"title":"Passageiro \u00e9 detido na Espanha com 20 mil comprimidos de Viagra na mala - EFE","robots":{"index":"noindex","follow":"follow"},"og_locale":"pt_BR","og_type":"article","og_title":"Passageiro \u00e9 detido na Espanha com 20 mil comprimidos de Viagra na mala - EFE","og_description":"Barcelona (EFE).- Um passageiro de um voo procedente de Santo Domingo foi preso no aeroporto de Barcelona com mais de 20.000 comprimidos de Viagra na mala, informou a Guarda Civil espanhola nesta sexta-feira. O homem, de 22 anos, foi detido por membros da Guardia Civil e da Ag\u00eancia Tribut\u00e1ria da Espanha. Com valor estimado em ... Leia mais","og_url":"https:\/\/pre.efe.com\/pt-br\/mundo-2\/2025-02-14\/passageiro-e-detido-na-espanha-com-20-mil-comprimidos-de-viagra-na-mala\/","og_site_name":"EFE Noticias","article_publisher":"https:\/\/www.facebook.com\/AgenciaEFEnoticias\/","article_published_time":"2025-02-14T16:24:12+00:00","article_modified_time":"2025-02-14T16:24:15+00:00","og_image":[{"width":1727,"height":932,"url":"https:\/\/i0.wp.com\/efe.com\/\/srv\/htdocs\/wp-content\/uploads\/2025\/02\/imagem-viagra.jpg?fit=1727%2C932&ssl=1","type":"image\/jpeg"}],"author":"anachain","twitter_card":"summary_large_image","twitter_creator":"@efenoticias","twitter_site":"@efenoticias","schema":{"@context":"https:\/\/schema.org","@graph":[{"@type":"NewsArticle","@id":"https:\/\/pre.efe.com\/pt-br\/mundo-2\/2025-02-14\/passageiro-e-detido-na-espanha-com-20-mil-comprimidos-de-viagra-na-mala\/#article","isPartOf":{"@id":"https:\/\/pre.efe.com\/pt-br\/mundo-2\/2025-02-14\/passageiro-e-detido-na-espanha-com-20-mil-comprimidos-de-viagra-na-mala\/"},"author":{"name":"anachain","@id":"https:\/\/pre.efe.com\/pt-br\/#\/schema\/person\/b19f23f210db552768f68a4b552b004f"},"headline":"Passageiro \u00e9 detido na Espanha com 20 mil comprimidos de Viagra na mala","datePublished":"2025-02-14T16:24:12+00:00","dateModified":"2025-02-14T16:24:15+00:00","mainEntityOfPage":{"@id":"https:\/\/pre.efe.com\/pt-br\/mundo-2\/2025-02-14\/passageiro-e-detido-na-espanha-com-20-mil-comprimidos-de-viagra-na-mala\/"},"wordCount":163,"publisher":{"@id":"https:\/\/pre.efe.com\/pt-br\/#organization"},"image":{"@id":"https:\/\/pre.efe.com\/pt-br\/mundo-2\/2025-02-14\/passageiro-e-detido-na-espanha-com-20-mil-comprimidos-de-viagra-na-mala\/#primaryimage"},"thumbnailUrl":"https:\/\/pre.efe.com\/wp-content\/uploads\/2025\/02\/imagem-viagra.jpg","keywords":["Espanha","Justi\u00e7a"],"articleSection":["Mundo","Outras not\u00edcias"],"inLanguage":"pt-BR","copyrightYear":"2025","copyrightHolder":{"@id":"https:\/\/pre.efe.com\/#organization"}},{"@type":["WebPage","ItemPage"],"@id":"https:\/\/pre.efe.com\/pt-br\/mundo-2\/2025-02-14\/passageiro-e-detido-na-espanha-com-20-mil-comprimidos-de-viagra-na-mala\/","url":"https:\/\/pre.efe.com\/pt-br\/mundo-2\/2025-02-14\/passageiro-e-detido-na-espanha-com-20-mil-comprimidos-de-viagra-na-mala\/","name":"Passageiro \u00e9 detido na Espanha com 20 mil comprimidos de Viagra na mala - EFE","isPartOf":{"@id":"https:\/\/pre.efe.com\/pt-br\/#website"},"primaryImageOfPage":{"@id":"https:\/\/pre.efe.com\/pt-br\/mundo-2\/2025-02-14\/passageiro-e-detido-na-espanha-com-20-mil-comprimidos-de-viagra-na-mala\/#primaryimage"},"image":{"@id":"https:\/\/pre.efe.com\/pt-br\/mundo-2\/2025-02-14\/passageiro-e-detido-na-espanha-com-20-mil-comprimidos-de-viagra-na-mala\/#primaryimage"},"thumbnailUrl":"https:\/\/pre.efe.com\/wp-content\/uploads\/2025\/02\/imagem-viagra.jpg","datePublished":"2025-02-14T16:24:12+00:00","dateModified":"2025-02-14T16:24:15+00:00","breadcrumb":{"@id":"https:\/\/pre.efe.com\/pt-br\/mundo-2\/2025-02-14\/passageiro-e-detido-na-espanha-com-20-mil-comprimidos-de-viagra-na-mala\/#breadcrumb"},"inLanguage":"pt-BR","potentialAction":[{"@type":"ReadAction","target":["https:\/\/pre.efe.com\/pt-br\/mundo-2\/2025-02-14\/passageiro-e-detido-na-espanha-com-20-mil-comprimidos-de-viagra-na-mala\/"]}]},{"@type":"ImageObject","inLanguage":"pt-BR","@id":"https:\/\/pre.efe.com\/pt-br\/mundo-2\/2025-02-14\/passageiro-e-detido-na-espanha-com-20-mil-comprimidos-de-viagra-na-mala\/#primaryimage","url":"https:\/\/pre.efe.com\/wp-content\/uploads\/2025\/02\/imagem-viagra.jpg","contentUrl":"https:\/\/pre.efe.com\/wp-content\/uploads\/2025\/02\/imagem-viagra.jpg","width":1727,"height":932,"caption":"Captura de tela do v\u00eddeo da apreens\u00e3o realizada cedido pela Guarda Civil espanhola e pela Ag\u00eancia Tributaria, respons\u00e1veis pela opera\u00e7\u00e3o que deteve um passageiro no aeroporto de Barcelona. EFE\/Guarda Civil\/Agencia Tributaria"},{"@type":"BreadcrumbList","@id":"https:\/\/pre.efe.com\/pt-br\/mundo-2\/2025-02-14\/passageiro-e-detido-na-espanha-com-20-mil-comprimidos-de-viagra-na-mala\/#breadcrumb","itemListElement":[{"@type":"ListItem","position":1,"name":"Portada","item":"https:\/\/pre.efe.com\/pt-br\/"},{"@type":"ListItem","position":2,"name":"Passageiro \u00e9 detido na Espanha com 20 mil comprimidos de Viagra na mala"}]},{"@type":"WebSite","@id":"https:\/\/pre.efe.com\/pt-br\/#website","url":"https:\/\/pre.efe.com\/pt-br\/","name":"EFE Noticias","description":"","publisher":{"@id":"https:\/\/pre.efe.com\/pt-br\/#organization"},"potentialAction":[{"@type":"SearchAction","target":{"@type":"EntryPoint","urlTemplate":"https:\/\/pre.efe.com\/pt-br\/?s={search_term_string}"},"query-input":{"@type":"PropertyValueSpecification","valueRequired":true,"valueName":"search_term_string"}}],"inLanguage":"pt-BR"},{"@type":"Organization","@id":"https:\/\/pre.efe.com\/pt-br\/#organization","name":"Agencia EFE","url":"https:\/\/pre.efe.com\/pt-br\/","logo":{"@type":"ImageObject","inLanguage":"pt-BR","@id":"https:\/\/pre.efe.com\/pt-br\/#\/schema\/logo\/image\/","url":"https:\/\/pre.efe.com\/wp-content\/uploads\/2023\/06\/logo-efe-467.png","contentUrl":"https:\/\/pre.efe.com\/wp-content\/uploads\/2023\/06\/logo-efe-467.png","width":467,"height":467,"caption":"Agencia EFE"},"image":{"@id":"https:\/\/pre.efe.com\/pt-br\/#\/schema\/logo\/image\/"},"sameAs":["https:\/\/www.facebook.com\/AgenciaEFEnoticias\/","https:\/\/x.com\/efenoticias","https:\/\/www.instagram.com\/efe_noticias\/","http:\/\/www.youtube.com\/efe"]},{"@type":"Person","@id":"https:\/\/pre.efe.com\/pt-br\/#\/schema\/person\/b19f23f210db552768f68a4b552b004f","name":"anachain","image":{"@type":"ImageObject","inLanguage":"pt-BR","@id":"https:\/\/secure.gravatar.com\/avatar\/30b83965911ef1108bb893c00bdd65c885f9890e1265ee04b02c3d5adc785d37?s=96&d=identicon&r=g","url":"https:\/\/secure.gravatar.com\/avatar\/30b83965911ef1108bb893c00bdd65c885f9890e1265ee04b02c3d5adc785d37?s=96&d=identicon&r=g","contentUrl":"https:\/\/secure.gravatar.com\/avatar\/30b83965911ef1108bb893c00bdd65c885f9890e1265ee04b02c3d5adc785d37?s=96&d=identicon&r=g","caption":"anachain"},"url":"https:\/\/pre.efe.com\/pt-br\/autor\/anachain\/"}]}},"jetpack_featured_media_url":"https:\/\/pre.efe.com\/wp-content\/uploads\/2025\/02\/imagem-viagra.jpg","jetpack_shortlink":"https:\/\/wp.me\/peJvHm-71nC","jetpack_sharing_enabled":true,"_links":{"self":[{"href":"https:\/\/pre.efe.com\/pt-br\/wp-json\/wp\/v2\/posts\/1673604","targetHints":{"allow":["GET"]}}],"collection":[{"href":"https:\/\/pre.efe.com\/pt-br\/wp-json\/wp\/v2\/posts"}],"about":[{"href":"https:\/\/pre.efe.com\/pt-br\/wp-json\/wp\/v2\/types\/post"}],"author":[{"embeddable":true,"href":"https:\/\/pre.efe.com\/pt-br\/wp-json\/wp\/v2\/users\/198164106"}],"replies":[{"embeddable":true,"href":"https:\/\/pre.efe.com\/pt-br\/wp-json\/wp\/v2\/comments?post=1673604"}],"version-history":[{"count":1,"href":"https:\/\/pre.efe.com\/pt-br\/wp-json\/wp\/v2\/posts\/1673604\/revisions"}],"predecessor-version":[{"id":1673633,"href":"https:\/\/pre.efe.com\/pt-br\/wp-json\/wp\/v2\/posts\/1673604\/revisions\/1673633"}],"wp:featuredmedia":[{"embeddable":true,"href":"https:\/\/pre.efe.com\/pt-br\/wp-json\/wp\/v2\/media\/1673622"}],"wp:attachment":[{"href":"https:\/\/pre.efe.com\/pt-br\/wp-json\/wp\/v2\/media?parent=1673604"}],"wp:term":[{"taxonomy":"category","embeddable":true,"href":"https:\/\/pre.efe.com\/pt-br\/wp-json\/wp\/v2\/categories?post=1673604"},{"taxonomy":"post_tag","embeddable":true,"href":"https:\/\/pre.efe.com\/pt-br\/wp-json\/wp\/v2\/tags?post=1673604"}],"curies":[{"name":"wp","href":"https:\/\/api.w.org\/{rel}","templated":true}]}}