{"id":1678215,"date":"2025-02-17T13:17:00","date_gmt":"2025-02-17T12:17:00","guid":{"rendered":"https:\/\/pre.efe.com\/?p=1678215"},"modified":"2025-02-17T14:24:12","modified_gmt":"2025-02-17T13:24:12","slug":"quadro-clinico-do-papa-e-complexo-e-exige-hospitalizacao-adequada-diz-o-vaticano","status":"publish","type":"post","link":"https:\/\/pre.efe.com\/pt-br\/mundo-2\/2025-02-17\/quadro-clinico-do-papa-e-complexo-e-exige-hospitalizacao-adequada-diz-o-vaticano\/","title":{"rendered":"Quadro cl\u00ednico do papa \u00e9 &#8220;complexo&#8221; e exige hospitaliza\u00e7\u00e3o adequada, diz o Vaticano"},"content":{"rendered":"\n<p>Cidade do Vaticano (EFE).- Os exames realizados nos \u00faltimos dias e nesta segunda-feira no papa Francisco &#8220;mostraram uma infec\u00e7\u00e3o polimicrobiana do trato respirat\u00f3rio que exigiu modificar ainda mais a terapia&#8221;, o que, segundo explicou o Vaticano, \u201cexige uma hospitaliza\u00e7\u00e3o adequada&#8221;.<\/p>\n\n\n\n<p>Atrav\u00e9s de um comunicado, o Vaticano sugeriu que Francisco permanecer\u00e1 no hospital por mais alguns dias, ap\u00f3s ter dado entrada na \u00faltima sexta-feira no Hospital Gemelli, em Roma.<\/p>\n\n\n\n<p>O porta-voz do Vaticano, Matteo Bruni, esclareceu que a mudan\u00e7a no tratamento n\u00e3o se deveu a um &#8220;agravamento&#8221;, mas sim a uma leitura dos exames realizados nos \u00faltimos dias, que mostraram uma avalia\u00e7\u00e3o mais completa da patologia, neste caso uma infec\u00e7\u00e3o polimicrobiana.<\/p>\n\n\n\n<p>Por isso, n\u00e3o se falou em uma data para sua alta, esclareceu, ao mesmo tempo em que garantiu que o pont\u00edfice argentino &#8220;est\u00e1 de bom humor&#8221;.<\/p>\n\n\n\n<p>At\u00e9 o momento, o Vaticano anunciou que a audi\u00eancia geral de quarta-feira foi cancelada, enquanto alguns meios de comunica\u00e7\u00e3o est\u00e3o dizendo que o papa tamb\u00e9m n\u00e3o comparecer\u00e1 \u00e0 missa do Jubileu dos Di\u00e1conos no domingo, embora isso n\u00e3o tenha sido oficialmente confirmado.<\/p>\n\n\n\n<p>Bruni havia afirmado anteriormente que Francisco descansou bem e passou \u201ctranquilo\u201d sua terceira noite no Gemelli.<\/p>\n\n\n\n<p>&#8220;Ele tomou caf\u00e9 da manh\u00e3 e se dedicou \u00e0 leitura dos jornais&#8221;, disse o porta-voz aos rep\u00f3rteres, enquanto se espera o pr\u00f3ximo boletim m\u00e9dico, que ser\u00e1 divulgado esta tarde.<\/p>\n\n\n\n<p>Hoje tamb\u00e9m foi revelado que, apesar de estar hospitalizado, Francisco ligou para a par\u00f3quia da Sagrada Fam\u00edlia, a \u00fanica igreja cat\u00f3lica da Faixa de Gaza.<\/p>\n\n\n\n<p>&#8220;Ele nos ligou na sexta e no s\u00e1bado, sua voz estava um pouco cansada, mas ele estava de bom humor e queria saber como est\u00e1vamos&#8221;, afirmou um funcion\u00e1rio da par\u00f3quia a uma emissora de televis\u00e3o do grupo italiano Mediaset.<\/p>\n\n\n\n<p>O papa tem telefonado para a par\u00f3quia, onde est\u00e3o refugiadas cerca de 600 pessoas, todos os dias desde o in\u00edcio da guerra, e quis manter o h\u00e1bito mesmo durante sua hospitaliza\u00e7\u00e3o.<\/p>\n\n\n\n<p>Francisco n\u00e3o entrou em contato com a par\u00f3quia ontem, domingo, mas j\u00e1 havia anunciado que descansaria nesse dia, segundo explicou a igreja, cujo p\u00e1roco \u00e9 o padre argentino Gabriel Romanell. EFE<\/p>\n","protected":false},"excerpt":{"rendered":"<p>Cidade do Vaticano (EFE).- Os exames realizados nos \u00faltimos dias e nesta segunda-feira no papa Francisco &#8220;mostraram uma infec\u00e7\u00e3o polimicrobiana do trato respirat\u00f3rio que exigiu modificar ainda mais a terapia&#8221;, o que, segundo explicou o Vaticano, \u201cexige uma hospitaliza\u00e7\u00e3o adequada&#8221;. Atrav\u00e9s de um comunicado, o Vaticano sugeriu que Francisco permanecer\u00e1 no hospital por mais alguns &#8230; <a title=\"Quadro cl\u00ednico do papa \u00e9 &#8220;complexo&#8221; e exige hospitaliza\u00e7\u00e3o adequada, diz o Vaticano\" class=\"read-more\" href=\"https:\/\/pre.efe.com\/pt-br\/mundo-2\/2025-02-17\/quadro-clinico-do-papa-e-complexo-e-exige-hospitalizacao-adequada-diz-o-vaticano\/\" aria-label=\"Read more about Quadro cl\u00ednico do papa \u00e9 &#8220;complexo&#8221; e exige hospitaliza\u00e7\u00e3o adequada, diz o Vaticano\">Leia mais<\/a><\/p>\n","protected":false},"author":198164106,"featured_media":1678100,"comment_status":"closed","ping_status":"closed","sticky":false,"template":"","format":"standard","meta":{"_acf_changed":false,"_jetpack_memberships_contains_paid_content":false,"footnotes":""},"categories":[123208,122141],"tags":[125155,128478],"class_list":["post-1678215","post","type-post","status-publish","format-standard","has-post-thumbnail","hentry","category-mundo-2","category-portada","tag-papa-2","tag-vaticano","generate-columns","tablet-grid-50","mobile-grid-100","grid-parent","grid-50"],"acf":[],"yoast_head":"<!-- This site is optimized with the Yoast SEO Premium plugin v26.0 (Yoast SEO v27.4) - https:\/\/yoast.com\/product\/yoast-seo-premium-wordpress\/ -->\n<title>Quadro cl\u00ednico do papa \u00e9 &quot;complexo&quot; e exige hospitaliza\u00e7\u00e3o adequada, diz o Vaticano - EFE<\/title>\n<meta name=\"robots\" content=\"noindex, follow\" \/>\n<meta property=\"og:locale\" content=\"pt_BR\" \/>\n<meta property=\"og:type\" content=\"article\" \/>\n<meta property=\"og:title\" content=\"Quadro cl\u00ednico do papa \u00e9 &quot;complexo&quot; e exige hospitaliza\u00e7\u00e3o adequada, diz o Vaticano - EFE\" \/>\n<meta property=\"og:description\" content=\"Cidade do Vaticano (EFE).- Os exames realizados nos \u00faltimos dias e nesta segunda-feira no papa Francisco &#8220;mostraram uma infec\u00e7\u00e3o polimicrobiana do trato respirat\u00f3rio que exigiu modificar ainda mais a terapia&#8221;, o que, segundo explicou o Vaticano, \u201cexige uma hospitaliza\u00e7\u00e3o adequada&#8221;. Atrav\u00e9s de um comunicado, o Vaticano sugeriu que Francisco permanecer\u00e1 no hospital por mais alguns ... Leia mais\" \/>\n<meta property=\"og:url\" content=\"https:\/\/pre.efe.com\/pt-br\/mundo-2\/2025-02-17\/quadro-clinico-do-papa-e-complexo-e-exige-hospitalizacao-adequada-diz-o-vaticano\/\" \/>\n<meta property=\"og:site_name\" content=\"EFE Noticias\" \/>\n<meta property=\"article:publisher\" content=\"https:\/\/www.facebook.com\/AgenciaEFEnoticias\/\" \/>\n<meta property=\"article:published_time\" content=\"2025-02-17T12:17:00+00:00\" \/>\n<meta property=\"article:modified_time\" content=\"2025-02-17T13:24:12+00:00\" \/>\n<meta property=\"og:image\" content=\"https:\/\/i0.wp.com\/efe.com\/\/srv\/htdocs\/wp-content\/uploads\/2025\/02\/GEMELLI.jpg?fit=900%2C599&ssl=1\" \/>\n\t<meta property=\"og:image:width\" content=\"900\" \/>\n\t<meta property=\"og:image:height\" content=\"599\" \/>\n\t<meta property=\"og:image:type\" content=\"image\/jpeg\" \/>\n<meta name=\"author\" content=\"anachain\" \/>\n<meta name=\"twitter:card\" content=\"summary_large_image\" \/>\n<meta name=\"twitter:creator\" content=\"@efenoticias\" \/>\n<meta name=\"twitter:site\" content=\"@efenoticias\" \/>\n<script type=\"application\/ld+json\" class=\"yoast-schema-graph\">{\"@context\":\"https:\\\/\\\/schema.org\",\"@graph\":[{\"@type\":\"NewsArticle\",\"@id\":\"https:\\\/\\\/pre.efe.com\\\/pt-br\\\/mundo-2\\\/2025-02-17\\\/quadro-clinico-do-papa-e-complexo-e-exige-hospitalizacao-adequada-diz-o-vaticano\\\/#article\",\"isPartOf\":{\"@id\":\"https:\\\/\\\/pre.efe.com\\\/pt-br\\\/mundo-2\\\/2025-02-17\\\/quadro-clinico-do-papa-e-complexo-e-exige-hospitalizacao-adequada-diz-o-vaticano\\\/\"},\"author\":{\"name\":\"anachain\",\"@id\":\"https:\\\/\\\/pre.efe.com\\\/pt-br\\\/#\\\/schema\\\/person\\\/b19f23f210db552768f68a4b552b004f\"},\"headline\":\"Quadro cl\u00ednico do papa \u00e9 &#8220;complexo&#8221; e exige hospitaliza\u00e7\u00e3o adequada, diz o Vaticano\",\"datePublished\":\"2025-02-17T12:17:00+00:00\",\"dateModified\":\"2025-02-17T13:24:12+00:00\",\"mainEntityOfPage\":{\"@id\":\"https:\\\/\\\/pre.efe.com\\\/pt-br\\\/mundo-2\\\/2025-02-17\\\/quadro-clinico-do-papa-e-complexo-e-exige-hospitalizacao-adequada-diz-o-vaticano\\\/\"},\"wordCount\":398,\"publisher\":{\"@id\":\"https:\\\/\\\/pre.efe.com\\\/pt-br\\\/#organization\"},\"image\":{\"@id\":\"https:\\\/\\\/pre.efe.com\\\/pt-br\\\/mundo-2\\\/2025-02-17\\\/quadro-clinico-do-papa-e-complexo-e-exige-hospitalizacao-adequada-diz-o-vaticano\\\/#primaryimage\"},\"thumbnailUrl\":\"https:\\\/\\\/pre.efe.com\\\/wp-content\\\/uploads\\\/2025\\\/02\\\/GEMELLI.jpg\",\"keywords\":[\"Papa\",\"Vaticano\"],\"articleSection\":[\"Mundo\",\"Portada\"],\"inLanguage\":\"pt-BR\",\"copyrightYear\":\"2025\",\"copyrightHolder\":{\"@id\":\"https:\\\/\\\/pre.efe.com\\\/#organization\"}},{\"@type\":[\"WebPage\",\"ItemPage\"],\"@id\":\"https:\\\/\\\/pre.efe.com\\\/pt-br\\\/mundo-2\\\/2025-02-17\\\/quadro-clinico-do-papa-e-complexo-e-exige-hospitalizacao-adequada-diz-o-vaticano\\\/\",\"url\":\"https:\\\/\\\/pre.efe.com\\\/pt-br\\\/mundo-2\\\/2025-02-17\\\/quadro-clinico-do-papa-e-complexo-e-exige-hospitalizacao-adequada-diz-o-vaticano\\\/\",\"name\":\"Quadro cl\u00ednico do papa \u00e9 \\\"complexo\\\" e exige hospitaliza\u00e7\u00e3o adequada, diz o Vaticano - EFE\",\"isPartOf\":{\"@id\":\"https:\\\/\\\/pre.efe.com\\\/pt-br\\\/#website\"},\"primaryImageOfPage\":{\"@id\":\"https:\\\/\\\/pre.efe.com\\\/pt-br\\\/mundo-2\\\/2025-02-17\\\/quadro-clinico-do-papa-e-complexo-e-exige-hospitalizacao-adequada-diz-o-vaticano\\\/#primaryimage\"},\"image\":{\"@id\":\"https:\\\/\\\/pre.efe.com\\\/pt-br\\\/mundo-2\\\/2025-02-17\\\/quadro-clinico-do-papa-e-complexo-e-exige-hospitalizacao-adequada-diz-o-vaticano\\\/#primaryimage\"},\"thumbnailUrl\":\"https:\\\/\\\/pre.efe.com\\\/wp-content\\\/uploads\\\/2025\\\/02\\\/GEMELLI.jpg\",\"datePublished\":\"2025-02-17T12:17:00+00:00\",\"dateModified\":\"2025-02-17T13:24:12+00:00\",\"breadcrumb\":{\"@id\":\"https:\\\/\\\/pre.efe.com\\\/pt-br\\\/mundo-2\\\/2025-02-17\\\/quadro-clinico-do-papa-e-complexo-e-exige-hospitalizacao-adequada-diz-o-vaticano\\\/#breadcrumb\"},\"inLanguage\":\"pt-BR\",\"potentialAction\":[{\"@type\":\"ReadAction\",\"target\":[\"https:\\\/\\\/pre.efe.com\\\/pt-br\\\/mundo-2\\\/2025-02-17\\\/quadro-clinico-do-papa-e-complexo-e-exige-hospitalizacao-adequada-diz-o-vaticano\\\/\"]}]},{\"@type\":\"ImageObject\",\"inLanguage\":\"pt-BR\",\"@id\":\"https:\\\/\\\/pre.efe.com\\\/pt-br\\\/mundo-2\\\/2025-02-17\\\/quadro-clinico-do-papa-e-complexo-e-exige-hospitalizacao-adequada-diz-o-vaticano\\\/#primaryimage\",\"url\":\"https:\\\/\\\/pre.efe.com\\\/wp-content\\\/uploads\\\/2025\\\/02\\\/GEMELLI.jpg\",\"contentUrl\":\"https:\\\/\\\/pre.efe.com\\\/wp-content\\\/uploads\\\/2025\\\/02\\\/GEMELLI.jpg\",\"width\":900,\"height\":599,\"caption\":\"O hospital Gemelli, onde o papa est\u00e1 internado. EFE\\\/Daniel C\u00e1ceres\"},{\"@type\":\"BreadcrumbList\",\"@id\":\"https:\\\/\\\/pre.efe.com\\\/pt-br\\\/mundo-2\\\/2025-02-17\\\/quadro-clinico-do-papa-e-complexo-e-exige-hospitalizacao-adequada-diz-o-vaticano\\\/#breadcrumb\",\"itemListElement\":[{\"@type\":\"ListItem\",\"position\":1,\"name\":\"Portada\",\"item\":\"https:\\\/\\\/pre.efe.com\\\/pt-br\\\/\"},{\"@type\":\"ListItem\",\"position\":2,\"name\":\"Quadro cl\u00ednico do papa \u00e9 &#8220;complexo&#8221; e exige hospitaliza\u00e7\u00e3o adequada, diz o Vaticano\"}]},{\"@type\":\"WebSite\",\"@id\":\"https:\\\/\\\/pre.efe.com\\\/pt-br\\\/#website\",\"url\":\"https:\\\/\\\/pre.efe.com\\\/pt-br\\\/\",\"name\":\"EFE Noticias\",\"description\":\"\",\"publisher\":{\"@id\":\"https:\\\/\\\/pre.efe.com\\\/pt-br\\\/#organization\"},\"potentialAction\":[{\"@type\":\"SearchAction\",\"target\":{\"@type\":\"EntryPoint\",\"urlTemplate\":\"https:\\\/\\\/pre.efe.com\\\/pt-br\\\/?s={search_term_string}\"},\"query-input\":{\"@type\":\"PropertyValueSpecification\",\"valueRequired\":true,\"valueName\":\"search_term_string\"}}],\"inLanguage\":\"pt-BR\"},{\"@type\":\"Organization\",\"@id\":\"https:\\\/\\\/pre.efe.com\\\/pt-br\\\/#organization\",\"name\":\"Agencia EFE\",\"url\":\"https:\\\/\\\/pre.efe.com\\\/pt-br\\\/\",\"logo\":{\"@type\":\"ImageObject\",\"inLanguage\":\"pt-BR\",\"@id\":\"https:\\\/\\\/pre.efe.com\\\/pt-br\\\/#\\\/schema\\\/logo\\\/image\\\/\",\"url\":\"https:\\\/\\\/pre.efe.com\\\/wp-content\\\/uploads\\\/2023\\\/06\\\/logo-efe-467.png\",\"contentUrl\":\"https:\\\/\\\/pre.efe.com\\\/wp-content\\\/uploads\\\/2023\\\/06\\\/logo-efe-467.png\",\"width\":467,\"height\":467,\"caption\":\"Agencia EFE\"},\"image\":{\"@id\":\"https:\\\/\\\/pre.efe.com\\\/pt-br\\\/#\\\/schema\\\/logo\\\/image\\\/\"},\"sameAs\":[\"https:\\\/\\\/www.facebook.com\\\/AgenciaEFEnoticias\\\/\",\"https:\\\/\\\/x.com\\\/efenoticias\",\"https:\\\/\\\/www.instagram.com\\\/efe_noticias\\\/\",\"http:\\\/\\\/www.youtube.com\\\/efe\"]},{\"@type\":\"Person\",\"@id\":\"https:\\\/\\\/pre.efe.com\\\/pt-br\\\/#\\\/schema\\\/person\\\/b19f23f210db552768f68a4b552b004f\",\"name\":\"anachain\",\"image\":{\"@type\":\"ImageObject\",\"inLanguage\":\"pt-BR\",\"@id\":\"https:\\\/\\\/secure.gravatar.com\\\/avatar\\\/30b83965911ef1108bb893c00bdd65c885f9890e1265ee04b02c3d5adc785d37?s=96&d=identicon&r=g\",\"url\":\"https:\\\/\\\/secure.gravatar.com\\\/avatar\\\/30b83965911ef1108bb893c00bdd65c885f9890e1265ee04b02c3d5adc785d37?s=96&d=identicon&r=g\",\"contentUrl\":\"https:\\\/\\\/secure.gravatar.com\\\/avatar\\\/30b83965911ef1108bb893c00bdd65c885f9890e1265ee04b02c3d5adc785d37?s=96&d=identicon&r=g\",\"caption\":\"anachain\"},\"url\":\"https:\\\/\\\/pre.efe.com\\\/pt-br\\\/autor\\\/anachain\\\/\"}]}<\/script>\n<!-- \/ Yoast SEO Premium plugin. -->","yoast_head_json":{"title":"Quadro cl\u00ednico do papa \u00e9 \"complexo\" e exige hospitaliza\u00e7\u00e3o adequada, diz o Vaticano - EFE","robots":{"index":"noindex","follow":"follow"},"og_locale":"pt_BR","og_type":"article","og_title":"Quadro cl\u00ednico do papa \u00e9 \"complexo\" e exige hospitaliza\u00e7\u00e3o adequada, diz o Vaticano - EFE","og_description":"Cidade do Vaticano (EFE).- Os exames realizados nos \u00faltimos dias e nesta segunda-feira no papa Francisco &#8220;mostraram uma infec\u00e7\u00e3o polimicrobiana do trato respirat\u00f3rio que exigiu modificar ainda mais a terapia&#8221;, o que, segundo explicou o Vaticano, \u201cexige uma hospitaliza\u00e7\u00e3o adequada&#8221;. Atrav\u00e9s de um comunicado, o Vaticano sugeriu que Francisco permanecer\u00e1 no hospital por mais alguns ... Leia mais","og_url":"https:\/\/pre.efe.com\/pt-br\/mundo-2\/2025-02-17\/quadro-clinico-do-papa-e-complexo-e-exige-hospitalizacao-adequada-diz-o-vaticano\/","og_site_name":"EFE Noticias","article_publisher":"https:\/\/www.facebook.com\/AgenciaEFEnoticias\/","article_published_time":"2025-02-17T12:17:00+00:00","article_modified_time":"2025-02-17T13:24:12+00:00","og_image":[{"width":900,"height":599,"url":"https:\/\/i0.wp.com\/efe.com\/\/srv\/htdocs\/wp-content\/uploads\/2025\/02\/GEMELLI.jpg?fit=900%2C599&ssl=1","type":"image\/jpeg"}],"author":"anachain","twitter_card":"summary_large_image","twitter_creator":"@efenoticias","twitter_site":"@efenoticias","schema":{"@context":"https:\/\/schema.org","@graph":[{"@type":"NewsArticle","@id":"https:\/\/pre.efe.com\/pt-br\/mundo-2\/2025-02-17\/quadro-clinico-do-papa-e-complexo-e-exige-hospitalizacao-adequada-diz-o-vaticano\/#article","isPartOf":{"@id":"https:\/\/pre.efe.com\/pt-br\/mundo-2\/2025-02-17\/quadro-clinico-do-papa-e-complexo-e-exige-hospitalizacao-adequada-diz-o-vaticano\/"},"author":{"name":"anachain","@id":"https:\/\/pre.efe.com\/pt-br\/#\/schema\/person\/b19f23f210db552768f68a4b552b004f"},"headline":"Quadro cl\u00ednico do papa \u00e9 &#8220;complexo&#8221; e exige hospitaliza\u00e7\u00e3o adequada, diz o Vaticano","datePublished":"2025-02-17T12:17:00+00:00","dateModified":"2025-02-17T13:24:12+00:00","mainEntityOfPage":{"@id":"https:\/\/pre.efe.com\/pt-br\/mundo-2\/2025-02-17\/quadro-clinico-do-papa-e-complexo-e-exige-hospitalizacao-adequada-diz-o-vaticano\/"},"wordCount":398,"publisher":{"@id":"https:\/\/pre.efe.com\/pt-br\/#organization"},"image":{"@id":"https:\/\/pre.efe.com\/pt-br\/mundo-2\/2025-02-17\/quadro-clinico-do-papa-e-complexo-e-exige-hospitalizacao-adequada-diz-o-vaticano\/#primaryimage"},"thumbnailUrl":"https:\/\/pre.efe.com\/wp-content\/uploads\/2025\/02\/GEMELLI.jpg","keywords":["Papa","Vaticano"],"articleSection":["Mundo","Portada"],"inLanguage":"pt-BR","copyrightYear":"2025","copyrightHolder":{"@id":"https:\/\/pre.efe.com\/#organization"}},{"@type":["WebPage","ItemPage"],"@id":"https:\/\/pre.efe.com\/pt-br\/mundo-2\/2025-02-17\/quadro-clinico-do-papa-e-complexo-e-exige-hospitalizacao-adequada-diz-o-vaticano\/","url":"https:\/\/pre.efe.com\/pt-br\/mundo-2\/2025-02-17\/quadro-clinico-do-papa-e-complexo-e-exige-hospitalizacao-adequada-diz-o-vaticano\/","name":"Quadro cl\u00ednico do papa \u00e9 \"complexo\" e exige hospitaliza\u00e7\u00e3o adequada, diz o Vaticano - EFE","isPartOf":{"@id":"https:\/\/pre.efe.com\/pt-br\/#website"},"primaryImageOfPage":{"@id":"https:\/\/pre.efe.com\/pt-br\/mundo-2\/2025-02-17\/quadro-clinico-do-papa-e-complexo-e-exige-hospitalizacao-adequada-diz-o-vaticano\/#primaryimage"},"image":{"@id":"https:\/\/pre.efe.com\/pt-br\/mundo-2\/2025-02-17\/quadro-clinico-do-papa-e-complexo-e-exige-hospitalizacao-adequada-diz-o-vaticano\/#primaryimage"},"thumbnailUrl":"https:\/\/pre.efe.com\/wp-content\/uploads\/2025\/02\/GEMELLI.jpg","datePublished":"2025-02-17T12:17:00+00:00","dateModified":"2025-02-17T13:24:12+00:00","breadcrumb":{"@id":"https:\/\/pre.efe.com\/pt-br\/mundo-2\/2025-02-17\/quadro-clinico-do-papa-e-complexo-e-exige-hospitalizacao-adequada-diz-o-vaticano\/#breadcrumb"},"inLanguage":"pt-BR","potentialAction":[{"@type":"ReadAction","target":["https:\/\/pre.efe.com\/pt-br\/mundo-2\/2025-02-17\/quadro-clinico-do-papa-e-complexo-e-exige-hospitalizacao-adequada-diz-o-vaticano\/"]}]},{"@type":"ImageObject","inLanguage":"pt-BR","@id":"https:\/\/pre.efe.com\/pt-br\/mundo-2\/2025-02-17\/quadro-clinico-do-papa-e-complexo-e-exige-hospitalizacao-adequada-diz-o-vaticano\/#primaryimage","url":"https:\/\/pre.efe.com\/wp-content\/uploads\/2025\/02\/GEMELLI.jpg","contentUrl":"https:\/\/pre.efe.com\/wp-content\/uploads\/2025\/02\/GEMELLI.jpg","width":900,"height":599,"caption":"O hospital Gemelli, onde o papa est\u00e1 internado. EFE\/Daniel C\u00e1ceres"},{"@type":"BreadcrumbList","@id":"https:\/\/pre.efe.com\/pt-br\/mundo-2\/2025-02-17\/quadro-clinico-do-papa-e-complexo-e-exige-hospitalizacao-adequada-diz-o-vaticano\/#breadcrumb","itemListElement":[{"@type":"ListItem","position":1,"name":"Portada","item":"https:\/\/pre.efe.com\/pt-br\/"},{"@type":"ListItem","position":2,"name":"Quadro cl\u00ednico do papa \u00e9 &#8220;complexo&#8221; e exige hospitaliza\u00e7\u00e3o adequada, diz o Vaticano"}]},{"@type":"WebSite","@id":"https:\/\/pre.efe.com\/pt-br\/#website","url":"https:\/\/pre.efe.com\/pt-br\/","name":"EFE Noticias","description":"","publisher":{"@id":"https:\/\/pre.efe.com\/pt-br\/#organization"},"potentialAction":[{"@type":"SearchAction","target":{"@type":"EntryPoint","urlTemplate":"https:\/\/pre.efe.com\/pt-br\/?s={search_term_string}"},"query-input":{"@type":"PropertyValueSpecification","valueRequired":true,"valueName":"search_term_string"}}],"inLanguage":"pt-BR"},{"@type":"Organization","@id":"https:\/\/pre.efe.com\/pt-br\/#organization","name":"Agencia EFE","url":"https:\/\/pre.efe.com\/pt-br\/","logo":{"@type":"ImageObject","inLanguage":"pt-BR","@id":"https:\/\/pre.efe.com\/pt-br\/#\/schema\/logo\/image\/","url":"https:\/\/pre.efe.com\/wp-content\/uploads\/2023\/06\/logo-efe-467.png","contentUrl":"https:\/\/pre.efe.com\/wp-content\/uploads\/2023\/06\/logo-efe-467.png","width":467,"height":467,"caption":"Agencia EFE"},"image":{"@id":"https:\/\/pre.efe.com\/pt-br\/#\/schema\/logo\/image\/"},"sameAs":["https:\/\/www.facebook.com\/AgenciaEFEnoticias\/","https:\/\/x.com\/efenoticias","https:\/\/www.instagram.com\/efe_noticias\/","http:\/\/www.youtube.com\/efe"]},{"@type":"Person","@id":"https:\/\/pre.efe.com\/pt-br\/#\/schema\/person\/b19f23f210db552768f68a4b552b004f","name":"anachain","image":{"@type":"ImageObject","inLanguage":"pt-BR","@id":"https:\/\/secure.gravatar.com\/avatar\/30b83965911ef1108bb893c00bdd65c885f9890e1265ee04b02c3d5adc785d37?s=96&d=identicon&r=g","url":"https:\/\/secure.gravatar.com\/avatar\/30b83965911ef1108bb893c00bdd65c885f9890e1265ee04b02c3d5adc785d37?s=96&d=identicon&r=g","contentUrl":"https:\/\/secure.gravatar.com\/avatar\/30b83965911ef1108bb893c00bdd65c885f9890e1265ee04b02c3d5adc785d37?s=96&d=identicon&r=g","caption":"anachain"},"url":"https:\/\/pre.efe.com\/pt-br\/autor\/anachain\/"}]}},"jetpack_featured_media_url":"https:\/\/pre.efe.com\/wp-content\/uploads\/2025\/02\/GEMELLI.jpg","jetpack_shortlink":"https:\/\/wp.me\/peJvHm-72zZ","jetpack_sharing_enabled":true,"_links":{"self":[{"href":"https:\/\/pre.efe.com\/pt-br\/wp-json\/wp\/v2\/posts\/1678215","targetHints":{"allow":["GET"]}}],"collection":[{"href":"https:\/\/pre.efe.com\/pt-br\/wp-json\/wp\/v2\/posts"}],"about":[{"href":"https:\/\/pre.efe.com\/pt-br\/wp-json\/wp\/v2\/types\/post"}],"author":[{"embeddable":true,"href":"https:\/\/pre.efe.com\/pt-br\/wp-json\/wp\/v2\/users\/198164106"}],"replies":[{"embeddable":true,"href":"https:\/\/pre.efe.com\/pt-br\/wp-json\/wp\/v2\/comments?post=1678215"}],"version-history":[{"count":2,"href":"https:\/\/pre.efe.com\/pt-br\/wp-json\/wp\/v2\/posts\/1678215\/revisions"}],"predecessor-version":[{"id":1678330,"href":"https:\/\/pre.efe.com\/pt-br\/wp-json\/wp\/v2\/posts\/1678215\/revisions\/1678330"}],"wp:featuredmedia":[{"embeddable":true,"href":"https:\/\/pre.efe.com\/pt-br\/wp-json\/wp\/v2\/media\/1678100"}],"wp:attachment":[{"href":"https:\/\/pre.efe.com\/pt-br\/wp-json\/wp\/v2\/media?parent=1678215"}],"wp:term":[{"taxonomy":"category","embeddable":true,"href":"https:\/\/pre.efe.com\/pt-br\/wp-json\/wp\/v2\/categories?post=1678215"},{"taxonomy":"post_tag","embeddable":true,"href":"https:\/\/pre.efe.com\/pt-br\/wp-json\/wp\/v2\/tags?post=1678215"}],"curies":[{"name":"wp","href":"https:\/\/api.w.org\/{rel}","templated":true}]}}