{"id":169879,"date":"2022-11-14T18:00:00","date_gmt":"2022-11-14T17:00:00","guid":{"rendered":"https:\/\/pre.efe.com\/?p=169879"},"modified":"2024-05-14T11:27:25","modified_gmt":"2024-05-14T09:27:25","slug":"cop27-tem-poucos-avancos-em-negociacoes","status":"publish","type":"post","link":"https:\/\/pre.efe.com\/pt-br\/mundo-2\/2022-11-14\/cop27-tem-poucos-avancos-em-negociacoes\/","title":{"rendered":"COP27 tem poucos avan\u00e7os em negocia\u00e7\u00f5es"},"content":{"rendered":"\n<p>Sharm el Sheikh (<a href=\"https:\/\/pre.efe.com\/pt-br\/\">EFE<\/a>).- A presid\u00eancia da 27\u00aa Confer\u00eancia do Clima da Organiza\u00e7\u00e3o das Na\u00e7\u00f5es Unidas (COP 27) reconheceu nesta segunda-feira que h\u00e1 poucos avan\u00e7os nas negocia\u00e7\u00f5es da c\u00fapula e que ainda h\u00e1 &#8220;trabalho pela frente para obter resultados&#8221;, quando o evento entra na \u00faltima semana.<\/p>\n\n\n\n<p>Em apresenta\u00e7\u00e3o, o presidente da COP27 e ministro das Rela\u00e7\u00f5es Exteriores do Egito, Sameh Soukri, cobrou todas as partes &#8211; mais de 190 entre pa\u00edses, entidades internacionais e grupos regionais &#8211; a utilizarem &#8220;todos os meios dispon\u00edveis&#8221; para obter rascunhos dos acordos antes da pr\u00f3xima quarta-feira.<\/p>\n\n\n\n<p>O principal objetivo almejado do chanceler do pa\u00eds africano \u00e9 que seja fechado at\u00e9 a pr\u00f3xima segunda-feira uma declara\u00e7\u00e3o que contenha &#8220;decis\u00f5es ambiciosas&#8221;.<\/p>\n\n\n\n<blockquote class=\"wp-block-quote is-layout-flow wp-block-quote-is-layout-flow\"><p>&#8220;Conclu\u00edmos os trabalhos em v\u00e1rios temas, mas ainda falta trabalho pela frente, se queremos obter resultados significativos e tang\u00edveis de que possamos ficar orgulhosos. Temos que mudar de dire\u00e7\u00e3o e complementar as discuss\u00f5es t\u00e9cnicas com outras de compromissos pol\u00edticos&#8221;, disse Soukri.<\/p><\/blockquote>\n\n\n\n<p>Nesse sentido, o chanceler apontou que o trabalho que resta por abordar nos pr\u00f3ximos dias passa por tr\u00eas vias paralelas: a continua\u00e7\u00e3o das negocia\u00e7\u00f5es t\u00e9cnicas para ter material &#8220;a que possam incluir os acordos pol\u00edticos&#8221; e a continua\u00e7\u00e3o das &#8220;consultas ativas&#8221; entre os distintos grupos que trabalham na rela\u00e7\u00e3o final, para acrescentar &#8220;os assuntos que foram surgindo&#8221; nos comit\u00eas tem\u00e1ticos de menor apelo.<\/p>\n\n\n\n<p>Por \u00faltimo, segundo Soukri, \u00e9 preciso &#8220;continuar as consultas centradas em temas pol\u00edticos chave ainda sem resolver&#8221;.<\/p>\n\n\n\n<p>Tudo isso deveria estar resolvido, disse o chanceler, antes da \u00faltima quarta-feira \u00e0 tarde, para poder passar para os detalhes do documento e as conclus\u00f5es finais antes da \u00faltima sexta-feira, data prevista para o fim da COP27.<\/p>\n\n\n\n<blockquote class=\"wp-block-quote is-layout-flow wp-block-quote-is-layout-flow\"><p>&#8220;O objetivo \u00e9 ter conclus\u00f5es e decis\u00f5es substanciais, que constituam o fim da confer\u00eancia de Sharm el Sheikh. Recebemos fortes mensagens da ci\u00eancia e das pessoas na frente de luta sobre os custos da falta de a\u00e7\u00e3o de clim\u00e1tica. E tamb\u00e9m para que tomemos ambiciosas decis\u00f5es que se transfiram em programas que possam ser aplicadas com velocidades&#8221;, disse Soukri.<\/p><\/blockquote>\n\n\n\n<p>&#8220;O tempo n\u00e3o est\u00e1 do nosso lado e o mundo olha. \u00c9 hora de nos unirmos e cumprir&#8221;, concluiu o chanceler. <a href=\"https:\/\/efs.efeservicios.com\/\">EFE<\/a><\/p>\n","protected":false},"excerpt":{"rendered":"<p>Sharm el Sheikh (EFE).- A presid\u00eancia da 27\u00aa Confer\u00eancia do Clima da Organiza\u00e7\u00e3o das Na\u00e7\u00f5es Unidas (COP 27) reconheceu nesta segunda-feira que h\u00e1 poucos avan\u00e7os nas negocia\u00e7\u00f5es da c\u00fapula e que ainda h\u00e1 &#8220;trabalho pela frente para obter resultados&#8221;, quando o evento entra na \u00faltima semana. Em apresenta\u00e7\u00e3o, o presidente da COP27 e ministro das &#8230; <a title=\"COP27 tem poucos avan\u00e7os em negocia\u00e7\u00f5es\" class=\"read-more\" href=\"https:\/\/pre.efe.com\/pt-br\/mundo-2\/2022-11-14\/cop27-tem-poucos-avancos-em-negociacoes\/\" aria-label=\"Read more about COP27 tem poucos avan\u00e7os em negocia\u00e7\u00f5es\">Leia mais<\/a><\/p>\n","protected":false},"author":198164106,"featured_media":169882,"comment_status":"closed","ping_status":"closed","sticky":false,"template":"","format":"standard","meta":{"_acf_changed":false,"_jetpack_memberships_contains_paid_content":false,"footnotes":""},"categories":[123208,122141],"tags":[125765,124952,125764],"class_list":["post-169879","post","type-post","status-publish","format-standard","has-post-thumbnail","hentry","category-mundo-2","category-portada","tag-cop27-2","tag-meio-ambiente","tag-mudanca-climatica","generate-columns","tablet-grid-50","mobile-grid-100","grid-parent","grid-50"],"acf":[],"yoast_head":"<!-- This site is optimized with the Yoast SEO Premium plugin v26.0 (Yoast SEO v27.5) - https:\/\/yoast.com\/product\/yoast-seo-premium-wordpress\/ -->\n<title>COP27 tem poucos avan\u00e7os em negocia\u00e7\u00f5es - EFE<\/title>\n<meta name=\"robots\" content=\"noindex, follow\" \/>\n<meta property=\"og:locale\" content=\"pt_BR\" \/>\n<meta property=\"og:type\" content=\"article\" \/>\n<meta property=\"og:title\" content=\"COP27 tem poucos avan\u00e7os em negocia\u00e7\u00f5es - EFE\" \/>\n<meta property=\"og:description\" content=\"Sharm el Sheikh (EFE).- A presid\u00eancia da 27\u00aa Confer\u00eancia do Clima da Organiza\u00e7\u00e3o das Na\u00e7\u00f5es Unidas (COP 27) reconheceu nesta segunda-feira que h\u00e1 poucos avan\u00e7os nas negocia\u00e7\u00f5es da c\u00fapula e que ainda h\u00e1 &#8220;trabalho pela frente para obter resultados&#8221;, quando o evento entra na \u00faltima semana. Em apresenta\u00e7\u00e3o, o presidente da COP27 e ministro das ... Leia mais\" \/>\n<meta property=\"og:url\" content=\"https:\/\/pre.efe.com\/pt-br\/mundo-2\/2022-11-14\/cop27-tem-poucos-avancos-em-negociacoes\/\" \/>\n<meta property=\"og:site_name\" content=\"EFE Noticias\" \/>\n<meta property=\"article:publisher\" content=\"https:\/\/www.facebook.com\/AgenciaEFEnoticias\/\" \/>\n<meta property=\"article:published_time\" content=\"2022-11-14T17:00:00+00:00\" \/>\n<meta property=\"article:modified_time\" content=\"2024-05-14T09:27:25+00:00\" \/>\n<meta property=\"og:image\" content=\"https:\/\/i0.wp.com\/efe.com\/\/srv\/htdocs\/wp-content\/uploads\/2022\/11\/COP27-1.jpg?fit=900%2C599&ssl=1\" \/>\n\t<meta property=\"og:image:width\" content=\"900\" \/>\n\t<meta property=\"og:image:height\" content=\"599\" \/>\n\t<meta property=\"og:image:type\" content=\"image\/jpeg\" \/>\n<meta name=\"author\" content=\"anachain\" \/>\n<meta name=\"twitter:card\" content=\"summary_large_image\" \/>\n<meta name=\"twitter:creator\" content=\"@efenoticias\" \/>\n<meta name=\"twitter:site\" content=\"@efenoticias\" \/>\n<script type=\"application\/ld+json\" class=\"yoast-schema-graph\">{\"@context\":\"https:\\\/\\\/schema.org\",\"@graph\":[{\"@type\":\"NewsArticle\",\"@id\":\"https:\\\/\\\/pre.efe.com\\\/pt-br\\\/mundo-2\\\/2022-11-14\\\/cop27-tem-poucos-avancos-em-negociacoes\\\/#article\",\"isPartOf\":{\"@id\":\"https:\\\/\\\/pre.efe.com\\\/pt-br\\\/mundo-2\\\/2022-11-14\\\/cop27-tem-poucos-avancos-em-negociacoes\\\/\"},\"author\":{\"name\":\"anachain\",\"@id\":\"https:\\\/\\\/pre.efe.com\\\/pt-br\\\/#\\\/schema\\\/person\\\/b19f23f210db552768f68a4b552b004f\"},\"headline\":\"COP27 tem poucos avan\u00e7os em negocia\u00e7\u00f5es\",\"datePublished\":\"2022-11-14T17:00:00+00:00\",\"dateModified\":\"2024-05-14T09:27:25+00:00\",\"mainEntityOfPage\":{\"@id\":\"https:\\\/\\\/pre.efe.com\\\/pt-br\\\/mundo-2\\\/2022-11-14\\\/cop27-tem-poucos-avancos-em-negociacoes\\\/\"},\"wordCount\":399,\"publisher\":{\"@id\":\"https:\\\/\\\/pre.efe.com\\\/pt-br\\\/#organization\"},\"image\":{\"@id\":\"https:\\\/\\\/pre.efe.com\\\/pt-br\\\/mundo-2\\\/2022-11-14\\\/cop27-tem-poucos-avancos-em-negociacoes\\\/#primaryimage\"},\"thumbnailUrl\":\"https:\\\/\\\/pre.efe.com\\\/wp-content\\\/uploads\\\/2022\\\/11\\\/COP27-1.jpg\",\"keywords\":[\"Cop27\",\"Meio ambiente\",\"Mudan\u00e7a clim\u00e1tica\"],\"articleSection\":[\"Mundo\",\"Portada\"],\"inLanguage\":\"pt-BR\",\"copyrightYear\":\"2022\",\"copyrightHolder\":{\"@id\":\"https:\\\/\\\/pre.efe.com\\\/#organization\"}},{\"@type\":[\"WebPage\",\"ItemPage\"],\"@id\":\"https:\\\/\\\/pre.efe.com\\\/pt-br\\\/mundo-2\\\/2022-11-14\\\/cop27-tem-poucos-avancos-em-negociacoes\\\/\",\"url\":\"https:\\\/\\\/pre.efe.com\\\/pt-br\\\/mundo-2\\\/2022-11-14\\\/cop27-tem-poucos-avancos-em-negociacoes\\\/\",\"name\":\"COP27 tem poucos avan\u00e7os em negocia\u00e7\u00f5es - EFE\",\"isPartOf\":{\"@id\":\"https:\\\/\\\/pre.efe.com\\\/pt-br\\\/#website\"},\"primaryImageOfPage\":{\"@id\":\"https:\\\/\\\/pre.efe.com\\\/pt-br\\\/mundo-2\\\/2022-11-14\\\/cop27-tem-poucos-avancos-em-negociacoes\\\/#primaryimage\"},\"image\":{\"@id\":\"https:\\\/\\\/pre.efe.com\\\/pt-br\\\/mundo-2\\\/2022-11-14\\\/cop27-tem-poucos-avancos-em-negociacoes\\\/#primaryimage\"},\"thumbnailUrl\":\"https:\\\/\\\/pre.efe.com\\\/wp-content\\\/uploads\\\/2022\\\/11\\\/COP27-1.jpg\",\"datePublished\":\"2022-11-14T17:00:00+00:00\",\"dateModified\":\"2024-05-14T09:27:25+00:00\",\"breadcrumb\":{\"@id\":\"https:\\\/\\\/pre.efe.com\\\/pt-br\\\/mundo-2\\\/2022-11-14\\\/cop27-tem-poucos-avancos-em-negociacoes\\\/#breadcrumb\"},\"inLanguage\":\"pt-BR\",\"potentialAction\":[{\"@type\":\"ReadAction\",\"target\":[\"https:\\\/\\\/pre.efe.com\\\/pt-br\\\/mundo-2\\\/2022-11-14\\\/cop27-tem-poucos-avancos-em-negociacoes\\\/\"]}]},{\"@type\":\"ImageObject\",\"inLanguage\":\"pt-BR\",\"@id\":\"https:\\\/\\\/pre.efe.com\\\/pt-br\\\/mundo-2\\\/2022-11-14\\\/cop27-tem-poucos-avancos-em-negociacoes\\\/#primaryimage\",\"url\":\"https:\\\/\\\/pre.efe.com\\\/wp-content\\\/uploads\\\/2022\\\/11\\\/COP27-1.jpg\",\"contentUrl\":\"https:\\\/\\\/pre.efe.com\\\/wp-content\\\/uploads\\\/2022\\\/11\\\/COP27-1.jpg\",\"width\":900,\"height\":599,\"caption\":\"O presidente da COP27 e ministro das Rela\u00e7\u00f5es Exteriores do Egito, Sameh Soukri. EFE\\\/Arquivo\\\/Sedat Suna\"},{\"@type\":\"BreadcrumbList\",\"@id\":\"https:\\\/\\\/pre.efe.com\\\/pt-br\\\/mundo-2\\\/2022-11-14\\\/cop27-tem-poucos-avancos-em-negociacoes\\\/#breadcrumb\",\"itemListElement\":[{\"@type\":\"ListItem\",\"position\":1,\"name\":\"Portada\",\"item\":\"https:\\\/\\\/pre.efe.com\\\/pt-br\\\/\"},{\"@type\":\"ListItem\",\"position\":2,\"name\":\"COP27 tem poucos avan\u00e7os em negocia\u00e7\u00f5es\"}]},{\"@type\":\"WebSite\",\"@id\":\"https:\\\/\\\/pre.efe.com\\\/pt-br\\\/#website\",\"url\":\"https:\\\/\\\/pre.efe.com\\\/pt-br\\\/\",\"name\":\"EFE Noticias\",\"description\":\"\",\"publisher\":{\"@id\":\"https:\\\/\\\/pre.efe.com\\\/pt-br\\\/#organization\"},\"potentialAction\":[{\"@type\":\"SearchAction\",\"target\":{\"@type\":\"EntryPoint\",\"urlTemplate\":\"https:\\\/\\\/pre.efe.com\\\/pt-br\\\/?s={search_term_string}\"},\"query-input\":{\"@type\":\"PropertyValueSpecification\",\"valueRequired\":true,\"valueName\":\"search_term_string\"}}],\"inLanguage\":\"pt-BR\"},{\"@type\":\"Organization\",\"@id\":\"https:\\\/\\\/pre.efe.com\\\/pt-br\\\/#organization\",\"name\":\"Agencia EFE\",\"url\":\"https:\\\/\\\/pre.efe.com\\\/pt-br\\\/\",\"logo\":{\"@type\":\"ImageObject\",\"inLanguage\":\"pt-BR\",\"@id\":\"https:\\\/\\\/pre.efe.com\\\/pt-br\\\/#\\\/schema\\\/logo\\\/image\\\/\",\"url\":\"https:\\\/\\\/pre.efe.com\\\/wp-content\\\/uploads\\\/2023\\\/06\\\/logo-efe-467.png\",\"contentUrl\":\"https:\\\/\\\/pre.efe.com\\\/wp-content\\\/uploads\\\/2023\\\/06\\\/logo-efe-467.png\",\"width\":467,\"height\":467,\"caption\":\"Agencia EFE\"},\"image\":{\"@id\":\"https:\\\/\\\/pre.efe.com\\\/pt-br\\\/#\\\/schema\\\/logo\\\/image\\\/\"},\"sameAs\":[\"https:\\\/\\\/www.facebook.com\\\/AgenciaEFEnoticias\\\/\",\"https:\\\/\\\/x.com\\\/efenoticias\",\"https:\\\/\\\/www.instagram.com\\\/efe_noticias\\\/\",\"http:\\\/\\\/www.youtube.com\\\/efe\"]},{\"@type\":\"Person\",\"@id\":\"https:\\\/\\\/pre.efe.com\\\/pt-br\\\/#\\\/schema\\\/person\\\/b19f23f210db552768f68a4b552b004f\",\"name\":\"anachain\",\"image\":{\"@type\":\"ImageObject\",\"inLanguage\":\"pt-BR\",\"@id\":\"https:\\\/\\\/secure.gravatar.com\\\/avatar\\\/30b83965911ef1108bb893c00bdd65c885f9890e1265ee04b02c3d5adc785d37?s=96&d=identicon&r=g\",\"url\":\"https:\\\/\\\/secure.gravatar.com\\\/avatar\\\/30b83965911ef1108bb893c00bdd65c885f9890e1265ee04b02c3d5adc785d37?s=96&d=identicon&r=g\",\"contentUrl\":\"https:\\\/\\\/secure.gravatar.com\\\/avatar\\\/30b83965911ef1108bb893c00bdd65c885f9890e1265ee04b02c3d5adc785d37?s=96&d=identicon&r=g\",\"caption\":\"anachain\"},\"url\":\"https:\\\/\\\/pre.efe.com\\\/pt-br\\\/autor\\\/anachain\\\/\"}]}<\/script>\n<!-- \/ Yoast SEO Premium plugin. -->","yoast_head_json":{"title":"COP27 tem poucos avan\u00e7os em negocia\u00e7\u00f5es - EFE","robots":{"index":"noindex","follow":"follow"},"og_locale":"pt_BR","og_type":"article","og_title":"COP27 tem poucos avan\u00e7os em negocia\u00e7\u00f5es - EFE","og_description":"Sharm el Sheikh (EFE).- A presid\u00eancia da 27\u00aa Confer\u00eancia do Clima da Organiza\u00e7\u00e3o das Na\u00e7\u00f5es Unidas (COP 27) reconheceu nesta segunda-feira que h\u00e1 poucos avan\u00e7os nas negocia\u00e7\u00f5es da c\u00fapula e que ainda h\u00e1 &#8220;trabalho pela frente para obter resultados&#8221;, quando o evento entra na \u00faltima semana. Em apresenta\u00e7\u00e3o, o presidente da COP27 e ministro das ... Leia mais","og_url":"https:\/\/pre.efe.com\/pt-br\/mundo-2\/2022-11-14\/cop27-tem-poucos-avancos-em-negociacoes\/","og_site_name":"EFE Noticias","article_publisher":"https:\/\/www.facebook.com\/AgenciaEFEnoticias\/","article_published_time":"2022-11-14T17:00:00+00:00","article_modified_time":"2024-05-14T09:27:25+00:00","og_image":[{"width":900,"height":599,"url":"https:\/\/i0.wp.com\/efe.com\/\/srv\/htdocs\/wp-content\/uploads\/2022\/11\/COP27-1.jpg?fit=900%2C599&ssl=1","type":"image\/jpeg"}],"author":"anachain","twitter_card":"summary_large_image","twitter_creator":"@efenoticias","twitter_site":"@efenoticias","schema":{"@context":"https:\/\/schema.org","@graph":[{"@type":"NewsArticle","@id":"https:\/\/pre.efe.com\/pt-br\/mundo-2\/2022-11-14\/cop27-tem-poucos-avancos-em-negociacoes\/#article","isPartOf":{"@id":"https:\/\/pre.efe.com\/pt-br\/mundo-2\/2022-11-14\/cop27-tem-poucos-avancos-em-negociacoes\/"},"author":{"name":"anachain","@id":"https:\/\/pre.efe.com\/pt-br\/#\/schema\/person\/b19f23f210db552768f68a4b552b004f"},"headline":"COP27 tem poucos avan\u00e7os em negocia\u00e7\u00f5es","datePublished":"2022-11-14T17:00:00+00:00","dateModified":"2024-05-14T09:27:25+00:00","mainEntityOfPage":{"@id":"https:\/\/pre.efe.com\/pt-br\/mundo-2\/2022-11-14\/cop27-tem-poucos-avancos-em-negociacoes\/"},"wordCount":399,"publisher":{"@id":"https:\/\/pre.efe.com\/pt-br\/#organization"},"image":{"@id":"https:\/\/pre.efe.com\/pt-br\/mundo-2\/2022-11-14\/cop27-tem-poucos-avancos-em-negociacoes\/#primaryimage"},"thumbnailUrl":"https:\/\/pre.efe.com\/wp-content\/uploads\/2022\/11\/COP27-1.jpg","keywords":["Cop27","Meio ambiente","Mudan\u00e7a clim\u00e1tica"],"articleSection":["Mundo","Portada"],"inLanguage":"pt-BR","copyrightYear":"2022","copyrightHolder":{"@id":"https:\/\/pre.efe.com\/#organization"}},{"@type":["WebPage","ItemPage"],"@id":"https:\/\/pre.efe.com\/pt-br\/mundo-2\/2022-11-14\/cop27-tem-poucos-avancos-em-negociacoes\/","url":"https:\/\/pre.efe.com\/pt-br\/mundo-2\/2022-11-14\/cop27-tem-poucos-avancos-em-negociacoes\/","name":"COP27 tem poucos avan\u00e7os em negocia\u00e7\u00f5es - EFE","isPartOf":{"@id":"https:\/\/pre.efe.com\/pt-br\/#website"},"primaryImageOfPage":{"@id":"https:\/\/pre.efe.com\/pt-br\/mundo-2\/2022-11-14\/cop27-tem-poucos-avancos-em-negociacoes\/#primaryimage"},"image":{"@id":"https:\/\/pre.efe.com\/pt-br\/mundo-2\/2022-11-14\/cop27-tem-poucos-avancos-em-negociacoes\/#primaryimage"},"thumbnailUrl":"https:\/\/pre.efe.com\/wp-content\/uploads\/2022\/11\/COP27-1.jpg","datePublished":"2022-11-14T17:00:00+00:00","dateModified":"2024-05-14T09:27:25+00:00","breadcrumb":{"@id":"https:\/\/pre.efe.com\/pt-br\/mundo-2\/2022-11-14\/cop27-tem-poucos-avancos-em-negociacoes\/#breadcrumb"},"inLanguage":"pt-BR","potentialAction":[{"@type":"ReadAction","target":["https:\/\/pre.efe.com\/pt-br\/mundo-2\/2022-11-14\/cop27-tem-poucos-avancos-em-negociacoes\/"]}]},{"@type":"ImageObject","inLanguage":"pt-BR","@id":"https:\/\/pre.efe.com\/pt-br\/mundo-2\/2022-11-14\/cop27-tem-poucos-avancos-em-negociacoes\/#primaryimage","url":"https:\/\/pre.efe.com\/wp-content\/uploads\/2022\/11\/COP27-1.jpg","contentUrl":"https:\/\/pre.efe.com\/wp-content\/uploads\/2022\/11\/COP27-1.jpg","width":900,"height":599,"caption":"O presidente da COP27 e ministro das Rela\u00e7\u00f5es Exteriores do Egito, Sameh Soukri. EFE\/Arquivo\/Sedat Suna"},{"@type":"BreadcrumbList","@id":"https:\/\/pre.efe.com\/pt-br\/mundo-2\/2022-11-14\/cop27-tem-poucos-avancos-em-negociacoes\/#breadcrumb","itemListElement":[{"@type":"ListItem","position":1,"name":"Portada","item":"https:\/\/pre.efe.com\/pt-br\/"},{"@type":"ListItem","position":2,"name":"COP27 tem poucos avan\u00e7os em negocia\u00e7\u00f5es"}]},{"@type":"WebSite","@id":"https:\/\/pre.efe.com\/pt-br\/#website","url":"https:\/\/pre.efe.com\/pt-br\/","name":"EFE Noticias","description":"","publisher":{"@id":"https:\/\/pre.efe.com\/pt-br\/#organization"},"potentialAction":[{"@type":"SearchAction","target":{"@type":"EntryPoint","urlTemplate":"https:\/\/pre.efe.com\/pt-br\/?s={search_term_string}"},"query-input":{"@type":"PropertyValueSpecification","valueRequired":true,"valueName":"search_term_string"}}],"inLanguage":"pt-BR"},{"@type":"Organization","@id":"https:\/\/pre.efe.com\/pt-br\/#organization","name":"Agencia EFE","url":"https:\/\/pre.efe.com\/pt-br\/","logo":{"@type":"ImageObject","inLanguage":"pt-BR","@id":"https:\/\/pre.efe.com\/pt-br\/#\/schema\/logo\/image\/","url":"https:\/\/pre.efe.com\/wp-content\/uploads\/2023\/06\/logo-efe-467.png","contentUrl":"https:\/\/pre.efe.com\/wp-content\/uploads\/2023\/06\/logo-efe-467.png","width":467,"height":467,"caption":"Agencia EFE"},"image":{"@id":"https:\/\/pre.efe.com\/pt-br\/#\/schema\/logo\/image\/"},"sameAs":["https:\/\/www.facebook.com\/AgenciaEFEnoticias\/","https:\/\/x.com\/efenoticias","https:\/\/www.instagram.com\/efe_noticias\/","http:\/\/www.youtube.com\/efe"]},{"@type":"Person","@id":"https:\/\/pre.efe.com\/pt-br\/#\/schema\/person\/b19f23f210db552768f68a4b552b004f","name":"anachain","image":{"@type":"ImageObject","inLanguage":"pt-BR","@id":"https:\/\/secure.gravatar.com\/avatar\/30b83965911ef1108bb893c00bdd65c885f9890e1265ee04b02c3d5adc785d37?s=96&d=identicon&r=g","url":"https:\/\/secure.gravatar.com\/avatar\/30b83965911ef1108bb893c00bdd65c885f9890e1265ee04b02c3d5adc785d37?s=96&d=identicon&r=g","contentUrl":"https:\/\/secure.gravatar.com\/avatar\/30b83965911ef1108bb893c00bdd65c885f9890e1265ee04b02c3d5adc785d37?s=96&d=identicon&r=g","caption":"anachain"},"url":"https:\/\/pre.efe.com\/pt-br\/autor\/anachain\/"}]}},"jetpack_featured_media_url":"https:\/\/pre.efe.com\/wp-content\/uploads\/2022\/11\/COP27-1.jpg","jetpack_shortlink":"https:\/\/wp.me\/peJvHm-IbZ","jetpack_sharing_enabled":true,"_links":{"self":[{"href":"https:\/\/pre.efe.com\/pt-br\/wp-json\/wp\/v2\/posts\/169879","targetHints":{"allow":["GET"]}}],"collection":[{"href":"https:\/\/pre.efe.com\/pt-br\/wp-json\/wp\/v2\/posts"}],"about":[{"href":"https:\/\/pre.efe.com\/pt-br\/wp-json\/wp\/v2\/types\/post"}],"author":[{"embeddable":true,"href":"https:\/\/pre.efe.com\/pt-br\/wp-json\/wp\/v2\/users\/198164106"}],"replies":[{"embeddable":true,"href":"https:\/\/pre.efe.com\/pt-br\/wp-json\/wp\/v2\/comments?post=169879"}],"version-history":[{"count":3,"href":"https:\/\/pre.efe.com\/pt-br\/wp-json\/wp\/v2\/posts\/169879\/revisions"}],"predecessor-version":[{"id":169885,"href":"https:\/\/pre.efe.com\/pt-br\/wp-json\/wp\/v2\/posts\/169879\/revisions\/169885"}],"wp:featuredmedia":[{"embeddable":true,"href":"https:\/\/pre.efe.com\/pt-br\/wp-json\/wp\/v2\/media\/169882"}],"wp:attachment":[{"href":"https:\/\/pre.efe.com\/pt-br\/wp-json\/wp\/v2\/media?parent=169879"}],"wp:term":[{"taxonomy":"category","embeddable":true,"href":"https:\/\/pre.efe.com\/pt-br\/wp-json\/wp\/v2\/categories?post=169879"},{"taxonomy":"post_tag","embeddable":true,"href":"https:\/\/pre.efe.com\/pt-br\/wp-json\/wp\/v2\/tags?post=169879"}],"curies":[{"name":"wp","href":"https:\/\/api.w.org\/{rel}","templated":true}]}}