{"id":1716422,"date":"2025-03-05T13:34:00","date_gmt":"2025-03-05T12:34:00","guid":{"rendered":"https:\/\/pre.efe.com\/?p=1716422"},"modified":"2025-03-05T14:18:16","modified_gmt":"2025-03-05T13:18:16","slug":"china-mantem-aumento-de-gastos-militares-intacto-em-meio-a-tensoes-com-trump","status":"publish","type":"post","link":"https:\/\/pre.efe.com\/pt-br\/mundo-2\/2025-03-05\/china-mantem-aumento-de-gastos-militares-intacto-em-meio-a-tensoes-com-trump\/","title":{"rendered":"China mant\u00e9m aumento de gastos militares intacto em meio a tens\u00f5es com Trump"},"content":{"rendered":"\n<p><strong>Jes\u00fas Centeno<\/strong> |<\/p>\n\n\n\n<p>Pequim (EFE).- A China aumentou pelo terceiro ano consecutivo seus gastos com defesa em 7,2%, para US$ 245,6 bilh\u00f5es, ignorando as propostas dos Estados Unidos de reduzir pela metade o or\u00e7amento militar das grandes pot\u00eancias.<\/p>\n\n\n\n<p>O primeiro-ministro chin\u00eas, Li Qiang, disse nesta quarta-feira, na sess\u00e3o de abertura da Assembleia Nacional Popular (ANP, Legislativo), que o pa\u00eds continuar\u00e1 seus esfor\u00e7os para &#8220;melhorar a prontid\u00e3o de combate e salvaguardar a soberania nacional&#8221;, depois de dizer anteriormente que seus gastos militares s\u00e3o &#8220;completamente necess\u00e1rios&#8221;.<\/p>\n\n\n\n<p>A China se distancia assim da oferta de Donald Trump de negociar junto com a R\u00fassia uma redu\u00e7\u00e3o nos gastos militares.<\/p>\n\n\n\n<p>A cifra tamb\u00e9m \u00e9 divulgada em meio a tens\u00f5es crescentes no Mar da China Meridional &#8211; rico em recursos e um ponto essencial para o com\u00e9rcio global -, exerc\u00edcios militares para demonstrar sua for\u00e7a em diversas partes do Pac\u00edfico e com o foco voltado para Taiwan, ilha reivindicada por Pequim.<\/p>\n\n\n\n<blockquote class=\"wp-block-quote is-layout-flow wp-block-quote-is-layout-flow\">\n<p>&#8220;N\u00f3s nos oporemos \u00e0s atividades separatistas e \u00e0s interfer\u00eancias externas (&#8230;) Avan\u00e7aremos com firmeza na causa da reunifica\u00e7\u00e3o&#8221;, destacou Li.<\/p>\n<\/blockquote>\n\n\n\n<p>Suas declara\u00e7\u00f5es, alinhadas \u00e0 postura do governo chin\u00eas nos \u00faltimos anos, atra\u00edram aplausos dos quase 3.000 representantes que est\u00e3o reunidos esta semana para elaborar o roteiro do pa\u00eds para os pr\u00f3ximos anos.<\/p>\n\n\n\n<p>O presidente chin\u00eas, Xi Jinping, que supervisionou a reuni\u00e3o desta quarta-feira, enfatizou nos \u00faltimos anos que n\u00e3o descarta tomar Taiwan se considerar necess\u00e1rio e que o Ex\u00e9rcito chin\u00eas deve se modernizar para diminuir a dist\u00e2ncia para os EUA e se preparar para poss\u00edveis confrontos.<\/p>\n\n\n\n<h2 class=\"wp-block-heading\" id=\"h-guerra-comercial\">Guerra comercial<\/h2>\n\n\n\n<p>Paralelamente, Li estabeleceu novamente a meta de crescimento do pa\u00eds em 5%, apesar de reconhecer o impacto da guerra comercial com os Estados Unidos ap\u00f3s o retorno de Trump \u00e0 presid\u00eancia.<\/p>\n\n\n\n<p>Minutos depois de delinear seu pacote de medidas, o premi\u00ea chin\u00eas reconheceu a &#8220;crescente complexidade do ambiente externo&#8221;, referindo-se ao retorno de Trump, que ter\u00e1 &#8220;um impacto maior&#8221; no pa\u00eds nos campos comercial e tecnol\u00f3gico.<\/p>\n\n\n\n<p>&#8220;O unilateralismo e o protecionismo s\u00e3o um golpe para a estabilidade das cadeias de suprimentos globais&#8221;, declarou Li, que expressou seu temor de que &#8220;in\u00fameros focos de tens\u00f5es geopol\u00edticas&#8221; afetem a confian\u00e7a do mercado e dos investidores.<\/p>\n\n\n\n<p>A disputa entre as duas pot\u00eancias se agravou nesta semana com a imposi\u00e7\u00e3o m\u00fatua de tarifas. Nesse sentido, Li garantiu que a China as enfrentar\u00e1 e que tem &#8220;uma vantagem institucional not\u00e1vel&#8221; e &#8220;um vasto mercado, recursos humanos abundantes e estrat\u00e9gias de longo prazo&#8221;.<\/p>\n\n\n\n<p>Entre os planos est\u00e1 promover a intelig\u00eancia artificial em larga escala para assumir a lideran\u00e7a nessa tecnologia, especialmente depois que o DeepSeek surgiu no cen\u00e1rio com um modelo de baixo custo que desafiou a supremacia dos americanos.<\/p>\n\n\n\n<blockquote class=\"wp-block-quote is-layout-flow wp-block-quote-is-layout-flow\">\n<p>&#8220;Este ano veremos um desenvolvimento explosivo neste setor. O DeepSeek quebrou barreiras e mostrou que investimentos multimilion\u00e1rios n\u00e3o s\u00e3o necess\u00e1rios&#8221;, afirmou \u00e0 Ag\u00eancia EFE Yang Debin, um delegado da regi\u00e3o semiaut\u00f4noma de Hong Kong, no Grande Sal\u00e3o do Povo de Pequim, a majestosa c\u00e2mara na qual o regime comunista realiza essas sess\u00f5es h\u00e1 65 anos.<\/p>\n<\/blockquote>\n\n\n\n<h2 class=\"wp-block-heading\" id=\"h-mudanca-climatica\">Mudan\u00e7a clim\u00e1tica<\/h2>\n\n\n\n<p>Li tamb\u00e9m anunciou uma redu\u00e7\u00e3o de 3% no consumo de energia por unidade do Produto Interno Bruto (PIB), embora o Greenpeace tenha dito em um comunicado hoje que o pa\u00eds est\u00e1 a caminho de &#8220;n\u00e3o atingir suas metas&#8221;.<\/p>\n\n\n\n<p>A ONG acredita que a estrat\u00e9gia clim\u00e1tica da China &#8211; que continua sendo o pa\u00eds que mais polui no mundo &#8211; deveria estar &#8220;melhor alinhada a um modelo que tenda \u00e0 descarboniza\u00e7\u00e3o&#8221;.<\/p>\n\n\n\n<p>Por \u00faltimo, o premi\u00ea chin\u00eas antecipou a cria\u00e7\u00e3o de subs\u00eddios para incentivar a natalidade, a fim de resolver o problema demogr\u00e1fico do pa\u00eds, cuja popula\u00e7\u00e3o vem diminuindo h\u00e1 tr\u00eas anos consecutivos.<\/p>\n\n\n\n<p>O cuidado com as crian\u00e7as ser\u00e1 subsidiado &#8211; os altos custos de cria\u00e7\u00e3o dos filhos s\u00e3o um dos principais obst\u00e1culos para os casais chineses terem filhos &#8211; e o cuidado com os dependentes ser\u00e1 fortalecido \u00e0 medida que o pa\u00eds avan\u00e7a com os planos de adiar a idade de aposentadoria.<\/p>\n\n\n\n<p>Estima-se que at\u00e9 2035 haver\u00e1 mais de 400 milh\u00f5es de pessoas com mais de 60 anos na China, representando mais de 30% da popula\u00e7\u00e3o, com um consequente impacto negativo na for\u00e7a de trabalho e na economia do pa\u00eds. EFE<\/p>\n\n\n\n<p><\/p>\n","protected":false},"excerpt":{"rendered":"<p>Jes\u00fas Centeno | Pequim (EFE).- A China aumentou pelo terceiro ano consecutivo seus gastos com defesa em 7,2%, para US$ 245,6 bilh\u00f5es, ignorando as propostas dos Estados Unidos de reduzir pela metade o or\u00e7amento militar das grandes pot\u00eancias. O primeiro-ministro chin\u00eas, Li Qiang, disse nesta quarta-feira, na sess\u00e3o de abertura da Assembleia Nacional Popular (ANP, &#8230; <a title=\"China mant\u00e9m aumento de gastos militares intacto em meio a tens\u00f5es com Trump\" class=\"read-more\" href=\"https:\/\/pre.efe.com\/pt-br\/mundo-2\/2025-03-05\/china-mantem-aumento-de-gastos-militares-intacto-em-meio-a-tensoes-com-trump\/\" aria-label=\"Read more about China mant\u00e9m aumento de gastos militares intacto em meio a tens\u00f5es com Trump\">Leia mais<\/a><\/p>\n","protected":false},"author":198164106,"featured_media":1649583,"comment_status":"closed","ping_status":"closed","sticky":false,"template":"","format":"standard","meta":{"_acf_changed":false,"_jetpack_memberships_contains_paid_content":false,"footnotes":""},"categories":[123208,122141],"tags":[125649,122371,124845,122791],"class_list":["post-1716422","post","type-post","status-publish","format-standard","has-post-thumbnail","hentry","category-mundo-2","category-portada","tag-china-2","tag-eua","tag-governo","tag-guerra-2","generate-columns","tablet-grid-50","mobile-grid-100","grid-parent","grid-50"],"acf":[],"yoast_head":"<!-- This site is optimized with the Yoast SEO Premium plugin v26.0 (Yoast SEO v27.5) - https:\/\/yoast.com\/product\/yoast-seo-premium-wordpress\/ -->\n<title>China mant\u00e9m aumento de gastos militares intacto em meio a tens\u00f5es com Trump - EFE<\/title>\n<meta name=\"robots\" content=\"noindex, follow\" \/>\n<meta property=\"og:locale\" content=\"pt_BR\" \/>\n<meta property=\"og:type\" content=\"article\" \/>\n<meta property=\"og:title\" content=\"China mant\u00e9m aumento de gastos militares intacto em meio a tens\u00f5es com Trump - EFE\" \/>\n<meta property=\"og:description\" content=\"Jes\u00fas Centeno | Pequim (EFE).- A China aumentou pelo terceiro ano consecutivo seus gastos com defesa em 7,2%, para US$ 245,6 bilh\u00f5es, ignorando as propostas dos Estados Unidos de reduzir pela metade o or\u00e7amento militar das grandes pot\u00eancias. O primeiro-ministro chin\u00eas, Li Qiang, disse nesta quarta-feira, na sess\u00e3o de abertura da Assembleia Nacional Popular (ANP, ... Leia mais\" \/>\n<meta property=\"og:url\" content=\"https:\/\/pre.efe.com\/pt-br\/mundo-2\/2025-03-05\/china-mantem-aumento-de-gastos-militares-intacto-em-meio-a-tensoes-com-trump\/\" \/>\n<meta property=\"og:site_name\" content=\"EFE Noticias\" \/>\n<meta property=\"article:publisher\" content=\"https:\/\/www.facebook.com\/AgenciaEFEnoticias\/\" \/>\n<meta property=\"article:published_time\" content=\"2025-03-05T12:34:00+00:00\" \/>\n<meta property=\"article:modified_time\" content=\"2025-03-05T13:18:16+00:00\" \/>\n<meta property=\"og:image\" content=\"https:\/\/i0.wp.com\/efe.com\/\/srv\/htdocs\/wp-content\/uploads\/2025\/02\/Xi_Jinping_China.jpg?fit=900%2C599&ssl=1\" \/>\n\t<meta property=\"og:image:width\" content=\"900\" \/>\n\t<meta property=\"og:image:height\" content=\"599\" \/>\n\t<meta property=\"og:image:type\" content=\"image\/jpeg\" \/>\n<meta name=\"author\" content=\"anachain\" \/>\n<meta name=\"twitter:card\" content=\"summary_large_image\" \/>\n<meta name=\"twitter:creator\" content=\"@efenoticias\" \/>\n<meta name=\"twitter:site\" content=\"@efenoticias\" \/>\n<script type=\"application\/ld+json\" class=\"yoast-schema-graph\">{\"@context\":\"https:\\\/\\\/schema.org\",\"@graph\":[{\"@type\":\"NewsArticle\",\"@id\":\"https:\\\/\\\/pre.efe.com\\\/pt-br\\\/mundo-2\\\/2025-03-05\\\/china-mantem-aumento-de-gastos-militares-intacto-em-meio-a-tensoes-com-trump\\\/#article\",\"isPartOf\":{\"@id\":\"https:\\\/\\\/pre.efe.com\\\/pt-br\\\/mundo-2\\\/2025-03-05\\\/china-mantem-aumento-de-gastos-militares-intacto-em-meio-a-tensoes-com-trump\\\/\"},\"author\":{\"name\":\"anachain\",\"@id\":\"https:\\\/\\\/pre.efe.com\\\/pt-br\\\/#\\\/schema\\\/person\\\/b19f23f210db552768f68a4b552b004f\"},\"headline\":\"China mant\u00e9m aumento de gastos militares intacto em meio a tens\u00f5es com Trump\",\"datePublished\":\"2025-03-05T12:34:00+00:00\",\"dateModified\":\"2025-03-05T13:18:16+00:00\",\"mainEntityOfPage\":{\"@id\":\"https:\\\/\\\/pre.efe.com\\\/pt-br\\\/mundo-2\\\/2025-03-05\\\/china-mantem-aumento-de-gastos-militares-intacto-em-meio-a-tensoes-com-trump\\\/\"},\"wordCount\":775,\"publisher\":{\"@id\":\"https:\\\/\\\/pre.efe.com\\\/pt-br\\\/#organization\"},\"image\":{\"@id\":\"https:\\\/\\\/pre.efe.com\\\/pt-br\\\/mundo-2\\\/2025-03-05\\\/china-mantem-aumento-de-gastos-militares-intacto-em-meio-a-tensoes-com-trump\\\/#primaryimage\"},\"thumbnailUrl\":\"https:\\\/\\\/pre.efe.com\\\/wp-content\\\/uploads\\\/2025\\\/02\\\/Xi_Jinping_China.jpg\",\"keywords\":[\"China\",\"EUA\",\"Governo\",\"Guerra\"],\"articleSection\":[\"Mundo\",\"Portada\"],\"inLanguage\":\"pt-BR\",\"copyrightYear\":\"2025\",\"copyrightHolder\":{\"@id\":\"https:\\\/\\\/pre.efe.com\\\/#organization\"}},{\"@type\":[\"WebPage\",\"ItemPage\"],\"@id\":\"https:\\\/\\\/pre.efe.com\\\/pt-br\\\/mundo-2\\\/2025-03-05\\\/china-mantem-aumento-de-gastos-militares-intacto-em-meio-a-tensoes-com-trump\\\/\",\"url\":\"https:\\\/\\\/pre.efe.com\\\/pt-br\\\/mundo-2\\\/2025-03-05\\\/china-mantem-aumento-de-gastos-militares-intacto-em-meio-a-tensoes-com-trump\\\/\",\"name\":\"China mant\u00e9m aumento de gastos militares intacto em meio a tens\u00f5es com Trump - EFE\",\"isPartOf\":{\"@id\":\"https:\\\/\\\/pre.efe.com\\\/pt-br\\\/#website\"},\"primaryImageOfPage\":{\"@id\":\"https:\\\/\\\/pre.efe.com\\\/pt-br\\\/mundo-2\\\/2025-03-05\\\/china-mantem-aumento-de-gastos-militares-intacto-em-meio-a-tensoes-com-trump\\\/#primaryimage\"},\"image\":{\"@id\":\"https:\\\/\\\/pre.efe.com\\\/pt-br\\\/mundo-2\\\/2025-03-05\\\/china-mantem-aumento-de-gastos-militares-intacto-em-meio-a-tensoes-com-trump\\\/#primaryimage\"},\"thumbnailUrl\":\"https:\\\/\\\/pre.efe.com\\\/wp-content\\\/uploads\\\/2025\\\/02\\\/Xi_Jinping_China.jpg\",\"datePublished\":\"2025-03-05T12:34:00+00:00\",\"dateModified\":\"2025-03-05T13:18:16+00:00\",\"breadcrumb\":{\"@id\":\"https:\\\/\\\/pre.efe.com\\\/pt-br\\\/mundo-2\\\/2025-03-05\\\/china-mantem-aumento-de-gastos-militares-intacto-em-meio-a-tensoes-com-trump\\\/#breadcrumb\"},\"inLanguage\":\"pt-BR\",\"potentialAction\":[{\"@type\":\"ReadAction\",\"target\":[\"https:\\\/\\\/pre.efe.com\\\/pt-br\\\/mundo-2\\\/2025-03-05\\\/china-mantem-aumento-de-gastos-militares-intacto-em-meio-a-tensoes-com-trump\\\/\"]}]},{\"@type\":\"ImageObject\",\"inLanguage\":\"pt-BR\",\"@id\":\"https:\\\/\\\/pre.efe.com\\\/pt-br\\\/mundo-2\\\/2025-03-05\\\/china-mantem-aumento-de-gastos-militares-intacto-em-meio-a-tensoes-com-trump\\\/#primaryimage\",\"url\":\"https:\\\/\\\/pre.efe.com\\\/wp-content\\\/uploads\\\/2025\\\/02\\\/Xi_Jinping_China.jpg\",\"contentUrl\":\"https:\\\/\\\/pre.efe.com\\\/wp-content\\\/uploads\\\/2025\\\/02\\\/Xi_Jinping_China.jpg\",\"width\":900,\"height\":599,\"caption\":\"O presidente da China, Xi Jinping. EFE\\\/Arquivo\\\/Andressa Anholete\"},{\"@type\":\"BreadcrumbList\",\"@id\":\"https:\\\/\\\/pre.efe.com\\\/pt-br\\\/mundo-2\\\/2025-03-05\\\/china-mantem-aumento-de-gastos-militares-intacto-em-meio-a-tensoes-com-trump\\\/#breadcrumb\",\"itemListElement\":[{\"@type\":\"ListItem\",\"position\":1,\"name\":\"Portada\",\"item\":\"https:\\\/\\\/pre.efe.com\\\/pt-br\\\/\"},{\"@type\":\"ListItem\",\"position\":2,\"name\":\"China mant\u00e9m aumento de gastos militares intacto em meio a tens\u00f5es com Trump\"}]},{\"@type\":\"WebSite\",\"@id\":\"https:\\\/\\\/pre.efe.com\\\/pt-br\\\/#website\",\"url\":\"https:\\\/\\\/pre.efe.com\\\/pt-br\\\/\",\"name\":\"EFE Noticias\",\"description\":\"\",\"publisher\":{\"@id\":\"https:\\\/\\\/pre.efe.com\\\/pt-br\\\/#organization\"},\"potentialAction\":[{\"@type\":\"SearchAction\",\"target\":{\"@type\":\"EntryPoint\",\"urlTemplate\":\"https:\\\/\\\/pre.efe.com\\\/pt-br\\\/?s={search_term_string}\"},\"query-input\":{\"@type\":\"PropertyValueSpecification\",\"valueRequired\":true,\"valueName\":\"search_term_string\"}}],\"inLanguage\":\"pt-BR\"},{\"@type\":\"Organization\",\"@id\":\"https:\\\/\\\/pre.efe.com\\\/pt-br\\\/#organization\",\"name\":\"Agencia EFE\",\"url\":\"https:\\\/\\\/pre.efe.com\\\/pt-br\\\/\",\"logo\":{\"@type\":\"ImageObject\",\"inLanguage\":\"pt-BR\",\"@id\":\"https:\\\/\\\/pre.efe.com\\\/pt-br\\\/#\\\/schema\\\/logo\\\/image\\\/\",\"url\":\"https:\\\/\\\/pre.efe.com\\\/wp-content\\\/uploads\\\/2023\\\/06\\\/logo-efe-467.png\",\"contentUrl\":\"https:\\\/\\\/pre.efe.com\\\/wp-content\\\/uploads\\\/2023\\\/06\\\/logo-efe-467.png\",\"width\":467,\"height\":467,\"caption\":\"Agencia EFE\"},\"image\":{\"@id\":\"https:\\\/\\\/pre.efe.com\\\/pt-br\\\/#\\\/schema\\\/logo\\\/image\\\/\"},\"sameAs\":[\"https:\\\/\\\/www.facebook.com\\\/AgenciaEFEnoticias\\\/\",\"https:\\\/\\\/x.com\\\/efenoticias\",\"https:\\\/\\\/www.instagram.com\\\/efe_noticias\\\/\",\"http:\\\/\\\/www.youtube.com\\\/efe\"]},{\"@type\":\"Person\",\"@id\":\"https:\\\/\\\/pre.efe.com\\\/pt-br\\\/#\\\/schema\\\/person\\\/b19f23f210db552768f68a4b552b004f\",\"name\":\"anachain\",\"image\":{\"@type\":\"ImageObject\",\"inLanguage\":\"pt-BR\",\"@id\":\"https:\\\/\\\/secure.gravatar.com\\\/avatar\\\/30b83965911ef1108bb893c00bdd65c885f9890e1265ee04b02c3d5adc785d37?s=96&d=identicon&r=g\",\"url\":\"https:\\\/\\\/secure.gravatar.com\\\/avatar\\\/30b83965911ef1108bb893c00bdd65c885f9890e1265ee04b02c3d5adc785d37?s=96&d=identicon&r=g\",\"contentUrl\":\"https:\\\/\\\/secure.gravatar.com\\\/avatar\\\/30b83965911ef1108bb893c00bdd65c885f9890e1265ee04b02c3d5adc785d37?s=96&d=identicon&r=g\",\"caption\":\"anachain\"},\"url\":\"https:\\\/\\\/pre.efe.com\\\/pt-br\\\/autor\\\/anachain\\\/\"}]}<\/script>\n<!-- \/ Yoast SEO Premium plugin. -->","yoast_head_json":{"title":"China mant\u00e9m aumento de gastos militares intacto em meio a tens\u00f5es com Trump - EFE","robots":{"index":"noindex","follow":"follow"},"og_locale":"pt_BR","og_type":"article","og_title":"China mant\u00e9m aumento de gastos militares intacto em meio a tens\u00f5es com Trump - EFE","og_description":"Jes\u00fas Centeno | Pequim (EFE).- A China aumentou pelo terceiro ano consecutivo seus gastos com defesa em 7,2%, para US$ 245,6 bilh\u00f5es, ignorando as propostas dos Estados Unidos de reduzir pela metade o or\u00e7amento militar das grandes pot\u00eancias. O primeiro-ministro chin\u00eas, Li Qiang, disse nesta quarta-feira, na sess\u00e3o de abertura da Assembleia Nacional Popular (ANP, ... Leia mais","og_url":"https:\/\/pre.efe.com\/pt-br\/mundo-2\/2025-03-05\/china-mantem-aumento-de-gastos-militares-intacto-em-meio-a-tensoes-com-trump\/","og_site_name":"EFE Noticias","article_publisher":"https:\/\/www.facebook.com\/AgenciaEFEnoticias\/","article_published_time":"2025-03-05T12:34:00+00:00","article_modified_time":"2025-03-05T13:18:16+00:00","og_image":[{"width":900,"height":599,"url":"https:\/\/i0.wp.com\/efe.com\/\/srv\/htdocs\/wp-content\/uploads\/2025\/02\/Xi_Jinping_China.jpg?fit=900%2C599&ssl=1","type":"image\/jpeg"}],"author":"anachain","twitter_card":"summary_large_image","twitter_creator":"@efenoticias","twitter_site":"@efenoticias","schema":{"@context":"https:\/\/schema.org","@graph":[{"@type":"NewsArticle","@id":"https:\/\/pre.efe.com\/pt-br\/mundo-2\/2025-03-05\/china-mantem-aumento-de-gastos-militares-intacto-em-meio-a-tensoes-com-trump\/#article","isPartOf":{"@id":"https:\/\/pre.efe.com\/pt-br\/mundo-2\/2025-03-05\/china-mantem-aumento-de-gastos-militares-intacto-em-meio-a-tensoes-com-trump\/"},"author":{"name":"anachain","@id":"https:\/\/pre.efe.com\/pt-br\/#\/schema\/person\/b19f23f210db552768f68a4b552b004f"},"headline":"China mant\u00e9m aumento de gastos militares intacto em meio a tens\u00f5es com Trump","datePublished":"2025-03-05T12:34:00+00:00","dateModified":"2025-03-05T13:18:16+00:00","mainEntityOfPage":{"@id":"https:\/\/pre.efe.com\/pt-br\/mundo-2\/2025-03-05\/china-mantem-aumento-de-gastos-militares-intacto-em-meio-a-tensoes-com-trump\/"},"wordCount":775,"publisher":{"@id":"https:\/\/pre.efe.com\/pt-br\/#organization"},"image":{"@id":"https:\/\/pre.efe.com\/pt-br\/mundo-2\/2025-03-05\/china-mantem-aumento-de-gastos-militares-intacto-em-meio-a-tensoes-com-trump\/#primaryimage"},"thumbnailUrl":"https:\/\/pre.efe.com\/wp-content\/uploads\/2025\/02\/Xi_Jinping_China.jpg","keywords":["China","EUA","Governo","Guerra"],"articleSection":["Mundo","Portada"],"inLanguage":"pt-BR","copyrightYear":"2025","copyrightHolder":{"@id":"https:\/\/pre.efe.com\/#organization"}},{"@type":["WebPage","ItemPage"],"@id":"https:\/\/pre.efe.com\/pt-br\/mundo-2\/2025-03-05\/china-mantem-aumento-de-gastos-militares-intacto-em-meio-a-tensoes-com-trump\/","url":"https:\/\/pre.efe.com\/pt-br\/mundo-2\/2025-03-05\/china-mantem-aumento-de-gastos-militares-intacto-em-meio-a-tensoes-com-trump\/","name":"China mant\u00e9m aumento de gastos militares intacto em meio a tens\u00f5es com Trump - EFE","isPartOf":{"@id":"https:\/\/pre.efe.com\/pt-br\/#website"},"primaryImageOfPage":{"@id":"https:\/\/pre.efe.com\/pt-br\/mundo-2\/2025-03-05\/china-mantem-aumento-de-gastos-militares-intacto-em-meio-a-tensoes-com-trump\/#primaryimage"},"image":{"@id":"https:\/\/pre.efe.com\/pt-br\/mundo-2\/2025-03-05\/china-mantem-aumento-de-gastos-militares-intacto-em-meio-a-tensoes-com-trump\/#primaryimage"},"thumbnailUrl":"https:\/\/pre.efe.com\/wp-content\/uploads\/2025\/02\/Xi_Jinping_China.jpg","datePublished":"2025-03-05T12:34:00+00:00","dateModified":"2025-03-05T13:18:16+00:00","breadcrumb":{"@id":"https:\/\/pre.efe.com\/pt-br\/mundo-2\/2025-03-05\/china-mantem-aumento-de-gastos-militares-intacto-em-meio-a-tensoes-com-trump\/#breadcrumb"},"inLanguage":"pt-BR","potentialAction":[{"@type":"ReadAction","target":["https:\/\/pre.efe.com\/pt-br\/mundo-2\/2025-03-05\/china-mantem-aumento-de-gastos-militares-intacto-em-meio-a-tensoes-com-trump\/"]}]},{"@type":"ImageObject","inLanguage":"pt-BR","@id":"https:\/\/pre.efe.com\/pt-br\/mundo-2\/2025-03-05\/china-mantem-aumento-de-gastos-militares-intacto-em-meio-a-tensoes-com-trump\/#primaryimage","url":"https:\/\/pre.efe.com\/wp-content\/uploads\/2025\/02\/Xi_Jinping_China.jpg","contentUrl":"https:\/\/pre.efe.com\/wp-content\/uploads\/2025\/02\/Xi_Jinping_China.jpg","width":900,"height":599,"caption":"O presidente da China, Xi Jinping. EFE\/Arquivo\/Andressa Anholete"},{"@type":"BreadcrumbList","@id":"https:\/\/pre.efe.com\/pt-br\/mundo-2\/2025-03-05\/china-mantem-aumento-de-gastos-militares-intacto-em-meio-a-tensoes-com-trump\/#breadcrumb","itemListElement":[{"@type":"ListItem","position":1,"name":"Portada","item":"https:\/\/pre.efe.com\/pt-br\/"},{"@type":"ListItem","position":2,"name":"China mant\u00e9m aumento de gastos militares intacto em meio a tens\u00f5es com Trump"}]},{"@type":"WebSite","@id":"https:\/\/pre.efe.com\/pt-br\/#website","url":"https:\/\/pre.efe.com\/pt-br\/","name":"EFE Noticias","description":"","publisher":{"@id":"https:\/\/pre.efe.com\/pt-br\/#organization"},"potentialAction":[{"@type":"SearchAction","target":{"@type":"EntryPoint","urlTemplate":"https:\/\/pre.efe.com\/pt-br\/?s={search_term_string}"},"query-input":{"@type":"PropertyValueSpecification","valueRequired":true,"valueName":"search_term_string"}}],"inLanguage":"pt-BR"},{"@type":"Organization","@id":"https:\/\/pre.efe.com\/pt-br\/#organization","name":"Agencia EFE","url":"https:\/\/pre.efe.com\/pt-br\/","logo":{"@type":"ImageObject","inLanguage":"pt-BR","@id":"https:\/\/pre.efe.com\/pt-br\/#\/schema\/logo\/image\/","url":"https:\/\/pre.efe.com\/wp-content\/uploads\/2023\/06\/logo-efe-467.png","contentUrl":"https:\/\/pre.efe.com\/wp-content\/uploads\/2023\/06\/logo-efe-467.png","width":467,"height":467,"caption":"Agencia EFE"},"image":{"@id":"https:\/\/pre.efe.com\/pt-br\/#\/schema\/logo\/image\/"},"sameAs":["https:\/\/www.facebook.com\/AgenciaEFEnoticias\/","https:\/\/x.com\/efenoticias","https:\/\/www.instagram.com\/efe_noticias\/","http:\/\/www.youtube.com\/efe"]},{"@type":"Person","@id":"https:\/\/pre.efe.com\/pt-br\/#\/schema\/person\/b19f23f210db552768f68a4b552b004f","name":"anachain","image":{"@type":"ImageObject","inLanguage":"pt-BR","@id":"https:\/\/secure.gravatar.com\/avatar\/30b83965911ef1108bb893c00bdd65c885f9890e1265ee04b02c3d5adc785d37?s=96&d=identicon&r=g","url":"https:\/\/secure.gravatar.com\/avatar\/30b83965911ef1108bb893c00bdd65c885f9890e1265ee04b02c3d5adc785d37?s=96&d=identicon&r=g","contentUrl":"https:\/\/secure.gravatar.com\/avatar\/30b83965911ef1108bb893c00bdd65c885f9890e1265ee04b02c3d5adc785d37?s=96&d=identicon&r=g","caption":"anachain"},"url":"https:\/\/pre.efe.com\/pt-br\/autor\/anachain\/"}]}},"jetpack_featured_media_url":"https:\/\/pre.efe.com\/wp-content\/uploads\/2025\/02\/Xi_Jinping_China.jpg","jetpack_shortlink":"https:\/\/wp.me\/peJvHm-7cwe","jetpack_sharing_enabled":true,"_links":{"self":[{"href":"https:\/\/pre.efe.com\/pt-br\/wp-json\/wp\/v2\/posts\/1716422","targetHints":{"allow":["GET"]}}],"collection":[{"href":"https:\/\/pre.efe.com\/pt-br\/wp-json\/wp\/v2\/posts"}],"about":[{"href":"https:\/\/pre.efe.com\/pt-br\/wp-json\/wp\/v2\/types\/post"}],"author":[{"embeddable":true,"href":"https:\/\/pre.efe.com\/pt-br\/wp-json\/wp\/v2\/users\/198164106"}],"replies":[{"embeddable":true,"href":"https:\/\/pre.efe.com\/pt-br\/wp-json\/wp\/v2\/comments?post=1716422"}],"version-history":[{"count":2,"href":"https:\/\/pre.efe.com\/pt-br\/wp-json\/wp\/v2\/posts\/1716422\/revisions"}],"predecessor-version":[{"id":1716435,"href":"https:\/\/pre.efe.com\/pt-br\/wp-json\/wp\/v2\/posts\/1716422\/revisions\/1716435"}],"wp:featuredmedia":[{"embeddable":true,"href":"https:\/\/pre.efe.com\/pt-br\/wp-json\/wp\/v2\/media\/1649583"}],"wp:attachment":[{"href":"https:\/\/pre.efe.com\/pt-br\/wp-json\/wp\/v2\/media?parent=1716422"}],"wp:term":[{"taxonomy":"category","embeddable":true,"href":"https:\/\/pre.efe.com\/pt-br\/wp-json\/wp\/v2\/categories?post=1716422"},{"taxonomy":"post_tag","embeddable":true,"href":"https:\/\/pre.efe.com\/pt-br\/wp-json\/wp\/v2\/tags?post=1716422"}],"curies":[{"name":"wp","href":"https:\/\/api.w.org\/{rel}","templated":true}]}}