{"id":174809,"date":"2022-11-17T16:40:00","date_gmt":"2022-11-17T15:40:00","guid":{"rendered":"https:\/\/pre.efe.com\/?p=174809"},"modified":"2022-11-17T18:46:06","modified_gmt":"2022-11-17T17:46:06","slug":"infantino-e-unico-candidato-a-presidencia-da-fifa","status":"publish","type":"post","link":"https:\/\/pre.efe.com\/pt-br\/esportes\/2022-11-17\/infantino-e-unico-candidato-a-presidencia-da-fifa\/","title":{"rendered":"Infantino \u00e9 \u00fanico candidato \u00e0 presid\u00eancia da Fifa"},"content":{"rendered":"\n<p>Reda\u00e7\u00e3o Central (<a href=\"https:\/\/pre.efe.com\/pt-br\/\">EFE<\/a>).-\u00a0A Fifa confirmou nesta quinta-feira que Gianni Infantino, presidente da entidade desde fevereiro de 2016, ser\u00e1 o \u00fanico candidato para o cargo nas elei\u00e7\u00f5es marcadas para 16 de mar\u00e7o de 2023.<\/p>\n\n\n\n<p>As federa\u00e7\u00f5es dos pa\u00edses membros da Fifa propuseram apenas a candidatura do dirigente, que iniciar\u00e1 seu terceiro mandato no 73\u00ba Congresso da organiza\u00e7\u00e3o, a ser realizado na capital de Ruanda, Kigali.<\/p>\n\n\n\n<p>Infantino, que anunciou que se candidataria \u00e0 reelei\u00e7\u00e3o no Congresso da Fifa de mar\u00e7o deste ano, em Doha, recebeu apoio p\u00fablico de mais de 200 das 211 federa\u00e7\u00f5es que integram a entidade m\u00e1xima do futebol mundial.<\/p>\n\n\n\n<p>O dirigente su\u00ed\u00e7o, de 52 anos, tornou-se o nono presidente da Fifa em 26 de fevereiro de 2016, ap\u00f3s o caso de corrup\u00e7\u00e3o descoberto em 2015 que p\u00f4s fim a 15 anos de gest\u00e3o do compatriota Joseph Blatter, e foi reeleito em 5 de junho de 2019 como \u00fanico candidato.<\/p>\n\n\n\n<h2 class=\"wp-block-heading\">Infantino no mundo do futebol<\/h2>\n\n\n\n<p>Oriundo da UEFA, onde foi secret\u00e1rio geral, Infantino ganhou sua primeira elei\u00e7\u00e3o h\u00e1 seis anos com 115 votos contra 88 do xeque Salman bin Ibrahim al Khalifa, do Bahrein, na rodada final, em que s\u00f3 restaram os dois candidatos.<\/p>\n\n\n\n<p>Infantino assumiu a presid\u00eancia quando ela estava ocupada pelo camaron\u00eas Issa Hayatou interinamente, j\u00e1 que Blatter renunciou dias depois de ser reeleito para seu quinto mandato (em 29 de maio de 2015) por causa de esc\u00e2ndalos de corrup\u00e7\u00e3o investigados por tribunais dos Estados Unidos e da Su\u00ed\u00e7a.<\/p>\n\n\n\n<p>Al\u00e9m disso, o comit\u00ea de \u00e9tica da Fifa impediu na \u00e9poca que o ex-jogador e dirigente franc\u00eas Michel Platini, que era presidente da Uefa e foi suspenso por violar o C\u00f3digo de \u00c9tica, se candidatasse \u00e0 presid\u00eancia. Tanto ele como Blatter foram absolvidos em junho deste ano pelo Tribunal Penal Federal da Su\u00ed\u00e7a. <a href=\"https:\/\/efs.efeservicios.com\/\">EFE<\/a><\/p>\n","protected":false},"excerpt":{"rendered":"<p>Reda\u00e7\u00e3o Central (EFE).-\u00a0A Fifa confirmou nesta quinta-feira que Gianni Infantino, presidente da entidade desde fevereiro de 2016, ser\u00e1 o \u00fanico candidato para o cargo nas elei\u00e7\u00f5es marcadas para 16 de mar\u00e7o de 2023. As federa\u00e7\u00f5es dos pa\u00edses membros da Fifa propuseram apenas a candidatura do dirigente, que iniciar\u00e1 seu terceiro mandato no 73\u00ba Congresso da &#8230; <a title=\"Infantino \u00e9 \u00fanico candidato \u00e0 presid\u00eancia da Fifa\" class=\"read-more\" href=\"https:\/\/pre.efe.com\/pt-br\/esportes\/2022-11-17\/infantino-e-unico-candidato-a-presidencia-da-fifa\/\" aria-label=\"Read more about Infantino \u00e9 \u00fanico candidato \u00e0 presid\u00eancia da Fifa\">Leia mais<\/a><\/p>\n","protected":false},"author":198164106,"featured_media":174816,"comment_status":"closed","ping_status":"closed","sticky":false,"template":"","format":"standard","meta":{"_acf_changed":false,"_jetpack_memberships_contains_paid_content":false,"footnotes":""},"categories":[121968,122141],"tags":[122922,122364],"class_list":["post-174809","post","type-post","status-publish","format-standard","has-post-thumbnail","hentry","category-esportes","category-portada","tag-fifa","tag-futebol","generate-columns","tablet-grid-50","mobile-grid-100","grid-parent","grid-50"],"acf":[],"yoast_head":"<!-- This site is optimized with the Yoast SEO Premium plugin v26.0 (Yoast SEO v27.4) - https:\/\/yoast.com\/product\/yoast-seo-premium-wordpress\/ -->\n<title>Infantino \u00e9 \u00fanico candidato \u00e0 presid\u00eancia da Fifa - EFE<\/title>\n<meta name=\"robots\" content=\"noindex, follow\" \/>\n<meta property=\"og:locale\" content=\"pt_BR\" \/>\n<meta property=\"og:type\" content=\"article\" \/>\n<meta property=\"og:title\" content=\"Infantino \u00e9 \u00fanico candidato \u00e0 presid\u00eancia da Fifa - EFE\" \/>\n<meta property=\"og:description\" content=\"Reda\u00e7\u00e3o Central (EFE).-\u00a0A Fifa confirmou nesta quinta-feira que Gianni Infantino, presidente da entidade desde fevereiro de 2016, ser\u00e1 o \u00fanico candidato para o cargo nas elei\u00e7\u00f5es marcadas para 16 de mar\u00e7o de 2023. As federa\u00e7\u00f5es dos pa\u00edses membros da Fifa propuseram apenas a candidatura do dirigente, que iniciar\u00e1 seu terceiro mandato no 73\u00ba Congresso da ... Leia mais\" \/>\n<meta property=\"og:url\" content=\"https:\/\/pre.efe.com\/pt-br\/esportes\/2022-11-17\/infantino-e-unico-candidato-a-presidencia-da-fifa\/\" \/>\n<meta property=\"og:site_name\" content=\"EFE Noticias\" \/>\n<meta property=\"article:publisher\" content=\"https:\/\/www.facebook.com\/AgenciaEFEnoticias\/\" \/>\n<meta property=\"article:published_time\" content=\"2022-11-17T15:40:00+00:00\" \/>\n<meta property=\"article:modified_time\" content=\"2022-11-17T17:46:06+00:00\" \/>\n<meta property=\"og:image\" content=\"https:\/\/i0.wp.com\/efe.com\/\/srv\/htdocs\/wp-content\/uploads\/2022\/11\/INFANTINO.jpg?fit=900%2C613&ssl=1\" \/>\n\t<meta property=\"og:image:width\" content=\"900\" \/>\n\t<meta property=\"og:image:height\" content=\"613\" \/>\n\t<meta property=\"og:image:type\" content=\"image\/jpeg\" \/>\n<meta name=\"author\" content=\"anachain\" \/>\n<meta name=\"twitter:card\" content=\"summary_large_image\" \/>\n<meta name=\"twitter:creator\" content=\"@efenoticias\" \/>\n<meta name=\"twitter:site\" content=\"@efenoticias\" \/>\n<script type=\"application\/ld+json\" class=\"yoast-schema-graph\">{\"@context\":\"https:\\\/\\\/schema.org\",\"@graph\":[{\"@type\":\"NewsArticle\",\"@id\":\"https:\\\/\\\/pre.efe.com\\\/pt-br\\\/esportes\\\/2022-11-17\\\/infantino-e-unico-candidato-a-presidencia-da-fifa\\\/#article\",\"isPartOf\":{\"@id\":\"https:\\\/\\\/pre.efe.com\\\/pt-br\\\/esportes\\\/2022-11-17\\\/infantino-e-unico-candidato-a-presidencia-da-fifa\\\/\"},\"author\":{\"name\":\"anachain\",\"@id\":\"https:\\\/\\\/pre.efe.com\\\/pt-br\\\/#\\\/schema\\\/person\\\/b19f23f210db552768f68a4b552b004f\"},\"headline\":\"Infantino \u00e9 \u00fanico candidato \u00e0 presid\u00eancia da Fifa\",\"datePublished\":\"2022-11-17T15:40:00+00:00\",\"dateModified\":\"2022-11-17T17:46:06+00:00\",\"mainEntityOfPage\":{\"@id\":\"https:\\\/\\\/pre.efe.com\\\/pt-br\\\/esportes\\\/2022-11-17\\\/infantino-e-unico-candidato-a-presidencia-da-fifa\\\/\"},\"wordCount\":313,\"publisher\":{\"@id\":\"https:\\\/\\\/pre.efe.com\\\/pt-br\\\/#organization\"},\"image\":{\"@id\":\"https:\\\/\\\/pre.efe.com\\\/pt-br\\\/esportes\\\/2022-11-17\\\/infantino-e-unico-candidato-a-presidencia-da-fifa\\\/#primaryimage\"},\"thumbnailUrl\":\"https:\\\/\\\/pre.efe.com\\\/wp-content\\\/uploads\\\/2022\\\/11\\\/INFANTINO.jpg\",\"keywords\":[\"FIFA\",\"Futebol\"],\"articleSection\":[\"Esportes\",\"Portada\"],\"inLanguage\":\"pt-BR\",\"copyrightYear\":\"2022\",\"copyrightHolder\":{\"@id\":\"https:\\\/\\\/pre.efe.com\\\/#organization\"}},{\"@type\":[\"WebPage\",\"ItemPage\"],\"@id\":\"https:\\\/\\\/pre.efe.com\\\/pt-br\\\/esportes\\\/2022-11-17\\\/infantino-e-unico-candidato-a-presidencia-da-fifa\\\/\",\"url\":\"https:\\\/\\\/pre.efe.com\\\/pt-br\\\/esportes\\\/2022-11-17\\\/infantino-e-unico-candidato-a-presidencia-da-fifa\\\/\",\"name\":\"Infantino \u00e9 \u00fanico candidato \u00e0 presid\u00eancia da Fifa - EFE\",\"isPartOf\":{\"@id\":\"https:\\\/\\\/pre.efe.com\\\/pt-br\\\/#website\"},\"primaryImageOfPage\":{\"@id\":\"https:\\\/\\\/pre.efe.com\\\/pt-br\\\/esportes\\\/2022-11-17\\\/infantino-e-unico-candidato-a-presidencia-da-fifa\\\/#primaryimage\"},\"image\":{\"@id\":\"https:\\\/\\\/pre.efe.com\\\/pt-br\\\/esportes\\\/2022-11-17\\\/infantino-e-unico-candidato-a-presidencia-da-fifa\\\/#primaryimage\"},\"thumbnailUrl\":\"https:\\\/\\\/pre.efe.com\\\/wp-content\\\/uploads\\\/2022\\\/11\\\/INFANTINO.jpg\",\"datePublished\":\"2022-11-17T15:40:00+00:00\",\"dateModified\":\"2022-11-17T17:46:06+00:00\",\"breadcrumb\":{\"@id\":\"https:\\\/\\\/pre.efe.com\\\/pt-br\\\/esportes\\\/2022-11-17\\\/infantino-e-unico-candidato-a-presidencia-da-fifa\\\/#breadcrumb\"},\"inLanguage\":\"pt-BR\",\"potentialAction\":[{\"@type\":\"ReadAction\",\"target\":[\"https:\\\/\\\/pre.efe.com\\\/pt-br\\\/esportes\\\/2022-11-17\\\/infantino-e-unico-candidato-a-presidencia-da-fifa\\\/\"]}]},{\"@type\":\"ImageObject\",\"inLanguage\":\"pt-BR\",\"@id\":\"https:\\\/\\\/pre.efe.com\\\/pt-br\\\/esportes\\\/2022-11-17\\\/infantino-e-unico-candidato-a-presidencia-da-fifa\\\/#primaryimage\",\"url\":\"https:\\\/\\\/pre.efe.com\\\/wp-content\\\/uploads\\\/2022\\\/11\\\/INFANTINO.jpg\",\"contentUrl\":\"https:\\\/\\\/pre.efe.com\\\/wp-content\\\/uploads\\\/2022\\\/11\\\/INFANTINO.jpg\",\"width\":900,\"height\":613,\"caption\":\"O presidente da Fifa, Gianni Infantino. EFE\\\/Arquivo\\\/NOUSHAD THEKKAYIL\"},{\"@type\":\"BreadcrumbList\",\"@id\":\"https:\\\/\\\/pre.efe.com\\\/pt-br\\\/esportes\\\/2022-11-17\\\/infantino-e-unico-candidato-a-presidencia-da-fifa\\\/#breadcrumb\",\"itemListElement\":[{\"@type\":\"ListItem\",\"position\":1,\"name\":\"Portada\",\"item\":\"https:\\\/\\\/pre.efe.com\\\/pt-br\\\/\"},{\"@type\":\"ListItem\",\"position\":2,\"name\":\"Infantino \u00e9 \u00fanico candidato \u00e0 presid\u00eancia da Fifa\"}]},{\"@type\":\"WebSite\",\"@id\":\"https:\\\/\\\/pre.efe.com\\\/pt-br\\\/#website\",\"url\":\"https:\\\/\\\/pre.efe.com\\\/pt-br\\\/\",\"name\":\"EFE Noticias\",\"description\":\"\",\"publisher\":{\"@id\":\"https:\\\/\\\/pre.efe.com\\\/pt-br\\\/#organization\"},\"potentialAction\":[{\"@type\":\"SearchAction\",\"target\":{\"@type\":\"EntryPoint\",\"urlTemplate\":\"https:\\\/\\\/pre.efe.com\\\/pt-br\\\/?s={search_term_string}\"},\"query-input\":{\"@type\":\"PropertyValueSpecification\",\"valueRequired\":true,\"valueName\":\"search_term_string\"}}],\"inLanguage\":\"pt-BR\"},{\"@type\":\"Organization\",\"@id\":\"https:\\\/\\\/pre.efe.com\\\/pt-br\\\/#organization\",\"name\":\"Agencia EFE\",\"url\":\"https:\\\/\\\/pre.efe.com\\\/pt-br\\\/\",\"logo\":{\"@type\":\"ImageObject\",\"inLanguage\":\"pt-BR\",\"@id\":\"https:\\\/\\\/pre.efe.com\\\/pt-br\\\/#\\\/schema\\\/logo\\\/image\\\/\",\"url\":\"https:\\\/\\\/pre.efe.com\\\/wp-content\\\/uploads\\\/2023\\\/06\\\/logo-efe-467.png\",\"contentUrl\":\"https:\\\/\\\/pre.efe.com\\\/wp-content\\\/uploads\\\/2023\\\/06\\\/logo-efe-467.png\",\"width\":467,\"height\":467,\"caption\":\"Agencia EFE\"},\"image\":{\"@id\":\"https:\\\/\\\/pre.efe.com\\\/pt-br\\\/#\\\/schema\\\/logo\\\/image\\\/\"},\"sameAs\":[\"https:\\\/\\\/www.facebook.com\\\/AgenciaEFEnoticias\\\/\",\"https:\\\/\\\/x.com\\\/efenoticias\",\"https:\\\/\\\/www.instagram.com\\\/efe_noticias\\\/\",\"http:\\\/\\\/www.youtube.com\\\/efe\"]},{\"@type\":\"Person\",\"@id\":\"https:\\\/\\\/pre.efe.com\\\/pt-br\\\/#\\\/schema\\\/person\\\/b19f23f210db552768f68a4b552b004f\",\"name\":\"anachain\",\"image\":{\"@type\":\"ImageObject\",\"inLanguage\":\"pt-BR\",\"@id\":\"https:\\\/\\\/secure.gravatar.com\\\/avatar\\\/30b83965911ef1108bb893c00bdd65c885f9890e1265ee04b02c3d5adc785d37?s=96&d=identicon&r=g\",\"url\":\"https:\\\/\\\/secure.gravatar.com\\\/avatar\\\/30b83965911ef1108bb893c00bdd65c885f9890e1265ee04b02c3d5adc785d37?s=96&d=identicon&r=g\",\"contentUrl\":\"https:\\\/\\\/secure.gravatar.com\\\/avatar\\\/30b83965911ef1108bb893c00bdd65c885f9890e1265ee04b02c3d5adc785d37?s=96&d=identicon&r=g\",\"caption\":\"anachain\"},\"url\":\"https:\\\/\\\/pre.efe.com\\\/pt-br\\\/autor\\\/anachain\\\/\"}]}<\/script>\n<!-- \/ Yoast SEO Premium plugin. -->","yoast_head_json":{"title":"Infantino \u00e9 \u00fanico candidato \u00e0 presid\u00eancia da Fifa - EFE","robots":{"index":"noindex","follow":"follow"},"og_locale":"pt_BR","og_type":"article","og_title":"Infantino \u00e9 \u00fanico candidato \u00e0 presid\u00eancia da Fifa - EFE","og_description":"Reda\u00e7\u00e3o Central (EFE).-\u00a0A Fifa confirmou nesta quinta-feira que Gianni Infantino, presidente da entidade desde fevereiro de 2016, ser\u00e1 o \u00fanico candidato para o cargo nas elei\u00e7\u00f5es marcadas para 16 de mar\u00e7o de 2023. As federa\u00e7\u00f5es dos pa\u00edses membros da Fifa propuseram apenas a candidatura do dirigente, que iniciar\u00e1 seu terceiro mandato no 73\u00ba Congresso da ... Leia mais","og_url":"https:\/\/pre.efe.com\/pt-br\/esportes\/2022-11-17\/infantino-e-unico-candidato-a-presidencia-da-fifa\/","og_site_name":"EFE Noticias","article_publisher":"https:\/\/www.facebook.com\/AgenciaEFEnoticias\/","article_published_time":"2022-11-17T15:40:00+00:00","article_modified_time":"2022-11-17T17:46:06+00:00","og_image":[{"width":900,"height":613,"url":"https:\/\/i0.wp.com\/efe.com\/\/srv\/htdocs\/wp-content\/uploads\/2022\/11\/INFANTINO.jpg?fit=900%2C613&ssl=1","type":"image\/jpeg"}],"author":"anachain","twitter_card":"summary_large_image","twitter_creator":"@efenoticias","twitter_site":"@efenoticias","schema":{"@context":"https:\/\/schema.org","@graph":[{"@type":"NewsArticle","@id":"https:\/\/pre.efe.com\/pt-br\/esportes\/2022-11-17\/infantino-e-unico-candidato-a-presidencia-da-fifa\/#article","isPartOf":{"@id":"https:\/\/pre.efe.com\/pt-br\/esportes\/2022-11-17\/infantino-e-unico-candidato-a-presidencia-da-fifa\/"},"author":{"name":"anachain","@id":"https:\/\/pre.efe.com\/pt-br\/#\/schema\/person\/b19f23f210db552768f68a4b552b004f"},"headline":"Infantino \u00e9 \u00fanico candidato \u00e0 presid\u00eancia da Fifa","datePublished":"2022-11-17T15:40:00+00:00","dateModified":"2022-11-17T17:46:06+00:00","mainEntityOfPage":{"@id":"https:\/\/pre.efe.com\/pt-br\/esportes\/2022-11-17\/infantino-e-unico-candidato-a-presidencia-da-fifa\/"},"wordCount":313,"publisher":{"@id":"https:\/\/pre.efe.com\/pt-br\/#organization"},"image":{"@id":"https:\/\/pre.efe.com\/pt-br\/esportes\/2022-11-17\/infantino-e-unico-candidato-a-presidencia-da-fifa\/#primaryimage"},"thumbnailUrl":"https:\/\/pre.efe.com\/wp-content\/uploads\/2022\/11\/INFANTINO.jpg","keywords":["FIFA","Futebol"],"articleSection":["Esportes","Portada"],"inLanguage":"pt-BR","copyrightYear":"2022","copyrightHolder":{"@id":"https:\/\/pre.efe.com\/#organization"}},{"@type":["WebPage","ItemPage"],"@id":"https:\/\/pre.efe.com\/pt-br\/esportes\/2022-11-17\/infantino-e-unico-candidato-a-presidencia-da-fifa\/","url":"https:\/\/pre.efe.com\/pt-br\/esportes\/2022-11-17\/infantino-e-unico-candidato-a-presidencia-da-fifa\/","name":"Infantino \u00e9 \u00fanico candidato \u00e0 presid\u00eancia da Fifa - EFE","isPartOf":{"@id":"https:\/\/pre.efe.com\/pt-br\/#website"},"primaryImageOfPage":{"@id":"https:\/\/pre.efe.com\/pt-br\/esportes\/2022-11-17\/infantino-e-unico-candidato-a-presidencia-da-fifa\/#primaryimage"},"image":{"@id":"https:\/\/pre.efe.com\/pt-br\/esportes\/2022-11-17\/infantino-e-unico-candidato-a-presidencia-da-fifa\/#primaryimage"},"thumbnailUrl":"https:\/\/pre.efe.com\/wp-content\/uploads\/2022\/11\/INFANTINO.jpg","datePublished":"2022-11-17T15:40:00+00:00","dateModified":"2022-11-17T17:46:06+00:00","breadcrumb":{"@id":"https:\/\/pre.efe.com\/pt-br\/esportes\/2022-11-17\/infantino-e-unico-candidato-a-presidencia-da-fifa\/#breadcrumb"},"inLanguage":"pt-BR","potentialAction":[{"@type":"ReadAction","target":["https:\/\/pre.efe.com\/pt-br\/esportes\/2022-11-17\/infantino-e-unico-candidato-a-presidencia-da-fifa\/"]}]},{"@type":"ImageObject","inLanguage":"pt-BR","@id":"https:\/\/pre.efe.com\/pt-br\/esportes\/2022-11-17\/infantino-e-unico-candidato-a-presidencia-da-fifa\/#primaryimage","url":"https:\/\/pre.efe.com\/wp-content\/uploads\/2022\/11\/INFANTINO.jpg","contentUrl":"https:\/\/pre.efe.com\/wp-content\/uploads\/2022\/11\/INFANTINO.jpg","width":900,"height":613,"caption":"O presidente da Fifa, Gianni Infantino. EFE\/Arquivo\/NOUSHAD THEKKAYIL"},{"@type":"BreadcrumbList","@id":"https:\/\/pre.efe.com\/pt-br\/esportes\/2022-11-17\/infantino-e-unico-candidato-a-presidencia-da-fifa\/#breadcrumb","itemListElement":[{"@type":"ListItem","position":1,"name":"Portada","item":"https:\/\/pre.efe.com\/pt-br\/"},{"@type":"ListItem","position":2,"name":"Infantino \u00e9 \u00fanico candidato \u00e0 presid\u00eancia da Fifa"}]},{"@type":"WebSite","@id":"https:\/\/pre.efe.com\/pt-br\/#website","url":"https:\/\/pre.efe.com\/pt-br\/","name":"EFE Noticias","description":"","publisher":{"@id":"https:\/\/pre.efe.com\/pt-br\/#organization"},"potentialAction":[{"@type":"SearchAction","target":{"@type":"EntryPoint","urlTemplate":"https:\/\/pre.efe.com\/pt-br\/?s={search_term_string}"},"query-input":{"@type":"PropertyValueSpecification","valueRequired":true,"valueName":"search_term_string"}}],"inLanguage":"pt-BR"},{"@type":"Organization","@id":"https:\/\/pre.efe.com\/pt-br\/#organization","name":"Agencia EFE","url":"https:\/\/pre.efe.com\/pt-br\/","logo":{"@type":"ImageObject","inLanguage":"pt-BR","@id":"https:\/\/pre.efe.com\/pt-br\/#\/schema\/logo\/image\/","url":"https:\/\/pre.efe.com\/wp-content\/uploads\/2023\/06\/logo-efe-467.png","contentUrl":"https:\/\/pre.efe.com\/wp-content\/uploads\/2023\/06\/logo-efe-467.png","width":467,"height":467,"caption":"Agencia EFE"},"image":{"@id":"https:\/\/pre.efe.com\/pt-br\/#\/schema\/logo\/image\/"},"sameAs":["https:\/\/www.facebook.com\/AgenciaEFEnoticias\/","https:\/\/x.com\/efenoticias","https:\/\/www.instagram.com\/efe_noticias\/","http:\/\/www.youtube.com\/efe"]},{"@type":"Person","@id":"https:\/\/pre.efe.com\/pt-br\/#\/schema\/person\/b19f23f210db552768f68a4b552b004f","name":"anachain","image":{"@type":"ImageObject","inLanguage":"pt-BR","@id":"https:\/\/secure.gravatar.com\/avatar\/30b83965911ef1108bb893c00bdd65c885f9890e1265ee04b02c3d5adc785d37?s=96&d=identicon&r=g","url":"https:\/\/secure.gravatar.com\/avatar\/30b83965911ef1108bb893c00bdd65c885f9890e1265ee04b02c3d5adc785d37?s=96&d=identicon&r=g","contentUrl":"https:\/\/secure.gravatar.com\/avatar\/30b83965911ef1108bb893c00bdd65c885f9890e1265ee04b02c3d5adc785d37?s=96&d=identicon&r=g","caption":"anachain"},"url":"https:\/\/pre.efe.com\/pt-br\/autor\/anachain\/"}]}},"jetpack_featured_media_url":"https:\/\/pre.efe.com\/wp-content\/uploads\/2022\/11\/INFANTINO.jpg","jetpack_shortlink":"https:\/\/wp.me\/peJvHm-Jtv","jetpack_sharing_enabled":true,"_links":{"self":[{"href":"https:\/\/pre.efe.com\/pt-br\/wp-json\/wp\/v2\/posts\/174809","targetHints":{"allow":["GET"]}}],"collection":[{"href":"https:\/\/pre.efe.com\/pt-br\/wp-json\/wp\/v2\/posts"}],"about":[{"href":"https:\/\/pre.efe.com\/pt-br\/wp-json\/wp\/v2\/types\/post"}],"author":[{"embeddable":true,"href":"https:\/\/pre.efe.com\/pt-br\/wp-json\/wp\/v2\/users\/198164106"}],"replies":[{"embeddable":true,"href":"https:\/\/pre.efe.com\/pt-br\/wp-json\/wp\/v2\/comments?post=174809"}],"version-history":[{"count":2,"href":"https:\/\/pre.efe.com\/pt-br\/wp-json\/wp\/v2\/posts\/174809\/revisions"}],"predecessor-version":[{"id":174822,"href":"https:\/\/pre.efe.com\/pt-br\/wp-json\/wp\/v2\/posts\/174809\/revisions\/174822"}],"wp:featuredmedia":[{"embeddable":true,"href":"https:\/\/pre.efe.com\/pt-br\/wp-json\/wp\/v2\/media\/174816"}],"wp:attachment":[{"href":"https:\/\/pre.efe.com\/pt-br\/wp-json\/wp\/v2\/media?parent=174809"}],"wp:term":[{"taxonomy":"category","embeddable":true,"href":"https:\/\/pre.efe.com\/pt-br\/wp-json\/wp\/v2\/categories?post=174809"},{"taxonomy":"post_tag","embeddable":true,"href":"https:\/\/pre.efe.com\/pt-br\/wp-json\/wp\/v2\/tags?post=174809"}],"curies":[{"name":"wp","href":"https:\/\/api.w.org\/{rel}","templated":true}]}}