{"id":174851,"date":"2022-11-17T19:05:18","date_gmt":"2022-11-17T18:05:18","guid":{"rendered":"https:\/\/pre.efe.com\/?p=174851"},"modified":"2022-11-17T19:05:21","modified_gmt":"2022-11-17T18:05:21","slug":"de-deschamps-a-novato-canadense-32-tecnicos-buscam-brilhar-na-copa","status":"publish","type":"post","link":"https:\/\/pre.efe.com\/pt-br\/esportes\/2022-11-17\/de-deschamps-a-novato-canadense-32-tecnicos-buscam-brilhar-na-copa\/","title":{"rendered":"De Deschamps a novato canadense, 32 t\u00e9cnicos buscam brilhar na Copa"},"content":{"rendered":"\n<p>\u00d3scar Gonz\u00e1lez.<\/p>\n\n\n\n<p>Reda\u00e7\u00e3o Central (<a href=\"https:\/\/pre.efe.com\/pt-br\/\">EFE<\/a>).- A cada quatro anos, o debate sobre t\u00e9cnicos na Copa do Mundo volta a em torno sobre os que foram jogadores ou n\u00e3o, este segundo caso, como o de John Herdman, da sele\u00e7\u00e3o no Canad\u00e1, que foi criticado no pa\u00eds, e n\u00e3o est\u00e1 no grupo de um ter\u00e7o dos comandantes que disputaram o torneio como atletas.<\/p>\n\n\n\n<p>O pr\u00f3prio comandante da equipe nacional, que jogou futebol n\u00e3o profissionalmente na Inglaterra, pa\u00eds em que nasceu, admitiu que existe um peso por n\u00e3o ter sido um atleta de alto n\u00edvel na modalidade.<\/p>\n\n\n\n<blockquote class=\"wp-block-quote is-layout-flow wp-block-quote-is-layout-flow\"><p>&#8220;Voc\u00ea \u00e9 um bom t\u00e9cnico, mas nunca viveu a experi\u00eancia de jogar diante de 60 mil pessoas, por isso, nunca chegar\u00e1 ao n\u00edvel m\u00e1ximo&#8221;, afirmou o ex-t\u00e9cnico das sele\u00e7\u00f5es femininas de Nova Zel\u00e2ndia e Canad\u00e1, assim como das divis\u00f5es de base do Sunderland.<\/p><\/blockquote>\n\n\n\n<p>Na Copa do Mundo do Qatar existe uma variada gama de t\u00e9cnicos, encabe\u00e7ada pelo franc\u00eas Didier Deschamps, que venceu o torneio como jogador e capit\u00e3o, em 1998, e como treinador, quatro anos atr\u00e1s, passando por Tite, talentoso meia que precisou encerrar a carreira por les\u00e3o, e novatos como Herdman.<\/p>\n\n\n\n<p>Ao todo, dez comandantes estiveram no torneio como jogadores, enquanto 11 v\u00e3o \u00e0 Copa pela segunda vez como t\u00e9cnicos.<\/p>\n\n\n\n<p>Entre os que cal\u00e7aram chuteiras, h\u00e1 mais defensores e meias defensivos. Apenas um deles foi goleiro, Carlos Queiroz, do Ir\u00e3, em um distante passado, longe do profissionalismo em Mo\u00e7ambique. Al\u00e9m disso, h\u00e1 quatro atacantes.<\/p>\n\n\n\n<p>Sem d\u00favida, o caso mais curioso \u00e9 o de Herdman, que deixou o prest\u00edgio de ser um dos melhores t\u00e9cnicos do mundo no futebol feminino, para assumir a sele\u00e7\u00e3o masculina canadense.<\/p>\n\n\n\n<p>Confira o perfil dos t\u00e9cnicos da Copa do Mundo de 2022:<\/p>\n\n\n\n<h2 class=\"wp-block-heading\">Grupo A<\/h2>\n\n\n\n<p><strong>QATAR:<\/strong> F\u00e9lix S\u00e1nchez (Espanha) &#8211; Com 21 anos, j\u00e1 trabalhava nas divis\u00f5es de base do Barcelona. Partiu para o Qatar em 2006, chegando na Academia Aspire de forma\u00e7\u00e3o de talentos, para depois passar \u00e0 federa\u00e7\u00e3o e assumir a sele\u00e7\u00e3o, em julho de 2017.<\/p>\n\n\n\n<p><strong>EQUADOR:<\/strong> Gustavo Alfaro (Argentina) &#8211; Na curta trajet\u00f3ria de quatro anos como jogador profissional, foi meia que chegou a atuar no Atl\u00e9tico Rafaela, na segunda divis\u00e3o argentina. \u00c9 t\u00e9cnico desde 1992, e assumiu a sele\u00e7\u00e3o equatoriana ap\u00f3s deixar o Boca Juniors.<\/p>\n\n\n\n<p><strong>HOLANDA: <\/strong>Louis van Gall &#8211; Foi um discreto meia que, sem espa\u00e7o no Ajax de Cruyff e Neeskens, partiu para a B\u00e9lgica e depois viveu melhor fase no Sparta Roterdam. Se aposentou com 35 anos e ganhou chance como auxiliar no Ajax, onde se consolidou como t\u00e9cnico. Est\u00e1 na terceira passagem pela sele\u00e7\u00e3o da Holanda e vai para segunda Copa.<\/p>\n\n\n\n<p><strong>SENEGAL:<\/strong> Aliou Ciss\u00e9 &#8211; Como meia, fez parte da surpreendente sele\u00e7\u00e3o que bateu a Fran\u00e7a na abertura do Mundial de 2002. Vai para a segunda Copa como t\u00e9cnico, depois de ficar na primeira fase com os senegaleses, que receberam o pr\u00eamio Fair Play da competi\u00e7\u00e3o.<\/p>\n\n\n\n<h2 class=\"wp-block-heading\">Grupo B<\/h2>\n\n\n\n<p><strong>INGLATERRA:<\/strong> Gareth Southgate &#8211; Hist\u00f3rico zagueiro da sele\u00e7\u00e3o inglesa, disputou as Copas de 1998 e 2002 e vai para o segundo Mundial como t\u00e9cnico, ap\u00f3s ter levado \u00e0 Inglaterra ao quarto lugar na R\u00fassia, quatro anos atr\u00e1s.<\/p>\n\n\n\n<p><strong>IR\u00c3:<\/strong> Carlos Queiroz (Portugal) &#8211; Por seis anos, quando jovem, foi doleiro da Ferrovi\u00e1ria de Nampula, de Mo\u00e7ambique, mas encerrou a carreira aos 22, quando se mudou para Portugal. Vai para a segunda Copa com o Ir\u00e3, depois da edi\u00e7\u00e3o de 2014, no Brasil.<\/p>\n\n\n\n<p><strong>ESTADOS UNIDOS:<\/strong> Gregg Berthalter &#8211; Zagueiro que jogou 15 anos na Europa, disputou uma partida da Copa do Mundo de 2002 e foi convocado para a edi\u00e7\u00e3o de 2006. Primeiro jogador de Crystal Palace a ser chamado para o torneio, vai estrear como t\u00e9cnico.<\/p>\n\n\n\n<p><strong>PA\u00cdS DE GALES:<\/strong> Rob Page &#8211; O substituto de Ryan Giggs no banco de reservas gal\u00eas, foi um zagueiro que atuou 41 jogos pela sele\u00e7\u00e3o e em mais de 500 partidas do Campeonato Ingl\u00eas.<\/p>\n\n\n\n<h2 class=\"wp-block-heading\">Grupo C<\/h2>\n\n\n\n<p><strong>ARGENTINA:<\/strong> Lionel Scaloni &#8211; Come\u00e7ou como lateral-direito e se tornou meia, posi\u00e7\u00e3o em que virou \u00eddolo no Deportivo La Coru\u00f1a. Foi campe\u00e3o do mundo sub-20 e disputou a Copa de 2006, em que fez um jogo. Quatro anos atr\u00e1s, na R\u00fassia, fazia parte da comiss\u00e3o t\u00e9cnica de Jorge Sampaoli.<\/p>\n\n\n\n<p><strong>AR\u00c1BIA SAUDITA:<\/strong> Herv\u00e9 Renard (Fran\u00e7a) &#8211; Zagueiro que atuou com Zinedine Zidane no Cannes, mas que s\u00f3 disputou uma partida da primeira divis\u00e3o do Campeonato Franc\u00eas. Vai para a segunda Copa como t\u00e9cnico, quatro anos ap\u00f3s comandar o Marrocos.<\/p>\n\n\n\n<p><strong>M\u00c9XICO:<\/strong> Gerardo Martino (Argentina) &#8211; Meia habilidoso, \u00e9 \u00eddolo no Newell&#8217;s Old Boys e chegou a disputar um Mundial sub-20, em 1981, com a Argentina. Volta \u00e0 Copa como t\u00e9cnico, ap\u00f3s levar o Paraguai at\u00e9 \u00e0s quartas de final, em 2010.<\/p>\n\n\n\n<p><strong>POL\u00d4NIA:<\/strong> Czeslaw Michniewicz &#8211; Apelidado de &#8220;Mourinho polon\u00eas&#8221;, foi atacante de pouca express\u00e3o no futebol do pa\u00eds do Leste Europeu. Assumiu a sele\u00e7\u00e3o neste ano, para substituir o portugu\u00eas Paulo Sousa.<\/p>\n\n\n\n<h2 class=\"wp-block-heading\">Grupo D<\/h2>\n\n\n\n<p><strong>FRAN\u00c7A:<\/strong> Didier Deschamps &#8211; Junto com Zagallo e Franz Beckenbauer, \u00e9 um dos tr\u00eas t\u00e9cnicos que venceu Copa como jogador t\u00e9cnico. De capit\u00e3o dos &#8216;Bleus&#8217; em 1998, virou comandante em 2018, alcan\u00e7ando o mesmo resultado, o t\u00edtulo.<\/p>\n\n\n\n<p><strong>AUSTR\u00c1LIA:<\/strong> Graham Arnold &#8211; Foi atacante da sele\u00e7\u00e3o da Austr\u00e1lia, tendo sido o maior artilheiro do pa\u00eds em 1986. Tamb\u00e9m jogou na Holanda, B\u00e9lgica e Jap\u00e3o. Foi auxiliar de Guus Hiddink na participa\u00e7\u00e3o dos &#8216;Socceroos&#8217; na Copa de 2006 e volta ao Mundial 16 anos depois.<\/p>\n\n\n\n<p><strong>DINAMARCA:<\/strong> Kasper Hjulmand &#8211; Lateral-direito que teve que se aposentar dos gramados aos 26 anos, ap\u00f3s passar pela nona opera\u00e7\u00e3o em um dos joelhos. Admirador confesso de Cruyff e Guardiola, chegou ao comando da sele\u00e7\u00e3o dinamarquesa, em agosto de 2020.<\/p>\n\n\n\n<p><strong>TUN\u00cdSIA: <\/strong>Jalel Kadri &#8211; Jogador de modestos clubes tunisianos, se tornou t\u00e9cnico da sele\u00e7\u00e3o de forma interina em janeiro deste ano e foi efetivado ap\u00f3s a demiss\u00e3o de Mondher Kebaier. A classifica\u00e7\u00e3o nas Eliminat\u00f3rias, com vit\u00f3ria sobre Mali, o al\u00e7ou ao status de \u00eddolo.<\/p>\n\n\n\n<h2 class=\"wp-block-heading\">Grupo E<\/h2>\n\n\n\n<p><strong>ESPANHA:<\/strong> Luis Enrique &#8211; A polival\u00eancia em campo, o levou para tr\u00eas Copas, de 1994, 1998 e 2002. Na primeira delas, acabou virando imagem ic\u00f4nica, ao levar uma cotovelada do italiano Mauro Tassotti. Entrou para a hist\u00f3ria por protagonizar lance que, pela primeira vez, fez a Fifa utilizar o v\u00eddeo para revisar marca\u00e7\u00e3o de \u00e1rbitro.<\/p>\n\n\n\n<p><strong>COSTA RICA:<\/strong> Luis Fernando Su\u00e1rez (Col\u00f4mbia) &#8211; Zagueiro ou volante do Atl\u00e9tico Nacional, foi campe\u00e3o da Ta\u00e7a Libertadores e do Mundial Interclubes. Vai para a terceira Copa do Mundo, ap\u00f3s comandar o Equador, em 2006, e Honduras, em 2014.<\/p>\n\n\n\n<p><strong>ALEMANHA:<\/strong> Hansi Flick &#8211; Volante que fez 104 jogos pelo Bayern de Munique, defendeu apenas a sele\u00e7\u00e3o alem\u00e3 sub-18, tendo se aposentado aos 28 anos. Virou auxiliar de Joachim L\u00f6w, sendo o respons\u00e1vel pela estrat\u00e9gia na Copa de 2014, vencida pelo \u2018Mannschaft\u2019.<\/p>\n\n\n\n<p><strong>JAP\u00c3O:<\/strong> Hajime Moriyasu &#8211; Foi volante que ficou fora da Copa do Mundo de 1994, gra\u00e7as a um gol sofrido no fim do jogo decisivo com o Iraque, nas Eliminat\u00f3rias. Assumiu a sele\u00e7\u00e3o principal japonesa ap\u00f3s bom trabalho nos Jogos Ol\u00edmpicos de 2020.<\/p>\n\n\n\n<h2 class=\"wp-block-heading\">Grupo F<\/h2>\n\n\n\n<p><strong>B\u00c9LGICA:<\/strong> Roberto Mart\u00ednez (Espanha)- Meia ofensivo, que fez apenas um jogo na primeira divis\u00e3o do Campeonato Espanhol, quando jogava pelo Zaragoza. Foi atuar no Campeonato Ingl\u00eas, onde, depois, virou t\u00e9cnico, come\u00e7ando no Swansea. Volta \u00e0 Copa, quatro anos depois de levar os belgas ao terceiro lugar, na R\u00fassia.<\/p>\n\n\n\n<p><strong>CANAD\u00c1:<\/strong> John Herdman- Nome mais emblem\u00e1tico da lista, o professor de Educa\u00e7\u00e3o F\u00edsica, com 23 anos, foi cofundador de uma academia de futebol brasileiro no Sunderland. Foi bronze ol\u00edmpico com sele\u00e7\u00e3o feminina da Nova Zel\u00e2ndia, em 2012. Depois, chegou ao futebol canadense, primeiro na equipe nacional de mulheres, depois, na de homens.<\/p>\n\n\n\n<p><strong>MARROCOS:<\/strong> Walid Regragui &#8211; Ex-lateral-direito da sele\u00e7\u00e3o marroquina, chegou a disputar a primeira divis\u00e3o do Campeonato Espanhol. Ganhou fama como t\u00e9cnico ao levar o Wydad Casablanca ao t\u00edtulo da Liga dos Campe\u00f5es da \u00c1frica, at\u00e9 chegar \u00e0 sele\u00e7\u00e3o para substituir o b\u00f3snio Vahid Halihodzic.\u00a0<\/p>\n\n\n\n<p><strong>CRO\u00c1CIA:<\/strong> Slatko Dalic &#8211; O volante, que conquistou a Copa da Iugosl\u00e1via, em 1984, nunca atuou pela sele\u00e7\u00e3o do pa\u00eds, atualmente extinto. Como t\u00e9cnico, volta \u00e0 Copa do Mundo, quatro anos depois de levar ao vice mundial, na R\u00fassia, quatro anos depois.<\/p>\n\n\n\n<h2 class=\"wp-block-heading\">Grupo G<\/h2>\n\n\n\n<p><strong>BRASIL:<\/strong> Tite &#8211; Meia t\u00e9cnico, vice-campe\u00e3o brasileiro em 1986, com o Guarani, que se aposentou com apenas 28 anos. No Qatar, ter\u00e1 a segunda chance em um Mundial, ap\u00f3s elimina\u00e7\u00e3o nas quartas de final, em derrota para a B\u00e9lgica.<\/p>\n\n\n\n<p><strong>S\u00c9RVIA: <\/strong>Dragan Stojkovic &#8211; Um dos maiores nomes do futebol s\u00e9rvio, tendo sido craque como jogador, presidente da federa\u00e7\u00e3o nacional e, depois, t\u00e9cnico. Disputou Copa como atleta, em 1990 e em 1998, primeiro com a Iugosl\u00e1via, depois com S\u00e9rvia e Montenegro.<\/p>\n\n\n\n<p><strong>SU\u00cd\u00c7A:<\/strong> Murat Yakin &#8211; Zagueiro e capit\u00e3o do Basel, chegou a atuar no Campeonato Alem\u00e3o e foi refer\u00eancia da sele\u00e7\u00e3o, junto com o irm\u00e3o Hakan Yakin. Disputou 49 partidas com a sele\u00e7\u00e3o nacional e \u00e9 t\u00e9cnico desde o ano passado.<\/p>\n\n\n\n<p><strong>CAMAR\u00d5ES:<\/strong> Rigobert Song &#8211; Zagueiro e lenda da sele\u00e7\u00e3o camaronesa, pela qual fez 137 jogos. Foi o primeiro jogador da hist\u00f3ria a ser expulso em duas diferentes edi\u00e7\u00f5es da Copa &#8211; depois, se juntou a ele o franc\u00eas Zinedine Zidane. Em mar\u00e7o deste ano, assumiu como t\u00e9cnico dos Le\u00f5es Indom\u00e1veis.<\/p>\n\n\n\n<h2 class=\"wp-block-heading\">Grupo H<\/h2>\n\n\n\n<p><strong>PORTUGAL: <\/strong>Fernando Santos &#8211; Ex-zagueiro, que fez 161 jogos pela primeira divis\u00e3o do Campeonato Portugu\u00eas, a maioria deles pelo Estoril. Vai para a terceira Copa do Mundo, ap\u00f3s dirigir a Gr\u00e9cia, em 2014, e Portugal, quatro anos atr\u00e1s.<\/p>\n\n\n\n<p><strong>GANA:<\/strong> Otto Addo &#8211; Nasceu em Hamburgo, na Alemanha, pa\u00eds onde fez carreira como jogador, tendo chegado a disputar a Copa de 2006. Virou t\u00e9cnico da sele\u00e7\u00e3o ganesa em setembro do ano passado, contratado junto ao Borussia Dormund, em que trabalhava nas divis\u00f5es de base.<\/p>\n\n\n\n<p><strong>URUGUAI:<\/strong> Diego Alonso &#8211; Atacante com faro de gols, vice-campe\u00e3o da Liga dos Campe\u00f5es com o Valencia, em 2001, s\u00f3 fez oito jogos pela sele\u00e7\u00e3o uruguaia. Disputar\u00e1 uma Copa do Mundo pela primeira vez.<\/p>\n\n\n\n<p><strong>COREIA DO SUL:<\/strong> Paulo Bento (Portugal). Meia incans\u00e1vel, atuou pela sele\u00e7\u00e3o portuguesa em 35 partidas, tr\u00eas delas, na Copa do Mundo de 2002. O ex-t\u00e9cnico do Cruzeiro estreia no torneio como comandante. <a href=\"https:\/\/efs.efeservicios.com\/\">EFE<\/a><\/p>\n","protected":false},"excerpt":{"rendered":"<p>\u00d3scar Gonz\u00e1lez. Reda\u00e7\u00e3o Central (EFE).- A cada quatro anos, o debate sobre t\u00e9cnicos na Copa do Mundo volta a em torno sobre os que foram jogadores ou n\u00e3o, este segundo caso, como o de John Herdman, da sele\u00e7\u00e3o no Canad\u00e1, que foi criticado no pa\u00eds, e n\u00e3o est\u00e1 no grupo de um ter\u00e7o dos comandantes &#8230; <a title=\"De Deschamps a novato canadense, 32 t\u00e9cnicos buscam brilhar na Copa\" class=\"read-more\" href=\"https:\/\/pre.efe.com\/pt-br\/esportes\/2022-11-17\/de-deschamps-a-novato-canadense-32-tecnicos-buscam-brilhar-na-copa\/\" aria-label=\"Read more about De Deschamps a novato canadense, 32 t\u00e9cnicos buscam brilhar na Copa\">Leia mais<\/a><\/p>\n","protected":false},"author":198164106,"featured_media":174864,"comment_status":"closed","ping_status":"closed","sticky":false,"template":"","format":"standard","meta":{"_acf_changed":false,"_jetpack_memberships_contains_paid_content":false,"footnotes":""},"categories":[121968,122144],"tags":[122363,122362,122364,122921],"class_list":["post-174851","post","type-post","status-publish","format-standard","has-post-thumbnail","hentry","category-esportes","category-outras-noticias","tag-copa-do-mundo","tag-copa-do-qatar","tag-futebol","tag-qatar","generate-columns","tablet-grid-50","mobile-grid-100","grid-parent","grid-50"],"acf":[],"yoast_head":"<!-- This site is optimized with the Yoast SEO Premium plugin v26.0 (Yoast SEO v27.4) - https:\/\/yoast.com\/product\/yoast-seo-premium-wordpress\/ -->\n<title>De Deschamps a novato canadense, 32 t\u00e9cnicos buscam brilhar na Copa - EFE<\/title>\n<meta name=\"robots\" content=\"noindex, follow\" \/>\n<meta property=\"og:locale\" content=\"pt_BR\" \/>\n<meta property=\"og:type\" content=\"article\" \/>\n<meta property=\"og:title\" content=\"De Deschamps a novato canadense, 32 t\u00e9cnicos buscam brilhar na Copa - EFE\" \/>\n<meta property=\"og:description\" content=\"\u00d3scar Gonz\u00e1lez. Reda\u00e7\u00e3o Central (EFE).- A cada quatro anos, o debate sobre t\u00e9cnicos na Copa do Mundo volta a em torno sobre os que foram jogadores ou n\u00e3o, este segundo caso, como o de John Herdman, da sele\u00e7\u00e3o no Canad\u00e1, que foi criticado no pa\u00eds, e n\u00e3o est\u00e1 no grupo de um ter\u00e7o dos comandantes ... Leia mais\" \/>\n<meta property=\"og:url\" content=\"https:\/\/pre.efe.com\/pt-br\/esportes\/2022-11-17\/de-deschamps-a-novato-canadense-32-tecnicos-buscam-brilhar-na-copa\/\" \/>\n<meta property=\"og:site_name\" content=\"EFE Noticias\" \/>\n<meta property=\"article:publisher\" content=\"https:\/\/www.facebook.com\/AgenciaEFEnoticias\/\" \/>\n<meta property=\"article:published_time\" content=\"2022-11-17T18:05:18+00:00\" \/>\n<meta property=\"article:modified_time\" content=\"2022-11-17T18:05:21+00:00\" \/>\n<meta property=\"og:image\" content=\"https:\/\/i0.wp.com\/efe.com\/\/srv\/htdocs\/wp-content\/uploads\/2022\/11\/DESCHAMPS.jpg?fit=900%2C600&ssl=1\" \/>\n\t<meta property=\"og:image:width\" content=\"900\" \/>\n\t<meta property=\"og:image:height\" content=\"600\" \/>\n\t<meta property=\"og:image:type\" content=\"image\/jpeg\" \/>\n<meta name=\"author\" content=\"anachain\" \/>\n<meta name=\"twitter:card\" content=\"summary_large_image\" \/>\n<meta name=\"twitter:creator\" content=\"@efenoticias\" \/>\n<meta name=\"twitter:site\" content=\"@efenoticias\" \/>\n<script type=\"application\/ld+json\" class=\"yoast-schema-graph\">{\"@context\":\"https:\\\/\\\/schema.org\",\"@graph\":[{\"@type\":\"NewsArticle\",\"@id\":\"https:\\\/\\\/pre.efe.com\\\/pt-br\\\/esportes\\\/2022-11-17\\\/de-deschamps-a-novato-canadense-32-tecnicos-buscam-brilhar-na-copa\\\/#article\",\"isPartOf\":{\"@id\":\"https:\\\/\\\/pre.efe.com\\\/pt-br\\\/esportes\\\/2022-11-17\\\/de-deschamps-a-novato-canadense-32-tecnicos-buscam-brilhar-na-copa\\\/\"},\"author\":{\"name\":\"anachain\",\"@id\":\"https:\\\/\\\/pre.efe.com\\\/pt-br\\\/#\\\/schema\\\/person\\\/b19f23f210db552768f68a4b552b004f\"},\"headline\":\"De Deschamps a novato canadense, 32 t\u00e9cnicos buscam brilhar na Copa\",\"datePublished\":\"2022-11-17T18:05:18+00:00\",\"dateModified\":\"2022-11-17T18:05:21+00:00\",\"mainEntityOfPage\":{\"@id\":\"https:\\\/\\\/pre.efe.com\\\/pt-br\\\/esportes\\\/2022-11-17\\\/de-deschamps-a-novato-canadense-32-tecnicos-buscam-brilhar-na-copa\\\/\"},\"wordCount\":1819,\"publisher\":{\"@id\":\"https:\\\/\\\/pre.efe.com\\\/pt-br\\\/#organization\"},\"image\":{\"@id\":\"https:\\\/\\\/pre.efe.com\\\/pt-br\\\/esportes\\\/2022-11-17\\\/de-deschamps-a-novato-canadense-32-tecnicos-buscam-brilhar-na-copa\\\/#primaryimage\"},\"thumbnailUrl\":\"https:\\\/\\\/pre.efe.com\\\/wp-content\\\/uploads\\\/2022\\\/11\\\/DESCHAMPS.jpg\",\"keywords\":[\"Copa do Mundo\",\"Copa do Qatar\",\"Futebol\",\"Qatar\"],\"articleSection\":[\"Esportes\",\"Outras not\u00edcias\"],\"inLanguage\":\"pt-BR\",\"copyrightYear\":\"2022\",\"copyrightHolder\":{\"@id\":\"https:\\\/\\\/pre.efe.com\\\/#organization\"}},{\"@type\":[\"WebPage\",\"ItemPage\"],\"@id\":\"https:\\\/\\\/pre.efe.com\\\/pt-br\\\/esportes\\\/2022-11-17\\\/de-deschamps-a-novato-canadense-32-tecnicos-buscam-brilhar-na-copa\\\/\",\"url\":\"https:\\\/\\\/pre.efe.com\\\/pt-br\\\/esportes\\\/2022-11-17\\\/de-deschamps-a-novato-canadense-32-tecnicos-buscam-brilhar-na-copa\\\/\",\"name\":\"De Deschamps a novato canadense, 32 t\u00e9cnicos buscam brilhar na Copa - EFE\",\"isPartOf\":{\"@id\":\"https:\\\/\\\/pre.efe.com\\\/pt-br\\\/#website\"},\"primaryImageOfPage\":{\"@id\":\"https:\\\/\\\/pre.efe.com\\\/pt-br\\\/esportes\\\/2022-11-17\\\/de-deschamps-a-novato-canadense-32-tecnicos-buscam-brilhar-na-copa\\\/#primaryimage\"},\"image\":{\"@id\":\"https:\\\/\\\/pre.efe.com\\\/pt-br\\\/esportes\\\/2022-11-17\\\/de-deschamps-a-novato-canadense-32-tecnicos-buscam-brilhar-na-copa\\\/#primaryimage\"},\"thumbnailUrl\":\"https:\\\/\\\/pre.efe.com\\\/wp-content\\\/uploads\\\/2022\\\/11\\\/DESCHAMPS.jpg\",\"datePublished\":\"2022-11-17T18:05:18+00:00\",\"dateModified\":\"2022-11-17T18:05:21+00:00\",\"breadcrumb\":{\"@id\":\"https:\\\/\\\/pre.efe.com\\\/pt-br\\\/esportes\\\/2022-11-17\\\/de-deschamps-a-novato-canadense-32-tecnicos-buscam-brilhar-na-copa\\\/#breadcrumb\"},\"inLanguage\":\"pt-BR\",\"potentialAction\":[{\"@type\":\"ReadAction\",\"target\":[\"https:\\\/\\\/pre.efe.com\\\/pt-br\\\/esportes\\\/2022-11-17\\\/de-deschamps-a-novato-canadense-32-tecnicos-buscam-brilhar-na-copa\\\/\"]}]},{\"@type\":\"ImageObject\",\"inLanguage\":\"pt-BR\",\"@id\":\"https:\\\/\\\/pre.efe.com\\\/pt-br\\\/esportes\\\/2022-11-17\\\/de-deschamps-a-novato-canadense-32-tecnicos-buscam-brilhar-na-copa\\\/#primaryimage\",\"url\":\"https:\\\/\\\/pre.efe.com\\\/wp-content\\\/uploads\\\/2022\\\/11\\\/DESCHAMPS.jpg\",\"contentUrl\":\"https:\\\/\\\/pre.efe.com\\\/wp-content\\\/uploads\\\/2022\\\/11\\\/DESCHAMPS.jpg\",\"width\":900,\"height\":600,\"caption\":\"O t\u00e9cnico franc\u00eas Didier Deschamps. EFE\\\/Arquivo\\\/EFE\\\/Mohammed Badra\"},{\"@type\":\"BreadcrumbList\",\"@id\":\"https:\\\/\\\/pre.efe.com\\\/pt-br\\\/esportes\\\/2022-11-17\\\/de-deschamps-a-novato-canadense-32-tecnicos-buscam-brilhar-na-copa\\\/#breadcrumb\",\"itemListElement\":[{\"@type\":\"ListItem\",\"position\":1,\"name\":\"Portada\",\"item\":\"https:\\\/\\\/pre.efe.com\\\/pt-br\\\/\"},{\"@type\":\"ListItem\",\"position\":2,\"name\":\"De Deschamps a novato canadense, 32 t\u00e9cnicos buscam brilhar na Copa\"}]},{\"@type\":\"WebSite\",\"@id\":\"https:\\\/\\\/pre.efe.com\\\/pt-br\\\/#website\",\"url\":\"https:\\\/\\\/pre.efe.com\\\/pt-br\\\/\",\"name\":\"EFE Noticias\",\"description\":\"\",\"publisher\":{\"@id\":\"https:\\\/\\\/pre.efe.com\\\/pt-br\\\/#organization\"},\"potentialAction\":[{\"@type\":\"SearchAction\",\"target\":{\"@type\":\"EntryPoint\",\"urlTemplate\":\"https:\\\/\\\/pre.efe.com\\\/pt-br\\\/?s={search_term_string}\"},\"query-input\":{\"@type\":\"PropertyValueSpecification\",\"valueRequired\":true,\"valueName\":\"search_term_string\"}}],\"inLanguage\":\"pt-BR\"},{\"@type\":\"Organization\",\"@id\":\"https:\\\/\\\/pre.efe.com\\\/pt-br\\\/#organization\",\"name\":\"Agencia EFE\",\"url\":\"https:\\\/\\\/pre.efe.com\\\/pt-br\\\/\",\"logo\":{\"@type\":\"ImageObject\",\"inLanguage\":\"pt-BR\",\"@id\":\"https:\\\/\\\/pre.efe.com\\\/pt-br\\\/#\\\/schema\\\/logo\\\/image\\\/\",\"url\":\"https:\\\/\\\/pre.efe.com\\\/wp-content\\\/uploads\\\/2023\\\/06\\\/logo-efe-467.png\",\"contentUrl\":\"https:\\\/\\\/pre.efe.com\\\/wp-content\\\/uploads\\\/2023\\\/06\\\/logo-efe-467.png\",\"width\":467,\"height\":467,\"caption\":\"Agencia EFE\"},\"image\":{\"@id\":\"https:\\\/\\\/pre.efe.com\\\/pt-br\\\/#\\\/schema\\\/logo\\\/image\\\/\"},\"sameAs\":[\"https:\\\/\\\/www.facebook.com\\\/AgenciaEFEnoticias\\\/\",\"https:\\\/\\\/x.com\\\/efenoticias\",\"https:\\\/\\\/www.instagram.com\\\/efe_noticias\\\/\",\"http:\\\/\\\/www.youtube.com\\\/efe\"]},{\"@type\":\"Person\",\"@id\":\"https:\\\/\\\/pre.efe.com\\\/pt-br\\\/#\\\/schema\\\/person\\\/b19f23f210db552768f68a4b552b004f\",\"name\":\"anachain\",\"image\":{\"@type\":\"ImageObject\",\"inLanguage\":\"pt-BR\",\"@id\":\"https:\\\/\\\/secure.gravatar.com\\\/avatar\\\/30b83965911ef1108bb893c00bdd65c885f9890e1265ee04b02c3d5adc785d37?s=96&d=identicon&r=g\",\"url\":\"https:\\\/\\\/secure.gravatar.com\\\/avatar\\\/30b83965911ef1108bb893c00bdd65c885f9890e1265ee04b02c3d5adc785d37?s=96&d=identicon&r=g\",\"contentUrl\":\"https:\\\/\\\/secure.gravatar.com\\\/avatar\\\/30b83965911ef1108bb893c00bdd65c885f9890e1265ee04b02c3d5adc785d37?s=96&d=identicon&r=g\",\"caption\":\"anachain\"},\"url\":\"https:\\\/\\\/pre.efe.com\\\/pt-br\\\/autor\\\/anachain\\\/\"}]}<\/script>\n<!-- \/ Yoast SEO Premium plugin. -->","yoast_head_json":{"title":"De Deschamps a novato canadense, 32 t\u00e9cnicos buscam brilhar na Copa - EFE","robots":{"index":"noindex","follow":"follow"},"og_locale":"pt_BR","og_type":"article","og_title":"De Deschamps a novato canadense, 32 t\u00e9cnicos buscam brilhar na Copa - EFE","og_description":"\u00d3scar Gonz\u00e1lez. Reda\u00e7\u00e3o Central (EFE).- A cada quatro anos, o debate sobre t\u00e9cnicos na Copa do Mundo volta a em torno sobre os que foram jogadores ou n\u00e3o, este segundo caso, como o de John Herdman, da sele\u00e7\u00e3o no Canad\u00e1, que foi criticado no pa\u00eds, e n\u00e3o est\u00e1 no grupo de um ter\u00e7o dos comandantes ... Leia mais","og_url":"https:\/\/pre.efe.com\/pt-br\/esportes\/2022-11-17\/de-deschamps-a-novato-canadense-32-tecnicos-buscam-brilhar-na-copa\/","og_site_name":"EFE Noticias","article_publisher":"https:\/\/www.facebook.com\/AgenciaEFEnoticias\/","article_published_time":"2022-11-17T18:05:18+00:00","article_modified_time":"2022-11-17T18:05:21+00:00","og_image":[{"width":900,"height":600,"url":"https:\/\/i0.wp.com\/efe.com\/\/srv\/htdocs\/wp-content\/uploads\/2022\/11\/DESCHAMPS.jpg?fit=900%2C600&ssl=1","type":"image\/jpeg"}],"author":"anachain","twitter_card":"summary_large_image","twitter_creator":"@efenoticias","twitter_site":"@efenoticias","schema":{"@context":"https:\/\/schema.org","@graph":[{"@type":"NewsArticle","@id":"https:\/\/pre.efe.com\/pt-br\/esportes\/2022-11-17\/de-deschamps-a-novato-canadense-32-tecnicos-buscam-brilhar-na-copa\/#article","isPartOf":{"@id":"https:\/\/pre.efe.com\/pt-br\/esportes\/2022-11-17\/de-deschamps-a-novato-canadense-32-tecnicos-buscam-brilhar-na-copa\/"},"author":{"name":"anachain","@id":"https:\/\/pre.efe.com\/pt-br\/#\/schema\/person\/b19f23f210db552768f68a4b552b004f"},"headline":"De Deschamps a novato canadense, 32 t\u00e9cnicos buscam brilhar na Copa","datePublished":"2022-11-17T18:05:18+00:00","dateModified":"2022-11-17T18:05:21+00:00","mainEntityOfPage":{"@id":"https:\/\/pre.efe.com\/pt-br\/esportes\/2022-11-17\/de-deschamps-a-novato-canadense-32-tecnicos-buscam-brilhar-na-copa\/"},"wordCount":1819,"publisher":{"@id":"https:\/\/pre.efe.com\/pt-br\/#organization"},"image":{"@id":"https:\/\/pre.efe.com\/pt-br\/esportes\/2022-11-17\/de-deschamps-a-novato-canadense-32-tecnicos-buscam-brilhar-na-copa\/#primaryimage"},"thumbnailUrl":"https:\/\/pre.efe.com\/wp-content\/uploads\/2022\/11\/DESCHAMPS.jpg","keywords":["Copa do Mundo","Copa do Qatar","Futebol","Qatar"],"articleSection":["Esportes","Outras not\u00edcias"],"inLanguage":"pt-BR","copyrightYear":"2022","copyrightHolder":{"@id":"https:\/\/pre.efe.com\/#organization"}},{"@type":["WebPage","ItemPage"],"@id":"https:\/\/pre.efe.com\/pt-br\/esportes\/2022-11-17\/de-deschamps-a-novato-canadense-32-tecnicos-buscam-brilhar-na-copa\/","url":"https:\/\/pre.efe.com\/pt-br\/esportes\/2022-11-17\/de-deschamps-a-novato-canadense-32-tecnicos-buscam-brilhar-na-copa\/","name":"De Deschamps a novato canadense, 32 t\u00e9cnicos buscam brilhar na Copa - EFE","isPartOf":{"@id":"https:\/\/pre.efe.com\/pt-br\/#website"},"primaryImageOfPage":{"@id":"https:\/\/pre.efe.com\/pt-br\/esportes\/2022-11-17\/de-deschamps-a-novato-canadense-32-tecnicos-buscam-brilhar-na-copa\/#primaryimage"},"image":{"@id":"https:\/\/pre.efe.com\/pt-br\/esportes\/2022-11-17\/de-deschamps-a-novato-canadense-32-tecnicos-buscam-brilhar-na-copa\/#primaryimage"},"thumbnailUrl":"https:\/\/pre.efe.com\/wp-content\/uploads\/2022\/11\/DESCHAMPS.jpg","datePublished":"2022-11-17T18:05:18+00:00","dateModified":"2022-11-17T18:05:21+00:00","breadcrumb":{"@id":"https:\/\/pre.efe.com\/pt-br\/esportes\/2022-11-17\/de-deschamps-a-novato-canadense-32-tecnicos-buscam-brilhar-na-copa\/#breadcrumb"},"inLanguage":"pt-BR","potentialAction":[{"@type":"ReadAction","target":["https:\/\/pre.efe.com\/pt-br\/esportes\/2022-11-17\/de-deschamps-a-novato-canadense-32-tecnicos-buscam-brilhar-na-copa\/"]}]},{"@type":"ImageObject","inLanguage":"pt-BR","@id":"https:\/\/pre.efe.com\/pt-br\/esportes\/2022-11-17\/de-deschamps-a-novato-canadense-32-tecnicos-buscam-brilhar-na-copa\/#primaryimage","url":"https:\/\/pre.efe.com\/wp-content\/uploads\/2022\/11\/DESCHAMPS.jpg","contentUrl":"https:\/\/pre.efe.com\/wp-content\/uploads\/2022\/11\/DESCHAMPS.jpg","width":900,"height":600,"caption":"O t\u00e9cnico franc\u00eas Didier Deschamps. EFE\/Arquivo\/EFE\/Mohammed Badra"},{"@type":"BreadcrumbList","@id":"https:\/\/pre.efe.com\/pt-br\/esportes\/2022-11-17\/de-deschamps-a-novato-canadense-32-tecnicos-buscam-brilhar-na-copa\/#breadcrumb","itemListElement":[{"@type":"ListItem","position":1,"name":"Portada","item":"https:\/\/pre.efe.com\/pt-br\/"},{"@type":"ListItem","position":2,"name":"De Deschamps a novato canadense, 32 t\u00e9cnicos buscam brilhar na Copa"}]},{"@type":"WebSite","@id":"https:\/\/pre.efe.com\/pt-br\/#website","url":"https:\/\/pre.efe.com\/pt-br\/","name":"EFE Noticias","description":"","publisher":{"@id":"https:\/\/pre.efe.com\/pt-br\/#organization"},"potentialAction":[{"@type":"SearchAction","target":{"@type":"EntryPoint","urlTemplate":"https:\/\/pre.efe.com\/pt-br\/?s={search_term_string}"},"query-input":{"@type":"PropertyValueSpecification","valueRequired":true,"valueName":"search_term_string"}}],"inLanguage":"pt-BR"},{"@type":"Organization","@id":"https:\/\/pre.efe.com\/pt-br\/#organization","name":"Agencia EFE","url":"https:\/\/pre.efe.com\/pt-br\/","logo":{"@type":"ImageObject","inLanguage":"pt-BR","@id":"https:\/\/pre.efe.com\/pt-br\/#\/schema\/logo\/image\/","url":"https:\/\/pre.efe.com\/wp-content\/uploads\/2023\/06\/logo-efe-467.png","contentUrl":"https:\/\/pre.efe.com\/wp-content\/uploads\/2023\/06\/logo-efe-467.png","width":467,"height":467,"caption":"Agencia EFE"},"image":{"@id":"https:\/\/pre.efe.com\/pt-br\/#\/schema\/logo\/image\/"},"sameAs":["https:\/\/www.facebook.com\/AgenciaEFEnoticias\/","https:\/\/x.com\/efenoticias","https:\/\/www.instagram.com\/efe_noticias\/","http:\/\/www.youtube.com\/efe"]},{"@type":"Person","@id":"https:\/\/pre.efe.com\/pt-br\/#\/schema\/person\/b19f23f210db552768f68a4b552b004f","name":"anachain","image":{"@type":"ImageObject","inLanguage":"pt-BR","@id":"https:\/\/secure.gravatar.com\/avatar\/30b83965911ef1108bb893c00bdd65c885f9890e1265ee04b02c3d5adc785d37?s=96&d=identicon&r=g","url":"https:\/\/secure.gravatar.com\/avatar\/30b83965911ef1108bb893c00bdd65c885f9890e1265ee04b02c3d5adc785d37?s=96&d=identicon&r=g","contentUrl":"https:\/\/secure.gravatar.com\/avatar\/30b83965911ef1108bb893c00bdd65c885f9890e1265ee04b02c3d5adc785d37?s=96&d=identicon&r=g","caption":"anachain"},"url":"https:\/\/pre.efe.com\/pt-br\/autor\/anachain\/"}]}},"jetpack_featured_media_url":"https:\/\/pre.efe.com\/wp-content\/uploads\/2022\/11\/DESCHAMPS.jpg","jetpack_shortlink":"https:\/\/wp.me\/peJvHm-Jub","jetpack_sharing_enabled":true,"_links":{"self":[{"href":"https:\/\/pre.efe.com\/pt-br\/wp-json\/wp\/v2\/posts\/174851","targetHints":{"allow":["GET"]}}],"collection":[{"href":"https:\/\/pre.efe.com\/pt-br\/wp-json\/wp\/v2\/posts"}],"about":[{"href":"https:\/\/pre.efe.com\/pt-br\/wp-json\/wp\/v2\/types\/post"}],"author":[{"embeddable":true,"href":"https:\/\/pre.efe.com\/pt-br\/wp-json\/wp\/v2\/users\/198164106"}],"replies":[{"embeddable":true,"href":"https:\/\/pre.efe.com\/pt-br\/wp-json\/wp\/v2\/comments?post=174851"}],"version-history":[{"count":3,"href":"https:\/\/pre.efe.com\/pt-br\/wp-json\/wp\/v2\/posts\/174851\/revisions"}],"predecessor-version":[{"id":174868,"href":"https:\/\/pre.efe.com\/pt-br\/wp-json\/wp\/v2\/posts\/174851\/revisions\/174868"}],"wp:featuredmedia":[{"embeddable":true,"href":"https:\/\/pre.efe.com\/pt-br\/wp-json\/wp\/v2\/media\/174864"}],"wp:attachment":[{"href":"https:\/\/pre.efe.com\/pt-br\/wp-json\/wp\/v2\/media?parent=174851"}],"wp:term":[{"taxonomy":"category","embeddable":true,"href":"https:\/\/pre.efe.com\/pt-br\/wp-json\/wp\/v2\/categories?post=174851"},{"taxonomy":"post_tag","embeddable":true,"href":"https:\/\/pre.efe.com\/pt-br\/wp-json\/wp\/v2\/tags?post=174851"}],"curies":[{"name":"wp","href":"https:\/\/api.w.org\/{rel}","templated":true}]}}