{"id":1784036,"date":"2025-04-02T16:17:43","date_gmt":"2025-04-02T14:17:43","guid":{"rendered":"https:\/\/pre.efe.com\/?p=1784036"},"modified":"2025-04-02T16:17:46","modified_gmt":"2025-04-02T14:17:46","slug":"mp-da-catalunha-recorrera-ao-supremo-da-espanha-para-anular-absolvicao-de-daniel-alves","status":"publish","type":"post","link":"https:\/\/pre.efe.com\/pt-br\/esportes\/2025-04-02\/mp-da-catalunha-recorrera-ao-supremo-da-espanha-para-anular-absolvicao-de-daniel-alves\/","title":{"rendered":"MP da Catalunha recorrer\u00e1 ao Supremo da Espanha para anular absolvi\u00e7\u00e3o de Daniel Alves"},"content":{"rendered":"\n<p>Barcelona (EFE).- O Minist\u00e9rio P\u00fablico da Catalunha anunciou nesta quarta-feira que entrar\u00e1 com um recurso no Tribunal Supremo da Espanha contra a senten\u00e7a que absolveu o jogador Daniel Alves de estuprar uma jovem na boate Sutton, em Barcelona, \u200b\u200bem dezembro de 2022.<\/p>\n\n\n\n<p>De acordo com um comunicado de imprensa, o MP catal\u00e3o formalizou hoje perante a Sala C\u00edvel e Penal do Tribunal Superior de Justi\u00e7a da Catalunha (TSJC) sua inten\u00e7\u00e3o de apresentar um recurso ao Supremo espanhol.<\/p>\n\n\n\n<p>O recurso ser\u00e1 baseado no fato de que a decis\u00e3o do TSJC, que anula a pena de quatro anos e meio de pris\u00e3o imposta ao brasileiro pela Audi\u00eancia Provincial de Barcelona, \u200b\u200bviola preceitos e princ\u00edpios constitucionais do C\u00f3digo Penal.<\/p>\n\n\n\n<p>Na verdade, o Minist\u00e9rio P\u00fablico tamb\u00e9m j\u00e1 havia recorrido da condena\u00e7\u00e3o de Daniel Alves, mas em sentido contr\u00e1rio da decis\u00e3o do Tribunal Superior, requerendo a majora\u00e7\u00e3o da pena de pris\u00e3o para nove anos, questionando o atenuante da repara\u00e7\u00e3o de danos por conta dos 150 mil euros que o jogador havia entregue ao tribunal para cobrir futuras indeniza\u00e7\u00f5es \u00e0 denunciante.<\/p>\n\n\n\n<p>A acusa\u00e7\u00e3o particular, liderada pela advogada Ester Garc\u00eda, tamb\u00e9m anunciou na sexta-feira passada sua inten\u00e7\u00e3o de apelar da decis\u00e3o na Suprema Corte, embora ainda n\u00e3o saiba se a denunciante ser\u00e1 capaz de lidar com a \u201ctens\u00e3o emocional&#8221; de prosseguir com o caso, j\u00e1 que o Supremo pode levar mais de um ano para emitir uma decis\u00e3o.<\/p>\n\n\n\n<p>O Minist\u00e9rio P\u00fablico fundamenta seu recurso nas \u00fanicas brechas legais que lhe permitem recorrer da senten\u00e7a, que s\u00e3o as viola\u00e7\u00f5es de preceitos legais ou constitucionais, tendo em vista que o Supremo n\u00e3o pode revisar as provas de um processo criminal, incluindo depoimentos ou documentos.<\/p>\n\n\n\n<p>A documenta\u00e7\u00e3o do caso, especialmente o v\u00eddeo dos momentos que antecederam os eventos que mostra a denunciante e Daniel Alves dan\u00e7ando e conversando em uma sala privada na boate, foi fundamental para a decis\u00e3o do Tribunal Superior de absolver o brasileiro, uma vez que a corte considerou o depoimento da jovem pouco confi\u00e1vel.<\/p>\n\n\n\n<p>O escopo do Supremo para rever a senten\u00e7a de Alves \u00e9, no entanto, limitado, uma vez que, de acordo com a jurisprud\u00eancia do Tribunal Constitucional espanhol, n\u00e3o pode impor uma senten\u00e7a com base em uma decis\u00e3o absolut\u00f3ria de uma inst\u00e2ncia inferior.<\/p>\n\n\n\n<p>Por esse motivo, se o tribunal considerar que a absolvi\u00e7\u00e3o se baseia em argumentos falhos, poder\u00e1 ordenar que uma nova senten\u00e7a seja proferida por outro tribunal, explicaram fontes jur\u00eddicas \u00e0 Ag\u00eancia EFE.<\/p>\n\n\n\n<p>A absolvi\u00e7\u00e3o de Daniel Alves gerou uma pol\u00eamica acalorada na Espanha, com a primeira vice-presidente do governo espanhol, a socialista Mar\u00eda Jes\u00fas Montero, chegando a cham\u00e1-la de &#8220;vergonhosa&#8221;, enquanto \u00f3rg\u00e3os como o Conselho Geral do Poder Judici\u00e1rio expressaram seu respaldo ao tribunal. EFE<\/p>\n","protected":false},"excerpt":{"rendered":"<p>Barcelona (EFE).- O Minist\u00e9rio P\u00fablico da Catalunha anunciou nesta quarta-feira que entrar\u00e1 com um recurso no Tribunal Supremo da Espanha contra a senten\u00e7a que absolveu o jogador Daniel Alves de estuprar uma jovem na boate Sutton, em Barcelona, \u200b\u200bem dezembro de 2022. De acordo com um comunicado de imprensa, o MP catal\u00e3o formalizou hoje perante &#8230; <a title=\"MP da Catalunha recorrer\u00e1 ao Supremo da Espanha para anular absolvi\u00e7\u00e3o de Daniel Alves\" class=\"read-more\" href=\"https:\/\/pre.efe.com\/pt-br\/esportes\/2025-04-02\/mp-da-catalunha-recorrera-ao-supremo-da-espanha-para-anular-absolvicao-de-daniel-alves\/\" aria-label=\"Read more about MP da Catalunha recorrer\u00e1 ao Supremo da Espanha para anular absolvi\u00e7\u00e3o de Daniel Alves\">Leia mais<\/a><\/p>\n","protected":false},"author":198164106,"featured_media":1270986,"comment_status":"closed","ping_status":"closed","sticky":false,"template":"","format":"standard","meta":{"_acf_changed":false,"_jetpack_memberships_contains_paid_content":false,"footnotes":""},"categories":[121968,122141],"tags":[125591,124421,122364,122630],"class_list":["post-1784036","post","type-post","status-publish","format-standard","has-post-thumbnail","hentry","category-esportes","category-portada","tag-brasil-2","tag-espanha","tag-futebol","tag-justica","generate-columns","tablet-grid-50","mobile-grid-100","grid-parent","grid-50"],"acf":[],"yoast_head":"<!-- This site is optimized with the Yoast SEO Premium plugin v26.0 (Yoast SEO v27.4) - https:\/\/yoast.com\/product\/yoast-seo-premium-wordpress\/ -->\n<title>MP da Catalunha recorrer\u00e1 ao Supremo da Espanha para anular absolvi\u00e7\u00e3o de Daniel Alves - EFE<\/title>\n<meta name=\"robots\" content=\"noindex, follow\" \/>\n<meta property=\"og:locale\" content=\"pt_BR\" \/>\n<meta property=\"og:type\" content=\"article\" \/>\n<meta property=\"og:title\" content=\"MP da Catalunha recorrer\u00e1 ao Supremo da Espanha para anular absolvi\u00e7\u00e3o de Daniel Alves - EFE\" \/>\n<meta property=\"og:description\" content=\"Barcelona (EFE).- O Minist\u00e9rio P\u00fablico da Catalunha anunciou nesta quarta-feira que entrar\u00e1 com um recurso no Tribunal Supremo da Espanha contra a senten\u00e7a que absolveu o jogador Daniel Alves de estuprar uma jovem na boate Sutton, em Barcelona, \u200b\u200bem dezembro de 2022. De acordo com um comunicado de imprensa, o MP catal\u00e3o formalizou hoje perante ... Leia mais\" \/>\n<meta property=\"og:url\" content=\"https:\/\/pre.efe.com\/pt-br\/esportes\/2025-04-02\/mp-da-catalunha-recorrera-ao-supremo-da-espanha-para-anular-absolvicao-de-daniel-alves\/\" \/>\n<meta property=\"og:site_name\" content=\"EFE Noticias\" \/>\n<meta property=\"article:publisher\" content=\"https:\/\/www.facebook.com\/AgenciaEFEnoticias\/\" \/>\n<meta property=\"article:published_time\" content=\"2025-04-02T14:17:43+00:00\" \/>\n<meta property=\"article:modified_time\" content=\"2025-04-02T14:17:46+00:00\" \/>\n<meta property=\"og:image\" content=\"https:\/\/pre.efe.com\/wp-content\/uploads\/2024\/08\/dani-alves.jpg\" \/>\n\t<meta property=\"og:image:width\" content=\"900\" \/>\n\t<meta property=\"og:image:height\" content=\"600\" \/>\n\t<meta property=\"og:image:type\" content=\"image\/jpeg\" \/>\n<meta name=\"author\" content=\"anachain\" \/>\n<meta name=\"twitter:card\" content=\"summary_large_image\" \/>\n<meta name=\"twitter:creator\" content=\"@efenoticias\" \/>\n<meta name=\"twitter:site\" content=\"@efenoticias\" \/>\n<script type=\"application\/ld+json\" class=\"yoast-schema-graph\">{\"@context\":\"https:\\\/\\\/schema.org\",\"@graph\":[{\"@type\":\"NewsArticle\",\"@id\":\"https:\\\/\\\/pre.efe.com\\\/pt-br\\\/esportes\\\/2025-04-02\\\/mp-da-catalunha-recorrera-ao-supremo-da-espanha-para-anular-absolvicao-de-daniel-alves\\\/#article\",\"isPartOf\":{\"@id\":\"https:\\\/\\\/pre.efe.com\\\/pt-br\\\/esportes\\\/2025-04-02\\\/mp-da-catalunha-recorrera-ao-supremo-da-espanha-para-anular-absolvicao-de-daniel-alves\\\/\"},\"author\":{\"name\":\"anachain\",\"@id\":\"https:\\\/\\\/pre.efe.com\\\/pt-br\\\/#\\\/schema\\\/person\\\/b19f23f210db552768f68a4b552b004f\"},\"headline\":\"MP da Catalunha recorrer\u00e1 ao Supremo da Espanha para anular absolvi\u00e7\u00e3o de Daniel Alves\",\"datePublished\":\"2025-04-02T14:17:43+00:00\",\"dateModified\":\"2025-04-02T14:17:46+00:00\",\"mainEntityOfPage\":{\"@id\":\"https:\\\/\\\/pre.efe.com\\\/pt-br\\\/esportes\\\/2025-04-02\\\/mp-da-catalunha-recorrera-ao-supremo-da-espanha-para-anular-absolvicao-de-daniel-alves\\\/\"},\"wordCount\":514,\"publisher\":{\"@id\":\"https:\\\/\\\/pre.efe.com\\\/pt-br\\\/#organization\"},\"image\":{\"@id\":\"https:\\\/\\\/pre.efe.com\\\/pt-br\\\/esportes\\\/2025-04-02\\\/mp-da-catalunha-recorrera-ao-supremo-da-espanha-para-anular-absolvicao-de-daniel-alves\\\/#primaryimage\"},\"thumbnailUrl\":\"https:\\\/\\\/pre.efe.com\\\/wp-content\\\/uploads\\\/2024\\\/08\\\/dani-alves.jpg\",\"keywords\":[\"Brasil\",\"Espanha\",\"Futebol\",\"Justi\u00e7a\"],\"articleSection\":[\"Esportes\",\"Portada\"],\"inLanguage\":\"pt-BR\",\"copyrightYear\":\"2025\",\"copyrightHolder\":{\"@id\":\"https:\\\/\\\/pre.efe.com\\\/#organization\"}},{\"@type\":[\"WebPage\",\"ItemPage\"],\"@id\":\"https:\\\/\\\/pre.efe.com\\\/pt-br\\\/esportes\\\/2025-04-02\\\/mp-da-catalunha-recorrera-ao-supremo-da-espanha-para-anular-absolvicao-de-daniel-alves\\\/\",\"url\":\"https:\\\/\\\/pre.efe.com\\\/pt-br\\\/esportes\\\/2025-04-02\\\/mp-da-catalunha-recorrera-ao-supremo-da-espanha-para-anular-absolvicao-de-daniel-alves\\\/\",\"name\":\"MP da Catalunha recorrer\u00e1 ao Supremo da Espanha para anular absolvi\u00e7\u00e3o de Daniel Alves - EFE\",\"isPartOf\":{\"@id\":\"https:\\\/\\\/pre.efe.com\\\/pt-br\\\/#website\"},\"primaryImageOfPage\":{\"@id\":\"https:\\\/\\\/pre.efe.com\\\/pt-br\\\/esportes\\\/2025-04-02\\\/mp-da-catalunha-recorrera-ao-supremo-da-espanha-para-anular-absolvicao-de-daniel-alves\\\/#primaryimage\"},\"image\":{\"@id\":\"https:\\\/\\\/pre.efe.com\\\/pt-br\\\/esportes\\\/2025-04-02\\\/mp-da-catalunha-recorrera-ao-supremo-da-espanha-para-anular-absolvicao-de-daniel-alves\\\/#primaryimage\"},\"thumbnailUrl\":\"https:\\\/\\\/pre.efe.com\\\/wp-content\\\/uploads\\\/2024\\\/08\\\/dani-alves.jpg\",\"datePublished\":\"2025-04-02T14:17:43+00:00\",\"dateModified\":\"2025-04-02T14:17:46+00:00\",\"breadcrumb\":{\"@id\":\"https:\\\/\\\/pre.efe.com\\\/pt-br\\\/esportes\\\/2025-04-02\\\/mp-da-catalunha-recorrera-ao-supremo-da-espanha-para-anular-absolvicao-de-daniel-alves\\\/#breadcrumb\"},\"inLanguage\":\"pt-BR\",\"potentialAction\":[{\"@type\":\"ReadAction\",\"target\":[\"https:\\\/\\\/pre.efe.com\\\/pt-br\\\/esportes\\\/2025-04-02\\\/mp-da-catalunha-recorrera-ao-supremo-da-espanha-para-anular-absolvicao-de-daniel-alves\\\/\"]}]},{\"@type\":\"ImageObject\",\"inLanguage\":\"pt-BR\",\"@id\":\"https:\\\/\\\/pre.efe.com\\\/pt-br\\\/esportes\\\/2025-04-02\\\/mp-da-catalunha-recorrera-ao-supremo-da-espanha-para-anular-absolvicao-de-daniel-alves\\\/#primaryimage\",\"url\":\"https:\\\/\\\/pre.efe.com\\\/wp-content\\\/uploads\\\/2024\\\/08\\\/dani-alves.jpg\",\"contentUrl\":\"https:\\\/\\\/pre.efe.com\\\/wp-content\\\/uploads\\\/2024\\\/08\\\/dani-alves.jpg\",\"width\":900,\"height\":600,\"caption\":\"EFE\\\/Arquivo\\\/Alberto Est\u00e9vez\\\/POOL\"},{\"@type\":\"BreadcrumbList\",\"@id\":\"https:\\\/\\\/pre.efe.com\\\/pt-br\\\/esportes\\\/2025-04-02\\\/mp-da-catalunha-recorrera-ao-supremo-da-espanha-para-anular-absolvicao-de-daniel-alves\\\/#breadcrumb\",\"itemListElement\":[{\"@type\":\"ListItem\",\"position\":1,\"name\":\"Portada\",\"item\":\"https:\\\/\\\/pre.efe.com\\\/pt-br\\\/\"},{\"@type\":\"ListItem\",\"position\":2,\"name\":\"MP da Catalunha recorrer\u00e1 ao Supremo da Espanha para anular absolvi\u00e7\u00e3o de Daniel Alves\"}]},{\"@type\":\"WebSite\",\"@id\":\"https:\\\/\\\/pre.efe.com\\\/pt-br\\\/#website\",\"url\":\"https:\\\/\\\/pre.efe.com\\\/pt-br\\\/\",\"name\":\"EFE Noticias\",\"description\":\"\",\"publisher\":{\"@id\":\"https:\\\/\\\/pre.efe.com\\\/pt-br\\\/#organization\"},\"potentialAction\":[{\"@type\":\"SearchAction\",\"target\":{\"@type\":\"EntryPoint\",\"urlTemplate\":\"https:\\\/\\\/pre.efe.com\\\/pt-br\\\/?s={search_term_string}\"},\"query-input\":{\"@type\":\"PropertyValueSpecification\",\"valueRequired\":true,\"valueName\":\"search_term_string\"}}],\"inLanguage\":\"pt-BR\"},{\"@type\":\"Organization\",\"@id\":\"https:\\\/\\\/pre.efe.com\\\/pt-br\\\/#organization\",\"name\":\"Agencia EFE\",\"url\":\"https:\\\/\\\/pre.efe.com\\\/pt-br\\\/\",\"logo\":{\"@type\":\"ImageObject\",\"inLanguage\":\"pt-BR\",\"@id\":\"https:\\\/\\\/pre.efe.com\\\/pt-br\\\/#\\\/schema\\\/logo\\\/image\\\/\",\"url\":\"https:\\\/\\\/pre.efe.com\\\/wp-content\\\/uploads\\\/2023\\\/06\\\/logo-efe-467.png\",\"contentUrl\":\"https:\\\/\\\/pre.efe.com\\\/wp-content\\\/uploads\\\/2023\\\/06\\\/logo-efe-467.png\",\"width\":467,\"height\":467,\"caption\":\"Agencia EFE\"},\"image\":{\"@id\":\"https:\\\/\\\/pre.efe.com\\\/pt-br\\\/#\\\/schema\\\/logo\\\/image\\\/\"},\"sameAs\":[\"https:\\\/\\\/www.facebook.com\\\/AgenciaEFEnoticias\\\/\",\"https:\\\/\\\/x.com\\\/efenoticias\",\"https:\\\/\\\/www.instagram.com\\\/efe_noticias\\\/\",\"http:\\\/\\\/www.youtube.com\\\/efe\"]},{\"@type\":\"Person\",\"@id\":\"https:\\\/\\\/pre.efe.com\\\/pt-br\\\/#\\\/schema\\\/person\\\/b19f23f210db552768f68a4b552b004f\",\"name\":\"anachain\",\"image\":{\"@type\":\"ImageObject\",\"inLanguage\":\"pt-BR\",\"@id\":\"https:\\\/\\\/secure.gravatar.com\\\/avatar\\\/30b83965911ef1108bb893c00bdd65c885f9890e1265ee04b02c3d5adc785d37?s=96&d=identicon&r=g\",\"url\":\"https:\\\/\\\/secure.gravatar.com\\\/avatar\\\/30b83965911ef1108bb893c00bdd65c885f9890e1265ee04b02c3d5adc785d37?s=96&d=identicon&r=g\",\"contentUrl\":\"https:\\\/\\\/secure.gravatar.com\\\/avatar\\\/30b83965911ef1108bb893c00bdd65c885f9890e1265ee04b02c3d5adc785d37?s=96&d=identicon&r=g\",\"caption\":\"anachain\"},\"url\":\"https:\\\/\\\/pre.efe.com\\\/pt-br\\\/autor\\\/anachain\\\/\"}]}<\/script>\n<!-- \/ Yoast SEO Premium plugin. -->","yoast_head_json":{"title":"MP da Catalunha recorrer\u00e1 ao Supremo da Espanha para anular absolvi\u00e7\u00e3o de Daniel Alves - EFE","robots":{"index":"noindex","follow":"follow"},"og_locale":"pt_BR","og_type":"article","og_title":"MP da Catalunha recorrer\u00e1 ao Supremo da Espanha para anular absolvi\u00e7\u00e3o de Daniel Alves - EFE","og_description":"Barcelona (EFE).- O Minist\u00e9rio P\u00fablico da Catalunha anunciou nesta quarta-feira que entrar\u00e1 com um recurso no Tribunal Supremo da Espanha contra a senten\u00e7a que absolveu o jogador Daniel Alves de estuprar uma jovem na boate Sutton, em Barcelona, \u200b\u200bem dezembro de 2022. De acordo com um comunicado de imprensa, o MP catal\u00e3o formalizou hoje perante ... Leia mais","og_url":"https:\/\/pre.efe.com\/pt-br\/esportes\/2025-04-02\/mp-da-catalunha-recorrera-ao-supremo-da-espanha-para-anular-absolvicao-de-daniel-alves\/","og_site_name":"EFE Noticias","article_publisher":"https:\/\/www.facebook.com\/AgenciaEFEnoticias\/","article_published_time":"2025-04-02T14:17:43+00:00","article_modified_time":"2025-04-02T14:17:46+00:00","og_image":[{"width":900,"height":600,"url":"https:\/\/pre.efe.com\/wp-content\/uploads\/2024\/08\/dani-alves.jpg","type":"image\/jpeg"}],"author":"anachain","twitter_card":"summary_large_image","twitter_creator":"@efenoticias","twitter_site":"@efenoticias","schema":{"@context":"https:\/\/schema.org","@graph":[{"@type":"NewsArticle","@id":"https:\/\/pre.efe.com\/pt-br\/esportes\/2025-04-02\/mp-da-catalunha-recorrera-ao-supremo-da-espanha-para-anular-absolvicao-de-daniel-alves\/#article","isPartOf":{"@id":"https:\/\/pre.efe.com\/pt-br\/esportes\/2025-04-02\/mp-da-catalunha-recorrera-ao-supremo-da-espanha-para-anular-absolvicao-de-daniel-alves\/"},"author":{"name":"anachain","@id":"https:\/\/pre.efe.com\/pt-br\/#\/schema\/person\/b19f23f210db552768f68a4b552b004f"},"headline":"MP da Catalunha recorrer\u00e1 ao Supremo da Espanha para anular absolvi\u00e7\u00e3o de Daniel Alves","datePublished":"2025-04-02T14:17:43+00:00","dateModified":"2025-04-02T14:17:46+00:00","mainEntityOfPage":{"@id":"https:\/\/pre.efe.com\/pt-br\/esportes\/2025-04-02\/mp-da-catalunha-recorrera-ao-supremo-da-espanha-para-anular-absolvicao-de-daniel-alves\/"},"wordCount":514,"publisher":{"@id":"https:\/\/pre.efe.com\/pt-br\/#organization"},"image":{"@id":"https:\/\/pre.efe.com\/pt-br\/esportes\/2025-04-02\/mp-da-catalunha-recorrera-ao-supremo-da-espanha-para-anular-absolvicao-de-daniel-alves\/#primaryimage"},"thumbnailUrl":"https:\/\/pre.efe.com\/wp-content\/uploads\/2024\/08\/dani-alves.jpg","keywords":["Brasil","Espanha","Futebol","Justi\u00e7a"],"articleSection":["Esportes","Portada"],"inLanguage":"pt-BR","copyrightYear":"2025","copyrightHolder":{"@id":"https:\/\/pre.efe.com\/#organization"}},{"@type":["WebPage","ItemPage"],"@id":"https:\/\/pre.efe.com\/pt-br\/esportes\/2025-04-02\/mp-da-catalunha-recorrera-ao-supremo-da-espanha-para-anular-absolvicao-de-daniel-alves\/","url":"https:\/\/pre.efe.com\/pt-br\/esportes\/2025-04-02\/mp-da-catalunha-recorrera-ao-supremo-da-espanha-para-anular-absolvicao-de-daniel-alves\/","name":"MP da Catalunha recorrer\u00e1 ao Supremo da Espanha para anular absolvi\u00e7\u00e3o de Daniel Alves - EFE","isPartOf":{"@id":"https:\/\/pre.efe.com\/pt-br\/#website"},"primaryImageOfPage":{"@id":"https:\/\/pre.efe.com\/pt-br\/esportes\/2025-04-02\/mp-da-catalunha-recorrera-ao-supremo-da-espanha-para-anular-absolvicao-de-daniel-alves\/#primaryimage"},"image":{"@id":"https:\/\/pre.efe.com\/pt-br\/esportes\/2025-04-02\/mp-da-catalunha-recorrera-ao-supremo-da-espanha-para-anular-absolvicao-de-daniel-alves\/#primaryimage"},"thumbnailUrl":"https:\/\/pre.efe.com\/wp-content\/uploads\/2024\/08\/dani-alves.jpg","datePublished":"2025-04-02T14:17:43+00:00","dateModified":"2025-04-02T14:17:46+00:00","breadcrumb":{"@id":"https:\/\/pre.efe.com\/pt-br\/esportes\/2025-04-02\/mp-da-catalunha-recorrera-ao-supremo-da-espanha-para-anular-absolvicao-de-daniel-alves\/#breadcrumb"},"inLanguage":"pt-BR","potentialAction":[{"@type":"ReadAction","target":["https:\/\/pre.efe.com\/pt-br\/esportes\/2025-04-02\/mp-da-catalunha-recorrera-ao-supremo-da-espanha-para-anular-absolvicao-de-daniel-alves\/"]}]},{"@type":"ImageObject","inLanguage":"pt-BR","@id":"https:\/\/pre.efe.com\/pt-br\/esportes\/2025-04-02\/mp-da-catalunha-recorrera-ao-supremo-da-espanha-para-anular-absolvicao-de-daniel-alves\/#primaryimage","url":"https:\/\/pre.efe.com\/wp-content\/uploads\/2024\/08\/dani-alves.jpg","contentUrl":"https:\/\/pre.efe.com\/wp-content\/uploads\/2024\/08\/dani-alves.jpg","width":900,"height":600,"caption":"EFE\/Arquivo\/Alberto Est\u00e9vez\/POOL"},{"@type":"BreadcrumbList","@id":"https:\/\/pre.efe.com\/pt-br\/esportes\/2025-04-02\/mp-da-catalunha-recorrera-ao-supremo-da-espanha-para-anular-absolvicao-de-daniel-alves\/#breadcrumb","itemListElement":[{"@type":"ListItem","position":1,"name":"Portada","item":"https:\/\/pre.efe.com\/pt-br\/"},{"@type":"ListItem","position":2,"name":"MP da Catalunha recorrer\u00e1 ao Supremo da Espanha para anular absolvi\u00e7\u00e3o de Daniel Alves"}]},{"@type":"WebSite","@id":"https:\/\/pre.efe.com\/pt-br\/#website","url":"https:\/\/pre.efe.com\/pt-br\/","name":"EFE Noticias","description":"","publisher":{"@id":"https:\/\/pre.efe.com\/pt-br\/#organization"},"potentialAction":[{"@type":"SearchAction","target":{"@type":"EntryPoint","urlTemplate":"https:\/\/pre.efe.com\/pt-br\/?s={search_term_string}"},"query-input":{"@type":"PropertyValueSpecification","valueRequired":true,"valueName":"search_term_string"}}],"inLanguage":"pt-BR"},{"@type":"Organization","@id":"https:\/\/pre.efe.com\/pt-br\/#organization","name":"Agencia EFE","url":"https:\/\/pre.efe.com\/pt-br\/","logo":{"@type":"ImageObject","inLanguage":"pt-BR","@id":"https:\/\/pre.efe.com\/pt-br\/#\/schema\/logo\/image\/","url":"https:\/\/pre.efe.com\/wp-content\/uploads\/2023\/06\/logo-efe-467.png","contentUrl":"https:\/\/pre.efe.com\/wp-content\/uploads\/2023\/06\/logo-efe-467.png","width":467,"height":467,"caption":"Agencia EFE"},"image":{"@id":"https:\/\/pre.efe.com\/pt-br\/#\/schema\/logo\/image\/"},"sameAs":["https:\/\/www.facebook.com\/AgenciaEFEnoticias\/","https:\/\/x.com\/efenoticias","https:\/\/www.instagram.com\/efe_noticias\/","http:\/\/www.youtube.com\/efe"]},{"@type":"Person","@id":"https:\/\/pre.efe.com\/pt-br\/#\/schema\/person\/b19f23f210db552768f68a4b552b004f","name":"anachain","image":{"@type":"ImageObject","inLanguage":"pt-BR","@id":"https:\/\/secure.gravatar.com\/avatar\/30b83965911ef1108bb893c00bdd65c885f9890e1265ee04b02c3d5adc785d37?s=96&d=identicon&r=g","url":"https:\/\/secure.gravatar.com\/avatar\/30b83965911ef1108bb893c00bdd65c885f9890e1265ee04b02c3d5adc785d37?s=96&d=identicon&r=g","contentUrl":"https:\/\/secure.gravatar.com\/avatar\/30b83965911ef1108bb893c00bdd65c885f9890e1265ee04b02c3d5adc785d37?s=96&d=identicon&r=g","caption":"anachain"},"url":"https:\/\/pre.efe.com\/pt-br\/autor\/anachain\/"}]}},"jetpack_featured_media_url":"https:\/\/pre.efe.com\/wp-content\/uploads\/2024\/08\/dani-alves.jpg","jetpack_shortlink":"https:\/\/wp.me\/peJvHm-7u6M","jetpack_sharing_enabled":true,"_links":{"self":[{"href":"https:\/\/pre.efe.com\/pt-br\/wp-json\/wp\/v2\/posts\/1784036","targetHints":{"allow":["GET"]}}],"collection":[{"href":"https:\/\/pre.efe.com\/pt-br\/wp-json\/wp\/v2\/posts"}],"about":[{"href":"https:\/\/pre.efe.com\/pt-br\/wp-json\/wp\/v2\/types\/post"}],"author":[{"embeddable":true,"href":"https:\/\/pre.efe.com\/pt-br\/wp-json\/wp\/v2\/users\/198164106"}],"replies":[{"embeddable":true,"href":"https:\/\/pre.efe.com\/pt-br\/wp-json\/wp\/v2\/comments?post=1784036"}],"version-history":[{"count":2,"href":"https:\/\/pre.efe.com\/pt-br\/wp-json\/wp\/v2\/posts\/1784036\/revisions"}],"predecessor-version":[{"id":1784041,"href":"https:\/\/pre.efe.com\/pt-br\/wp-json\/wp\/v2\/posts\/1784036\/revisions\/1784041"}],"wp:featuredmedia":[{"embeddable":true,"href":"https:\/\/pre.efe.com\/pt-br\/wp-json\/wp\/v2\/media\/1270986"}],"wp:attachment":[{"href":"https:\/\/pre.efe.com\/pt-br\/wp-json\/wp\/v2\/media?parent=1784036"}],"wp:term":[{"taxonomy":"category","embeddable":true,"href":"https:\/\/pre.efe.com\/pt-br\/wp-json\/wp\/v2\/categories?post=1784036"},{"taxonomy":"post_tag","embeddable":true,"href":"https:\/\/pre.efe.com\/pt-br\/wp-json\/wp\/v2\/tags?post=1784036"}],"curies":[{"name":"wp","href":"https:\/\/api.w.org\/{rel}","templated":true}]}}