{"id":1806244,"date":"2025-04-11T21:43:41","date_gmt":"2025-04-11T19:43:41","guid":{"rendered":"https:\/\/pre.efe.com\/?p=1806244"},"modified":"2025-04-11T21:43:44","modified_gmt":"2025-04-11T19:43:44","slug":"brasil-e-paraguai-restabelecem-relacoes-apos-denuncia-de-espionagem","status":"publish","type":"post","link":"https:\/\/pre.efe.com\/pt-br\/mundo-2\/2025-04-11\/brasil-e-paraguai-restabelecem-relacoes-apos-denuncia-de-espionagem\/","title":{"rendered":"Brasil e Paraguai restabelecem rela\u00e7\u00f5es ap\u00f3s den\u00fancia de espionagem"},"content":{"rendered":"\n<p>Buenos Aires (EFE).-\u00a0Os ministros das Rela\u00e7\u00f5es Exteriores de Brasil, Mauro Vieira, e Paraguai, Rub\u00e9n Ram\u00edrez, concordaram em restabelecer as rela\u00e7\u00f5es entre seus pa\u00edses, que passaram por um momento de tens\u00e3o depois que a not\u00edcia de uma opera\u00e7\u00e3o de espionagem organizada pela intelig\u00eancia brasileira em 2022 contra autoridades paraguaias levou Assun\u00e7\u00e3o a suspender as negocia\u00e7\u00f5es sobre um anexo ao tratado da hidrel\u00e9trica de Itaipu.<\/p>\n\n\n\n<p>\u201cAmbos os chanceleres concordaram com a import\u00e2ncia de redirecionar os la\u00e7os bilaterais atrav\u00e9s dos princ\u00edpios e valores que regem as rela\u00e7\u00f5es entre os Estados\u201d, declarou a Chancelaria paraguaia em comunicado, no qual informou sobre a reuni\u00e3o realizada pelas autoridades na quinta-feira, antes da c\u00fapula de chanceleres do Mercosul, hoje, em Buenos Aires.<\/p>\n\n\n\n<p>De acordo com o texto, Ram\u00edrez e Vieira tamb\u00e9m concordaram em \u201cencontrar solu\u00e7\u00f5es que lhes permitam continuar avan\u00e7ando nas quest\u00f5es importantes da agenda bilateral, incluindo as negocia\u00e7\u00f5es do Anexo C do Tratado de Itaipu, obras de infraestrutura e seguran\u00e7a\u201d.<\/p>\n\n\n\n<p>Em 31 de mar\u00e7o, o portal UOL noticiou uma opera\u00e7\u00e3o de espionagem organizada pela Ag\u00eancia Brasileira de Intelig\u00eancia (Abin) contra o Paraguai em 2022, durante o governo de Jair Bolsonaro. Horas depois, o governo federal admitiu a opera\u00e7\u00e3o, mas afirmou que ela foi encerrada em 27 de mar\u00e7o de 2023.<\/p>\n\n\n\n<p>Durante a reuni\u00e3o de ontem, Vieira, de acordo com o Minist\u00e9rio das Rela\u00e7\u00f5es Exteriores do Paraguai, informou que o governo do Brasil \u201cest\u00e1 no processo de uma ampla investiga\u00e7\u00e3o para esclarecer os fatos graves\u201d e que est\u00e3o sendo aguardados os resultados fornecidos pelas autoridades correspondentes.<\/p>\n\n\n\n<p>\u201cUma vez conclu\u00eddas as investiga\u00e7\u00f5es pertinentes, o governo brasileiro enviar\u00e1 o relat\u00f3rio solicitado pelas autoridades paraguaias\u201d, acrescentou o comunicado, ressaltando que Vieira destacou \u201cos v\u00ednculos hist\u00f3ricos e a vigorosa rela\u00e7\u00e3o entre os dois pa\u00edses\u201d.<\/p>\n\n\n\n<p>Em 1\u00ba de abril, um dia depois de tomar conhecimento dos relat\u00f3rios da opera\u00e7\u00e3o de espionagem, Ram\u00edrez anunciou a suspens\u00e3o indefinida de \u201ctodas as negocia\u00e7\u00f5es\u201d sobre o Anexo C, \u201cat\u00e9 que o Brasil forne\u00e7a os esclarecimentos correspondentes para a satisfa\u00e7\u00e3o do governo paraguaio\u201d.<\/p>\n\n\n\n<p>Ele tamb\u00e9m convocou o embaixador brasileiro em Assun\u00e7\u00e3o, Jos\u00e9 Ant\u00f4nio Marcondes de Carvalho, a quem pediu \u201cexplica\u00e7\u00f5es detalhadas\u201d sobre a opera\u00e7\u00e3o e convocou \u201cimediatamente\u201d o representante diplom\u00e1tico paraguaio em Bras\u00edlia.<\/p>\n\n\n\n<p>Na \u00faltima segunda-feira, o presidente do Paraguai, Santiago Pe\u00f1a, junto com v\u00e1rios de seus ministros, inclusive Ram\u00edrez, recebeu informa\u00e7\u00f5es sobre essa opera\u00e7\u00e3o, o que levou \u00e0 abertura de uma investiga\u00e7\u00e3o por parte do Minist\u00e9rio P\u00fablico (MP) paraguaio, conforme informou a institui\u00e7\u00e3o em 3 de abril. EFE<\/p>\n","protected":false},"excerpt":{"rendered":"<p>Buenos Aires (EFE).-\u00a0Os ministros das Rela\u00e7\u00f5es Exteriores de Brasil, Mauro Vieira, e Paraguai, Rub\u00e9n Ram\u00edrez, concordaram em restabelecer as rela\u00e7\u00f5es entre seus pa\u00edses, que passaram por um momento de tens\u00e3o depois que a not\u00edcia de uma opera\u00e7\u00e3o de espionagem organizada pela intelig\u00eancia brasileira em 2022 contra autoridades paraguaias levou Assun\u00e7\u00e3o a suspender as negocia\u00e7\u00f5es sobre &#8230; <a title=\"Brasil e Paraguai restabelecem rela\u00e7\u00f5es ap\u00f3s den\u00fancia de espionagem\" class=\"read-more\" href=\"https:\/\/pre.efe.com\/pt-br\/mundo-2\/2025-04-11\/brasil-e-paraguai-restabelecem-relacoes-apos-denuncia-de-espionagem\/\" aria-label=\"Read more about Brasil e Paraguai restabelecem rela\u00e7\u00f5es ap\u00f3s den\u00fancia de espionagem\">Leia mais<\/a><\/p>\n","protected":false},"author":198164106,"featured_media":1806256,"comment_status":"closed","ping_status":"closed","sticky":false,"template":"","format":"standard","meta":{"_acf_changed":false,"_jetpack_memberships_contains_paid_content":false,"footnotes":""},"categories":[123208,122141],"tags":[125591,124845],"class_list":["post-1806244","post","type-post","status-publish","format-standard","has-post-thumbnail","hentry","category-mundo-2","category-portada","tag-brasil-2","tag-governo","generate-columns","tablet-grid-50","mobile-grid-100","grid-parent","grid-50"],"acf":[],"yoast_head":"<!-- This site is optimized with the Yoast SEO Premium plugin v26.0 (Yoast SEO v27.5) - https:\/\/yoast.com\/product\/yoast-seo-premium-wordpress\/ -->\n<title>Brasil e Paraguai restabelecem rela\u00e7\u00f5es ap\u00f3s den\u00fancia de espionagem - EFE<\/title>\n<meta name=\"robots\" content=\"noindex, follow\" \/>\n<meta property=\"og:locale\" content=\"pt_BR\" \/>\n<meta property=\"og:type\" content=\"article\" \/>\n<meta property=\"og:title\" content=\"Brasil e Paraguai restabelecem rela\u00e7\u00f5es ap\u00f3s den\u00fancia de espionagem - EFE\" \/>\n<meta property=\"og:description\" content=\"Buenos Aires (EFE).-\u00a0Os ministros das Rela\u00e7\u00f5es Exteriores de Brasil, Mauro Vieira, e Paraguai, Rub\u00e9n Ram\u00edrez, concordaram em restabelecer as rela\u00e7\u00f5es entre seus pa\u00edses, que passaram por um momento de tens\u00e3o depois que a not\u00edcia de uma opera\u00e7\u00e3o de espionagem organizada pela intelig\u00eancia brasileira em 2022 contra autoridades paraguaias levou Assun\u00e7\u00e3o a suspender as negocia\u00e7\u00f5es sobre ... Leia mais\" \/>\n<meta property=\"og:url\" content=\"https:\/\/pre.efe.com\/pt-br\/mundo-2\/2025-04-11\/brasil-e-paraguai-restabelecem-relacoes-apos-denuncia-de-espionagem\/\" \/>\n<meta property=\"og:site_name\" content=\"EFE Noticias\" \/>\n<meta property=\"article:publisher\" content=\"https:\/\/www.facebook.com\/AgenciaEFEnoticias\/\" \/>\n<meta property=\"article:published_time\" content=\"2025-04-11T19:43:41+00:00\" \/>\n<meta property=\"article:modified_time\" content=\"2025-04-11T19:43:44+00:00\" \/>\n<meta property=\"og:image\" content=\"https:\/\/pre.efe.com\/wp-content\/uploads\/2025\/04\/270516a357fec59f715e2bede4412a7e960d546bw.webp\" \/>\n\t<meta property=\"og:image:width\" content=\"1920\" \/>\n\t<meta property=\"og:image:height\" content=\"1260\" \/>\n\t<meta property=\"og:image:type\" content=\"image\/jpeg\" \/>\n<meta name=\"author\" content=\"anachain\" \/>\n<meta name=\"twitter:card\" content=\"summary_large_image\" \/>\n<meta name=\"twitter:creator\" content=\"@efenoticias\" \/>\n<meta name=\"twitter:site\" content=\"@efenoticias\" \/>\n<script type=\"application\/ld+json\" class=\"yoast-schema-graph\">{\"@context\":\"https:\\\/\\\/schema.org\",\"@graph\":[{\"@type\":\"NewsArticle\",\"@id\":\"https:\\\/\\\/pre.efe.com\\\/pt-br\\\/mundo-2\\\/2025-04-11\\\/brasil-e-paraguai-restabelecem-relacoes-apos-denuncia-de-espionagem\\\/#article\",\"isPartOf\":{\"@id\":\"https:\\\/\\\/pre.efe.com\\\/pt-br\\\/mundo-2\\\/2025-04-11\\\/brasil-e-paraguai-restabelecem-relacoes-apos-denuncia-de-espionagem\\\/\"},\"author\":{\"name\":\"anachain\",\"@id\":\"https:\\\/\\\/pre.efe.com\\\/pt-br\\\/#\\\/schema\\\/person\\\/b19f23f210db552768f68a4b552b004f\"},\"headline\":\"Brasil e Paraguai restabelecem rela\u00e7\u00f5es ap\u00f3s den\u00fancia de espionagem\",\"datePublished\":\"2025-04-11T19:43:41+00:00\",\"dateModified\":\"2025-04-11T19:43:44+00:00\",\"mainEntityOfPage\":{\"@id\":\"https:\\\/\\\/pre.efe.com\\\/pt-br\\\/mundo-2\\\/2025-04-11\\\/brasil-e-paraguai-restabelecem-relacoes-apos-denuncia-de-espionagem\\\/\"},\"wordCount\":475,\"publisher\":{\"@id\":\"https:\\\/\\\/pre.efe.com\\\/pt-br\\\/#organization\"},\"image\":{\"@id\":\"https:\\\/\\\/pre.efe.com\\\/pt-br\\\/mundo-2\\\/2025-04-11\\\/brasil-e-paraguai-restabelecem-relacoes-apos-denuncia-de-espionagem\\\/#primaryimage\"},\"thumbnailUrl\":\"https:\\\/\\\/pre.efe.com\\\/wp-content\\\/uploads\\\/2025\\\/04\\\/270516a357fec59f715e2bede4412a7e960d546bw.webp\",\"keywords\":[\"Brasil\",\"Governo\"],\"articleSection\":[\"Mundo\",\"Portada\"],\"inLanguage\":\"pt-BR\",\"copyrightYear\":\"2025\",\"copyrightHolder\":{\"@id\":\"https:\\\/\\\/pre.efe.com\\\/#organization\"}},{\"@type\":[\"WebPage\",\"ItemPage\"],\"@id\":\"https:\\\/\\\/pre.efe.com\\\/pt-br\\\/mundo-2\\\/2025-04-11\\\/brasil-e-paraguai-restabelecem-relacoes-apos-denuncia-de-espionagem\\\/\",\"url\":\"https:\\\/\\\/pre.efe.com\\\/pt-br\\\/mundo-2\\\/2025-04-11\\\/brasil-e-paraguai-restabelecem-relacoes-apos-denuncia-de-espionagem\\\/\",\"name\":\"Brasil e Paraguai restabelecem rela\u00e7\u00f5es ap\u00f3s den\u00fancia de espionagem - EFE\",\"isPartOf\":{\"@id\":\"https:\\\/\\\/pre.efe.com\\\/pt-br\\\/#website\"},\"primaryImageOfPage\":{\"@id\":\"https:\\\/\\\/pre.efe.com\\\/pt-br\\\/mundo-2\\\/2025-04-11\\\/brasil-e-paraguai-restabelecem-relacoes-apos-denuncia-de-espionagem\\\/#primaryimage\"},\"image\":{\"@id\":\"https:\\\/\\\/pre.efe.com\\\/pt-br\\\/mundo-2\\\/2025-04-11\\\/brasil-e-paraguai-restabelecem-relacoes-apos-denuncia-de-espionagem\\\/#primaryimage\"},\"thumbnailUrl\":\"https:\\\/\\\/pre.efe.com\\\/wp-content\\\/uploads\\\/2025\\\/04\\\/270516a357fec59f715e2bede4412a7e960d546bw.webp\",\"datePublished\":\"2025-04-11T19:43:41+00:00\",\"dateModified\":\"2025-04-11T19:43:44+00:00\",\"breadcrumb\":{\"@id\":\"https:\\\/\\\/pre.efe.com\\\/pt-br\\\/mundo-2\\\/2025-04-11\\\/brasil-e-paraguai-restabelecem-relacoes-apos-denuncia-de-espionagem\\\/#breadcrumb\"},\"inLanguage\":\"pt-BR\",\"potentialAction\":[{\"@type\":\"ReadAction\",\"target\":[\"https:\\\/\\\/pre.efe.com\\\/pt-br\\\/mundo-2\\\/2025-04-11\\\/brasil-e-paraguai-restabelecem-relacoes-apos-denuncia-de-espionagem\\\/\"]}]},{\"@type\":\"ImageObject\",\"inLanguage\":\"pt-BR\",\"@id\":\"https:\\\/\\\/pre.efe.com\\\/pt-br\\\/mundo-2\\\/2025-04-11\\\/brasil-e-paraguai-restabelecem-relacoes-apos-denuncia-de-espionagem\\\/#primaryimage\",\"url\":\"https:\\\/\\\/pre.efe.com\\\/wp-content\\\/uploads\\\/2025\\\/04\\\/270516a357fec59f715e2bede4412a7e960d546bw.webp\",\"contentUrl\":\"https:\\\/\\\/pre.efe.com\\\/wp-content\\\/uploads\\\/2025\\\/04\\\/270516a357fec59f715e2bede4412a7e960d546bw.webp\",\"width\":1920,\"height\":1260,\"caption\":\"Rub\u00e9n Ram\u00edrez Lezcano (d) e Mauro Vieira, durante uma reuni\u00e3o em Buenos Aires. EFE\\\/Reprodu\u00e7\u00e3o de imagem da Rede Social X do Minist\u00e9rio de Rela\u00e7\u00f5es Exteriores do Paraguai\"},{\"@type\":\"BreadcrumbList\",\"@id\":\"https:\\\/\\\/pre.efe.com\\\/pt-br\\\/mundo-2\\\/2025-04-11\\\/brasil-e-paraguai-restabelecem-relacoes-apos-denuncia-de-espionagem\\\/#breadcrumb\",\"itemListElement\":[{\"@type\":\"ListItem\",\"position\":1,\"name\":\"Portada\",\"item\":\"https:\\\/\\\/pre.efe.com\\\/pt-br\\\/\"},{\"@type\":\"ListItem\",\"position\":2,\"name\":\"Brasil e Paraguai restabelecem rela\u00e7\u00f5es ap\u00f3s den\u00fancia de espionagem\"}]},{\"@type\":\"WebSite\",\"@id\":\"https:\\\/\\\/pre.efe.com\\\/pt-br\\\/#website\",\"url\":\"https:\\\/\\\/pre.efe.com\\\/pt-br\\\/\",\"name\":\"EFE Noticias\",\"description\":\"\",\"publisher\":{\"@id\":\"https:\\\/\\\/pre.efe.com\\\/pt-br\\\/#organization\"},\"potentialAction\":[{\"@type\":\"SearchAction\",\"target\":{\"@type\":\"EntryPoint\",\"urlTemplate\":\"https:\\\/\\\/pre.efe.com\\\/pt-br\\\/?s={search_term_string}\"},\"query-input\":{\"@type\":\"PropertyValueSpecification\",\"valueRequired\":true,\"valueName\":\"search_term_string\"}}],\"inLanguage\":\"pt-BR\"},{\"@type\":\"Organization\",\"@id\":\"https:\\\/\\\/pre.efe.com\\\/pt-br\\\/#organization\",\"name\":\"Agencia EFE\",\"url\":\"https:\\\/\\\/pre.efe.com\\\/pt-br\\\/\",\"logo\":{\"@type\":\"ImageObject\",\"inLanguage\":\"pt-BR\",\"@id\":\"https:\\\/\\\/pre.efe.com\\\/pt-br\\\/#\\\/schema\\\/logo\\\/image\\\/\",\"url\":\"https:\\\/\\\/pre.efe.com\\\/wp-content\\\/uploads\\\/2023\\\/06\\\/logo-efe-467.png\",\"contentUrl\":\"https:\\\/\\\/pre.efe.com\\\/wp-content\\\/uploads\\\/2023\\\/06\\\/logo-efe-467.png\",\"width\":467,\"height\":467,\"caption\":\"Agencia EFE\"},\"image\":{\"@id\":\"https:\\\/\\\/pre.efe.com\\\/pt-br\\\/#\\\/schema\\\/logo\\\/image\\\/\"},\"sameAs\":[\"https:\\\/\\\/www.facebook.com\\\/AgenciaEFEnoticias\\\/\",\"https:\\\/\\\/x.com\\\/efenoticias\",\"https:\\\/\\\/www.instagram.com\\\/efe_noticias\\\/\",\"http:\\\/\\\/www.youtube.com\\\/efe\"]},{\"@type\":\"Person\",\"@id\":\"https:\\\/\\\/pre.efe.com\\\/pt-br\\\/#\\\/schema\\\/person\\\/b19f23f210db552768f68a4b552b004f\",\"name\":\"anachain\",\"image\":{\"@type\":\"ImageObject\",\"inLanguage\":\"pt-BR\",\"@id\":\"https:\\\/\\\/secure.gravatar.com\\\/avatar\\\/30b83965911ef1108bb893c00bdd65c885f9890e1265ee04b02c3d5adc785d37?s=96&d=identicon&r=g\",\"url\":\"https:\\\/\\\/secure.gravatar.com\\\/avatar\\\/30b83965911ef1108bb893c00bdd65c885f9890e1265ee04b02c3d5adc785d37?s=96&d=identicon&r=g\",\"contentUrl\":\"https:\\\/\\\/secure.gravatar.com\\\/avatar\\\/30b83965911ef1108bb893c00bdd65c885f9890e1265ee04b02c3d5adc785d37?s=96&d=identicon&r=g\",\"caption\":\"anachain\"},\"url\":\"https:\\\/\\\/pre.efe.com\\\/pt-br\\\/autor\\\/anachain\\\/\"}]}<\/script>\n<!-- \/ Yoast SEO Premium plugin. -->","yoast_head_json":{"title":"Brasil e Paraguai restabelecem rela\u00e7\u00f5es ap\u00f3s den\u00fancia de espionagem - EFE","robots":{"index":"noindex","follow":"follow"},"og_locale":"pt_BR","og_type":"article","og_title":"Brasil e Paraguai restabelecem rela\u00e7\u00f5es ap\u00f3s den\u00fancia de espionagem - EFE","og_description":"Buenos Aires (EFE).-\u00a0Os ministros das Rela\u00e7\u00f5es Exteriores de Brasil, Mauro Vieira, e Paraguai, Rub\u00e9n Ram\u00edrez, concordaram em restabelecer as rela\u00e7\u00f5es entre seus pa\u00edses, que passaram por um momento de tens\u00e3o depois que a not\u00edcia de uma opera\u00e7\u00e3o de espionagem organizada pela intelig\u00eancia brasileira em 2022 contra autoridades paraguaias levou Assun\u00e7\u00e3o a suspender as negocia\u00e7\u00f5es sobre ... Leia mais","og_url":"https:\/\/pre.efe.com\/pt-br\/mundo-2\/2025-04-11\/brasil-e-paraguai-restabelecem-relacoes-apos-denuncia-de-espionagem\/","og_site_name":"EFE Noticias","article_publisher":"https:\/\/www.facebook.com\/AgenciaEFEnoticias\/","article_published_time":"2025-04-11T19:43:41+00:00","article_modified_time":"2025-04-11T19:43:44+00:00","og_image":[{"width":1920,"height":1260,"url":"https:\/\/pre.efe.com\/wp-content\/uploads\/2025\/04\/270516a357fec59f715e2bede4412a7e960d546bw.webp","type":"image\/jpeg"}],"author":"anachain","twitter_card":"summary_large_image","twitter_creator":"@efenoticias","twitter_site":"@efenoticias","schema":{"@context":"https:\/\/schema.org","@graph":[{"@type":"NewsArticle","@id":"https:\/\/pre.efe.com\/pt-br\/mundo-2\/2025-04-11\/brasil-e-paraguai-restabelecem-relacoes-apos-denuncia-de-espionagem\/#article","isPartOf":{"@id":"https:\/\/pre.efe.com\/pt-br\/mundo-2\/2025-04-11\/brasil-e-paraguai-restabelecem-relacoes-apos-denuncia-de-espionagem\/"},"author":{"name":"anachain","@id":"https:\/\/pre.efe.com\/pt-br\/#\/schema\/person\/b19f23f210db552768f68a4b552b004f"},"headline":"Brasil e Paraguai restabelecem rela\u00e7\u00f5es ap\u00f3s den\u00fancia de espionagem","datePublished":"2025-04-11T19:43:41+00:00","dateModified":"2025-04-11T19:43:44+00:00","mainEntityOfPage":{"@id":"https:\/\/pre.efe.com\/pt-br\/mundo-2\/2025-04-11\/brasil-e-paraguai-restabelecem-relacoes-apos-denuncia-de-espionagem\/"},"wordCount":475,"publisher":{"@id":"https:\/\/pre.efe.com\/pt-br\/#organization"},"image":{"@id":"https:\/\/pre.efe.com\/pt-br\/mundo-2\/2025-04-11\/brasil-e-paraguai-restabelecem-relacoes-apos-denuncia-de-espionagem\/#primaryimage"},"thumbnailUrl":"https:\/\/pre.efe.com\/wp-content\/uploads\/2025\/04\/270516a357fec59f715e2bede4412a7e960d546bw.webp","keywords":["Brasil","Governo"],"articleSection":["Mundo","Portada"],"inLanguage":"pt-BR","copyrightYear":"2025","copyrightHolder":{"@id":"https:\/\/pre.efe.com\/#organization"}},{"@type":["WebPage","ItemPage"],"@id":"https:\/\/pre.efe.com\/pt-br\/mundo-2\/2025-04-11\/brasil-e-paraguai-restabelecem-relacoes-apos-denuncia-de-espionagem\/","url":"https:\/\/pre.efe.com\/pt-br\/mundo-2\/2025-04-11\/brasil-e-paraguai-restabelecem-relacoes-apos-denuncia-de-espionagem\/","name":"Brasil e Paraguai restabelecem rela\u00e7\u00f5es ap\u00f3s den\u00fancia de espionagem - EFE","isPartOf":{"@id":"https:\/\/pre.efe.com\/pt-br\/#website"},"primaryImageOfPage":{"@id":"https:\/\/pre.efe.com\/pt-br\/mundo-2\/2025-04-11\/brasil-e-paraguai-restabelecem-relacoes-apos-denuncia-de-espionagem\/#primaryimage"},"image":{"@id":"https:\/\/pre.efe.com\/pt-br\/mundo-2\/2025-04-11\/brasil-e-paraguai-restabelecem-relacoes-apos-denuncia-de-espionagem\/#primaryimage"},"thumbnailUrl":"https:\/\/pre.efe.com\/wp-content\/uploads\/2025\/04\/270516a357fec59f715e2bede4412a7e960d546bw.webp","datePublished":"2025-04-11T19:43:41+00:00","dateModified":"2025-04-11T19:43:44+00:00","breadcrumb":{"@id":"https:\/\/pre.efe.com\/pt-br\/mundo-2\/2025-04-11\/brasil-e-paraguai-restabelecem-relacoes-apos-denuncia-de-espionagem\/#breadcrumb"},"inLanguage":"pt-BR","potentialAction":[{"@type":"ReadAction","target":["https:\/\/pre.efe.com\/pt-br\/mundo-2\/2025-04-11\/brasil-e-paraguai-restabelecem-relacoes-apos-denuncia-de-espionagem\/"]}]},{"@type":"ImageObject","inLanguage":"pt-BR","@id":"https:\/\/pre.efe.com\/pt-br\/mundo-2\/2025-04-11\/brasil-e-paraguai-restabelecem-relacoes-apos-denuncia-de-espionagem\/#primaryimage","url":"https:\/\/pre.efe.com\/wp-content\/uploads\/2025\/04\/270516a357fec59f715e2bede4412a7e960d546bw.webp","contentUrl":"https:\/\/pre.efe.com\/wp-content\/uploads\/2025\/04\/270516a357fec59f715e2bede4412a7e960d546bw.webp","width":1920,"height":1260,"caption":"Rub\u00e9n Ram\u00edrez Lezcano (d) e Mauro Vieira, durante uma reuni\u00e3o em Buenos Aires. EFE\/Reprodu\u00e7\u00e3o de imagem da Rede Social X do Minist\u00e9rio de Rela\u00e7\u00f5es Exteriores do Paraguai"},{"@type":"BreadcrumbList","@id":"https:\/\/pre.efe.com\/pt-br\/mundo-2\/2025-04-11\/brasil-e-paraguai-restabelecem-relacoes-apos-denuncia-de-espionagem\/#breadcrumb","itemListElement":[{"@type":"ListItem","position":1,"name":"Portada","item":"https:\/\/pre.efe.com\/pt-br\/"},{"@type":"ListItem","position":2,"name":"Brasil e Paraguai restabelecem rela\u00e7\u00f5es ap\u00f3s den\u00fancia de espionagem"}]},{"@type":"WebSite","@id":"https:\/\/pre.efe.com\/pt-br\/#website","url":"https:\/\/pre.efe.com\/pt-br\/","name":"EFE Noticias","description":"","publisher":{"@id":"https:\/\/pre.efe.com\/pt-br\/#organization"},"potentialAction":[{"@type":"SearchAction","target":{"@type":"EntryPoint","urlTemplate":"https:\/\/pre.efe.com\/pt-br\/?s={search_term_string}"},"query-input":{"@type":"PropertyValueSpecification","valueRequired":true,"valueName":"search_term_string"}}],"inLanguage":"pt-BR"},{"@type":"Organization","@id":"https:\/\/pre.efe.com\/pt-br\/#organization","name":"Agencia EFE","url":"https:\/\/pre.efe.com\/pt-br\/","logo":{"@type":"ImageObject","inLanguage":"pt-BR","@id":"https:\/\/pre.efe.com\/pt-br\/#\/schema\/logo\/image\/","url":"https:\/\/pre.efe.com\/wp-content\/uploads\/2023\/06\/logo-efe-467.png","contentUrl":"https:\/\/pre.efe.com\/wp-content\/uploads\/2023\/06\/logo-efe-467.png","width":467,"height":467,"caption":"Agencia EFE"},"image":{"@id":"https:\/\/pre.efe.com\/pt-br\/#\/schema\/logo\/image\/"},"sameAs":["https:\/\/www.facebook.com\/AgenciaEFEnoticias\/","https:\/\/x.com\/efenoticias","https:\/\/www.instagram.com\/efe_noticias\/","http:\/\/www.youtube.com\/efe"]},{"@type":"Person","@id":"https:\/\/pre.efe.com\/pt-br\/#\/schema\/person\/b19f23f210db552768f68a4b552b004f","name":"anachain","image":{"@type":"ImageObject","inLanguage":"pt-BR","@id":"https:\/\/secure.gravatar.com\/avatar\/30b83965911ef1108bb893c00bdd65c885f9890e1265ee04b02c3d5adc785d37?s=96&d=identicon&r=g","url":"https:\/\/secure.gravatar.com\/avatar\/30b83965911ef1108bb893c00bdd65c885f9890e1265ee04b02c3d5adc785d37?s=96&d=identicon&r=g","contentUrl":"https:\/\/secure.gravatar.com\/avatar\/30b83965911ef1108bb893c00bdd65c885f9890e1265ee04b02c3d5adc785d37?s=96&d=identicon&r=g","caption":"anachain"},"url":"https:\/\/pre.efe.com\/pt-br\/autor\/anachain\/"}]}},"jetpack_featured_media_url":"https:\/\/pre.efe.com\/wp-content\/uploads\/2025\/04\/270516a357fec59f715e2bede4412a7e960d546bw.webp","jetpack_shortlink":"https:\/\/wp.me\/peJvHm-7zSY","jetpack_sharing_enabled":true,"_links":{"self":[{"href":"https:\/\/pre.efe.com\/pt-br\/wp-json\/wp\/v2\/posts\/1806244","targetHints":{"allow":["GET"]}}],"collection":[{"href":"https:\/\/pre.efe.com\/pt-br\/wp-json\/wp\/v2\/posts"}],"about":[{"href":"https:\/\/pre.efe.com\/pt-br\/wp-json\/wp\/v2\/types\/post"}],"author":[{"embeddable":true,"href":"https:\/\/pre.efe.com\/pt-br\/wp-json\/wp\/v2\/users\/198164106"}],"replies":[{"embeddable":true,"href":"https:\/\/pre.efe.com\/pt-br\/wp-json\/wp\/v2\/comments?post=1806244"}],"version-history":[{"count":2,"href":"https:\/\/pre.efe.com\/pt-br\/wp-json\/wp\/v2\/posts\/1806244\/revisions"}],"predecessor-version":[{"id":1806265,"href":"https:\/\/pre.efe.com\/pt-br\/wp-json\/wp\/v2\/posts\/1806244\/revisions\/1806265"}],"wp:featuredmedia":[{"embeddable":true,"href":"https:\/\/pre.efe.com\/pt-br\/wp-json\/wp\/v2\/media\/1806256"}],"wp:attachment":[{"href":"https:\/\/pre.efe.com\/pt-br\/wp-json\/wp\/v2\/media?parent=1806244"}],"wp:term":[{"taxonomy":"category","embeddable":true,"href":"https:\/\/pre.efe.com\/pt-br\/wp-json\/wp\/v2\/categories?post=1806244"},{"taxonomy":"post_tag","embeddable":true,"href":"https:\/\/pre.efe.com\/pt-br\/wp-json\/wp\/v2\/tags?post=1806244"}],"curies":[{"name":"wp","href":"https:\/\/api.w.org\/{rel}","templated":true}]}}