{"id":181353,"date":"2022-11-22T14:00:00","date_gmt":"2022-11-22T13:00:00","guid":{"rendered":"https:\/\/pre.efe.com\/?p=181353"},"modified":"2022-11-22T17:07:13","modified_gmt":"2022-11-22T16:07:13","slug":"erdogan-anuncia-realizacao-de-operacao-terrestre-contra-milicias-curdas","status":"publish","type":"post","link":"https:\/\/pre.efe.com\/pt-br\/mundo-2\/2022-11-22\/erdogan-anuncia-realizacao-de-operacao-terrestre-contra-milicias-curdas\/","title":{"rendered":"Erdogan anuncia realiza\u00e7\u00e3o de opera\u00e7\u00e3o terrestre contra mil\u00edcias curdas"},"content":{"rendered":"\n<p>Ancara (<a href=\"https:\/\/pre.efe.com\/pt-br\/\">EFE<\/a>).- O presidente da Turquia, Recep Tayyip Erdogan, disse nesta ter\u00e7a-feira que seu pa\u00eds lan\u00e7ar\u00e1 &#8220;o mais breve poss\u00edvel&#8221; uma opera\u00e7\u00e3o terrestre, &#8220;com tanques e soldados&#8221;, contra as mil\u00edcias curdas, que intensificar\u00e1 a opera\u00e7\u00e3o a\u00e9rea e de artilharia implantada durante o fim de semana no norte da S\u00edria e do Iraque.<\/p>\n\n\n\n<p>&#8220;H\u00e1 alguns dias estamos atacando os terroristas com nossos avi\u00f5es, canh\u00f5es e armas (&#8230;) Saibam que, logo que poss\u00edvel, erradicaremos todos, juntamente com os nossos tanques e soldados e nossos amigos que marchar\u00e3o conosco&#8221;, declarou Erdogan, ao inaugurar uma barragem no Mar Negro, no nordeste do pa\u00eds.<\/p>\n\n\n\n<p>Ao falar em \u201cterroristas\u201d, Erdogan se referia aos membros da mil\u00edcia curda Unidades de Prote\u00e7\u00e3o do Povo S\u00edrio (YPG) e do Partido dos Trabalhadores do Curdist\u00e3o (PKK), guerrilha curda na Turquia.<\/p>\n\n\n\n<p>Ancara considera os dois grupos uma \u00fanica organiza\u00e7\u00e3o terrorista, que responsabiliza pelo atentado a bomba de 13 de novembro no centro de Istambul, que causou seis mortes e deixou 81 feridos, embora tanto o YPG quanto o PKK neguem separadamente qualquer envolvimento no ataque.<\/p>\n\n\n\n<p>Erdogan voltou hoje, por\u00e9m, a insistir na vers\u00e3o das autoridades do seu pa\u00eds, j\u00e1 que conhecem &#8220;a identidade de cada um dos terroristas desta zona&#8221;.<\/p>\n\n\n\n<p>Em uma clara a\u00e7\u00e3o de retalia\u00e7\u00e3o, a Turquia lan\u00e7ou uma opera\u00e7\u00e3o de bombardeio contra militares curdos nas fronteiras s\u00edria e iraquiana no dia 19, que, segundo o ministro da Defesa turco, Hulusi Akar, continuam e amea\u00e7am uma escalada de ataques e viol\u00eancia nas fronteiras com os dois pa\u00edses \u00e1rabes.<\/p>\n\n\n\n<h2 class=\"wp-block-heading\">Ataque disparado da S\u00edria mata duas pessoas<\/h2>\n\n\n\n<p>No dia anterior, um ataque com m\u00edssil disparado da S\u00edria causou duas mortes e seis feridos no sul da Turquia.<\/p>\n\n\n\n<p>Em seu discurso inaugural na represa e usina hidrel\u00e9trica de Yusufeli, Erdogan lembrou as v\u00edtimas &#8211; uma crian\u00e7a e uma professora &#8211; desse ataque, pelo qual tamb\u00e9m culpou as mil\u00edcias curdas, e advertiu que &#8220;nem uma gota de sangue derramada por esses irm\u00e3os ir\u00e1 para o lixo&#8221;.<\/p>\n\n\n\n<p>Em uma aparente mensagem dirigida aos EUA, embora sem menciona-los, o presidente turco voltou a criticar indiretamente o apoio americano ao YPG, com o qual uma coliga\u00e7\u00e3o internacional est\u00e1 combatendo o grupo jihadista Estado Isl\u00e2mico (EI).<\/p>\n\n\n\n<p>As autoridades turcas &#8220;sabem quem est\u00e1 patrocinando esses terroristas&#8221;, disse Erdogan.<\/p>\n\n\n\n<p>&#8220;Fizemos a nossa parte cumprindo todos os acordos relativos \u00e0 seguran\u00e7a das nossas fronteiras s\u00edrias (&#8230;) De agora em diante, s\u00f3 h\u00e1 uma medida para n\u00f3s, s\u00f3 h\u00e1 um limite. \u00c9 a seguran\u00e7a do nosso pa\u00eds, dos nossos pr\u00f3prios cidad\u00e3os&#8221;, enfatizou.<\/p>\n\n\n\n<p>\u201cAqueles que v\u00eam de milhares de quil\u00f4metros para sua pr\u00f3pria seguran\u00e7a devem entender esse nosso direito\u201d, acrescentou o presidente turco. <a href=\"https:\/\/efs.efeservicios.com\/\">EFE<\/a><\/p>\n","protected":false},"excerpt":{"rendered":"<p>Ancara (EFE).- O presidente da Turquia, Recep Tayyip Erdogan, disse nesta ter\u00e7a-feira que seu pa\u00eds lan\u00e7ar\u00e1 &#8220;o mais breve poss\u00edvel&#8221; uma opera\u00e7\u00e3o terrestre, &#8220;com tanques e soldados&#8221;, contra as mil\u00edcias curdas, que intensificar\u00e1 a opera\u00e7\u00e3o a\u00e9rea e de artilharia implantada durante o fim de semana no norte da S\u00edria e do Iraque. &#8220;H\u00e1 alguns dias &#8230; <a title=\"Erdogan anuncia realiza\u00e7\u00e3o de opera\u00e7\u00e3o terrestre contra mil\u00edcias curdas\" class=\"read-more\" href=\"https:\/\/pre.efe.com\/pt-br\/mundo-2\/2022-11-22\/erdogan-anuncia-realizacao-de-operacao-terrestre-contra-milicias-curdas\/\" aria-label=\"Read more about Erdogan anuncia realiza\u00e7\u00e3o de opera\u00e7\u00e3o terrestre contra mil\u00edcias curdas\">Leia mais<\/a><\/p>\n","protected":false},"author":198164106,"featured_media":181365,"comment_status":"closed","ping_status":"closed","sticky":false,"template":"","format":"standard","meta":{"_acf_changed":false,"_jetpack_memberships_contains_paid_content":false,"footnotes":""},"categories":[123208,122141],"tags":[125628],"class_list":["post-181353","post","type-post","status-publish","format-standard","has-post-thumbnail","hentry","category-mundo-2","category-portada","tag-turquia","generate-columns","tablet-grid-50","mobile-grid-100","grid-parent","grid-50"],"acf":[],"yoast_head":"<!-- This site is optimized with the Yoast SEO Premium plugin v26.0 (Yoast SEO v27.5) - https:\/\/yoast.com\/product\/yoast-seo-premium-wordpress\/ -->\n<title>Erdogan anuncia realiza\u00e7\u00e3o de opera\u00e7\u00e3o terrestre contra mil\u00edcias curdas - EFE<\/title>\n<meta name=\"robots\" content=\"noindex, follow\" \/>\n<meta property=\"og:locale\" content=\"pt_BR\" \/>\n<meta property=\"og:type\" content=\"article\" \/>\n<meta property=\"og:title\" content=\"Erdogan anuncia realiza\u00e7\u00e3o de opera\u00e7\u00e3o terrestre contra mil\u00edcias curdas - EFE\" \/>\n<meta property=\"og:description\" content=\"Ancara (EFE).- O presidente da Turquia, Recep Tayyip Erdogan, disse nesta ter\u00e7a-feira que seu pa\u00eds lan\u00e7ar\u00e1 &#8220;o mais breve poss\u00edvel&#8221; uma opera\u00e7\u00e3o terrestre, &#8220;com tanques e soldados&#8221;, contra as mil\u00edcias curdas, que intensificar\u00e1 a opera\u00e7\u00e3o a\u00e9rea e de artilharia implantada durante o fim de semana no norte da S\u00edria e do Iraque. &#8220;H\u00e1 alguns dias ... Leia mais\" \/>\n<meta property=\"og:url\" content=\"https:\/\/pre.efe.com\/pt-br\/mundo-2\/2022-11-22\/erdogan-anuncia-realizacao-de-operacao-terrestre-contra-milicias-curdas\/\" \/>\n<meta property=\"og:site_name\" content=\"EFE Noticias\" \/>\n<meta property=\"article:publisher\" content=\"https:\/\/www.facebook.com\/AgenciaEFEnoticias\/\" \/>\n<meta property=\"article:published_time\" content=\"2022-11-22T13:00:00+00:00\" \/>\n<meta property=\"article:modified_time\" content=\"2022-11-22T16:07:13+00:00\" \/>\n<meta property=\"og:image\" content=\"https:\/\/i0.wp.com\/efe.com\/\/srv\/htdocs\/wp-content\/uploads\/2022\/11\/ERDOGAN.jpg?fit=900%2C600&ssl=1\" \/>\n\t<meta property=\"og:image:width\" content=\"900\" \/>\n\t<meta property=\"og:image:height\" content=\"600\" \/>\n\t<meta property=\"og:image:type\" content=\"image\/jpeg\" \/>\n<meta name=\"author\" content=\"anachain\" \/>\n<meta name=\"twitter:card\" content=\"summary_large_image\" \/>\n<meta name=\"twitter:creator\" content=\"@efenoticias\" \/>\n<meta name=\"twitter:site\" content=\"@efenoticias\" \/>\n<script type=\"application\/ld+json\" class=\"yoast-schema-graph\">{\"@context\":\"https:\\\/\\\/schema.org\",\"@graph\":[{\"@type\":\"NewsArticle\",\"@id\":\"https:\\\/\\\/pre.efe.com\\\/pt-br\\\/mundo-2\\\/2022-11-22\\\/erdogan-anuncia-realizacao-de-operacao-terrestre-contra-milicias-curdas\\\/#article\",\"isPartOf\":{\"@id\":\"https:\\\/\\\/pre.efe.com\\\/pt-br\\\/mundo-2\\\/2022-11-22\\\/erdogan-anuncia-realizacao-de-operacao-terrestre-contra-milicias-curdas\\\/\"},\"author\":{\"name\":\"anachain\",\"@id\":\"https:\\\/\\\/pre.efe.com\\\/pt-br\\\/#\\\/schema\\\/person\\\/b19f23f210db552768f68a4b552b004f\"},\"headline\":\"Erdogan anuncia realiza\u00e7\u00e3o de opera\u00e7\u00e3o terrestre contra mil\u00edcias curdas\",\"datePublished\":\"2022-11-22T13:00:00+00:00\",\"dateModified\":\"2022-11-22T16:07:13+00:00\",\"mainEntityOfPage\":{\"@id\":\"https:\\\/\\\/pre.efe.com\\\/pt-br\\\/mundo-2\\\/2022-11-22\\\/erdogan-anuncia-realizacao-de-operacao-terrestre-contra-milicias-curdas\\\/\"},\"wordCount\":489,\"publisher\":{\"@id\":\"https:\\\/\\\/pre.efe.com\\\/pt-br\\\/#organization\"},\"image\":{\"@id\":\"https:\\\/\\\/pre.efe.com\\\/pt-br\\\/mundo-2\\\/2022-11-22\\\/erdogan-anuncia-realizacao-de-operacao-terrestre-contra-milicias-curdas\\\/#primaryimage\"},\"thumbnailUrl\":\"https:\\\/\\\/pre.efe.com\\\/wp-content\\\/uploads\\\/2022\\\/11\\\/ERDOGAN.jpg\",\"keywords\":[\"Turquia\"],\"articleSection\":[\"Mundo\",\"Portada\"],\"inLanguage\":\"pt-BR\",\"copyrightYear\":\"2022\",\"copyrightHolder\":{\"@id\":\"https:\\\/\\\/pre.efe.com\\\/#organization\"}},{\"@type\":[\"WebPage\",\"ItemPage\"],\"@id\":\"https:\\\/\\\/pre.efe.com\\\/pt-br\\\/mundo-2\\\/2022-11-22\\\/erdogan-anuncia-realizacao-de-operacao-terrestre-contra-milicias-curdas\\\/\",\"url\":\"https:\\\/\\\/pre.efe.com\\\/pt-br\\\/mundo-2\\\/2022-11-22\\\/erdogan-anuncia-realizacao-de-operacao-terrestre-contra-milicias-curdas\\\/\",\"name\":\"Erdogan anuncia realiza\u00e7\u00e3o de opera\u00e7\u00e3o terrestre contra mil\u00edcias curdas - EFE\",\"isPartOf\":{\"@id\":\"https:\\\/\\\/pre.efe.com\\\/pt-br\\\/#website\"},\"primaryImageOfPage\":{\"@id\":\"https:\\\/\\\/pre.efe.com\\\/pt-br\\\/mundo-2\\\/2022-11-22\\\/erdogan-anuncia-realizacao-de-operacao-terrestre-contra-milicias-curdas\\\/#primaryimage\"},\"image\":{\"@id\":\"https:\\\/\\\/pre.efe.com\\\/pt-br\\\/mundo-2\\\/2022-11-22\\\/erdogan-anuncia-realizacao-de-operacao-terrestre-contra-milicias-curdas\\\/#primaryimage\"},\"thumbnailUrl\":\"https:\\\/\\\/pre.efe.com\\\/wp-content\\\/uploads\\\/2022\\\/11\\\/ERDOGAN.jpg\",\"datePublished\":\"2022-11-22T13:00:00+00:00\",\"dateModified\":\"2022-11-22T16:07:13+00:00\",\"breadcrumb\":{\"@id\":\"https:\\\/\\\/pre.efe.com\\\/pt-br\\\/mundo-2\\\/2022-11-22\\\/erdogan-anuncia-realizacao-de-operacao-terrestre-contra-milicias-curdas\\\/#breadcrumb\"},\"inLanguage\":\"pt-BR\",\"potentialAction\":[{\"@type\":\"ReadAction\",\"target\":[\"https:\\\/\\\/pre.efe.com\\\/pt-br\\\/mundo-2\\\/2022-11-22\\\/erdogan-anuncia-realizacao-de-operacao-terrestre-contra-milicias-curdas\\\/\"]}]},{\"@type\":\"ImageObject\",\"inLanguage\":\"pt-BR\",\"@id\":\"https:\\\/\\\/pre.efe.com\\\/pt-br\\\/mundo-2\\\/2022-11-22\\\/erdogan-anuncia-realizacao-de-operacao-terrestre-contra-milicias-curdas\\\/#primaryimage\",\"url\":\"https:\\\/\\\/pre.efe.com\\\/wp-content\\\/uploads\\\/2022\\\/11\\\/ERDOGAN.jpg\",\"contentUrl\":\"https:\\\/\\\/pre.efe.com\\\/wp-content\\\/uploads\\\/2022\\\/11\\\/ERDOGAN.jpg\",\"width\":900,\"height\":600,\"caption\":\"O presidente da Turquia, Recep Tayyip Erdogan. EFE\\\/Arquivo\\\/HOW HWEE YOUNG\"},{\"@type\":\"BreadcrumbList\",\"@id\":\"https:\\\/\\\/pre.efe.com\\\/pt-br\\\/mundo-2\\\/2022-11-22\\\/erdogan-anuncia-realizacao-de-operacao-terrestre-contra-milicias-curdas\\\/#breadcrumb\",\"itemListElement\":[{\"@type\":\"ListItem\",\"position\":1,\"name\":\"Portada\",\"item\":\"https:\\\/\\\/pre.efe.com\\\/pt-br\\\/\"},{\"@type\":\"ListItem\",\"position\":2,\"name\":\"Erdogan anuncia realiza\u00e7\u00e3o de opera\u00e7\u00e3o terrestre contra mil\u00edcias curdas\"}]},{\"@type\":\"WebSite\",\"@id\":\"https:\\\/\\\/pre.efe.com\\\/pt-br\\\/#website\",\"url\":\"https:\\\/\\\/pre.efe.com\\\/pt-br\\\/\",\"name\":\"EFE Noticias\",\"description\":\"\",\"publisher\":{\"@id\":\"https:\\\/\\\/pre.efe.com\\\/pt-br\\\/#organization\"},\"potentialAction\":[{\"@type\":\"SearchAction\",\"target\":{\"@type\":\"EntryPoint\",\"urlTemplate\":\"https:\\\/\\\/pre.efe.com\\\/pt-br\\\/?s={search_term_string}\"},\"query-input\":{\"@type\":\"PropertyValueSpecification\",\"valueRequired\":true,\"valueName\":\"search_term_string\"}}],\"inLanguage\":\"pt-BR\"},{\"@type\":\"Organization\",\"@id\":\"https:\\\/\\\/pre.efe.com\\\/pt-br\\\/#organization\",\"name\":\"Agencia EFE\",\"url\":\"https:\\\/\\\/pre.efe.com\\\/pt-br\\\/\",\"logo\":{\"@type\":\"ImageObject\",\"inLanguage\":\"pt-BR\",\"@id\":\"https:\\\/\\\/pre.efe.com\\\/pt-br\\\/#\\\/schema\\\/logo\\\/image\\\/\",\"url\":\"https:\\\/\\\/pre.efe.com\\\/wp-content\\\/uploads\\\/2023\\\/06\\\/logo-efe-467.png\",\"contentUrl\":\"https:\\\/\\\/pre.efe.com\\\/wp-content\\\/uploads\\\/2023\\\/06\\\/logo-efe-467.png\",\"width\":467,\"height\":467,\"caption\":\"Agencia EFE\"},\"image\":{\"@id\":\"https:\\\/\\\/pre.efe.com\\\/pt-br\\\/#\\\/schema\\\/logo\\\/image\\\/\"},\"sameAs\":[\"https:\\\/\\\/www.facebook.com\\\/AgenciaEFEnoticias\\\/\",\"https:\\\/\\\/x.com\\\/efenoticias\",\"https:\\\/\\\/www.instagram.com\\\/efe_noticias\\\/\",\"http:\\\/\\\/www.youtube.com\\\/efe\"]},{\"@type\":\"Person\",\"@id\":\"https:\\\/\\\/pre.efe.com\\\/pt-br\\\/#\\\/schema\\\/person\\\/b19f23f210db552768f68a4b552b004f\",\"name\":\"anachain\",\"image\":{\"@type\":\"ImageObject\",\"inLanguage\":\"pt-BR\",\"@id\":\"https:\\\/\\\/secure.gravatar.com\\\/avatar\\\/30b83965911ef1108bb893c00bdd65c885f9890e1265ee04b02c3d5adc785d37?s=96&d=identicon&r=g\",\"url\":\"https:\\\/\\\/secure.gravatar.com\\\/avatar\\\/30b83965911ef1108bb893c00bdd65c885f9890e1265ee04b02c3d5adc785d37?s=96&d=identicon&r=g\",\"contentUrl\":\"https:\\\/\\\/secure.gravatar.com\\\/avatar\\\/30b83965911ef1108bb893c00bdd65c885f9890e1265ee04b02c3d5adc785d37?s=96&d=identicon&r=g\",\"caption\":\"anachain\"},\"url\":\"https:\\\/\\\/pre.efe.com\\\/pt-br\\\/autor\\\/anachain\\\/\"}]}<\/script>\n<!-- \/ Yoast SEO Premium plugin. -->","yoast_head_json":{"title":"Erdogan anuncia realiza\u00e7\u00e3o de opera\u00e7\u00e3o terrestre contra mil\u00edcias curdas - EFE","robots":{"index":"noindex","follow":"follow"},"og_locale":"pt_BR","og_type":"article","og_title":"Erdogan anuncia realiza\u00e7\u00e3o de opera\u00e7\u00e3o terrestre contra mil\u00edcias curdas - EFE","og_description":"Ancara (EFE).- O presidente da Turquia, Recep Tayyip Erdogan, disse nesta ter\u00e7a-feira que seu pa\u00eds lan\u00e7ar\u00e1 &#8220;o mais breve poss\u00edvel&#8221; uma opera\u00e7\u00e3o terrestre, &#8220;com tanques e soldados&#8221;, contra as mil\u00edcias curdas, que intensificar\u00e1 a opera\u00e7\u00e3o a\u00e9rea e de artilharia implantada durante o fim de semana no norte da S\u00edria e do Iraque. &#8220;H\u00e1 alguns dias ... Leia mais","og_url":"https:\/\/pre.efe.com\/pt-br\/mundo-2\/2022-11-22\/erdogan-anuncia-realizacao-de-operacao-terrestre-contra-milicias-curdas\/","og_site_name":"EFE Noticias","article_publisher":"https:\/\/www.facebook.com\/AgenciaEFEnoticias\/","article_published_time":"2022-11-22T13:00:00+00:00","article_modified_time":"2022-11-22T16:07:13+00:00","og_image":[{"width":900,"height":600,"url":"https:\/\/i0.wp.com\/efe.com\/\/srv\/htdocs\/wp-content\/uploads\/2022\/11\/ERDOGAN.jpg?fit=900%2C600&ssl=1","type":"image\/jpeg"}],"author":"anachain","twitter_card":"summary_large_image","twitter_creator":"@efenoticias","twitter_site":"@efenoticias","schema":{"@context":"https:\/\/schema.org","@graph":[{"@type":"NewsArticle","@id":"https:\/\/pre.efe.com\/pt-br\/mundo-2\/2022-11-22\/erdogan-anuncia-realizacao-de-operacao-terrestre-contra-milicias-curdas\/#article","isPartOf":{"@id":"https:\/\/pre.efe.com\/pt-br\/mundo-2\/2022-11-22\/erdogan-anuncia-realizacao-de-operacao-terrestre-contra-milicias-curdas\/"},"author":{"name":"anachain","@id":"https:\/\/pre.efe.com\/pt-br\/#\/schema\/person\/b19f23f210db552768f68a4b552b004f"},"headline":"Erdogan anuncia realiza\u00e7\u00e3o de opera\u00e7\u00e3o terrestre contra mil\u00edcias curdas","datePublished":"2022-11-22T13:00:00+00:00","dateModified":"2022-11-22T16:07:13+00:00","mainEntityOfPage":{"@id":"https:\/\/pre.efe.com\/pt-br\/mundo-2\/2022-11-22\/erdogan-anuncia-realizacao-de-operacao-terrestre-contra-milicias-curdas\/"},"wordCount":489,"publisher":{"@id":"https:\/\/pre.efe.com\/pt-br\/#organization"},"image":{"@id":"https:\/\/pre.efe.com\/pt-br\/mundo-2\/2022-11-22\/erdogan-anuncia-realizacao-de-operacao-terrestre-contra-milicias-curdas\/#primaryimage"},"thumbnailUrl":"https:\/\/pre.efe.com\/wp-content\/uploads\/2022\/11\/ERDOGAN.jpg","keywords":["Turquia"],"articleSection":["Mundo","Portada"],"inLanguage":"pt-BR","copyrightYear":"2022","copyrightHolder":{"@id":"https:\/\/pre.efe.com\/#organization"}},{"@type":["WebPage","ItemPage"],"@id":"https:\/\/pre.efe.com\/pt-br\/mundo-2\/2022-11-22\/erdogan-anuncia-realizacao-de-operacao-terrestre-contra-milicias-curdas\/","url":"https:\/\/pre.efe.com\/pt-br\/mundo-2\/2022-11-22\/erdogan-anuncia-realizacao-de-operacao-terrestre-contra-milicias-curdas\/","name":"Erdogan anuncia realiza\u00e7\u00e3o de opera\u00e7\u00e3o terrestre contra mil\u00edcias curdas - EFE","isPartOf":{"@id":"https:\/\/pre.efe.com\/pt-br\/#website"},"primaryImageOfPage":{"@id":"https:\/\/pre.efe.com\/pt-br\/mundo-2\/2022-11-22\/erdogan-anuncia-realizacao-de-operacao-terrestre-contra-milicias-curdas\/#primaryimage"},"image":{"@id":"https:\/\/pre.efe.com\/pt-br\/mundo-2\/2022-11-22\/erdogan-anuncia-realizacao-de-operacao-terrestre-contra-milicias-curdas\/#primaryimage"},"thumbnailUrl":"https:\/\/pre.efe.com\/wp-content\/uploads\/2022\/11\/ERDOGAN.jpg","datePublished":"2022-11-22T13:00:00+00:00","dateModified":"2022-11-22T16:07:13+00:00","breadcrumb":{"@id":"https:\/\/pre.efe.com\/pt-br\/mundo-2\/2022-11-22\/erdogan-anuncia-realizacao-de-operacao-terrestre-contra-milicias-curdas\/#breadcrumb"},"inLanguage":"pt-BR","potentialAction":[{"@type":"ReadAction","target":["https:\/\/pre.efe.com\/pt-br\/mundo-2\/2022-11-22\/erdogan-anuncia-realizacao-de-operacao-terrestre-contra-milicias-curdas\/"]}]},{"@type":"ImageObject","inLanguage":"pt-BR","@id":"https:\/\/pre.efe.com\/pt-br\/mundo-2\/2022-11-22\/erdogan-anuncia-realizacao-de-operacao-terrestre-contra-milicias-curdas\/#primaryimage","url":"https:\/\/pre.efe.com\/wp-content\/uploads\/2022\/11\/ERDOGAN.jpg","contentUrl":"https:\/\/pre.efe.com\/wp-content\/uploads\/2022\/11\/ERDOGAN.jpg","width":900,"height":600,"caption":"O presidente da Turquia, Recep Tayyip Erdogan. EFE\/Arquivo\/HOW HWEE YOUNG"},{"@type":"BreadcrumbList","@id":"https:\/\/pre.efe.com\/pt-br\/mundo-2\/2022-11-22\/erdogan-anuncia-realizacao-de-operacao-terrestre-contra-milicias-curdas\/#breadcrumb","itemListElement":[{"@type":"ListItem","position":1,"name":"Portada","item":"https:\/\/pre.efe.com\/pt-br\/"},{"@type":"ListItem","position":2,"name":"Erdogan anuncia realiza\u00e7\u00e3o de opera\u00e7\u00e3o terrestre contra mil\u00edcias curdas"}]},{"@type":"WebSite","@id":"https:\/\/pre.efe.com\/pt-br\/#website","url":"https:\/\/pre.efe.com\/pt-br\/","name":"EFE Noticias","description":"","publisher":{"@id":"https:\/\/pre.efe.com\/pt-br\/#organization"},"potentialAction":[{"@type":"SearchAction","target":{"@type":"EntryPoint","urlTemplate":"https:\/\/pre.efe.com\/pt-br\/?s={search_term_string}"},"query-input":{"@type":"PropertyValueSpecification","valueRequired":true,"valueName":"search_term_string"}}],"inLanguage":"pt-BR"},{"@type":"Organization","@id":"https:\/\/pre.efe.com\/pt-br\/#organization","name":"Agencia EFE","url":"https:\/\/pre.efe.com\/pt-br\/","logo":{"@type":"ImageObject","inLanguage":"pt-BR","@id":"https:\/\/pre.efe.com\/pt-br\/#\/schema\/logo\/image\/","url":"https:\/\/pre.efe.com\/wp-content\/uploads\/2023\/06\/logo-efe-467.png","contentUrl":"https:\/\/pre.efe.com\/wp-content\/uploads\/2023\/06\/logo-efe-467.png","width":467,"height":467,"caption":"Agencia EFE"},"image":{"@id":"https:\/\/pre.efe.com\/pt-br\/#\/schema\/logo\/image\/"},"sameAs":["https:\/\/www.facebook.com\/AgenciaEFEnoticias\/","https:\/\/x.com\/efenoticias","https:\/\/www.instagram.com\/efe_noticias\/","http:\/\/www.youtube.com\/efe"]},{"@type":"Person","@id":"https:\/\/pre.efe.com\/pt-br\/#\/schema\/person\/b19f23f210db552768f68a4b552b004f","name":"anachain","image":{"@type":"ImageObject","inLanguage":"pt-BR","@id":"https:\/\/secure.gravatar.com\/avatar\/30b83965911ef1108bb893c00bdd65c885f9890e1265ee04b02c3d5adc785d37?s=96&d=identicon&r=g","url":"https:\/\/secure.gravatar.com\/avatar\/30b83965911ef1108bb893c00bdd65c885f9890e1265ee04b02c3d5adc785d37?s=96&d=identicon&r=g","contentUrl":"https:\/\/secure.gravatar.com\/avatar\/30b83965911ef1108bb893c00bdd65c885f9890e1265ee04b02c3d5adc785d37?s=96&d=identicon&r=g","caption":"anachain"},"url":"https:\/\/pre.efe.com\/pt-br\/autor\/anachain\/"}]}},"jetpack_featured_media_url":"https:\/\/pre.efe.com\/wp-content\/uploads\/2022\/11\/ERDOGAN.jpg","jetpack_shortlink":"https:\/\/wp.me\/peJvHm-Lb3","jetpack_sharing_enabled":true,"_links":{"self":[{"href":"https:\/\/pre.efe.com\/pt-br\/wp-json\/wp\/v2\/posts\/181353","targetHints":{"allow":["GET"]}}],"collection":[{"href":"https:\/\/pre.efe.com\/pt-br\/wp-json\/wp\/v2\/posts"}],"about":[{"href":"https:\/\/pre.efe.com\/pt-br\/wp-json\/wp\/v2\/types\/post"}],"author":[{"embeddable":true,"href":"https:\/\/pre.efe.com\/pt-br\/wp-json\/wp\/v2\/users\/198164106"}],"replies":[{"embeddable":true,"href":"https:\/\/pre.efe.com\/pt-br\/wp-json\/wp\/v2\/comments?post=181353"}],"version-history":[{"count":2,"href":"https:\/\/pre.efe.com\/pt-br\/wp-json\/wp\/v2\/posts\/181353\/revisions"}],"predecessor-version":[{"id":181372,"href":"https:\/\/pre.efe.com\/pt-br\/wp-json\/wp\/v2\/posts\/181353\/revisions\/181372"}],"wp:featuredmedia":[{"embeddable":true,"href":"https:\/\/pre.efe.com\/pt-br\/wp-json\/wp\/v2\/media\/181365"}],"wp:attachment":[{"href":"https:\/\/pre.efe.com\/pt-br\/wp-json\/wp\/v2\/media?parent=181353"}],"wp:term":[{"taxonomy":"category","embeddable":true,"href":"https:\/\/pre.efe.com\/pt-br\/wp-json\/wp\/v2\/categories?post=181353"},{"taxonomy":"post_tag","embeddable":true,"href":"https:\/\/pre.efe.com\/pt-br\/wp-json\/wp\/v2\/tags?post=181353"}],"curies":[{"name":"wp","href":"https:\/\/api.w.org\/{rel}","templated":true}]}}