{"id":181779,"date":"2022-11-22T17:11:00","date_gmt":"2022-11-22T16:11:00","guid":{"rendered":"https:\/\/pre.efe.com\/?p=181779"},"modified":"2022-11-23T01:20:30","modified_gmt":"2022-11-23T00:20:30","slug":"franca-afasta-zebra-e-goleia-australia-em-partida-historica-de-giroud","status":"publish","type":"post","link":"https:\/\/pre.efe.com\/pt-br\/esportes\/2022-11-22\/franca-afasta-zebra-e-goleia-australia-em-partida-historica-de-giroud\/","title":{"rendered":"Fran\u00e7a afasta &#8220;zebra&#8221; e goleia Austr\u00e1lia em partida hist\u00f3rica de Giroud"},"content":{"rendered":"\n<p>Doha (<a href=\"https:\/\/pre.efe.com\/pt-br\/\">EFE<\/a>).- Depois de sofrer um gol logo no in\u00edcio da partida, a Fran\u00e7a se recomp\u00f4s rapidamente para afastar qualquer possibilidade de &#8220;zebra&#8221; e goleou a Austr\u00e1lia por 4 a 1 nesta ter\u00e7a-feira, na estreia das duas sele\u00e7\u00f5es na Copa do Mundo do Qatar, com grande destaque para Olivier Giroud, que alcan\u00e7ou n\u00fameros hist\u00f3ricos pela sele\u00e7\u00e3o francesa.<\/p>\n\n\n\n<p>Craig Goodwin marcou o gol australiano no est\u00e1dio Al Janoub, em Al Wakrah, na partida v\u00e1lida pelo grupo D. Por\u00e9m, Adrien Rabiot empatou e deu a assist\u00eancia para Giroud decretar a virada ainda no primeiro tempo. Depois do intervalo, Kylian Mbapp\u00e9 balan\u00e7ou as redes e serviu o centroavante, que deu n\u00fameros finais \u00e0 partida.<\/p>\n\n\n\n<p>Se a les\u00e3o do atual vencedor da Bola de Ouro, Karim Benzema, era motivo de preocupa\u00e7\u00e3o antes da estreia na Copa do Mundo, Giroud fez o mundo se lembrar que a sele\u00e7\u00e3o francesa foi campe\u00e3 em 2018 sem o atacante do Real Madrid, mas com uma grande diferen\u00e7a: o centroavante n\u00e3o marcou nenhum gol na R\u00fassia.<\/p>\n\n\n\n<p>Com os dois gols marcados nesta ter\u00e7a-feira, al\u00e9m de se livrar do jejum, Giroud se tornou o maior artilheiro da hist\u00f3ria da sele\u00e7\u00e3o francesa, com 51 gols, empatado com Thierry Henry.<\/p>\n\n\n\n<p>Al\u00e9m do artilheiro, a vit\u00f3ria francesa contou com outros destaques. Rabiot supriu bem a aus\u00eancia do lesionado Paul Pogba na Copa do Mundo, Mbapp\u00e9 infernizou a zaga advers\u00e1ria pela ponta esquerdo, e Theo Hern\u00e1ndez, que substituiu o irm\u00e3o e tamb\u00e9m lateral-esquerdo Lucas Hern\u00e1ndez, que se machucou ao ser driblado no gol australiano.<\/p>\n\n\n\n<h2 class=\"wp-block-heading\">Susto antes do dom\u00ednio<\/h2>\n\n\n\n<p>A substitui\u00e7\u00e3o de Lucas Hern\u00e1ndez aconteceu logo ap\u00f3s o gol da Austr\u00e1lia. Aos nove minutos do primeiro tempo, Leckie dribou o lateral-esquerdo &#8211; que ficou no ch\u00e3o &#8211; e cruzou para Goodwin completar para o fundo das redes. A equipe australiana se portava bem na marca\u00e7\u00e3o e seguia cautelosa no ataque, mas levou perigo em chute de fora da \u00e1rea de Duke.<\/p>\n\n\n\n<p>Com a entrada de Theo, a Fran\u00e7a passou a subir melhor ao ataque, sempre pelo lado esquerdo, \u00e0s vezes com o lateral, outras com Mbapp\u00e9. O gol de empate saiu aos 27 minutos, quando Theo cruzou com precis\u00e3o para Rabiot escorar.<\/p>\n\n\n\n<p>A virada aconteceu pouco depois, aos 31 minutos, j\u00e1 na &#8220;blitz&#8221; francesa. Em vacilo da zaga australiana em meio \u00e0 marca\u00e7\u00e3o alta do advers\u00e1rio, Rabiot cruzou para Giroud marcar seu primeiro gol em uma edi\u00e7\u00e3o de Copa do Mundo.<\/p>\n\n\n\n<p>Com o placar a favor, a Fran\u00e7a deu continuidade \u00e0 press\u00e3o, mas n\u00e3o ampliou a vantagem por falta de pontaria. No entanto, a Austr\u00e1lia quase chegou ao empate antes do intervalo, ap\u00f3s Irvine acertar a trave em cabeceio.<\/p>\n\n\n\n<p>No segundo tempo, a Austr\u00e1lia pouco viu a bola. Com Mbapp\u00e9 ainda mais arisco, a zaga australiana teve muito trabalho para tentar parar as ofensivas do atacante do Paris Saint-Germain.<\/p>\n\n\n\n<p>Em bom momento na partida, Mbapp\u00e9 balan\u00e7ou as redes aos 13 minutos, ao cabecear ap\u00f3s cruzamento de Demb\u00e9l\u00e9. O quarto gol tamb\u00e9m foi de cabe\u00e7a, dessa vez com o camisa 10 cruzando para Giroud se eternizar como o maior artilheiro da sele\u00e7\u00e3o francesa.<\/p>\n\n\n\n<p>A vit\u00f3ria deixa a Fran\u00e7a na lideran\u00e7a do grupo D da Copa do Mundo no Qatar, com tr\u00eas pontos, enquanto a Austr\u00e1lia termina a primeira rodada na lanterna. Tun\u00edsia e Dinamarca, que empataram sem gols mais cedo, t\u00eam um ponto cada.<\/p>\n\n\n\n<h2 class=\"wp-block-heading\">Ficha t\u00e9cnica<\/h2>\n\n\n\n<p><strong>Fran\u00e7a:<\/strong> Lloris; Pavard, Konat\u00e9, Upamecano e Lucas Hern\u00e1ndez (Theo Hern\u00e1ndez); Rabiot, Tchouam\u00e9ni e Griezmann; Demb\u00e9l\u00e9, Mbapp\u00e9 e Giroud. T\u00e9cnico: Didier Deschamps.<\/p>\n\n\n\n<p><strong>Austr\u00e1lia:<\/strong> Ryan; Atkinson, Souttar, Rowles e Behich; Mooy, McGree, Irvine e Goodwin; Leckie e Duke. T\u00e9cnico: Graham Arnold.<\/p>\n\n\n\n<p><strong>\u00c1rbitro:<\/strong> Victor Gomes (AFS), auxiliado por Zakhele Siwela (AFS) e Souru Phatsoane (LES).<\/p>\n\n\n\n<p><strong>Gols:<\/strong> Rabiot, Giroud (2) e Mbapp\u00e9 (FRA); Goodwin (AUS).<\/p>\n\n\n\n<p><strong>Cart\u00f5es amarelos: <\/strong>Duke, Irvine e Mooy (AUS).<\/p>\n\n\n\n<p><strong>Est\u00e1dio:<\/strong> Al Janoub, em Al Wakrah. <a href=\"https:\/\/efs.efeservicios.com\/\">EFE<\/a><\/p>\n","protected":false},"excerpt":{"rendered":"<p>Doha (EFE).- Depois de sofrer um gol logo no in\u00edcio da partida, a Fran\u00e7a se recomp\u00f4s rapidamente para afastar qualquer possibilidade de &#8220;zebra&#8221; e goleou a Austr\u00e1lia por 4 a 1 nesta ter\u00e7a-feira, na estreia das duas sele\u00e7\u00f5es na Copa do Mundo do Qatar, com grande destaque para Olivier Giroud, que alcan\u00e7ou n\u00fameros hist\u00f3ricos pela &#8230; <a title=\"Fran\u00e7a afasta &#8220;zebra&#8221; e goleia Austr\u00e1lia em partida hist\u00f3rica de Giroud\" class=\"read-more\" href=\"https:\/\/pre.efe.com\/pt-br\/esportes\/2022-11-22\/franca-afasta-zebra-e-goleia-australia-em-partida-historica-de-giroud\/\" aria-label=\"Read more about Fran\u00e7a afasta &#8220;zebra&#8221; e goleia Austr\u00e1lia em partida hist\u00f3rica de Giroud\">Leia mais<\/a><\/p>\n","protected":false},"author":198164106,"featured_media":181781,"comment_status":"closed","ping_status":"closed","sticky":false,"template":"","format":"standard","meta":{"_acf_changed":false,"_jetpack_memberships_contains_paid_content":false,"footnotes":""},"categories":[121968,122141],"tags":[122363,124137,122364,122921],"class_list":["post-181779","post","type-post","status-publish","format-standard","has-post-thumbnail","hentry","category-esportes","category-portada","tag-copa-do-mundo","tag-franca","tag-futebol","tag-qatar","generate-columns","tablet-grid-50","mobile-grid-100","grid-parent","grid-50"],"acf":[],"yoast_head":"<!-- This site is optimized with the Yoast SEO Premium plugin v26.0 (Yoast SEO v27.5) - https:\/\/yoast.com\/product\/yoast-seo-premium-wordpress\/ -->\n<title>Fran\u00e7a afasta &quot;zebra&quot; e goleia Austr\u00e1lia em partida hist\u00f3rica de Giroud - EFE<\/title>\n<meta name=\"robots\" content=\"noindex, follow\" \/>\n<meta property=\"og:locale\" content=\"pt_BR\" \/>\n<meta property=\"og:type\" content=\"article\" \/>\n<meta property=\"og:title\" content=\"Fran\u00e7a afasta &quot;zebra&quot; e goleia Austr\u00e1lia em partida hist\u00f3rica de Giroud - EFE\" \/>\n<meta property=\"og:description\" content=\"Doha (EFE).- Depois de sofrer um gol logo no in\u00edcio da partida, a Fran\u00e7a se recomp\u00f4s rapidamente para afastar qualquer possibilidade de &#8220;zebra&#8221; e goleou a Austr\u00e1lia por 4 a 1 nesta ter\u00e7a-feira, na estreia das duas sele\u00e7\u00f5es na Copa do Mundo do Qatar, com grande destaque para Olivier Giroud, que alcan\u00e7ou n\u00fameros hist\u00f3ricos pela ... Leia mais\" \/>\n<meta property=\"og:url\" content=\"https:\/\/pre.efe.com\/pt-br\/esportes\/2022-11-22\/franca-afasta-zebra-e-goleia-australia-em-partida-historica-de-giroud\/\" \/>\n<meta property=\"og:site_name\" content=\"EFE Noticias\" \/>\n<meta property=\"article:publisher\" content=\"https:\/\/www.facebook.com\/AgenciaEFEnoticias\/\" \/>\n<meta property=\"article:published_time\" content=\"2022-11-22T16:11:00+00:00\" \/>\n<meta property=\"article:modified_time\" content=\"2022-11-23T00:20:30+00:00\" \/>\n<meta property=\"og:image\" content=\"https:\/\/i0.wp.com\/efe.com\/\/srv\/htdocs\/wp-content\/uploads\/2022\/11\/FRANCA.jpg?fit=900%2C600&ssl=1\" \/>\n\t<meta property=\"og:image:width\" content=\"900\" \/>\n\t<meta property=\"og:image:height\" content=\"600\" \/>\n\t<meta property=\"og:image:type\" content=\"image\/jpeg\" \/>\n<meta name=\"author\" content=\"anachain\" \/>\n<meta name=\"twitter:card\" content=\"summary_large_image\" \/>\n<meta name=\"twitter:creator\" content=\"@efenoticias\" \/>\n<meta name=\"twitter:site\" content=\"@efenoticias\" \/>\n<script type=\"application\/ld+json\" class=\"yoast-schema-graph\">{\"@context\":\"https:\\\/\\\/schema.org\",\"@graph\":[{\"@type\":\"NewsArticle\",\"@id\":\"https:\\\/\\\/pre.efe.com\\\/pt-br\\\/esportes\\\/2022-11-22\\\/franca-afasta-zebra-e-goleia-australia-em-partida-historica-de-giroud\\\/#article\",\"isPartOf\":{\"@id\":\"https:\\\/\\\/pre.efe.com\\\/pt-br\\\/esportes\\\/2022-11-22\\\/franca-afasta-zebra-e-goleia-australia-em-partida-historica-de-giroud\\\/\"},\"author\":{\"name\":\"anachain\",\"@id\":\"https:\\\/\\\/pre.efe.com\\\/pt-br\\\/#\\\/schema\\\/person\\\/b19f23f210db552768f68a4b552b004f\"},\"headline\":\"Fran\u00e7a afasta &#8220;zebra&#8221; e goleia Austr\u00e1lia em partida hist\u00f3rica de Giroud\",\"datePublished\":\"2022-11-22T16:11:00+00:00\",\"dateModified\":\"2022-11-23T00:20:30+00:00\",\"mainEntityOfPage\":{\"@id\":\"https:\\\/\\\/pre.efe.com\\\/pt-br\\\/esportes\\\/2022-11-22\\\/franca-afasta-zebra-e-goleia-australia-em-partida-historica-de-giroud\\\/\"},\"wordCount\":704,\"publisher\":{\"@id\":\"https:\\\/\\\/pre.efe.com\\\/pt-br\\\/#organization\"},\"image\":{\"@id\":\"https:\\\/\\\/pre.efe.com\\\/pt-br\\\/esportes\\\/2022-11-22\\\/franca-afasta-zebra-e-goleia-australia-em-partida-historica-de-giroud\\\/#primaryimage\"},\"thumbnailUrl\":\"https:\\\/\\\/pre.efe.com\\\/wp-content\\\/uploads\\\/2022\\\/11\\\/FRANCA.jpg\",\"keywords\":[\"Copa do Mundo\",\"Fran\u00e7a\",\"Futebol\",\"Qatar\"],\"articleSection\":[\"Esportes\",\"Portada\"],\"inLanguage\":\"pt-BR\",\"copyrightYear\":\"2022\",\"copyrightHolder\":{\"@id\":\"https:\\\/\\\/pre.efe.com\\\/#organization\"}},{\"@type\":[\"WebPage\",\"ItemPage\"],\"@id\":\"https:\\\/\\\/pre.efe.com\\\/pt-br\\\/esportes\\\/2022-11-22\\\/franca-afasta-zebra-e-goleia-australia-em-partida-historica-de-giroud\\\/\",\"url\":\"https:\\\/\\\/pre.efe.com\\\/pt-br\\\/esportes\\\/2022-11-22\\\/franca-afasta-zebra-e-goleia-australia-em-partida-historica-de-giroud\\\/\",\"name\":\"Fran\u00e7a afasta \\\"zebra\\\" e goleia Austr\u00e1lia em partida hist\u00f3rica de Giroud - EFE\",\"isPartOf\":{\"@id\":\"https:\\\/\\\/pre.efe.com\\\/pt-br\\\/#website\"},\"primaryImageOfPage\":{\"@id\":\"https:\\\/\\\/pre.efe.com\\\/pt-br\\\/esportes\\\/2022-11-22\\\/franca-afasta-zebra-e-goleia-australia-em-partida-historica-de-giroud\\\/#primaryimage\"},\"image\":{\"@id\":\"https:\\\/\\\/pre.efe.com\\\/pt-br\\\/esportes\\\/2022-11-22\\\/franca-afasta-zebra-e-goleia-australia-em-partida-historica-de-giroud\\\/#primaryimage\"},\"thumbnailUrl\":\"https:\\\/\\\/pre.efe.com\\\/wp-content\\\/uploads\\\/2022\\\/11\\\/FRANCA.jpg\",\"datePublished\":\"2022-11-22T16:11:00+00:00\",\"dateModified\":\"2022-11-23T00:20:30+00:00\",\"breadcrumb\":{\"@id\":\"https:\\\/\\\/pre.efe.com\\\/pt-br\\\/esportes\\\/2022-11-22\\\/franca-afasta-zebra-e-goleia-australia-em-partida-historica-de-giroud\\\/#breadcrumb\"},\"inLanguage\":\"pt-BR\",\"potentialAction\":[{\"@type\":\"ReadAction\",\"target\":[\"https:\\\/\\\/pre.efe.com\\\/pt-br\\\/esportes\\\/2022-11-22\\\/franca-afasta-zebra-e-goleia-australia-em-partida-historica-de-giroud\\\/\"]}]},{\"@type\":\"ImageObject\",\"inLanguage\":\"pt-BR\",\"@id\":\"https:\\\/\\\/pre.efe.com\\\/pt-br\\\/esportes\\\/2022-11-22\\\/franca-afasta-zebra-e-goleia-australia-em-partida-historica-de-giroud\\\/#primaryimage\",\"url\":\"https:\\\/\\\/pre.efe.com\\\/wp-content\\\/uploads\\\/2022\\\/11\\\/FRANCA.jpg\",\"contentUrl\":\"https:\\\/\\\/pre.efe.com\\\/wp-content\\\/uploads\\\/2022\\\/11\\\/FRANCA.jpg\",\"width\":900,\"height\":600,\"caption\":\"EFE\\\/LAURENT GILLIERON\"},{\"@type\":\"BreadcrumbList\",\"@id\":\"https:\\\/\\\/pre.efe.com\\\/pt-br\\\/esportes\\\/2022-11-22\\\/franca-afasta-zebra-e-goleia-australia-em-partida-historica-de-giroud\\\/#breadcrumb\",\"itemListElement\":[{\"@type\":\"ListItem\",\"position\":1,\"name\":\"Portada\",\"item\":\"https:\\\/\\\/pre.efe.com\\\/pt-br\\\/\"},{\"@type\":\"ListItem\",\"position\":2,\"name\":\"Fran\u00e7a afasta &#8220;zebra&#8221; e goleia Austr\u00e1lia em partida hist\u00f3rica de Giroud\"}]},{\"@type\":\"WebSite\",\"@id\":\"https:\\\/\\\/pre.efe.com\\\/pt-br\\\/#website\",\"url\":\"https:\\\/\\\/pre.efe.com\\\/pt-br\\\/\",\"name\":\"EFE Noticias\",\"description\":\"\",\"publisher\":{\"@id\":\"https:\\\/\\\/pre.efe.com\\\/pt-br\\\/#organization\"},\"potentialAction\":[{\"@type\":\"SearchAction\",\"target\":{\"@type\":\"EntryPoint\",\"urlTemplate\":\"https:\\\/\\\/pre.efe.com\\\/pt-br\\\/?s={search_term_string}\"},\"query-input\":{\"@type\":\"PropertyValueSpecification\",\"valueRequired\":true,\"valueName\":\"search_term_string\"}}],\"inLanguage\":\"pt-BR\"},{\"@type\":\"Organization\",\"@id\":\"https:\\\/\\\/pre.efe.com\\\/pt-br\\\/#organization\",\"name\":\"Agencia EFE\",\"url\":\"https:\\\/\\\/pre.efe.com\\\/pt-br\\\/\",\"logo\":{\"@type\":\"ImageObject\",\"inLanguage\":\"pt-BR\",\"@id\":\"https:\\\/\\\/pre.efe.com\\\/pt-br\\\/#\\\/schema\\\/logo\\\/image\\\/\",\"url\":\"https:\\\/\\\/pre.efe.com\\\/wp-content\\\/uploads\\\/2023\\\/06\\\/logo-efe-467.png\",\"contentUrl\":\"https:\\\/\\\/pre.efe.com\\\/wp-content\\\/uploads\\\/2023\\\/06\\\/logo-efe-467.png\",\"width\":467,\"height\":467,\"caption\":\"Agencia EFE\"},\"image\":{\"@id\":\"https:\\\/\\\/pre.efe.com\\\/pt-br\\\/#\\\/schema\\\/logo\\\/image\\\/\"},\"sameAs\":[\"https:\\\/\\\/www.facebook.com\\\/AgenciaEFEnoticias\\\/\",\"https:\\\/\\\/x.com\\\/efenoticias\",\"https:\\\/\\\/www.instagram.com\\\/efe_noticias\\\/\",\"http:\\\/\\\/www.youtube.com\\\/efe\"]},{\"@type\":\"Person\",\"@id\":\"https:\\\/\\\/pre.efe.com\\\/pt-br\\\/#\\\/schema\\\/person\\\/b19f23f210db552768f68a4b552b004f\",\"name\":\"anachain\",\"image\":{\"@type\":\"ImageObject\",\"inLanguage\":\"pt-BR\",\"@id\":\"https:\\\/\\\/secure.gravatar.com\\\/avatar\\\/30b83965911ef1108bb893c00bdd65c885f9890e1265ee04b02c3d5adc785d37?s=96&d=identicon&r=g\",\"url\":\"https:\\\/\\\/secure.gravatar.com\\\/avatar\\\/30b83965911ef1108bb893c00bdd65c885f9890e1265ee04b02c3d5adc785d37?s=96&d=identicon&r=g\",\"contentUrl\":\"https:\\\/\\\/secure.gravatar.com\\\/avatar\\\/30b83965911ef1108bb893c00bdd65c885f9890e1265ee04b02c3d5adc785d37?s=96&d=identicon&r=g\",\"caption\":\"anachain\"},\"url\":\"https:\\\/\\\/pre.efe.com\\\/pt-br\\\/autor\\\/anachain\\\/\"}]}<\/script>\n<!-- \/ Yoast SEO Premium plugin. -->","yoast_head_json":{"title":"Fran\u00e7a afasta \"zebra\" e goleia Austr\u00e1lia em partida hist\u00f3rica de Giroud - EFE","robots":{"index":"noindex","follow":"follow"},"og_locale":"pt_BR","og_type":"article","og_title":"Fran\u00e7a afasta \"zebra\" e goleia Austr\u00e1lia em partida hist\u00f3rica de Giroud - EFE","og_description":"Doha (EFE).- Depois de sofrer um gol logo no in\u00edcio da partida, a Fran\u00e7a se recomp\u00f4s rapidamente para afastar qualquer possibilidade de &#8220;zebra&#8221; e goleou a Austr\u00e1lia por 4 a 1 nesta ter\u00e7a-feira, na estreia das duas sele\u00e7\u00f5es na Copa do Mundo do Qatar, com grande destaque para Olivier Giroud, que alcan\u00e7ou n\u00fameros hist\u00f3ricos pela ... Leia mais","og_url":"https:\/\/pre.efe.com\/pt-br\/esportes\/2022-11-22\/franca-afasta-zebra-e-goleia-australia-em-partida-historica-de-giroud\/","og_site_name":"EFE Noticias","article_publisher":"https:\/\/www.facebook.com\/AgenciaEFEnoticias\/","article_published_time":"2022-11-22T16:11:00+00:00","article_modified_time":"2022-11-23T00:20:30+00:00","og_image":[{"width":900,"height":600,"url":"https:\/\/i0.wp.com\/efe.com\/\/srv\/htdocs\/wp-content\/uploads\/2022\/11\/FRANCA.jpg?fit=900%2C600&ssl=1","type":"image\/jpeg"}],"author":"anachain","twitter_card":"summary_large_image","twitter_creator":"@efenoticias","twitter_site":"@efenoticias","schema":{"@context":"https:\/\/schema.org","@graph":[{"@type":"NewsArticle","@id":"https:\/\/pre.efe.com\/pt-br\/esportes\/2022-11-22\/franca-afasta-zebra-e-goleia-australia-em-partida-historica-de-giroud\/#article","isPartOf":{"@id":"https:\/\/pre.efe.com\/pt-br\/esportes\/2022-11-22\/franca-afasta-zebra-e-goleia-australia-em-partida-historica-de-giroud\/"},"author":{"name":"anachain","@id":"https:\/\/pre.efe.com\/pt-br\/#\/schema\/person\/b19f23f210db552768f68a4b552b004f"},"headline":"Fran\u00e7a afasta &#8220;zebra&#8221; e goleia Austr\u00e1lia em partida hist\u00f3rica de Giroud","datePublished":"2022-11-22T16:11:00+00:00","dateModified":"2022-11-23T00:20:30+00:00","mainEntityOfPage":{"@id":"https:\/\/pre.efe.com\/pt-br\/esportes\/2022-11-22\/franca-afasta-zebra-e-goleia-australia-em-partida-historica-de-giroud\/"},"wordCount":704,"publisher":{"@id":"https:\/\/pre.efe.com\/pt-br\/#organization"},"image":{"@id":"https:\/\/pre.efe.com\/pt-br\/esportes\/2022-11-22\/franca-afasta-zebra-e-goleia-australia-em-partida-historica-de-giroud\/#primaryimage"},"thumbnailUrl":"https:\/\/pre.efe.com\/wp-content\/uploads\/2022\/11\/FRANCA.jpg","keywords":["Copa do Mundo","Fran\u00e7a","Futebol","Qatar"],"articleSection":["Esportes","Portada"],"inLanguage":"pt-BR","copyrightYear":"2022","copyrightHolder":{"@id":"https:\/\/pre.efe.com\/#organization"}},{"@type":["WebPage","ItemPage"],"@id":"https:\/\/pre.efe.com\/pt-br\/esportes\/2022-11-22\/franca-afasta-zebra-e-goleia-australia-em-partida-historica-de-giroud\/","url":"https:\/\/pre.efe.com\/pt-br\/esportes\/2022-11-22\/franca-afasta-zebra-e-goleia-australia-em-partida-historica-de-giroud\/","name":"Fran\u00e7a afasta \"zebra\" e goleia Austr\u00e1lia em partida hist\u00f3rica de Giroud - EFE","isPartOf":{"@id":"https:\/\/pre.efe.com\/pt-br\/#website"},"primaryImageOfPage":{"@id":"https:\/\/pre.efe.com\/pt-br\/esportes\/2022-11-22\/franca-afasta-zebra-e-goleia-australia-em-partida-historica-de-giroud\/#primaryimage"},"image":{"@id":"https:\/\/pre.efe.com\/pt-br\/esportes\/2022-11-22\/franca-afasta-zebra-e-goleia-australia-em-partida-historica-de-giroud\/#primaryimage"},"thumbnailUrl":"https:\/\/pre.efe.com\/wp-content\/uploads\/2022\/11\/FRANCA.jpg","datePublished":"2022-11-22T16:11:00+00:00","dateModified":"2022-11-23T00:20:30+00:00","breadcrumb":{"@id":"https:\/\/pre.efe.com\/pt-br\/esportes\/2022-11-22\/franca-afasta-zebra-e-goleia-australia-em-partida-historica-de-giroud\/#breadcrumb"},"inLanguage":"pt-BR","potentialAction":[{"@type":"ReadAction","target":["https:\/\/pre.efe.com\/pt-br\/esportes\/2022-11-22\/franca-afasta-zebra-e-goleia-australia-em-partida-historica-de-giroud\/"]}]},{"@type":"ImageObject","inLanguage":"pt-BR","@id":"https:\/\/pre.efe.com\/pt-br\/esportes\/2022-11-22\/franca-afasta-zebra-e-goleia-australia-em-partida-historica-de-giroud\/#primaryimage","url":"https:\/\/pre.efe.com\/wp-content\/uploads\/2022\/11\/FRANCA.jpg","contentUrl":"https:\/\/pre.efe.com\/wp-content\/uploads\/2022\/11\/FRANCA.jpg","width":900,"height":600,"caption":"EFE\/LAURENT GILLIERON"},{"@type":"BreadcrumbList","@id":"https:\/\/pre.efe.com\/pt-br\/esportes\/2022-11-22\/franca-afasta-zebra-e-goleia-australia-em-partida-historica-de-giroud\/#breadcrumb","itemListElement":[{"@type":"ListItem","position":1,"name":"Portada","item":"https:\/\/pre.efe.com\/pt-br\/"},{"@type":"ListItem","position":2,"name":"Fran\u00e7a afasta &#8220;zebra&#8221; e goleia Austr\u00e1lia em partida hist\u00f3rica de Giroud"}]},{"@type":"WebSite","@id":"https:\/\/pre.efe.com\/pt-br\/#website","url":"https:\/\/pre.efe.com\/pt-br\/","name":"EFE Noticias","description":"","publisher":{"@id":"https:\/\/pre.efe.com\/pt-br\/#organization"},"potentialAction":[{"@type":"SearchAction","target":{"@type":"EntryPoint","urlTemplate":"https:\/\/pre.efe.com\/pt-br\/?s={search_term_string}"},"query-input":{"@type":"PropertyValueSpecification","valueRequired":true,"valueName":"search_term_string"}}],"inLanguage":"pt-BR"},{"@type":"Organization","@id":"https:\/\/pre.efe.com\/pt-br\/#organization","name":"Agencia EFE","url":"https:\/\/pre.efe.com\/pt-br\/","logo":{"@type":"ImageObject","inLanguage":"pt-BR","@id":"https:\/\/pre.efe.com\/pt-br\/#\/schema\/logo\/image\/","url":"https:\/\/pre.efe.com\/wp-content\/uploads\/2023\/06\/logo-efe-467.png","contentUrl":"https:\/\/pre.efe.com\/wp-content\/uploads\/2023\/06\/logo-efe-467.png","width":467,"height":467,"caption":"Agencia EFE"},"image":{"@id":"https:\/\/pre.efe.com\/pt-br\/#\/schema\/logo\/image\/"},"sameAs":["https:\/\/www.facebook.com\/AgenciaEFEnoticias\/","https:\/\/x.com\/efenoticias","https:\/\/www.instagram.com\/efe_noticias\/","http:\/\/www.youtube.com\/efe"]},{"@type":"Person","@id":"https:\/\/pre.efe.com\/pt-br\/#\/schema\/person\/b19f23f210db552768f68a4b552b004f","name":"anachain","image":{"@type":"ImageObject","inLanguage":"pt-BR","@id":"https:\/\/secure.gravatar.com\/avatar\/30b83965911ef1108bb893c00bdd65c885f9890e1265ee04b02c3d5adc785d37?s=96&d=identicon&r=g","url":"https:\/\/secure.gravatar.com\/avatar\/30b83965911ef1108bb893c00bdd65c885f9890e1265ee04b02c3d5adc785d37?s=96&d=identicon&r=g","contentUrl":"https:\/\/secure.gravatar.com\/avatar\/30b83965911ef1108bb893c00bdd65c885f9890e1265ee04b02c3d5adc785d37?s=96&d=identicon&r=g","caption":"anachain"},"url":"https:\/\/pre.efe.com\/pt-br\/autor\/anachain\/"}]}},"jetpack_featured_media_url":"https:\/\/pre.efe.com\/wp-content\/uploads\/2022\/11\/FRANCA.jpg","jetpack_shortlink":"https:\/\/wp.me\/peJvHm-LhV","jetpack_sharing_enabled":true,"_links":{"self":[{"href":"https:\/\/pre.efe.com\/pt-br\/wp-json\/wp\/v2\/posts\/181779","targetHints":{"allow":["GET"]}}],"collection":[{"href":"https:\/\/pre.efe.com\/pt-br\/wp-json\/wp\/v2\/posts"}],"about":[{"href":"https:\/\/pre.efe.com\/pt-br\/wp-json\/wp\/v2\/types\/post"}],"author":[{"embeddable":true,"href":"https:\/\/pre.efe.com\/pt-br\/wp-json\/wp\/v2\/users\/198164106"}],"replies":[{"embeddable":true,"href":"https:\/\/pre.efe.com\/pt-br\/wp-json\/wp\/v2\/comments?post=181779"}],"version-history":[{"count":2,"href":"https:\/\/pre.efe.com\/pt-br\/wp-json\/wp\/v2\/posts\/181779\/revisions"}],"predecessor-version":[{"id":181784,"href":"https:\/\/pre.efe.com\/pt-br\/wp-json\/wp\/v2\/posts\/181779\/revisions\/181784"}],"wp:featuredmedia":[{"embeddable":true,"href":"https:\/\/pre.efe.com\/pt-br\/wp-json\/wp\/v2\/media\/181781"}],"wp:attachment":[{"href":"https:\/\/pre.efe.com\/pt-br\/wp-json\/wp\/v2\/media?parent=181779"}],"wp:term":[{"taxonomy":"category","embeddable":true,"href":"https:\/\/pre.efe.com\/pt-br\/wp-json\/wp\/v2\/categories?post=181779"},{"taxonomy":"post_tag","embeddable":true,"href":"https:\/\/pre.efe.com\/pt-br\/wp-json\/wp\/v2\/tags?post=181779"}],"curies":[{"name":"wp","href":"https:\/\/api.w.org\/{rel}","templated":true}]}}