{"id":1834382,"date":"2025-04-25T19:28:02","date_gmt":"2025-04-25T17:28:02","guid":{"rendered":"https:\/\/pre.efe.com\/?p=1834382"},"modified":"2025-04-25T19:28:04","modified_gmt":"2025-04-25T17:28:04","slug":"o-protocolo-do-funeral-do-papa-francisco-uma-delicada-tarefa-diplomatica","status":"publish","type":"post","link":"https:\/\/pre.efe.com\/pt-br\/mundo-2\/2025-04-25\/o-protocolo-do-funeral-do-papa-francisco-uma-delicada-tarefa-diplomatica\/","title":{"rendered":"O protocolo do funeral do papa Francisco, uma delicada tarefa diplom\u00e1tica"},"content":{"rendered":"\n<p>Cidade do Vaticano (EFE).- O r\u00edgido protocolo para o funeral do papa Francisco neste s\u00e1bado, onde s\u00e3o esperados mais de 130 delega\u00e7\u00f5es internacionais, 50 chefes de Estado e dez monarcas, exige um delicado esfor\u00e7o diplom\u00e1tico para evitar situa\u00e7\u00f5es de conflito.<\/p>\n\n\n\n<p>O porta-voz do Vaticano, Matteo Bruni, confirmou a presen\u00e7a de 130 delega\u00e7\u00f5es, mas o n\u00famero pode aumentar ao longo do dia, e alguns meios de comunica\u00e7\u00e3o falam em at\u00e9 170, que chegar\u00e3o ao longo da tarde desta sexta-feira.<\/p>\n\n\n\n<p>As delega\u00e7\u00f5es entrar\u00e3o pelos muros do Vaticano pela Porta do Perugino, onde estacionar\u00e3o seus carros e seguir\u00e3o para a Pra\u00e7a de S\u00e3o Pedro, onde entrar\u00e3o por uma passagem lateral e ser\u00e3o recebidos pelo prefeito da Casa Pontif\u00edcia, Leonardo Sapienza, antes de serem escoltados at\u00e9 suas posi\u00e7\u00f5es pela equipe do cerimonial papal.<\/p>\n\n\n\n<p>As delega\u00e7\u00f5es internacionais ficar\u00e3o no lado direito da pra\u00e7a, enquanto os cardeais ficar\u00e3o no lado esquerdo.<\/p>\n\n\n\n<p>O protocolo do Vaticano, que foi duramente testado durante o funeral de Bento XVI e a multitudin\u00e1ria despedida de Jo\u00e3o Paulo II &#8211; que contou com a presen\u00e7a de 80 chefes de Estado ou de governo -, indica que as primeiras fileiras s\u00e3o reservadas aos chefes de Estado, mas com prioridade para a delega\u00e7\u00e3o italiana, a maior com a presen\u00e7a do presidente, Sergio Mattarella, e da primeira-ministra, Giorgia Meloni; e a delega\u00e7\u00e3o argentina, pa\u00eds natal de Francisco, chefiada por Javier Milei.<\/p>\n\n\n\n<p>As primeiras fileiras tamb\u00e9m s\u00e3o dedicadas \u00e0s casas reais cat\u00f3licas, de modo que o rei e a rainha da Espanha ser\u00e3o colocados nessa posi\u00e7\u00e3o ao lado dos outros monarcas que anunciaram sua presen\u00e7a, entre eles os de B\u00e9lgica, Luxemburgo e M\u00f4naco.<\/p>\n\n\n\n<p>Em seguida estar\u00e3o monarcas n\u00e3o cat\u00f3licos, como Carl Gustav e a rainha Silvia da Su\u00e9cia e o pr\u00edncipe William da Inglaterra.<\/p>\n\n\n\n<p>Em seguida, vem o complicado jogo diplom\u00e1tico de presidentes, seguindo a ordem alfab\u00e9tica francesa. Donald Trump, junto com sua esposa Melania, estar\u00e1 na mesma fileira que o franc\u00eas Emmanuel Macron, mas muito afastado do ucraniano Volodymyr Zelensky, que pretendia conversar com o presidente americano, mas n\u00e3o ser\u00e1 uma tarefa f\u00e1cil, j\u00e1 que o republicano pretende retornar ao seu pa\u00eds imediatamente ap\u00f3s a missa.<\/p>\n\n\n\n<p>Nas primeiras fileiras estar\u00e3o tamb\u00e9m o secret\u00e1rio-geral das Na\u00e7\u00f5es Unidas, Ant\u00f3nio Guterres, e representantes da Uni\u00e3o Europeia &#8211; com os presidentes do Conselho, da Comiss\u00e3o e do Parlamento, Ant\u00f3nio Costa, Ursula von der Leyen e Roberta Metsola.<\/p>\n\n\n\n<p>Entre os chefes de Estado mais pr\u00f3ximos do altar, ainda na primeira fila, estar\u00e3o os alem\u00e3es e austr\u00edacos, Frank Walter Steinmeier e Alexander van der Bellen, com os seus hom\u00f3logos da Alb\u00e2nia, Bajram Begaj, e de Angola, Jo\u00e3o Manuel Gon\u00e7alves Louren\u00e7o.<\/p>\n\n\n\n<p>O presidente Luiz In\u00e1cio Lula da Silva estar\u00e1 na mesma \u00e1rea, juntamente com a governadora-geral do Canad\u00e1, Mary Simon, os chefes de Estado de Cabo Verde e Chipre, Jos\u00e9 Maria Pereira Neves e Nikos Christodoulides, e o presidente do Equador, Daniel Noboa.<\/p>\n\n\n\n<p>Um enigma ser\u00e1 se o ex-presidente dos EUA Joe Biden, que confirmou sua presen\u00e7a em Roma ontem devido \u00e0 sua estreita rela\u00e7\u00e3o com o papa Francisco, ser\u00e1 inclu\u00eddo na delega\u00e7\u00e3o, mas o certo \u00e9 que estar\u00e1 atr\u00e1s de Trump.<\/p>\n\n\n\n<p>Na terceira fila estar\u00e3o ministros, outros membros das delega\u00e7\u00f5es e embaixadores, como Yaron Sideman, representante de Israel junto \u00e0 Santa S\u00e9. EFE<\/p>\n","protected":false},"excerpt":{"rendered":"<p>Cidade do Vaticano (EFE).- O r\u00edgido protocolo para o funeral do papa Francisco neste s\u00e1bado, onde s\u00e3o esperados mais de 130 delega\u00e7\u00f5es internacionais, 50 chefes de Estado e dez monarcas, exige um delicado esfor\u00e7o diplom\u00e1tico para evitar situa\u00e7\u00f5es de conflito. O porta-voz do Vaticano, Matteo Bruni, confirmou a presen\u00e7a de 130 delega\u00e7\u00f5es, mas o n\u00famero &#8230; <a title=\"O protocolo do funeral do papa Francisco, uma delicada tarefa diplom\u00e1tica\" class=\"read-more\" href=\"https:\/\/pre.efe.com\/pt-br\/mundo-2\/2025-04-25\/o-protocolo-do-funeral-do-papa-francisco-uma-delicada-tarefa-diplomatica\/\" aria-label=\"Read more about O protocolo do funeral do papa Francisco, uma delicada tarefa diplom\u00e1tica\">Leia mais<\/a><\/p>\n","protected":false},"author":198164106,"featured_media":1834157,"comment_status":"closed","ping_status":"closed","sticky":false,"template":"","format":"standard","meta":{"_acf_changed":false,"_jetpack_memberships_contains_paid_content":false,"footnotes":""},"categories":[123208,122141],"tags":[124845,125155,122485,128478],"class_list":["post-1834382","post","type-post","status-publish","format-standard","has-post-thumbnail","hentry","category-mundo-2","category-portada","tag-governo","tag-papa-2","tag-religiao","tag-vaticano","generate-columns","tablet-grid-50","mobile-grid-100","grid-parent","grid-50"],"acf":[],"yoast_head":"<!-- This site is optimized with the Yoast SEO Premium plugin v26.0 (Yoast SEO v27.4) - https:\/\/yoast.com\/product\/yoast-seo-premium-wordpress\/ -->\n<title>O protocolo do funeral do papa Francisco, uma delicada tarefa diplom\u00e1tica - EFE<\/title>\n<meta name=\"robots\" content=\"noindex, follow\" \/>\n<meta property=\"og:locale\" content=\"pt_BR\" \/>\n<meta property=\"og:type\" content=\"article\" \/>\n<meta property=\"og:title\" content=\"O protocolo do funeral do papa Francisco, uma delicada tarefa diplom\u00e1tica - EFE\" \/>\n<meta property=\"og:description\" content=\"Cidade do Vaticano (EFE).- O r\u00edgido protocolo para o funeral do papa Francisco neste s\u00e1bado, onde s\u00e3o esperados mais de 130 delega\u00e7\u00f5es internacionais, 50 chefes de Estado e dez monarcas, exige um delicado esfor\u00e7o diplom\u00e1tico para evitar situa\u00e7\u00f5es de conflito. O porta-voz do Vaticano, Matteo Bruni, confirmou a presen\u00e7a de 130 delega\u00e7\u00f5es, mas o n\u00famero ... Leia mais\" \/>\n<meta property=\"og:url\" content=\"https:\/\/pre.efe.com\/pt-br\/mundo-2\/2025-04-25\/o-protocolo-do-funeral-do-papa-francisco-uma-delicada-tarefa-diplomatica\/\" \/>\n<meta property=\"og:site_name\" content=\"EFE Noticias\" \/>\n<meta property=\"article:publisher\" content=\"https:\/\/www.facebook.com\/AgenciaEFEnoticias\/\" \/>\n<meta property=\"article:published_time\" content=\"2025-04-25T17:28:02+00:00\" \/>\n<meta property=\"article:modified_time\" content=\"2025-04-25T17:28:04+00:00\" \/>\n<meta property=\"og:image\" content=\"https:\/\/pre.efe.com\/wp-content\/uploads\/2025\/04\/VAT104-VATICAN-POPE-FRANCIS-1.webp\" \/>\n\t<meta property=\"og:image:width\" content=\"900\" \/>\n\t<meta property=\"og:image:height\" content=\"600\" \/>\n\t<meta property=\"og:image:type\" content=\"image\/jpeg\" \/>\n<meta name=\"author\" content=\"anachain\" \/>\n<meta name=\"twitter:card\" content=\"summary_large_image\" \/>\n<meta name=\"twitter:creator\" content=\"@efenoticias\" \/>\n<meta name=\"twitter:site\" content=\"@efenoticias\" \/>\n<script type=\"application\/ld+json\" class=\"yoast-schema-graph\">{\"@context\":\"https:\\\/\\\/schema.org\",\"@graph\":[{\"@type\":\"NewsArticle\",\"@id\":\"https:\\\/\\\/pre.efe.com\\\/pt-br\\\/mundo-2\\\/2025-04-25\\\/o-protocolo-do-funeral-do-papa-francisco-uma-delicada-tarefa-diplomatica\\\/#article\",\"isPartOf\":{\"@id\":\"https:\\\/\\\/pre.efe.com\\\/pt-br\\\/mundo-2\\\/2025-04-25\\\/o-protocolo-do-funeral-do-papa-francisco-uma-delicada-tarefa-diplomatica\\\/\"},\"author\":{\"name\":\"anachain\",\"@id\":\"https:\\\/\\\/pre.efe.com\\\/pt-br\\\/#\\\/schema\\\/person\\\/b19f23f210db552768f68a4b552b004f\"},\"headline\":\"O protocolo do funeral do papa Francisco, uma delicada tarefa diplom\u00e1tica\",\"datePublished\":\"2025-04-25T17:28:02+00:00\",\"dateModified\":\"2025-04-25T17:28:04+00:00\",\"mainEntityOfPage\":{\"@id\":\"https:\\\/\\\/pre.efe.com\\\/pt-br\\\/mundo-2\\\/2025-04-25\\\/o-protocolo-do-funeral-do-papa-francisco-uma-delicada-tarefa-diplomatica\\\/\"},\"wordCount\":616,\"publisher\":{\"@id\":\"https:\\\/\\\/pre.efe.com\\\/pt-br\\\/#organization\"},\"image\":{\"@id\":\"https:\\\/\\\/pre.efe.com\\\/pt-br\\\/mundo-2\\\/2025-04-25\\\/o-protocolo-do-funeral-do-papa-francisco-uma-delicada-tarefa-diplomatica\\\/#primaryimage\"},\"thumbnailUrl\":\"https:\\\/\\\/pre.efe.com\\\/wp-content\\\/uploads\\\/2025\\\/04\\\/VAT104-VATICAN-POPE-FRANCIS-1.webp\",\"keywords\":[\"Governo\",\"Papa\",\"Religi\u00e3o\",\"Vaticano\"],\"articleSection\":[\"Mundo\",\"Portada\"],\"inLanguage\":\"pt-BR\",\"copyrightYear\":\"2025\",\"copyrightHolder\":{\"@id\":\"https:\\\/\\\/pre.efe.com\\\/#organization\"}},{\"@type\":[\"WebPage\",\"ItemPage\"],\"@id\":\"https:\\\/\\\/pre.efe.com\\\/pt-br\\\/mundo-2\\\/2025-04-25\\\/o-protocolo-do-funeral-do-papa-francisco-uma-delicada-tarefa-diplomatica\\\/\",\"url\":\"https:\\\/\\\/pre.efe.com\\\/pt-br\\\/mundo-2\\\/2025-04-25\\\/o-protocolo-do-funeral-do-papa-francisco-uma-delicada-tarefa-diplomatica\\\/\",\"name\":\"O protocolo do funeral do papa Francisco, uma delicada tarefa diplom\u00e1tica - EFE\",\"isPartOf\":{\"@id\":\"https:\\\/\\\/pre.efe.com\\\/pt-br\\\/#website\"},\"primaryImageOfPage\":{\"@id\":\"https:\\\/\\\/pre.efe.com\\\/pt-br\\\/mundo-2\\\/2025-04-25\\\/o-protocolo-do-funeral-do-papa-francisco-uma-delicada-tarefa-diplomatica\\\/#primaryimage\"},\"image\":{\"@id\":\"https:\\\/\\\/pre.efe.com\\\/pt-br\\\/mundo-2\\\/2025-04-25\\\/o-protocolo-do-funeral-do-papa-francisco-uma-delicada-tarefa-diplomatica\\\/#primaryimage\"},\"thumbnailUrl\":\"https:\\\/\\\/pre.efe.com\\\/wp-content\\\/uploads\\\/2025\\\/04\\\/VAT104-VATICAN-POPE-FRANCIS-1.webp\",\"datePublished\":\"2025-04-25T17:28:02+00:00\",\"dateModified\":\"2025-04-25T17:28:04+00:00\",\"breadcrumb\":{\"@id\":\"https:\\\/\\\/pre.efe.com\\\/pt-br\\\/mundo-2\\\/2025-04-25\\\/o-protocolo-do-funeral-do-papa-francisco-uma-delicada-tarefa-diplomatica\\\/#breadcrumb\"},\"inLanguage\":\"pt-BR\",\"potentialAction\":[{\"@type\":\"ReadAction\",\"target\":[\"https:\\\/\\\/pre.efe.com\\\/pt-br\\\/mundo-2\\\/2025-04-25\\\/o-protocolo-do-funeral-do-papa-francisco-uma-delicada-tarefa-diplomatica\\\/\"]}]},{\"@type\":\"ImageObject\",\"inLanguage\":\"pt-BR\",\"@id\":\"https:\\\/\\\/pre.efe.com\\\/pt-br\\\/mundo-2\\\/2025-04-25\\\/o-protocolo-do-funeral-do-papa-francisco-uma-delicada-tarefa-diplomatica\\\/#primaryimage\",\"url\":\"https:\\\/\\\/pre.efe.com\\\/wp-content\\\/uploads\\\/2025\\\/04\\\/VAT104-VATICAN-POPE-FRANCIS-1.webp\",\"contentUrl\":\"https:\\\/\\\/pre.efe.com\\\/wp-content\\\/uploads\\\/2025\\\/04\\\/VAT104-VATICAN-POPE-FRANCIS-1.webp\",\"width\":900,\"height\":600,\"caption\":\"EFE\\\/ALESSANDRO DI MEO\\\/POOL\"},{\"@type\":\"BreadcrumbList\",\"@id\":\"https:\\\/\\\/pre.efe.com\\\/pt-br\\\/mundo-2\\\/2025-04-25\\\/o-protocolo-do-funeral-do-papa-francisco-uma-delicada-tarefa-diplomatica\\\/#breadcrumb\",\"itemListElement\":[{\"@type\":\"ListItem\",\"position\":1,\"name\":\"Portada\",\"item\":\"https:\\\/\\\/pre.efe.com\\\/pt-br\\\/\"},{\"@type\":\"ListItem\",\"position\":2,\"name\":\"O protocolo do funeral do papa Francisco, uma delicada tarefa diplom\u00e1tica\"}]},{\"@type\":\"WebSite\",\"@id\":\"https:\\\/\\\/pre.efe.com\\\/pt-br\\\/#website\",\"url\":\"https:\\\/\\\/pre.efe.com\\\/pt-br\\\/\",\"name\":\"EFE Noticias\",\"description\":\"\",\"publisher\":{\"@id\":\"https:\\\/\\\/pre.efe.com\\\/pt-br\\\/#organization\"},\"potentialAction\":[{\"@type\":\"SearchAction\",\"target\":{\"@type\":\"EntryPoint\",\"urlTemplate\":\"https:\\\/\\\/pre.efe.com\\\/pt-br\\\/?s={search_term_string}\"},\"query-input\":{\"@type\":\"PropertyValueSpecification\",\"valueRequired\":true,\"valueName\":\"search_term_string\"}}],\"inLanguage\":\"pt-BR\"},{\"@type\":\"Organization\",\"@id\":\"https:\\\/\\\/pre.efe.com\\\/pt-br\\\/#organization\",\"name\":\"Agencia EFE\",\"url\":\"https:\\\/\\\/pre.efe.com\\\/pt-br\\\/\",\"logo\":{\"@type\":\"ImageObject\",\"inLanguage\":\"pt-BR\",\"@id\":\"https:\\\/\\\/pre.efe.com\\\/pt-br\\\/#\\\/schema\\\/logo\\\/image\\\/\",\"url\":\"https:\\\/\\\/pre.efe.com\\\/wp-content\\\/uploads\\\/2023\\\/06\\\/logo-efe-467.png\",\"contentUrl\":\"https:\\\/\\\/pre.efe.com\\\/wp-content\\\/uploads\\\/2023\\\/06\\\/logo-efe-467.png\",\"width\":467,\"height\":467,\"caption\":\"Agencia EFE\"},\"image\":{\"@id\":\"https:\\\/\\\/pre.efe.com\\\/pt-br\\\/#\\\/schema\\\/logo\\\/image\\\/\"},\"sameAs\":[\"https:\\\/\\\/www.facebook.com\\\/AgenciaEFEnoticias\\\/\",\"https:\\\/\\\/x.com\\\/efenoticias\",\"https:\\\/\\\/www.instagram.com\\\/efe_noticias\\\/\",\"http:\\\/\\\/www.youtube.com\\\/efe\"]},{\"@type\":\"Person\",\"@id\":\"https:\\\/\\\/pre.efe.com\\\/pt-br\\\/#\\\/schema\\\/person\\\/b19f23f210db552768f68a4b552b004f\",\"name\":\"anachain\",\"image\":{\"@type\":\"ImageObject\",\"inLanguage\":\"pt-BR\",\"@id\":\"https:\\\/\\\/secure.gravatar.com\\\/avatar\\\/30b83965911ef1108bb893c00bdd65c885f9890e1265ee04b02c3d5adc785d37?s=96&d=identicon&r=g\",\"url\":\"https:\\\/\\\/secure.gravatar.com\\\/avatar\\\/30b83965911ef1108bb893c00bdd65c885f9890e1265ee04b02c3d5adc785d37?s=96&d=identicon&r=g\",\"contentUrl\":\"https:\\\/\\\/secure.gravatar.com\\\/avatar\\\/30b83965911ef1108bb893c00bdd65c885f9890e1265ee04b02c3d5adc785d37?s=96&d=identicon&r=g\",\"caption\":\"anachain\"},\"url\":\"https:\\\/\\\/pre.efe.com\\\/pt-br\\\/autor\\\/anachain\\\/\"}]}<\/script>\n<!-- \/ Yoast SEO Premium plugin. -->","yoast_head_json":{"title":"O protocolo do funeral do papa Francisco, uma delicada tarefa diplom\u00e1tica - EFE","robots":{"index":"noindex","follow":"follow"},"og_locale":"pt_BR","og_type":"article","og_title":"O protocolo do funeral do papa Francisco, uma delicada tarefa diplom\u00e1tica - EFE","og_description":"Cidade do Vaticano (EFE).- O r\u00edgido protocolo para o funeral do papa Francisco neste s\u00e1bado, onde s\u00e3o esperados mais de 130 delega\u00e7\u00f5es internacionais, 50 chefes de Estado e dez monarcas, exige um delicado esfor\u00e7o diplom\u00e1tico para evitar situa\u00e7\u00f5es de conflito. O porta-voz do Vaticano, Matteo Bruni, confirmou a presen\u00e7a de 130 delega\u00e7\u00f5es, mas o n\u00famero ... Leia mais","og_url":"https:\/\/pre.efe.com\/pt-br\/mundo-2\/2025-04-25\/o-protocolo-do-funeral-do-papa-francisco-uma-delicada-tarefa-diplomatica\/","og_site_name":"EFE Noticias","article_publisher":"https:\/\/www.facebook.com\/AgenciaEFEnoticias\/","article_published_time":"2025-04-25T17:28:02+00:00","article_modified_time":"2025-04-25T17:28:04+00:00","og_image":[{"width":900,"height":600,"url":"https:\/\/pre.efe.com\/wp-content\/uploads\/2025\/04\/VAT104-VATICAN-POPE-FRANCIS-1.webp","type":"image\/jpeg"}],"author":"anachain","twitter_card":"summary_large_image","twitter_creator":"@efenoticias","twitter_site":"@efenoticias","schema":{"@context":"https:\/\/schema.org","@graph":[{"@type":"NewsArticle","@id":"https:\/\/pre.efe.com\/pt-br\/mundo-2\/2025-04-25\/o-protocolo-do-funeral-do-papa-francisco-uma-delicada-tarefa-diplomatica\/#article","isPartOf":{"@id":"https:\/\/pre.efe.com\/pt-br\/mundo-2\/2025-04-25\/o-protocolo-do-funeral-do-papa-francisco-uma-delicada-tarefa-diplomatica\/"},"author":{"name":"anachain","@id":"https:\/\/pre.efe.com\/pt-br\/#\/schema\/person\/b19f23f210db552768f68a4b552b004f"},"headline":"O protocolo do funeral do papa Francisco, uma delicada tarefa diplom\u00e1tica","datePublished":"2025-04-25T17:28:02+00:00","dateModified":"2025-04-25T17:28:04+00:00","mainEntityOfPage":{"@id":"https:\/\/pre.efe.com\/pt-br\/mundo-2\/2025-04-25\/o-protocolo-do-funeral-do-papa-francisco-uma-delicada-tarefa-diplomatica\/"},"wordCount":616,"publisher":{"@id":"https:\/\/pre.efe.com\/pt-br\/#organization"},"image":{"@id":"https:\/\/pre.efe.com\/pt-br\/mundo-2\/2025-04-25\/o-protocolo-do-funeral-do-papa-francisco-uma-delicada-tarefa-diplomatica\/#primaryimage"},"thumbnailUrl":"https:\/\/pre.efe.com\/wp-content\/uploads\/2025\/04\/VAT104-VATICAN-POPE-FRANCIS-1.webp","keywords":["Governo","Papa","Religi\u00e3o","Vaticano"],"articleSection":["Mundo","Portada"],"inLanguage":"pt-BR","copyrightYear":"2025","copyrightHolder":{"@id":"https:\/\/pre.efe.com\/#organization"}},{"@type":["WebPage","ItemPage"],"@id":"https:\/\/pre.efe.com\/pt-br\/mundo-2\/2025-04-25\/o-protocolo-do-funeral-do-papa-francisco-uma-delicada-tarefa-diplomatica\/","url":"https:\/\/pre.efe.com\/pt-br\/mundo-2\/2025-04-25\/o-protocolo-do-funeral-do-papa-francisco-uma-delicada-tarefa-diplomatica\/","name":"O protocolo do funeral do papa Francisco, uma delicada tarefa diplom\u00e1tica - EFE","isPartOf":{"@id":"https:\/\/pre.efe.com\/pt-br\/#website"},"primaryImageOfPage":{"@id":"https:\/\/pre.efe.com\/pt-br\/mundo-2\/2025-04-25\/o-protocolo-do-funeral-do-papa-francisco-uma-delicada-tarefa-diplomatica\/#primaryimage"},"image":{"@id":"https:\/\/pre.efe.com\/pt-br\/mundo-2\/2025-04-25\/o-protocolo-do-funeral-do-papa-francisco-uma-delicada-tarefa-diplomatica\/#primaryimage"},"thumbnailUrl":"https:\/\/pre.efe.com\/wp-content\/uploads\/2025\/04\/VAT104-VATICAN-POPE-FRANCIS-1.webp","datePublished":"2025-04-25T17:28:02+00:00","dateModified":"2025-04-25T17:28:04+00:00","breadcrumb":{"@id":"https:\/\/pre.efe.com\/pt-br\/mundo-2\/2025-04-25\/o-protocolo-do-funeral-do-papa-francisco-uma-delicada-tarefa-diplomatica\/#breadcrumb"},"inLanguage":"pt-BR","potentialAction":[{"@type":"ReadAction","target":["https:\/\/pre.efe.com\/pt-br\/mundo-2\/2025-04-25\/o-protocolo-do-funeral-do-papa-francisco-uma-delicada-tarefa-diplomatica\/"]}]},{"@type":"ImageObject","inLanguage":"pt-BR","@id":"https:\/\/pre.efe.com\/pt-br\/mundo-2\/2025-04-25\/o-protocolo-do-funeral-do-papa-francisco-uma-delicada-tarefa-diplomatica\/#primaryimage","url":"https:\/\/pre.efe.com\/wp-content\/uploads\/2025\/04\/VAT104-VATICAN-POPE-FRANCIS-1.webp","contentUrl":"https:\/\/pre.efe.com\/wp-content\/uploads\/2025\/04\/VAT104-VATICAN-POPE-FRANCIS-1.webp","width":900,"height":600,"caption":"EFE\/ALESSANDRO DI MEO\/POOL"},{"@type":"BreadcrumbList","@id":"https:\/\/pre.efe.com\/pt-br\/mundo-2\/2025-04-25\/o-protocolo-do-funeral-do-papa-francisco-uma-delicada-tarefa-diplomatica\/#breadcrumb","itemListElement":[{"@type":"ListItem","position":1,"name":"Portada","item":"https:\/\/pre.efe.com\/pt-br\/"},{"@type":"ListItem","position":2,"name":"O protocolo do funeral do papa Francisco, uma delicada tarefa diplom\u00e1tica"}]},{"@type":"WebSite","@id":"https:\/\/pre.efe.com\/pt-br\/#website","url":"https:\/\/pre.efe.com\/pt-br\/","name":"EFE Noticias","description":"","publisher":{"@id":"https:\/\/pre.efe.com\/pt-br\/#organization"},"potentialAction":[{"@type":"SearchAction","target":{"@type":"EntryPoint","urlTemplate":"https:\/\/pre.efe.com\/pt-br\/?s={search_term_string}"},"query-input":{"@type":"PropertyValueSpecification","valueRequired":true,"valueName":"search_term_string"}}],"inLanguage":"pt-BR"},{"@type":"Organization","@id":"https:\/\/pre.efe.com\/pt-br\/#organization","name":"Agencia EFE","url":"https:\/\/pre.efe.com\/pt-br\/","logo":{"@type":"ImageObject","inLanguage":"pt-BR","@id":"https:\/\/pre.efe.com\/pt-br\/#\/schema\/logo\/image\/","url":"https:\/\/pre.efe.com\/wp-content\/uploads\/2023\/06\/logo-efe-467.png","contentUrl":"https:\/\/pre.efe.com\/wp-content\/uploads\/2023\/06\/logo-efe-467.png","width":467,"height":467,"caption":"Agencia EFE"},"image":{"@id":"https:\/\/pre.efe.com\/pt-br\/#\/schema\/logo\/image\/"},"sameAs":["https:\/\/www.facebook.com\/AgenciaEFEnoticias\/","https:\/\/x.com\/efenoticias","https:\/\/www.instagram.com\/efe_noticias\/","http:\/\/www.youtube.com\/efe"]},{"@type":"Person","@id":"https:\/\/pre.efe.com\/pt-br\/#\/schema\/person\/b19f23f210db552768f68a4b552b004f","name":"anachain","image":{"@type":"ImageObject","inLanguage":"pt-BR","@id":"https:\/\/secure.gravatar.com\/avatar\/30b83965911ef1108bb893c00bdd65c885f9890e1265ee04b02c3d5adc785d37?s=96&d=identicon&r=g","url":"https:\/\/secure.gravatar.com\/avatar\/30b83965911ef1108bb893c00bdd65c885f9890e1265ee04b02c3d5adc785d37?s=96&d=identicon&r=g","contentUrl":"https:\/\/secure.gravatar.com\/avatar\/30b83965911ef1108bb893c00bdd65c885f9890e1265ee04b02c3d5adc785d37?s=96&d=identicon&r=g","caption":"anachain"},"url":"https:\/\/pre.efe.com\/pt-br\/autor\/anachain\/"}]}},"jetpack_featured_media_url":"https:\/\/pre.efe.com\/wp-content\/uploads\/2025\/04\/VAT104-VATICAN-POPE-FRANCIS-1.webp","jetpack_shortlink":"https:\/\/wp.me\/peJvHm-7HcO","jetpack_sharing_enabled":true,"_links":{"self":[{"href":"https:\/\/pre.efe.com\/pt-br\/wp-json\/wp\/v2\/posts\/1834382","targetHints":{"allow":["GET"]}}],"collection":[{"href":"https:\/\/pre.efe.com\/pt-br\/wp-json\/wp\/v2\/posts"}],"about":[{"href":"https:\/\/pre.efe.com\/pt-br\/wp-json\/wp\/v2\/types\/post"}],"author":[{"embeddable":true,"href":"https:\/\/pre.efe.com\/pt-br\/wp-json\/wp\/v2\/users\/198164106"}],"replies":[{"embeddable":true,"href":"https:\/\/pre.efe.com\/pt-br\/wp-json\/wp\/v2\/comments?post=1834382"}],"version-history":[{"count":2,"href":"https:\/\/pre.efe.com\/pt-br\/wp-json\/wp\/v2\/posts\/1834382\/revisions"}],"predecessor-version":[{"id":1834387,"href":"https:\/\/pre.efe.com\/pt-br\/wp-json\/wp\/v2\/posts\/1834382\/revisions\/1834387"}],"wp:featuredmedia":[{"embeddable":true,"href":"https:\/\/pre.efe.com\/pt-br\/wp-json\/wp\/v2\/media\/1834157"}],"wp:attachment":[{"href":"https:\/\/pre.efe.com\/pt-br\/wp-json\/wp\/v2\/media?parent=1834382"}],"wp:term":[{"taxonomy":"category","embeddable":true,"href":"https:\/\/pre.efe.com\/pt-br\/wp-json\/wp\/v2\/categories?post=1834382"},{"taxonomy":"post_tag","embeddable":true,"href":"https:\/\/pre.efe.com\/pt-br\/wp-json\/wp\/v2\/tags?post=1834382"}],"curies":[{"name":"wp","href":"https:\/\/api.w.org\/{rel}","templated":true}]}}