{"id":185595,"date":"2022-11-25T13:41:45","date_gmt":"2022-11-25T12:41:45","guid":{"rendered":"https:\/\/pre.efe.com\/?p=185595"},"modified":"2022-11-25T13:41:47","modified_gmt":"2022-11-25T12:41:47","slug":"richarlison-compara-pintura-contra-servia-a-gol-de-voleio-pelo-fluminense","status":"publish","type":"post","link":"https:\/\/pre.efe.com\/pt-br\/esportes\/2022-11-25\/richarlison-compara-pintura-contra-servia-a-gol-de-voleio-pelo-fluminense\/","title":{"rendered":"Richarlison compara pintura contra S\u00e9rvia a gol de voleio pelo Fluminense"},"content":{"rendered":"\n<p>Doha (<a href=\"https:\/\/pre.efe.com\/pt-br\/\">EFE<\/a>).- O atacante Richarlison, eleito o melhor jogador da vit\u00f3ria de 2 a 0 do Brasil sobre a S\u00e9rvia, afirmou nesta quinta-feira que o segundo de seus gols na partida, de voleio, foi um dos mais bonitos da carreira e o comparou a um que marcou na \u00e9poca em que defendia o Fluminense.<\/p>\n\n\n\n<p>&#8220;Foi um gol muito bonito, j\u00e1 fiz um assim com o Fluminense&#8221;, relembrou o jogador, ao mencionar o gol de voleio que marcou na vit\u00f3ria de 2 a 0 do time tricolor sobre o Liverpool, do Uruguai, pela Copa Sul-Americana de 2017.<\/p>\n\n\n\n<p>Na partida de estreia do Brasil na Copa do Mundo no Qatar, Richarlison abriu o placar aos 16 minutos da segunda etapa, ap\u00f3s Vini aproveitar sobra e finalizar para o gol. No rebote do goleiro, o ex-jogador de Fluminense e Am\u00e9rica-MG se posicionou bem para marcar o primeiro gol da campanha brasileira no Qatar. A mesma dupla entrou em a\u00e7\u00e3o aos 27 minutos, quando o ex-atacante do Flamengo avan\u00e7ou pela esquerda e cruzou para o camisa 9 dominar e, com a bola no alto, acertar um bel\u00edssimo voleio.<\/p>\n\n\n\n<p>&#8220;Foi um gol acrob\u00e1tico, um dos melhores da minha carreira, e em uma Copa do Mundo. Foi uma noite maravilhosa. Uma vit\u00f3ria muito bonita. Agora, faltam duas vit\u00f3rias para a gente chegar ao nosso objetivo&#8221; de passar da fase de grupos&#8221;, comentou o jogador, que atualmente defende o Tottenham.<\/p>\n\n\n\n<p>Sobre Neymar, que acabou sendo substitu\u00eddo por Antony devido a uma entorse no tornozelo direito, Richarlison disse que viu o companheiro de sele\u00e7\u00e3o a caminho do controle antidoping e colocando gelo no local da les\u00e3o.<\/p>\n\n\n\n<p>&#8220;Precisamos dele 100% na pr\u00f3xima partida. Isso \u00e9 o mais importante para ele. Quando voltar ao hotel, vou v\u00ea-lo&#8221;, disse o atacante. <a href=\"https:\/\/efs.efeservicios.com\/\">EFE<\/a><\/p>\n","protected":false},"excerpt":{"rendered":"<p>Doha (EFE).- O atacante Richarlison, eleito o melhor jogador da vit\u00f3ria de 2 a 0 do Brasil sobre a S\u00e9rvia, afirmou nesta quinta-feira que o segundo de seus gols na partida, de voleio, foi um dos mais bonitos da carreira e o comparou a um que marcou na \u00e9poca em que defendia o Fluminense. &#8220;Foi &#8230; <a title=\"Richarlison compara pintura contra S\u00e9rvia a gol de voleio pelo Fluminense\" class=\"read-more\" href=\"https:\/\/pre.efe.com\/pt-br\/esportes\/2022-11-25\/richarlison-compara-pintura-contra-servia-a-gol-de-voleio-pelo-fluminense\/\" aria-label=\"Read more about Richarlison compara pintura contra S\u00e9rvia a gol de voleio pelo Fluminense\">Leia mais<\/a><\/p>\n","protected":false},"author":198164106,"featured_media":185622,"comment_status":"closed","ping_status":"closed","sticky":false,"template":"","format":"standard","meta":{"_acf_changed":false,"_jetpack_memberships_contains_paid_content":false,"footnotes":""},"categories":[121968,122144],"tags":[125591,122363,122364,122921,126515],"class_list":["post-185595","post","type-post","status-publish","format-standard","has-post-thumbnail","hentry","category-esportes","category-outras-noticias","tag-brasil-2","tag-copa-do-mundo","tag-futebol","tag-qatar","tag-richarlison","generate-columns","tablet-grid-50","mobile-grid-100","grid-parent","grid-50"],"acf":[],"yoast_head":"<!-- This site is optimized with the Yoast SEO Premium plugin v26.0 (Yoast SEO v27.5) - https:\/\/yoast.com\/product\/yoast-seo-premium-wordpress\/ -->\n<title>Richarlison compara pintura contra S\u00e9rvia a gol de voleio pelo Fluminense - EFE<\/title>\n<meta name=\"robots\" content=\"noindex, follow\" \/>\n<meta property=\"og:locale\" content=\"pt_BR\" \/>\n<meta property=\"og:type\" content=\"article\" \/>\n<meta property=\"og:title\" content=\"Richarlison compara pintura contra S\u00e9rvia a gol de voleio pelo Fluminense - EFE\" \/>\n<meta property=\"og:description\" content=\"Doha (EFE).- O atacante Richarlison, eleito o melhor jogador da vit\u00f3ria de 2 a 0 do Brasil sobre a S\u00e9rvia, afirmou nesta quinta-feira que o segundo de seus gols na partida, de voleio, foi um dos mais bonitos da carreira e o comparou a um que marcou na \u00e9poca em que defendia o Fluminense. &#8220;Foi ... Leia mais\" \/>\n<meta property=\"og:url\" content=\"https:\/\/pre.efe.com\/pt-br\/esportes\/2022-11-25\/richarlison-compara-pintura-contra-servia-a-gol-de-voleio-pelo-fluminense\/\" \/>\n<meta property=\"og:site_name\" content=\"EFE Noticias\" \/>\n<meta property=\"article:publisher\" content=\"https:\/\/www.facebook.com\/AgenciaEFEnoticias\/\" \/>\n<meta property=\"article:published_time\" content=\"2022-11-25T12:41:45+00:00\" \/>\n<meta property=\"article:modified_time\" content=\"2022-11-25T12:41:47+00:00\" \/>\n<meta property=\"og:image\" content=\"https:\/\/i0.wp.com\/efe.com\/\/srv\/htdocs\/wp-content\/uploads\/2022\/11\/RICHARLISON-1.jpg?fit=900%2C599&ssl=1\" \/>\n\t<meta property=\"og:image:width\" content=\"900\" \/>\n\t<meta property=\"og:image:height\" content=\"599\" \/>\n\t<meta property=\"og:image:type\" content=\"image\/jpeg\" \/>\n<meta name=\"author\" content=\"anachain\" \/>\n<meta name=\"twitter:card\" content=\"summary_large_image\" \/>\n<meta name=\"twitter:creator\" content=\"@efenoticias\" \/>\n<meta name=\"twitter:site\" content=\"@efenoticias\" \/>\n<script type=\"application\/ld+json\" class=\"yoast-schema-graph\">{\"@context\":\"https:\\\/\\\/schema.org\",\"@graph\":[{\"@type\":\"NewsArticle\",\"@id\":\"https:\\\/\\\/pre.efe.com\\\/pt-br\\\/esportes\\\/2022-11-25\\\/richarlison-compara-pintura-contra-servia-a-gol-de-voleio-pelo-fluminense\\\/#article\",\"isPartOf\":{\"@id\":\"https:\\\/\\\/pre.efe.com\\\/pt-br\\\/esportes\\\/2022-11-25\\\/richarlison-compara-pintura-contra-servia-a-gol-de-voleio-pelo-fluminense\\\/\"},\"author\":{\"name\":\"anachain\",\"@id\":\"https:\\\/\\\/pre.efe.com\\\/pt-br\\\/#\\\/schema\\\/person\\\/b19f23f210db552768f68a4b552b004f\"},\"headline\":\"Richarlison compara pintura contra S\u00e9rvia a gol de voleio pelo Fluminense\",\"datePublished\":\"2022-11-25T12:41:45+00:00\",\"dateModified\":\"2022-11-25T12:41:47+00:00\",\"mainEntityOfPage\":{\"@id\":\"https:\\\/\\\/pre.efe.com\\\/pt-br\\\/esportes\\\/2022-11-25\\\/richarlison-compara-pintura-contra-servia-a-gol-de-voleio-pelo-fluminense\\\/\"},\"wordCount\":310,\"publisher\":{\"@id\":\"https:\\\/\\\/pre.efe.com\\\/pt-br\\\/#organization\"},\"image\":{\"@id\":\"https:\\\/\\\/pre.efe.com\\\/pt-br\\\/esportes\\\/2022-11-25\\\/richarlison-compara-pintura-contra-servia-a-gol-de-voleio-pelo-fluminense\\\/#primaryimage\"},\"thumbnailUrl\":\"https:\\\/\\\/pre.efe.com\\\/wp-content\\\/uploads\\\/2022\\\/11\\\/RICHARLISON-1.jpg\",\"keywords\":[\"Brasil\",\"Copa do Mundo\",\"Futebol\",\"Qatar\",\"Richarlison\"],\"articleSection\":[\"Esportes\",\"Outras not\u00edcias\"],\"inLanguage\":\"pt-BR\",\"copyrightYear\":\"2022\",\"copyrightHolder\":{\"@id\":\"https:\\\/\\\/pre.efe.com\\\/#organization\"}},{\"@type\":[\"WebPage\",\"ItemPage\"],\"@id\":\"https:\\\/\\\/pre.efe.com\\\/pt-br\\\/esportes\\\/2022-11-25\\\/richarlison-compara-pintura-contra-servia-a-gol-de-voleio-pelo-fluminense\\\/\",\"url\":\"https:\\\/\\\/pre.efe.com\\\/pt-br\\\/esportes\\\/2022-11-25\\\/richarlison-compara-pintura-contra-servia-a-gol-de-voleio-pelo-fluminense\\\/\",\"name\":\"Richarlison compara pintura contra S\u00e9rvia a gol de voleio pelo Fluminense - EFE\",\"isPartOf\":{\"@id\":\"https:\\\/\\\/pre.efe.com\\\/pt-br\\\/#website\"},\"primaryImageOfPage\":{\"@id\":\"https:\\\/\\\/pre.efe.com\\\/pt-br\\\/esportes\\\/2022-11-25\\\/richarlison-compara-pintura-contra-servia-a-gol-de-voleio-pelo-fluminense\\\/#primaryimage\"},\"image\":{\"@id\":\"https:\\\/\\\/pre.efe.com\\\/pt-br\\\/esportes\\\/2022-11-25\\\/richarlison-compara-pintura-contra-servia-a-gol-de-voleio-pelo-fluminense\\\/#primaryimage\"},\"thumbnailUrl\":\"https:\\\/\\\/pre.efe.com\\\/wp-content\\\/uploads\\\/2022\\\/11\\\/RICHARLISON-1.jpg\",\"datePublished\":\"2022-11-25T12:41:45+00:00\",\"dateModified\":\"2022-11-25T12:41:47+00:00\",\"breadcrumb\":{\"@id\":\"https:\\\/\\\/pre.efe.com\\\/pt-br\\\/esportes\\\/2022-11-25\\\/richarlison-compara-pintura-contra-servia-a-gol-de-voleio-pelo-fluminense\\\/#breadcrumb\"},\"inLanguage\":\"pt-BR\",\"potentialAction\":[{\"@type\":\"ReadAction\",\"target\":[\"https:\\\/\\\/pre.efe.com\\\/pt-br\\\/esportes\\\/2022-11-25\\\/richarlison-compara-pintura-contra-servia-a-gol-de-voleio-pelo-fluminense\\\/\"]}]},{\"@type\":\"ImageObject\",\"inLanguage\":\"pt-BR\",\"@id\":\"https:\\\/\\\/pre.efe.com\\\/pt-br\\\/esportes\\\/2022-11-25\\\/richarlison-compara-pintura-contra-servia-a-gol-de-voleio-pelo-fluminense\\\/#primaryimage\",\"url\":\"https:\\\/\\\/pre.efe.com\\\/wp-content\\\/uploads\\\/2022\\\/11\\\/RICHARLISON-1.jpg\",\"contentUrl\":\"https:\\\/\\\/pre.efe.com\\\/wp-content\\\/uploads\\\/2022\\\/11\\\/RICHARLISON-1.jpg\",\"width\":900,\"height\":599,\"caption\":\"EFE\\\/Antonio Lacerda\"},{\"@type\":\"BreadcrumbList\",\"@id\":\"https:\\\/\\\/pre.efe.com\\\/pt-br\\\/esportes\\\/2022-11-25\\\/richarlison-compara-pintura-contra-servia-a-gol-de-voleio-pelo-fluminense\\\/#breadcrumb\",\"itemListElement\":[{\"@type\":\"ListItem\",\"position\":1,\"name\":\"Portada\",\"item\":\"https:\\\/\\\/pre.efe.com\\\/pt-br\\\/\"},{\"@type\":\"ListItem\",\"position\":2,\"name\":\"Richarlison compara pintura contra S\u00e9rvia a gol de voleio pelo Fluminense\"}]},{\"@type\":\"WebSite\",\"@id\":\"https:\\\/\\\/pre.efe.com\\\/pt-br\\\/#website\",\"url\":\"https:\\\/\\\/pre.efe.com\\\/pt-br\\\/\",\"name\":\"EFE Noticias\",\"description\":\"\",\"publisher\":{\"@id\":\"https:\\\/\\\/pre.efe.com\\\/pt-br\\\/#organization\"},\"potentialAction\":[{\"@type\":\"SearchAction\",\"target\":{\"@type\":\"EntryPoint\",\"urlTemplate\":\"https:\\\/\\\/pre.efe.com\\\/pt-br\\\/?s={search_term_string}\"},\"query-input\":{\"@type\":\"PropertyValueSpecification\",\"valueRequired\":true,\"valueName\":\"search_term_string\"}}],\"inLanguage\":\"pt-BR\"},{\"@type\":\"Organization\",\"@id\":\"https:\\\/\\\/pre.efe.com\\\/pt-br\\\/#organization\",\"name\":\"Agencia EFE\",\"url\":\"https:\\\/\\\/pre.efe.com\\\/pt-br\\\/\",\"logo\":{\"@type\":\"ImageObject\",\"inLanguage\":\"pt-BR\",\"@id\":\"https:\\\/\\\/pre.efe.com\\\/pt-br\\\/#\\\/schema\\\/logo\\\/image\\\/\",\"url\":\"https:\\\/\\\/pre.efe.com\\\/wp-content\\\/uploads\\\/2023\\\/06\\\/logo-efe-467.png\",\"contentUrl\":\"https:\\\/\\\/pre.efe.com\\\/wp-content\\\/uploads\\\/2023\\\/06\\\/logo-efe-467.png\",\"width\":467,\"height\":467,\"caption\":\"Agencia EFE\"},\"image\":{\"@id\":\"https:\\\/\\\/pre.efe.com\\\/pt-br\\\/#\\\/schema\\\/logo\\\/image\\\/\"},\"sameAs\":[\"https:\\\/\\\/www.facebook.com\\\/AgenciaEFEnoticias\\\/\",\"https:\\\/\\\/x.com\\\/efenoticias\",\"https:\\\/\\\/www.instagram.com\\\/efe_noticias\\\/\",\"http:\\\/\\\/www.youtube.com\\\/efe\"]},{\"@type\":\"Person\",\"@id\":\"https:\\\/\\\/pre.efe.com\\\/pt-br\\\/#\\\/schema\\\/person\\\/b19f23f210db552768f68a4b552b004f\",\"name\":\"anachain\",\"image\":{\"@type\":\"ImageObject\",\"inLanguage\":\"pt-BR\",\"@id\":\"https:\\\/\\\/secure.gravatar.com\\\/avatar\\\/30b83965911ef1108bb893c00bdd65c885f9890e1265ee04b02c3d5adc785d37?s=96&d=identicon&r=g\",\"url\":\"https:\\\/\\\/secure.gravatar.com\\\/avatar\\\/30b83965911ef1108bb893c00bdd65c885f9890e1265ee04b02c3d5adc785d37?s=96&d=identicon&r=g\",\"contentUrl\":\"https:\\\/\\\/secure.gravatar.com\\\/avatar\\\/30b83965911ef1108bb893c00bdd65c885f9890e1265ee04b02c3d5adc785d37?s=96&d=identicon&r=g\",\"caption\":\"anachain\"},\"url\":\"https:\\\/\\\/pre.efe.com\\\/pt-br\\\/autor\\\/anachain\\\/\"}]}<\/script>\n<!-- \/ Yoast SEO Premium plugin. -->","yoast_head_json":{"title":"Richarlison compara pintura contra S\u00e9rvia a gol de voleio pelo Fluminense - EFE","robots":{"index":"noindex","follow":"follow"},"og_locale":"pt_BR","og_type":"article","og_title":"Richarlison compara pintura contra S\u00e9rvia a gol de voleio pelo Fluminense - EFE","og_description":"Doha (EFE).- O atacante Richarlison, eleito o melhor jogador da vit\u00f3ria de 2 a 0 do Brasil sobre a S\u00e9rvia, afirmou nesta quinta-feira que o segundo de seus gols na partida, de voleio, foi um dos mais bonitos da carreira e o comparou a um que marcou na \u00e9poca em que defendia o Fluminense. &#8220;Foi ... Leia mais","og_url":"https:\/\/pre.efe.com\/pt-br\/esportes\/2022-11-25\/richarlison-compara-pintura-contra-servia-a-gol-de-voleio-pelo-fluminense\/","og_site_name":"EFE Noticias","article_publisher":"https:\/\/www.facebook.com\/AgenciaEFEnoticias\/","article_published_time":"2022-11-25T12:41:45+00:00","article_modified_time":"2022-11-25T12:41:47+00:00","og_image":[{"width":900,"height":599,"url":"https:\/\/i0.wp.com\/efe.com\/\/srv\/htdocs\/wp-content\/uploads\/2022\/11\/RICHARLISON-1.jpg?fit=900%2C599&ssl=1","type":"image\/jpeg"}],"author":"anachain","twitter_card":"summary_large_image","twitter_creator":"@efenoticias","twitter_site":"@efenoticias","schema":{"@context":"https:\/\/schema.org","@graph":[{"@type":"NewsArticle","@id":"https:\/\/pre.efe.com\/pt-br\/esportes\/2022-11-25\/richarlison-compara-pintura-contra-servia-a-gol-de-voleio-pelo-fluminense\/#article","isPartOf":{"@id":"https:\/\/pre.efe.com\/pt-br\/esportes\/2022-11-25\/richarlison-compara-pintura-contra-servia-a-gol-de-voleio-pelo-fluminense\/"},"author":{"name":"anachain","@id":"https:\/\/pre.efe.com\/pt-br\/#\/schema\/person\/b19f23f210db552768f68a4b552b004f"},"headline":"Richarlison compara pintura contra S\u00e9rvia a gol de voleio pelo Fluminense","datePublished":"2022-11-25T12:41:45+00:00","dateModified":"2022-11-25T12:41:47+00:00","mainEntityOfPage":{"@id":"https:\/\/pre.efe.com\/pt-br\/esportes\/2022-11-25\/richarlison-compara-pintura-contra-servia-a-gol-de-voleio-pelo-fluminense\/"},"wordCount":310,"publisher":{"@id":"https:\/\/pre.efe.com\/pt-br\/#organization"},"image":{"@id":"https:\/\/pre.efe.com\/pt-br\/esportes\/2022-11-25\/richarlison-compara-pintura-contra-servia-a-gol-de-voleio-pelo-fluminense\/#primaryimage"},"thumbnailUrl":"https:\/\/pre.efe.com\/wp-content\/uploads\/2022\/11\/RICHARLISON-1.jpg","keywords":["Brasil","Copa do Mundo","Futebol","Qatar","Richarlison"],"articleSection":["Esportes","Outras not\u00edcias"],"inLanguage":"pt-BR","copyrightYear":"2022","copyrightHolder":{"@id":"https:\/\/pre.efe.com\/#organization"}},{"@type":["WebPage","ItemPage"],"@id":"https:\/\/pre.efe.com\/pt-br\/esportes\/2022-11-25\/richarlison-compara-pintura-contra-servia-a-gol-de-voleio-pelo-fluminense\/","url":"https:\/\/pre.efe.com\/pt-br\/esportes\/2022-11-25\/richarlison-compara-pintura-contra-servia-a-gol-de-voleio-pelo-fluminense\/","name":"Richarlison compara pintura contra S\u00e9rvia a gol de voleio pelo Fluminense - EFE","isPartOf":{"@id":"https:\/\/pre.efe.com\/pt-br\/#website"},"primaryImageOfPage":{"@id":"https:\/\/pre.efe.com\/pt-br\/esportes\/2022-11-25\/richarlison-compara-pintura-contra-servia-a-gol-de-voleio-pelo-fluminense\/#primaryimage"},"image":{"@id":"https:\/\/pre.efe.com\/pt-br\/esportes\/2022-11-25\/richarlison-compara-pintura-contra-servia-a-gol-de-voleio-pelo-fluminense\/#primaryimage"},"thumbnailUrl":"https:\/\/pre.efe.com\/wp-content\/uploads\/2022\/11\/RICHARLISON-1.jpg","datePublished":"2022-11-25T12:41:45+00:00","dateModified":"2022-11-25T12:41:47+00:00","breadcrumb":{"@id":"https:\/\/pre.efe.com\/pt-br\/esportes\/2022-11-25\/richarlison-compara-pintura-contra-servia-a-gol-de-voleio-pelo-fluminense\/#breadcrumb"},"inLanguage":"pt-BR","potentialAction":[{"@type":"ReadAction","target":["https:\/\/pre.efe.com\/pt-br\/esportes\/2022-11-25\/richarlison-compara-pintura-contra-servia-a-gol-de-voleio-pelo-fluminense\/"]}]},{"@type":"ImageObject","inLanguage":"pt-BR","@id":"https:\/\/pre.efe.com\/pt-br\/esportes\/2022-11-25\/richarlison-compara-pintura-contra-servia-a-gol-de-voleio-pelo-fluminense\/#primaryimage","url":"https:\/\/pre.efe.com\/wp-content\/uploads\/2022\/11\/RICHARLISON-1.jpg","contentUrl":"https:\/\/pre.efe.com\/wp-content\/uploads\/2022\/11\/RICHARLISON-1.jpg","width":900,"height":599,"caption":"EFE\/Antonio Lacerda"},{"@type":"BreadcrumbList","@id":"https:\/\/pre.efe.com\/pt-br\/esportes\/2022-11-25\/richarlison-compara-pintura-contra-servia-a-gol-de-voleio-pelo-fluminense\/#breadcrumb","itemListElement":[{"@type":"ListItem","position":1,"name":"Portada","item":"https:\/\/pre.efe.com\/pt-br\/"},{"@type":"ListItem","position":2,"name":"Richarlison compara pintura contra S\u00e9rvia a gol de voleio pelo Fluminense"}]},{"@type":"WebSite","@id":"https:\/\/pre.efe.com\/pt-br\/#website","url":"https:\/\/pre.efe.com\/pt-br\/","name":"EFE Noticias","description":"","publisher":{"@id":"https:\/\/pre.efe.com\/pt-br\/#organization"},"potentialAction":[{"@type":"SearchAction","target":{"@type":"EntryPoint","urlTemplate":"https:\/\/pre.efe.com\/pt-br\/?s={search_term_string}"},"query-input":{"@type":"PropertyValueSpecification","valueRequired":true,"valueName":"search_term_string"}}],"inLanguage":"pt-BR"},{"@type":"Organization","@id":"https:\/\/pre.efe.com\/pt-br\/#organization","name":"Agencia EFE","url":"https:\/\/pre.efe.com\/pt-br\/","logo":{"@type":"ImageObject","inLanguage":"pt-BR","@id":"https:\/\/pre.efe.com\/pt-br\/#\/schema\/logo\/image\/","url":"https:\/\/pre.efe.com\/wp-content\/uploads\/2023\/06\/logo-efe-467.png","contentUrl":"https:\/\/pre.efe.com\/wp-content\/uploads\/2023\/06\/logo-efe-467.png","width":467,"height":467,"caption":"Agencia EFE"},"image":{"@id":"https:\/\/pre.efe.com\/pt-br\/#\/schema\/logo\/image\/"},"sameAs":["https:\/\/www.facebook.com\/AgenciaEFEnoticias\/","https:\/\/x.com\/efenoticias","https:\/\/www.instagram.com\/efe_noticias\/","http:\/\/www.youtube.com\/efe"]},{"@type":"Person","@id":"https:\/\/pre.efe.com\/pt-br\/#\/schema\/person\/b19f23f210db552768f68a4b552b004f","name":"anachain","image":{"@type":"ImageObject","inLanguage":"pt-BR","@id":"https:\/\/secure.gravatar.com\/avatar\/30b83965911ef1108bb893c00bdd65c885f9890e1265ee04b02c3d5adc785d37?s=96&d=identicon&r=g","url":"https:\/\/secure.gravatar.com\/avatar\/30b83965911ef1108bb893c00bdd65c885f9890e1265ee04b02c3d5adc785d37?s=96&d=identicon&r=g","contentUrl":"https:\/\/secure.gravatar.com\/avatar\/30b83965911ef1108bb893c00bdd65c885f9890e1265ee04b02c3d5adc785d37?s=96&d=identicon&r=g","caption":"anachain"},"url":"https:\/\/pre.efe.com\/pt-br\/autor\/anachain\/"}]}},"jetpack_featured_media_url":"https:\/\/pre.efe.com\/wp-content\/uploads\/2022\/11\/RICHARLISON-1.jpg","jetpack_shortlink":"https:\/\/wp.me\/peJvHm-Mht","jetpack_sharing_enabled":true,"_links":{"self":[{"href":"https:\/\/pre.efe.com\/pt-br\/wp-json\/wp\/v2\/posts\/185595","targetHints":{"allow":["GET"]}}],"collection":[{"href":"https:\/\/pre.efe.com\/pt-br\/wp-json\/wp\/v2\/posts"}],"about":[{"href":"https:\/\/pre.efe.com\/pt-br\/wp-json\/wp\/v2\/types\/post"}],"author":[{"embeddable":true,"href":"https:\/\/pre.efe.com\/pt-br\/wp-json\/wp\/v2\/users\/198164106"}],"replies":[{"embeddable":true,"href":"https:\/\/pre.efe.com\/pt-br\/wp-json\/wp\/v2\/comments?post=185595"}],"version-history":[{"count":2,"href":"https:\/\/pre.efe.com\/pt-br\/wp-json\/wp\/v2\/posts\/185595\/revisions"}],"predecessor-version":[{"id":185625,"href":"https:\/\/pre.efe.com\/pt-br\/wp-json\/wp\/v2\/posts\/185595\/revisions\/185625"}],"wp:featuredmedia":[{"embeddable":true,"href":"https:\/\/pre.efe.com\/pt-br\/wp-json\/wp\/v2\/media\/185622"}],"wp:attachment":[{"href":"https:\/\/pre.efe.com\/pt-br\/wp-json\/wp\/v2\/media?parent=185595"}],"wp:term":[{"taxonomy":"category","embeddable":true,"href":"https:\/\/pre.efe.com\/pt-br\/wp-json\/wp\/v2\/categories?post=185595"},{"taxonomy":"post_tag","embeddable":true,"href":"https:\/\/pre.efe.com\/pt-br\/wp-json\/wp\/v2\/tags?post=185595"}],"curies":[{"name":"wp","href":"https:\/\/api.w.org\/{rel}","templated":true}]}}