{"id":1873887,"date":"2025-05-13T14:16:36","date_gmt":"2025-05-13T12:16:36","guid":{"rendered":"https:\/\/pre.efe.com\/?p=1873887"},"modified":"2025-05-13T14:16:38","modified_gmt":"2025-05-13T12:16:38","slug":"xi-jinping-incentiva-paises-da-america-latina-e-do-caribe-a-rechacar-ingerencia-externa","status":"publish","type":"post","link":"https:\/\/pre.efe.com\/pt-br\/mundo-2\/2025-05-13\/xi-jinping-incentiva-paises-da-america-latina-e-do-caribe-a-rechacar-ingerencia-externa\/","title":{"rendered":"Xi Jinping incentiva pa\u00edses da Am\u00e9rica Latina e do Caribe a recha\u00e7ar inger\u00eancia externa"},"content":{"rendered":"\n<p>Pequim (EFE).- O presidente da China, Xi Jinping, declarou nesta ter\u00e7a-feira seu &#8220;apoio&#8221; aos pa\u00edses da Am\u00e9rica Latina e do Caribe para que &#8220;rechacem a interfer\u00eancia externa&#8221; e &#8220;sigam um caminho de desenvolvimento alinhado \u00e0s suas condi\u00e7\u00f5es nacionais&#8221;.<\/p>\n\n\n\n<blockquote class=\"wp-block-quote is-layout-flow wp-block-quote-is-layout-flow\">\n<p>&#8220;A China apoia as na\u00e7\u00f5es regionais na defesa de sua soberania e independ\u00eancia nacionais&#8221;, disse o presidente chin\u00eas durante seu discurso de abertura na 4\u00aa Reuni\u00e3o Ministerial China-Celac.<\/p>\n<\/blockquote>\n\n\n\n<p>O encontro em Pequim conta com a presen\u00e7a de chanceleres e representantes da Comunidade de Estados Latino-Americanos e Caribenhos (Celac) e, pela primeira vez, do presidente Luiz In\u00e1cio Lula da Silva e seus hom\u00f3logos do Chile, Gabriel Boric, e da Col\u00f4mbia, Gustavo Petro, este \u00faltimo ocupando a presid\u00eancia rotativa do bloco.<\/p>\n\n\n\n<p>Segundo o l\u00edder chin\u00eas, seu pa\u00eds e os da Am\u00e9rica Latina e do Caribe s\u00e3o &#8220;membros importantes do Sul Global&#8221; e devem &#8220;permanecer unidos diante das crescentes tens\u00f5es geopol\u00edticas, dos confrontos entre blocos&#8221; e das &#8220;crescentes correntes de unilateralismo e protecionismo&#8221;.<\/p>\n\n\n\n<blockquote class=\"wp-block-quote is-layout-flow wp-block-quote-is-layout-flow\">\n<p>&#8220;Trabalharemos com os pa\u00edses da Am\u00e9rica Latina e do Caribe para salvaguardar firmemente o sistema internacional e falar em uma s\u00f3 voz sobre assuntos internacionais e regionais&#8221;, enfatizou.<\/p>\n<\/blockquote>\n\n\n\n<p>&#8220;O desenvolvimento e a revitaliza\u00e7\u00e3o s\u00e3o nossos direitos inerentes, e equidade e justi\u00e7a s\u00e3o nossa aspira\u00e7\u00e3o comum&#8221; diante das &#8220;turbul\u00eancias geopol\u00edticas e dos confrontos&#8221;, declarou Xi, frisando o trabalho conjunto &#8220;para praticar um verdadeiro multilateralismo, salvaguardar a equidade e a justi\u00e7a internacional e promover a reforma do sistema de governan\u00e7a global para fomentar a multipolaridade&#8221;.<\/p>\n\n\n\n<p>O presidente chin\u00eas observou que, no ano passado, o volume de com\u00e9rcio entre a China e a regi\u00e3o ultrapassou US$ 500 bilh\u00f5es pela primeira vez e anunciou que seu pa\u00eds pretende continuar desenvolvendo apoio m\u00fatuo com a Am\u00e9rica Latina e o Caribe em quest\u00f5es que afetam seus &#8220;principais interesses e preocupa\u00e7\u00f5es&#8221;.<\/p>\n\n\n\n<h2 class=\"wp-block-heading\" id=\"h-emprestimos-chineses\">Empr\u00e9stimos chineses<\/h2>\n\n\n\n<p>Nesse sentido, anunciou que seu pa\u00eds fornecer\u00e1 US$ 9 bilh\u00f5es em empr\u00e9stimos para a regi\u00e3o e fortalecer\u00e1 a coopera\u00e7\u00e3o em mat\u00e9ria de seguran\u00e7a e aplica\u00e7\u00e3o da lei.<\/p>\n\n\n\n<blockquote class=\"wp-block-quote is-layout-flow wp-block-quote-is-layout-flow\">\n<p>&#8220;Devemos estreitar os interc\u00e2mbios em v\u00e1rios campos e fortalecer a comunica\u00e7\u00e3o e a coordena\u00e7\u00e3o em importantes quest\u00f5es internacionais e regionais&#8221;, disse Xi, antecipando que, nos pr\u00f3ximos tr\u00eas anos, Pequim convidar\u00e1 anualmente 300 l\u00edderes de partidos pol\u00edticos dos pa\u00edses-membros da Celac para visitar a China para &#8220;trocar experi\u00eancias sobre governan\u00e7a&#8221;.<\/p>\n<\/blockquote>\n\n\n\n<p>Ap\u00f3s a cerim\u00f4nia de abertura da reuni\u00e3o, Xi oferecer\u00e1 um almo\u00e7o para os participantes, seguido pela sess\u00e3o plen\u00e1ria do encontro, que ser\u00e1 realizada a portas fechadas e conclu\u00edda com a ado\u00e7\u00e3o de uma declara\u00e7\u00e3o conjunta.<\/p>\n\n\n\n<p>Os principais t\u00f3picos da reuni\u00e3o ser\u00e3o \u201cInterconex\u00e3o el\u00e9trica e energias renov\u00e1veis&#8221; e &#8220;Integra\u00e7\u00e3o comercial&#8221;, dois t\u00f3picos alinhados com dois objetivos principais da China na Am\u00e9rica Latina: promover sua Iniciativa da Nova Rota da Seda e garantir acesso aos valiosos recursos naturais da regi\u00e3o, como l\u00edtio, terras raras, petr\u00f3leo e cobre. EFE<\/p>\n","protected":false},"excerpt":{"rendered":"<p>Pequim (EFE).- O presidente da China, Xi Jinping, declarou nesta ter\u00e7a-feira seu &#8220;apoio&#8221; aos pa\u00edses da Am\u00e9rica Latina e do Caribe para que &#8220;rechacem a interfer\u00eancia externa&#8221; e &#8220;sigam um caminho de desenvolvimento alinhado \u00e0s suas condi\u00e7\u00f5es nacionais&#8221;. &#8220;A China apoia as na\u00e7\u00f5es regionais na defesa de sua soberania e independ\u00eancia nacionais&#8221;, disse o presidente &#8230; <a title=\"Xi Jinping incentiva pa\u00edses da Am\u00e9rica Latina e do Caribe a recha\u00e7ar inger\u00eancia externa\" class=\"read-more\" href=\"https:\/\/pre.efe.com\/pt-br\/mundo-2\/2025-05-13\/xi-jinping-incentiva-paises-da-america-latina-e-do-caribe-a-rechacar-ingerencia-externa\/\" aria-label=\"Read more about Xi Jinping incentiva pa\u00edses da Am\u00e9rica Latina e do Caribe a recha\u00e7ar inger\u00eancia externa\">Leia mais<\/a><\/p>\n","protected":false},"author":198164106,"featured_media":1873551,"comment_status":"closed","ping_status":"closed","sticky":false,"template":"","format":"standard","meta":{"_acf_changed":false,"_jetpack_memberships_contains_paid_content":false,"footnotes":""},"categories":[123208,122141],"tags":[124207,125649,123239,124845],"class_list":["post-1873887","post","type-post","status-publish","format-standard","has-post-thumbnail","hentry","category-mundo-2","category-portada","tag-america-latina","tag-china-2","tag-economia-2","tag-governo","generate-columns","tablet-grid-50","mobile-grid-100","grid-parent","grid-50"],"acf":[],"yoast_head":"<!-- This site is optimized with the Yoast SEO Premium plugin v26.0 (Yoast SEO v27.5) - https:\/\/yoast.com\/product\/yoast-seo-premium-wordpress\/ -->\n<title>Xi Jinping incentiva pa\u00edses da Am\u00e9rica Latina e do Caribe a recha\u00e7ar inger\u00eancia externa - EFE<\/title>\n<meta name=\"robots\" content=\"noindex, follow\" \/>\n<meta property=\"og:locale\" content=\"pt_BR\" \/>\n<meta property=\"og:type\" content=\"article\" \/>\n<meta property=\"og:title\" content=\"Xi Jinping incentiva pa\u00edses da Am\u00e9rica Latina e do Caribe a recha\u00e7ar inger\u00eancia externa - EFE\" \/>\n<meta property=\"og:description\" content=\"Pequim (EFE).- O presidente da China, Xi Jinping, declarou nesta ter\u00e7a-feira seu &#8220;apoio&#8221; aos pa\u00edses da Am\u00e9rica Latina e do Caribe para que &#8220;rechacem a interfer\u00eancia externa&#8221; e &#8220;sigam um caminho de desenvolvimento alinhado \u00e0s suas condi\u00e7\u00f5es nacionais&#8221;. &#8220;A China apoia as na\u00e7\u00f5es regionais na defesa de sua soberania e independ\u00eancia nacionais&#8221;, disse o presidente ... Leia mais\" \/>\n<meta property=\"og:url\" content=\"https:\/\/pre.efe.com\/pt-br\/mundo-2\/2025-05-13\/xi-jinping-incentiva-paises-da-america-latina-e-do-caribe-a-rechacar-ingerencia-externa\/\" \/>\n<meta property=\"og:site_name\" content=\"EFE Noticias\" \/>\n<meta property=\"article:publisher\" content=\"https:\/\/www.facebook.com\/AgenciaEFEnoticias\/\" \/>\n<meta property=\"article:published_time\" content=\"2025-05-13T12:16:36+00:00\" \/>\n<meta property=\"article:modified_time\" content=\"2025-05-13T12:16:38+00:00\" \/>\n<meta property=\"og:image\" content=\"https:\/\/pre.efe.com\/wp-content\/uploads\/2025\/05\/rss-efe102f3320f50715b6abb40a8b9218befa64678a0aw.webp\" \/>\n\t<meta property=\"og:image:width\" content=\"1920\" \/>\n\t<meta property=\"og:image:height\" content=\"1280\" \/>\n\t<meta property=\"og:image:type\" content=\"image\/jpeg\" \/>\n<meta name=\"author\" content=\"anachain\" \/>\n<meta name=\"twitter:card\" content=\"summary_large_image\" \/>\n<meta name=\"twitter:creator\" content=\"@efenoticias\" \/>\n<meta name=\"twitter:site\" content=\"@efenoticias\" \/>\n<script type=\"application\/ld+json\" class=\"yoast-schema-graph\">{\"@context\":\"https:\\\/\\\/schema.org\",\"@graph\":[{\"@type\":\"NewsArticle\",\"@id\":\"https:\\\/\\\/pre.efe.com\\\/pt-br\\\/mundo-2\\\/2025-05-13\\\/xi-jinping-incentiva-paises-da-america-latina-e-do-caribe-a-rechacar-ingerencia-externa\\\/#article\",\"isPartOf\":{\"@id\":\"https:\\\/\\\/pre.efe.com\\\/pt-br\\\/mundo-2\\\/2025-05-13\\\/xi-jinping-incentiva-paises-da-america-latina-e-do-caribe-a-rechacar-ingerencia-externa\\\/\"},\"author\":{\"name\":\"anachain\",\"@id\":\"https:\\\/\\\/pre.efe.com\\\/pt-br\\\/#\\\/schema\\\/person\\\/b19f23f210db552768f68a4b552b004f\"},\"headline\":\"Xi Jinping incentiva pa\u00edses da Am\u00e9rica Latina e do Caribe a recha\u00e7ar inger\u00eancia externa\",\"datePublished\":\"2025-05-13T12:16:36+00:00\",\"dateModified\":\"2025-05-13T12:16:38+00:00\",\"mainEntityOfPage\":{\"@id\":\"https:\\\/\\\/pre.efe.com\\\/pt-br\\\/mundo-2\\\/2025-05-13\\\/xi-jinping-incentiva-paises-da-america-latina-e-do-caribe-a-rechacar-ingerencia-externa\\\/\"},\"wordCount\":554,\"publisher\":{\"@id\":\"https:\\\/\\\/pre.efe.com\\\/pt-br\\\/#organization\"},\"image\":{\"@id\":\"https:\\\/\\\/pre.efe.com\\\/pt-br\\\/mundo-2\\\/2025-05-13\\\/xi-jinping-incentiva-paises-da-america-latina-e-do-caribe-a-rechacar-ingerencia-externa\\\/#primaryimage\"},\"thumbnailUrl\":\"https:\\\/\\\/pre.efe.com\\\/wp-content\\\/uploads\\\/2025\\\/05\\\/rss-efe102f3320f50715b6abb40a8b9218befa64678a0aw.webp\",\"keywords\":[\"Am\u00e9rica latina\",\"China\",\"Economia\",\"Governo\"],\"articleSection\":[\"Mundo\",\"Portada\"],\"inLanguage\":\"pt-BR\",\"copyrightYear\":\"2025\",\"copyrightHolder\":{\"@id\":\"https:\\\/\\\/pre.efe.com\\\/#organization\"}},{\"@type\":[\"WebPage\",\"ItemPage\"],\"@id\":\"https:\\\/\\\/pre.efe.com\\\/pt-br\\\/mundo-2\\\/2025-05-13\\\/xi-jinping-incentiva-paises-da-america-latina-e-do-caribe-a-rechacar-ingerencia-externa\\\/\",\"url\":\"https:\\\/\\\/pre.efe.com\\\/pt-br\\\/mundo-2\\\/2025-05-13\\\/xi-jinping-incentiva-paises-da-america-latina-e-do-caribe-a-rechacar-ingerencia-externa\\\/\",\"name\":\"Xi Jinping incentiva pa\u00edses da Am\u00e9rica Latina e do Caribe a recha\u00e7ar inger\u00eancia externa - EFE\",\"isPartOf\":{\"@id\":\"https:\\\/\\\/pre.efe.com\\\/pt-br\\\/#website\"},\"primaryImageOfPage\":{\"@id\":\"https:\\\/\\\/pre.efe.com\\\/pt-br\\\/mundo-2\\\/2025-05-13\\\/xi-jinping-incentiva-paises-da-america-latina-e-do-caribe-a-rechacar-ingerencia-externa\\\/#primaryimage\"},\"image\":{\"@id\":\"https:\\\/\\\/pre.efe.com\\\/pt-br\\\/mundo-2\\\/2025-05-13\\\/xi-jinping-incentiva-paises-da-america-latina-e-do-caribe-a-rechacar-ingerencia-externa\\\/#primaryimage\"},\"thumbnailUrl\":\"https:\\\/\\\/pre.efe.com\\\/wp-content\\\/uploads\\\/2025\\\/05\\\/rss-efe102f3320f50715b6abb40a8b9218befa64678a0aw.webp\",\"datePublished\":\"2025-05-13T12:16:36+00:00\",\"dateModified\":\"2025-05-13T12:16:38+00:00\",\"breadcrumb\":{\"@id\":\"https:\\\/\\\/pre.efe.com\\\/pt-br\\\/mundo-2\\\/2025-05-13\\\/xi-jinping-incentiva-paises-da-america-latina-e-do-caribe-a-rechacar-ingerencia-externa\\\/#breadcrumb\"},\"inLanguage\":\"pt-BR\",\"potentialAction\":[{\"@type\":\"ReadAction\",\"target\":[\"https:\\\/\\\/pre.efe.com\\\/pt-br\\\/mundo-2\\\/2025-05-13\\\/xi-jinping-incentiva-paises-da-america-latina-e-do-caribe-a-rechacar-ingerencia-externa\\\/\"]}]},{\"@type\":\"ImageObject\",\"inLanguage\":\"pt-BR\",\"@id\":\"https:\\\/\\\/pre.efe.com\\\/pt-br\\\/mundo-2\\\/2025-05-13\\\/xi-jinping-incentiva-paises-da-america-latina-e-do-caribe-a-rechacar-ingerencia-externa\\\/#primaryimage\",\"url\":\"https:\\\/\\\/pre.efe.com\\\/wp-content\\\/uploads\\\/2025\\\/05\\\/rss-efe102f3320f50715b6abb40a8b9218befa64678a0aw.webp\",\"contentUrl\":\"https:\\\/\\\/pre.efe.com\\\/wp-content\\\/uploads\\\/2025\\\/05\\\/rss-efe102f3320f50715b6abb40a8b9218befa64678a0aw.webp\",\"width\":1920,\"height\":1280,\"caption\":\"O presidente da China, Xi Jinping, durante seu discurso na abertura do f\u00f3rum China-Celac nesta ter\u00e7a-feira. EFE\\\/ANDRES MARTINEZ CASARES\"},{\"@type\":\"BreadcrumbList\",\"@id\":\"https:\\\/\\\/pre.efe.com\\\/pt-br\\\/mundo-2\\\/2025-05-13\\\/xi-jinping-incentiva-paises-da-america-latina-e-do-caribe-a-rechacar-ingerencia-externa\\\/#breadcrumb\",\"itemListElement\":[{\"@type\":\"ListItem\",\"position\":1,\"name\":\"Portada\",\"item\":\"https:\\\/\\\/pre.efe.com\\\/pt-br\\\/\"},{\"@type\":\"ListItem\",\"position\":2,\"name\":\"Xi Jinping incentiva pa\u00edses da Am\u00e9rica Latina e do Caribe a recha\u00e7ar inger\u00eancia externa\"}]},{\"@type\":\"WebSite\",\"@id\":\"https:\\\/\\\/pre.efe.com\\\/pt-br\\\/#website\",\"url\":\"https:\\\/\\\/pre.efe.com\\\/pt-br\\\/\",\"name\":\"EFE Noticias\",\"description\":\"\",\"publisher\":{\"@id\":\"https:\\\/\\\/pre.efe.com\\\/pt-br\\\/#organization\"},\"potentialAction\":[{\"@type\":\"SearchAction\",\"target\":{\"@type\":\"EntryPoint\",\"urlTemplate\":\"https:\\\/\\\/pre.efe.com\\\/pt-br\\\/?s={search_term_string}\"},\"query-input\":{\"@type\":\"PropertyValueSpecification\",\"valueRequired\":true,\"valueName\":\"search_term_string\"}}],\"inLanguage\":\"pt-BR\"},{\"@type\":\"Organization\",\"@id\":\"https:\\\/\\\/pre.efe.com\\\/pt-br\\\/#organization\",\"name\":\"Agencia EFE\",\"url\":\"https:\\\/\\\/pre.efe.com\\\/pt-br\\\/\",\"logo\":{\"@type\":\"ImageObject\",\"inLanguage\":\"pt-BR\",\"@id\":\"https:\\\/\\\/pre.efe.com\\\/pt-br\\\/#\\\/schema\\\/logo\\\/image\\\/\",\"url\":\"https:\\\/\\\/pre.efe.com\\\/wp-content\\\/uploads\\\/2023\\\/06\\\/logo-efe-467.png\",\"contentUrl\":\"https:\\\/\\\/pre.efe.com\\\/wp-content\\\/uploads\\\/2023\\\/06\\\/logo-efe-467.png\",\"width\":467,\"height\":467,\"caption\":\"Agencia EFE\"},\"image\":{\"@id\":\"https:\\\/\\\/pre.efe.com\\\/pt-br\\\/#\\\/schema\\\/logo\\\/image\\\/\"},\"sameAs\":[\"https:\\\/\\\/www.facebook.com\\\/AgenciaEFEnoticias\\\/\",\"https:\\\/\\\/x.com\\\/efenoticias\",\"https:\\\/\\\/www.instagram.com\\\/efe_noticias\\\/\",\"http:\\\/\\\/www.youtube.com\\\/efe\"]},{\"@type\":\"Person\",\"@id\":\"https:\\\/\\\/pre.efe.com\\\/pt-br\\\/#\\\/schema\\\/person\\\/b19f23f210db552768f68a4b552b004f\",\"name\":\"anachain\",\"image\":{\"@type\":\"ImageObject\",\"inLanguage\":\"pt-BR\",\"@id\":\"https:\\\/\\\/secure.gravatar.com\\\/avatar\\\/30b83965911ef1108bb893c00bdd65c885f9890e1265ee04b02c3d5adc785d37?s=96&d=identicon&r=g\",\"url\":\"https:\\\/\\\/secure.gravatar.com\\\/avatar\\\/30b83965911ef1108bb893c00bdd65c885f9890e1265ee04b02c3d5adc785d37?s=96&d=identicon&r=g\",\"contentUrl\":\"https:\\\/\\\/secure.gravatar.com\\\/avatar\\\/30b83965911ef1108bb893c00bdd65c885f9890e1265ee04b02c3d5adc785d37?s=96&d=identicon&r=g\",\"caption\":\"anachain\"},\"url\":\"https:\\\/\\\/pre.efe.com\\\/pt-br\\\/autor\\\/anachain\\\/\"}]}<\/script>\n<!-- \/ Yoast SEO Premium plugin. -->","yoast_head_json":{"title":"Xi Jinping incentiva pa\u00edses da Am\u00e9rica Latina e do Caribe a recha\u00e7ar inger\u00eancia externa - EFE","robots":{"index":"noindex","follow":"follow"},"og_locale":"pt_BR","og_type":"article","og_title":"Xi Jinping incentiva pa\u00edses da Am\u00e9rica Latina e do Caribe a recha\u00e7ar inger\u00eancia externa - EFE","og_description":"Pequim (EFE).- O presidente da China, Xi Jinping, declarou nesta ter\u00e7a-feira seu &#8220;apoio&#8221; aos pa\u00edses da Am\u00e9rica Latina e do Caribe para que &#8220;rechacem a interfer\u00eancia externa&#8221; e &#8220;sigam um caminho de desenvolvimento alinhado \u00e0s suas condi\u00e7\u00f5es nacionais&#8221;. &#8220;A China apoia as na\u00e7\u00f5es regionais na defesa de sua soberania e independ\u00eancia nacionais&#8221;, disse o presidente ... Leia mais","og_url":"https:\/\/pre.efe.com\/pt-br\/mundo-2\/2025-05-13\/xi-jinping-incentiva-paises-da-america-latina-e-do-caribe-a-rechacar-ingerencia-externa\/","og_site_name":"EFE Noticias","article_publisher":"https:\/\/www.facebook.com\/AgenciaEFEnoticias\/","article_published_time":"2025-05-13T12:16:36+00:00","article_modified_time":"2025-05-13T12:16:38+00:00","og_image":[{"width":1920,"height":1280,"url":"https:\/\/pre.efe.com\/wp-content\/uploads\/2025\/05\/rss-efe102f3320f50715b6abb40a8b9218befa64678a0aw.webp","type":"image\/jpeg"}],"author":"anachain","twitter_card":"summary_large_image","twitter_creator":"@efenoticias","twitter_site":"@efenoticias","schema":{"@context":"https:\/\/schema.org","@graph":[{"@type":"NewsArticle","@id":"https:\/\/pre.efe.com\/pt-br\/mundo-2\/2025-05-13\/xi-jinping-incentiva-paises-da-america-latina-e-do-caribe-a-rechacar-ingerencia-externa\/#article","isPartOf":{"@id":"https:\/\/pre.efe.com\/pt-br\/mundo-2\/2025-05-13\/xi-jinping-incentiva-paises-da-america-latina-e-do-caribe-a-rechacar-ingerencia-externa\/"},"author":{"name":"anachain","@id":"https:\/\/pre.efe.com\/pt-br\/#\/schema\/person\/b19f23f210db552768f68a4b552b004f"},"headline":"Xi Jinping incentiva pa\u00edses da Am\u00e9rica Latina e do Caribe a recha\u00e7ar inger\u00eancia externa","datePublished":"2025-05-13T12:16:36+00:00","dateModified":"2025-05-13T12:16:38+00:00","mainEntityOfPage":{"@id":"https:\/\/pre.efe.com\/pt-br\/mundo-2\/2025-05-13\/xi-jinping-incentiva-paises-da-america-latina-e-do-caribe-a-rechacar-ingerencia-externa\/"},"wordCount":554,"publisher":{"@id":"https:\/\/pre.efe.com\/pt-br\/#organization"},"image":{"@id":"https:\/\/pre.efe.com\/pt-br\/mundo-2\/2025-05-13\/xi-jinping-incentiva-paises-da-america-latina-e-do-caribe-a-rechacar-ingerencia-externa\/#primaryimage"},"thumbnailUrl":"https:\/\/pre.efe.com\/wp-content\/uploads\/2025\/05\/rss-efe102f3320f50715b6abb40a8b9218befa64678a0aw.webp","keywords":["Am\u00e9rica latina","China","Economia","Governo"],"articleSection":["Mundo","Portada"],"inLanguage":"pt-BR","copyrightYear":"2025","copyrightHolder":{"@id":"https:\/\/pre.efe.com\/#organization"}},{"@type":["WebPage","ItemPage"],"@id":"https:\/\/pre.efe.com\/pt-br\/mundo-2\/2025-05-13\/xi-jinping-incentiva-paises-da-america-latina-e-do-caribe-a-rechacar-ingerencia-externa\/","url":"https:\/\/pre.efe.com\/pt-br\/mundo-2\/2025-05-13\/xi-jinping-incentiva-paises-da-america-latina-e-do-caribe-a-rechacar-ingerencia-externa\/","name":"Xi Jinping incentiva pa\u00edses da Am\u00e9rica Latina e do Caribe a recha\u00e7ar inger\u00eancia externa - EFE","isPartOf":{"@id":"https:\/\/pre.efe.com\/pt-br\/#website"},"primaryImageOfPage":{"@id":"https:\/\/pre.efe.com\/pt-br\/mundo-2\/2025-05-13\/xi-jinping-incentiva-paises-da-america-latina-e-do-caribe-a-rechacar-ingerencia-externa\/#primaryimage"},"image":{"@id":"https:\/\/pre.efe.com\/pt-br\/mundo-2\/2025-05-13\/xi-jinping-incentiva-paises-da-america-latina-e-do-caribe-a-rechacar-ingerencia-externa\/#primaryimage"},"thumbnailUrl":"https:\/\/pre.efe.com\/wp-content\/uploads\/2025\/05\/rss-efe102f3320f50715b6abb40a8b9218befa64678a0aw.webp","datePublished":"2025-05-13T12:16:36+00:00","dateModified":"2025-05-13T12:16:38+00:00","breadcrumb":{"@id":"https:\/\/pre.efe.com\/pt-br\/mundo-2\/2025-05-13\/xi-jinping-incentiva-paises-da-america-latina-e-do-caribe-a-rechacar-ingerencia-externa\/#breadcrumb"},"inLanguage":"pt-BR","potentialAction":[{"@type":"ReadAction","target":["https:\/\/pre.efe.com\/pt-br\/mundo-2\/2025-05-13\/xi-jinping-incentiva-paises-da-america-latina-e-do-caribe-a-rechacar-ingerencia-externa\/"]}]},{"@type":"ImageObject","inLanguage":"pt-BR","@id":"https:\/\/pre.efe.com\/pt-br\/mundo-2\/2025-05-13\/xi-jinping-incentiva-paises-da-america-latina-e-do-caribe-a-rechacar-ingerencia-externa\/#primaryimage","url":"https:\/\/pre.efe.com\/wp-content\/uploads\/2025\/05\/rss-efe102f3320f50715b6abb40a8b9218befa64678a0aw.webp","contentUrl":"https:\/\/pre.efe.com\/wp-content\/uploads\/2025\/05\/rss-efe102f3320f50715b6abb40a8b9218befa64678a0aw.webp","width":1920,"height":1280,"caption":"O presidente da China, Xi Jinping, durante seu discurso na abertura do f\u00f3rum China-Celac nesta ter\u00e7a-feira. EFE\/ANDRES MARTINEZ CASARES"},{"@type":"BreadcrumbList","@id":"https:\/\/pre.efe.com\/pt-br\/mundo-2\/2025-05-13\/xi-jinping-incentiva-paises-da-america-latina-e-do-caribe-a-rechacar-ingerencia-externa\/#breadcrumb","itemListElement":[{"@type":"ListItem","position":1,"name":"Portada","item":"https:\/\/pre.efe.com\/pt-br\/"},{"@type":"ListItem","position":2,"name":"Xi Jinping incentiva pa\u00edses da Am\u00e9rica Latina e do Caribe a recha\u00e7ar inger\u00eancia externa"}]},{"@type":"WebSite","@id":"https:\/\/pre.efe.com\/pt-br\/#website","url":"https:\/\/pre.efe.com\/pt-br\/","name":"EFE Noticias","description":"","publisher":{"@id":"https:\/\/pre.efe.com\/pt-br\/#organization"},"potentialAction":[{"@type":"SearchAction","target":{"@type":"EntryPoint","urlTemplate":"https:\/\/pre.efe.com\/pt-br\/?s={search_term_string}"},"query-input":{"@type":"PropertyValueSpecification","valueRequired":true,"valueName":"search_term_string"}}],"inLanguage":"pt-BR"},{"@type":"Organization","@id":"https:\/\/pre.efe.com\/pt-br\/#organization","name":"Agencia EFE","url":"https:\/\/pre.efe.com\/pt-br\/","logo":{"@type":"ImageObject","inLanguage":"pt-BR","@id":"https:\/\/pre.efe.com\/pt-br\/#\/schema\/logo\/image\/","url":"https:\/\/pre.efe.com\/wp-content\/uploads\/2023\/06\/logo-efe-467.png","contentUrl":"https:\/\/pre.efe.com\/wp-content\/uploads\/2023\/06\/logo-efe-467.png","width":467,"height":467,"caption":"Agencia EFE"},"image":{"@id":"https:\/\/pre.efe.com\/pt-br\/#\/schema\/logo\/image\/"},"sameAs":["https:\/\/www.facebook.com\/AgenciaEFEnoticias\/","https:\/\/x.com\/efenoticias","https:\/\/www.instagram.com\/efe_noticias\/","http:\/\/www.youtube.com\/efe"]},{"@type":"Person","@id":"https:\/\/pre.efe.com\/pt-br\/#\/schema\/person\/b19f23f210db552768f68a4b552b004f","name":"anachain","image":{"@type":"ImageObject","inLanguage":"pt-BR","@id":"https:\/\/secure.gravatar.com\/avatar\/30b83965911ef1108bb893c00bdd65c885f9890e1265ee04b02c3d5adc785d37?s=96&d=identicon&r=g","url":"https:\/\/secure.gravatar.com\/avatar\/30b83965911ef1108bb893c00bdd65c885f9890e1265ee04b02c3d5adc785d37?s=96&d=identicon&r=g","contentUrl":"https:\/\/secure.gravatar.com\/avatar\/30b83965911ef1108bb893c00bdd65c885f9890e1265ee04b02c3d5adc785d37?s=96&d=identicon&r=g","caption":"anachain"},"url":"https:\/\/pre.efe.com\/pt-br\/autor\/anachain\/"}]}},"jetpack_featured_media_url":"https:\/\/pre.efe.com\/wp-content\/uploads\/2025\/05\/rss-efe102f3320f50715b6abb40a8b9218befa64678a0aw.webp","jetpack_shortlink":"https:\/\/wp.me\/peJvHm-7RtZ","jetpack_sharing_enabled":true,"_links":{"self":[{"href":"https:\/\/pre.efe.com\/pt-br\/wp-json\/wp\/v2\/posts\/1873887","targetHints":{"allow":["GET"]}}],"collection":[{"href":"https:\/\/pre.efe.com\/pt-br\/wp-json\/wp\/v2\/posts"}],"about":[{"href":"https:\/\/pre.efe.com\/pt-br\/wp-json\/wp\/v2\/types\/post"}],"author":[{"embeddable":true,"href":"https:\/\/pre.efe.com\/pt-br\/wp-json\/wp\/v2\/users\/198164106"}],"replies":[{"embeddable":true,"href":"https:\/\/pre.efe.com\/pt-br\/wp-json\/wp\/v2\/comments?post=1873887"}],"version-history":[{"count":2,"href":"https:\/\/pre.efe.com\/pt-br\/wp-json\/wp\/v2\/posts\/1873887\/revisions"}],"predecessor-version":[{"id":1873939,"href":"https:\/\/pre.efe.com\/pt-br\/wp-json\/wp\/v2\/posts\/1873887\/revisions\/1873939"}],"wp:featuredmedia":[{"embeddable":true,"href":"https:\/\/pre.efe.com\/pt-br\/wp-json\/wp\/v2\/media\/1873551"}],"wp:attachment":[{"href":"https:\/\/pre.efe.com\/pt-br\/wp-json\/wp\/v2\/media?parent=1873887"}],"wp:term":[{"taxonomy":"category","embeddable":true,"href":"https:\/\/pre.efe.com\/pt-br\/wp-json\/wp\/v2\/categories?post=1873887"},{"taxonomy":"post_tag","embeddable":true,"href":"https:\/\/pre.efe.com\/pt-br\/wp-json\/wp\/v2\/tags?post=1873887"}],"curies":[{"name":"wp","href":"https:\/\/api.w.org\/{rel}","templated":true}]}}