{"id":1882050,"date":"2025-05-15T22:52:00","date_gmt":"2025-05-15T20:52:00","guid":{"rendered":"https:\/\/pre.efe.com\/?p=1882050"},"modified":"2025-05-16T17:56:23","modified_gmt":"2025-05-16T15:56:23","slug":"presidente-lula-se-despede-do-amigo-pepe-mujica-no-uruguai","status":"publish","type":"post","link":"https:\/\/pre.efe.com\/pt-br\/mundo-2\/presidente-lula-se-despede-do-amigo-pepe-mujica-no-uruguai\/","title":{"rendered":"Presidente Lula se despede do amigo \u201cPepe\u201d Mujica no Uruguai"},"content":{"rendered":"\n<p>Montevid\u00e9u (EFE).- O presidente da Rep\u00fablica, Luiz In\u00e1cio Lula da Silva, compareceu nesta quinta-feira ao vel\u00f3rio do amigo e ex-presidente do Uruguai Jos\u00e9 \u201cPepe\u201d Mujica, que morreu na \u00faltima ter\u00e7a aos 89 anos e de quem se despediu visivelmente emocionado.<\/p>\n\n\n\n<p>Lula foi recebido na escadaria do Pal\u00e1cio Legislativo de Montevid\u00e9u pelo presidente uruguaio, Yamand\u00fa Orsi, e entrou no&nbsp;Sal\u00e3o dos Passos Perdidos&nbsp;com sua esposa, a primeira-dama&nbsp;Janja da Silva.<\/p>\n\n\n\n<p>O petista chegou com uma enorme comitiva, cujo ingresso for\u00e7ou a interrup\u00e7\u00e3o da entrada de cidad\u00e3os uruguaios que vieram se despedir de seu ex-presidente.<\/p>\n\n\n\n<p>Antes de se aproximar do caix\u00e3o, Lula abra\u00e7ou Lucia Topolansky, esposa de Mujica e ex-vice-presidente uruguaia, antes de beij\u00e1-la na testa, um gesto que ele j\u00e1 havia feito ao seu falecido amigo na \u00faltima vez que o viu, em 1\u00ba de mar\u00e7o.<\/p>\n\n\n\n<p>Em seguida, o presidente ficou em frente ao corpo de Mujica, onde permaneceu por alguns segundos em sil\u00eancio.<\/p>\n\n\n\n<p>Em seguida, Lula conversou com o presidente do Chile, Gabriel Boric, que chegou ao vel\u00f3rio minutos antes dele e \u00e9 o \u00fanico outro chefe de Estado que viajou a Montevid\u00e9u para se despedir de Mujica.<\/p>\n\n\n\n<p>Antes de sair, Lula se aproximou novamente do caix\u00e3o, ao lado do qual, com os olhos \u00famidos, disse algumas \u00faltimas palavras a Orsi antes de deixar a sala.<\/p>\n\n\n\n<p>Em nota oficial divulgada logo ap\u00f3s a morte de Mujica, o presidente destacou a \u201cgrandeza humana\u201d de Mujica, que, segundo ele, \u201ctranscendeu as fronteiras do Uruguai e de seu mandato presidencial\u201d.<\/p>\n\n\n\n<p>\u201cA sabedoria de suas palavras se tornou uma verdadeira can\u00e7\u00e3o de unidade e fraternidade para a Am\u00e9rica Latina\u201d, enfatizou.<\/p>\n\n\n\n<p>Durante uma viagem a Montevid\u00e9u em dezembro de 2024, Lula visitou Mujica no s\u00edtio onde ele morava e o condecorou com a Ordem Nacional do Cruzeiro do Sul, a mais alta distin\u00e7\u00e3o que o Brasil concede a cidad\u00e3os estrangeiros.<\/p>\n\n\n\n<p>Depois, em um encontro emocionado, ele se referiu a Mujica como \u201ca pessoa mais extraordin\u00e1ria\u201d entre os presidentes com quem conviveu.<\/p>\n\n\n\n<p>A amizade entre os dois transcendeu as afinidades pol\u00edticas e durou anos. EFE<\/p>\n","protected":false},"excerpt":{"rendered":"<p>Montevid\u00e9u (EFE).- O presidente da Rep\u00fablica, Luiz In\u00e1cio Lula da Silva, compareceu nesta quinta-feira ao vel\u00f3rio do amigo e ex-presidente do Uruguai Jos\u00e9 \u201cPepe\u201d Mujica, que morreu na \u00faltima ter\u00e7a aos 89 anos e de quem se despediu visivelmente emocionado. Lula foi recebido na escadaria do Pal\u00e1cio Legislativo de Montevid\u00e9u pelo presidente uruguaio, Yamand\u00fa Orsi, &#8230; <a title=\"Presidente Lula se despede do amigo \u201cPepe\u201d Mujica no Uruguai\" class=\"read-more\" href=\"https:\/\/pre.efe.com\/pt-br\/mundo-2\/presidente-lula-se-despede-do-amigo-pepe-mujica-no-uruguai\/\" aria-label=\"Read more about Presidente Lula se despede do amigo \u201cPepe\u201d Mujica no Uruguai\">Leia mais<\/a><\/p>\n","protected":false},"author":198164106,"featured_media":1880523,"comment_status":"closed","ping_status":"closed","sticky":false,"template":"","format":"standard","meta":{"_acf_changed":false,"_jetpack_memberships_contains_paid_content":false,"footnotes":""},"categories":[123208,122141],"tags":[125591,124845],"class_list":["post-1882050","post","type-post","status-publish","format-standard","has-post-thumbnail","hentry","category-mundo-2","category-portada","tag-brasil-2","tag-governo","generate-columns","tablet-grid-50","mobile-grid-100","grid-parent","grid-50"],"acf":[],"yoast_head":"<!-- This site is optimized with the Yoast SEO Premium plugin v26.0 (Yoast SEO v27.5) - https:\/\/yoast.com\/product\/yoast-seo-premium-wordpress\/ -->\n<title>Presidente Lula se despede do amigo \u201cPepe\u201d Mujica no Uruguai - EFE<\/title>\n<meta name=\"robots\" content=\"noindex, follow\" \/>\n<meta property=\"og:locale\" content=\"pt_BR\" \/>\n<meta property=\"og:type\" content=\"article\" \/>\n<meta property=\"og:title\" content=\"Presidente Lula se despede do amigo \u201cPepe\u201d Mujica no Uruguai - EFE\" \/>\n<meta property=\"og:description\" content=\"Montevid\u00e9u (EFE).- O presidente da Rep\u00fablica, Luiz In\u00e1cio Lula da Silva, compareceu nesta quinta-feira ao vel\u00f3rio do amigo e ex-presidente do Uruguai Jos\u00e9 \u201cPepe\u201d Mujica, que morreu na \u00faltima ter\u00e7a aos 89 anos e de quem se despediu visivelmente emocionado. Lula foi recebido na escadaria do Pal\u00e1cio Legislativo de Montevid\u00e9u pelo presidente uruguaio, Yamand\u00fa Orsi, ... Leia mais\" \/>\n<meta property=\"og:url\" content=\"https:\/\/pre.efe.com\/pt-br\/mundo-2\/presidente-lula-se-despede-do-amigo-pepe-mujica-no-uruguai\/\" \/>\n<meta property=\"og:site_name\" content=\"EFE Noticias\" \/>\n<meta property=\"article:publisher\" content=\"https:\/\/www.facebook.com\/AgenciaEFEnoticias\/\" \/>\n<meta property=\"article:published_time\" content=\"2025-05-15T20:52:00+00:00\" \/>\n<meta property=\"article:modified_time\" content=\"2025-05-16T15:56:23+00:00\" \/>\n<meta property=\"og:image\" content=\"https:\/\/pre.efe.com\/wp-content\/uploads\/2025\/05\/rss-efe5b8bee2a84d5709f9a562afc97b4df7d80e426c6w.webp\" \/>\n\t<meta property=\"og:image:width\" content=\"1920\" \/>\n\t<meta property=\"og:image:height\" content=\"1280\" \/>\n\t<meta property=\"og:image:type\" content=\"image\/jpeg\" \/>\n<meta name=\"author\" content=\"anachain\" \/>\n<meta name=\"twitter:card\" content=\"summary_large_image\" \/>\n<meta name=\"twitter:creator\" content=\"@efenoticias\" \/>\n<meta name=\"twitter:site\" content=\"@efenoticias\" \/>\n<script type=\"application\/ld+json\" class=\"yoast-schema-graph\">{\"@context\":\"https:\\\/\\\/schema.org\",\"@graph\":[{\"@type\":\"NewsArticle\",\"@id\":\"https:\\\/\\\/pre.efe.com\\\/pt-br\\\/mundo-2\\\/presidente-lula-se-despede-do-amigo-pepe-mujica-no-uruguai\\\/#article\",\"isPartOf\":{\"@id\":\"https:\\\/\\\/pre.efe.com\\\/pt-br\\\/mundo-2\\\/presidente-lula-se-despede-do-amigo-pepe-mujica-no-uruguai\\\/\"},\"author\":{\"name\":\"anachain\",\"@id\":\"https:\\\/\\\/pre.efe.com\\\/pt-br\\\/#\\\/schema\\\/person\\\/b19f23f210db552768f68a4b552b004f\"},\"headline\":\"Presidente Lula se despede do amigo \u201cPepe\u201d Mujica no Uruguai\",\"datePublished\":\"2025-05-15T20:52:00+00:00\",\"dateModified\":\"2025-05-16T15:56:23+00:00\",\"mainEntityOfPage\":{\"@id\":\"https:\\\/\\\/pre.efe.com\\\/pt-br\\\/mundo-2\\\/presidente-lula-se-despede-do-amigo-pepe-mujica-no-uruguai\\\/\"},\"wordCount\":378,\"publisher\":{\"@id\":\"https:\\\/\\\/pre.efe.com\\\/pt-br\\\/#organization\"},\"image\":{\"@id\":\"https:\\\/\\\/pre.efe.com\\\/pt-br\\\/mundo-2\\\/presidente-lula-se-despede-do-amigo-pepe-mujica-no-uruguai\\\/#primaryimage\"},\"thumbnailUrl\":\"https:\\\/\\\/pre.efe.com\\\/wp-content\\\/uploads\\\/2025\\\/05\\\/rss-efe5b8bee2a84d5709f9a562afc97b4df7d80e426c6w.webp\",\"keywords\":[\"Brasil\",\"Governo\"],\"articleSection\":[\"Mundo\",\"Portada\"],\"inLanguage\":\"pt-BR\",\"copyrightYear\":\"2025\",\"copyrightHolder\":{\"@id\":\"https:\\\/\\\/pre.efe.com\\\/#organization\"}},{\"@type\":[\"WebPage\",\"ItemPage\"],\"@id\":\"https:\\\/\\\/pre.efe.com\\\/pt-br\\\/mundo-2\\\/presidente-lula-se-despede-do-amigo-pepe-mujica-no-uruguai\\\/\",\"url\":\"https:\\\/\\\/pre.efe.com\\\/pt-br\\\/mundo-2\\\/presidente-lula-se-despede-do-amigo-pepe-mujica-no-uruguai\\\/\",\"name\":\"Presidente Lula se despede do amigo \u201cPepe\u201d Mujica no Uruguai - EFE\",\"isPartOf\":{\"@id\":\"https:\\\/\\\/pre.efe.com\\\/pt-br\\\/#website\"},\"primaryImageOfPage\":{\"@id\":\"https:\\\/\\\/pre.efe.com\\\/pt-br\\\/mundo-2\\\/presidente-lula-se-despede-do-amigo-pepe-mujica-no-uruguai\\\/#primaryimage\"},\"image\":{\"@id\":\"https:\\\/\\\/pre.efe.com\\\/pt-br\\\/mundo-2\\\/presidente-lula-se-despede-do-amigo-pepe-mujica-no-uruguai\\\/#primaryimage\"},\"thumbnailUrl\":\"https:\\\/\\\/pre.efe.com\\\/wp-content\\\/uploads\\\/2025\\\/05\\\/rss-efe5b8bee2a84d5709f9a562afc97b4df7d80e426c6w.webp\",\"datePublished\":\"2025-05-15T20:52:00+00:00\",\"dateModified\":\"2025-05-16T15:56:23+00:00\",\"breadcrumb\":{\"@id\":\"https:\\\/\\\/pre.efe.com\\\/pt-br\\\/mundo-2\\\/presidente-lula-se-despede-do-amigo-pepe-mujica-no-uruguai\\\/#breadcrumb\"},\"inLanguage\":\"pt-BR\",\"potentialAction\":[{\"@type\":\"ReadAction\",\"target\":[\"https:\\\/\\\/pre.efe.com\\\/pt-br\\\/mundo-2\\\/presidente-lula-se-despede-do-amigo-pepe-mujica-no-uruguai\\\/\"]}]},{\"@type\":\"ImageObject\",\"inLanguage\":\"pt-BR\",\"@id\":\"https:\\\/\\\/pre.efe.com\\\/pt-br\\\/mundo-2\\\/presidente-lula-se-despede-do-amigo-pepe-mujica-no-uruguai\\\/#primaryimage\",\"url\":\"https:\\\/\\\/pre.efe.com\\\/wp-content\\\/uploads\\\/2025\\\/05\\\/rss-efe5b8bee2a84d5709f9a562afc97b4df7d80e426c6w.webp\",\"contentUrl\":\"https:\\\/\\\/pre.efe.com\\\/wp-content\\\/uploads\\\/2025\\\/05\\\/rss-efe5b8bee2a84d5709f9a562afc97b4df7d80e426c6w.webp\",\"width\":1920,\"height\":1280,\"caption\":\"Luc\u00eda Topolansky (c), Gabriel Boric (e) e Luiz In\u00e1cio Lula da Silva. EFE\\\/Presid\u00eancia do Chile\"},{\"@type\":\"BreadcrumbList\",\"@id\":\"https:\\\/\\\/pre.efe.com\\\/pt-br\\\/mundo-2\\\/presidente-lula-se-despede-do-amigo-pepe-mujica-no-uruguai\\\/#breadcrumb\",\"itemListElement\":[{\"@type\":\"ListItem\",\"position\":1,\"name\":\"Portada\",\"item\":\"https:\\\/\\\/pre.efe.com\\\/pt-br\\\/\"},{\"@type\":\"ListItem\",\"position\":2,\"name\":\"Presidente Lula se despede do amigo \u201cPepe\u201d Mujica no Uruguai\"}]},{\"@type\":\"WebSite\",\"@id\":\"https:\\\/\\\/pre.efe.com\\\/pt-br\\\/#website\",\"url\":\"https:\\\/\\\/pre.efe.com\\\/pt-br\\\/\",\"name\":\"EFE Noticias\",\"description\":\"\",\"publisher\":{\"@id\":\"https:\\\/\\\/pre.efe.com\\\/pt-br\\\/#organization\"},\"potentialAction\":[{\"@type\":\"SearchAction\",\"target\":{\"@type\":\"EntryPoint\",\"urlTemplate\":\"https:\\\/\\\/pre.efe.com\\\/pt-br\\\/?s={search_term_string}\"},\"query-input\":{\"@type\":\"PropertyValueSpecification\",\"valueRequired\":true,\"valueName\":\"search_term_string\"}}],\"inLanguage\":\"pt-BR\"},{\"@type\":\"Organization\",\"@id\":\"https:\\\/\\\/pre.efe.com\\\/pt-br\\\/#organization\",\"name\":\"Agencia EFE\",\"url\":\"https:\\\/\\\/pre.efe.com\\\/pt-br\\\/\",\"logo\":{\"@type\":\"ImageObject\",\"inLanguage\":\"pt-BR\",\"@id\":\"https:\\\/\\\/pre.efe.com\\\/pt-br\\\/#\\\/schema\\\/logo\\\/image\\\/\",\"url\":\"https:\\\/\\\/pre.efe.com\\\/wp-content\\\/uploads\\\/2023\\\/06\\\/logo-efe-467.png\",\"contentUrl\":\"https:\\\/\\\/pre.efe.com\\\/wp-content\\\/uploads\\\/2023\\\/06\\\/logo-efe-467.png\",\"width\":467,\"height\":467,\"caption\":\"Agencia EFE\"},\"image\":{\"@id\":\"https:\\\/\\\/pre.efe.com\\\/pt-br\\\/#\\\/schema\\\/logo\\\/image\\\/\"},\"sameAs\":[\"https:\\\/\\\/www.facebook.com\\\/AgenciaEFEnoticias\\\/\",\"https:\\\/\\\/x.com\\\/efenoticias\",\"https:\\\/\\\/www.instagram.com\\\/efe_noticias\\\/\",\"http:\\\/\\\/www.youtube.com\\\/efe\"]},{\"@type\":\"Person\",\"@id\":\"https:\\\/\\\/pre.efe.com\\\/pt-br\\\/#\\\/schema\\\/person\\\/b19f23f210db552768f68a4b552b004f\",\"name\":\"anachain\",\"image\":{\"@type\":\"ImageObject\",\"inLanguage\":\"pt-BR\",\"@id\":\"https:\\\/\\\/secure.gravatar.com\\\/avatar\\\/30b83965911ef1108bb893c00bdd65c885f9890e1265ee04b02c3d5adc785d37?s=96&d=identicon&r=g\",\"url\":\"https:\\\/\\\/secure.gravatar.com\\\/avatar\\\/30b83965911ef1108bb893c00bdd65c885f9890e1265ee04b02c3d5adc785d37?s=96&d=identicon&r=g\",\"contentUrl\":\"https:\\\/\\\/secure.gravatar.com\\\/avatar\\\/30b83965911ef1108bb893c00bdd65c885f9890e1265ee04b02c3d5adc785d37?s=96&d=identicon&r=g\",\"caption\":\"anachain\"},\"url\":\"https:\\\/\\\/pre.efe.com\\\/pt-br\\\/autor\\\/anachain\\\/\"}]}<\/script>\n<!-- \/ Yoast SEO Premium plugin. -->","yoast_head_json":{"title":"Presidente Lula se despede do amigo \u201cPepe\u201d Mujica no Uruguai - EFE","robots":{"index":"noindex","follow":"follow"},"og_locale":"pt_BR","og_type":"article","og_title":"Presidente Lula se despede do amigo \u201cPepe\u201d Mujica no Uruguai - EFE","og_description":"Montevid\u00e9u (EFE).- O presidente da Rep\u00fablica, Luiz In\u00e1cio Lula da Silva, compareceu nesta quinta-feira ao vel\u00f3rio do amigo e ex-presidente do Uruguai Jos\u00e9 \u201cPepe\u201d Mujica, que morreu na \u00faltima ter\u00e7a aos 89 anos e de quem se despediu visivelmente emocionado. Lula foi recebido na escadaria do Pal\u00e1cio Legislativo de Montevid\u00e9u pelo presidente uruguaio, Yamand\u00fa Orsi, ... Leia mais","og_url":"https:\/\/pre.efe.com\/pt-br\/mundo-2\/presidente-lula-se-despede-do-amigo-pepe-mujica-no-uruguai\/","og_site_name":"EFE Noticias","article_publisher":"https:\/\/www.facebook.com\/AgenciaEFEnoticias\/","article_published_time":"2025-05-15T20:52:00+00:00","article_modified_time":"2025-05-16T15:56:23+00:00","og_image":[{"width":1920,"height":1280,"url":"https:\/\/pre.efe.com\/wp-content\/uploads\/2025\/05\/rss-efe5b8bee2a84d5709f9a562afc97b4df7d80e426c6w.webp","type":"image\/jpeg"}],"author":"anachain","twitter_card":"summary_large_image","twitter_creator":"@efenoticias","twitter_site":"@efenoticias","schema":{"@context":"https:\/\/schema.org","@graph":[{"@type":"NewsArticle","@id":"https:\/\/pre.efe.com\/pt-br\/mundo-2\/presidente-lula-se-despede-do-amigo-pepe-mujica-no-uruguai\/#article","isPartOf":{"@id":"https:\/\/pre.efe.com\/pt-br\/mundo-2\/presidente-lula-se-despede-do-amigo-pepe-mujica-no-uruguai\/"},"author":{"name":"anachain","@id":"https:\/\/pre.efe.com\/pt-br\/#\/schema\/person\/b19f23f210db552768f68a4b552b004f"},"headline":"Presidente Lula se despede do amigo \u201cPepe\u201d Mujica no Uruguai","datePublished":"2025-05-15T20:52:00+00:00","dateModified":"2025-05-16T15:56:23+00:00","mainEntityOfPage":{"@id":"https:\/\/pre.efe.com\/pt-br\/mundo-2\/presidente-lula-se-despede-do-amigo-pepe-mujica-no-uruguai\/"},"wordCount":378,"publisher":{"@id":"https:\/\/pre.efe.com\/pt-br\/#organization"},"image":{"@id":"https:\/\/pre.efe.com\/pt-br\/mundo-2\/presidente-lula-se-despede-do-amigo-pepe-mujica-no-uruguai\/#primaryimage"},"thumbnailUrl":"https:\/\/pre.efe.com\/wp-content\/uploads\/2025\/05\/rss-efe5b8bee2a84d5709f9a562afc97b4df7d80e426c6w.webp","keywords":["Brasil","Governo"],"articleSection":["Mundo","Portada"],"inLanguage":"pt-BR","copyrightYear":"2025","copyrightHolder":{"@id":"https:\/\/pre.efe.com\/#organization"}},{"@type":["WebPage","ItemPage"],"@id":"https:\/\/pre.efe.com\/pt-br\/mundo-2\/presidente-lula-se-despede-do-amigo-pepe-mujica-no-uruguai\/","url":"https:\/\/pre.efe.com\/pt-br\/mundo-2\/presidente-lula-se-despede-do-amigo-pepe-mujica-no-uruguai\/","name":"Presidente Lula se despede do amigo \u201cPepe\u201d Mujica no Uruguai - EFE","isPartOf":{"@id":"https:\/\/pre.efe.com\/pt-br\/#website"},"primaryImageOfPage":{"@id":"https:\/\/pre.efe.com\/pt-br\/mundo-2\/presidente-lula-se-despede-do-amigo-pepe-mujica-no-uruguai\/#primaryimage"},"image":{"@id":"https:\/\/pre.efe.com\/pt-br\/mundo-2\/presidente-lula-se-despede-do-amigo-pepe-mujica-no-uruguai\/#primaryimage"},"thumbnailUrl":"https:\/\/pre.efe.com\/wp-content\/uploads\/2025\/05\/rss-efe5b8bee2a84d5709f9a562afc97b4df7d80e426c6w.webp","datePublished":"2025-05-15T20:52:00+00:00","dateModified":"2025-05-16T15:56:23+00:00","breadcrumb":{"@id":"https:\/\/pre.efe.com\/pt-br\/mundo-2\/presidente-lula-se-despede-do-amigo-pepe-mujica-no-uruguai\/#breadcrumb"},"inLanguage":"pt-BR","potentialAction":[{"@type":"ReadAction","target":["https:\/\/pre.efe.com\/pt-br\/mundo-2\/presidente-lula-se-despede-do-amigo-pepe-mujica-no-uruguai\/"]}]},{"@type":"ImageObject","inLanguage":"pt-BR","@id":"https:\/\/pre.efe.com\/pt-br\/mundo-2\/presidente-lula-se-despede-do-amigo-pepe-mujica-no-uruguai\/#primaryimage","url":"https:\/\/pre.efe.com\/wp-content\/uploads\/2025\/05\/rss-efe5b8bee2a84d5709f9a562afc97b4df7d80e426c6w.webp","contentUrl":"https:\/\/pre.efe.com\/wp-content\/uploads\/2025\/05\/rss-efe5b8bee2a84d5709f9a562afc97b4df7d80e426c6w.webp","width":1920,"height":1280,"caption":"Luc\u00eda Topolansky (c), Gabriel Boric (e) e Luiz In\u00e1cio Lula da Silva. EFE\/Presid\u00eancia do Chile"},{"@type":"BreadcrumbList","@id":"https:\/\/pre.efe.com\/pt-br\/mundo-2\/presidente-lula-se-despede-do-amigo-pepe-mujica-no-uruguai\/#breadcrumb","itemListElement":[{"@type":"ListItem","position":1,"name":"Portada","item":"https:\/\/pre.efe.com\/pt-br\/"},{"@type":"ListItem","position":2,"name":"Presidente Lula se despede do amigo \u201cPepe\u201d Mujica no Uruguai"}]},{"@type":"WebSite","@id":"https:\/\/pre.efe.com\/pt-br\/#website","url":"https:\/\/pre.efe.com\/pt-br\/","name":"EFE Noticias","description":"","publisher":{"@id":"https:\/\/pre.efe.com\/pt-br\/#organization"},"potentialAction":[{"@type":"SearchAction","target":{"@type":"EntryPoint","urlTemplate":"https:\/\/pre.efe.com\/pt-br\/?s={search_term_string}"},"query-input":{"@type":"PropertyValueSpecification","valueRequired":true,"valueName":"search_term_string"}}],"inLanguage":"pt-BR"},{"@type":"Organization","@id":"https:\/\/pre.efe.com\/pt-br\/#organization","name":"Agencia EFE","url":"https:\/\/pre.efe.com\/pt-br\/","logo":{"@type":"ImageObject","inLanguage":"pt-BR","@id":"https:\/\/pre.efe.com\/pt-br\/#\/schema\/logo\/image\/","url":"https:\/\/pre.efe.com\/wp-content\/uploads\/2023\/06\/logo-efe-467.png","contentUrl":"https:\/\/pre.efe.com\/wp-content\/uploads\/2023\/06\/logo-efe-467.png","width":467,"height":467,"caption":"Agencia EFE"},"image":{"@id":"https:\/\/pre.efe.com\/pt-br\/#\/schema\/logo\/image\/"},"sameAs":["https:\/\/www.facebook.com\/AgenciaEFEnoticias\/","https:\/\/x.com\/efenoticias","https:\/\/www.instagram.com\/efe_noticias\/","http:\/\/www.youtube.com\/efe"]},{"@type":"Person","@id":"https:\/\/pre.efe.com\/pt-br\/#\/schema\/person\/b19f23f210db552768f68a4b552b004f","name":"anachain","image":{"@type":"ImageObject","inLanguage":"pt-BR","@id":"https:\/\/secure.gravatar.com\/avatar\/30b83965911ef1108bb893c00bdd65c885f9890e1265ee04b02c3d5adc785d37?s=96&d=identicon&r=g","url":"https:\/\/secure.gravatar.com\/avatar\/30b83965911ef1108bb893c00bdd65c885f9890e1265ee04b02c3d5adc785d37?s=96&d=identicon&r=g","contentUrl":"https:\/\/secure.gravatar.com\/avatar\/30b83965911ef1108bb893c00bdd65c885f9890e1265ee04b02c3d5adc785d37?s=96&d=identicon&r=g","caption":"anachain"},"url":"https:\/\/pre.efe.com\/pt-br\/autor\/anachain\/"}]}},"jetpack_featured_media_url":"https:\/\/pre.efe.com\/wp-content\/uploads\/2025\/05\/rss-efe5b8bee2a84d5709f9a562afc97b4df7d80e426c6w.webp","jetpack_shortlink":"https:\/\/wp.me\/peJvHm-7TBE","jetpack_sharing_enabled":true,"_links":{"self":[{"href":"https:\/\/pre.efe.com\/pt-br\/wp-json\/wp\/v2\/posts\/1882050","targetHints":{"allow":["GET"]}}],"collection":[{"href":"https:\/\/pre.efe.com\/pt-br\/wp-json\/wp\/v2\/posts"}],"about":[{"href":"https:\/\/pre.efe.com\/pt-br\/wp-json\/wp\/v2\/types\/post"}],"author":[{"embeddable":true,"href":"https:\/\/pre.efe.com\/pt-br\/wp-json\/wp\/v2\/users\/198164106"}],"replies":[{"embeddable":true,"href":"https:\/\/pre.efe.com\/pt-br\/wp-json\/wp\/v2\/comments?post=1882050"}],"version-history":[{"count":2,"href":"https:\/\/pre.efe.com\/pt-br\/wp-json\/wp\/v2\/posts\/1882050\/revisions"}],"predecessor-version":[{"id":1882060,"href":"https:\/\/pre.efe.com\/pt-br\/wp-json\/wp\/v2\/posts\/1882050\/revisions\/1882060"}],"wp:featuredmedia":[{"embeddable":true,"href":"https:\/\/pre.efe.com\/pt-br\/wp-json\/wp\/v2\/media\/1880523"}],"wp:attachment":[{"href":"https:\/\/pre.efe.com\/pt-br\/wp-json\/wp\/v2\/media?parent=1882050"}],"wp:term":[{"taxonomy":"category","embeddable":true,"href":"https:\/\/pre.efe.com\/pt-br\/wp-json\/wp\/v2\/categories?post=1882050"},{"taxonomy":"post_tag","embeddable":true,"href":"https:\/\/pre.efe.com\/pt-br\/wp-json\/wp\/v2\/tags?post=1882050"}],"curies":[{"name":"wp","href":"https:\/\/api.w.org\/{rel}","templated":true}]}}