{"id":1894823,"date":"2025-05-22T14:39:54","date_gmt":"2025-05-22T12:39:54","guid":{"rendered":"https:\/\/pre.efe.com\/?p=1894823"},"modified":"2025-05-22T14:39:56","modified_gmt":"2025-05-22T12:39:56","slug":"brasil-quer-liderar-transicao-circular-para-crescer-e-conquistar-novos-mercados","status":"publish","type":"post","link":"https:\/\/pre.efe.com\/pt-br\/brasil\/2025-05-22\/brasil-quer-liderar-transicao-circular-para-crescer-e-conquistar-novos-mercados\/","title":{"rendered":"Brasil quer liderar transi\u00e7\u00e3o circular para crescer e conquistar novos mercados"},"content":{"rendered":"\n<p>S\u00e3o Paulo (EFE) \u2013 A transi\u00e7\u00e3o do Brasil para um modelo econ\u00f4mico circular pode n\u00e3o apenas contribuir para a mitiga\u00e7\u00e3o dos efeitos da crise clim\u00e1tica, mas tamb\u00e9m abrir novas oportunidades de neg\u00f3cios e alavancar o crescimento e as exporta\u00e7\u00f5es do pa\u00eds, segundo o secret\u00e1rio de Economia Verde do Minist\u00e9rio do Desenvolvimento, Ind\u00fastria e Com\u00e9rcio, Rodrigo Rollemberg.<\/p>\n\n\n\n<p>Em entrevista \u00e0 Ag\u00eancia EFE, Rollemberg tamb\u00e9m destacou que o Brasil \u201cn\u00e3o quer\u201d ser apenas um produtor de mat\u00e9rias-primas sustent\u00e1veis ou exportador de terras ou minerais estrat\u00e9gicos.<\/p>\n\n\n\n<blockquote class=\"wp-block-quote is-layout-flow wp-block-quote-is-layout-flow\">\n<p>\u201cO mercado est\u00e1 globalizado e as oportunidades tamb\u00e9m. Queremos fazer parte da cadeia e que a agrega\u00e7\u00e3o de valor dos produtos ocorra aqui, o que tamb\u00e9m vai gerar uma grande oportunidade para a exporta\u00e7\u00e3o de materiais destinados \u00e0 ind\u00fastria global\u201d, afirmou.<\/p>\n<\/blockquote>\n\n\n\n<p>Rollemberg ressaltou que o Brasil j\u00e1 \u00e9 o \u201cdestino ideal\u201d para empresas do mundo inteiro que precisam acelerar seus processos de descarboniza\u00e7\u00e3o a um custo mais baixo e, nesse sentido, destacou a import\u00e2ncia do Plano Nacional de Economia Circular.<\/p>\n\n\n\n<p>Aprovado neste m\u00eas, o plano prev\u00ea 71 a\u00e7\u00f5es que abrangem os \u00e2mbitos regulat\u00f3rio e de inova\u00e7\u00e3o e educa\u00e7\u00e3o, al\u00e9m da redu\u00e7\u00e3o de res\u00edduos, instrumentos financeiros e a articula\u00e7\u00e3o entre os estados brasileiros.<\/p>\n\n\n\n<blockquote class=\"wp-block-quote is-layout-flow wp-block-quote-is-layout-flow\">\n<p>\u201c\u00c9 um roteiro para que o pa\u00eds possa se tornar um l\u00edder em economia circular, um modelo que se apresenta como uma grande oportunidade para o Brasil\u201d, afirmou.<\/p>\n<\/blockquote>\n\n\n\n<h2 class=\"wp-block-heading\" id=\"h-novos-negocios\">Novos neg\u00f3cios<\/h2>\n\n\n\n<p>De acordo com um estudo da Accenture de 2019, a economia circular poderia mobilizar, em n\u00edvel global, cerca de US$ 4,5 trilh\u00f5es em oportunidades de neg\u00f3cios at\u00e9 2030.<\/p>\n\n\n\n<p>Al\u00e9m disso, uma pesquisa da Euromonitor publicada em 2022 indicou uma \u201calta disposi\u00e7\u00e3o\u201d por parte dos consumidores de pagar mais por produtos sustent\u00e1veis, inclusive em pa\u00edses em desenvolvimento como \u00cdndia ou China.<\/p>\n\n\n\n<p>Diante desse contexto, a Ag\u00eancia Brasileira de Promo\u00e7\u00e3o de Exporta\u00e7\u00f5es e Investimentos (ApexBrasil) identificou mais de 100 oportunidades no exterior para produtos sustent\u00e1veis brasileiros como guaran\u00e1, a\u00e7a\u00ed, caf\u00e9, pimenta, \u00f3leos, peixes, espessantes ou ceras vegetais.<\/p>\n\n\n\n<p>Por outro lado, Rollemberg apontou o potencial da biomassa proveniente de res\u00edduos agr\u00edcolas e de aterros sanit\u00e1rios, que poderia gerar cerca de 30 milh\u00f5es de metros c\u00fabicos di\u00e1rios de biometano no curto prazo.<\/p>\n\n\n\n<blockquote class=\"wp-block-quote is-layout-flow wp-block-quote-is-layout-flow\">\n<p>\u201cO Brasil, por ter a maior biodiversidade do planeta, grande disponibilidade de biomassa, uma matriz energ\u00e9tica limpa e abund\u00e2ncia de \u00e1gua, possui uma base industrial diversificada e uma base cient\u00edfica e tecnol\u00f3gica qualificada\u201d, acrescentou.<\/p>\n<\/blockquote>\n\n\n\n<p>Para aproveitar essas oportunidades, a ApexBrasil adotou o incentivo \u00e0 economia circular como um pilar estrat\u00e9gico de suas a\u00e7\u00f5es, segundo explicou \u00e0 EFE a analista de investimentos da organiza\u00e7\u00e3o, Fl\u00e1via Bahia, que destacou programas voltados \u00e0 infraestrutura, agroind\u00fastria, recupera\u00e7\u00e3o de terras degradadas e gest\u00e3o de recursos h\u00eddricos.<\/p>\n\n\n\n<p>Al\u00e9m disso, a ag\u00eancia busca apoiar iniciativas e a\u00e7\u00f5es que ajudem a fomentar o setor no Brasil, como o F\u00f3rum Mundial de Economia Circular, que foi realizado pela primeira vez na Am\u00e9rica do Sul este ano, entre os dias 13 e 16 de maio, em S\u00e3o Paulo, onde a ApexBrasil promoveu tamb\u00e9m sess\u00f5es de acelera\u00e7\u00e3o que apresentaram estrat\u00e9gias e solu\u00e7\u00f5es para a transi\u00e7\u00e3o circular.<\/p>\n\n\n\n<blockquote class=\"wp-block-quote is-layout-flow wp-block-quote-is-layout-flow\">\n<p>\u201cO mercado internacional est\u00e1 vibrando com a economia circular e est\u00e1 sendo impulsionado pela sustentabilidade. Por isso, a ApexBrasil considera priorit\u00e1ria a estrat\u00e9gia de fomento a esse tipo de a\u00e7\u00e3o, que tamb\u00e9m \u00e9 muito positiva para a economia brasileira e para a imagem do pa\u00eds\u201d, explicou Bahia.<\/p>\n<\/blockquote>\n\n\n\n<h2 class=\"wp-block-heading\" id=\"h-cop30-e-oportunidades\">COP30 e oportunidades<\/h2>\n\n\n\n<p>Por sua vez, Andr\u00e9 Aranha Corr\u00eaa do Lago, presidente da pr\u00f3xima Confer\u00eancia das Na\u00e7\u00f5es Unidas sobre Mudan\u00e7as Clim\u00e1ticas (COP30), que ser\u00e1 realizada em novembro na cidade brasileira de Bel\u00e9m, disse \u00e0 EFE que a economia circular \u00e9 um instrumento \u201cextremamente inteligente e \u00fatil\u201d para o cumprimento dos objetivos de combate \u00e0s mudan\u00e7as clim\u00e1ticas estabelecidos no Acordo de Paris.<\/p>\n\n\n\n<p>Por isso, tanto a recente aprova\u00e7\u00e3o do Plano Nacional de Economia Circular quanto a realiza\u00e7\u00e3o da confer\u00eancia da ONU na Amaz\u00f4nia brasileira abrem novas perspectivas e mercados para o pa\u00eds.<\/p>\n\n\n\n<blockquote class=\"wp-block-quote is-layout-flow wp-block-quote-is-layout-flow\">\n<p>\u201cA COP30 \u00e9 uma oportunidade para que o Brasil descubra seu potencial em diversos setores. E ter uma legisla\u00e7\u00e3o espec\u00edfica e uma compreens\u00e3o de quanto isso pode contribuir para o crescimento do Brasil e para que alcancemos nossas metas de sustentabilidade de forma mais inteligente antes da COP \u00e9 excelente\u201d, opinou.<\/p>\n<\/blockquote>\n\n\n\n<p>O embaixador explicou, ainda, que os exportadores brasileiros, assim como as empresas internacionais que desejam investir no Brasil, entendem que o potencial de crescimento depende do fortalecimento da sustentabilidade.<\/p>\n\n\n\n<p>\u201cSabemos que essa nova economia exige uma s\u00e9rie de atributos que o Brasil tem (&#8230;) e durante a COP30 queremos mostrar ao mundo que h\u00e1 solu\u00e7\u00f5es e a\u00e7\u00f5es poss\u00edveis\u201d, concluiu. EFE<\/p>\n","protected":false},"excerpt":{"rendered":"<p>S\u00e3o Paulo (EFE) \u2013 A transi\u00e7\u00e3o do Brasil para um modelo econ\u00f4mico circular pode n\u00e3o apenas contribuir para a mitiga\u00e7\u00e3o dos efeitos da crise clim\u00e1tica, mas tamb\u00e9m abrir novas oportunidades de neg\u00f3cios e alavancar o crescimento e as exporta\u00e7\u00f5es do pa\u00eds, segundo o secret\u00e1rio de Economia Verde do Minist\u00e9rio do Desenvolvimento, Ind\u00fastria e Com\u00e9rcio, Rodrigo &#8230; <a title=\"Brasil quer liderar transi\u00e7\u00e3o circular para crescer e conquistar novos mercados\" class=\"read-more\" href=\"https:\/\/pre.efe.com\/pt-br\/brasil\/2025-05-22\/brasil-quer-liderar-transicao-circular-para-crescer-e-conquistar-novos-mercados\/\" aria-label=\"Read more about Brasil quer liderar transi\u00e7\u00e3o circular para crescer e conquistar novos mercados\">Leia mais<\/a><\/p>\n","protected":false},"author":198164106,"featured_media":1894827,"comment_status":"closed","ping_status":"closed","sticky":false,"template":"","format":"standard","meta":{"_acf_changed":false,"_jetpack_memberships_contains_paid_content":false,"footnotes":""},"categories":[123513,121967,122144],"tags":[125591,123239],"class_list":["post-1894823","post","type-post","status-publish","format-standard","has-post-thumbnail","hentry","category-brasil","category-economia-pt","category-outras-noticias","tag-brasil-2","tag-economia-2","generate-columns","tablet-grid-50","mobile-grid-100","grid-parent","grid-50"],"acf":[],"yoast_head":"<!-- This site is optimized with the Yoast SEO Premium plugin v26.0 (Yoast SEO v27.4) - https:\/\/yoast.com\/product\/yoast-seo-premium-wordpress\/ -->\n<title>Brasil quer liderar transi\u00e7\u00e3o circular para crescer e conquistar novos mercados - EFE<\/title>\n<meta name=\"robots\" content=\"noindex, follow\" \/>\n<meta property=\"og:locale\" content=\"pt_BR\" \/>\n<meta property=\"og:type\" content=\"article\" \/>\n<meta property=\"og:title\" content=\"Brasil quer liderar transi\u00e7\u00e3o circular para crescer e conquistar novos mercados - EFE\" \/>\n<meta property=\"og:description\" content=\"S\u00e3o Paulo (EFE) \u2013 A transi\u00e7\u00e3o do Brasil para um modelo econ\u00f4mico circular pode n\u00e3o apenas contribuir para a mitiga\u00e7\u00e3o dos efeitos da crise clim\u00e1tica, mas tamb\u00e9m abrir novas oportunidades de neg\u00f3cios e alavancar o crescimento e as exporta\u00e7\u00f5es do pa\u00eds, segundo o secret\u00e1rio de Economia Verde do Minist\u00e9rio do Desenvolvimento, Ind\u00fastria e Com\u00e9rcio, Rodrigo ... Leia mais\" \/>\n<meta property=\"og:url\" content=\"https:\/\/pre.efe.com\/pt-br\/brasil\/2025-05-22\/brasil-quer-liderar-transicao-circular-para-crescer-e-conquistar-novos-mercados\/\" \/>\n<meta property=\"og:site_name\" content=\"EFE Noticias\" \/>\n<meta property=\"article:publisher\" content=\"https:\/\/www.facebook.com\/AgenciaEFEnoticias\/\" \/>\n<meta property=\"article:published_time\" content=\"2025-05-22T12:39:54+00:00\" \/>\n<meta property=\"article:modified_time\" content=\"2025-05-22T12:39:56+00:00\" \/>\n<meta property=\"og:image\" content=\"https:\/\/pre.efe.com\/wp-content\/uploads\/2025\/05\/6ce80c5a6d14a92502d0ac5219b2ec1b1eae9277w.webp\" \/>\n\t<meta property=\"og:image:width\" content=\"1920\" \/>\n\t<meta property=\"og:image:height\" content=\"1280\" \/>\n\t<meta property=\"og:image:type\" content=\"image\/jpeg\" \/>\n<meta name=\"author\" content=\"anachain\" \/>\n<meta name=\"twitter:card\" content=\"summary_large_image\" \/>\n<meta name=\"twitter:creator\" content=\"@efenoticias\" \/>\n<meta name=\"twitter:site\" content=\"@efenoticias\" \/>\n<script type=\"application\/ld+json\" class=\"yoast-schema-graph\">{\"@context\":\"https:\\\/\\\/schema.org\",\"@graph\":[{\"@type\":\"NewsArticle\",\"@id\":\"https:\\\/\\\/pre.efe.com\\\/pt-br\\\/brasil\\\/2025-05-22\\\/brasil-quer-liderar-transicao-circular-para-crescer-e-conquistar-novos-mercados\\\/#article\",\"isPartOf\":{\"@id\":\"https:\\\/\\\/pre.efe.com\\\/pt-br\\\/brasil\\\/2025-05-22\\\/brasil-quer-liderar-transicao-circular-para-crescer-e-conquistar-novos-mercados\\\/\"},\"author\":{\"name\":\"anachain\",\"@id\":\"https:\\\/\\\/pre.efe.com\\\/pt-br\\\/#\\\/schema\\\/person\\\/b19f23f210db552768f68a4b552b004f\"},\"headline\":\"Brasil quer liderar transi\u00e7\u00e3o circular para crescer e conquistar novos mercados\",\"datePublished\":\"2025-05-22T12:39:54+00:00\",\"dateModified\":\"2025-05-22T12:39:56+00:00\",\"mainEntityOfPage\":{\"@id\":\"https:\\\/\\\/pre.efe.com\\\/pt-br\\\/brasil\\\/2025-05-22\\\/brasil-quer-liderar-transicao-circular-para-crescer-e-conquistar-novos-mercados\\\/\"},\"wordCount\":843,\"publisher\":{\"@id\":\"https:\\\/\\\/pre.efe.com\\\/pt-br\\\/#organization\"},\"image\":{\"@id\":\"https:\\\/\\\/pre.efe.com\\\/pt-br\\\/brasil\\\/2025-05-22\\\/brasil-quer-liderar-transicao-circular-para-crescer-e-conquistar-novos-mercados\\\/#primaryimage\"},\"thumbnailUrl\":\"https:\\\/\\\/pre.efe.com\\\/wp-content\\\/uploads\\\/2025\\\/05\\\/6ce80c5a6d14a92502d0ac5219b2ec1b1eae9277w.webp\",\"keywords\":[\"Brasil\",\"Economia\"],\"articleSection\":[\"Brasil\",\"Economia\",\"Outras not\u00edcias\"],\"inLanguage\":\"pt-BR\",\"copyrightYear\":\"2025\",\"copyrightHolder\":{\"@id\":\"https:\\\/\\\/pre.efe.com\\\/#organization\"}},{\"@type\":[\"WebPage\",\"ItemPage\"],\"@id\":\"https:\\\/\\\/pre.efe.com\\\/pt-br\\\/brasil\\\/2025-05-22\\\/brasil-quer-liderar-transicao-circular-para-crescer-e-conquistar-novos-mercados\\\/\",\"url\":\"https:\\\/\\\/pre.efe.com\\\/pt-br\\\/brasil\\\/2025-05-22\\\/brasil-quer-liderar-transicao-circular-para-crescer-e-conquistar-novos-mercados\\\/\",\"name\":\"Brasil quer liderar transi\u00e7\u00e3o circular para crescer e conquistar novos mercados - EFE\",\"isPartOf\":{\"@id\":\"https:\\\/\\\/pre.efe.com\\\/pt-br\\\/#website\"},\"primaryImageOfPage\":{\"@id\":\"https:\\\/\\\/pre.efe.com\\\/pt-br\\\/brasil\\\/2025-05-22\\\/brasil-quer-liderar-transicao-circular-para-crescer-e-conquistar-novos-mercados\\\/#primaryimage\"},\"image\":{\"@id\":\"https:\\\/\\\/pre.efe.com\\\/pt-br\\\/brasil\\\/2025-05-22\\\/brasil-quer-liderar-transicao-circular-para-crescer-e-conquistar-novos-mercados\\\/#primaryimage\"},\"thumbnailUrl\":\"https:\\\/\\\/pre.efe.com\\\/wp-content\\\/uploads\\\/2025\\\/05\\\/6ce80c5a6d14a92502d0ac5219b2ec1b1eae9277w.webp\",\"datePublished\":\"2025-05-22T12:39:54+00:00\",\"dateModified\":\"2025-05-22T12:39:56+00:00\",\"breadcrumb\":{\"@id\":\"https:\\\/\\\/pre.efe.com\\\/pt-br\\\/brasil\\\/2025-05-22\\\/brasil-quer-liderar-transicao-circular-para-crescer-e-conquistar-novos-mercados\\\/#breadcrumb\"},\"inLanguage\":\"pt-BR\",\"potentialAction\":[{\"@type\":\"ReadAction\",\"target\":[\"https:\\\/\\\/pre.efe.com\\\/pt-br\\\/brasil\\\/2025-05-22\\\/brasil-quer-liderar-transicao-circular-para-crescer-e-conquistar-novos-mercados\\\/\"]}]},{\"@type\":\"ImageObject\",\"inLanguage\":\"pt-BR\",\"@id\":\"https:\\\/\\\/pre.efe.com\\\/pt-br\\\/brasil\\\/2025-05-22\\\/brasil-quer-liderar-transicao-circular-para-crescer-e-conquistar-novos-mercados\\\/#primaryimage\",\"url\":\"https:\\\/\\\/pre.efe.com\\\/wp-content\\\/uploads\\\/2025\\\/05\\\/6ce80c5a6d14a92502d0ac5219b2ec1b1eae9277w.webp\",\"contentUrl\":\"https:\\\/\\\/pre.efe.com\\\/wp-content\\\/uploads\\\/2025\\\/05\\\/6ce80c5a6d14a92502d0ac5219b2ec1b1eae9277w.webp\",\"width\":1920,\"height\":1280,\"caption\":\"EFE\\\/Arquivo\\\/Sebasti\u00e3o Moreira\"},{\"@type\":\"BreadcrumbList\",\"@id\":\"https:\\\/\\\/pre.efe.com\\\/pt-br\\\/brasil\\\/2025-05-22\\\/brasil-quer-liderar-transicao-circular-para-crescer-e-conquistar-novos-mercados\\\/#breadcrumb\",\"itemListElement\":[{\"@type\":\"ListItem\",\"position\":1,\"name\":\"Portada\",\"item\":\"https:\\\/\\\/pre.efe.com\\\/pt-br\\\/\"},{\"@type\":\"ListItem\",\"position\":2,\"name\":\"Brasil quer liderar transi\u00e7\u00e3o circular para crescer e conquistar novos mercados\"}]},{\"@type\":\"WebSite\",\"@id\":\"https:\\\/\\\/pre.efe.com\\\/pt-br\\\/#website\",\"url\":\"https:\\\/\\\/pre.efe.com\\\/pt-br\\\/\",\"name\":\"EFE Noticias\",\"description\":\"\",\"publisher\":{\"@id\":\"https:\\\/\\\/pre.efe.com\\\/pt-br\\\/#organization\"},\"potentialAction\":[{\"@type\":\"SearchAction\",\"target\":{\"@type\":\"EntryPoint\",\"urlTemplate\":\"https:\\\/\\\/pre.efe.com\\\/pt-br\\\/?s={search_term_string}\"},\"query-input\":{\"@type\":\"PropertyValueSpecification\",\"valueRequired\":true,\"valueName\":\"search_term_string\"}}],\"inLanguage\":\"pt-BR\"},{\"@type\":\"Organization\",\"@id\":\"https:\\\/\\\/pre.efe.com\\\/pt-br\\\/#organization\",\"name\":\"Agencia EFE\",\"url\":\"https:\\\/\\\/pre.efe.com\\\/pt-br\\\/\",\"logo\":{\"@type\":\"ImageObject\",\"inLanguage\":\"pt-BR\",\"@id\":\"https:\\\/\\\/pre.efe.com\\\/pt-br\\\/#\\\/schema\\\/logo\\\/image\\\/\",\"url\":\"https:\\\/\\\/pre.efe.com\\\/wp-content\\\/uploads\\\/2023\\\/06\\\/logo-efe-467.png\",\"contentUrl\":\"https:\\\/\\\/pre.efe.com\\\/wp-content\\\/uploads\\\/2023\\\/06\\\/logo-efe-467.png\",\"width\":467,\"height\":467,\"caption\":\"Agencia EFE\"},\"image\":{\"@id\":\"https:\\\/\\\/pre.efe.com\\\/pt-br\\\/#\\\/schema\\\/logo\\\/image\\\/\"},\"sameAs\":[\"https:\\\/\\\/www.facebook.com\\\/AgenciaEFEnoticias\\\/\",\"https:\\\/\\\/x.com\\\/efenoticias\",\"https:\\\/\\\/www.instagram.com\\\/efe_noticias\\\/\",\"http:\\\/\\\/www.youtube.com\\\/efe\"]},{\"@type\":\"Person\",\"@id\":\"https:\\\/\\\/pre.efe.com\\\/pt-br\\\/#\\\/schema\\\/person\\\/b19f23f210db552768f68a4b552b004f\",\"name\":\"anachain\",\"image\":{\"@type\":\"ImageObject\",\"inLanguage\":\"pt-BR\",\"@id\":\"https:\\\/\\\/secure.gravatar.com\\\/avatar\\\/30b83965911ef1108bb893c00bdd65c885f9890e1265ee04b02c3d5adc785d37?s=96&d=identicon&r=g\",\"url\":\"https:\\\/\\\/secure.gravatar.com\\\/avatar\\\/30b83965911ef1108bb893c00bdd65c885f9890e1265ee04b02c3d5adc785d37?s=96&d=identicon&r=g\",\"contentUrl\":\"https:\\\/\\\/secure.gravatar.com\\\/avatar\\\/30b83965911ef1108bb893c00bdd65c885f9890e1265ee04b02c3d5adc785d37?s=96&d=identicon&r=g\",\"caption\":\"anachain\"},\"url\":\"https:\\\/\\\/pre.efe.com\\\/pt-br\\\/autor\\\/anachain\\\/\"}]}<\/script>\n<!-- \/ Yoast SEO Premium plugin. -->","yoast_head_json":{"title":"Brasil quer liderar transi\u00e7\u00e3o circular para crescer e conquistar novos mercados - EFE","robots":{"index":"noindex","follow":"follow"},"og_locale":"pt_BR","og_type":"article","og_title":"Brasil quer liderar transi\u00e7\u00e3o circular para crescer e conquistar novos mercados - EFE","og_description":"S\u00e3o Paulo (EFE) \u2013 A transi\u00e7\u00e3o do Brasil para um modelo econ\u00f4mico circular pode n\u00e3o apenas contribuir para a mitiga\u00e7\u00e3o dos efeitos da crise clim\u00e1tica, mas tamb\u00e9m abrir novas oportunidades de neg\u00f3cios e alavancar o crescimento e as exporta\u00e7\u00f5es do pa\u00eds, segundo o secret\u00e1rio de Economia Verde do Minist\u00e9rio do Desenvolvimento, Ind\u00fastria e Com\u00e9rcio, Rodrigo ... Leia mais","og_url":"https:\/\/pre.efe.com\/pt-br\/brasil\/2025-05-22\/brasil-quer-liderar-transicao-circular-para-crescer-e-conquistar-novos-mercados\/","og_site_name":"EFE Noticias","article_publisher":"https:\/\/www.facebook.com\/AgenciaEFEnoticias\/","article_published_time":"2025-05-22T12:39:54+00:00","article_modified_time":"2025-05-22T12:39:56+00:00","og_image":[{"width":1920,"height":1280,"url":"https:\/\/pre.efe.com\/wp-content\/uploads\/2025\/05\/6ce80c5a6d14a92502d0ac5219b2ec1b1eae9277w.webp","type":"image\/jpeg"}],"author":"anachain","twitter_card":"summary_large_image","twitter_creator":"@efenoticias","twitter_site":"@efenoticias","schema":{"@context":"https:\/\/schema.org","@graph":[{"@type":"NewsArticle","@id":"https:\/\/pre.efe.com\/pt-br\/brasil\/2025-05-22\/brasil-quer-liderar-transicao-circular-para-crescer-e-conquistar-novos-mercados\/#article","isPartOf":{"@id":"https:\/\/pre.efe.com\/pt-br\/brasil\/2025-05-22\/brasil-quer-liderar-transicao-circular-para-crescer-e-conquistar-novos-mercados\/"},"author":{"name":"anachain","@id":"https:\/\/pre.efe.com\/pt-br\/#\/schema\/person\/b19f23f210db552768f68a4b552b004f"},"headline":"Brasil quer liderar transi\u00e7\u00e3o circular para crescer e conquistar novos mercados","datePublished":"2025-05-22T12:39:54+00:00","dateModified":"2025-05-22T12:39:56+00:00","mainEntityOfPage":{"@id":"https:\/\/pre.efe.com\/pt-br\/brasil\/2025-05-22\/brasil-quer-liderar-transicao-circular-para-crescer-e-conquistar-novos-mercados\/"},"wordCount":843,"publisher":{"@id":"https:\/\/pre.efe.com\/pt-br\/#organization"},"image":{"@id":"https:\/\/pre.efe.com\/pt-br\/brasil\/2025-05-22\/brasil-quer-liderar-transicao-circular-para-crescer-e-conquistar-novos-mercados\/#primaryimage"},"thumbnailUrl":"https:\/\/pre.efe.com\/wp-content\/uploads\/2025\/05\/6ce80c5a6d14a92502d0ac5219b2ec1b1eae9277w.webp","keywords":["Brasil","Economia"],"articleSection":["Brasil","Economia","Outras not\u00edcias"],"inLanguage":"pt-BR","copyrightYear":"2025","copyrightHolder":{"@id":"https:\/\/pre.efe.com\/#organization"}},{"@type":["WebPage","ItemPage"],"@id":"https:\/\/pre.efe.com\/pt-br\/brasil\/2025-05-22\/brasil-quer-liderar-transicao-circular-para-crescer-e-conquistar-novos-mercados\/","url":"https:\/\/pre.efe.com\/pt-br\/brasil\/2025-05-22\/brasil-quer-liderar-transicao-circular-para-crescer-e-conquistar-novos-mercados\/","name":"Brasil quer liderar transi\u00e7\u00e3o circular para crescer e conquistar novos mercados - EFE","isPartOf":{"@id":"https:\/\/pre.efe.com\/pt-br\/#website"},"primaryImageOfPage":{"@id":"https:\/\/pre.efe.com\/pt-br\/brasil\/2025-05-22\/brasil-quer-liderar-transicao-circular-para-crescer-e-conquistar-novos-mercados\/#primaryimage"},"image":{"@id":"https:\/\/pre.efe.com\/pt-br\/brasil\/2025-05-22\/brasil-quer-liderar-transicao-circular-para-crescer-e-conquistar-novos-mercados\/#primaryimage"},"thumbnailUrl":"https:\/\/pre.efe.com\/wp-content\/uploads\/2025\/05\/6ce80c5a6d14a92502d0ac5219b2ec1b1eae9277w.webp","datePublished":"2025-05-22T12:39:54+00:00","dateModified":"2025-05-22T12:39:56+00:00","breadcrumb":{"@id":"https:\/\/pre.efe.com\/pt-br\/brasil\/2025-05-22\/brasil-quer-liderar-transicao-circular-para-crescer-e-conquistar-novos-mercados\/#breadcrumb"},"inLanguage":"pt-BR","potentialAction":[{"@type":"ReadAction","target":["https:\/\/pre.efe.com\/pt-br\/brasil\/2025-05-22\/brasil-quer-liderar-transicao-circular-para-crescer-e-conquistar-novos-mercados\/"]}]},{"@type":"ImageObject","inLanguage":"pt-BR","@id":"https:\/\/pre.efe.com\/pt-br\/brasil\/2025-05-22\/brasil-quer-liderar-transicao-circular-para-crescer-e-conquistar-novos-mercados\/#primaryimage","url":"https:\/\/pre.efe.com\/wp-content\/uploads\/2025\/05\/6ce80c5a6d14a92502d0ac5219b2ec1b1eae9277w.webp","contentUrl":"https:\/\/pre.efe.com\/wp-content\/uploads\/2025\/05\/6ce80c5a6d14a92502d0ac5219b2ec1b1eae9277w.webp","width":1920,"height":1280,"caption":"EFE\/Arquivo\/Sebasti\u00e3o Moreira"},{"@type":"BreadcrumbList","@id":"https:\/\/pre.efe.com\/pt-br\/brasil\/2025-05-22\/brasil-quer-liderar-transicao-circular-para-crescer-e-conquistar-novos-mercados\/#breadcrumb","itemListElement":[{"@type":"ListItem","position":1,"name":"Portada","item":"https:\/\/pre.efe.com\/pt-br\/"},{"@type":"ListItem","position":2,"name":"Brasil quer liderar transi\u00e7\u00e3o circular para crescer e conquistar novos mercados"}]},{"@type":"WebSite","@id":"https:\/\/pre.efe.com\/pt-br\/#website","url":"https:\/\/pre.efe.com\/pt-br\/","name":"EFE Noticias","description":"","publisher":{"@id":"https:\/\/pre.efe.com\/pt-br\/#organization"},"potentialAction":[{"@type":"SearchAction","target":{"@type":"EntryPoint","urlTemplate":"https:\/\/pre.efe.com\/pt-br\/?s={search_term_string}"},"query-input":{"@type":"PropertyValueSpecification","valueRequired":true,"valueName":"search_term_string"}}],"inLanguage":"pt-BR"},{"@type":"Organization","@id":"https:\/\/pre.efe.com\/pt-br\/#organization","name":"Agencia EFE","url":"https:\/\/pre.efe.com\/pt-br\/","logo":{"@type":"ImageObject","inLanguage":"pt-BR","@id":"https:\/\/pre.efe.com\/pt-br\/#\/schema\/logo\/image\/","url":"https:\/\/pre.efe.com\/wp-content\/uploads\/2023\/06\/logo-efe-467.png","contentUrl":"https:\/\/pre.efe.com\/wp-content\/uploads\/2023\/06\/logo-efe-467.png","width":467,"height":467,"caption":"Agencia EFE"},"image":{"@id":"https:\/\/pre.efe.com\/pt-br\/#\/schema\/logo\/image\/"},"sameAs":["https:\/\/www.facebook.com\/AgenciaEFEnoticias\/","https:\/\/x.com\/efenoticias","https:\/\/www.instagram.com\/efe_noticias\/","http:\/\/www.youtube.com\/efe"]},{"@type":"Person","@id":"https:\/\/pre.efe.com\/pt-br\/#\/schema\/person\/b19f23f210db552768f68a4b552b004f","name":"anachain","image":{"@type":"ImageObject","inLanguage":"pt-BR","@id":"https:\/\/secure.gravatar.com\/avatar\/30b83965911ef1108bb893c00bdd65c885f9890e1265ee04b02c3d5adc785d37?s=96&d=identicon&r=g","url":"https:\/\/secure.gravatar.com\/avatar\/30b83965911ef1108bb893c00bdd65c885f9890e1265ee04b02c3d5adc785d37?s=96&d=identicon&r=g","contentUrl":"https:\/\/secure.gravatar.com\/avatar\/30b83965911ef1108bb893c00bdd65c885f9890e1265ee04b02c3d5adc785d37?s=96&d=identicon&r=g","caption":"anachain"},"url":"https:\/\/pre.efe.com\/pt-br\/autor\/anachain\/"}]}},"jetpack_featured_media_url":"https:\/\/pre.efe.com\/wp-content\/uploads\/2025\/05\/6ce80c5a6d14a92502d0ac5219b2ec1b1eae9277w.webp","jetpack_shortlink":"https:\/\/wp.me\/peJvHm-7WVF","jetpack_sharing_enabled":true,"_links":{"self":[{"href":"https:\/\/pre.efe.com\/pt-br\/wp-json\/wp\/v2\/posts\/1894823","targetHints":{"allow":["GET"]}}],"collection":[{"href":"https:\/\/pre.efe.com\/pt-br\/wp-json\/wp\/v2\/posts"}],"about":[{"href":"https:\/\/pre.efe.com\/pt-br\/wp-json\/wp\/v2\/types\/post"}],"author":[{"embeddable":true,"href":"https:\/\/pre.efe.com\/pt-br\/wp-json\/wp\/v2\/users\/198164106"}],"replies":[{"embeddable":true,"href":"https:\/\/pre.efe.com\/pt-br\/wp-json\/wp\/v2\/comments?post=1894823"}],"version-history":[{"count":3,"href":"https:\/\/pre.efe.com\/pt-br\/wp-json\/wp\/v2\/posts\/1894823\/revisions"}],"predecessor-version":[{"id":1894835,"href":"https:\/\/pre.efe.com\/pt-br\/wp-json\/wp\/v2\/posts\/1894823\/revisions\/1894835"}],"wp:featuredmedia":[{"embeddable":true,"href":"https:\/\/pre.efe.com\/pt-br\/wp-json\/wp\/v2\/media\/1894827"}],"wp:attachment":[{"href":"https:\/\/pre.efe.com\/pt-br\/wp-json\/wp\/v2\/media?parent=1894823"}],"wp:term":[{"taxonomy":"category","embeddable":true,"href":"https:\/\/pre.efe.com\/pt-br\/wp-json\/wp\/v2\/categories?post=1894823"},{"taxonomy":"post_tag","embeddable":true,"href":"https:\/\/pre.efe.com\/pt-br\/wp-json\/wp\/v2\/tags?post=1894823"}],"curies":[{"name":"wp","href":"https:\/\/api.w.org\/{rel}","templated":true}]}}