{"id":191249,"date":"2022-11-30T02:04:34","date_gmt":"2022-11-30T01:04:34","guid":{"rendered":"https:\/\/pre.efe.com\/?p=191249"},"modified":"2022-11-30T02:04:36","modified_gmt":"2022-11-30T01:04:36","slug":"conselheiro-da-casa-branca-vai-se-reunir-com-equipes-de-bolsonaro-e-lula","status":"publish","type":"post","link":"https:\/\/pre.efe.com\/pt-br\/brasil\/2022-11-30\/conselheiro-da-casa-branca-vai-se-reunir-com-equipes-de-bolsonaro-e-lula\/","title":{"rendered":"Conselheiro da Casa Branca vai se reunir com equipes de Bolsonaro e Lula"},"content":{"rendered":"\n<p>Washington (<a href=\"https:\/\/pre.efe.com\/pt-br\/\">EFE<\/a>).-\u00a0O conselheiro de Seguran\u00e7a Nacional da Casa Branca, Jake Sullivan, vai viajar ao Brasil em 5 de dezembro para se reunir com as equipes do presidente Jair Bolsonaro e do presidente eleito, Luiz In\u00e1cio Lula da Silva.<\/p>\n\n\n\n<p>A informa\u00e7\u00e3o foi confirmada \u00e0 Ag\u00eancia EFE por um porta-voz da presid\u00eancia dos Estados Unidos.<\/p>\n\n\n\n<p>Os EUA legitimaram rapidamente o resultado das elei\u00e7\u00f5es brasileiras de 30 de outubro, que o presidente americano, Joe Biden, descreveu como &#8220;livres, justas e confi\u00e1veis&#8221;.<\/p>\n\n\n\n<p>Um dia depois, em um telefonema para Lula, que tomar\u00e1 posse em janeiro, Biden elogiou &#8220;a for\u00e7a das institui\u00e7\u00f5es democr\u00e1ticas do Brasil&#8221;, e os dois se comprometeram a continuar trabalhando como parceiros em desafios comuns, como o combate \u00e0 crise clim\u00e1tica e a promo\u00e7\u00e3o da democracia.<\/p>\n\n\n\n<p>Sullivan viajou ao Brasil em agosto de 2021 para fortalecer a parceria estrat\u00e9gica bilateral, melhorar a estabilidade regional, avan\u00e7ar nas metas clim\u00e1ticas, colaborar com a infraestrutura digital e ajudar a forjar um caminho para a recupera\u00e7\u00e3o p\u00f3s-pandemia de covid-19.<\/p>\n\n\n\n<p>A viagem foi a primeira de um representante da Casa Branca ao Brasil desde a posse de Biden, em janeiro de 2021.p.<\/p>\n\n\n\n<p>Bolsonaro recebeu Sullivan em particular e, como fontes diplom\u00e1ticas de ambos os pa\u00edses disseram \u00e0 EFE na ocasi\u00e3o, tiveram uma &#8220;breve&#8221; reuni\u00e3o na qual foi reafirmada a import\u00e2ncia da coopera\u00e7\u00e3o estrat\u00e9gica entre o Brasil e os EUA. <a href=\"https:\/\/efs.efeservicios.com\/\">EFE<\/a><\/p>\n","protected":false},"excerpt":{"rendered":"<p>Washington (EFE).-\u00a0O conselheiro de Seguran\u00e7a Nacional da Casa Branca, Jake Sullivan, vai viajar ao Brasil em 5 de dezembro para se reunir com as equipes do presidente Jair Bolsonaro e do presidente eleito, Luiz In\u00e1cio Lula da Silva. A informa\u00e7\u00e3o foi confirmada \u00e0 Ag\u00eancia EFE por um porta-voz da presid\u00eancia dos Estados Unidos. Os EUA &#8230; <a title=\"Conselheiro da Casa Branca vai se reunir com equipes de Bolsonaro e Lula\" class=\"read-more\" href=\"https:\/\/pre.efe.com\/pt-br\/brasil\/2022-11-30\/conselheiro-da-casa-branca-vai-se-reunir-com-equipes-de-bolsonaro-e-lula\/\" aria-label=\"Read more about Conselheiro da Casa Branca vai se reunir com equipes de Bolsonaro e Lula\">Leia mais<\/a><\/p>\n","protected":false},"author":198164106,"featured_media":191251,"comment_status":"closed","ping_status":"closed","sticky":false,"template":"","format":"standard","meta":{"_acf_changed":false,"_jetpack_memberships_contains_paid_content":false,"footnotes":""},"categories":[123513,122141],"tags":[122325,125591,122371,122326],"class_list":["post-191249","post","type-post","status-publish","format-standard","has-post-thumbnail","hentry","category-brasil","category-portada","tag-bolsonaro-2","tag-brasil-2","tag-eua","tag-lula","generate-columns","tablet-grid-50","mobile-grid-100","grid-parent","grid-50"],"acf":[],"yoast_head":"<!-- This site is optimized with the Yoast SEO Premium plugin v26.0 (Yoast SEO v27.5) - https:\/\/yoast.com\/product\/yoast-seo-premium-wordpress\/ -->\n<title>Conselheiro da Casa Branca vai se reunir com equipes de Bolsonaro e Lula - EFE<\/title>\n<meta name=\"robots\" content=\"noindex, follow\" \/>\n<meta property=\"og:locale\" content=\"pt_BR\" \/>\n<meta property=\"og:type\" content=\"article\" \/>\n<meta property=\"og:title\" content=\"Conselheiro da Casa Branca vai se reunir com equipes de Bolsonaro e Lula - EFE\" \/>\n<meta property=\"og:description\" content=\"Washington (EFE).-\u00a0O conselheiro de Seguran\u00e7a Nacional da Casa Branca, Jake Sullivan, vai viajar ao Brasil em 5 de dezembro para se reunir com as equipes do presidente Jair Bolsonaro e do presidente eleito, Luiz In\u00e1cio Lula da Silva. A informa\u00e7\u00e3o foi confirmada \u00e0 Ag\u00eancia EFE por um porta-voz da presid\u00eancia dos Estados Unidos. Os EUA ... Leia mais\" \/>\n<meta property=\"og:url\" content=\"https:\/\/pre.efe.com\/pt-br\/brasil\/2022-11-30\/conselheiro-da-casa-branca-vai-se-reunir-com-equipes-de-bolsonaro-e-lula\/\" \/>\n<meta property=\"og:site_name\" content=\"EFE Noticias\" \/>\n<meta property=\"article:publisher\" content=\"https:\/\/www.facebook.com\/AgenciaEFEnoticias\/\" \/>\n<meta property=\"article:published_time\" content=\"2022-11-30T01:04:34+00:00\" \/>\n<meta property=\"article:modified_time\" content=\"2022-11-30T01:04:36+00:00\" \/>\n<meta property=\"og:image\" content=\"https:\/\/i0.wp.com\/efe.com\/\/srv\/htdocs\/wp-content\/uploads\/2022\/11\/LULA-BOLSONARO.jpg?fit=900%2C600&ssl=1\" \/>\n\t<meta property=\"og:image:width\" content=\"900\" \/>\n\t<meta property=\"og:image:height\" content=\"600\" \/>\n\t<meta property=\"og:image:type\" content=\"image\/jpeg\" \/>\n<meta name=\"author\" content=\"anachain\" \/>\n<meta name=\"twitter:card\" content=\"summary_large_image\" \/>\n<meta name=\"twitter:creator\" content=\"@efenoticias\" \/>\n<meta name=\"twitter:site\" content=\"@efenoticias\" \/>\n<script type=\"application\/ld+json\" class=\"yoast-schema-graph\">{\"@context\":\"https:\\\/\\\/schema.org\",\"@graph\":[{\"@type\":\"NewsArticle\",\"@id\":\"https:\\\/\\\/pre.efe.com\\\/pt-br\\\/brasil\\\/2022-11-30\\\/conselheiro-da-casa-branca-vai-se-reunir-com-equipes-de-bolsonaro-e-lula\\\/#article\",\"isPartOf\":{\"@id\":\"https:\\\/\\\/pre.efe.com\\\/pt-br\\\/brasil\\\/2022-11-30\\\/conselheiro-da-casa-branca-vai-se-reunir-com-equipes-de-bolsonaro-e-lula\\\/\"},\"author\":{\"name\":\"anachain\",\"@id\":\"https:\\\/\\\/pre.efe.com\\\/pt-br\\\/#\\\/schema\\\/person\\\/b19f23f210db552768f68a4b552b004f\"},\"headline\":\"Conselheiro da Casa Branca vai se reunir com equipes de Bolsonaro e Lula\",\"datePublished\":\"2022-11-30T01:04:34+00:00\",\"dateModified\":\"2022-11-30T01:04:36+00:00\",\"mainEntityOfPage\":{\"@id\":\"https:\\\/\\\/pre.efe.com\\\/pt-br\\\/brasil\\\/2022-11-30\\\/conselheiro-da-casa-branca-vai-se-reunir-com-equipes-de-bolsonaro-e-lula\\\/\"},\"wordCount\":256,\"publisher\":{\"@id\":\"https:\\\/\\\/pre.efe.com\\\/pt-br\\\/#organization\"},\"image\":{\"@id\":\"https:\\\/\\\/pre.efe.com\\\/pt-br\\\/brasil\\\/2022-11-30\\\/conselheiro-da-casa-branca-vai-se-reunir-com-equipes-de-bolsonaro-e-lula\\\/#primaryimage\"},\"thumbnailUrl\":\"https:\\\/\\\/pre.efe.com\\\/wp-content\\\/uploads\\\/2022\\\/11\\\/LULA-BOLSONARO.jpg\",\"keywords\":[\"Bolsonaro\",\"Brasil\",\"EUA\",\"Lula\"],\"articleSection\":[\"Brasil\",\"Portada\"],\"inLanguage\":\"pt-BR\",\"copyrightYear\":\"2022\",\"copyrightHolder\":{\"@id\":\"https:\\\/\\\/pre.efe.com\\\/#organization\"}},{\"@type\":[\"WebPage\",\"ItemPage\"],\"@id\":\"https:\\\/\\\/pre.efe.com\\\/pt-br\\\/brasil\\\/2022-11-30\\\/conselheiro-da-casa-branca-vai-se-reunir-com-equipes-de-bolsonaro-e-lula\\\/\",\"url\":\"https:\\\/\\\/pre.efe.com\\\/pt-br\\\/brasil\\\/2022-11-30\\\/conselheiro-da-casa-branca-vai-se-reunir-com-equipes-de-bolsonaro-e-lula\\\/\",\"name\":\"Conselheiro da Casa Branca vai se reunir com equipes de Bolsonaro e Lula - EFE\",\"isPartOf\":{\"@id\":\"https:\\\/\\\/pre.efe.com\\\/pt-br\\\/#website\"},\"primaryImageOfPage\":{\"@id\":\"https:\\\/\\\/pre.efe.com\\\/pt-br\\\/brasil\\\/2022-11-30\\\/conselheiro-da-casa-branca-vai-se-reunir-com-equipes-de-bolsonaro-e-lula\\\/#primaryimage\"},\"image\":{\"@id\":\"https:\\\/\\\/pre.efe.com\\\/pt-br\\\/brasil\\\/2022-11-30\\\/conselheiro-da-casa-branca-vai-se-reunir-com-equipes-de-bolsonaro-e-lula\\\/#primaryimage\"},\"thumbnailUrl\":\"https:\\\/\\\/pre.efe.com\\\/wp-content\\\/uploads\\\/2022\\\/11\\\/LULA-BOLSONARO.jpg\",\"datePublished\":\"2022-11-30T01:04:34+00:00\",\"dateModified\":\"2022-11-30T01:04:36+00:00\",\"breadcrumb\":{\"@id\":\"https:\\\/\\\/pre.efe.com\\\/pt-br\\\/brasil\\\/2022-11-30\\\/conselheiro-da-casa-branca-vai-se-reunir-com-equipes-de-bolsonaro-e-lula\\\/#breadcrumb\"},\"inLanguage\":\"pt-BR\",\"potentialAction\":[{\"@type\":\"ReadAction\",\"target\":[\"https:\\\/\\\/pre.efe.com\\\/pt-br\\\/brasil\\\/2022-11-30\\\/conselheiro-da-casa-branca-vai-se-reunir-com-equipes-de-bolsonaro-e-lula\\\/\"]}]},{\"@type\":\"ImageObject\",\"inLanguage\":\"pt-BR\",\"@id\":\"https:\\\/\\\/pre.efe.com\\\/pt-br\\\/brasil\\\/2022-11-30\\\/conselheiro-da-casa-branca-vai-se-reunir-com-equipes-de-bolsonaro-e-lula\\\/#primaryimage\",\"url\":\"https:\\\/\\\/pre.efe.com\\\/wp-content\\\/uploads\\\/2022\\\/11\\\/LULA-BOLSONARO.jpg\",\"contentUrl\":\"https:\\\/\\\/pre.efe.com\\\/wp-content\\\/uploads\\\/2022\\\/11\\\/LULA-BOLSONARO.jpg\",\"width\":900,\"height\":600,\"caption\":\"O conselheiro de Seguran\u00e7a Nacional da Casa Branca, Jake Sullivan. EFE\\\/Arquivo\\\/MICHAEL REYNOLDS\"},{\"@type\":\"BreadcrumbList\",\"@id\":\"https:\\\/\\\/pre.efe.com\\\/pt-br\\\/brasil\\\/2022-11-30\\\/conselheiro-da-casa-branca-vai-se-reunir-com-equipes-de-bolsonaro-e-lula\\\/#breadcrumb\",\"itemListElement\":[{\"@type\":\"ListItem\",\"position\":1,\"name\":\"Portada\",\"item\":\"https:\\\/\\\/pre.efe.com\\\/pt-br\\\/\"},{\"@type\":\"ListItem\",\"position\":2,\"name\":\"Conselheiro da Casa Branca vai se reunir com equipes de Bolsonaro e Lula\"}]},{\"@type\":\"WebSite\",\"@id\":\"https:\\\/\\\/pre.efe.com\\\/pt-br\\\/#website\",\"url\":\"https:\\\/\\\/pre.efe.com\\\/pt-br\\\/\",\"name\":\"EFE Noticias\",\"description\":\"\",\"publisher\":{\"@id\":\"https:\\\/\\\/pre.efe.com\\\/pt-br\\\/#organization\"},\"potentialAction\":[{\"@type\":\"SearchAction\",\"target\":{\"@type\":\"EntryPoint\",\"urlTemplate\":\"https:\\\/\\\/pre.efe.com\\\/pt-br\\\/?s={search_term_string}\"},\"query-input\":{\"@type\":\"PropertyValueSpecification\",\"valueRequired\":true,\"valueName\":\"search_term_string\"}}],\"inLanguage\":\"pt-BR\"},{\"@type\":\"Organization\",\"@id\":\"https:\\\/\\\/pre.efe.com\\\/pt-br\\\/#organization\",\"name\":\"Agencia EFE\",\"url\":\"https:\\\/\\\/pre.efe.com\\\/pt-br\\\/\",\"logo\":{\"@type\":\"ImageObject\",\"inLanguage\":\"pt-BR\",\"@id\":\"https:\\\/\\\/pre.efe.com\\\/pt-br\\\/#\\\/schema\\\/logo\\\/image\\\/\",\"url\":\"https:\\\/\\\/pre.efe.com\\\/wp-content\\\/uploads\\\/2023\\\/06\\\/logo-efe-467.png\",\"contentUrl\":\"https:\\\/\\\/pre.efe.com\\\/wp-content\\\/uploads\\\/2023\\\/06\\\/logo-efe-467.png\",\"width\":467,\"height\":467,\"caption\":\"Agencia EFE\"},\"image\":{\"@id\":\"https:\\\/\\\/pre.efe.com\\\/pt-br\\\/#\\\/schema\\\/logo\\\/image\\\/\"},\"sameAs\":[\"https:\\\/\\\/www.facebook.com\\\/AgenciaEFEnoticias\\\/\",\"https:\\\/\\\/x.com\\\/efenoticias\",\"https:\\\/\\\/www.instagram.com\\\/efe_noticias\\\/\",\"http:\\\/\\\/www.youtube.com\\\/efe\"]},{\"@type\":\"Person\",\"@id\":\"https:\\\/\\\/pre.efe.com\\\/pt-br\\\/#\\\/schema\\\/person\\\/b19f23f210db552768f68a4b552b004f\",\"name\":\"anachain\",\"image\":{\"@type\":\"ImageObject\",\"inLanguage\":\"pt-BR\",\"@id\":\"https:\\\/\\\/secure.gravatar.com\\\/avatar\\\/30b83965911ef1108bb893c00bdd65c885f9890e1265ee04b02c3d5adc785d37?s=96&d=identicon&r=g\",\"url\":\"https:\\\/\\\/secure.gravatar.com\\\/avatar\\\/30b83965911ef1108bb893c00bdd65c885f9890e1265ee04b02c3d5adc785d37?s=96&d=identicon&r=g\",\"contentUrl\":\"https:\\\/\\\/secure.gravatar.com\\\/avatar\\\/30b83965911ef1108bb893c00bdd65c885f9890e1265ee04b02c3d5adc785d37?s=96&d=identicon&r=g\",\"caption\":\"anachain\"},\"url\":\"https:\\\/\\\/pre.efe.com\\\/pt-br\\\/autor\\\/anachain\\\/\"}]}<\/script>\n<!-- \/ Yoast SEO Premium plugin. -->","yoast_head_json":{"title":"Conselheiro da Casa Branca vai se reunir com equipes de Bolsonaro e Lula - EFE","robots":{"index":"noindex","follow":"follow"},"og_locale":"pt_BR","og_type":"article","og_title":"Conselheiro da Casa Branca vai se reunir com equipes de Bolsonaro e Lula - EFE","og_description":"Washington (EFE).-\u00a0O conselheiro de Seguran\u00e7a Nacional da Casa Branca, Jake Sullivan, vai viajar ao Brasil em 5 de dezembro para se reunir com as equipes do presidente Jair Bolsonaro e do presidente eleito, Luiz In\u00e1cio Lula da Silva. A informa\u00e7\u00e3o foi confirmada \u00e0 Ag\u00eancia EFE por um porta-voz da presid\u00eancia dos Estados Unidos. Os EUA ... Leia mais","og_url":"https:\/\/pre.efe.com\/pt-br\/brasil\/2022-11-30\/conselheiro-da-casa-branca-vai-se-reunir-com-equipes-de-bolsonaro-e-lula\/","og_site_name":"EFE Noticias","article_publisher":"https:\/\/www.facebook.com\/AgenciaEFEnoticias\/","article_published_time":"2022-11-30T01:04:34+00:00","article_modified_time":"2022-11-30T01:04:36+00:00","og_image":[{"width":900,"height":600,"url":"https:\/\/i0.wp.com\/efe.com\/\/srv\/htdocs\/wp-content\/uploads\/2022\/11\/LULA-BOLSONARO.jpg?fit=900%2C600&ssl=1","type":"image\/jpeg"}],"author":"anachain","twitter_card":"summary_large_image","twitter_creator":"@efenoticias","twitter_site":"@efenoticias","schema":{"@context":"https:\/\/schema.org","@graph":[{"@type":"NewsArticle","@id":"https:\/\/pre.efe.com\/pt-br\/brasil\/2022-11-30\/conselheiro-da-casa-branca-vai-se-reunir-com-equipes-de-bolsonaro-e-lula\/#article","isPartOf":{"@id":"https:\/\/pre.efe.com\/pt-br\/brasil\/2022-11-30\/conselheiro-da-casa-branca-vai-se-reunir-com-equipes-de-bolsonaro-e-lula\/"},"author":{"name":"anachain","@id":"https:\/\/pre.efe.com\/pt-br\/#\/schema\/person\/b19f23f210db552768f68a4b552b004f"},"headline":"Conselheiro da Casa Branca vai se reunir com equipes de Bolsonaro e Lula","datePublished":"2022-11-30T01:04:34+00:00","dateModified":"2022-11-30T01:04:36+00:00","mainEntityOfPage":{"@id":"https:\/\/pre.efe.com\/pt-br\/brasil\/2022-11-30\/conselheiro-da-casa-branca-vai-se-reunir-com-equipes-de-bolsonaro-e-lula\/"},"wordCount":256,"publisher":{"@id":"https:\/\/pre.efe.com\/pt-br\/#organization"},"image":{"@id":"https:\/\/pre.efe.com\/pt-br\/brasil\/2022-11-30\/conselheiro-da-casa-branca-vai-se-reunir-com-equipes-de-bolsonaro-e-lula\/#primaryimage"},"thumbnailUrl":"https:\/\/pre.efe.com\/wp-content\/uploads\/2022\/11\/LULA-BOLSONARO.jpg","keywords":["Bolsonaro","Brasil","EUA","Lula"],"articleSection":["Brasil","Portada"],"inLanguage":"pt-BR","copyrightYear":"2022","copyrightHolder":{"@id":"https:\/\/pre.efe.com\/#organization"}},{"@type":["WebPage","ItemPage"],"@id":"https:\/\/pre.efe.com\/pt-br\/brasil\/2022-11-30\/conselheiro-da-casa-branca-vai-se-reunir-com-equipes-de-bolsonaro-e-lula\/","url":"https:\/\/pre.efe.com\/pt-br\/brasil\/2022-11-30\/conselheiro-da-casa-branca-vai-se-reunir-com-equipes-de-bolsonaro-e-lula\/","name":"Conselheiro da Casa Branca vai se reunir com equipes de Bolsonaro e Lula - EFE","isPartOf":{"@id":"https:\/\/pre.efe.com\/pt-br\/#website"},"primaryImageOfPage":{"@id":"https:\/\/pre.efe.com\/pt-br\/brasil\/2022-11-30\/conselheiro-da-casa-branca-vai-se-reunir-com-equipes-de-bolsonaro-e-lula\/#primaryimage"},"image":{"@id":"https:\/\/pre.efe.com\/pt-br\/brasil\/2022-11-30\/conselheiro-da-casa-branca-vai-se-reunir-com-equipes-de-bolsonaro-e-lula\/#primaryimage"},"thumbnailUrl":"https:\/\/pre.efe.com\/wp-content\/uploads\/2022\/11\/LULA-BOLSONARO.jpg","datePublished":"2022-11-30T01:04:34+00:00","dateModified":"2022-11-30T01:04:36+00:00","breadcrumb":{"@id":"https:\/\/pre.efe.com\/pt-br\/brasil\/2022-11-30\/conselheiro-da-casa-branca-vai-se-reunir-com-equipes-de-bolsonaro-e-lula\/#breadcrumb"},"inLanguage":"pt-BR","potentialAction":[{"@type":"ReadAction","target":["https:\/\/pre.efe.com\/pt-br\/brasil\/2022-11-30\/conselheiro-da-casa-branca-vai-se-reunir-com-equipes-de-bolsonaro-e-lula\/"]}]},{"@type":"ImageObject","inLanguage":"pt-BR","@id":"https:\/\/pre.efe.com\/pt-br\/brasil\/2022-11-30\/conselheiro-da-casa-branca-vai-se-reunir-com-equipes-de-bolsonaro-e-lula\/#primaryimage","url":"https:\/\/pre.efe.com\/wp-content\/uploads\/2022\/11\/LULA-BOLSONARO.jpg","contentUrl":"https:\/\/pre.efe.com\/wp-content\/uploads\/2022\/11\/LULA-BOLSONARO.jpg","width":900,"height":600,"caption":"O conselheiro de Seguran\u00e7a Nacional da Casa Branca, Jake Sullivan. EFE\/Arquivo\/MICHAEL REYNOLDS"},{"@type":"BreadcrumbList","@id":"https:\/\/pre.efe.com\/pt-br\/brasil\/2022-11-30\/conselheiro-da-casa-branca-vai-se-reunir-com-equipes-de-bolsonaro-e-lula\/#breadcrumb","itemListElement":[{"@type":"ListItem","position":1,"name":"Portada","item":"https:\/\/pre.efe.com\/pt-br\/"},{"@type":"ListItem","position":2,"name":"Conselheiro da Casa Branca vai se reunir com equipes de Bolsonaro e Lula"}]},{"@type":"WebSite","@id":"https:\/\/pre.efe.com\/pt-br\/#website","url":"https:\/\/pre.efe.com\/pt-br\/","name":"EFE Noticias","description":"","publisher":{"@id":"https:\/\/pre.efe.com\/pt-br\/#organization"},"potentialAction":[{"@type":"SearchAction","target":{"@type":"EntryPoint","urlTemplate":"https:\/\/pre.efe.com\/pt-br\/?s={search_term_string}"},"query-input":{"@type":"PropertyValueSpecification","valueRequired":true,"valueName":"search_term_string"}}],"inLanguage":"pt-BR"},{"@type":"Organization","@id":"https:\/\/pre.efe.com\/pt-br\/#organization","name":"Agencia EFE","url":"https:\/\/pre.efe.com\/pt-br\/","logo":{"@type":"ImageObject","inLanguage":"pt-BR","@id":"https:\/\/pre.efe.com\/pt-br\/#\/schema\/logo\/image\/","url":"https:\/\/pre.efe.com\/wp-content\/uploads\/2023\/06\/logo-efe-467.png","contentUrl":"https:\/\/pre.efe.com\/wp-content\/uploads\/2023\/06\/logo-efe-467.png","width":467,"height":467,"caption":"Agencia EFE"},"image":{"@id":"https:\/\/pre.efe.com\/pt-br\/#\/schema\/logo\/image\/"},"sameAs":["https:\/\/www.facebook.com\/AgenciaEFEnoticias\/","https:\/\/x.com\/efenoticias","https:\/\/www.instagram.com\/efe_noticias\/","http:\/\/www.youtube.com\/efe"]},{"@type":"Person","@id":"https:\/\/pre.efe.com\/pt-br\/#\/schema\/person\/b19f23f210db552768f68a4b552b004f","name":"anachain","image":{"@type":"ImageObject","inLanguage":"pt-BR","@id":"https:\/\/secure.gravatar.com\/avatar\/30b83965911ef1108bb893c00bdd65c885f9890e1265ee04b02c3d5adc785d37?s=96&d=identicon&r=g","url":"https:\/\/secure.gravatar.com\/avatar\/30b83965911ef1108bb893c00bdd65c885f9890e1265ee04b02c3d5adc785d37?s=96&d=identicon&r=g","contentUrl":"https:\/\/secure.gravatar.com\/avatar\/30b83965911ef1108bb893c00bdd65c885f9890e1265ee04b02c3d5adc785d37?s=96&d=identicon&r=g","caption":"anachain"},"url":"https:\/\/pre.efe.com\/pt-br\/autor\/anachain\/"}]}},"jetpack_featured_media_url":"https:\/\/pre.efe.com\/wp-content\/uploads\/2022\/11\/LULA-BOLSONARO.jpg","jetpack_shortlink":"https:\/\/wp.me\/peJvHm-NKF","jetpack_sharing_enabled":true,"_links":{"self":[{"href":"https:\/\/pre.efe.com\/pt-br\/wp-json\/wp\/v2\/posts\/191249","targetHints":{"allow":["GET"]}}],"collection":[{"href":"https:\/\/pre.efe.com\/pt-br\/wp-json\/wp\/v2\/posts"}],"about":[{"href":"https:\/\/pre.efe.com\/pt-br\/wp-json\/wp\/v2\/types\/post"}],"author":[{"embeddable":true,"href":"https:\/\/pre.efe.com\/pt-br\/wp-json\/wp\/v2\/users\/198164106"}],"replies":[{"embeddable":true,"href":"https:\/\/pre.efe.com\/pt-br\/wp-json\/wp\/v2\/comments?post=191249"}],"version-history":[{"count":2,"href":"https:\/\/pre.efe.com\/pt-br\/wp-json\/wp\/v2\/posts\/191249\/revisions"}],"predecessor-version":[{"id":191254,"href":"https:\/\/pre.efe.com\/pt-br\/wp-json\/wp\/v2\/posts\/191249\/revisions\/191254"}],"wp:featuredmedia":[{"embeddable":true,"href":"https:\/\/pre.efe.com\/pt-br\/wp-json\/wp\/v2\/media\/191251"}],"wp:attachment":[{"href":"https:\/\/pre.efe.com\/pt-br\/wp-json\/wp\/v2\/media?parent=191249"}],"wp:term":[{"taxonomy":"category","embeddable":true,"href":"https:\/\/pre.efe.com\/pt-br\/wp-json\/wp\/v2\/categories?post=191249"},{"taxonomy":"post_tag","embeddable":true,"href":"https:\/\/pre.efe.com\/pt-br\/wp-json\/wp\/v2\/tags?post=191249"}],"curies":[{"name":"wp","href":"https:\/\/api.w.org\/{rel}","templated":true}]}}