{"id":1918795,"date":"2025-06-02T16:37:35","date_gmt":"2025-06-02T14:37:35","guid":{"rendered":"https:\/\/pre.efe.com\/?p=1918795"},"modified":"2025-06-02T16:37:40","modified_gmt":"2025-06-02T14:37:40","slug":"zelensky-anuncia-outra-troca-de-prisioneiros-apos-nova-reuniao-de-istambul","status":"publish","type":"post","link":"https:\/\/pre.efe.com\/pt-br\/mundo-2\/2025-06-02\/zelensky-anuncia-outra-troca-de-prisioneiros-apos-nova-reuniao-de-istambul\/","title":{"rendered":"Zelensky anuncia outra troca de prisioneiros ap\u00f3s nova reuni\u00e3o de Istambul"},"content":{"rendered":"\n<p>Riga (EFE).- O presidente da Ucr\u00e2nia, Volodymyr Zelensky, anunciou nesta segunda-feira, ap\u00f3s a segunda reuni\u00e3o entre as delega\u00e7\u00f5es de Moscou e Kiev em Istambul, que haver\u00e1 uma nova troca de prisioneiros, depois da anterior que envolveu 1.000 detidos de cada lado e que foi pactuada em 16 de maio na mesma cidade turca e concretizada alguns dias depois.<\/p>\n\n\n\n<p>&#8220;As negocia\u00e7\u00f5es em Istambul foram conclu\u00eddas e estou aguardando o relat\u00f3rio completo do ministro (da Defesa, Rustem) Umerov. Eles (russos e ucranianos) trocaram documentos por meio do lado turco, e estamos preparando uma nova liberta\u00e7\u00e3o de prisioneiros de guerra&#8221;, disse Zelensky em Vilnius, ao final de uma c\u00fapula de pa\u00edses dos flancos norte e leste da Otan para a qual havia sido convidado.<\/p>\n\n\n\n<p>O presidente ucraniano insistiu na necessidade de san\u00e7\u00f5es adicionais mais severas contra as exporta\u00e7\u00f5es de energia russas, e particularmente contra as vendas de petr\u00f3leo de Moscou, caso esses novos contatos na Turquia, mediados pelo governo de Ancara, n\u00e3o produzam progressos em dire\u00e7\u00e3o a um fim negociado da guerra.<\/p>\n\n\n\n<p>&#8220;Precisamos trabalhar em san\u00e7\u00f5es conjuntas no n\u00edvel do G7&#8221;, destacou Zelensky, que mencionou explicitamente a import\u00e2ncia de os Estados Unidos \u2013 que n\u00e3o aprovaram novas medidas punitivas contra a R\u00fassia desde a posse do presidente Donald Trump \u2013 estarem entre os que sancionam o Kremlin.<\/p>\n\n\n\n<p>Durante seu discurso, Zelensky anunciou, sem dar detalhes, que os pa\u00edses da Otan representados na reuni\u00e3o se comprometeram a enviar novos pacotes de ajuda militar e a continuar financiando a produ\u00e7\u00e3o de armas na Ucr\u00e2nia.<\/p>\n\n\n\n<p>O presidente ucraniano tamb\u00e9m comentou a opera\u00e7\u00e3o realizada por seus servi\u00e7os secretos neste domingo \u2013 na qual, segundo Kiev, mais de 40 avi\u00f5es de combate russos estacionados em bases a\u00e9reas na retaguarda russa foram atingidos por drones \u2013 como um exemplo de como a &#8220;guerra moderna&#8221; deve ser conduzida. EFE<\/p>\n","protected":false},"excerpt":{"rendered":"<p>Riga (EFE).- O presidente da Ucr\u00e2nia, Volodymyr Zelensky, anunciou nesta segunda-feira, ap\u00f3s a segunda reuni\u00e3o entre as delega\u00e7\u00f5es de Moscou e Kiev em Istambul, que haver\u00e1 uma nova troca de prisioneiros, depois da anterior que envolveu 1.000 detidos de cada lado e que foi pactuada em 16 de maio na mesma cidade turca e concretizada &#8230; <a title=\"Zelensky anuncia outra troca de prisioneiros ap\u00f3s nova reuni\u00e3o de Istambul\" class=\"read-more\" href=\"https:\/\/pre.efe.com\/pt-br\/mundo-2\/2025-06-02\/zelensky-anuncia-outra-troca-de-prisioneiros-apos-nova-reuniao-de-istambul\/\" aria-label=\"Read more about Zelensky anuncia outra troca de prisioneiros ap\u00f3s nova reuni\u00e3o de Istambul\">Leia mais<\/a><\/p>\n","protected":false},"author":198164106,"featured_media":1908036,"comment_status":"closed","ping_status":"closed","sticky":false,"template":"","format":"standard","meta":{"_acf_changed":false,"_jetpack_memberships_contains_paid_content":false,"footnotes":""},"categories":[123208,122141],"tags":[124845,122791,122958,122792],"class_list":["post-1918795","post","type-post","status-publish","format-standard","has-post-thumbnail","hentry","category-mundo-2","category-portada","tag-governo","tag-guerra-2","tag-russia-2","tag-ucrania-2","generate-columns","tablet-grid-50","mobile-grid-100","grid-parent","grid-50"],"acf":[],"yoast_head":"<!-- This site is optimized with the Yoast SEO Premium plugin v26.0 (Yoast SEO v27.4) - https:\/\/yoast.com\/product\/yoast-seo-premium-wordpress\/ -->\n<title>Zelensky anuncia outra troca de prisioneiros ap\u00f3s nova reuni\u00e3o de Istambul - EFE<\/title>\n<meta name=\"robots\" content=\"noindex, follow\" \/>\n<meta property=\"og:locale\" content=\"pt_BR\" \/>\n<meta property=\"og:type\" content=\"article\" \/>\n<meta property=\"og:title\" content=\"Zelensky anuncia outra troca de prisioneiros ap\u00f3s nova reuni\u00e3o de Istambul - EFE\" \/>\n<meta property=\"og:description\" content=\"Riga (EFE).- O presidente da Ucr\u00e2nia, Volodymyr Zelensky, anunciou nesta segunda-feira, ap\u00f3s a segunda reuni\u00e3o entre as delega\u00e7\u00f5es de Moscou e Kiev em Istambul, que haver\u00e1 uma nova troca de prisioneiros, depois da anterior que envolveu 1.000 detidos de cada lado e que foi pactuada em 16 de maio na mesma cidade turca e concretizada ... Leia mais\" \/>\n<meta property=\"og:url\" content=\"https:\/\/pre.efe.com\/pt-br\/mundo-2\/2025-06-02\/zelensky-anuncia-outra-troca-de-prisioneiros-apos-nova-reuniao-de-istambul\/\" \/>\n<meta property=\"og:site_name\" content=\"EFE Noticias\" \/>\n<meta property=\"article:publisher\" content=\"https:\/\/www.facebook.com\/AgenciaEFEnoticias\/\" \/>\n<meta property=\"article:published_time\" content=\"2025-06-02T14:37:35+00:00\" \/>\n<meta property=\"article:modified_time\" content=\"2025-06-02T14:37:40+00:00\" \/>\n<meta property=\"og:image\" content=\"https:\/\/pre.efe.com\/wp-content\/uploads\/2025\/05\/rss-efefedd7b77e8d4c90a13ddc1b7ef927a3bea3accacw.webp\" \/>\n\t<meta property=\"og:image:width\" content=\"1920\" \/>\n\t<meta property=\"og:image:height\" content=\"1280\" \/>\n\t<meta property=\"og:image:type\" content=\"image\/jpeg\" \/>\n<meta name=\"author\" content=\"anachain\" \/>\n<meta name=\"twitter:card\" content=\"summary_large_image\" \/>\n<meta name=\"twitter:creator\" content=\"@efenoticias\" \/>\n<meta name=\"twitter:site\" content=\"@efenoticias\" \/>\n<script type=\"application\/ld+json\" class=\"yoast-schema-graph\">{\"@context\":\"https:\\\/\\\/schema.org\",\"@graph\":[{\"@type\":\"NewsArticle\",\"@id\":\"https:\\\/\\\/pre.efe.com\\\/pt-br\\\/mundo-2\\\/2025-06-02\\\/zelensky-anuncia-outra-troca-de-prisioneiros-apos-nova-reuniao-de-istambul\\\/#article\",\"isPartOf\":{\"@id\":\"https:\\\/\\\/pre.efe.com\\\/pt-br\\\/mundo-2\\\/2025-06-02\\\/zelensky-anuncia-outra-troca-de-prisioneiros-apos-nova-reuniao-de-istambul\\\/\"},\"author\":{\"name\":\"anachain\",\"@id\":\"https:\\\/\\\/pre.efe.com\\\/pt-br\\\/#\\\/schema\\\/person\\\/b19f23f210db552768f68a4b552b004f\"},\"headline\":\"Zelensky anuncia outra troca de prisioneiros ap\u00f3s nova reuni\u00e3o de Istambul\",\"datePublished\":\"2025-06-02T14:37:35+00:00\",\"dateModified\":\"2025-06-02T14:37:40+00:00\",\"mainEntityOfPage\":{\"@id\":\"https:\\\/\\\/pre.efe.com\\\/pt-br\\\/mundo-2\\\/2025-06-02\\\/zelensky-anuncia-outra-troca-de-prisioneiros-apos-nova-reuniao-de-istambul\\\/\"},\"wordCount\":335,\"publisher\":{\"@id\":\"https:\\\/\\\/pre.efe.com\\\/pt-br\\\/#organization\"},\"image\":{\"@id\":\"https:\\\/\\\/pre.efe.com\\\/pt-br\\\/mundo-2\\\/2025-06-02\\\/zelensky-anuncia-outra-troca-de-prisioneiros-apos-nova-reuniao-de-istambul\\\/#primaryimage\"},\"thumbnailUrl\":\"https:\\\/\\\/pre.efe.com\\\/wp-content\\\/uploads\\\/2025\\\/05\\\/rss-efefedd7b77e8d4c90a13ddc1b7ef927a3bea3accacw.webp\",\"keywords\":[\"Governo\",\"Guerra\",\"Russia\",\"Ucrania\"],\"articleSection\":[\"Mundo\",\"Portada\"],\"inLanguage\":\"pt-BR\",\"copyrightYear\":\"2025\",\"copyrightHolder\":{\"@id\":\"https:\\\/\\\/pre.efe.com\\\/#organization\"}},{\"@type\":[\"WebPage\",\"ItemPage\"],\"@id\":\"https:\\\/\\\/pre.efe.com\\\/pt-br\\\/mundo-2\\\/2025-06-02\\\/zelensky-anuncia-outra-troca-de-prisioneiros-apos-nova-reuniao-de-istambul\\\/\",\"url\":\"https:\\\/\\\/pre.efe.com\\\/pt-br\\\/mundo-2\\\/2025-06-02\\\/zelensky-anuncia-outra-troca-de-prisioneiros-apos-nova-reuniao-de-istambul\\\/\",\"name\":\"Zelensky anuncia outra troca de prisioneiros ap\u00f3s nova reuni\u00e3o de Istambul - EFE\",\"isPartOf\":{\"@id\":\"https:\\\/\\\/pre.efe.com\\\/pt-br\\\/#website\"},\"primaryImageOfPage\":{\"@id\":\"https:\\\/\\\/pre.efe.com\\\/pt-br\\\/mundo-2\\\/2025-06-02\\\/zelensky-anuncia-outra-troca-de-prisioneiros-apos-nova-reuniao-de-istambul\\\/#primaryimage\"},\"image\":{\"@id\":\"https:\\\/\\\/pre.efe.com\\\/pt-br\\\/mundo-2\\\/2025-06-02\\\/zelensky-anuncia-outra-troca-de-prisioneiros-apos-nova-reuniao-de-istambul\\\/#primaryimage\"},\"thumbnailUrl\":\"https:\\\/\\\/pre.efe.com\\\/wp-content\\\/uploads\\\/2025\\\/05\\\/rss-efefedd7b77e8d4c90a13ddc1b7ef927a3bea3accacw.webp\",\"datePublished\":\"2025-06-02T14:37:35+00:00\",\"dateModified\":\"2025-06-02T14:37:40+00:00\",\"breadcrumb\":{\"@id\":\"https:\\\/\\\/pre.efe.com\\\/pt-br\\\/mundo-2\\\/2025-06-02\\\/zelensky-anuncia-outra-troca-de-prisioneiros-apos-nova-reuniao-de-istambul\\\/#breadcrumb\"},\"inLanguage\":\"pt-BR\",\"potentialAction\":[{\"@type\":\"ReadAction\",\"target\":[\"https:\\\/\\\/pre.efe.com\\\/pt-br\\\/mundo-2\\\/2025-06-02\\\/zelensky-anuncia-outra-troca-de-prisioneiros-apos-nova-reuniao-de-istambul\\\/\"]}]},{\"@type\":\"ImageObject\",\"inLanguage\":\"pt-BR\",\"@id\":\"https:\\\/\\\/pre.efe.com\\\/pt-br\\\/mundo-2\\\/2025-06-02\\\/zelensky-anuncia-outra-troca-de-prisioneiros-apos-nova-reuniao-de-istambul\\\/#primaryimage\",\"url\":\"https:\\\/\\\/pre.efe.com\\\/wp-content\\\/uploads\\\/2025\\\/05\\\/rss-efefedd7b77e8d4c90a13ddc1b7ef927a3bea3accacw.webp\",\"contentUrl\":\"https:\\\/\\\/pre.efe.com\\\/wp-content\\\/uploads\\\/2025\\\/05\\\/rss-efefedd7b77e8d4c90a13ddc1b7ef927a3bea3accacw.webp\",\"width\":1920,\"height\":1280,\"caption\":\"Volodymyr Zelensky. EFE\\\/Arquivo\\\/CHRISTOPH SOEDER\"},{\"@type\":\"BreadcrumbList\",\"@id\":\"https:\\\/\\\/pre.efe.com\\\/pt-br\\\/mundo-2\\\/2025-06-02\\\/zelensky-anuncia-outra-troca-de-prisioneiros-apos-nova-reuniao-de-istambul\\\/#breadcrumb\",\"itemListElement\":[{\"@type\":\"ListItem\",\"position\":1,\"name\":\"Portada\",\"item\":\"https:\\\/\\\/pre.efe.com\\\/pt-br\\\/\"},{\"@type\":\"ListItem\",\"position\":2,\"name\":\"Zelensky anuncia outra troca de prisioneiros ap\u00f3s nova reuni\u00e3o de Istambul\"}]},{\"@type\":\"WebSite\",\"@id\":\"https:\\\/\\\/pre.efe.com\\\/pt-br\\\/#website\",\"url\":\"https:\\\/\\\/pre.efe.com\\\/pt-br\\\/\",\"name\":\"EFE Noticias\",\"description\":\"\",\"publisher\":{\"@id\":\"https:\\\/\\\/pre.efe.com\\\/pt-br\\\/#organization\"},\"potentialAction\":[{\"@type\":\"SearchAction\",\"target\":{\"@type\":\"EntryPoint\",\"urlTemplate\":\"https:\\\/\\\/pre.efe.com\\\/pt-br\\\/?s={search_term_string}\"},\"query-input\":{\"@type\":\"PropertyValueSpecification\",\"valueRequired\":true,\"valueName\":\"search_term_string\"}}],\"inLanguage\":\"pt-BR\"},{\"@type\":\"Organization\",\"@id\":\"https:\\\/\\\/pre.efe.com\\\/pt-br\\\/#organization\",\"name\":\"Agencia EFE\",\"url\":\"https:\\\/\\\/pre.efe.com\\\/pt-br\\\/\",\"logo\":{\"@type\":\"ImageObject\",\"inLanguage\":\"pt-BR\",\"@id\":\"https:\\\/\\\/pre.efe.com\\\/pt-br\\\/#\\\/schema\\\/logo\\\/image\\\/\",\"url\":\"https:\\\/\\\/pre.efe.com\\\/wp-content\\\/uploads\\\/2023\\\/06\\\/logo-efe-467.png\",\"contentUrl\":\"https:\\\/\\\/pre.efe.com\\\/wp-content\\\/uploads\\\/2023\\\/06\\\/logo-efe-467.png\",\"width\":467,\"height\":467,\"caption\":\"Agencia EFE\"},\"image\":{\"@id\":\"https:\\\/\\\/pre.efe.com\\\/pt-br\\\/#\\\/schema\\\/logo\\\/image\\\/\"},\"sameAs\":[\"https:\\\/\\\/www.facebook.com\\\/AgenciaEFEnoticias\\\/\",\"https:\\\/\\\/x.com\\\/efenoticias\",\"https:\\\/\\\/www.instagram.com\\\/efe_noticias\\\/\",\"http:\\\/\\\/www.youtube.com\\\/efe\"]},{\"@type\":\"Person\",\"@id\":\"https:\\\/\\\/pre.efe.com\\\/pt-br\\\/#\\\/schema\\\/person\\\/b19f23f210db552768f68a4b552b004f\",\"name\":\"anachain\",\"image\":{\"@type\":\"ImageObject\",\"inLanguage\":\"pt-BR\",\"@id\":\"https:\\\/\\\/secure.gravatar.com\\\/avatar\\\/30b83965911ef1108bb893c00bdd65c885f9890e1265ee04b02c3d5adc785d37?s=96&d=identicon&r=g\",\"url\":\"https:\\\/\\\/secure.gravatar.com\\\/avatar\\\/30b83965911ef1108bb893c00bdd65c885f9890e1265ee04b02c3d5adc785d37?s=96&d=identicon&r=g\",\"contentUrl\":\"https:\\\/\\\/secure.gravatar.com\\\/avatar\\\/30b83965911ef1108bb893c00bdd65c885f9890e1265ee04b02c3d5adc785d37?s=96&d=identicon&r=g\",\"caption\":\"anachain\"},\"url\":\"https:\\\/\\\/pre.efe.com\\\/pt-br\\\/autor\\\/anachain\\\/\"}]}<\/script>\n<!-- \/ Yoast SEO Premium plugin. -->","yoast_head_json":{"title":"Zelensky anuncia outra troca de prisioneiros ap\u00f3s nova reuni\u00e3o de Istambul - EFE","robots":{"index":"noindex","follow":"follow"},"og_locale":"pt_BR","og_type":"article","og_title":"Zelensky anuncia outra troca de prisioneiros ap\u00f3s nova reuni\u00e3o de Istambul - EFE","og_description":"Riga (EFE).- O presidente da Ucr\u00e2nia, Volodymyr Zelensky, anunciou nesta segunda-feira, ap\u00f3s a segunda reuni\u00e3o entre as delega\u00e7\u00f5es de Moscou e Kiev em Istambul, que haver\u00e1 uma nova troca de prisioneiros, depois da anterior que envolveu 1.000 detidos de cada lado e que foi pactuada em 16 de maio na mesma cidade turca e concretizada ... Leia mais","og_url":"https:\/\/pre.efe.com\/pt-br\/mundo-2\/2025-06-02\/zelensky-anuncia-outra-troca-de-prisioneiros-apos-nova-reuniao-de-istambul\/","og_site_name":"EFE Noticias","article_publisher":"https:\/\/www.facebook.com\/AgenciaEFEnoticias\/","article_published_time":"2025-06-02T14:37:35+00:00","article_modified_time":"2025-06-02T14:37:40+00:00","og_image":[{"width":1920,"height":1280,"url":"https:\/\/pre.efe.com\/wp-content\/uploads\/2025\/05\/rss-efefedd7b77e8d4c90a13ddc1b7ef927a3bea3accacw.webp","type":"image\/jpeg"}],"author":"anachain","twitter_card":"summary_large_image","twitter_creator":"@efenoticias","twitter_site":"@efenoticias","schema":{"@context":"https:\/\/schema.org","@graph":[{"@type":"NewsArticle","@id":"https:\/\/pre.efe.com\/pt-br\/mundo-2\/2025-06-02\/zelensky-anuncia-outra-troca-de-prisioneiros-apos-nova-reuniao-de-istambul\/#article","isPartOf":{"@id":"https:\/\/pre.efe.com\/pt-br\/mundo-2\/2025-06-02\/zelensky-anuncia-outra-troca-de-prisioneiros-apos-nova-reuniao-de-istambul\/"},"author":{"name":"anachain","@id":"https:\/\/pre.efe.com\/pt-br\/#\/schema\/person\/b19f23f210db552768f68a4b552b004f"},"headline":"Zelensky anuncia outra troca de prisioneiros ap\u00f3s nova reuni\u00e3o de Istambul","datePublished":"2025-06-02T14:37:35+00:00","dateModified":"2025-06-02T14:37:40+00:00","mainEntityOfPage":{"@id":"https:\/\/pre.efe.com\/pt-br\/mundo-2\/2025-06-02\/zelensky-anuncia-outra-troca-de-prisioneiros-apos-nova-reuniao-de-istambul\/"},"wordCount":335,"publisher":{"@id":"https:\/\/pre.efe.com\/pt-br\/#organization"},"image":{"@id":"https:\/\/pre.efe.com\/pt-br\/mundo-2\/2025-06-02\/zelensky-anuncia-outra-troca-de-prisioneiros-apos-nova-reuniao-de-istambul\/#primaryimage"},"thumbnailUrl":"https:\/\/pre.efe.com\/wp-content\/uploads\/2025\/05\/rss-efefedd7b77e8d4c90a13ddc1b7ef927a3bea3accacw.webp","keywords":["Governo","Guerra","Russia","Ucrania"],"articleSection":["Mundo","Portada"],"inLanguage":"pt-BR","copyrightYear":"2025","copyrightHolder":{"@id":"https:\/\/pre.efe.com\/#organization"}},{"@type":["WebPage","ItemPage"],"@id":"https:\/\/pre.efe.com\/pt-br\/mundo-2\/2025-06-02\/zelensky-anuncia-outra-troca-de-prisioneiros-apos-nova-reuniao-de-istambul\/","url":"https:\/\/pre.efe.com\/pt-br\/mundo-2\/2025-06-02\/zelensky-anuncia-outra-troca-de-prisioneiros-apos-nova-reuniao-de-istambul\/","name":"Zelensky anuncia outra troca de prisioneiros ap\u00f3s nova reuni\u00e3o de Istambul - EFE","isPartOf":{"@id":"https:\/\/pre.efe.com\/pt-br\/#website"},"primaryImageOfPage":{"@id":"https:\/\/pre.efe.com\/pt-br\/mundo-2\/2025-06-02\/zelensky-anuncia-outra-troca-de-prisioneiros-apos-nova-reuniao-de-istambul\/#primaryimage"},"image":{"@id":"https:\/\/pre.efe.com\/pt-br\/mundo-2\/2025-06-02\/zelensky-anuncia-outra-troca-de-prisioneiros-apos-nova-reuniao-de-istambul\/#primaryimage"},"thumbnailUrl":"https:\/\/pre.efe.com\/wp-content\/uploads\/2025\/05\/rss-efefedd7b77e8d4c90a13ddc1b7ef927a3bea3accacw.webp","datePublished":"2025-06-02T14:37:35+00:00","dateModified":"2025-06-02T14:37:40+00:00","breadcrumb":{"@id":"https:\/\/pre.efe.com\/pt-br\/mundo-2\/2025-06-02\/zelensky-anuncia-outra-troca-de-prisioneiros-apos-nova-reuniao-de-istambul\/#breadcrumb"},"inLanguage":"pt-BR","potentialAction":[{"@type":"ReadAction","target":["https:\/\/pre.efe.com\/pt-br\/mundo-2\/2025-06-02\/zelensky-anuncia-outra-troca-de-prisioneiros-apos-nova-reuniao-de-istambul\/"]}]},{"@type":"ImageObject","inLanguage":"pt-BR","@id":"https:\/\/pre.efe.com\/pt-br\/mundo-2\/2025-06-02\/zelensky-anuncia-outra-troca-de-prisioneiros-apos-nova-reuniao-de-istambul\/#primaryimage","url":"https:\/\/pre.efe.com\/wp-content\/uploads\/2025\/05\/rss-efefedd7b77e8d4c90a13ddc1b7ef927a3bea3accacw.webp","contentUrl":"https:\/\/pre.efe.com\/wp-content\/uploads\/2025\/05\/rss-efefedd7b77e8d4c90a13ddc1b7ef927a3bea3accacw.webp","width":1920,"height":1280,"caption":"Volodymyr Zelensky. EFE\/Arquivo\/CHRISTOPH SOEDER"},{"@type":"BreadcrumbList","@id":"https:\/\/pre.efe.com\/pt-br\/mundo-2\/2025-06-02\/zelensky-anuncia-outra-troca-de-prisioneiros-apos-nova-reuniao-de-istambul\/#breadcrumb","itemListElement":[{"@type":"ListItem","position":1,"name":"Portada","item":"https:\/\/pre.efe.com\/pt-br\/"},{"@type":"ListItem","position":2,"name":"Zelensky anuncia outra troca de prisioneiros ap\u00f3s nova reuni\u00e3o de Istambul"}]},{"@type":"WebSite","@id":"https:\/\/pre.efe.com\/pt-br\/#website","url":"https:\/\/pre.efe.com\/pt-br\/","name":"EFE Noticias","description":"","publisher":{"@id":"https:\/\/pre.efe.com\/pt-br\/#organization"},"potentialAction":[{"@type":"SearchAction","target":{"@type":"EntryPoint","urlTemplate":"https:\/\/pre.efe.com\/pt-br\/?s={search_term_string}"},"query-input":{"@type":"PropertyValueSpecification","valueRequired":true,"valueName":"search_term_string"}}],"inLanguage":"pt-BR"},{"@type":"Organization","@id":"https:\/\/pre.efe.com\/pt-br\/#organization","name":"Agencia EFE","url":"https:\/\/pre.efe.com\/pt-br\/","logo":{"@type":"ImageObject","inLanguage":"pt-BR","@id":"https:\/\/pre.efe.com\/pt-br\/#\/schema\/logo\/image\/","url":"https:\/\/pre.efe.com\/wp-content\/uploads\/2023\/06\/logo-efe-467.png","contentUrl":"https:\/\/pre.efe.com\/wp-content\/uploads\/2023\/06\/logo-efe-467.png","width":467,"height":467,"caption":"Agencia EFE"},"image":{"@id":"https:\/\/pre.efe.com\/pt-br\/#\/schema\/logo\/image\/"},"sameAs":["https:\/\/www.facebook.com\/AgenciaEFEnoticias\/","https:\/\/x.com\/efenoticias","https:\/\/www.instagram.com\/efe_noticias\/","http:\/\/www.youtube.com\/efe"]},{"@type":"Person","@id":"https:\/\/pre.efe.com\/pt-br\/#\/schema\/person\/b19f23f210db552768f68a4b552b004f","name":"anachain","image":{"@type":"ImageObject","inLanguage":"pt-BR","@id":"https:\/\/secure.gravatar.com\/avatar\/30b83965911ef1108bb893c00bdd65c885f9890e1265ee04b02c3d5adc785d37?s=96&d=identicon&r=g","url":"https:\/\/secure.gravatar.com\/avatar\/30b83965911ef1108bb893c00bdd65c885f9890e1265ee04b02c3d5adc785d37?s=96&d=identicon&r=g","contentUrl":"https:\/\/secure.gravatar.com\/avatar\/30b83965911ef1108bb893c00bdd65c885f9890e1265ee04b02c3d5adc785d37?s=96&d=identicon&r=g","caption":"anachain"},"url":"https:\/\/pre.efe.com\/pt-br\/autor\/anachain\/"}]}},"jetpack_featured_media_url":"https:\/\/pre.efe.com\/wp-content\/uploads\/2025\/05\/rss-efefedd7b77e8d4c90a13ddc1b7ef927a3bea3accacw.webp","jetpack_shortlink":"https:\/\/wp.me\/peJvHm-83aj","jetpack_sharing_enabled":true,"_links":{"self":[{"href":"https:\/\/pre.efe.com\/pt-br\/wp-json\/wp\/v2\/posts\/1918795","targetHints":{"allow":["GET"]}}],"collection":[{"href":"https:\/\/pre.efe.com\/pt-br\/wp-json\/wp\/v2\/posts"}],"about":[{"href":"https:\/\/pre.efe.com\/pt-br\/wp-json\/wp\/v2\/types\/post"}],"author":[{"embeddable":true,"href":"https:\/\/pre.efe.com\/pt-br\/wp-json\/wp\/v2\/users\/198164106"}],"replies":[{"embeddable":true,"href":"https:\/\/pre.efe.com\/pt-br\/wp-json\/wp\/v2\/comments?post=1918795"}],"version-history":[{"count":2,"href":"https:\/\/pre.efe.com\/pt-br\/wp-json\/wp\/v2\/posts\/1918795\/revisions"}],"predecessor-version":[{"id":1918812,"href":"https:\/\/pre.efe.com\/pt-br\/wp-json\/wp\/v2\/posts\/1918795\/revisions\/1918812"}],"wp:featuredmedia":[{"embeddable":true,"href":"https:\/\/pre.efe.com\/pt-br\/wp-json\/wp\/v2\/media\/1908036"}],"wp:attachment":[{"href":"https:\/\/pre.efe.com\/pt-br\/wp-json\/wp\/v2\/media?parent=1918795"}],"wp:term":[{"taxonomy":"category","embeddable":true,"href":"https:\/\/pre.efe.com\/pt-br\/wp-json\/wp\/v2\/categories?post=1918795"},{"taxonomy":"post_tag","embeddable":true,"href":"https:\/\/pre.efe.com\/pt-br\/wp-json\/wp\/v2\/tags?post=1918795"}],"curies":[{"name":"wp","href":"https:\/\/api.w.org\/{rel}","templated":true}]}}