{"id":193055,"date":"2022-12-01T03:16:53","date_gmt":"2022-12-01T02:16:53","guid":{"rendered":"https:\/\/pre.efe.com\/?p=193055"},"modified":"2022-12-01T03:16:54","modified_gmt":"2022-12-01T02:16:54","slug":"messi-diz-que-argentina-se-fortaleceu-apos-ele-perder-penalti","status":"publish","type":"post","link":"https:\/\/pre.efe.com\/pt-br\/esportes\/2022-12-01\/messi-diz-que-argentina-se-fortaleceu-apos-ele-perder-penalti\/","title":{"rendered":"Messi diz que Argentina se &#8220;fortaleceu&#8221; ap\u00f3s ele perder p\u00eanalti"},"content":{"rendered":"\n<p>Doha (<a href=\"https:\/\/pre.efe.com\/pt-br\/\">EFE<\/a>).-\u00a0O atacante Lionel Messi viu um lado positivo por ter perdido um p\u00eanalti na partida desta quarta-feira contra a Pol\u00f4nia, vencida pela Argentina por 2 a 0, apesar de n\u00e3o ter escondido a irrita\u00e7\u00e3o com o erro na cobran\u00e7a.<\/p>\n\n\n\n<p>De acordo com o craque, o lance fez com que a &#8216;Albiceleste&#8217; acordasse no jogo e conseguisse os tr\u00eas pontos que a levaram \u00e0 classifica\u00e7\u00e3o \u00e0s oitavas de final da Copa do Mundo como primeira colocada do grupo C.<\/p>\n\n\n\n<p>&#8220;Estou irritado por ter perdido a penalidade, mas acho que a equipe saiu fortalecida depois. Sab\u00edamos que assim que o primeiro gol entrasse, o jogo mudaria&#8221;, disse o astro argentino, que superou Diego Maradona em n\u00famero de jogos disputados pela sele\u00e7\u00e3o argentina em Copas do Mundo (22 a 21).<\/p>\n\n\n\n<p>Em entrevista ap\u00f3s o jogo, no est\u00e1dio 974, em Doha, Messi tamb\u00e9m comentou sobre o pr\u00f3ximo duelo da Argentina na Copa, contra a Austr\u00e1lia, que ficou em segundo no grupo D.<\/p>\n\n\n\n<p>&#8220;Vai ser muito dif\u00edcil. Qualquer um pode vencer Tudo est\u00e1 muito equilibrado. Temos que nos preparar para o jogo da melhor maneira poss\u00edvel, como sempre fazemos&#8221;, declarou.<\/p>\n\n\n\n<p>&#8220;Temos que ter calma e fazer um jogo de cada vez. Agora come\u00e7a outra Copa do Mundo, e espero que possamos manter o que fizemos&#8221;, acrescentou o capit\u00e3o da Argentina. <a href=\"https:\/\/efs.efeservicios.com\/\">EFE<\/a><\/p>\n","protected":false},"excerpt":{"rendered":"<p>Doha (EFE).-\u00a0O atacante Lionel Messi viu um lado positivo por ter perdido um p\u00eanalti na partida desta quarta-feira contra a Pol\u00f4nia, vencida pela Argentina por 2 a 0, apesar de n\u00e3o ter escondido a irrita\u00e7\u00e3o com o erro na cobran\u00e7a. De acordo com o craque, o lance fez com que a &#8216;Albiceleste&#8217; acordasse no jogo &#8230; <a title=\"Messi diz que Argentina se &#8220;fortaleceu&#8221; ap\u00f3s ele perder p\u00eanalti\" class=\"read-more\" href=\"https:\/\/pre.efe.com\/pt-br\/esportes\/2022-12-01\/messi-diz-que-argentina-se-fortaleceu-apos-ele-perder-penalti\/\" aria-label=\"Read more about Messi diz que Argentina se &#8220;fortaleceu&#8221; ap\u00f3s ele perder p\u00eanalti\">Leia mais<\/a><\/p>\n","protected":false},"author":198164106,"featured_media":193057,"comment_status":"closed","ping_status":"closed","sticky":false,"template":"","format":"standard","meta":{"_acf_changed":false,"_jetpack_memberships_contains_paid_content":false,"footnotes":""},"categories":[121968],"tags":[122644,122363,122364,122921],"class_list":["post-193055","post","type-post","status-publish","format-standard","has-post-thumbnail","hentry","category-esportes","tag-argentina-2","tag-copa-do-mundo","tag-futebol","tag-qatar","generate-columns","tablet-grid-50","mobile-grid-100","grid-parent","grid-50"],"acf":[],"yoast_head":"<!-- This site is optimized with the Yoast SEO Premium plugin v26.0 (Yoast SEO v27.5) - https:\/\/yoast.com\/product\/yoast-seo-premium-wordpress\/ -->\n<title>Messi diz que Argentina se &quot;fortaleceu&quot; ap\u00f3s ele perder p\u00eanalti - EFE<\/title>\n<meta name=\"robots\" content=\"noindex, follow\" \/>\n<meta property=\"og:locale\" content=\"pt_BR\" \/>\n<meta property=\"og:type\" content=\"article\" \/>\n<meta property=\"og:title\" content=\"Messi diz que Argentina se &quot;fortaleceu&quot; ap\u00f3s ele perder p\u00eanalti - EFE\" \/>\n<meta property=\"og:description\" content=\"Doha (EFE).-\u00a0O atacante Lionel Messi viu um lado positivo por ter perdido um p\u00eanalti na partida desta quarta-feira contra a Pol\u00f4nia, vencida pela Argentina por 2 a 0, apesar de n\u00e3o ter escondido a irrita\u00e7\u00e3o com o erro na cobran\u00e7a. De acordo com o craque, o lance fez com que a &#8216;Albiceleste&#8217; acordasse no jogo ... Leia mais\" \/>\n<meta property=\"og:url\" content=\"https:\/\/pre.efe.com\/pt-br\/esportes\/2022-12-01\/messi-diz-que-argentina-se-fortaleceu-apos-ele-perder-penalti\/\" \/>\n<meta property=\"og:site_name\" content=\"EFE Noticias\" \/>\n<meta property=\"article:publisher\" content=\"https:\/\/www.facebook.com\/AgenciaEFEnoticias\/\" \/>\n<meta property=\"article:published_time\" content=\"2022-12-01T02:16:53+00:00\" \/>\n<meta property=\"article:modified_time\" content=\"2022-12-01T02:16:54+00:00\" \/>\n<meta property=\"og:image\" content=\"https:\/\/i0.wp.com\/efe.com\/\/srv\/htdocs\/wp-content\/uploads\/2022\/12\/MESSI_.jpg?fit=900%2C561&ssl=1\" \/>\n\t<meta property=\"og:image:width\" content=\"900\" \/>\n\t<meta property=\"og:image:height\" content=\"561\" \/>\n\t<meta property=\"og:image:type\" content=\"image\/jpeg\" \/>\n<meta name=\"author\" content=\"anachain\" \/>\n<meta name=\"twitter:card\" content=\"summary_large_image\" \/>\n<meta name=\"twitter:creator\" content=\"@efenoticias\" \/>\n<meta name=\"twitter:site\" content=\"@efenoticias\" \/>\n<script type=\"application\/ld+json\" class=\"yoast-schema-graph\">{\"@context\":\"https:\\\/\\\/schema.org\",\"@graph\":[{\"@type\":\"NewsArticle\",\"@id\":\"https:\\\/\\\/pre.efe.com\\\/pt-br\\\/esportes\\\/2022-12-01\\\/messi-diz-que-argentina-se-fortaleceu-apos-ele-perder-penalti\\\/#article\",\"isPartOf\":{\"@id\":\"https:\\\/\\\/pre.efe.com\\\/pt-br\\\/esportes\\\/2022-12-01\\\/messi-diz-que-argentina-se-fortaleceu-apos-ele-perder-penalti\\\/\"},\"author\":{\"name\":\"anachain\",\"@id\":\"https:\\\/\\\/pre.efe.com\\\/pt-br\\\/#\\\/schema\\\/person\\\/b19f23f210db552768f68a4b552b004f\"},\"headline\":\"Messi diz que Argentina se &#8220;fortaleceu&#8221; ap\u00f3s ele perder p\u00eanalti\",\"datePublished\":\"2022-12-01T02:16:53+00:00\",\"dateModified\":\"2022-12-01T02:16:54+00:00\",\"mainEntityOfPage\":{\"@id\":\"https:\\\/\\\/pre.efe.com\\\/pt-br\\\/esportes\\\/2022-12-01\\\/messi-diz-que-argentina-se-fortaleceu-apos-ele-perder-penalti\\\/\"},\"wordCount\":244,\"publisher\":{\"@id\":\"https:\\\/\\\/pre.efe.com\\\/pt-br\\\/#organization\"},\"image\":{\"@id\":\"https:\\\/\\\/pre.efe.com\\\/pt-br\\\/esportes\\\/2022-12-01\\\/messi-diz-que-argentina-se-fortaleceu-apos-ele-perder-penalti\\\/#primaryimage\"},\"thumbnailUrl\":\"https:\\\/\\\/pre.efe.com\\\/wp-content\\\/uploads\\\/2022\\\/12\\\/MESSI_.jpg\",\"keywords\":[\"Argentina\",\"Copa do Mundo\",\"Futebol\",\"Qatar\"],\"articleSection\":[\"Esportes\"],\"inLanguage\":\"pt-BR\",\"copyrightYear\":\"2022\",\"copyrightHolder\":{\"@id\":\"https:\\\/\\\/pre.efe.com\\\/#organization\"}},{\"@type\":[\"WebPage\",\"ItemPage\"],\"@id\":\"https:\\\/\\\/pre.efe.com\\\/pt-br\\\/esportes\\\/2022-12-01\\\/messi-diz-que-argentina-se-fortaleceu-apos-ele-perder-penalti\\\/\",\"url\":\"https:\\\/\\\/pre.efe.com\\\/pt-br\\\/esportes\\\/2022-12-01\\\/messi-diz-que-argentina-se-fortaleceu-apos-ele-perder-penalti\\\/\",\"name\":\"Messi diz que Argentina se \\\"fortaleceu\\\" ap\u00f3s ele perder p\u00eanalti - EFE\",\"isPartOf\":{\"@id\":\"https:\\\/\\\/pre.efe.com\\\/pt-br\\\/#website\"},\"primaryImageOfPage\":{\"@id\":\"https:\\\/\\\/pre.efe.com\\\/pt-br\\\/esportes\\\/2022-12-01\\\/messi-diz-que-argentina-se-fortaleceu-apos-ele-perder-penalti\\\/#primaryimage\"},\"image\":{\"@id\":\"https:\\\/\\\/pre.efe.com\\\/pt-br\\\/esportes\\\/2022-12-01\\\/messi-diz-que-argentina-se-fortaleceu-apos-ele-perder-penalti\\\/#primaryimage\"},\"thumbnailUrl\":\"https:\\\/\\\/pre.efe.com\\\/wp-content\\\/uploads\\\/2022\\\/12\\\/MESSI_.jpg\",\"datePublished\":\"2022-12-01T02:16:53+00:00\",\"dateModified\":\"2022-12-01T02:16:54+00:00\",\"breadcrumb\":{\"@id\":\"https:\\\/\\\/pre.efe.com\\\/pt-br\\\/esportes\\\/2022-12-01\\\/messi-diz-que-argentina-se-fortaleceu-apos-ele-perder-penalti\\\/#breadcrumb\"},\"inLanguage\":\"pt-BR\",\"potentialAction\":[{\"@type\":\"ReadAction\",\"target\":[\"https:\\\/\\\/pre.efe.com\\\/pt-br\\\/esportes\\\/2022-12-01\\\/messi-diz-que-argentina-se-fortaleceu-apos-ele-perder-penalti\\\/\"]}]},{\"@type\":\"ImageObject\",\"inLanguage\":\"pt-BR\",\"@id\":\"https:\\\/\\\/pre.efe.com\\\/pt-br\\\/esportes\\\/2022-12-01\\\/messi-diz-que-argentina-se-fortaleceu-apos-ele-perder-penalti\\\/#primaryimage\",\"url\":\"https:\\\/\\\/pre.efe.com\\\/wp-content\\\/uploads\\\/2022\\\/12\\\/MESSI_.jpg\",\"contentUrl\":\"https:\\\/\\\/pre.efe.com\\\/wp-content\\\/uploads\\\/2022\\\/12\\\/MESSI_.jpg\",\"width\":900,\"height\":561,\"caption\":\"Lionel Messi durante a partida contra a Pol\u00f4nia. EFE\\\/Juan Ignacio Roncoroni\"},{\"@type\":\"BreadcrumbList\",\"@id\":\"https:\\\/\\\/pre.efe.com\\\/pt-br\\\/esportes\\\/2022-12-01\\\/messi-diz-que-argentina-se-fortaleceu-apos-ele-perder-penalti\\\/#breadcrumb\",\"itemListElement\":[{\"@type\":\"ListItem\",\"position\":1,\"name\":\"Portada\",\"item\":\"https:\\\/\\\/pre.efe.com\\\/pt-br\\\/\"},{\"@type\":\"ListItem\",\"position\":2,\"name\":\"Messi diz que Argentina se &#8220;fortaleceu&#8221; ap\u00f3s ele perder p\u00eanalti\"}]},{\"@type\":\"WebSite\",\"@id\":\"https:\\\/\\\/pre.efe.com\\\/pt-br\\\/#website\",\"url\":\"https:\\\/\\\/pre.efe.com\\\/pt-br\\\/\",\"name\":\"EFE Noticias\",\"description\":\"\",\"publisher\":{\"@id\":\"https:\\\/\\\/pre.efe.com\\\/pt-br\\\/#organization\"},\"potentialAction\":[{\"@type\":\"SearchAction\",\"target\":{\"@type\":\"EntryPoint\",\"urlTemplate\":\"https:\\\/\\\/pre.efe.com\\\/pt-br\\\/?s={search_term_string}\"},\"query-input\":{\"@type\":\"PropertyValueSpecification\",\"valueRequired\":true,\"valueName\":\"search_term_string\"}}],\"inLanguage\":\"pt-BR\"},{\"@type\":\"Organization\",\"@id\":\"https:\\\/\\\/pre.efe.com\\\/pt-br\\\/#organization\",\"name\":\"Agencia EFE\",\"url\":\"https:\\\/\\\/pre.efe.com\\\/pt-br\\\/\",\"logo\":{\"@type\":\"ImageObject\",\"inLanguage\":\"pt-BR\",\"@id\":\"https:\\\/\\\/pre.efe.com\\\/pt-br\\\/#\\\/schema\\\/logo\\\/image\\\/\",\"url\":\"https:\\\/\\\/pre.efe.com\\\/wp-content\\\/uploads\\\/2023\\\/06\\\/logo-efe-467.png\",\"contentUrl\":\"https:\\\/\\\/pre.efe.com\\\/wp-content\\\/uploads\\\/2023\\\/06\\\/logo-efe-467.png\",\"width\":467,\"height\":467,\"caption\":\"Agencia EFE\"},\"image\":{\"@id\":\"https:\\\/\\\/pre.efe.com\\\/pt-br\\\/#\\\/schema\\\/logo\\\/image\\\/\"},\"sameAs\":[\"https:\\\/\\\/www.facebook.com\\\/AgenciaEFEnoticias\\\/\",\"https:\\\/\\\/x.com\\\/efenoticias\",\"https:\\\/\\\/www.instagram.com\\\/efe_noticias\\\/\",\"http:\\\/\\\/www.youtube.com\\\/efe\"]},{\"@type\":\"Person\",\"@id\":\"https:\\\/\\\/pre.efe.com\\\/pt-br\\\/#\\\/schema\\\/person\\\/b19f23f210db552768f68a4b552b004f\",\"name\":\"anachain\",\"image\":{\"@type\":\"ImageObject\",\"inLanguage\":\"pt-BR\",\"@id\":\"https:\\\/\\\/secure.gravatar.com\\\/avatar\\\/30b83965911ef1108bb893c00bdd65c885f9890e1265ee04b02c3d5adc785d37?s=96&d=identicon&r=g\",\"url\":\"https:\\\/\\\/secure.gravatar.com\\\/avatar\\\/30b83965911ef1108bb893c00bdd65c885f9890e1265ee04b02c3d5adc785d37?s=96&d=identicon&r=g\",\"contentUrl\":\"https:\\\/\\\/secure.gravatar.com\\\/avatar\\\/30b83965911ef1108bb893c00bdd65c885f9890e1265ee04b02c3d5adc785d37?s=96&d=identicon&r=g\",\"caption\":\"anachain\"},\"url\":\"https:\\\/\\\/pre.efe.com\\\/pt-br\\\/autor\\\/anachain\\\/\"}]}<\/script>\n<!-- \/ Yoast SEO Premium plugin. -->","yoast_head_json":{"title":"Messi diz que Argentina se \"fortaleceu\" ap\u00f3s ele perder p\u00eanalti - EFE","robots":{"index":"noindex","follow":"follow"},"og_locale":"pt_BR","og_type":"article","og_title":"Messi diz que Argentina se \"fortaleceu\" ap\u00f3s ele perder p\u00eanalti - EFE","og_description":"Doha (EFE).-\u00a0O atacante Lionel Messi viu um lado positivo por ter perdido um p\u00eanalti na partida desta quarta-feira contra a Pol\u00f4nia, vencida pela Argentina por 2 a 0, apesar de n\u00e3o ter escondido a irrita\u00e7\u00e3o com o erro na cobran\u00e7a. De acordo com o craque, o lance fez com que a &#8216;Albiceleste&#8217; acordasse no jogo ... Leia mais","og_url":"https:\/\/pre.efe.com\/pt-br\/esportes\/2022-12-01\/messi-diz-que-argentina-se-fortaleceu-apos-ele-perder-penalti\/","og_site_name":"EFE Noticias","article_publisher":"https:\/\/www.facebook.com\/AgenciaEFEnoticias\/","article_published_time":"2022-12-01T02:16:53+00:00","article_modified_time":"2022-12-01T02:16:54+00:00","og_image":[{"width":900,"height":561,"url":"https:\/\/i0.wp.com\/efe.com\/\/srv\/htdocs\/wp-content\/uploads\/2022\/12\/MESSI_.jpg?fit=900%2C561&ssl=1","type":"image\/jpeg"}],"author":"anachain","twitter_card":"summary_large_image","twitter_creator":"@efenoticias","twitter_site":"@efenoticias","schema":{"@context":"https:\/\/schema.org","@graph":[{"@type":"NewsArticle","@id":"https:\/\/pre.efe.com\/pt-br\/esportes\/2022-12-01\/messi-diz-que-argentina-se-fortaleceu-apos-ele-perder-penalti\/#article","isPartOf":{"@id":"https:\/\/pre.efe.com\/pt-br\/esportes\/2022-12-01\/messi-diz-que-argentina-se-fortaleceu-apos-ele-perder-penalti\/"},"author":{"name":"anachain","@id":"https:\/\/pre.efe.com\/pt-br\/#\/schema\/person\/b19f23f210db552768f68a4b552b004f"},"headline":"Messi diz que Argentina se &#8220;fortaleceu&#8221; ap\u00f3s ele perder p\u00eanalti","datePublished":"2022-12-01T02:16:53+00:00","dateModified":"2022-12-01T02:16:54+00:00","mainEntityOfPage":{"@id":"https:\/\/pre.efe.com\/pt-br\/esportes\/2022-12-01\/messi-diz-que-argentina-se-fortaleceu-apos-ele-perder-penalti\/"},"wordCount":244,"publisher":{"@id":"https:\/\/pre.efe.com\/pt-br\/#organization"},"image":{"@id":"https:\/\/pre.efe.com\/pt-br\/esportes\/2022-12-01\/messi-diz-que-argentina-se-fortaleceu-apos-ele-perder-penalti\/#primaryimage"},"thumbnailUrl":"https:\/\/pre.efe.com\/wp-content\/uploads\/2022\/12\/MESSI_.jpg","keywords":["Argentina","Copa do Mundo","Futebol","Qatar"],"articleSection":["Esportes"],"inLanguage":"pt-BR","copyrightYear":"2022","copyrightHolder":{"@id":"https:\/\/pre.efe.com\/#organization"}},{"@type":["WebPage","ItemPage"],"@id":"https:\/\/pre.efe.com\/pt-br\/esportes\/2022-12-01\/messi-diz-que-argentina-se-fortaleceu-apos-ele-perder-penalti\/","url":"https:\/\/pre.efe.com\/pt-br\/esportes\/2022-12-01\/messi-diz-que-argentina-se-fortaleceu-apos-ele-perder-penalti\/","name":"Messi diz que Argentina se \"fortaleceu\" ap\u00f3s ele perder p\u00eanalti - EFE","isPartOf":{"@id":"https:\/\/pre.efe.com\/pt-br\/#website"},"primaryImageOfPage":{"@id":"https:\/\/pre.efe.com\/pt-br\/esportes\/2022-12-01\/messi-diz-que-argentina-se-fortaleceu-apos-ele-perder-penalti\/#primaryimage"},"image":{"@id":"https:\/\/pre.efe.com\/pt-br\/esportes\/2022-12-01\/messi-diz-que-argentina-se-fortaleceu-apos-ele-perder-penalti\/#primaryimage"},"thumbnailUrl":"https:\/\/pre.efe.com\/wp-content\/uploads\/2022\/12\/MESSI_.jpg","datePublished":"2022-12-01T02:16:53+00:00","dateModified":"2022-12-01T02:16:54+00:00","breadcrumb":{"@id":"https:\/\/pre.efe.com\/pt-br\/esportes\/2022-12-01\/messi-diz-que-argentina-se-fortaleceu-apos-ele-perder-penalti\/#breadcrumb"},"inLanguage":"pt-BR","potentialAction":[{"@type":"ReadAction","target":["https:\/\/pre.efe.com\/pt-br\/esportes\/2022-12-01\/messi-diz-que-argentina-se-fortaleceu-apos-ele-perder-penalti\/"]}]},{"@type":"ImageObject","inLanguage":"pt-BR","@id":"https:\/\/pre.efe.com\/pt-br\/esportes\/2022-12-01\/messi-diz-que-argentina-se-fortaleceu-apos-ele-perder-penalti\/#primaryimage","url":"https:\/\/pre.efe.com\/wp-content\/uploads\/2022\/12\/MESSI_.jpg","contentUrl":"https:\/\/pre.efe.com\/wp-content\/uploads\/2022\/12\/MESSI_.jpg","width":900,"height":561,"caption":"Lionel Messi durante a partida contra a Pol\u00f4nia. EFE\/Juan Ignacio Roncoroni"},{"@type":"BreadcrumbList","@id":"https:\/\/pre.efe.com\/pt-br\/esportes\/2022-12-01\/messi-diz-que-argentina-se-fortaleceu-apos-ele-perder-penalti\/#breadcrumb","itemListElement":[{"@type":"ListItem","position":1,"name":"Portada","item":"https:\/\/pre.efe.com\/pt-br\/"},{"@type":"ListItem","position":2,"name":"Messi diz que Argentina se &#8220;fortaleceu&#8221; ap\u00f3s ele perder p\u00eanalti"}]},{"@type":"WebSite","@id":"https:\/\/pre.efe.com\/pt-br\/#website","url":"https:\/\/pre.efe.com\/pt-br\/","name":"EFE Noticias","description":"","publisher":{"@id":"https:\/\/pre.efe.com\/pt-br\/#organization"},"potentialAction":[{"@type":"SearchAction","target":{"@type":"EntryPoint","urlTemplate":"https:\/\/pre.efe.com\/pt-br\/?s={search_term_string}"},"query-input":{"@type":"PropertyValueSpecification","valueRequired":true,"valueName":"search_term_string"}}],"inLanguage":"pt-BR"},{"@type":"Organization","@id":"https:\/\/pre.efe.com\/pt-br\/#organization","name":"Agencia EFE","url":"https:\/\/pre.efe.com\/pt-br\/","logo":{"@type":"ImageObject","inLanguage":"pt-BR","@id":"https:\/\/pre.efe.com\/pt-br\/#\/schema\/logo\/image\/","url":"https:\/\/pre.efe.com\/wp-content\/uploads\/2023\/06\/logo-efe-467.png","contentUrl":"https:\/\/pre.efe.com\/wp-content\/uploads\/2023\/06\/logo-efe-467.png","width":467,"height":467,"caption":"Agencia EFE"},"image":{"@id":"https:\/\/pre.efe.com\/pt-br\/#\/schema\/logo\/image\/"},"sameAs":["https:\/\/www.facebook.com\/AgenciaEFEnoticias\/","https:\/\/x.com\/efenoticias","https:\/\/www.instagram.com\/efe_noticias\/","http:\/\/www.youtube.com\/efe"]},{"@type":"Person","@id":"https:\/\/pre.efe.com\/pt-br\/#\/schema\/person\/b19f23f210db552768f68a4b552b004f","name":"anachain","image":{"@type":"ImageObject","inLanguage":"pt-BR","@id":"https:\/\/secure.gravatar.com\/avatar\/30b83965911ef1108bb893c00bdd65c885f9890e1265ee04b02c3d5adc785d37?s=96&d=identicon&r=g","url":"https:\/\/secure.gravatar.com\/avatar\/30b83965911ef1108bb893c00bdd65c885f9890e1265ee04b02c3d5adc785d37?s=96&d=identicon&r=g","contentUrl":"https:\/\/secure.gravatar.com\/avatar\/30b83965911ef1108bb893c00bdd65c885f9890e1265ee04b02c3d5adc785d37?s=96&d=identicon&r=g","caption":"anachain"},"url":"https:\/\/pre.efe.com\/pt-br\/autor\/anachain\/"}]}},"jetpack_featured_media_url":"https:\/\/pre.efe.com\/wp-content\/uploads\/2022\/12\/MESSI_.jpg","jetpack_shortlink":"https:\/\/wp.me\/peJvHm-OdN","jetpack_sharing_enabled":true,"_links":{"self":[{"href":"https:\/\/pre.efe.com\/pt-br\/wp-json\/wp\/v2\/posts\/193055","targetHints":{"allow":["GET"]}}],"collection":[{"href":"https:\/\/pre.efe.com\/pt-br\/wp-json\/wp\/v2\/posts"}],"about":[{"href":"https:\/\/pre.efe.com\/pt-br\/wp-json\/wp\/v2\/types\/post"}],"author":[{"embeddable":true,"href":"https:\/\/pre.efe.com\/pt-br\/wp-json\/wp\/v2\/users\/198164106"}],"replies":[{"embeddable":true,"href":"https:\/\/pre.efe.com\/pt-br\/wp-json\/wp\/v2\/comments?post=193055"}],"version-history":[{"count":2,"href":"https:\/\/pre.efe.com\/pt-br\/wp-json\/wp\/v2\/posts\/193055\/revisions"}],"predecessor-version":[{"id":193060,"href":"https:\/\/pre.efe.com\/pt-br\/wp-json\/wp\/v2\/posts\/193055\/revisions\/193060"}],"wp:featuredmedia":[{"embeddable":true,"href":"https:\/\/pre.efe.com\/pt-br\/wp-json\/wp\/v2\/media\/193057"}],"wp:attachment":[{"href":"https:\/\/pre.efe.com\/pt-br\/wp-json\/wp\/v2\/media?parent=193055"}],"wp:term":[{"taxonomy":"category","embeddable":true,"href":"https:\/\/pre.efe.com\/pt-br\/wp-json\/wp\/v2\/categories?post=193055"},{"taxonomy":"post_tag","embeddable":true,"href":"https:\/\/pre.efe.com\/pt-br\/wp-json\/wp\/v2\/tags?post=193055"}],"curies":[{"name":"wp","href":"https:\/\/api.w.org\/{rel}","templated":true}]}}