{"id":1938240,"date":"2025-06-10T21:17:43","date_gmt":"2025-06-10T19:17:43","guid":{"rendered":"https:\/\/pre.efe.com\/?p=1938240"},"modified":"2025-06-10T21:17:49","modified_gmt":"2025-06-10T19:17:49","slug":"abbas-pede-desarmamento-do-hamas-e-envio-de-forca-internacional-a-gaza-para-cessar-fogo","status":"publish","type":"post","link":"https:\/\/pre.efe.com\/pt-br\/mundo-2\/2025-06-10\/abbas-pede-desarmamento-do-hamas-e-envio-de-forca-internacional-a-gaza-para-cessar-fogo\/","title":{"rendered":"Abbas pede desarmamento do Hamas e envio de for\u00e7a internacional a Gaza para cessar-fogo"},"content":{"rendered":"\n<p>Paris (EFE).- O presidente da Autoridade Nacional Palestina (ANP), Mahmoud Abbas, quer que o Hamas entregue as armas e que uma for\u00e7a \u00e1rabe e internacional seja enviada a Gaza com um mandato das Na\u00e7\u00f5es Unidas para garantir um cessar-fogo permanente.<\/p>\n\n\n\n<p>Em uma carta aos co-presidentes da confer\u00eancia de Nova York sobre o Oriente M\u00e9dio, que acontece na pr\u00f3xima semana, Abbas tamb\u00e9m condena os ataques do Hamas de outubro de 2023 como &#8220;inaceit\u00e1veis \u200b\u200be conden\u00e1veis&#8221;.<\/p>\n\n\n\n<p>Portanto, o presidente da ANP afirma que &#8220;o Hamas deve libertar imediatamente todos os ref\u00e9ns e prisioneiros&#8221;, afirma a carta, cujos trechos foram divulgados na ter\u00e7a-feira pelo Pal\u00e1cio do Eliseu.<\/p>\n\n\n\n<p>&#8220;O Estado da Palestina est\u00e1 disposto a assumir a responsabilidade exclusiva pela governan\u00e7a e seguran\u00e7a na Faixa de Gaza com apoio \u00e1rabe e internacional&#8221;, afirma.<\/p>\n\n\n\n<p>&#8220;O Hamas deve deixar de controlar Gaza e entregar suas armas e capacidades militares \u00e0s For\u00e7as de Seguran\u00e7a Palestinas, que supervisionar\u00e3o sua retirada dos territ\u00f3rios palestinos ocupados&#8221;, acrescentou.<\/p>\n\n\n\n<p>Tamb\u00e9m afirmou que a Palestina &#8220;est\u00e1 pronta para convidar for\u00e7as \u00e1rabes e internacionais para se mobilizarem como parte de uma miss\u00e3o de estabiliza\u00e7\u00e3o\/prote\u00e7\u00e3o ordenada pelo Conselho de Seguran\u00e7a&#8221; da ONU.<\/p>\n\n\n\n<p>Sua miss\u00e3o seria &#8220;apoiar nossas for\u00e7as de seguran\u00e7a, fornecer prote\u00e7\u00e3o ao povo palestino, garantir que todos respeitem um cessar-fogo permanente e garantir a seguran\u00e7a de todas as partes&#8221;, explicou Abbas.<\/p>\n\n\n\n<p>O presidente da ANP enfatizou que eles est\u00e3o &#8220;prontos para concluir, dentro de um prazo claro e vinculativo, e com apoio, supervis\u00e3o e garantias internacionais, um acordo de paz que ponha fim \u00e0 ocupa\u00e7\u00e3o israelense e resolva todas as quest\u00f5es pendentes e o status final&#8221;.<\/p>\n\n\n\n<p>O objetivo \u00e9 &#8220;alcan\u00e7ar uma paz justa e duradoura, baseada nas resolu\u00e7\u00f5es relevantes das Na\u00e7\u00f5es Unidas, nos Termos de Refer\u00eancia de Madri, incluindo o acordo Terra por Paz, e na Iniciativa \u00c1rabe de Paz&#8221;.<\/p>\n\n\n\n<p>Abbas afirma que o Estado palestino &#8220;deve ser o \u00fanico provedor de seguran\u00e7a em seu territ\u00f3rio, mas n\u00e3o tem inten\u00e7\u00e3o de ser um Estado militarizado&#8221; e, portanto, &#8220;est\u00e1 disposto a trabalhar em acordos de seguran\u00e7a ben\u00e9ficos para todas as partes, respeitando plenamente sua soberania&#8221;.<\/p>\n\n\n\n<p>A confer\u00eancia internacional para promover a solu\u00e7\u00e3o de dois Estados est\u00e1 agendada para os dias 17 e 20 deste m\u00eas em Nova York, com o objetivo de promover o reconhecimento m\u00fatuo de Palestina&nbsp;e Israel no Oriente M\u00e9dio, juntamente com outros compromissos que permitam o progresso rumo \u00e0 paz na regi\u00e3o. EFE<\/p>\n","protected":false},"excerpt":{"rendered":"<p>Paris (EFE).- O presidente da Autoridade Nacional Palestina (ANP), Mahmoud Abbas, quer que o Hamas entregue as armas e que uma for\u00e7a \u00e1rabe e internacional seja enviada a Gaza com um mandato das Na\u00e7\u00f5es Unidas para garantir um cessar-fogo permanente. Em uma carta aos co-presidentes da confer\u00eancia de Nova York sobre o Oriente M\u00e9dio, que &#8230; <a title=\"Abbas pede desarmamento do Hamas e envio de for\u00e7a internacional a Gaza para cessar-fogo\" class=\"read-more\" href=\"https:\/\/pre.efe.com\/pt-br\/mundo-2\/2025-06-10\/abbas-pede-desarmamento-do-hamas-e-envio-de-forca-internacional-a-gaza-para-cessar-fogo\/\" aria-label=\"Read more about Abbas pede desarmamento do Hamas e envio de for\u00e7a internacional a Gaza para cessar-fogo\">Leia mais<\/a><\/p>\n","protected":false},"author":198164106,"featured_media":1831277,"comment_status":"closed","ping_status":"closed","sticky":false,"template":"","format":"standard","meta":{"_acf_changed":false,"_jetpack_memberships_contains_paid_content":false,"footnotes":""},"categories":[123208,122141],"tags":[122791,125226],"class_list":["post-1938240","post","type-post","status-publish","format-standard","has-post-thumbnail","hentry","category-mundo-2","category-portada","tag-guerra-2","tag-israel","generate-columns","tablet-grid-50","mobile-grid-100","grid-parent","grid-50"],"acf":[],"yoast_head":"<!-- This site is optimized with the Yoast SEO Premium plugin v26.0 (Yoast SEO v27.4) - https:\/\/yoast.com\/product\/yoast-seo-premium-wordpress\/ -->\n<title>Abbas pede desarmamento do Hamas e envio de for\u00e7a internacional a Gaza para cessar-fogo - EFE<\/title>\n<meta name=\"robots\" content=\"noindex, follow\" \/>\n<meta property=\"og:locale\" content=\"pt_BR\" \/>\n<meta property=\"og:type\" content=\"article\" \/>\n<meta property=\"og:title\" content=\"Abbas pede desarmamento do Hamas e envio de for\u00e7a internacional a Gaza para cessar-fogo - EFE\" \/>\n<meta property=\"og:description\" content=\"Paris (EFE).- O presidente da Autoridade Nacional Palestina (ANP), Mahmoud Abbas, quer que o Hamas entregue as armas e que uma for\u00e7a \u00e1rabe e internacional seja enviada a Gaza com um mandato das Na\u00e7\u00f5es Unidas para garantir um cessar-fogo permanente. Em uma carta aos co-presidentes da confer\u00eancia de Nova York sobre o Oriente M\u00e9dio, que ... Leia mais\" \/>\n<meta property=\"og:url\" content=\"https:\/\/pre.efe.com\/pt-br\/mundo-2\/2025-06-10\/abbas-pede-desarmamento-do-hamas-e-envio-de-forca-internacional-a-gaza-para-cessar-fogo\/\" \/>\n<meta property=\"og:site_name\" content=\"EFE Noticias\" \/>\n<meta property=\"article:publisher\" content=\"https:\/\/www.facebook.com\/AgenciaEFEnoticias\/\" \/>\n<meta property=\"article:published_time\" content=\"2025-06-10T19:17:43+00:00\" \/>\n<meta property=\"article:modified_time\" content=\"2025-06-10T19:17:49+00:00\" \/>\n<meta property=\"og:image\" content=\"https:\/\/pre.efe.com\/wp-content\/uploads\/2025\/04\/liga-arabe.webp\" \/>\n\t<meta property=\"og:image:width\" content=\"900\" \/>\n\t<meta property=\"og:image:height\" content=\"609\" \/>\n\t<meta property=\"og:image:type\" content=\"image\/jpeg\" \/>\n<meta name=\"author\" content=\"anachain\" \/>\n<meta name=\"twitter:card\" content=\"summary_large_image\" \/>\n<meta name=\"twitter:creator\" content=\"@efenoticias\" \/>\n<meta name=\"twitter:site\" content=\"@efenoticias\" \/>\n<script type=\"application\/ld+json\" class=\"yoast-schema-graph\">{\"@context\":\"https:\\\/\\\/schema.org\",\"@graph\":[{\"@type\":\"NewsArticle\",\"@id\":\"https:\\\/\\\/pre.efe.com\\\/pt-br\\\/mundo-2\\\/2025-06-10\\\/abbas-pede-desarmamento-do-hamas-e-envio-de-forca-internacional-a-gaza-para-cessar-fogo\\\/#article\",\"isPartOf\":{\"@id\":\"https:\\\/\\\/pre.efe.com\\\/pt-br\\\/mundo-2\\\/2025-06-10\\\/abbas-pede-desarmamento-do-hamas-e-envio-de-forca-internacional-a-gaza-para-cessar-fogo\\\/\"},\"author\":{\"name\":\"anachain\",\"@id\":\"https:\\\/\\\/pre.efe.com\\\/pt-br\\\/#\\\/schema\\\/person\\\/b19f23f210db552768f68a4b552b004f\"},\"headline\":\"Abbas pede desarmamento do Hamas e envio de for\u00e7a internacional a Gaza para cessar-fogo\",\"datePublished\":\"2025-06-10T19:17:43+00:00\",\"dateModified\":\"2025-06-10T19:17:49+00:00\",\"mainEntityOfPage\":{\"@id\":\"https:\\\/\\\/pre.efe.com\\\/pt-br\\\/mundo-2\\\/2025-06-10\\\/abbas-pede-desarmamento-do-hamas-e-envio-de-forca-internacional-a-gaza-para-cessar-fogo\\\/\"},\"wordCount\":452,\"publisher\":{\"@id\":\"https:\\\/\\\/pre.efe.com\\\/pt-br\\\/#organization\"},\"image\":{\"@id\":\"https:\\\/\\\/pre.efe.com\\\/pt-br\\\/mundo-2\\\/2025-06-10\\\/abbas-pede-desarmamento-do-hamas-e-envio-de-forca-internacional-a-gaza-para-cessar-fogo\\\/#primaryimage\"},\"thumbnailUrl\":\"https:\\\/\\\/pre.efe.com\\\/wp-content\\\/uploads\\\/2025\\\/04\\\/liga-arabe.webp\",\"keywords\":[\"Guerra\",\"Israel\"],\"articleSection\":[\"Mundo\",\"Portada\"],\"inLanguage\":\"pt-BR\",\"copyrightYear\":\"2025\",\"copyrightHolder\":{\"@id\":\"https:\\\/\\\/pre.efe.com\\\/#organization\"}},{\"@type\":[\"WebPage\",\"ItemPage\"],\"@id\":\"https:\\\/\\\/pre.efe.com\\\/pt-br\\\/mundo-2\\\/2025-06-10\\\/abbas-pede-desarmamento-do-hamas-e-envio-de-forca-internacional-a-gaza-para-cessar-fogo\\\/\",\"url\":\"https:\\\/\\\/pre.efe.com\\\/pt-br\\\/mundo-2\\\/2025-06-10\\\/abbas-pede-desarmamento-do-hamas-e-envio-de-forca-internacional-a-gaza-para-cessar-fogo\\\/\",\"name\":\"Abbas pede desarmamento do Hamas e envio de for\u00e7a internacional a Gaza para cessar-fogo - EFE\",\"isPartOf\":{\"@id\":\"https:\\\/\\\/pre.efe.com\\\/pt-br\\\/#website\"},\"primaryImageOfPage\":{\"@id\":\"https:\\\/\\\/pre.efe.com\\\/pt-br\\\/mundo-2\\\/2025-06-10\\\/abbas-pede-desarmamento-do-hamas-e-envio-de-forca-internacional-a-gaza-para-cessar-fogo\\\/#primaryimage\"},\"image\":{\"@id\":\"https:\\\/\\\/pre.efe.com\\\/pt-br\\\/mundo-2\\\/2025-06-10\\\/abbas-pede-desarmamento-do-hamas-e-envio-de-forca-internacional-a-gaza-para-cessar-fogo\\\/#primaryimage\"},\"thumbnailUrl\":\"https:\\\/\\\/pre.efe.com\\\/wp-content\\\/uploads\\\/2025\\\/04\\\/liga-arabe.webp\",\"datePublished\":\"2025-06-10T19:17:43+00:00\",\"dateModified\":\"2025-06-10T19:17:49+00:00\",\"breadcrumb\":{\"@id\":\"https:\\\/\\\/pre.efe.com\\\/pt-br\\\/mundo-2\\\/2025-06-10\\\/abbas-pede-desarmamento-do-hamas-e-envio-de-forca-internacional-a-gaza-para-cessar-fogo\\\/#breadcrumb\"},\"inLanguage\":\"pt-BR\",\"potentialAction\":[{\"@type\":\"ReadAction\",\"target\":[\"https:\\\/\\\/pre.efe.com\\\/pt-br\\\/mundo-2\\\/2025-06-10\\\/abbas-pede-desarmamento-do-hamas-e-envio-de-forca-internacional-a-gaza-para-cessar-fogo\\\/\"]}]},{\"@type\":\"ImageObject\",\"inLanguage\":\"pt-BR\",\"@id\":\"https:\\\/\\\/pre.efe.com\\\/pt-br\\\/mundo-2\\\/2025-06-10\\\/abbas-pede-desarmamento-do-hamas-e-envio-de-forca-internacional-a-gaza-para-cessar-fogo\\\/#primaryimage\",\"url\":\"https:\\\/\\\/pre.efe.com\\\/wp-content\\\/uploads\\\/2025\\\/04\\\/liga-arabe.webp\",\"contentUrl\":\"https:\\\/\\\/pre.efe.com\\\/wp-content\\\/uploads\\\/2025\\\/04\\\/liga-arabe.webp\",\"width\":900,\"height\":609,\"caption\":\"Mahmoud Abbas. EFE\\\/Arquivo\\\/NECATI SAVAS\"},{\"@type\":\"BreadcrumbList\",\"@id\":\"https:\\\/\\\/pre.efe.com\\\/pt-br\\\/mundo-2\\\/2025-06-10\\\/abbas-pede-desarmamento-do-hamas-e-envio-de-forca-internacional-a-gaza-para-cessar-fogo\\\/#breadcrumb\",\"itemListElement\":[{\"@type\":\"ListItem\",\"position\":1,\"name\":\"Portada\",\"item\":\"https:\\\/\\\/pre.efe.com\\\/pt-br\\\/\"},{\"@type\":\"ListItem\",\"position\":2,\"name\":\"Abbas pede desarmamento do Hamas e envio de for\u00e7a internacional a Gaza para cessar-fogo\"}]},{\"@type\":\"WebSite\",\"@id\":\"https:\\\/\\\/pre.efe.com\\\/pt-br\\\/#website\",\"url\":\"https:\\\/\\\/pre.efe.com\\\/pt-br\\\/\",\"name\":\"EFE Noticias\",\"description\":\"\",\"publisher\":{\"@id\":\"https:\\\/\\\/pre.efe.com\\\/pt-br\\\/#organization\"},\"potentialAction\":[{\"@type\":\"SearchAction\",\"target\":{\"@type\":\"EntryPoint\",\"urlTemplate\":\"https:\\\/\\\/pre.efe.com\\\/pt-br\\\/?s={search_term_string}\"},\"query-input\":{\"@type\":\"PropertyValueSpecification\",\"valueRequired\":true,\"valueName\":\"search_term_string\"}}],\"inLanguage\":\"pt-BR\"},{\"@type\":\"Organization\",\"@id\":\"https:\\\/\\\/pre.efe.com\\\/pt-br\\\/#organization\",\"name\":\"Agencia EFE\",\"url\":\"https:\\\/\\\/pre.efe.com\\\/pt-br\\\/\",\"logo\":{\"@type\":\"ImageObject\",\"inLanguage\":\"pt-BR\",\"@id\":\"https:\\\/\\\/pre.efe.com\\\/pt-br\\\/#\\\/schema\\\/logo\\\/image\\\/\",\"url\":\"https:\\\/\\\/pre.efe.com\\\/wp-content\\\/uploads\\\/2023\\\/06\\\/logo-efe-467.png\",\"contentUrl\":\"https:\\\/\\\/pre.efe.com\\\/wp-content\\\/uploads\\\/2023\\\/06\\\/logo-efe-467.png\",\"width\":467,\"height\":467,\"caption\":\"Agencia EFE\"},\"image\":{\"@id\":\"https:\\\/\\\/pre.efe.com\\\/pt-br\\\/#\\\/schema\\\/logo\\\/image\\\/\"},\"sameAs\":[\"https:\\\/\\\/www.facebook.com\\\/AgenciaEFEnoticias\\\/\",\"https:\\\/\\\/x.com\\\/efenoticias\",\"https:\\\/\\\/www.instagram.com\\\/efe_noticias\\\/\",\"http:\\\/\\\/www.youtube.com\\\/efe\"]},{\"@type\":\"Person\",\"@id\":\"https:\\\/\\\/pre.efe.com\\\/pt-br\\\/#\\\/schema\\\/person\\\/b19f23f210db552768f68a4b552b004f\",\"name\":\"anachain\",\"image\":{\"@type\":\"ImageObject\",\"inLanguage\":\"pt-BR\",\"@id\":\"https:\\\/\\\/secure.gravatar.com\\\/avatar\\\/30b83965911ef1108bb893c00bdd65c885f9890e1265ee04b02c3d5adc785d37?s=96&d=identicon&r=g\",\"url\":\"https:\\\/\\\/secure.gravatar.com\\\/avatar\\\/30b83965911ef1108bb893c00bdd65c885f9890e1265ee04b02c3d5adc785d37?s=96&d=identicon&r=g\",\"contentUrl\":\"https:\\\/\\\/secure.gravatar.com\\\/avatar\\\/30b83965911ef1108bb893c00bdd65c885f9890e1265ee04b02c3d5adc785d37?s=96&d=identicon&r=g\",\"caption\":\"anachain\"},\"url\":\"https:\\\/\\\/pre.efe.com\\\/pt-br\\\/autor\\\/anachain\\\/\"}]}<\/script>\n<!-- \/ Yoast SEO Premium plugin. -->","yoast_head_json":{"title":"Abbas pede desarmamento do Hamas e envio de for\u00e7a internacional a Gaza para cessar-fogo - EFE","robots":{"index":"noindex","follow":"follow"},"og_locale":"pt_BR","og_type":"article","og_title":"Abbas pede desarmamento do Hamas e envio de for\u00e7a internacional a Gaza para cessar-fogo - EFE","og_description":"Paris (EFE).- O presidente da Autoridade Nacional Palestina (ANP), Mahmoud Abbas, quer que o Hamas entregue as armas e que uma for\u00e7a \u00e1rabe e internacional seja enviada a Gaza com um mandato das Na\u00e7\u00f5es Unidas para garantir um cessar-fogo permanente. Em uma carta aos co-presidentes da confer\u00eancia de Nova York sobre o Oriente M\u00e9dio, que ... Leia mais","og_url":"https:\/\/pre.efe.com\/pt-br\/mundo-2\/2025-06-10\/abbas-pede-desarmamento-do-hamas-e-envio-de-forca-internacional-a-gaza-para-cessar-fogo\/","og_site_name":"EFE Noticias","article_publisher":"https:\/\/www.facebook.com\/AgenciaEFEnoticias\/","article_published_time":"2025-06-10T19:17:43+00:00","article_modified_time":"2025-06-10T19:17:49+00:00","og_image":[{"width":900,"height":609,"url":"https:\/\/pre.efe.com\/wp-content\/uploads\/2025\/04\/liga-arabe.webp","type":"image\/jpeg"}],"author":"anachain","twitter_card":"summary_large_image","twitter_creator":"@efenoticias","twitter_site":"@efenoticias","schema":{"@context":"https:\/\/schema.org","@graph":[{"@type":"NewsArticle","@id":"https:\/\/pre.efe.com\/pt-br\/mundo-2\/2025-06-10\/abbas-pede-desarmamento-do-hamas-e-envio-de-forca-internacional-a-gaza-para-cessar-fogo\/#article","isPartOf":{"@id":"https:\/\/pre.efe.com\/pt-br\/mundo-2\/2025-06-10\/abbas-pede-desarmamento-do-hamas-e-envio-de-forca-internacional-a-gaza-para-cessar-fogo\/"},"author":{"name":"anachain","@id":"https:\/\/pre.efe.com\/pt-br\/#\/schema\/person\/b19f23f210db552768f68a4b552b004f"},"headline":"Abbas pede desarmamento do Hamas e envio de for\u00e7a internacional a Gaza para cessar-fogo","datePublished":"2025-06-10T19:17:43+00:00","dateModified":"2025-06-10T19:17:49+00:00","mainEntityOfPage":{"@id":"https:\/\/pre.efe.com\/pt-br\/mundo-2\/2025-06-10\/abbas-pede-desarmamento-do-hamas-e-envio-de-forca-internacional-a-gaza-para-cessar-fogo\/"},"wordCount":452,"publisher":{"@id":"https:\/\/pre.efe.com\/pt-br\/#organization"},"image":{"@id":"https:\/\/pre.efe.com\/pt-br\/mundo-2\/2025-06-10\/abbas-pede-desarmamento-do-hamas-e-envio-de-forca-internacional-a-gaza-para-cessar-fogo\/#primaryimage"},"thumbnailUrl":"https:\/\/pre.efe.com\/wp-content\/uploads\/2025\/04\/liga-arabe.webp","keywords":["Guerra","Israel"],"articleSection":["Mundo","Portada"],"inLanguage":"pt-BR","copyrightYear":"2025","copyrightHolder":{"@id":"https:\/\/pre.efe.com\/#organization"}},{"@type":["WebPage","ItemPage"],"@id":"https:\/\/pre.efe.com\/pt-br\/mundo-2\/2025-06-10\/abbas-pede-desarmamento-do-hamas-e-envio-de-forca-internacional-a-gaza-para-cessar-fogo\/","url":"https:\/\/pre.efe.com\/pt-br\/mundo-2\/2025-06-10\/abbas-pede-desarmamento-do-hamas-e-envio-de-forca-internacional-a-gaza-para-cessar-fogo\/","name":"Abbas pede desarmamento do Hamas e envio de for\u00e7a internacional a Gaza para cessar-fogo - EFE","isPartOf":{"@id":"https:\/\/pre.efe.com\/pt-br\/#website"},"primaryImageOfPage":{"@id":"https:\/\/pre.efe.com\/pt-br\/mundo-2\/2025-06-10\/abbas-pede-desarmamento-do-hamas-e-envio-de-forca-internacional-a-gaza-para-cessar-fogo\/#primaryimage"},"image":{"@id":"https:\/\/pre.efe.com\/pt-br\/mundo-2\/2025-06-10\/abbas-pede-desarmamento-do-hamas-e-envio-de-forca-internacional-a-gaza-para-cessar-fogo\/#primaryimage"},"thumbnailUrl":"https:\/\/pre.efe.com\/wp-content\/uploads\/2025\/04\/liga-arabe.webp","datePublished":"2025-06-10T19:17:43+00:00","dateModified":"2025-06-10T19:17:49+00:00","breadcrumb":{"@id":"https:\/\/pre.efe.com\/pt-br\/mundo-2\/2025-06-10\/abbas-pede-desarmamento-do-hamas-e-envio-de-forca-internacional-a-gaza-para-cessar-fogo\/#breadcrumb"},"inLanguage":"pt-BR","potentialAction":[{"@type":"ReadAction","target":["https:\/\/pre.efe.com\/pt-br\/mundo-2\/2025-06-10\/abbas-pede-desarmamento-do-hamas-e-envio-de-forca-internacional-a-gaza-para-cessar-fogo\/"]}]},{"@type":"ImageObject","inLanguage":"pt-BR","@id":"https:\/\/pre.efe.com\/pt-br\/mundo-2\/2025-06-10\/abbas-pede-desarmamento-do-hamas-e-envio-de-forca-internacional-a-gaza-para-cessar-fogo\/#primaryimage","url":"https:\/\/pre.efe.com\/wp-content\/uploads\/2025\/04\/liga-arabe.webp","contentUrl":"https:\/\/pre.efe.com\/wp-content\/uploads\/2025\/04\/liga-arabe.webp","width":900,"height":609,"caption":"Mahmoud Abbas. EFE\/Arquivo\/NECATI SAVAS"},{"@type":"BreadcrumbList","@id":"https:\/\/pre.efe.com\/pt-br\/mundo-2\/2025-06-10\/abbas-pede-desarmamento-do-hamas-e-envio-de-forca-internacional-a-gaza-para-cessar-fogo\/#breadcrumb","itemListElement":[{"@type":"ListItem","position":1,"name":"Portada","item":"https:\/\/pre.efe.com\/pt-br\/"},{"@type":"ListItem","position":2,"name":"Abbas pede desarmamento do Hamas e envio de for\u00e7a internacional a Gaza para cessar-fogo"}]},{"@type":"WebSite","@id":"https:\/\/pre.efe.com\/pt-br\/#website","url":"https:\/\/pre.efe.com\/pt-br\/","name":"EFE Noticias","description":"","publisher":{"@id":"https:\/\/pre.efe.com\/pt-br\/#organization"},"potentialAction":[{"@type":"SearchAction","target":{"@type":"EntryPoint","urlTemplate":"https:\/\/pre.efe.com\/pt-br\/?s={search_term_string}"},"query-input":{"@type":"PropertyValueSpecification","valueRequired":true,"valueName":"search_term_string"}}],"inLanguage":"pt-BR"},{"@type":"Organization","@id":"https:\/\/pre.efe.com\/pt-br\/#organization","name":"Agencia EFE","url":"https:\/\/pre.efe.com\/pt-br\/","logo":{"@type":"ImageObject","inLanguage":"pt-BR","@id":"https:\/\/pre.efe.com\/pt-br\/#\/schema\/logo\/image\/","url":"https:\/\/pre.efe.com\/wp-content\/uploads\/2023\/06\/logo-efe-467.png","contentUrl":"https:\/\/pre.efe.com\/wp-content\/uploads\/2023\/06\/logo-efe-467.png","width":467,"height":467,"caption":"Agencia EFE"},"image":{"@id":"https:\/\/pre.efe.com\/pt-br\/#\/schema\/logo\/image\/"},"sameAs":["https:\/\/www.facebook.com\/AgenciaEFEnoticias\/","https:\/\/x.com\/efenoticias","https:\/\/www.instagram.com\/efe_noticias\/","http:\/\/www.youtube.com\/efe"]},{"@type":"Person","@id":"https:\/\/pre.efe.com\/pt-br\/#\/schema\/person\/b19f23f210db552768f68a4b552b004f","name":"anachain","image":{"@type":"ImageObject","inLanguage":"pt-BR","@id":"https:\/\/secure.gravatar.com\/avatar\/30b83965911ef1108bb893c00bdd65c885f9890e1265ee04b02c3d5adc785d37?s=96&d=identicon&r=g","url":"https:\/\/secure.gravatar.com\/avatar\/30b83965911ef1108bb893c00bdd65c885f9890e1265ee04b02c3d5adc785d37?s=96&d=identicon&r=g","contentUrl":"https:\/\/secure.gravatar.com\/avatar\/30b83965911ef1108bb893c00bdd65c885f9890e1265ee04b02c3d5adc785d37?s=96&d=identicon&r=g","caption":"anachain"},"url":"https:\/\/pre.efe.com\/pt-br\/autor\/anachain\/"}]}},"jetpack_featured_media_url":"https:\/\/pre.efe.com\/wp-content\/uploads\/2025\/04\/liga-arabe.webp","jetpack_shortlink":"https:\/\/wp.me\/peJvHm-88dW","jetpack_sharing_enabled":true,"_links":{"self":[{"href":"https:\/\/pre.efe.com\/pt-br\/wp-json\/wp\/v2\/posts\/1938240","targetHints":{"allow":["GET"]}}],"collection":[{"href":"https:\/\/pre.efe.com\/pt-br\/wp-json\/wp\/v2\/posts"}],"about":[{"href":"https:\/\/pre.efe.com\/pt-br\/wp-json\/wp\/v2\/types\/post"}],"author":[{"embeddable":true,"href":"https:\/\/pre.efe.com\/pt-br\/wp-json\/wp\/v2\/users\/198164106"}],"replies":[{"embeddable":true,"href":"https:\/\/pre.efe.com\/pt-br\/wp-json\/wp\/v2\/comments?post=1938240"}],"version-history":[{"count":2,"href":"https:\/\/pre.efe.com\/pt-br\/wp-json\/wp\/v2\/posts\/1938240\/revisions"}],"predecessor-version":[{"id":1938250,"href":"https:\/\/pre.efe.com\/pt-br\/wp-json\/wp\/v2\/posts\/1938240\/revisions\/1938250"}],"wp:featuredmedia":[{"embeddable":true,"href":"https:\/\/pre.efe.com\/pt-br\/wp-json\/wp\/v2\/media\/1831277"}],"wp:attachment":[{"href":"https:\/\/pre.efe.com\/pt-br\/wp-json\/wp\/v2\/media?parent=1938240"}],"wp:term":[{"taxonomy":"category","embeddable":true,"href":"https:\/\/pre.efe.com\/pt-br\/wp-json\/wp\/v2\/categories?post=1938240"},{"taxonomy":"post_tag","embeddable":true,"href":"https:\/\/pre.efe.com\/pt-br\/wp-json\/wp\/v2\/tags?post=1938240"}],"curies":[{"name":"wp","href":"https:\/\/api.w.org\/{rel}","templated":true}]}}